{"id":139696,"date":"2021-06-16T18:27:47","date_gmt":"2021-06-16T16:27:47","guid":{"rendered":"https:\/\/tuzlainfo.ba\/?p=139696"},"modified":"2021-06-16T18:28:34","modified_gmt":"2021-06-16T16:28:34","slug":"ju-muzej-alija-izetbegovic-pisao-tv-n1-prvi-predsjednik-bih-nikada-nije-obecavao-zlatne-kasike","status":"publish","type":"post","link":"https:\/\/tuzlainfo.ba\/index.php\/bosna-i-hercegovina\/item\/139696-ju-muzej-alija-izetbegovic-pisao-tv-n1-prvi-predsjednik-bih-nikada-nije-obecavao-zlatne-kasike\/","title":{"rendered":"JU Muzej \u201cAlija Izetbegovi\u0107\u201d pisao TV N1: Prvi predsjednik BiH nikada nije obe\u0107avao zlatne ka\u0161ike"},"content":{"rendered":"<p>U javnosti se povremeno pojavljuje teza kako je prvi predsjednik Predsjedni\u0161tva BiH Alija Izetbegovi\u0107 obe\u0107avao borcima da \u0107e &#8220;poslije rata jesti zlatnim ka\u0161ikama&#8221;. Povodom posljednjeg takvog slu\u010daja oglasio se Muzej &#8220;Alija Izetbegovi\u0107&#8221; demantuju\u0107i ovakve tvrdnje, istovremeno poja\u0161njavaju\u0107i i kako su one nastale.<\/p>\n<p>&#8211;\u00a0JU \u201eMuzej Alija Izetbegovi\u0107\u201c je osnovan je na \u010detvrtu godi\u0161njicu smrti prvog predsjednika nezavisne Bosne i Hercegovine, 19. oktobra 2007. godine. Na\u0161 kolektiv \u010dine akademski obrazovani mladi ljudi, istinski opredijeljeni za o\u010duvanje i unapre\u0111enje dru\u0161tvene, kulturne, historijske i nau\u010dne vrijednosti Muzeja. Muzej podr\u017eava nau\u010dno-istra\u017eiva\u010dke radove studenata, te doktorske disertacije intelektualaca i nau\u010dnika, stavljaju\u0107i im na raspolaganje svoju biblioteku i historijski arhiv. Zna\u010daj Muzeja ogleda se u o\u010duvanju sje\u0107anja na lik i djelo Alije Izetbegovi\u0107a, te u afirmaciji i promociji onih univerzalnih ljudskih vrijednosti za koje se zalagao i borio.<\/p>\n<p>Osim o\u010duvanja intelektualnog naslije\u0111a prvog Predsjednika, vjerujemo da Muzej treba i da \u0161titi lik i djelo Alije Izetbegovi\u0107a. Ovo, na\u017ealost, osim afirmacije istine, ponekada podrazumijeva i demantovanje brojnih la\u017ei i kleveta koje mediji \u0161ire o prvom predsjedniku nezavisne Republike Bosne i Hercegovine. Izetbegovi\u0107, kao savremeni evropski mislilac, borac za ljudska prava i diplomata, bio je podjednako prepoznat i cijenjen i na Istoku i Zapadu, \u010demu svjedo\u010di veliki broj priznanja i nagrada koje su mu dodijeljene tokom \u017eivota. Me\u0111u njima se isti\u010du Me\u0111unarodno priznanje za demokratiju Centra za demokratiju Sjedinjenih Ameri\u010dkih Dr\u017eava (1997.), priznanje Foruma Crans Montana za razvoj demokratije (1998.), titula po\u010dasnog doktora pravnih nauka Marmara univerziteta u Istanbulu (1997.), nagrada za Islamsku li\u010dnost godine \u2013 nagrada Ujedinjenih Arapskih Emirata (2001.) i brojne druge. Njegova knji\u017eevna djela prevedena su na desetine svjetskih jezika.<\/p>\n<p>Imaju\u0107u ovo u vidu, \u017ealost nas \u010dinjenica da se ve\u0107 decenijama u bh. medijskom prostoru osim afirmacije istine o ovom velikom lideru, dr\u017eavniku i intelektualcu, \u0161ire mnogobrojne la\u017ei i klevete. U emisiji \u201cDan u\u017eivo\u201d televizije N1, tokom intervjua sa Ramizom Salki\u0107em, voditeljica Emela Burd\u017eovi\u0107 je nekoliko puta spomenula neistinu o tome kako je Izetbegovi\u0107 davao la\u017ena obe\u0107anja, me\u0111u kojima je i ono o \u201czlatnim ka\u0161ikama\u201d. Ova la\u017e je vi\u0161e puta demantirana, a na internetu se mogu na\u0107i snimke Izetbegovi\u0107evih obra\u0107anja borcima Armije R BiH u kojima govori i zastupa teze koje demantiraju la\u017e o &#8220;zlatnim ka\u0161ikama&#8221;. Porijeklo pri\u010de o \u201czlatnim ka\u0161ikama\u201d treba tra\u017eiti u istoimenoj ironi\u010dnoj anegdoti objavljenoj u \u010casopisu za dru\u0161tvena pitanja \u201cPregled\u201d (broj 7-8, juli-august 1979. godine, Sarajevo).<\/p>\n<p>Dakle, la\u017e da je Predsjednik Izetbegovi\u0107 borcima obe\u0107avao da \u0107e jesti zlatnim ka\u0161ikama nakon zavr\u0161etka rata u potpunoj je suprotnosti sa njegovim stvarnim izjavama, koje su bile iskrene i zasnivale su se na moralu, kao temeljnom ishodi\u0161tu politi\u010dkog djelovanja Alije Izetbegovi\u0107a, kao i obilje\u017eju njegovog odnosa sa narodom. U intervju koji je Alija Izetbegovi\u0107 dao Mati \u0110akovi\u0107u 23. jula 1998. godine o ovoj temi ka\u017ee: \u201eStavljali su mi mnoge izjave u usta koje nisam rekao. Ovo je najgluplja od tih. Da \u0107e ljudi, kad do\u0111e sloboda, jesti zlatnim ka\u0161ikama?! Opozicija je to podmetala jednom borcu koji je rekao da sam im ja to obe\u0107ao. Ali, ustvari je obrnuto. Ja sam uvijek pomalo iskazivao pesimizam kako \u0107e stvari te\u0107i. Na pitanje &#8220;Kako \u0107e stvari te\u0107i?&#8221;, govorio sam da idu te\u0161ki dani, te\u0161ko\u0107e i veliki problemi.\u201c<\/p>\n<p>JU Muzej \u201cAlija Izetbegovi\u0107\u201d ne\u0107e dozvoliti kaljanje ugleda i reputacije rahmetli Predsjednika Alije Izetbegovi\u0107a i ljudskih vrijednosti za koje se \u010dasno borio i zalagao tokom cijelog \u017eivota. Iz ovog razloga, obratili smo se sa zvani\u010dnim zahtjevom televiziji N1 da javno demantuje gore navedenu la\u017e. Sa nadom da kolektiv televizije N1 cijeni i po\u0161tuje li\u010dnost i djelo prvog Predsjednika nezavisne Republike Bosne i Hercegovine, te da afirmi\u0161e profesionalan pristup novinarstvu utemeljen na istra\u017eiva\u010dkom radu i poznavanju objektivnih \u010dinjenica, pozivamo ih da se ograde od gorenavedene klevete i istu demantuju, stoji u saop\u0107enju Muzeja.<\/p>\n","protected":false},"excerpt":{"rendered":"<p>U javnosti se povremeno pojavljuje teza kako je prvi predsjednik Predsjedni\u0161tva BiH Alija Izetbegovi\u0107 obe\u0107avao&hellip;<\/p>\n","protected":false},"author":2,"featured_media":58977,"comment_status":"open","ping_status":"closed","sticky":false,"template":"","format":"standard","meta":{"_acf_changed":false,"footnotes":""},"categories":[291],"tags":[550],"acf":[],"yoast_head":"<!-- This site is optimized with the Yoast SEO plugin v23.5 - https:\/\/yoast.com\/wordpress\/plugins\/seo\/ -->\n<title>JU Muzej \u201cAlija Izetbegovi\u0107\u201d pisao TV N1: Prvi predsjednik BiH nikada nije obe\u0107avao zlatne ka\u0161ike - TuzlaInfo.ba<\/title>\n<meta name=\"robots\" content=\"index, follow, max-snippet:-1, max-image-preview:large, max-video-preview:-1\" \/>\n<link rel=\"canonical\" href=\"https:\/\/tuzlainfo.ba\/index.php\/bosna-i-hercegovina\/item\/139696-ju-muzej-alija-izetbegovic-pisao-tv-n1-prvi-predsjednik-bih-nikada-nije-obecavao-zlatne-kasike\/\" \/>\n<meta property=\"og:locale\" content=\"bs_BA\" \/>\n<meta property=\"og:type\" content=\"article\" \/>\n<meta property=\"og:title\" content=\"JU Muzej \u201cAlija Izetbegovi\u0107\u201d pisao TV N1: Prvi predsjednik BiH nikada nije obe\u0107avao zlatne ka\u0161ike - TuzlaInfo.ba\" \/>\n<meta property=\"og:description\" content=\"U javnosti se povremeno pojavljuje teza kako je prvi predsjednik Predsjedni\u0161tva BiH Alija Izetbegovi\u0107 obe\u0107avao&hellip;\" \/>\n<meta property=\"og:url\" content=\"https:\/\/tuzlainfo.ba\/index.php\/bosna-i-hercegovina\/item\/139696-ju-muzej-alija-izetbegovic-pisao-tv-n1-prvi-predsjednik-bih-nikada-nije-obecavao-zlatne-kasike\/\" \/>\n<meta property=\"og:site_name\" content=\"TuzlaInfo.ba\" \/>\n<meta property=\"article:publisher\" content=\"https:\/\/www.facebook.com\/tuzlainfo.ba\/\" \/>\n<meta property=\"article:published_time\" content=\"2021-06-16T16:27:47+00:00\" \/>\n<meta property=\"article:modified_time\" content=\"2021-06-16T16:28:34+00:00\" \/>\n<meta property=\"og:image\" content=\"https:\/\/tuzlainfo.ba\/wp-content\/uploads\/2017\/10\/sadrzaj_2017_20171001_1910_alija.jpg\" \/>\n\t<meta property=\"og:image:width\" content=\"770\" \/>\n\t<meta property=\"og:image:height\" content=\"459\" \/>\n\t<meta property=\"og:image:type\" content=\"image\/jpeg\" \/>\n<meta name=\"author\" content=\"nedim\" \/>\n<meta name=\"twitter:card\" content=\"summary_large_image\" \/>\n<meta name=\"twitter:label1\" content=\"Written by\" \/>\n\t<meta name=\"twitter:data1\" content=\"nedim\" \/>\n\t<meta name=\"twitter:label2\" content=\"Est. reading time\" \/>\n\t<meta name=\"twitter:data2\" content=\"3 minute\" \/>\n<script type=\"application\/ld+json\" class=\"yoast-schema-graph\">{\"@context\":\"https:\/\/schema.org\",\"@graph\":[{\"@type\":\"Article\",\"@id\":\"https:\/\/tuzlainfo.ba\/index.php\/bosna-i-hercegovina\/item\/139696-ju-muzej-alija-izetbegovic-pisao-tv-n1-prvi-predsjednik-bih-nikada-nije-obecavao-zlatne-kasike\/#article\",\"isPartOf\":{\"@id\":\"https:\/\/tuzlainfo.ba\/index.php\/bosna-i-hercegovina\/item\/139696-ju-muzej-alija-izetbegovic-pisao-tv-n1-prvi-predsjednik-bih-nikada-nije-obecavao-zlatne-kasike\/\"},\"author\":{\"name\":\"nedim\",\"@id\":\"https:\/\/tuzlainfo.ba\/#\/schema\/person\/f434e20dc27ea133923aab08451b7f7f\"},\"headline\":\"JU Muzej \u201cAlija Izetbegovi\u0107\u201d pisao TV N1: Prvi predsjednik BiH nikada nije obe\u0107avao zlatne ka\u0161ike\",\"datePublished\":\"2021-06-16T16:27:47+00:00\",\"dateModified\":\"2021-06-16T16:28:34+00:00\",\"mainEntityOfPage\":{\"@id\":\"https:\/\/tuzlainfo.ba\/index.php\/bosna-i-hercegovina\/item\/139696-ju-muzej-alija-izetbegovic-pisao-tv-n1-prvi-predsjednik-bih-nikada-nije-obecavao-zlatne-kasike\/\"},\"wordCount\":700,\"commentCount\":0,\"publisher\":{\"@id\":\"https:\/\/tuzlainfo.ba\/#organization\"},\"image\":{\"@id\":\"https:\/\/tuzlainfo.ba\/index.php\/bosna-i-hercegovina\/item\/139696-ju-muzej-alija-izetbegovic-pisao-tv-n1-prvi-predsjednik-bih-nikada-nije-obecavao-zlatne-kasike\/#primaryimage\"},\"thumbnailUrl\":\"https:\/\/tuzlainfo.ba\/wp-content\/uploads\/2017\/10\/sadrzaj_2017_20171001_1910_alija.jpg\",\"keywords\":[\"alija izetbegovi\u0107\"],\"articleSection\":[\"Bosna i Hercegovina\"],\"inLanguage\":\"bs-BA\"},{\"@type\":\"WebPage\",\"@id\":\"https:\/\/tuzlainfo.ba\/index.php\/bosna-i-hercegovina\/item\/139696-ju-muzej-alija-izetbegovic-pisao-tv-n1-prvi-predsjednik-bih-nikada-nije-obecavao-zlatne-kasike\/\",\"url\":\"https:\/\/tuzlainfo.ba\/index.php\/bosna-i-hercegovina\/item\/139696-ju-muzej-alija-izetbegovic-pisao-tv-n1-prvi-predsjednik-bih-nikada-nije-obecavao-zlatne-kasike\/\",\"name\":\"JU Muzej \u201cAlija Izetbegovi\u0107\u201d pisao TV N1: Prvi predsjednik BiH nikada nije obe\u0107avao zlatne ka\u0161ike - TuzlaInfo.ba\",\"isPartOf\":{\"@id\":\"https:\/\/tuzlainfo.ba\/#website\"},\"primaryImageOfPage\":{\"@id\":\"https:\/\/tuzlainfo.ba\/index.php\/bosna-i-hercegovina\/item\/139696-ju-muzej-alija-izetbegovic-pisao-tv-n1-prvi-predsjednik-bih-nikada-nije-obecavao-zlatne-kasike\/#primaryimage\"},\"image\":{\"@id\":\"https:\/\/tuzlainfo.ba\/index.php\/bosna-i-hercegovina\/item\/139696-ju-muzej-alija-izetbegovic-pisao-tv-n1-prvi-predsjednik-bih-nikada-nije-obecavao-zlatne-kasike\/#primaryimage\"},\"thumbnailUrl\":\"https:\/\/tuzlainfo.ba\/wp-content\/uploads\/2017\/10\/sadrzaj_2017_20171001_1910_alija.jpg\",\"datePublished\":\"2021-06-16T16:27:47+00:00\",\"dateModified\":\"2021-06-16T16:28:34+00:00\",\"breadcrumb\":{\"@id\":\"https:\/\/tuzlainfo.ba\/index.php\/bosna-i-hercegovina\/item\/139696-ju-muzej-alija-izetbegovic-pisao-tv-n1-prvi-predsjednik-bih-nikada-nije-obecavao-zlatne-kasike\/#breadcrumb\"},\"inLanguage\":\"bs-BA\",\"potentialAction\":[{\"@type\":\"ReadAction\",\"target\":[\"https:\/\/tuzlainfo.ba\/index.php\/bosna-i-hercegovina\/item\/139696-ju-muzej-alija-izetbegovic-pisao-tv-n1-prvi-predsjednik-bih-nikada-nije-obecavao-zlatne-kasike\/\"]}]},{\"@type\":\"ImageObject\",\"inLanguage\":\"bs-BA\",\"@id\":\"https:\/\/tuzlainfo.ba\/index.php\/bosna-i-hercegovina\/item\/139696-ju-muzej-alija-izetbegovic-pisao-tv-n1-prvi-predsjednik-bih-nikada-nije-obecavao-zlatne-kasike\/#primaryimage\",\"url\":\"https:\/\/tuzlainfo.ba\/wp-content\/uploads\/2017\/10\/sadrzaj_2017_20171001_1910_alija.jpg\",\"contentUrl\":\"https:\/\/tuzlainfo.ba\/wp-content\/uploads\/2017\/10\/sadrzaj_2017_20171001_1910_alija.jpg\",\"width\":770,\"height\":459,\"caption\":\"1910 alija\"},{\"@type\":\"BreadcrumbList\",\"@id\":\"https:\/\/tuzlainfo.ba\/index.php\/bosna-i-hercegovina\/item\/139696-ju-muzej-alija-izetbegovic-pisao-tv-n1-prvi-predsjednik-bih-nikada-nije-obecavao-zlatne-kasike\/#breadcrumb\",\"itemListElement\":[{\"@type\":\"ListItem\",\"position\":1,\"name\":\"Home\",\"item\":\"https:\/\/tuzlainfo.ba\/\"},{\"@type\":\"ListItem\",\"position\":2,\"name\":\"JU Muzej \u201cAlija Izetbegovi\u0107\u201d pisao TV N1: Prvi predsjednik BiH nikada nije obe\u0107avao zlatne ka\u0161ike\"}]},{\"@type\":\"WebSite\",\"@id\":\"https:\/\/tuzlainfo.ba\/#website\",\"url\":\"https:\/\/tuzlainfo.ba\/\",\"name\":\"TuzlaInfo.ba\",\"description\":\"Tuzla info, gradski informator - Tuzla na dlanu\",\"publisher\":{\"@id\":\"https:\/\/tuzlainfo.ba\/#organization\"},\"potentialAction\":[{\"@type\":\"SearchAction\",\"target\":{\"@type\":\"EntryPoint\",\"urlTemplate\":\"https:\/\/tuzlainfo.ba\/?s={search_term_string}\"},\"query-input\":{\"@type\":\"PropertyValueSpecification\",\"valueRequired\":true,\"valueName\":\"search_term_string\"}}],\"inLanguage\":\"bs-BA\"},{\"@type\":\"Organization\",\"@id\":\"https:\/\/tuzlainfo.ba\/#organization\",\"name\":\"TuzlaInfo.ba\",\"url\":\"https:\/\/tuzlainfo.ba\/\",\"logo\":{\"@type\":\"ImageObject\",\"inLanguage\":\"bs-BA\",\"@id\":\"https:\/\/tuzlainfo.ba\/#\/schema\/logo\/image\/\",\"url\":\"https:\/\/tuzlainfo.ba\/wp-content\/uploads\/2021\/03\/logo-ver-3-1.png\",\"contentUrl\":\"https:\/\/tuzlainfo.ba\/wp-content\/uploads\/2021\/03\/logo-ver-3-1.png\",\"width\":350,\"height\":95,\"caption\":\"TuzlaInfo.ba\"},\"image\":{\"@id\":\"https:\/\/tuzlainfo.ba\/#\/schema\/logo\/image\/\"},\"sameAs\":[\"https:\/\/www.facebook.com\/tuzlainfo.ba\/\"]},{\"@type\":\"Person\",\"@id\":\"https:\/\/tuzlainfo.ba\/#\/schema\/person\/f434e20dc27ea133923aab08451b7f7f\",\"name\":\"nedim\",\"image\":{\"@type\":\"ImageObject\",\"inLanguage\":\"bs-BA\",\"@id\":\"https:\/\/tuzlainfo.ba\/#\/schema\/person\/image\/\",\"url\":\"https:\/\/tuzlainfo.ba\/wp-content\/litespeed\/avatar\/aabad687af24844af817603ac1cbdc4f.jpg?ver=1776702173\",\"contentUrl\":\"https:\/\/tuzlainfo.ba\/wp-content\/litespeed\/avatar\/aabad687af24844af817603ac1cbdc4f.jpg?ver=1776702173\",\"caption\":\"nedim\"},\"description\":\"Tuzlainfo.ba pratite na dru\u0161tvenim mre\u017eama: Facebook, Instagram i Youtube. Svoje pri\u010de, upite i fotografije \u0161aljite na na\u0161u e-mail adresu.\"}]}<\/script>\n<!-- \/ Yoast SEO plugin. -->","yoast_head_json":{"title":"JU Muzej \u201cAlija Izetbegovi\u0107\u201d pisao TV N1: Prvi predsjednik BiH nikada nije obe\u0107avao zlatne ka\u0161ike - TuzlaInfo.ba","robots":{"index":"index","follow":"follow","max-snippet":"max-snippet:-1","max-image-preview":"max-image-preview:large","max-video-preview":"max-video-preview:-1"},"canonical":"https:\/\/tuzlainfo.ba\/index.php\/bosna-i-hercegovina\/item\/139696-ju-muzej-alija-izetbegovic-pisao-tv-n1-prvi-predsjednik-bih-nikada-nije-obecavao-zlatne-kasike\/","og_locale":"bs_BA","og_type":"article","og_title":"JU Muzej \u201cAlija Izetbegovi\u0107\u201d pisao TV N1: Prvi predsjednik BiH nikada nije obe\u0107avao zlatne ka\u0161ike - TuzlaInfo.ba","og_description":"U javnosti se povremeno pojavljuje teza kako je prvi predsjednik Predsjedni\u0161tva BiH Alija Izetbegovi\u0107 obe\u0107avao&hellip;","og_url":"https:\/\/tuzlainfo.ba\/index.php\/bosna-i-hercegovina\/item\/139696-ju-muzej-alija-izetbegovic-pisao-tv-n1-prvi-predsjednik-bih-nikada-nije-obecavao-zlatne-kasike\/","og_site_name":"TuzlaInfo.ba","article_publisher":"https:\/\/www.facebook.com\/tuzlainfo.ba\/","article_published_time":"2021-06-16T16:27:47+00:00","article_modified_time":"2021-06-16T16:28:34+00:00","og_image":[{"width":770,"height":459,"url":"https:\/\/tuzlainfo.ba\/wp-content\/uploads\/2017\/10\/sadrzaj_2017_20171001_1910_alija.jpg","type":"image\/jpeg"}],"author":"nedim","twitter_card":"summary_large_image","twitter_misc":{"Written by":"nedim","Est. reading time":"3 minute"},"schema":{"@context":"https:\/\/schema.org","@graph":[{"@type":"Article","@id":"https:\/\/tuzlainfo.ba\/index.php\/bosna-i-hercegovina\/item\/139696-ju-muzej-alija-izetbegovic-pisao-tv-n1-prvi-predsjednik-bih-nikada-nije-obecavao-zlatne-kasike\/#article","isPartOf":{"@id":"https:\/\/tuzlainfo.ba\/index.php\/bosna-i-hercegovina\/item\/139696-ju-muzej-alija-izetbegovic-pisao-tv-n1-prvi-predsjednik-bih-nikada-nije-obecavao-zlatne-kasike\/"},"author":{"name":"nedim","@id":"https:\/\/tuzlainfo.ba\/#\/schema\/person\/f434e20dc27ea133923aab08451b7f7f"},"headline":"JU Muzej \u201cAlija Izetbegovi\u0107\u201d pisao TV N1: Prvi predsjednik BiH nikada nije obe\u0107avao zlatne ka\u0161ike","datePublished":"2021-06-16T16:27:47+00:00","dateModified":"2021-06-16T16:28:34+00:00","mainEntityOfPage":{"@id":"https:\/\/tuzlainfo.ba\/index.php\/bosna-i-hercegovina\/item\/139696-ju-muzej-alija-izetbegovic-pisao-tv-n1-prvi-predsjednik-bih-nikada-nije-obecavao-zlatne-kasike\/"},"wordCount":700,"commentCount":0,"publisher":{"@id":"https:\/\/tuzlainfo.ba\/#organization"},"image":{"@id":"https:\/\/tuzlainfo.ba\/index.php\/bosna-i-hercegovina\/item\/139696-ju-muzej-alija-izetbegovic-pisao-tv-n1-prvi-predsjednik-bih-nikada-nije-obecavao-zlatne-kasike\/#primaryimage"},"thumbnailUrl":"https:\/\/tuzlainfo.ba\/wp-content\/uploads\/2017\/10\/sadrzaj_2017_20171001_1910_alija.jpg","keywords":["alija izetbegovi\u0107"],"articleSection":["Bosna i Hercegovina"],"inLanguage":"bs-BA"},{"@type":"WebPage","@id":"https:\/\/tuzlainfo.ba\/index.php\/bosna-i-hercegovina\/item\/139696-ju-muzej-alija-izetbegovic-pisao-tv-n1-prvi-predsjednik-bih-nikada-nije-obecavao-zlatne-kasike\/","url":"https:\/\/tuzlainfo.ba\/index.php\/bosna-i-hercegovina\/item\/139696-ju-muzej-alija-izetbegovic-pisao-tv-n1-prvi-predsjednik-bih-nikada-nije-obecavao-zlatne-kasike\/","name":"JU Muzej \u201cAlija Izetbegovi\u0107\u201d pisao TV N1: Prvi predsjednik BiH nikada nije obe\u0107avao zlatne ka\u0161ike - TuzlaInfo.ba","isPartOf":{"@id":"https:\/\/tuzlainfo.ba\/#website"},"primaryImageOfPage":{"@id":"https:\/\/tuzlainfo.ba\/index.php\/bosna-i-hercegovina\/item\/139696-ju-muzej-alija-izetbegovic-pisao-tv-n1-prvi-predsjednik-bih-nikada-nije-obecavao-zlatne-kasike\/#primaryimage"},"image":{"@id":"https:\/\/tuzlainfo.ba\/index.php\/bosna-i-hercegovina\/item\/139696-ju-muzej-alija-izetbegovic-pisao-tv-n1-prvi-predsjednik-bih-nikada-nije-obecavao-zlatne-kasike\/#primaryimage"},"thumbnailUrl":"https:\/\/tuzlainfo.ba\/wp-content\/uploads\/2017\/10\/sadrzaj_2017_20171001_1910_alija.jpg","datePublished":"2021-06-16T16:27:47+00:00","dateModified":"2021-06-16T16:28:34+00:00","breadcrumb":{"@id":"https:\/\/tuzlainfo.ba\/index.php\/bosna-i-hercegovina\/item\/139696-ju-muzej-alija-izetbegovic-pisao-tv-n1-prvi-predsjednik-bih-nikada-nije-obecavao-zlatne-kasike\/#breadcrumb"},"inLanguage":"bs-BA","potentialAction":[{"@type":"ReadAction","target":["https:\/\/tuzlainfo.ba\/index.php\/bosna-i-hercegovina\/item\/139696-ju-muzej-alija-izetbegovic-pisao-tv-n1-prvi-predsjednik-bih-nikada-nije-obecavao-zlatne-kasike\/"]}]},{"@type":"ImageObject","inLanguage":"bs-BA","@id":"https:\/\/tuzlainfo.ba\/index.php\/bosna-i-hercegovina\/item\/139696-ju-muzej-alija-izetbegovic-pisao-tv-n1-prvi-predsjednik-bih-nikada-nije-obecavao-zlatne-kasike\/#primaryimage","url":"https:\/\/tuzlainfo.ba\/wp-content\/uploads\/2017\/10\/sadrzaj_2017_20171001_1910_alija.jpg","contentUrl":"https:\/\/tuzlainfo.ba\/wp-content\/uploads\/2017\/10\/sadrzaj_2017_20171001_1910_alija.jpg","width":770,"height":459,"caption":"1910 alija"},{"@type":"BreadcrumbList","@id":"https:\/\/tuzlainfo.ba\/index.php\/bosna-i-hercegovina\/item\/139696-ju-muzej-alija-izetbegovic-pisao-tv-n1-prvi-predsjednik-bih-nikada-nije-obecavao-zlatne-kasike\/#breadcrumb","itemListElement":[{"@type":"ListItem","position":1,"name":"Home","item":"https:\/\/tuzlainfo.ba\/"},{"@type":"ListItem","position":2,"name":"JU Muzej \u201cAlija Izetbegovi\u0107\u201d pisao TV N1: Prvi predsjednik BiH nikada nije obe\u0107avao zlatne ka\u0161ike"}]},{"@type":"WebSite","@id":"https:\/\/tuzlainfo.ba\/#website","url":"https:\/\/tuzlainfo.ba\/","name":"TuzlaInfo.ba","description":"Tuzla info, gradski informator - Tuzla na dlanu","publisher":{"@id":"https:\/\/tuzlainfo.ba\/#organization"},"potentialAction":[{"@type":"SearchAction","target":{"@type":"EntryPoint","urlTemplate":"https:\/\/tuzlainfo.ba\/?s={search_term_string}"},"query-input":{"@type":"PropertyValueSpecification","valueRequired":true,"valueName":"search_term_string"}}],"inLanguage":"bs-BA"},{"@type":"Organization","@id":"https:\/\/tuzlainfo.ba\/#organization","name":"TuzlaInfo.ba","url":"https:\/\/tuzlainfo.ba\/","logo":{"@type":"ImageObject","inLanguage":"bs-BA","@id":"https:\/\/tuzlainfo.ba\/#\/schema\/logo\/image\/","url":"https:\/\/tuzlainfo.ba\/wp-content\/uploads\/2021\/03\/logo-ver-3-1.png","contentUrl":"https:\/\/tuzlainfo.ba\/wp-content\/uploads\/2021\/03\/logo-ver-3-1.png","width":350,"height":95,"caption":"TuzlaInfo.ba"},"image":{"@id":"https:\/\/tuzlainfo.ba\/#\/schema\/logo\/image\/"},"sameAs":["https:\/\/www.facebook.com\/tuzlainfo.ba\/"]},{"@type":"Person","@id":"https:\/\/tuzlainfo.ba\/#\/schema\/person\/f434e20dc27ea133923aab08451b7f7f","name":"nedim","image":{"@type":"ImageObject","inLanguage":"bs-BA","@id":"https:\/\/tuzlainfo.ba\/#\/schema\/person\/image\/","url":"https:\/\/tuzlainfo.ba\/wp-content\/litespeed\/avatar\/aabad687af24844af817603ac1cbdc4f.jpg?ver=1776702173","contentUrl":"https:\/\/tuzlainfo.ba\/wp-content\/litespeed\/avatar\/aabad687af24844af817603ac1cbdc4f.jpg?ver=1776702173","caption":"nedim"},"description":"Tuzlainfo.ba pratite na dru\u0161tvenim mre\u017eama: Facebook, Instagram i Youtube. Svoje pri\u010de, upite i fotografije \u0161aljite na na\u0161u e-mail adresu."}]}},"_links":{"self":[{"href":"https:\/\/tuzlainfo.ba\/index.php\/wp-json\/wp\/v2\/posts\/139696"}],"collection":[{"href":"https:\/\/tuzlainfo.ba\/index.php\/wp-json\/wp\/v2\/posts"}],"about":[{"href":"https:\/\/tuzlainfo.ba\/index.php\/wp-json\/wp\/v2\/types\/post"}],"author":[{"embeddable":true,"href":"https:\/\/tuzlainfo.ba\/index.php\/wp-json\/wp\/v2\/users\/2"}],"replies":[{"embeddable":true,"href":"https:\/\/tuzlainfo.ba\/index.php\/wp-json\/wp\/v2\/comments?post=139696"}],"version-history":[{"count":0,"href":"https:\/\/tuzlainfo.ba\/index.php\/wp-json\/wp\/v2\/posts\/139696\/revisions"}],"wp:featuredmedia":[{"embeddable":true,"href":"https:\/\/tuzlainfo.ba\/index.php\/wp-json\/wp\/v2\/media\/58977"}],"wp:attachment":[{"href":"https:\/\/tuzlainfo.ba\/index.php\/wp-json\/wp\/v2\/media?parent=139696"}],"wp:term":[{"taxonomy":"category","embeddable":true,"href":"https:\/\/tuzlainfo.ba\/index.php\/wp-json\/wp\/v2\/categories?post=139696"},{"taxonomy":"post_tag","embeddable":true,"href":"https:\/\/tuzlainfo.ba\/index.php\/wp-json\/wp\/v2\/tags?post=139696"}],"curies":[{"name":"wp","href":"https:\/\/api.w.org\/{rel}","templated":true}]}}