{"id":139660,"date":"2021-06-16T16:00:27","date_gmt":"2021-06-16T14:00:27","guid":{"rendered":"https:\/\/tuzlainfo.ba\/?p=139660"},"modified":"2021-06-16T18:44:43","modified_gmt":"2021-06-16T16:44:43","slug":"obecanje-ispunjeno-vakcine-iz-republike-srbije-za-tuzlanski-kanton-stizu-sutra","status":"publish","type":"post","link":"https:\/\/tuzlainfo.ba\/index.php\/novosti\/item\/139660-obecanje-ispunjeno-vakcine-iz-republike-srbije-za-tuzlanski-kanton-stizu-sutra\/","title":{"rendered":"Obe\u0107anje ispunjeno: Vakcine iz Republike Srbije za Tuzlanski kanton sti\u017eu sutra"},"content":{"rendered":"<p>Vije\u0107e ministara BiH prihvatilo je donaciju kojom je Republika Srbija obezbijedila Bosni i Hercegovini, za potrebe Tuzlanskog kantona, 5.000 doza lijeka \u2013 vakcina Astra Zeneka protiv Kovida-19, iz Kovaks mehanizma.<br \/>\nPrijedlogom sporazuma o donaciji vakcina izme\u0111u Vlade Republike Srbije i Vije\u0107a ministara BiH, Republika Srbija da \u0107e donaciju od 5.000 doza za potrebe Tuzlanskog kantona predati 17. 6. 2021. godine. Donacija \u0107e biti kori\u0161tena za vakcinaciju i revakcinaciju.<br \/>\nMinistarstvo civilnih poslova BiH, kao nadle\u017ena institucija, odre\u0111eno je za primaoca donacije u ime Vije\u0107a ministara BiH. Prijedlog sporazuma o donaciji vakcina bi\u0107e dostavljen Predsjedni\u0161tvu BiH u daljnju proceduru.<\/p>\n","protected":false},"excerpt":{"rendered":"<p>Vije\u0107e ministara BiH prihvatilo je donaciju kojom je Republika Srbija obezbijedila Bosni i Hercegovini, za&hellip;<\/p>\n","protected":false},"author":3,"featured_media":136287,"comment_status":"open","ping_status":"closed","sticky":false,"template":"","format":"standard","meta":{"_acf_changed":false,"footnotes":""},"categories":[12],"tags":[1622],"acf":[],"yoast_head":"<!-- This site is optimized with the Yoast SEO plugin v23.5 - https:\/\/yoast.com\/wordpress\/plugins\/seo\/ -->\n<title>Obe\u0107anje ispunjeno: Vakcine iz Republike Srbije za Tuzlanski kanton sti\u017eu sutra - TuzlaInfo.ba<\/title>\n<meta name=\"robots\" content=\"index, follow, max-snippet:-1, max-image-preview:large, max-video-preview:-1\" \/>\n<link rel=\"canonical\" href=\"https:\/\/tuzlainfo.ba\/index.php\/novosti\/item\/139660-obecanje-ispunjeno-vakcine-iz-republike-srbije-za-tuzlanski-kanton-stizu-sutra\/\" \/>\n<meta property=\"og:locale\" content=\"bs_BA\" \/>\n<meta property=\"og:type\" content=\"article\" \/>\n<meta property=\"og:title\" content=\"Obe\u0107anje ispunjeno: Vakcine iz Republike Srbije za Tuzlanski kanton sti\u017eu sutra - TuzlaInfo.ba\" \/>\n<meta property=\"og:description\" content=\"Vije\u0107e ministara BiH prihvatilo je donaciju kojom je Republika Srbija obezbijedila Bosni i Hercegovini, za&hellip;\" \/>\n<meta property=\"og:url\" content=\"https:\/\/tuzlainfo.ba\/index.php\/novosti\/item\/139660-obecanje-ispunjeno-vakcine-iz-republike-srbije-za-tuzlanski-kanton-stizu-sutra\/\" \/>\n<meta property=\"og:site_name\" content=\"TuzlaInfo.ba\" \/>\n<meta property=\"article:publisher\" content=\"https:\/\/www.facebook.com\/tuzlainfo.ba\/\" \/>\n<meta property=\"article:published_time\" content=\"2021-06-16T14:00:27+00:00\" \/>\n<meta property=\"article:modified_time\" content=\"2021-06-16T16:44:43+00:00\" \/>\n<meta property=\"og:image\" content=\"https:\/\/tuzlainfo.ba\/wp-content\/uploads\/2021\/04\/2604_vakcina2.jpg\" \/>\n\t<meta property=\"og:image:width\" content=\"960\" \/>\n\t<meta property=\"og:image:height\" content=\"720\" \/>\n\t<meta property=\"og:image:type\" content=\"image\/jpeg\" \/>\n<meta name=\"author\" content=\"admin2\" \/>\n<meta name=\"twitter:card\" content=\"summary_large_image\" \/>\n<meta name=\"twitter:label1\" content=\"Written by\" \/>\n\t<meta name=\"twitter:data1\" content=\"admin2\" \/>\n\t<meta name=\"twitter:label2\" content=\"Est. reading time\" \/>\n\t<meta name=\"twitter:data2\" content=\"1 minuta\" \/>\n<script type=\"application\/ld+json\" class=\"yoast-schema-graph\">{\"@context\":\"https:\/\/schema.org\",\"@graph\":[{\"@type\":\"Article\",\"@id\":\"https:\/\/tuzlainfo.ba\/index.php\/novosti\/item\/139660-obecanje-ispunjeno-vakcine-iz-republike-srbije-za-tuzlanski-kanton-stizu-sutra\/#article\",\"isPartOf\":{\"@id\":\"https:\/\/tuzlainfo.ba\/index.php\/novosti\/item\/139660-obecanje-ispunjeno-vakcine-iz-republike-srbije-za-tuzlanski-kanton-stizu-sutra\/\"},\"author\":{\"name\":\"admin2\",\"@id\":\"https:\/\/tuzlainfo.ba\/#\/schema\/person\/f4ebe4fff27e68efb65fa7e18f8af372\"},\"headline\":\"Obe\u0107anje ispunjeno: Vakcine iz Republike Srbije za Tuzlanski kanton sti\u017eu sutra\",\"datePublished\":\"2021-06-16T14:00:27+00:00\",\"dateModified\":\"2021-06-16T16:44:43+00:00\",\"mainEntityOfPage\":{\"@id\":\"https:\/\/tuzlainfo.ba\/index.php\/novosti\/item\/139660-obecanje-ispunjeno-vakcine-iz-republike-srbije-za-tuzlanski-kanton-stizu-sutra\/\"},\"wordCount\":113,\"commentCount\":0,\"publisher\":{\"@id\":\"https:\/\/tuzlainfo.ba\/#organization\"},\"image\":{\"@id\":\"https:\/\/tuzlainfo.ba\/index.php\/novosti\/item\/139660-obecanje-ispunjeno-vakcine-iz-republike-srbije-za-tuzlanski-kanton-stizu-sutra\/#primaryimage\"},\"thumbnailUrl\":\"https:\/\/tuzlainfo.ba\/wp-content\/uploads\/2021\/04\/2604_vakcina2.jpg\",\"keywords\":[\"#donacija vakcina iz srbije\"],\"articleSection\":[\"Novosti\"],\"inLanguage\":\"bs-BA\"},{\"@type\":\"WebPage\",\"@id\":\"https:\/\/tuzlainfo.ba\/index.php\/novosti\/item\/139660-obecanje-ispunjeno-vakcine-iz-republike-srbije-za-tuzlanski-kanton-stizu-sutra\/\",\"url\":\"https:\/\/tuzlainfo.ba\/index.php\/novosti\/item\/139660-obecanje-ispunjeno-vakcine-iz-republike-srbije-za-tuzlanski-kanton-stizu-sutra\/\",\"name\":\"Obe\u0107anje ispunjeno: Vakcine iz Republike Srbije za Tuzlanski kanton sti\u017eu sutra - TuzlaInfo.ba\",\"isPartOf\":{\"@id\":\"https:\/\/tuzlainfo.ba\/#website\"},\"primaryImageOfPage\":{\"@id\":\"https:\/\/tuzlainfo.ba\/index.php\/novosti\/item\/139660-obecanje-ispunjeno-vakcine-iz-republike-srbije-za-tuzlanski-kanton-stizu-sutra\/#primaryimage\"},\"image\":{\"@id\":\"https:\/\/tuzlainfo.ba\/index.php\/novosti\/item\/139660-obecanje-ispunjeno-vakcine-iz-republike-srbije-za-tuzlanski-kanton-stizu-sutra\/#primaryimage\"},\"thumbnailUrl\":\"https:\/\/tuzlainfo.ba\/wp-content\/uploads\/2021\/04\/2604_vakcina2.jpg\",\"datePublished\":\"2021-06-16T14:00:27+00:00\",\"dateModified\":\"2021-06-16T16:44:43+00:00\",\"breadcrumb\":{\"@id\":\"https:\/\/tuzlainfo.ba\/index.php\/novosti\/item\/139660-obecanje-ispunjeno-vakcine-iz-republike-srbije-za-tuzlanski-kanton-stizu-sutra\/#breadcrumb\"},\"inLanguage\":\"bs-BA\",\"potentialAction\":[{\"@type\":\"ReadAction\",\"target\":[\"https:\/\/tuzlainfo.ba\/index.php\/novosti\/item\/139660-obecanje-ispunjeno-vakcine-iz-republike-srbije-za-tuzlanski-kanton-stizu-sutra\/\"]}]},{\"@type\":\"ImageObject\",\"inLanguage\":\"bs-BA\",\"@id\":\"https:\/\/tuzlainfo.ba\/index.php\/novosti\/item\/139660-obecanje-ispunjeno-vakcine-iz-republike-srbije-za-tuzlanski-kanton-stizu-sutra\/#primaryimage\",\"url\":\"https:\/\/tuzlainfo.ba\/wp-content\/uploads\/2021\/04\/2604_vakcina2.jpg\",\"contentUrl\":\"https:\/\/tuzlainfo.ba\/wp-content\/uploads\/2021\/04\/2604_vakcina2.jpg\",\"width\":960,\"height\":720},{\"@type\":\"BreadcrumbList\",\"@id\":\"https:\/\/tuzlainfo.ba\/index.php\/novosti\/item\/139660-obecanje-ispunjeno-vakcine-iz-republike-srbije-za-tuzlanski-kanton-stizu-sutra\/#breadcrumb\",\"itemListElement\":[{\"@type\":\"ListItem\",\"position\":1,\"name\":\"Home\",\"item\":\"https:\/\/tuzlainfo.ba\/\"},{\"@type\":\"ListItem\",\"position\":2,\"name\":\"Obe\u0107anje ispunjeno: Vakcine iz Republike Srbije za Tuzlanski kanton sti\u017eu sutra\"}]},{\"@type\":\"WebSite\",\"@id\":\"https:\/\/tuzlainfo.ba\/#website\",\"url\":\"https:\/\/tuzlainfo.ba\/\",\"name\":\"TuzlaInfo.ba\",\"description\":\"Tuzla info, gradski informator - Tuzla na dlanu\",\"publisher\":{\"@id\":\"https:\/\/tuzlainfo.ba\/#organization\"},\"potentialAction\":[{\"@type\":\"SearchAction\",\"target\":{\"@type\":\"EntryPoint\",\"urlTemplate\":\"https:\/\/tuzlainfo.ba\/?s={search_term_string}\"},\"query-input\":{\"@type\":\"PropertyValueSpecification\",\"valueRequired\":true,\"valueName\":\"search_term_string\"}}],\"inLanguage\":\"bs-BA\"},{\"@type\":\"Organization\",\"@id\":\"https:\/\/tuzlainfo.ba\/#organization\",\"name\":\"TuzlaInfo.ba\",\"url\":\"https:\/\/tuzlainfo.ba\/\",\"logo\":{\"@type\":\"ImageObject\",\"inLanguage\":\"bs-BA\",\"@id\":\"https:\/\/tuzlainfo.ba\/#\/schema\/logo\/image\/\",\"url\":\"https:\/\/tuzlainfo.ba\/wp-content\/uploads\/2021\/03\/logo-ver-3-1.png\",\"contentUrl\":\"https:\/\/tuzlainfo.ba\/wp-content\/uploads\/2021\/03\/logo-ver-3-1.png\",\"width\":350,\"height\":95,\"caption\":\"TuzlaInfo.ba\"},\"image\":{\"@id\":\"https:\/\/tuzlainfo.ba\/#\/schema\/logo\/image\/\"},\"sameAs\":[\"https:\/\/www.facebook.com\/tuzlainfo.ba\/\"]},{\"@type\":\"Person\",\"@id\":\"https:\/\/tuzlainfo.ba\/#\/schema\/person\/f4ebe4fff27e68efb65fa7e18f8af372\",\"name\":\"admin2\",\"image\":{\"@type\":\"ImageObject\",\"inLanguage\":\"bs-BA\",\"@id\":\"https:\/\/tuzlainfo.ba\/#\/schema\/person\/image\/\",\"url\":\"https:\/\/tuzlainfo.ba\/wp-content\/litespeed\/avatar\/8219eeb9a43cff2d096e773737736f62.jpg?ver=1776704580\",\"contentUrl\":\"https:\/\/tuzlainfo.ba\/wp-content\/litespeed\/avatar\/8219eeb9a43cff2d096e773737736f62.jpg?ver=1776704580\",\"caption\":\"admin2\"},\"description\":\"Tuzlainfo.ba pratite na dru\u0161tvenim mre\u017eama: Facebook, Instagram i Youtube. Svoje pri\u010de, upite i fotografije \u0161aljite na na\u0161u e-mail adresu.\",\"sameAs\":[\"admin\"]}]}<\/script>\n<!-- \/ Yoast SEO plugin. -->","yoast_head_json":{"title":"Obe\u0107anje ispunjeno: Vakcine iz Republike Srbije za Tuzlanski kanton sti\u017eu sutra - TuzlaInfo.ba","robots":{"index":"index","follow":"follow","max-snippet":"max-snippet:-1","max-image-preview":"max-image-preview:large","max-video-preview":"max-video-preview:-1"},"canonical":"https:\/\/tuzlainfo.ba\/index.php\/novosti\/item\/139660-obecanje-ispunjeno-vakcine-iz-republike-srbije-za-tuzlanski-kanton-stizu-sutra\/","og_locale":"bs_BA","og_type":"article","og_title":"Obe\u0107anje ispunjeno: Vakcine iz Republike Srbije za Tuzlanski kanton sti\u017eu sutra - TuzlaInfo.ba","og_description":"Vije\u0107e ministara BiH prihvatilo je donaciju kojom je Republika Srbija obezbijedila Bosni i Hercegovini, za&hellip;","og_url":"https:\/\/tuzlainfo.ba\/index.php\/novosti\/item\/139660-obecanje-ispunjeno-vakcine-iz-republike-srbije-za-tuzlanski-kanton-stizu-sutra\/","og_site_name":"TuzlaInfo.ba","article_publisher":"https:\/\/www.facebook.com\/tuzlainfo.ba\/","article_published_time":"2021-06-16T14:00:27+00:00","article_modified_time":"2021-06-16T16:44:43+00:00","og_image":[{"width":960,"height":720,"url":"https:\/\/tuzlainfo.ba\/wp-content\/uploads\/2021\/04\/2604_vakcina2.jpg","type":"image\/jpeg"}],"author":"admin2","twitter_card":"summary_large_image","twitter_misc":{"Written by":"admin2","Est. reading time":"1 minuta"},"schema":{"@context":"https:\/\/schema.org","@graph":[{"@type":"Article","@id":"https:\/\/tuzlainfo.ba\/index.php\/novosti\/item\/139660-obecanje-ispunjeno-vakcine-iz-republike-srbije-za-tuzlanski-kanton-stizu-sutra\/#article","isPartOf":{"@id":"https:\/\/tuzlainfo.ba\/index.php\/novosti\/item\/139660-obecanje-ispunjeno-vakcine-iz-republike-srbije-za-tuzlanski-kanton-stizu-sutra\/"},"author":{"name":"admin2","@id":"https:\/\/tuzlainfo.ba\/#\/schema\/person\/f4ebe4fff27e68efb65fa7e18f8af372"},"headline":"Obe\u0107anje ispunjeno: Vakcine iz Republike Srbije za Tuzlanski kanton sti\u017eu sutra","datePublished":"2021-06-16T14:00:27+00:00","dateModified":"2021-06-16T16:44:43+00:00","mainEntityOfPage":{"@id":"https:\/\/tuzlainfo.ba\/index.php\/novosti\/item\/139660-obecanje-ispunjeno-vakcine-iz-republike-srbije-za-tuzlanski-kanton-stizu-sutra\/"},"wordCount":113,"commentCount":0,"publisher":{"@id":"https:\/\/tuzlainfo.ba\/#organization"},"image":{"@id":"https:\/\/tuzlainfo.ba\/index.php\/novosti\/item\/139660-obecanje-ispunjeno-vakcine-iz-republike-srbije-za-tuzlanski-kanton-stizu-sutra\/#primaryimage"},"thumbnailUrl":"https:\/\/tuzlainfo.ba\/wp-content\/uploads\/2021\/04\/2604_vakcina2.jpg","keywords":["#donacija vakcina iz srbije"],"articleSection":["Novosti"],"inLanguage":"bs-BA"},{"@type":"WebPage","@id":"https:\/\/tuzlainfo.ba\/index.php\/novosti\/item\/139660-obecanje-ispunjeno-vakcine-iz-republike-srbije-za-tuzlanski-kanton-stizu-sutra\/","url":"https:\/\/tuzlainfo.ba\/index.php\/novosti\/item\/139660-obecanje-ispunjeno-vakcine-iz-republike-srbije-za-tuzlanski-kanton-stizu-sutra\/","name":"Obe\u0107anje ispunjeno: Vakcine iz Republike Srbije za Tuzlanski kanton sti\u017eu sutra - TuzlaInfo.ba","isPartOf":{"@id":"https:\/\/tuzlainfo.ba\/#website"},"primaryImageOfPage":{"@id":"https:\/\/tuzlainfo.ba\/index.php\/novosti\/item\/139660-obecanje-ispunjeno-vakcine-iz-republike-srbije-za-tuzlanski-kanton-stizu-sutra\/#primaryimage"},"image":{"@id":"https:\/\/tuzlainfo.ba\/index.php\/novosti\/item\/139660-obecanje-ispunjeno-vakcine-iz-republike-srbije-za-tuzlanski-kanton-stizu-sutra\/#primaryimage"},"thumbnailUrl":"https:\/\/tuzlainfo.ba\/wp-content\/uploads\/2021\/04\/2604_vakcina2.jpg","datePublished":"2021-06-16T14:00:27+00:00","dateModified":"2021-06-16T16:44:43+00:00","breadcrumb":{"@id":"https:\/\/tuzlainfo.ba\/index.php\/novosti\/item\/139660-obecanje-ispunjeno-vakcine-iz-republike-srbije-za-tuzlanski-kanton-stizu-sutra\/#breadcrumb"},"inLanguage":"bs-BA","potentialAction":[{"@type":"ReadAction","target":["https:\/\/tuzlainfo.ba\/index.php\/novosti\/item\/139660-obecanje-ispunjeno-vakcine-iz-republike-srbije-za-tuzlanski-kanton-stizu-sutra\/"]}]},{"@type":"ImageObject","inLanguage":"bs-BA","@id":"https:\/\/tuzlainfo.ba\/index.php\/novosti\/item\/139660-obecanje-ispunjeno-vakcine-iz-republike-srbije-za-tuzlanski-kanton-stizu-sutra\/#primaryimage","url":"https:\/\/tuzlainfo.ba\/wp-content\/uploads\/2021\/04\/2604_vakcina2.jpg","contentUrl":"https:\/\/tuzlainfo.ba\/wp-content\/uploads\/2021\/04\/2604_vakcina2.jpg","width":960,"height":720},{"@type":"BreadcrumbList","@id":"https:\/\/tuzlainfo.ba\/index.php\/novosti\/item\/139660-obecanje-ispunjeno-vakcine-iz-republike-srbije-za-tuzlanski-kanton-stizu-sutra\/#breadcrumb","itemListElement":[{"@type":"ListItem","position":1,"name":"Home","item":"https:\/\/tuzlainfo.ba\/"},{"@type":"ListItem","position":2,"name":"Obe\u0107anje ispunjeno: Vakcine iz Republike Srbije za Tuzlanski kanton sti\u017eu sutra"}]},{"@type":"WebSite","@id":"https:\/\/tuzlainfo.ba\/#website","url":"https:\/\/tuzlainfo.ba\/","name":"TuzlaInfo.ba","description":"Tuzla info, gradski informator - Tuzla na dlanu","publisher":{"@id":"https:\/\/tuzlainfo.ba\/#organization"},"potentialAction":[{"@type":"SearchAction","target":{"@type":"EntryPoint","urlTemplate":"https:\/\/tuzlainfo.ba\/?s={search_term_string}"},"query-input":{"@type":"PropertyValueSpecification","valueRequired":true,"valueName":"search_term_string"}}],"inLanguage":"bs-BA"},{"@type":"Organization","@id":"https:\/\/tuzlainfo.ba\/#organization","name":"TuzlaInfo.ba","url":"https:\/\/tuzlainfo.ba\/","logo":{"@type":"ImageObject","inLanguage":"bs-BA","@id":"https:\/\/tuzlainfo.ba\/#\/schema\/logo\/image\/","url":"https:\/\/tuzlainfo.ba\/wp-content\/uploads\/2021\/03\/logo-ver-3-1.png","contentUrl":"https:\/\/tuzlainfo.ba\/wp-content\/uploads\/2021\/03\/logo-ver-3-1.png","width":350,"height":95,"caption":"TuzlaInfo.ba"},"image":{"@id":"https:\/\/tuzlainfo.ba\/#\/schema\/logo\/image\/"},"sameAs":["https:\/\/www.facebook.com\/tuzlainfo.ba\/"]},{"@type":"Person","@id":"https:\/\/tuzlainfo.ba\/#\/schema\/person\/f4ebe4fff27e68efb65fa7e18f8af372","name":"admin2","image":{"@type":"ImageObject","inLanguage":"bs-BA","@id":"https:\/\/tuzlainfo.ba\/#\/schema\/person\/image\/","url":"https:\/\/tuzlainfo.ba\/wp-content\/litespeed\/avatar\/8219eeb9a43cff2d096e773737736f62.jpg?ver=1776704580","contentUrl":"https:\/\/tuzlainfo.ba\/wp-content\/litespeed\/avatar\/8219eeb9a43cff2d096e773737736f62.jpg?ver=1776704580","caption":"admin2"},"description":"Tuzlainfo.ba pratite na dru\u0161tvenim mre\u017eama: Facebook, Instagram i Youtube. Svoje pri\u010de, upite i fotografije \u0161aljite na na\u0161u e-mail adresu.","sameAs":["admin"]}]}},"_links":{"self":[{"href":"https:\/\/tuzlainfo.ba\/index.php\/wp-json\/wp\/v2\/posts\/139660"}],"collection":[{"href":"https:\/\/tuzlainfo.ba\/index.php\/wp-json\/wp\/v2\/posts"}],"about":[{"href":"https:\/\/tuzlainfo.ba\/index.php\/wp-json\/wp\/v2\/types\/post"}],"author":[{"embeddable":true,"href":"https:\/\/tuzlainfo.ba\/index.php\/wp-json\/wp\/v2\/users\/3"}],"replies":[{"embeddable":true,"href":"https:\/\/tuzlainfo.ba\/index.php\/wp-json\/wp\/v2\/comments?post=139660"}],"version-history":[{"count":0,"href":"https:\/\/tuzlainfo.ba\/index.php\/wp-json\/wp\/v2\/posts\/139660\/revisions"}],"wp:featuredmedia":[{"embeddable":true,"href":"https:\/\/tuzlainfo.ba\/index.php\/wp-json\/wp\/v2\/media\/136287"}],"wp:attachment":[{"href":"https:\/\/tuzlainfo.ba\/index.php\/wp-json\/wp\/v2\/media?parent=139660"}],"wp:term":[{"taxonomy":"category","embeddable":true,"href":"https:\/\/tuzlainfo.ba\/index.php\/wp-json\/wp\/v2\/categories?post=139660"},{"taxonomy":"post_tag","embeddable":true,"href":"https:\/\/tuzlainfo.ba\/index.php\/wp-json\/wp\/v2\/tags?post=139660"}],"curies":[{"name":"wp","href":"https:\/\/api.w.org\/{rel}","templated":true}]}}