{"id":139587,"date":"2021-06-15T12:30:28","date_gmt":"2021-06-15T10:30:28","guid":{"rendered":"https:\/\/tuzlainfo.ba\/?p=139587"},"modified":"2021-06-15T12:31:44","modified_gmt":"2021-06-15T10:31:44","slug":"projekat-fmz-a-ukc-u-tuzla-isporuceno-devet-respiratora","status":"publish","type":"post","link":"https:\/\/tuzlainfo.ba\/index.php\/novosti\/item\/139587-projekat-fmz-a-ukc-u-tuzla-isporuceno-devet-respiratora\/","title":{"rendered":"Projekat FMZ-a: UKC-u Tuzla isporu\u010deno devet respiratora"},"content":{"rendered":"<p>Univerzitetskom klini\u010dkom centru Tuzla isporu\u010deno je devet respiratora koji su nabavljeni u okviru COVID 19 projekta koji se implementira preko Federalnog ministarstva zdravstva, odnosno Jedinice za implementaciju projekata, a koji je finansiran kreditnim sredstvima Svjetske banke.<\/p>\n<p>Nabavka pomenutih ure\u0111aja provedena je od strane UNDP-a kao anga\u017eovane Agencije koja u ime Federalnog ministartsva zdravstva provodi procedure nabavke u skladu s potpisanim Ugovorom izme\u0111u Federalnog ministarstva zdravstva i UNDP-a.<\/p>\n<p>Rije\u010d je o kvalitetnim ure\u0111ajima za vje\u0161ta\u010dko disanje i pripadaju\u0107oj opremi marke Drager.<\/p>\n<p>Doc. dr. med. sc. Alen Kameri\u0107, v.d. direktor Univerzitetskog klini\u010dkog centra Tuzla zahvalio se na podr\u0161ci koju Ministarstvo zdravstva FBiH kontinuirano pru\u017ea zdravstvenim ustanovama.<\/p>\n","protected":false},"excerpt":{"rendered":"<p>Univerzitetskom klini\u010dkom centru Tuzla isporu\u010deno je devet respiratora koji su nabavljeni u okviru COVID 19 projekta koji se implementira preko Federalnog ministarstva zdravstva, odnosno Jedinice za implementaciju projekata, a koji je finansiran kreditnim sredstvima Svjetske banke. Nabavka pomenutih ure\u0111aja provedena je od strane UNDP-a kao anga\u017eovane Agencije koja u ime Federalnog ministartsva zdravstva provodi procedure [&hellip;]<\/p>\n","protected":false},"author":2,"featured_media":139589,"comment_status":"open","ping_status":"closed","sticky":false,"template":"","format":"standard","meta":{"footnotes":""},"categories":[304,12],"tags":[1450,314,458],"class_list":["post-139587","post","type-post","status-publish","format-standard","has-post-thumbnail","hentry","category-istaknuto","category-novosti","tag-alen-kameric","tag-covid-tk","tag-ukc-tuzla"],"yoast_head":"<!-- This site is optimized with the Yoast SEO plugin v28.4 - https:\/\/yoast.com\/product\/yoast-seo-wordpress\/ -->\n<title>Projekat FMZ-a: UKC-u Tuzla isporu\u010deno devet respiratora<\/title>\n<meta name=\"robots\" content=\"index, follow, max-snippet:-1, max-image-preview:large, max-video-preview:-1\" \/>\n<link rel=\"canonical\" href=\"https:\/\/tuzlainfo.ba\/index.php\/novosti\/item\/139587-projekat-fmz-a-ukc-u-tuzla-isporuceno-devet-respiratora\/\" \/>\n<meta property=\"og:locale\" content=\"bs_BA\" \/>\n<meta property=\"og:type\" content=\"article\" \/>\n<meta property=\"og:title\" content=\"Projekat FMZ-a: UKC-u Tuzla isporu\u010deno devet respiratora\" \/>\n<meta property=\"og:description\" content=\"Univerzitetskom klini\u010dkom centru Tuzla isporu\u010deno je devet respiratora koji su nabavljeni u okviru COVID 19 projekta koji se implementira preko Federalnog ministarstva zdravstva, odnosno Jedinice za implementaciju projekata, a koji je finansiran kreditnim sredstvima Svjetske banke. Nabavka pomenutih ure\u0111aja provedena je od strane UNDP-a kao anga\u017eovane Agencije koja u ime Federalnog ministartsva zdravstva provodi procedure [&hellip;]\" \/>\n<meta property=\"og:url\" content=\"https:\/\/tuzlainfo.ba\/index.php\/novosti\/item\/139587-projekat-fmz-a-ukc-u-tuzla-isporuceno-devet-respiratora\/\" \/>\n<meta property=\"og:site_name\" content=\"TuzlaInfo.ba\" \/>\n<meta property=\"article:publisher\" content=\"https:\/\/www.facebook.com\/tuzlainfo.ba\/\" \/>\n<meta property=\"article:published_time\" content=\"2021-06-15T10:30:28+00:00\" \/>\n<meta property=\"article:modified_time\" content=\"2021-06-15T10:31:44+00:00\" \/>\n<meta property=\"og:image\" content=\"https:\/\/tuzlainfo.ba\/wp-content\/uploads\/2021\/06\/1506_respiratori_ukc.jpg\" \/>\n\t<meta property=\"og:image:width\" content=\"906\" \/>\n\t<meta property=\"og:image:height\" content=\"596\" \/>\n\t<meta property=\"og:image:type\" content=\"image\/jpeg\" \/>\n<meta name=\"author\" content=\"nedim\" \/>\n<meta name=\"twitter:card\" content=\"summary_large_image\" \/>\n<meta name=\"twitter:label1\" content=\"Written by\" \/>\n\t<meta name=\"twitter:data1\" content=\"nedim\" \/>\n\t<meta name=\"twitter:label2\" content=\"Est. reading time\" \/>\n\t<meta name=\"twitter:data2\" content=\"1 minuta\" \/>\n<script type=\"application\/ld+json\" class=\"yoast-schema-graph\">{\"@context\":\"https:\\\/\\\/schema.org\",\"@graph\":[{\"@type\":\"Article\",\"@id\":\"https:\\\/\\\/tuzlainfo.ba\\\/index.php\\\/novosti\\\/item\\\/139587-projekat-fmz-a-ukc-u-tuzla-isporuceno-devet-respiratora\\\/#article\",\"isPartOf\":{\"@id\":\"https:\\\/\\\/tuzlainfo.ba\\\/index.php\\\/novosti\\\/item\\\/139587-projekat-fmz-a-ukc-u-tuzla-isporuceno-devet-respiratora\\\/\"},\"author\":{\"name\":\"nedim\",\"@id\":\"https:\\\/\\\/tuzlainfo.ba\\\/#\\\/schema\\\/person\\\/f434e20dc27ea133923aab08451b7f7f\"},\"headline\":\"Projekat FMZ-a: UKC-u Tuzla isporu\u010deno devet respiratora\",\"datePublished\":\"2021-06-15T10:30:28+00:00\",\"dateModified\":\"2021-06-15T10:31:44+00:00\",\"mainEntityOfPage\":{\"@id\":\"https:\\\/\\\/tuzlainfo.ba\\\/index.php\\\/novosti\\\/item\\\/139587-projekat-fmz-a-ukc-u-tuzla-isporuceno-devet-respiratora\\\/\"},\"wordCount\":124,\"commentCount\":0,\"publisher\":{\"@id\":\"https:\\\/\\\/tuzlainfo.ba\\\/#organization\"},\"image\":{\"@id\":\"https:\\\/\\\/tuzlainfo.ba\\\/index.php\\\/novosti\\\/item\\\/139587-projekat-fmz-a-ukc-u-tuzla-isporuceno-devet-respiratora\\\/#primaryimage\"},\"thumbnailUrl\":\"https:\\\/\\\/tuzlainfo.ba\\\/wp-content\\\/uploads\\\/2021\\\/06\\\/1506_respiratori_ukc.jpg\",\"keywords\":[\"alen kameri\u0107\",\"covid tk\",\"ukc tuzla\"],\"articleSection\":[\"Istaknuto\",\"Novosti\"],\"inLanguage\":\"bs-BA\",\"copyrightYear\":\"2021\",\"copyrightHolder\":{\"@id\":\"https:\\\/\\\/tuzlainfo.ba\\\/#organization\"}},{\"@type\":\"WebPage\",\"@id\":\"https:\\\/\\\/tuzlainfo.ba\\\/index.php\\\/novosti\\\/item\\\/139587-projekat-fmz-a-ukc-u-tuzla-isporuceno-devet-respiratora\\\/\",\"url\":\"https:\\\/\\\/tuzlainfo.ba\\\/index.php\\\/novosti\\\/item\\\/139587-projekat-fmz-a-ukc-u-tuzla-isporuceno-devet-respiratora\\\/\",\"name\":\"Projekat FMZ-a: UKC-u Tuzla isporu\u010deno devet respiratora\",\"isPartOf\":{\"@id\":\"https:\\\/\\\/tuzlainfo.ba\\\/#website\"},\"primaryImageOfPage\":{\"@id\":\"https:\\\/\\\/tuzlainfo.ba\\\/index.php\\\/novosti\\\/item\\\/139587-projekat-fmz-a-ukc-u-tuzla-isporuceno-devet-respiratora\\\/#primaryimage\"},\"image\":{\"@id\":\"https:\\\/\\\/tuzlainfo.ba\\\/index.php\\\/novosti\\\/item\\\/139587-projekat-fmz-a-ukc-u-tuzla-isporuceno-devet-respiratora\\\/#primaryimage\"},\"thumbnailUrl\":\"https:\\\/\\\/tuzlainfo.ba\\\/wp-content\\\/uploads\\\/2021\\\/06\\\/1506_respiratori_ukc.jpg\",\"datePublished\":\"2021-06-15T10:30:28+00:00\",\"dateModified\":\"2021-06-15T10:31:44+00:00\",\"breadcrumb\":{\"@id\":\"https:\\\/\\\/tuzlainfo.ba\\\/index.php\\\/novosti\\\/item\\\/139587-projekat-fmz-a-ukc-u-tuzla-isporuceno-devet-respiratora\\\/#breadcrumb\"},\"inLanguage\":\"bs-BA\",\"potentialAction\":[{\"@type\":\"ReadAction\",\"target\":[\"https:\\\/\\\/tuzlainfo.ba\\\/index.php\\\/novosti\\\/item\\\/139587-projekat-fmz-a-ukc-u-tuzla-isporuceno-devet-respiratora\\\/\"]}]},{\"@type\":\"ImageObject\",\"inLanguage\":\"bs-BA\",\"@id\":\"https:\\\/\\\/tuzlainfo.ba\\\/index.php\\\/novosti\\\/item\\\/139587-projekat-fmz-a-ukc-u-tuzla-isporuceno-devet-respiratora\\\/#primaryimage\",\"url\":\"https:\\\/\\\/tuzlainfo.ba\\\/wp-content\\\/uploads\\\/2021\\\/06\\\/1506_respiratori_ukc.jpg\",\"contentUrl\":\"https:\\\/\\\/tuzlainfo.ba\\\/wp-content\\\/uploads\\\/2021\\\/06\\\/1506_respiratori_ukc.jpg\",\"width\":906,\"height\":596},{\"@type\":\"BreadcrumbList\",\"@id\":\"https:\\\/\\\/tuzlainfo.ba\\\/index.php\\\/novosti\\\/item\\\/139587-projekat-fmz-a-ukc-u-tuzla-isporuceno-devet-respiratora\\\/#breadcrumb\",\"itemListElement\":[{\"@type\":\"ListItem\",\"position\":1,\"name\":\"Home\",\"item\":\"https:\\\/\\\/tuzlainfo.ba\\\/\"},{\"@type\":\"ListItem\",\"position\":2,\"name\":\"Projekat FMZ-a: UKC-u Tuzla isporu\u010deno devet respiratora\"}]},{\"@type\":\"WebSite\",\"@id\":\"https:\\\/\\\/tuzlainfo.ba\\\/#website\",\"url\":\"https:\\\/\\\/tuzlainfo.ba\\\/\",\"name\":\"TuzlaInfo.ba\",\"description\":\"Tuzla info, gradski informator - Tuzla na dlanu\",\"publisher\":{\"@id\":\"https:\\\/\\\/tuzlainfo.ba\\\/#organization\"},\"potentialAction\":[{\"@type\":\"SearchAction\",\"target\":{\"@type\":\"EntryPoint\",\"urlTemplate\":\"https:\\\/\\\/tuzlainfo.ba\\\/?s={search_term_string}\"},\"query-input\":{\"@type\":\"PropertyValueSpecification\",\"valueRequired\":true,\"valueName\":\"search_term_string\"}}],\"inLanguage\":\"bs-BA\"},{\"@type\":\"Organization\",\"@id\":\"https:\\\/\\\/tuzlainfo.ba\\\/#organization\",\"name\":\"TuzlaInfo.ba\",\"url\":\"https:\\\/\\\/tuzlainfo.ba\\\/\",\"logo\":{\"@type\":\"ImageObject\",\"inLanguage\":\"bs-BA\",\"@id\":\"https:\\\/\\\/tuzlainfo.ba\\\/#\\\/schema\\\/logo\\\/image\\\/\",\"url\":\"https:\\\/\\\/tuzlainfo.ba\\\/wp-content\\\/uploads\\\/2021\\\/03\\\/logo-ver-3-1.png\",\"contentUrl\":\"https:\\\/\\\/tuzlainfo.ba\\\/wp-content\\\/uploads\\\/2021\\\/03\\\/logo-ver-3-1.png\",\"width\":350,\"height\":95,\"caption\":\"TuzlaInfo.ba\"},\"image\":{\"@id\":\"https:\\\/\\\/tuzlainfo.ba\\\/#\\\/schema\\\/logo\\\/image\\\/\"},\"sameAs\":[\"https:\\\/\\\/www.facebook.com\\\/tuzlainfo.ba\\\/\"]},{\"@type\":\"Person\",\"@id\":\"https:\\\/\\\/tuzlainfo.ba\\\/#\\\/schema\\\/person\\\/f434e20dc27ea133923aab08451b7f7f\",\"name\":\"nedim\",\"image\":{\"@type\":\"ImageObject\",\"inLanguage\":\"bs-BA\",\"@id\":\"https:\\\/\\\/secure.gravatar.com\\\/avatar\\\/5b928a2e7e70a54208d2eb6c1edcb75a5350d6ae97d5f0a701203d456823f6f3?s=96&d=mm&r=g\",\"url\":\"https:\\\/\\\/secure.gravatar.com\\\/avatar\\\/5b928a2e7e70a54208d2eb6c1edcb75a5350d6ae97d5f0a701203d456823f6f3?s=96&d=mm&r=g\",\"contentUrl\":\"https:\\\/\\\/secure.gravatar.com\\\/avatar\\\/5b928a2e7e70a54208d2eb6c1edcb75a5350d6ae97d5f0a701203d456823f6f3?s=96&d=mm&r=g\",\"caption\":\"nedim\"},\"description\":\"Tuzlainfo.ba pratite na dru\u0161tvenim mre\u017eama: Facebook, Instagram i Youtube. Svoje pri\u010de, upite i fotografije \u0161aljite na na\u0161u e-mail adresu.\"}]}<\/script>\n<!-- \/ Yoast SEO plugin. -->","yoast_head_json":{"title":"Projekat FMZ-a: UKC-u Tuzla isporu\u010deno devet respiratora","robots":{"index":"index","follow":"follow","max-snippet":"max-snippet:-1","max-image-preview":"max-image-preview:large","max-video-preview":"max-video-preview:-1"},"canonical":"https:\/\/tuzlainfo.ba\/index.php\/novosti\/item\/139587-projekat-fmz-a-ukc-u-tuzla-isporuceno-devet-respiratora\/","og_locale":"bs_BA","og_type":"article","og_title":"Projekat FMZ-a: UKC-u Tuzla isporu\u010deno devet respiratora","og_description":"Univerzitetskom klini\u010dkom centru Tuzla isporu\u010deno je devet respiratora koji su nabavljeni u okviru COVID 19 projekta koji se implementira preko Federalnog ministarstva zdravstva, odnosno Jedinice za implementaciju projekata, a koji je finansiran kreditnim sredstvima Svjetske banke. Nabavka pomenutih ure\u0111aja provedena je od strane UNDP-a kao anga\u017eovane Agencije koja u ime Federalnog ministartsva zdravstva provodi procedure [&hellip;]","og_url":"https:\/\/tuzlainfo.ba\/index.php\/novosti\/item\/139587-projekat-fmz-a-ukc-u-tuzla-isporuceno-devet-respiratora\/","og_site_name":"TuzlaInfo.ba","article_publisher":"https:\/\/www.facebook.com\/tuzlainfo.ba\/","article_published_time":"2021-06-15T10:30:28+00:00","article_modified_time":"2021-06-15T10:31:44+00:00","og_image":[{"width":906,"height":596,"url":"https:\/\/tuzlainfo.ba\/wp-content\/uploads\/2021\/06\/1506_respiratori_ukc.jpg","type":"image\/jpeg"}],"author":"nedim","twitter_card":"summary_large_image","twitter_misc":{"Written by":"nedim","Est. reading time":"1 minuta"},"schema":{"@context":"https:\/\/schema.org","@graph":[{"@type":"Article","@id":"https:\/\/tuzlainfo.ba\/index.php\/novosti\/item\/139587-projekat-fmz-a-ukc-u-tuzla-isporuceno-devet-respiratora\/#article","isPartOf":{"@id":"https:\/\/tuzlainfo.ba\/index.php\/novosti\/item\/139587-projekat-fmz-a-ukc-u-tuzla-isporuceno-devet-respiratora\/"},"author":{"name":"nedim","@id":"https:\/\/tuzlainfo.ba\/#\/schema\/person\/f434e20dc27ea133923aab08451b7f7f"},"headline":"Projekat FMZ-a: UKC-u Tuzla isporu\u010deno devet respiratora","datePublished":"2021-06-15T10:30:28+00:00","dateModified":"2021-06-15T10:31:44+00:00","mainEntityOfPage":{"@id":"https:\/\/tuzlainfo.ba\/index.php\/novosti\/item\/139587-projekat-fmz-a-ukc-u-tuzla-isporuceno-devet-respiratora\/"},"wordCount":124,"commentCount":0,"publisher":{"@id":"https:\/\/tuzlainfo.ba\/#organization"},"image":{"@id":"https:\/\/tuzlainfo.ba\/index.php\/novosti\/item\/139587-projekat-fmz-a-ukc-u-tuzla-isporuceno-devet-respiratora\/#primaryimage"},"thumbnailUrl":"https:\/\/tuzlainfo.ba\/wp-content\/uploads\/2021\/06\/1506_respiratori_ukc.jpg","keywords":["alen kameri\u0107","covid tk","ukc tuzla"],"articleSection":["Istaknuto","Novosti"],"inLanguage":"bs-BA","copyrightYear":"2021","copyrightHolder":{"@id":"https:\/\/tuzlainfo.ba\/#organization"}},{"@type":"WebPage","@id":"https:\/\/tuzlainfo.ba\/index.php\/novosti\/item\/139587-projekat-fmz-a-ukc-u-tuzla-isporuceno-devet-respiratora\/","url":"https:\/\/tuzlainfo.ba\/index.php\/novosti\/item\/139587-projekat-fmz-a-ukc-u-tuzla-isporuceno-devet-respiratora\/","name":"Projekat FMZ-a: UKC-u Tuzla isporu\u010deno devet respiratora","isPartOf":{"@id":"https:\/\/tuzlainfo.ba\/#website"},"primaryImageOfPage":{"@id":"https:\/\/tuzlainfo.ba\/index.php\/novosti\/item\/139587-projekat-fmz-a-ukc-u-tuzla-isporuceno-devet-respiratora\/#primaryimage"},"image":{"@id":"https:\/\/tuzlainfo.ba\/index.php\/novosti\/item\/139587-projekat-fmz-a-ukc-u-tuzla-isporuceno-devet-respiratora\/#primaryimage"},"thumbnailUrl":"https:\/\/tuzlainfo.ba\/wp-content\/uploads\/2021\/06\/1506_respiratori_ukc.jpg","datePublished":"2021-06-15T10:30:28+00:00","dateModified":"2021-06-15T10:31:44+00:00","breadcrumb":{"@id":"https:\/\/tuzlainfo.ba\/index.php\/novosti\/item\/139587-projekat-fmz-a-ukc-u-tuzla-isporuceno-devet-respiratora\/#breadcrumb"},"inLanguage":"bs-BA","potentialAction":[{"@type":"ReadAction","target":["https:\/\/tuzlainfo.ba\/index.php\/novosti\/item\/139587-projekat-fmz-a-ukc-u-tuzla-isporuceno-devet-respiratora\/"]}]},{"@type":"ImageObject","inLanguage":"bs-BA","@id":"https:\/\/tuzlainfo.ba\/index.php\/novosti\/item\/139587-projekat-fmz-a-ukc-u-tuzla-isporuceno-devet-respiratora\/#primaryimage","url":"https:\/\/tuzlainfo.ba\/wp-content\/uploads\/2021\/06\/1506_respiratori_ukc.jpg","contentUrl":"https:\/\/tuzlainfo.ba\/wp-content\/uploads\/2021\/06\/1506_respiratori_ukc.jpg","width":906,"height":596},{"@type":"BreadcrumbList","@id":"https:\/\/tuzlainfo.ba\/index.php\/novosti\/item\/139587-projekat-fmz-a-ukc-u-tuzla-isporuceno-devet-respiratora\/#breadcrumb","itemListElement":[{"@type":"ListItem","position":1,"name":"Home","item":"https:\/\/tuzlainfo.ba\/"},{"@type":"ListItem","position":2,"name":"Projekat FMZ-a: UKC-u Tuzla isporu\u010deno devet respiratora"}]},{"@type":"WebSite","@id":"https:\/\/tuzlainfo.ba\/#website","url":"https:\/\/tuzlainfo.ba\/","name":"TuzlaInfo.ba","description":"Tuzla info, gradski informator - Tuzla na dlanu","publisher":{"@id":"https:\/\/tuzlainfo.ba\/#organization"},"potentialAction":[{"@type":"SearchAction","target":{"@type":"EntryPoint","urlTemplate":"https:\/\/tuzlainfo.ba\/?s={search_term_string}"},"query-input":{"@type":"PropertyValueSpecification","valueRequired":true,"valueName":"search_term_string"}}],"inLanguage":"bs-BA"},{"@type":"Organization","@id":"https:\/\/tuzlainfo.ba\/#organization","name":"TuzlaInfo.ba","url":"https:\/\/tuzlainfo.ba\/","logo":{"@type":"ImageObject","inLanguage":"bs-BA","@id":"https:\/\/tuzlainfo.ba\/#\/schema\/logo\/image\/","url":"https:\/\/tuzlainfo.ba\/wp-content\/uploads\/2021\/03\/logo-ver-3-1.png","contentUrl":"https:\/\/tuzlainfo.ba\/wp-content\/uploads\/2021\/03\/logo-ver-3-1.png","width":350,"height":95,"caption":"TuzlaInfo.ba"},"image":{"@id":"https:\/\/tuzlainfo.ba\/#\/schema\/logo\/image\/"},"sameAs":["https:\/\/www.facebook.com\/tuzlainfo.ba\/"]},{"@type":"Person","@id":"https:\/\/tuzlainfo.ba\/#\/schema\/person\/f434e20dc27ea133923aab08451b7f7f","name":"nedim","image":{"@type":"ImageObject","inLanguage":"bs-BA","@id":"https:\/\/secure.gravatar.com\/avatar\/5b928a2e7e70a54208d2eb6c1edcb75a5350d6ae97d5f0a701203d456823f6f3?s=96&d=mm&r=g","url":"https:\/\/secure.gravatar.com\/avatar\/5b928a2e7e70a54208d2eb6c1edcb75a5350d6ae97d5f0a701203d456823f6f3?s=96&d=mm&r=g","contentUrl":"https:\/\/secure.gravatar.com\/avatar\/5b928a2e7e70a54208d2eb6c1edcb75a5350d6ae97d5f0a701203d456823f6f3?s=96&d=mm&r=g","caption":"nedim"},"description":"Tuzlainfo.ba pratite na dru\u0161tvenim mre\u017eama: Facebook, Instagram i Youtube. Svoje pri\u010de, upite i fotografije \u0161aljite na na\u0161u e-mail adresu."}]}},"_links":{"self":[{"href":"https:\/\/tuzlainfo.ba\/index.php\/wp-json\/wp\/v2\/posts\/139587","targetHints":{"allow":["GET"]}}],"collection":[{"href":"https:\/\/tuzlainfo.ba\/index.php\/wp-json\/wp\/v2\/posts"}],"about":[{"href":"https:\/\/tuzlainfo.ba\/index.php\/wp-json\/wp\/v2\/types\/post"}],"author":[{"embeddable":true,"href":"https:\/\/tuzlainfo.ba\/index.php\/wp-json\/wp\/v2\/users\/2"}],"replies":[{"embeddable":true,"href":"https:\/\/tuzlainfo.ba\/index.php\/wp-json\/wp\/v2\/comments?post=139587"}],"version-history":[{"count":0,"href":"https:\/\/tuzlainfo.ba\/index.php\/wp-json\/wp\/v2\/posts\/139587\/revisions"}],"wp:featuredmedia":[{"embeddable":true,"href":"https:\/\/tuzlainfo.ba\/index.php\/wp-json\/wp\/v2\/media\/139589"}],"wp:attachment":[{"href":"https:\/\/tuzlainfo.ba\/index.php\/wp-json\/wp\/v2\/media?parent=139587"}],"wp:term":[{"taxonomy":"category","embeddable":true,"href":"https:\/\/tuzlainfo.ba\/index.php\/wp-json\/wp\/v2\/categories?post=139587"},{"taxonomy":"post_tag","embeddable":true,"href":"https:\/\/tuzlainfo.ba\/index.php\/wp-json\/wp\/v2\/tags?post=139587"}],"curies":[{"name":"wp","href":"https:\/\/api.w.org\/{rel}","templated":true}]}}