{"id":139524,"date":"2021-06-14T14:56:16","date_gmt":"2021-06-14T12:56:16","guid":{"rendered":"https:\/\/tuzlainfo.ba\/?p=139524"},"modified":"2021-06-14T14:56:16","modified_gmt":"2021-06-14T12:56:16","slug":"tuzla-u-srijedu-promocija-knjige-bosanski-rat-i-mir-1992-2020-omera-ibrahimagica","status":"publish","type":"post","link":"https:\/\/tuzlainfo.ba\/index.php\/najava-dogadaja-2\/item\/139524-tuzla-u-srijedu-promocija-knjige-bosanski-rat-i-mir-1992-2020-omera-ibrahimagica\/","title":{"rendered":"Tuzla: U srijedu promocija knjige\u00a0 &#8220;Bosanski rat i mir 1992. &#8211; 2020.&#8221; Omera Ibrahimagi\u0107a"},"content":{"rendered":"<p>U srijedu, 16. juna 2021. godine u 17 sati u Narodnoj i univerzitetskoj biblioteci \u201cDervi\u0161 Su\u0161i\u0107\u201d Tuzla odr\u017eat \u0107e se promocija knjige\u00a0 &#8220;Bosanski rat i mir 1992. &#8211; 2020.&#8221;, akademika Omera Ibrahimagi\u0107a.<\/p>\n<p>Promotori knjihe bit \u0107e prof dr.Izudin Hasanovi\u0107, redovni profesor, prof.dr. Edin Mufti\u0107, vanredni profesor i prof.dr. Omer Hamzi\u0107, vanredni profesor<\/p>\n<p>Najnovija knjiga akademika Omera Ibrahimagi\u0107a \u201cBosanski rat i mir 1992 &#8211; 2020\u201d donosi nam, na gotovo 700 stranica, jedinstvenu antologiju 65 va\u017enih Ibrahimagi\u0107evih radova, od kojih je ve\u0107ina bila objavljena u \u0161tampi, znanstvenoj periodici ili u prethodnim izdanjima ovog plodnog autora.<\/p>\n<p>Prezentovani hronolo\u0161ki, od 1992. do 2020. godine, tekstovi svjedo\u010de o Ibrahimagi\u0107evoj istrajnoj, \u017eivoj i kontinuiranoj intelektualnoj borbi za ideju i realizaciju Bosne, borbi za istinu o hstorijskoj utemeljenosti i politi\u010dko-pravnoj legitimnosti njene samostalnosti i suverenosti i borbi za mogu\u0107nost zajedni\u010dkog \u017eivota njenih ravnopravnih naroda u modernoj, demokratskoj dr\u017eavi.<\/p>\n","protected":false},"excerpt":{"rendered":"<p>U srijedu, 16. juna 2021. godine u 17 sati u Narodnoj i univerzitetskoj biblioteci \u201cDervi\u0161&hellip;<\/p>\n","protected":false},"author":2,"featured_media":139525,"comment_status":"open","ping_status":"closed","sticky":false,"template":"","format":"standard","meta":{"_acf_changed":false,"footnotes":""},"categories":[11],"tags":[21,1593,1594,1486],"acf":[],"yoast_head":"<!-- This site is optimized with the Yoast SEO plugin v23.5 - https:\/\/yoast.com\/wordpress\/plugins\/seo\/ -->\n<title>Tuzla: U srijedu promocija knjige\u00a0 &quot;Bosanski rat i mir 1992. - 2020.&quot; Omera Ibrahimagi\u0107a - TuzlaInfo.ba<\/title>\n<meta name=\"robots\" content=\"index, follow, max-snippet:-1, max-image-preview:large, max-video-preview:-1\" \/>\n<link rel=\"canonical\" href=\"https:\/\/tuzlainfo.ba\/index.php\/najava-dogadaja-2\/item\/139524-tuzla-u-srijedu-promocija-knjige-bosanski-rat-i-mir-1992-2020-omera-ibrahimagica\/\" \/>\n<meta property=\"og:locale\" content=\"bs_BA\" \/>\n<meta property=\"og:type\" content=\"article\" \/>\n<meta property=\"og:title\" content=\"Tuzla: U srijedu promocija knjige\u00a0 &quot;Bosanski rat i mir 1992. - 2020.&quot; Omera Ibrahimagi\u0107a - TuzlaInfo.ba\" \/>\n<meta property=\"og:description\" content=\"U srijedu, 16. juna 2021. godine u 17 sati u Narodnoj i univerzitetskoj biblioteci \u201cDervi\u0161&hellip;\" \/>\n<meta property=\"og:url\" content=\"https:\/\/tuzlainfo.ba\/index.php\/najava-dogadaja-2\/item\/139524-tuzla-u-srijedu-promocija-knjige-bosanski-rat-i-mir-1992-2020-omera-ibrahimagica\/\" \/>\n<meta property=\"og:site_name\" content=\"TuzlaInfo.ba\" \/>\n<meta property=\"article:publisher\" content=\"https:\/\/www.facebook.com\/tuzlainfo.ba\/\" \/>\n<meta property=\"article:published_time\" content=\"2021-06-14T12:56:16+00:00\" \/>\n<meta property=\"og:image\" content=\"https:\/\/tuzlainfo.ba\/wp-content\/uploads\/2021\/06\/1406_promocija.jpg\" \/>\n\t<meta property=\"og:image:width\" content=\"1034\" \/>\n\t<meta property=\"og:image:height\" content=\"686\" \/>\n\t<meta property=\"og:image:type\" content=\"image\/jpeg\" \/>\n<meta name=\"author\" content=\"nedim\" \/>\n<meta name=\"twitter:card\" content=\"summary_large_image\" \/>\n<meta name=\"twitter:label1\" content=\"Written by\" \/>\n\t<meta name=\"twitter:data1\" content=\"nedim\" \/>\n\t<meta name=\"twitter:label2\" content=\"Est. reading time\" \/>\n\t<meta name=\"twitter:data2\" content=\"1 minuta\" \/>\n<script type=\"application\/ld+json\" class=\"yoast-schema-graph\">{\"@context\":\"https:\/\/schema.org\",\"@graph\":[{\"@type\":\"Article\",\"@id\":\"https:\/\/tuzlainfo.ba\/index.php\/najava-dogadaja-2\/item\/139524-tuzla-u-srijedu-promocija-knjige-bosanski-rat-i-mir-1992-2020-omera-ibrahimagica\/#article\",\"isPartOf\":{\"@id\":\"https:\/\/tuzlainfo.ba\/index.php\/najava-dogadaja-2\/item\/139524-tuzla-u-srijedu-promocija-knjige-bosanski-rat-i-mir-1992-2020-omera-ibrahimagica\/\"},\"author\":{\"name\":\"nedim\",\"@id\":\"https:\/\/tuzlainfo.ba\/#\/schema\/person\/f434e20dc27ea133923aab08451b7f7f\"},\"headline\":\"Tuzla: U srijedu promocija knjige\u00a0 &#8220;Bosanski rat i mir 1992. &#8211; 2020.&#8221; Omera Ibrahimagi\u0107a\",\"datePublished\":\"2021-06-14T12:56:16+00:00\",\"dateModified\":\"2021-06-14T12:56:16+00:00\",\"mainEntityOfPage\":{\"@id\":\"https:\/\/tuzlainfo.ba\/index.php\/najava-dogadaja-2\/item\/139524-tuzla-u-srijedu-promocija-knjige-bosanski-rat-i-mir-1992-2020-omera-ibrahimagica\/\"},\"wordCount\":160,\"commentCount\":0,\"publisher\":{\"@id\":\"https:\/\/tuzlainfo.ba\/#organization\"},\"image\":{\"@id\":\"https:\/\/tuzlainfo.ba\/index.php\/najava-dogadaja-2\/item\/139524-tuzla-u-srijedu-promocija-knjige-bosanski-rat-i-mir-1992-2020-omera-ibrahimagica\/#primaryimage\"},\"thumbnailUrl\":\"https:\/\/tuzlainfo.ba\/wp-content\/uploads\/2021\/06\/1406_promocija.jpg\",\"keywords\":[\"biblioteka\",\"biblioteka dervi\u0161 su\u0161i\u0107\",\"omer ibrahimagi\u0107\",\"promocija knjige\"],\"articleSection\":[\"Najave i doga\u0111aji\"],\"inLanguage\":\"bs-BA\"},{\"@type\":\"WebPage\",\"@id\":\"https:\/\/tuzlainfo.ba\/index.php\/najava-dogadaja-2\/item\/139524-tuzla-u-srijedu-promocija-knjige-bosanski-rat-i-mir-1992-2020-omera-ibrahimagica\/\",\"url\":\"https:\/\/tuzlainfo.ba\/index.php\/najava-dogadaja-2\/item\/139524-tuzla-u-srijedu-promocija-knjige-bosanski-rat-i-mir-1992-2020-omera-ibrahimagica\/\",\"name\":\"Tuzla: U srijedu promocija knjige\u00a0 \\\"Bosanski rat i mir 1992. - 2020.\\\" Omera Ibrahimagi\u0107a - TuzlaInfo.ba\",\"isPartOf\":{\"@id\":\"https:\/\/tuzlainfo.ba\/#website\"},\"primaryImageOfPage\":{\"@id\":\"https:\/\/tuzlainfo.ba\/index.php\/najava-dogadaja-2\/item\/139524-tuzla-u-srijedu-promocija-knjige-bosanski-rat-i-mir-1992-2020-omera-ibrahimagica\/#primaryimage\"},\"image\":{\"@id\":\"https:\/\/tuzlainfo.ba\/index.php\/najava-dogadaja-2\/item\/139524-tuzla-u-srijedu-promocija-knjige-bosanski-rat-i-mir-1992-2020-omera-ibrahimagica\/#primaryimage\"},\"thumbnailUrl\":\"https:\/\/tuzlainfo.ba\/wp-content\/uploads\/2021\/06\/1406_promocija.jpg\",\"datePublished\":\"2021-06-14T12:56:16+00:00\",\"dateModified\":\"2021-06-14T12:56:16+00:00\",\"breadcrumb\":{\"@id\":\"https:\/\/tuzlainfo.ba\/index.php\/najava-dogadaja-2\/item\/139524-tuzla-u-srijedu-promocija-knjige-bosanski-rat-i-mir-1992-2020-omera-ibrahimagica\/#breadcrumb\"},\"inLanguage\":\"bs-BA\",\"potentialAction\":[{\"@type\":\"ReadAction\",\"target\":[\"https:\/\/tuzlainfo.ba\/index.php\/najava-dogadaja-2\/item\/139524-tuzla-u-srijedu-promocija-knjige-bosanski-rat-i-mir-1992-2020-omera-ibrahimagica\/\"]}]},{\"@type\":\"ImageObject\",\"inLanguage\":\"bs-BA\",\"@id\":\"https:\/\/tuzlainfo.ba\/index.php\/najava-dogadaja-2\/item\/139524-tuzla-u-srijedu-promocija-knjige-bosanski-rat-i-mir-1992-2020-omera-ibrahimagica\/#primaryimage\",\"url\":\"https:\/\/tuzlainfo.ba\/wp-content\/uploads\/2021\/06\/1406_promocija.jpg\",\"contentUrl\":\"https:\/\/tuzlainfo.ba\/wp-content\/uploads\/2021\/06\/1406_promocija.jpg\",\"width\":1034,\"height\":686},{\"@type\":\"BreadcrumbList\",\"@id\":\"https:\/\/tuzlainfo.ba\/index.php\/najava-dogadaja-2\/item\/139524-tuzla-u-srijedu-promocija-knjige-bosanski-rat-i-mir-1992-2020-omera-ibrahimagica\/#breadcrumb\",\"itemListElement\":[{\"@type\":\"ListItem\",\"position\":1,\"name\":\"Home\",\"item\":\"https:\/\/tuzlainfo.ba\/\"},{\"@type\":\"ListItem\",\"position\":2,\"name\":\"Tuzla: U srijedu promocija knjige\u00a0 &#8220;Bosanski rat i mir 1992. &#8211; 2020.&#8221; Omera Ibrahimagi\u0107a\"}]},{\"@type\":\"WebSite\",\"@id\":\"https:\/\/tuzlainfo.ba\/#website\",\"url\":\"https:\/\/tuzlainfo.ba\/\",\"name\":\"TuzlaInfo.ba\",\"description\":\"Tuzla info, gradski informator - Tuzla na dlanu\",\"publisher\":{\"@id\":\"https:\/\/tuzlainfo.ba\/#organization\"},\"potentialAction\":[{\"@type\":\"SearchAction\",\"target\":{\"@type\":\"EntryPoint\",\"urlTemplate\":\"https:\/\/tuzlainfo.ba\/?s={search_term_string}\"},\"query-input\":{\"@type\":\"PropertyValueSpecification\",\"valueRequired\":true,\"valueName\":\"search_term_string\"}}],\"inLanguage\":\"bs-BA\"},{\"@type\":\"Organization\",\"@id\":\"https:\/\/tuzlainfo.ba\/#organization\",\"name\":\"TuzlaInfo.ba\",\"url\":\"https:\/\/tuzlainfo.ba\/\",\"logo\":{\"@type\":\"ImageObject\",\"inLanguage\":\"bs-BA\",\"@id\":\"https:\/\/tuzlainfo.ba\/#\/schema\/logo\/image\/\",\"url\":\"https:\/\/tuzlainfo.ba\/wp-content\/uploads\/2021\/03\/logo-ver-3-1.png\",\"contentUrl\":\"https:\/\/tuzlainfo.ba\/wp-content\/uploads\/2021\/03\/logo-ver-3-1.png\",\"width\":350,\"height\":95,\"caption\":\"TuzlaInfo.ba\"},\"image\":{\"@id\":\"https:\/\/tuzlainfo.ba\/#\/schema\/logo\/image\/\"},\"sameAs\":[\"https:\/\/www.facebook.com\/tuzlainfo.ba\/\"]},{\"@type\":\"Person\",\"@id\":\"https:\/\/tuzlainfo.ba\/#\/schema\/person\/f434e20dc27ea133923aab08451b7f7f\",\"name\":\"nedim\",\"image\":{\"@type\":\"ImageObject\",\"inLanguage\":\"bs-BA\",\"@id\":\"https:\/\/tuzlainfo.ba\/#\/schema\/person\/image\/\",\"url\":\"https:\/\/tuzlainfo.ba\/wp-content\/litespeed\/avatar\/aabad687af24844af817603ac1cbdc4f.jpg?ver=1777306975\",\"contentUrl\":\"https:\/\/tuzlainfo.ba\/wp-content\/litespeed\/avatar\/aabad687af24844af817603ac1cbdc4f.jpg?ver=1777306975\",\"caption\":\"nedim\"},\"description\":\"Tuzlainfo.ba pratite na dru\u0161tvenim mre\u017eama: Facebook, Instagram i Youtube. Svoje pri\u010de, upite i fotografije \u0161aljite na na\u0161u e-mail adresu.\"}]}<\/script>\n<!-- \/ Yoast SEO plugin. -->","yoast_head_json":{"title":"Tuzla: U srijedu promocija knjige\u00a0 \"Bosanski rat i mir 1992. - 2020.\" Omera Ibrahimagi\u0107a - TuzlaInfo.ba","robots":{"index":"index","follow":"follow","max-snippet":"max-snippet:-1","max-image-preview":"max-image-preview:large","max-video-preview":"max-video-preview:-1"},"canonical":"https:\/\/tuzlainfo.ba\/index.php\/najava-dogadaja-2\/item\/139524-tuzla-u-srijedu-promocija-knjige-bosanski-rat-i-mir-1992-2020-omera-ibrahimagica\/","og_locale":"bs_BA","og_type":"article","og_title":"Tuzla: U srijedu promocija knjige\u00a0 \"Bosanski rat i mir 1992. - 2020.\" Omera Ibrahimagi\u0107a - TuzlaInfo.ba","og_description":"U srijedu, 16. juna 2021. godine u 17 sati u Narodnoj i univerzitetskoj biblioteci \u201cDervi\u0161&hellip;","og_url":"https:\/\/tuzlainfo.ba\/index.php\/najava-dogadaja-2\/item\/139524-tuzla-u-srijedu-promocija-knjige-bosanski-rat-i-mir-1992-2020-omera-ibrahimagica\/","og_site_name":"TuzlaInfo.ba","article_publisher":"https:\/\/www.facebook.com\/tuzlainfo.ba\/","article_published_time":"2021-06-14T12:56:16+00:00","og_image":[{"width":1034,"height":686,"url":"https:\/\/tuzlainfo.ba\/wp-content\/uploads\/2021\/06\/1406_promocija.jpg","type":"image\/jpeg"}],"author":"nedim","twitter_card":"summary_large_image","twitter_misc":{"Written by":"nedim","Est. reading time":"1 minuta"},"schema":{"@context":"https:\/\/schema.org","@graph":[{"@type":"Article","@id":"https:\/\/tuzlainfo.ba\/index.php\/najava-dogadaja-2\/item\/139524-tuzla-u-srijedu-promocija-knjige-bosanski-rat-i-mir-1992-2020-omera-ibrahimagica\/#article","isPartOf":{"@id":"https:\/\/tuzlainfo.ba\/index.php\/najava-dogadaja-2\/item\/139524-tuzla-u-srijedu-promocija-knjige-bosanski-rat-i-mir-1992-2020-omera-ibrahimagica\/"},"author":{"name":"nedim","@id":"https:\/\/tuzlainfo.ba\/#\/schema\/person\/f434e20dc27ea133923aab08451b7f7f"},"headline":"Tuzla: U srijedu promocija knjige\u00a0 &#8220;Bosanski rat i mir 1992. &#8211; 2020.&#8221; Omera Ibrahimagi\u0107a","datePublished":"2021-06-14T12:56:16+00:00","dateModified":"2021-06-14T12:56:16+00:00","mainEntityOfPage":{"@id":"https:\/\/tuzlainfo.ba\/index.php\/najava-dogadaja-2\/item\/139524-tuzla-u-srijedu-promocija-knjige-bosanski-rat-i-mir-1992-2020-omera-ibrahimagica\/"},"wordCount":160,"commentCount":0,"publisher":{"@id":"https:\/\/tuzlainfo.ba\/#organization"},"image":{"@id":"https:\/\/tuzlainfo.ba\/index.php\/najava-dogadaja-2\/item\/139524-tuzla-u-srijedu-promocija-knjige-bosanski-rat-i-mir-1992-2020-omera-ibrahimagica\/#primaryimage"},"thumbnailUrl":"https:\/\/tuzlainfo.ba\/wp-content\/uploads\/2021\/06\/1406_promocija.jpg","keywords":["biblioteka","biblioteka dervi\u0161 su\u0161i\u0107","omer ibrahimagi\u0107","promocija knjige"],"articleSection":["Najave i doga\u0111aji"],"inLanguage":"bs-BA"},{"@type":"WebPage","@id":"https:\/\/tuzlainfo.ba\/index.php\/najava-dogadaja-2\/item\/139524-tuzla-u-srijedu-promocija-knjige-bosanski-rat-i-mir-1992-2020-omera-ibrahimagica\/","url":"https:\/\/tuzlainfo.ba\/index.php\/najava-dogadaja-2\/item\/139524-tuzla-u-srijedu-promocija-knjige-bosanski-rat-i-mir-1992-2020-omera-ibrahimagica\/","name":"Tuzla: U srijedu promocija knjige\u00a0 \"Bosanski rat i mir 1992. - 2020.\" Omera Ibrahimagi\u0107a - TuzlaInfo.ba","isPartOf":{"@id":"https:\/\/tuzlainfo.ba\/#website"},"primaryImageOfPage":{"@id":"https:\/\/tuzlainfo.ba\/index.php\/najava-dogadaja-2\/item\/139524-tuzla-u-srijedu-promocija-knjige-bosanski-rat-i-mir-1992-2020-omera-ibrahimagica\/#primaryimage"},"image":{"@id":"https:\/\/tuzlainfo.ba\/index.php\/najava-dogadaja-2\/item\/139524-tuzla-u-srijedu-promocija-knjige-bosanski-rat-i-mir-1992-2020-omera-ibrahimagica\/#primaryimage"},"thumbnailUrl":"https:\/\/tuzlainfo.ba\/wp-content\/uploads\/2021\/06\/1406_promocija.jpg","datePublished":"2021-06-14T12:56:16+00:00","dateModified":"2021-06-14T12:56:16+00:00","breadcrumb":{"@id":"https:\/\/tuzlainfo.ba\/index.php\/najava-dogadaja-2\/item\/139524-tuzla-u-srijedu-promocija-knjige-bosanski-rat-i-mir-1992-2020-omera-ibrahimagica\/#breadcrumb"},"inLanguage":"bs-BA","potentialAction":[{"@type":"ReadAction","target":["https:\/\/tuzlainfo.ba\/index.php\/najava-dogadaja-2\/item\/139524-tuzla-u-srijedu-promocija-knjige-bosanski-rat-i-mir-1992-2020-omera-ibrahimagica\/"]}]},{"@type":"ImageObject","inLanguage":"bs-BA","@id":"https:\/\/tuzlainfo.ba\/index.php\/najava-dogadaja-2\/item\/139524-tuzla-u-srijedu-promocija-knjige-bosanski-rat-i-mir-1992-2020-omera-ibrahimagica\/#primaryimage","url":"https:\/\/tuzlainfo.ba\/wp-content\/uploads\/2021\/06\/1406_promocija.jpg","contentUrl":"https:\/\/tuzlainfo.ba\/wp-content\/uploads\/2021\/06\/1406_promocija.jpg","width":1034,"height":686},{"@type":"BreadcrumbList","@id":"https:\/\/tuzlainfo.ba\/index.php\/najava-dogadaja-2\/item\/139524-tuzla-u-srijedu-promocija-knjige-bosanski-rat-i-mir-1992-2020-omera-ibrahimagica\/#breadcrumb","itemListElement":[{"@type":"ListItem","position":1,"name":"Home","item":"https:\/\/tuzlainfo.ba\/"},{"@type":"ListItem","position":2,"name":"Tuzla: U srijedu promocija knjige\u00a0 &#8220;Bosanski rat i mir 1992. &#8211; 2020.&#8221; Omera Ibrahimagi\u0107a"}]},{"@type":"WebSite","@id":"https:\/\/tuzlainfo.ba\/#website","url":"https:\/\/tuzlainfo.ba\/","name":"TuzlaInfo.ba","description":"Tuzla info, gradski informator - Tuzla na dlanu","publisher":{"@id":"https:\/\/tuzlainfo.ba\/#organization"},"potentialAction":[{"@type":"SearchAction","target":{"@type":"EntryPoint","urlTemplate":"https:\/\/tuzlainfo.ba\/?s={search_term_string}"},"query-input":{"@type":"PropertyValueSpecification","valueRequired":true,"valueName":"search_term_string"}}],"inLanguage":"bs-BA"},{"@type":"Organization","@id":"https:\/\/tuzlainfo.ba\/#organization","name":"TuzlaInfo.ba","url":"https:\/\/tuzlainfo.ba\/","logo":{"@type":"ImageObject","inLanguage":"bs-BA","@id":"https:\/\/tuzlainfo.ba\/#\/schema\/logo\/image\/","url":"https:\/\/tuzlainfo.ba\/wp-content\/uploads\/2021\/03\/logo-ver-3-1.png","contentUrl":"https:\/\/tuzlainfo.ba\/wp-content\/uploads\/2021\/03\/logo-ver-3-1.png","width":350,"height":95,"caption":"TuzlaInfo.ba"},"image":{"@id":"https:\/\/tuzlainfo.ba\/#\/schema\/logo\/image\/"},"sameAs":["https:\/\/www.facebook.com\/tuzlainfo.ba\/"]},{"@type":"Person","@id":"https:\/\/tuzlainfo.ba\/#\/schema\/person\/f434e20dc27ea133923aab08451b7f7f","name":"nedim","image":{"@type":"ImageObject","inLanguage":"bs-BA","@id":"https:\/\/tuzlainfo.ba\/#\/schema\/person\/image\/","url":"https:\/\/tuzlainfo.ba\/wp-content\/litespeed\/avatar\/aabad687af24844af817603ac1cbdc4f.jpg?ver=1777306975","contentUrl":"https:\/\/tuzlainfo.ba\/wp-content\/litespeed\/avatar\/aabad687af24844af817603ac1cbdc4f.jpg?ver=1777306975","caption":"nedim"},"description":"Tuzlainfo.ba pratite na dru\u0161tvenim mre\u017eama: Facebook, Instagram i Youtube. Svoje pri\u010de, upite i fotografije \u0161aljite na na\u0161u e-mail adresu."}]}},"_links":{"self":[{"href":"https:\/\/tuzlainfo.ba\/index.php\/wp-json\/wp\/v2\/posts\/139524"}],"collection":[{"href":"https:\/\/tuzlainfo.ba\/index.php\/wp-json\/wp\/v2\/posts"}],"about":[{"href":"https:\/\/tuzlainfo.ba\/index.php\/wp-json\/wp\/v2\/types\/post"}],"author":[{"embeddable":true,"href":"https:\/\/tuzlainfo.ba\/index.php\/wp-json\/wp\/v2\/users\/2"}],"replies":[{"embeddable":true,"href":"https:\/\/tuzlainfo.ba\/index.php\/wp-json\/wp\/v2\/comments?post=139524"}],"version-history":[{"count":0,"href":"https:\/\/tuzlainfo.ba\/index.php\/wp-json\/wp\/v2\/posts\/139524\/revisions"}],"wp:featuredmedia":[{"embeddable":true,"href":"https:\/\/tuzlainfo.ba\/index.php\/wp-json\/wp\/v2\/media\/139525"}],"wp:attachment":[{"href":"https:\/\/tuzlainfo.ba\/index.php\/wp-json\/wp\/v2\/media?parent=139524"}],"wp:term":[{"taxonomy":"category","embeddable":true,"href":"https:\/\/tuzlainfo.ba\/index.php\/wp-json\/wp\/v2\/categories?post=139524"},{"taxonomy":"post_tag","embeddable":true,"href":"https:\/\/tuzlainfo.ba\/index.php\/wp-json\/wp\/v2\/tags?post=139524"}],"curies":[{"name":"wp","href":"https:\/\/api.w.org\/{rel}","templated":true}]}}