{"id":139403,"date":"2021-06-12T15:01:07","date_gmt":"2021-06-12T13:01:07","guid":{"rendered":"https:\/\/tuzlainfo.ba\/?p=139403"},"modified":"2021-06-12T12:41:26","modified_gmt":"2021-06-12T10:41:26","slug":"prijedlog-zakona-u-tk-umanjenje-pausala-za-odsustvovanje-sa-sjednica","status":"publish","type":"post","link":"https:\/\/tuzlainfo.ba\/index.php\/novosti\/item\/139403-prijedlog-zakona-u-tk-umanjenje-pausala-za-odsustvovanje-sa-sjednica\/","title":{"rendered":"Prijedlog Zakona u TK: Umanjenje pau\u0161ala za odsustvovanje sa sjednica"},"content":{"rendered":"<p>Na posljednjoj sjednici Vlade Tuzlanskog kantona je utvr\u0111en prijedlog Zakona o izmjenama Zakona o pla\u0107ama i naknada izabranih du\u017enosnika, nosilaca izvrsnih funkcija, savjetnika u organima zakonodavne i izvrsne vlasti Tuzlanskog kantona.<\/p>\n<p>Ovim izmjenama predvi\u0111eno je da se izabranim du\u017enosnicima iznos pau\u0161ala umanjuje se za 10% za svako odsustvovanje sa sjednice Skup\u0161tine Kantona ili radnog tijela, osim u slu\u010dajevima odsustvovanja zbog bolovanja, smrtnog slu\u010daja u porodici, kori\u0161tenja godi\u0161njeg odmora ili odobrenog odsustva.<\/p>\n<p>Tako\u0111er, izmjenama se predvi\u0111a da vanskup\u0161tinski \u010dlanovi radnih tijela Skup\u0161tine Kantona imaju pravo na mjese\u010dnu naknadu za prisustvo radnom tijelu Skup\u0161tine, pod uslovom da je odr\u017eana najmanje jedna sjednica tog radnog tijela u mjesecu, bez obzira na broj radnih tijela \u010diji su \u010dlanovi, a koja se umanjuje za 10% za svako odsustvovanje sa sjednice radnog tijela, osim u slu\u010dajevima odsustvovanja zbog bolovanja ili smrtnog slu\u010daja u porodici.<\/p>\n<p>Prijedlog \u0107e biti upu\u0107en Skup\u0161tini Tuzlanskog kantona.<\/p>\n","protected":false},"excerpt":{"rendered":"<p>Na posljednjoj sjednici Vlade Tuzlanskog kantona je utvr\u0111en prijedlog Zakona o izmjenama Zakona o pla\u0107ama&hellip;<\/p>\n","protected":false},"author":2,"featured_media":85023,"comment_status":"open","ping_status":"closed","sticky":false,"template":"","format":"standard","meta":{"_acf_changed":false,"footnotes":""},"categories":[12],"tags":[1568,567,336],"acf":[],"yoast_head":"<!-- This site is optimized with the Yoast SEO plugin v23.5 - https:\/\/yoast.com\/wordpress\/plugins\/seo\/ -->\n<title>Prijedlog Zakona u TK: Umanjenje pau\u0161ala za odsustvovanje sa sjednica - TuzlaInfo.ba<\/title>\n<meta name=\"robots\" content=\"index, follow, max-snippet:-1, max-image-preview:large, max-video-preview:-1\" \/>\n<link rel=\"canonical\" href=\"https:\/\/tuzlainfo.ba\/index.php\/novosti\/item\/139403-prijedlog-zakona-u-tk-umanjenje-pausala-za-odsustvovanje-sa-sjednica\/\" \/>\n<meta property=\"og:locale\" content=\"bs_BA\" \/>\n<meta property=\"og:type\" content=\"article\" \/>\n<meta property=\"og:title\" content=\"Prijedlog Zakona u TK: Umanjenje pau\u0161ala za odsustvovanje sa sjednica - TuzlaInfo.ba\" \/>\n<meta property=\"og:description\" content=\"Na posljednjoj sjednici Vlade Tuzlanskog kantona je utvr\u0111en prijedlog Zakona o izmjenama Zakona o pla\u0107ama&hellip;\" \/>\n<meta property=\"og:url\" content=\"https:\/\/tuzlainfo.ba\/index.php\/novosti\/item\/139403-prijedlog-zakona-u-tk-umanjenje-pausala-za-odsustvovanje-sa-sjednica\/\" \/>\n<meta property=\"og:site_name\" content=\"TuzlaInfo.ba\" \/>\n<meta property=\"article:publisher\" content=\"https:\/\/www.facebook.com\/tuzlainfo.ba\/\" \/>\n<meta property=\"article:published_time\" content=\"2021-06-12T13:01:07+00:00\" \/>\n<meta property=\"article:modified_time\" content=\"2021-06-12T10:41:26+00:00\" \/>\n<meta property=\"og:image\" content=\"https:\/\/tuzlainfo.ba\/wp-content\/uploads\/2020\/12\/sadrzaj_2020_20201201_1612_skupstina_tk.jpg\" \/>\n\t<meta property=\"og:image:width\" content=\"770\" \/>\n\t<meta property=\"og:image:height\" content=\"576\" \/>\n\t<meta property=\"og:image:type\" content=\"image\/jpeg\" \/>\n<meta name=\"author\" content=\"nedim\" \/>\n<meta name=\"twitter:card\" content=\"summary_large_image\" \/>\n<meta name=\"twitter:label1\" content=\"Written by\" \/>\n\t<meta name=\"twitter:data1\" content=\"nedim\" \/>\n\t<meta name=\"twitter:label2\" content=\"Est. reading time\" \/>\n\t<meta name=\"twitter:data2\" content=\"1 minuta\" \/>\n<script type=\"application\/ld+json\" class=\"yoast-schema-graph\">{\"@context\":\"https:\/\/schema.org\",\"@graph\":[{\"@type\":\"Article\",\"@id\":\"https:\/\/tuzlainfo.ba\/index.php\/novosti\/item\/139403-prijedlog-zakona-u-tk-umanjenje-pausala-za-odsustvovanje-sa-sjednica\/#article\",\"isPartOf\":{\"@id\":\"https:\/\/tuzlainfo.ba\/index.php\/novosti\/item\/139403-prijedlog-zakona-u-tk-umanjenje-pausala-za-odsustvovanje-sa-sjednica\/\"},\"author\":{\"name\":\"nedim\",\"@id\":\"https:\/\/tuzlainfo.ba\/#\/schema\/person\/f434e20dc27ea133923aab08451b7f7f\"},\"headline\":\"Prijedlog Zakona u TK: Umanjenje pau\u0161ala za odsustvovanje sa sjednica\",\"datePublished\":\"2021-06-12T13:01:07+00:00\",\"dateModified\":\"2021-06-12T10:41:26+00:00\",\"mainEntityOfPage\":{\"@id\":\"https:\/\/tuzlainfo.ba\/index.php\/novosti\/item\/139403-prijedlog-zakona-u-tk-umanjenje-pausala-za-odsustvovanje-sa-sjednica\/\"},\"wordCount\":176,\"commentCount\":0,\"publisher\":{\"@id\":\"https:\/\/tuzlainfo.ba\/#organization\"},\"image\":{\"@id\":\"https:\/\/tuzlainfo.ba\/index.php\/novosti\/item\/139403-prijedlog-zakona-u-tk-umanjenje-pausala-za-odsustvovanje-sa-sjednica\/#primaryimage\"},\"thumbnailUrl\":\"https:\/\/tuzlainfo.ba\/wp-content\/uploads\/2020\/12\/sadrzaj_2020_20201201_1612_skupstina_tk.jpg\",\"keywords\":[\"prijedlog zakona\",\"skup\u0161tina tk\",\"vlada tk\"],\"articleSection\":[\"Novosti\"],\"inLanguage\":\"bs-BA\"},{\"@type\":\"WebPage\",\"@id\":\"https:\/\/tuzlainfo.ba\/index.php\/novosti\/item\/139403-prijedlog-zakona-u-tk-umanjenje-pausala-za-odsustvovanje-sa-sjednica\/\",\"url\":\"https:\/\/tuzlainfo.ba\/index.php\/novosti\/item\/139403-prijedlog-zakona-u-tk-umanjenje-pausala-za-odsustvovanje-sa-sjednica\/\",\"name\":\"Prijedlog Zakona u TK: Umanjenje pau\u0161ala za odsustvovanje sa sjednica - TuzlaInfo.ba\",\"isPartOf\":{\"@id\":\"https:\/\/tuzlainfo.ba\/#website\"},\"primaryImageOfPage\":{\"@id\":\"https:\/\/tuzlainfo.ba\/index.php\/novosti\/item\/139403-prijedlog-zakona-u-tk-umanjenje-pausala-za-odsustvovanje-sa-sjednica\/#primaryimage\"},\"image\":{\"@id\":\"https:\/\/tuzlainfo.ba\/index.php\/novosti\/item\/139403-prijedlog-zakona-u-tk-umanjenje-pausala-za-odsustvovanje-sa-sjednica\/#primaryimage\"},\"thumbnailUrl\":\"https:\/\/tuzlainfo.ba\/wp-content\/uploads\/2020\/12\/sadrzaj_2020_20201201_1612_skupstina_tk.jpg\",\"datePublished\":\"2021-06-12T13:01:07+00:00\",\"dateModified\":\"2021-06-12T10:41:26+00:00\",\"breadcrumb\":{\"@id\":\"https:\/\/tuzlainfo.ba\/index.php\/novosti\/item\/139403-prijedlog-zakona-u-tk-umanjenje-pausala-za-odsustvovanje-sa-sjednica\/#breadcrumb\"},\"inLanguage\":\"bs-BA\",\"potentialAction\":[{\"@type\":\"ReadAction\",\"target\":[\"https:\/\/tuzlainfo.ba\/index.php\/novosti\/item\/139403-prijedlog-zakona-u-tk-umanjenje-pausala-za-odsustvovanje-sa-sjednica\/\"]}]},{\"@type\":\"ImageObject\",\"inLanguage\":\"bs-BA\",\"@id\":\"https:\/\/tuzlainfo.ba\/index.php\/novosti\/item\/139403-prijedlog-zakona-u-tk-umanjenje-pausala-za-odsustvovanje-sa-sjednica\/#primaryimage\",\"url\":\"https:\/\/tuzlainfo.ba\/wp-content\/uploads\/2020\/12\/sadrzaj_2020_20201201_1612_skupstina_tk.jpg\",\"contentUrl\":\"https:\/\/tuzlainfo.ba\/wp-content\/uploads\/2020\/12\/sadrzaj_2020_20201201_1612_skupstina_tk.jpg\",\"width\":770,\"height\":576,\"caption\":\"1612 skupstina tk\"},{\"@type\":\"BreadcrumbList\",\"@id\":\"https:\/\/tuzlainfo.ba\/index.php\/novosti\/item\/139403-prijedlog-zakona-u-tk-umanjenje-pausala-za-odsustvovanje-sa-sjednica\/#breadcrumb\",\"itemListElement\":[{\"@type\":\"ListItem\",\"position\":1,\"name\":\"Home\",\"item\":\"https:\/\/tuzlainfo.ba\/\"},{\"@type\":\"ListItem\",\"position\":2,\"name\":\"Prijedlog Zakona u TK: Umanjenje pau\u0161ala za odsustvovanje sa sjednica\"}]},{\"@type\":\"WebSite\",\"@id\":\"https:\/\/tuzlainfo.ba\/#website\",\"url\":\"https:\/\/tuzlainfo.ba\/\",\"name\":\"TuzlaInfo.ba\",\"description\":\"Tuzla info, gradski informator - Tuzla na dlanu\",\"publisher\":{\"@id\":\"https:\/\/tuzlainfo.ba\/#organization\"},\"potentialAction\":[{\"@type\":\"SearchAction\",\"target\":{\"@type\":\"EntryPoint\",\"urlTemplate\":\"https:\/\/tuzlainfo.ba\/?s={search_term_string}\"},\"query-input\":{\"@type\":\"PropertyValueSpecification\",\"valueRequired\":true,\"valueName\":\"search_term_string\"}}],\"inLanguage\":\"bs-BA\"},{\"@type\":\"Organization\",\"@id\":\"https:\/\/tuzlainfo.ba\/#organization\",\"name\":\"TuzlaInfo.ba\",\"url\":\"https:\/\/tuzlainfo.ba\/\",\"logo\":{\"@type\":\"ImageObject\",\"inLanguage\":\"bs-BA\",\"@id\":\"https:\/\/tuzlainfo.ba\/#\/schema\/logo\/image\/\",\"url\":\"https:\/\/tuzlainfo.ba\/wp-content\/uploads\/2021\/03\/logo-ver-3-1.png\",\"contentUrl\":\"https:\/\/tuzlainfo.ba\/wp-content\/uploads\/2021\/03\/logo-ver-3-1.png\",\"width\":350,\"height\":95,\"caption\":\"TuzlaInfo.ba\"},\"image\":{\"@id\":\"https:\/\/tuzlainfo.ba\/#\/schema\/logo\/image\/\"},\"sameAs\":[\"https:\/\/www.facebook.com\/tuzlainfo.ba\/\"]},{\"@type\":\"Person\",\"@id\":\"https:\/\/tuzlainfo.ba\/#\/schema\/person\/f434e20dc27ea133923aab08451b7f7f\",\"name\":\"nedim\",\"image\":{\"@type\":\"ImageObject\",\"inLanguage\":\"bs-BA\",\"@id\":\"https:\/\/tuzlainfo.ba\/#\/schema\/person\/image\/\",\"url\":\"https:\/\/tuzlainfo.ba\/wp-content\/litespeed\/avatar\/aabad687af24844af817603ac1cbdc4f.jpg?ver=1777306975\",\"contentUrl\":\"https:\/\/tuzlainfo.ba\/wp-content\/litespeed\/avatar\/aabad687af24844af817603ac1cbdc4f.jpg?ver=1777306975\",\"caption\":\"nedim\"},\"description\":\"Tuzlainfo.ba pratite na dru\u0161tvenim mre\u017eama: Facebook, Instagram i Youtube. Svoje pri\u010de, upite i fotografije \u0161aljite na na\u0161u e-mail adresu.\"}]}<\/script>\n<!-- \/ Yoast SEO plugin. -->","yoast_head_json":{"title":"Prijedlog Zakona u TK: Umanjenje pau\u0161ala za odsustvovanje sa sjednica - TuzlaInfo.ba","robots":{"index":"index","follow":"follow","max-snippet":"max-snippet:-1","max-image-preview":"max-image-preview:large","max-video-preview":"max-video-preview:-1"},"canonical":"https:\/\/tuzlainfo.ba\/index.php\/novosti\/item\/139403-prijedlog-zakona-u-tk-umanjenje-pausala-za-odsustvovanje-sa-sjednica\/","og_locale":"bs_BA","og_type":"article","og_title":"Prijedlog Zakona u TK: Umanjenje pau\u0161ala za odsustvovanje sa sjednica - TuzlaInfo.ba","og_description":"Na posljednjoj sjednici Vlade Tuzlanskog kantona je utvr\u0111en prijedlog Zakona o izmjenama Zakona o pla\u0107ama&hellip;","og_url":"https:\/\/tuzlainfo.ba\/index.php\/novosti\/item\/139403-prijedlog-zakona-u-tk-umanjenje-pausala-za-odsustvovanje-sa-sjednica\/","og_site_name":"TuzlaInfo.ba","article_publisher":"https:\/\/www.facebook.com\/tuzlainfo.ba\/","article_published_time":"2021-06-12T13:01:07+00:00","article_modified_time":"2021-06-12T10:41:26+00:00","og_image":[{"width":770,"height":576,"url":"https:\/\/tuzlainfo.ba\/wp-content\/uploads\/2020\/12\/sadrzaj_2020_20201201_1612_skupstina_tk.jpg","type":"image\/jpeg"}],"author":"nedim","twitter_card":"summary_large_image","twitter_misc":{"Written by":"nedim","Est. reading time":"1 minuta"},"schema":{"@context":"https:\/\/schema.org","@graph":[{"@type":"Article","@id":"https:\/\/tuzlainfo.ba\/index.php\/novosti\/item\/139403-prijedlog-zakona-u-tk-umanjenje-pausala-za-odsustvovanje-sa-sjednica\/#article","isPartOf":{"@id":"https:\/\/tuzlainfo.ba\/index.php\/novosti\/item\/139403-prijedlog-zakona-u-tk-umanjenje-pausala-za-odsustvovanje-sa-sjednica\/"},"author":{"name":"nedim","@id":"https:\/\/tuzlainfo.ba\/#\/schema\/person\/f434e20dc27ea133923aab08451b7f7f"},"headline":"Prijedlog Zakona u TK: Umanjenje pau\u0161ala za odsustvovanje sa sjednica","datePublished":"2021-06-12T13:01:07+00:00","dateModified":"2021-06-12T10:41:26+00:00","mainEntityOfPage":{"@id":"https:\/\/tuzlainfo.ba\/index.php\/novosti\/item\/139403-prijedlog-zakona-u-tk-umanjenje-pausala-za-odsustvovanje-sa-sjednica\/"},"wordCount":176,"commentCount":0,"publisher":{"@id":"https:\/\/tuzlainfo.ba\/#organization"},"image":{"@id":"https:\/\/tuzlainfo.ba\/index.php\/novosti\/item\/139403-prijedlog-zakona-u-tk-umanjenje-pausala-za-odsustvovanje-sa-sjednica\/#primaryimage"},"thumbnailUrl":"https:\/\/tuzlainfo.ba\/wp-content\/uploads\/2020\/12\/sadrzaj_2020_20201201_1612_skupstina_tk.jpg","keywords":["prijedlog zakona","skup\u0161tina tk","vlada tk"],"articleSection":["Novosti"],"inLanguage":"bs-BA"},{"@type":"WebPage","@id":"https:\/\/tuzlainfo.ba\/index.php\/novosti\/item\/139403-prijedlog-zakona-u-tk-umanjenje-pausala-za-odsustvovanje-sa-sjednica\/","url":"https:\/\/tuzlainfo.ba\/index.php\/novosti\/item\/139403-prijedlog-zakona-u-tk-umanjenje-pausala-za-odsustvovanje-sa-sjednica\/","name":"Prijedlog Zakona u TK: Umanjenje pau\u0161ala za odsustvovanje sa sjednica - TuzlaInfo.ba","isPartOf":{"@id":"https:\/\/tuzlainfo.ba\/#website"},"primaryImageOfPage":{"@id":"https:\/\/tuzlainfo.ba\/index.php\/novosti\/item\/139403-prijedlog-zakona-u-tk-umanjenje-pausala-za-odsustvovanje-sa-sjednica\/#primaryimage"},"image":{"@id":"https:\/\/tuzlainfo.ba\/index.php\/novosti\/item\/139403-prijedlog-zakona-u-tk-umanjenje-pausala-za-odsustvovanje-sa-sjednica\/#primaryimage"},"thumbnailUrl":"https:\/\/tuzlainfo.ba\/wp-content\/uploads\/2020\/12\/sadrzaj_2020_20201201_1612_skupstina_tk.jpg","datePublished":"2021-06-12T13:01:07+00:00","dateModified":"2021-06-12T10:41:26+00:00","breadcrumb":{"@id":"https:\/\/tuzlainfo.ba\/index.php\/novosti\/item\/139403-prijedlog-zakona-u-tk-umanjenje-pausala-za-odsustvovanje-sa-sjednica\/#breadcrumb"},"inLanguage":"bs-BA","potentialAction":[{"@type":"ReadAction","target":["https:\/\/tuzlainfo.ba\/index.php\/novosti\/item\/139403-prijedlog-zakona-u-tk-umanjenje-pausala-za-odsustvovanje-sa-sjednica\/"]}]},{"@type":"ImageObject","inLanguage":"bs-BA","@id":"https:\/\/tuzlainfo.ba\/index.php\/novosti\/item\/139403-prijedlog-zakona-u-tk-umanjenje-pausala-za-odsustvovanje-sa-sjednica\/#primaryimage","url":"https:\/\/tuzlainfo.ba\/wp-content\/uploads\/2020\/12\/sadrzaj_2020_20201201_1612_skupstina_tk.jpg","contentUrl":"https:\/\/tuzlainfo.ba\/wp-content\/uploads\/2020\/12\/sadrzaj_2020_20201201_1612_skupstina_tk.jpg","width":770,"height":576,"caption":"1612 skupstina tk"},{"@type":"BreadcrumbList","@id":"https:\/\/tuzlainfo.ba\/index.php\/novosti\/item\/139403-prijedlog-zakona-u-tk-umanjenje-pausala-za-odsustvovanje-sa-sjednica\/#breadcrumb","itemListElement":[{"@type":"ListItem","position":1,"name":"Home","item":"https:\/\/tuzlainfo.ba\/"},{"@type":"ListItem","position":2,"name":"Prijedlog Zakona u TK: Umanjenje pau\u0161ala za odsustvovanje sa sjednica"}]},{"@type":"WebSite","@id":"https:\/\/tuzlainfo.ba\/#website","url":"https:\/\/tuzlainfo.ba\/","name":"TuzlaInfo.ba","description":"Tuzla info, gradski informator - Tuzla na dlanu","publisher":{"@id":"https:\/\/tuzlainfo.ba\/#organization"},"potentialAction":[{"@type":"SearchAction","target":{"@type":"EntryPoint","urlTemplate":"https:\/\/tuzlainfo.ba\/?s={search_term_string}"},"query-input":{"@type":"PropertyValueSpecification","valueRequired":true,"valueName":"search_term_string"}}],"inLanguage":"bs-BA"},{"@type":"Organization","@id":"https:\/\/tuzlainfo.ba\/#organization","name":"TuzlaInfo.ba","url":"https:\/\/tuzlainfo.ba\/","logo":{"@type":"ImageObject","inLanguage":"bs-BA","@id":"https:\/\/tuzlainfo.ba\/#\/schema\/logo\/image\/","url":"https:\/\/tuzlainfo.ba\/wp-content\/uploads\/2021\/03\/logo-ver-3-1.png","contentUrl":"https:\/\/tuzlainfo.ba\/wp-content\/uploads\/2021\/03\/logo-ver-3-1.png","width":350,"height":95,"caption":"TuzlaInfo.ba"},"image":{"@id":"https:\/\/tuzlainfo.ba\/#\/schema\/logo\/image\/"},"sameAs":["https:\/\/www.facebook.com\/tuzlainfo.ba\/"]},{"@type":"Person","@id":"https:\/\/tuzlainfo.ba\/#\/schema\/person\/f434e20dc27ea133923aab08451b7f7f","name":"nedim","image":{"@type":"ImageObject","inLanguage":"bs-BA","@id":"https:\/\/tuzlainfo.ba\/#\/schema\/person\/image\/","url":"https:\/\/tuzlainfo.ba\/wp-content\/litespeed\/avatar\/aabad687af24844af817603ac1cbdc4f.jpg?ver=1777306975","contentUrl":"https:\/\/tuzlainfo.ba\/wp-content\/litespeed\/avatar\/aabad687af24844af817603ac1cbdc4f.jpg?ver=1777306975","caption":"nedim"},"description":"Tuzlainfo.ba pratite na dru\u0161tvenim mre\u017eama: Facebook, Instagram i Youtube. Svoje pri\u010de, upite i fotografije \u0161aljite na na\u0161u e-mail adresu."}]}},"_links":{"self":[{"href":"https:\/\/tuzlainfo.ba\/index.php\/wp-json\/wp\/v2\/posts\/139403"}],"collection":[{"href":"https:\/\/tuzlainfo.ba\/index.php\/wp-json\/wp\/v2\/posts"}],"about":[{"href":"https:\/\/tuzlainfo.ba\/index.php\/wp-json\/wp\/v2\/types\/post"}],"author":[{"embeddable":true,"href":"https:\/\/tuzlainfo.ba\/index.php\/wp-json\/wp\/v2\/users\/2"}],"replies":[{"embeddable":true,"href":"https:\/\/tuzlainfo.ba\/index.php\/wp-json\/wp\/v2\/comments?post=139403"}],"version-history":[{"count":0,"href":"https:\/\/tuzlainfo.ba\/index.php\/wp-json\/wp\/v2\/posts\/139403\/revisions"}],"wp:featuredmedia":[{"embeddable":true,"href":"https:\/\/tuzlainfo.ba\/index.php\/wp-json\/wp\/v2\/media\/85023"}],"wp:attachment":[{"href":"https:\/\/tuzlainfo.ba\/index.php\/wp-json\/wp\/v2\/media?parent=139403"}],"wp:term":[{"taxonomy":"category","embeddable":true,"href":"https:\/\/tuzlainfo.ba\/index.php\/wp-json\/wp\/v2\/categories?post=139403"},{"taxonomy":"post_tag","embeddable":true,"href":"https:\/\/tuzlainfo.ba\/index.php\/wp-json\/wp\/v2\/tags?post=139403"}],"curies":[{"name":"wp","href":"https:\/\/api.w.org\/{rel}","templated":true}]}}