{"id":139296,"date":"2021-06-10T15:45:57","date_gmt":"2021-06-10T13:45:57","guid":{"rendered":"https:\/\/tuzlainfo.ba\/?p=139296"},"modified":"2021-06-10T15:45:57","modified_gmt":"2021-06-10T13:45:57","slug":"izetbegovic-za-euronews-srbija-ne-smatram-srbe-losim-narodom-dodik-rs-vodi-u-bijedu","status":"publish","type":"post","link":"https:\/\/tuzlainfo.ba\/index.php\/bosna-i-hercegovina\/item\/139296-izetbegovic-za-euronews-srbija-ne-smatram-srbe-losim-narodom-dodik-rs-vodi-u-bijedu\/","title":{"rendered":"Izetbegovi\u0107 za Euronews Srbija: Ne smatram Srbe lo\u0161im narodom, Dodik RS vodi u bijedu"},"content":{"rendered":"<p>Lider Stranke demokratske akcije (SDA) Bakir Izetbegovi\u0107 izjavio je za <a href=\"https:\/\/www.euronews.rs\/evropa\/region\/4031\/izetbegovic-za-euronews-srbija-ne-smatram-da-su-srbi-los-narod-zelim-saradnju-ali-preko-nekih-stvari-se-ne-prelazi\/vest\"><strong>Euronews Srbija<\/strong><\/a> da ne smatra da su\u00a0Srbi lo\u0161 narod, ve\u0107 da je rekao da su odgovorni oni koji glasaju za Milorada Dodika, jer time podupiru destruktivne, secionisti\u010dke, nazadne, \u0161ovinisti\u010dke politike. Izetbegovi\u0107 je naveo da ne \u017eeli konflikt sa modernom Srbijom\u00a0i da\u00a0\u017eeli bolje odnose i sa Beogradom\u00a0i sa Banjalukom, ali da &#8220;ima nekih stvari preko kojih se ne prelazi&#8221;.<\/p>\n<p>Upitan da li se odri\u010de izjave da su Srbi lo\u0161 narod zbog izbora Milorada Dodika, Izetbegovi\u0107 je odgovorio da ne smatra srpski narod lo\u0161im.<\/p>\n<p>&#8220;Nikada ja to nisam rekao, ne mogu se odricati izjave koju nisam dao. Dakle, ja ne smatram srpski narod lo\u0161im narodom&#8221;, rekao je te dodao:<\/p>\n<p>&#8220;Kazao sam da su odgovorni oni koji glasaju za Dodika, jer podupiru takve politike, dakle, destruktivne, secesionisti\u010dke, nazadne, \u0161ovinisti\u010dke i tako dalje. Da oni koji glasaju za njega i u tome ga podupiru, nose suodgovornost, za sve \u0161to se de\u0161ava, re\u0107i da su krivi samo politi\u010dari da nisu krivi narodi, odnosno bira\u010di u ovom slu\u010daju, naprosto ne stoji, sukrivci su&#8230; Snose odgovornost, podr\u017eavaju lo\u0161e, destruktivne politike. Politike koje ni njima ne donose dobro.<\/p>\n<p>Govore\u0107i o novom Visokom predstavniku Kristijanu \u0160mitu, Izetbegovi\u0107 je rekao da od njega nema &#8220;velika o\u010dekivanja&#8221;, ali da smatra da \u0107e biti ne\u0161to efikasniji od Incka.<\/p>\n<p>&#8220;Mislim da \u0107e biti ne\u0161to efikasniji od gospodina Incka, zato \u0161to ima ja\u010da, da tako ka\u017eem, le\u0111a. Jer dolazi \u010dovek iz Njema\u010dke, pa \u0107e Njema\u010dka biti uvu\u010dena na jedan pozitivan na\u010din u to, da mu pomogne, da se ne\u0161to vi\u0161e uradi, u odnosu na ovih desetak dvanaest godina kada je bio Incko, kad se malo uradilo&#8221;, rekao je Izetbegovi\u0107.<\/p>\n<p>Govore\u0107i o Visokom predstavniku i njegovoj dosada\u0161njoj ulozi u BiH, Izetbegovi\u0107 se osvrnuo i na to \u0161to su presu\u0111eni ratni zlo\u010dinci odlikovani i ocjenio da je &#8220;Incko to morao da ukine&#8221;.<\/p>\n<p>&#8220;Kada vam u BiH odlikuju Radovana Karad\u017ei\u0107a, Biljanu Plav\u0161i\u0107, dakle, ratne zlo\u010dince presu\u0111ene u Hagu, koji su odgovorni za genocid u BiH, onda je trebao da Visoki predstavnik, odnosno gospodin Incko to ukine. Da ne dopusti \u010dak ni srpskoj strani da takav jedan autogol sebi napravi, jer to je jedna stra\u0161na poruka, to je jedna u\u017easna poruka i onima koji su donijeli odluku, a to je ovaj dti re\u017eima koji predvodi u ovom \u010dasu Dodik&#8221;, rekao je Izetbegovi\u0107.<\/p>\n<p>Upitan kako misli da novi\u00a0Visoki\u00a0predstavnik\u00a0bilo \u0161ta &#8220;nametne&#8221;, kad Dodik ka\u017ee &#8220;mi njega ne priznajemo&#8221;, Izetbegovi\u0107 odgovara da ima na\u010dina.<\/p>\n<p>&#8220;Ima raznih na\u010dina da se vr\u0161e pozitivni pritisci na politi\u010dare. Dodik je zavr\u0161io na crnoj listi Stejt departmenta i to se nekome mo\u017ee \u010diniti da nije neka ozbiljna i osobito va\u017ena stvar, ali ako takvu stvar urade u EU ili u nizu zemalja, ako \u0107e se taj pritisak i ekonomski prenositi na narod u RS, zato \u0161to ga te politike uvla\u010de u problem, e tada mo\u017ee do\u0107i do promjene re\u017eima u RS. Mislim, da je narod ve\u0107 sit. Najsiroma\u0161niji penzioner u Evropi je onaj u RS. Ona je &#8220;per capita&#8221; duplo zadu\u017eenija od FBIH. Dvadeset odsto su ni\u017ea primanja u RS, mislim da ta politika zamara&#8221;, rekao je sagovornik Euronews Srbija.<\/p>\n<p>Prije nekoliko nedjelja, u BiH se pominjala Izetbegovi\u0107eva izjava u kojoj navodi da \u0107e stati pred ljude ako do\u0111e do rata. Upitan za\u0161to pominje rat, Izetbegovi\u0107 odgovara:<\/p>\n<p>&#8220;Pa ne pominjem ga ja. Pominjete ga Vi, upravo. Isto tako su me prije par sedmica \u0161ta ako bude ponovo napadnuta BiH, njen teritorijalni integritet, jesam li ja spreman, pa jesam, spreman sam. Ja bih radije, tako sam i tada kazao i sad \u0107u ponoviti &#8211; radije bih umro, nego dopustio da oni koji su napravili genocid u BiH definitivno podijele ovu zemlju. Da na\u0161i grobovi ostanu tamo negjde na &#8220;toma\u0161icama&#8221;, u &#8220;srebrenicama&#8221;, u dijelovima BiH u kojima su bili istjerani svi Bo\u0161njaci i Hrvati, sve katoli\u010dke crkve i sve d\u017eamije bile poru\u0161ene, je li. Da se desi da to jednog dana, tiho ovako kroz neke referendume kroz nekakva priznanja, da se odvoji od BiH, dakle do toga ne mo\u017ee do\u0107i. Mo\u017eemo samo u\u0107i u politi\u010dki, vojni limb, zamrznuti konflikt, u jednu neizvjesnost. U kojoj \u0107e oni koji su to po\u010deli, ne\u0107e znati kako \u0107e zavr\u0161iti. Ja sam htio da upozorim i to \u0107e biti tako, nema govora o tome&#8221;, rekao je on.<\/p>\n<p>Upitan da li je spreman da \u017ertvuje mir zarad cjelovitosti BiH, odgovara:<\/p>\n<p>&#8220;Pa, kakvo Vam je to pitanje? Jel Vu\u010di\u0107 spreman da \u017ertvuje mir ako mu neko napadne Srbiju. Za\u0161to nabavlja avione, da bi \u017ertvovao mir? Dakle, svaki dr\u017eavnik i svaki lider i svaki gra\u0111anin u svakoj od tih zemalja ima pravo da brani teritorijalni integritet Hrvatske, Srbije, BiH, CG i tako dalje. Naravno da oni ne \u017ertvuju mir, nego mir dovode u pitanje oni koji napadnu teritorijalni integritet, naro\u010dito u zemlji bolne historije kakva je bosansko-hercegova\u010dka&#8221;.<\/p>\n<p>Na konstataciju da Milorad Dodik stalno pri\u010da o mirnom razlazu, Izetbegovi\u0107 odgovara:<\/p>\n<p>&#8220;Istjerate Vi te ljude i onda odlu\u010dujete u njihovo ime, pobijete istjerate i onda ka\u017eete, evo sad smo mi ostali sami i mi ne \u017eelimo da ostanemo tu vi\u0161e&#8230; Neka odustanu od takvih stvari, jer polako vode i sebe i nas u bijedu. Taj dio BiH je duplo &#8220;per capita&#8221; zadu\u017eeniji od FBIH. Idu polako u du\u017eni\u010dko ropstvo, stare, mladi ljudi odlaze, neka ne idu u tom smjeru, to je pogre\u0161an smjer&#8221;.<\/p>\n<p>Kompletan intervju pro\u010ditajte i pogledajte <a href=\"https:\/\/www.euronews.rs\/evropa\/region\/4031\/izetbegovic-za-euronews-srbija-ne-smatram-da-su-srbi-los-narod-zelim-saradnju-ali-preko-nekih-stvari-se-ne-prelazi\/vest\"><span style=\"color: #ff0000;\"><strong>OVDJE<\/strong><\/span><\/a>.<\/p>\n","protected":false},"excerpt":{"rendered":"<p>Lider Stranke demokratske akcije (SDA) Bakir Izetbegovi\u0107 izjavio je za Euronews Srbija da ne smatra&hellip;<\/p>\n","protected":false},"author":2,"featured_media":86990,"comment_status":"open","ping_status":"closed","sticky":false,"template":"","format":"standard","meta":{"_acf_changed":false,"footnotes":""},"categories":[291],"tags":[1370],"acf":[],"yoast_head":"<!-- This site is optimized with the Yoast SEO plugin v23.5 - https:\/\/yoast.com\/wordpress\/plugins\/seo\/ -->\n<title>Izetbegovi\u0107 za Euronews Srbija: Ne smatram Srbe lo\u0161im narodom, Dodik RS vodi u bijedu - TuzlaInfo.ba<\/title>\n<meta name=\"robots\" content=\"index, follow, max-snippet:-1, max-image-preview:large, max-video-preview:-1\" \/>\n<link rel=\"canonical\" href=\"https:\/\/tuzlainfo.ba\/index.php\/bosna-i-hercegovina\/item\/139296-izetbegovic-za-euronews-srbija-ne-smatram-srbe-losim-narodom-dodik-rs-vodi-u-bijedu\/\" \/>\n<meta property=\"og:locale\" content=\"bs_BA\" \/>\n<meta property=\"og:type\" content=\"article\" \/>\n<meta property=\"og:title\" content=\"Izetbegovi\u0107 za Euronews Srbija: Ne smatram Srbe lo\u0161im narodom, Dodik RS vodi u bijedu - TuzlaInfo.ba\" \/>\n<meta property=\"og:description\" content=\"Lider Stranke demokratske akcije (SDA) Bakir Izetbegovi\u0107 izjavio je za Euronews Srbija da ne smatra&hellip;\" \/>\n<meta property=\"og:url\" content=\"https:\/\/tuzlainfo.ba\/index.php\/bosna-i-hercegovina\/item\/139296-izetbegovic-za-euronews-srbija-ne-smatram-srbe-losim-narodom-dodik-rs-vodi-u-bijedu\/\" \/>\n<meta property=\"og:site_name\" content=\"TuzlaInfo.ba\" \/>\n<meta property=\"article:publisher\" content=\"https:\/\/www.facebook.com\/tuzlainfo.ba\/\" \/>\n<meta property=\"article:published_time\" content=\"2021-06-10T13:45:57+00:00\" \/>\n<meta property=\"og:image\" content=\"https:\/\/tuzlainfo.ba\/wp-content\/uploads\/2021\/03\/sadrzaj_2021_20210301_0203_izetbegovic.jpg\" \/>\n\t<meta property=\"og:image:width\" content=\"770\" \/>\n\t<meta property=\"og:image:height\" content=\"462\" \/>\n\t<meta property=\"og:image:type\" content=\"image\/jpeg\" \/>\n<meta name=\"author\" content=\"nedim\" \/>\n<meta name=\"twitter:card\" content=\"summary_large_image\" \/>\n<meta name=\"twitter:label1\" content=\"Written by\" \/>\n\t<meta name=\"twitter:data1\" content=\"nedim\" \/>\n\t<meta name=\"twitter:label2\" content=\"Est. reading time\" \/>\n\t<meta name=\"twitter:data2\" content=\"5 minuta\" \/>\n<script type=\"application\/ld+json\" class=\"yoast-schema-graph\">{\"@context\":\"https:\/\/schema.org\",\"@graph\":[{\"@type\":\"Article\",\"@id\":\"https:\/\/tuzlainfo.ba\/index.php\/bosna-i-hercegovina\/item\/139296-izetbegovic-za-euronews-srbija-ne-smatram-srbe-losim-narodom-dodik-rs-vodi-u-bijedu\/#article\",\"isPartOf\":{\"@id\":\"https:\/\/tuzlainfo.ba\/index.php\/bosna-i-hercegovina\/item\/139296-izetbegovic-za-euronews-srbija-ne-smatram-srbe-losim-narodom-dodik-rs-vodi-u-bijedu\/\"},\"author\":{\"name\":\"nedim\",\"@id\":\"https:\/\/tuzlainfo.ba\/#\/schema\/person\/f434e20dc27ea133923aab08451b7f7f\"},\"headline\":\"Izetbegovi\u0107 za Euronews Srbija: Ne smatram Srbe lo\u0161im narodom, Dodik RS vodi u bijedu\",\"datePublished\":\"2021-06-10T13:45:57+00:00\",\"dateModified\":\"2021-06-10T13:45:57+00:00\",\"mainEntityOfPage\":{\"@id\":\"https:\/\/tuzlainfo.ba\/index.php\/bosna-i-hercegovina\/item\/139296-izetbegovic-za-euronews-srbija-ne-smatram-srbe-losim-narodom-dodik-rs-vodi-u-bijedu\/\"},\"wordCount\":989,\"commentCount\":0,\"publisher\":{\"@id\":\"https:\/\/tuzlainfo.ba\/#organization\"},\"image\":{\"@id\":\"https:\/\/tuzlainfo.ba\/index.php\/bosna-i-hercegovina\/item\/139296-izetbegovic-za-euronews-srbija-ne-smatram-srbe-losim-narodom-dodik-rs-vodi-u-bijedu\/#primaryimage\"},\"thumbnailUrl\":\"https:\/\/tuzlainfo.ba\/wp-content\/uploads\/2021\/03\/sadrzaj_2021_20210301_0203_izetbegovic.jpg\",\"keywords\":[\"bakir izetbegovi\u0107\"],\"articleSection\":[\"Bosna i Hercegovina\"],\"inLanguage\":\"bs-BA\"},{\"@type\":\"WebPage\",\"@id\":\"https:\/\/tuzlainfo.ba\/index.php\/bosna-i-hercegovina\/item\/139296-izetbegovic-za-euronews-srbija-ne-smatram-srbe-losim-narodom-dodik-rs-vodi-u-bijedu\/\",\"url\":\"https:\/\/tuzlainfo.ba\/index.php\/bosna-i-hercegovina\/item\/139296-izetbegovic-za-euronews-srbija-ne-smatram-srbe-losim-narodom-dodik-rs-vodi-u-bijedu\/\",\"name\":\"Izetbegovi\u0107 za Euronews Srbija: Ne smatram Srbe lo\u0161im narodom, Dodik RS vodi u bijedu - TuzlaInfo.ba\",\"isPartOf\":{\"@id\":\"https:\/\/tuzlainfo.ba\/#website\"},\"primaryImageOfPage\":{\"@id\":\"https:\/\/tuzlainfo.ba\/index.php\/bosna-i-hercegovina\/item\/139296-izetbegovic-za-euronews-srbija-ne-smatram-srbe-losim-narodom-dodik-rs-vodi-u-bijedu\/#primaryimage\"},\"image\":{\"@id\":\"https:\/\/tuzlainfo.ba\/index.php\/bosna-i-hercegovina\/item\/139296-izetbegovic-za-euronews-srbija-ne-smatram-srbe-losim-narodom-dodik-rs-vodi-u-bijedu\/#primaryimage\"},\"thumbnailUrl\":\"https:\/\/tuzlainfo.ba\/wp-content\/uploads\/2021\/03\/sadrzaj_2021_20210301_0203_izetbegovic.jpg\",\"datePublished\":\"2021-06-10T13:45:57+00:00\",\"dateModified\":\"2021-06-10T13:45:57+00:00\",\"breadcrumb\":{\"@id\":\"https:\/\/tuzlainfo.ba\/index.php\/bosna-i-hercegovina\/item\/139296-izetbegovic-za-euronews-srbija-ne-smatram-srbe-losim-narodom-dodik-rs-vodi-u-bijedu\/#breadcrumb\"},\"inLanguage\":\"bs-BA\",\"potentialAction\":[{\"@type\":\"ReadAction\",\"target\":[\"https:\/\/tuzlainfo.ba\/index.php\/bosna-i-hercegovina\/item\/139296-izetbegovic-za-euronews-srbija-ne-smatram-srbe-losim-narodom-dodik-rs-vodi-u-bijedu\/\"]}]},{\"@type\":\"ImageObject\",\"inLanguage\":\"bs-BA\",\"@id\":\"https:\/\/tuzlainfo.ba\/index.php\/bosna-i-hercegovina\/item\/139296-izetbegovic-za-euronews-srbija-ne-smatram-srbe-losim-narodom-dodik-rs-vodi-u-bijedu\/#primaryimage\",\"url\":\"https:\/\/tuzlainfo.ba\/wp-content\/uploads\/2021\/03\/sadrzaj_2021_20210301_0203_izetbegovic.jpg\",\"contentUrl\":\"https:\/\/tuzlainfo.ba\/wp-content\/uploads\/2021\/03\/sadrzaj_2021_20210301_0203_izetbegovic.jpg\",\"width\":770,\"height\":462,\"caption\":\"0203 izetbegovic\"},{\"@type\":\"BreadcrumbList\",\"@id\":\"https:\/\/tuzlainfo.ba\/index.php\/bosna-i-hercegovina\/item\/139296-izetbegovic-za-euronews-srbija-ne-smatram-srbe-losim-narodom-dodik-rs-vodi-u-bijedu\/#breadcrumb\",\"itemListElement\":[{\"@type\":\"ListItem\",\"position\":1,\"name\":\"Home\",\"item\":\"https:\/\/tuzlainfo.ba\/\"},{\"@type\":\"ListItem\",\"position\":2,\"name\":\"Izetbegovi\u0107 za Euronews Srbija: Ne smatram Srbe lo\u0161im narodom, Dodik RS vodi u bijedu\"}]},{\"@type\":\"WebSite\",\"@id\":\"https:\/\/tuzlainfo.ba\/#website\",\"url\":\"https:\/\/tuzlainfo.ba\/\",\"name\":\"TuzlaInfo.ba\",\"description\":\"Tuzla info, gradski informator - Tuzla na dlanu\",\"publisher\":{\"@id\":\"https:\/\/tuzlainfo.ba\/#organization\"},\"potentialAction\":[{\"@type\":\"SearchAction\",\"target\":{\"@type\":\"EntryPoint\",\"urlTemplate\":\"https:\/\/tuzlainfo.ba\/?s={search_term_string}\"},\"query-input\":{\"@type\":\"PropertyValueSpecification\",\"valueRequired\":true,\"valueName\":\"search_term_string\"}}],\"inLanguage\":\"bs-BA\"},{\"@type\":\"Organization\",\"@id\":\"https:\/\/tuzlainfo.ba\/#organization\",\"name\":\"TuzlaInfo.ba\",\"url\":\"https:\/\/tuzlainfo.ba\/\",\"logo\":{\"@type\":\"ImageObject\",\"inLanguage\":\"bs-BA\",\"@id\":\"https:\/\/tuzlainfo.ba\/#\/schema\/logo\/image\/\",\"url\":\"https:\/\/tuzlainfo.ba\/wp-content\/uploads\/2021\/03\/logo-ver-3-1.png\",\"contentUrl\":\"https:\/\/tuzlainfo.ba\/wp-content\/uploads\/2021\/03\/logo-ver-3-1.png\",\"width\":350,\"height\":95,\"caption\":\"TuzlaInfo.ba\"},\"image\":{\"@id\":\"https:\/\/tuzlainfo.ba\/#\/schema\/logo\/image\/\"},\"sameAs\":[\"https:\/\/www.facebook.com\/tuzlainfo.ba\/\"]},{\"@type\":\"Person\",\"@id\":\"https:\/\/tuzlainfo.ba\/#\/schema\/person\/f434e20dc27ea133923aab08451b7f7f\",\"name\":\"nedim\",\"image\":{\"@type\":\"ImageObject\",\"inLanguage\":\"bs-BA\",\"@id\":\"https:\/\/tuzlainfo.ba\/#\/schema\/person\/image\/\",\"url\":\"https:\/\/tuzlainfo.ba\/wp-content\/litespeed\/avatar\/aabad687af24844af817603ac1cbdc4f.jpg?ver=1777306975\",\"contentUrl\":\"https:\/\/tuzlainfo.ba\/wp-content\/litespeed\/avatar\/aabad687af24844af817603ac1cbdc4f.jpg?ver=1777306975\",\"caption\":\"nedim\"},\"description\":\"Tuzlainfo.ba pratite na dru\u0161tvenim mre\u017eama: Facebook, Instagram i Youtube. Svoje pri\u010de, upite i fotografije \u0161aljite na na\u0161u e-mail adresu.\"}]}<\/script>\n<!-- \/ Yoast SEO plugin. -->","yoast_head_json":{"title":"Izetbegovi\u0107 za Euronews Srbija: Ne smatram Srbe lo\u0161im narodom, Dodik RS vodi u bijedu - TuzlaInfo.ba","robots":{"index":"index","follow":"follow","max-snippet":"max-snippet:-1","max-image-preview":"max-image-preview:large","max-video-preview":"max-video-preview:-1"},"canonical":"https:\/\/tuzlainfo.ba\/index.php\/bosna-i-hercegovina\/item\/139296-izetbegovic-za-euronews-srbija-ne-smatram-srbe-losim-narodom-dodik-rs-vodi-u-bijedu\/","og_locale":"bs_BA","og_type":"article","og_title":"Izetbegovi\u0107 za Euronews Srbija: Ne smatram Srbe lo\u0161im narodom, Dodik RS vodi u bijedu - TuzlaInfo.ba","og_description":"Lider Stranke demokratske akcije (SDA) Bakir Izetbegovi\u0107 izjavio je za Euronews Srbija da ne smatra&hellip;","og_url":"https:\/\/tuzlainfo.ba\/index.php\/bosna-i-hercegovina\/item\/139296-izetbegovic-za-euronews-srbija-ne-smatram-srbe-losim-narodom-dodik-rs-vodi-u-bijedu\/","og_site_name":"TuzlaInfo.ba","article_publisher":"https:\/\/www.facebook.com\/tuzlainfo.ba\/","article_published_time":"2021-06-10T13:45:57+00:00","og_image":[{"width":770,"height":462,"url":"https:\/\/tuzlainfo.ba\/wp-content\/uploads\/2021\/03\/sadrzaj_2021_20210301_0203_izetbegovic.jpg","type":"image\/jpeg"}],"author":"nedim","twitter_card":"summary_large_image","twitter_misc":{"Written by":"nedim","Est. reading time":"5 minuta"},"schema":{"@context":"https:\/\/schema.org","@graph":[{"@type":"Article","@id":"https:\/\/tuzlainfo.ba\/index.php\/bosna-i-hercegovina\/item\/139296-izetbegovic-za-euronews-srbija-ne-smatram-srbe-losim-narodom-dodik-rs-vodi-u-bijedu\/#article","isPartOf":{"@id":"https:\/\/tuzlainfo.ba\/index.php\/bosna-i-hercegovina\/item\/139296-izetbegovic-za-euronews-srbija-ne-smatram-srbe-losim-narodom-dodik-rs-vodi-u-bijedu\/"},"author":{"name":"nedim","@id":"https:\/\/tuzlainfo.ba\/#\/schema\/person\/f434e20dc27ea133923aab08451b7f7f"},"headline":"Izetbegovi\u0107 za Euronews Srbija: Ne smatram Srbe lo\u0161im narodom, Dodik RS vodi u bijedu","datePublished":"2021-06-10T13:45:57+00:00","dateModified":"2021-06-10T13:45:57+00:00","mainEntityOfPage":{"@id":"https:\/\/tuzlainfo.ba\/index.php\/bosna-i-hercegovina\/item\/139296-izetbegovic-za-euronews-srbija-ne-smatram-srbe-losim-narodom-dodik-rs-vodi-u-bijedu\/"},"wordCount":989,"commentCount":0,"publisher":{"@id":"https:\/\/tuzlainfo.ba\/#organization"},"image":{"@id":"https:\/\/tuzlainfo.ba\/index.php\/bosna-i-hercegovina\/item\/139296-izetbegovic-za-euronews-srbija-ne-smatram-srbe-losim-narodom-dodik-rs-vodi-u-bijedu\/#primaryimage"},"thumbnailUrl":"https:\/\/tuzlainfo.ba\/wp-content\/uploads\/2021\/03\/sadrzaj_2021_20210301_0203_izetbegovic.jpg","keywords":["bakir izetbegovi\u0107"],"articleSection":["Bosna i Hercegovina"],"inLanguage":"bs-BA"},{"@type":"WebPage","@id":"https:\/\/tuzlainfo.ba\/index.php\/bosna-i-hercegovina\/item\/139296-izetbegovic-za-euronews-srbija-ne-smatram-srbe-losim-narodom-dodik-rs-vodi-u-bijedu\/","url":"https:\/\/tuzlainfo.ba\/index.php\/bosna-i-hercegovina\/item\/139296-izetbegovic-za-euronews-srbija-ne-smatram-srbe-losim-narodom-dodik-rs-vodi-u-bijedu\/","name":"Izetbegovi\u0107 za Euronews Srbija: Ne smatram Srbe lo\u0161im narodom, Dodik RS vodi u bijedu - TuzlaInfo.ba","isPartOf":{"@id":"https:\/\/tuzlainfo.ba\/#website"},"primaryImageOfPage":{"@id":"https:\/\/tuzlainfo.ba\/index.php\/bosna-i-hercegovina\/item\/139296-izetbegovic-za-euronews-srbija-ne-smatram-srbe-losim-narodom-dodik-rs-vodi-u-bijedu\/#primaryimage"},"image":{"@id":"https:\/\/tuzlainfo.ba\/index.php\/bosna-i-hercegovina\/item\/139296-izetbegovic-za-euronews-srbija-ne-smatram-srbe-losim-narodom-dodik-rs-vodi-u-bijedu\/#primaryimage"},"thumbnailUrl":"https:\/\/tuzlainfo.ba\/wp-content\/uploads\/2021\/03\/sadrzaj_2021_20210301_0203_izetbegovic.jpg","datePublished":"2021-06-10T13:45:57+00:00","dateModified":"2021-06-10T13:45:57+00:00","breadcrumb":{"@id":"https:\/\/tuzlainfo.ba\/index.php\/bosna-i-hercegovina\/item\/139296-izetbegovic-za-euronews-srbija-ne-smatram-srbe-losim-narodom-dodik-rs-vodi-u-bijedu\/#breadcrumb"},"inLanguage":"bs-BA","potentialAction":[{"@type":"ReadAction","target":["https:\/\/tuzlainfo.ba\/index.php\/bosna-i-hercegovina\/item\/139296-izetbegovic-za-euronews-srbija-ne-smatram-srbe-losim-narodom-dodik-rs-vodi-u-bijedu\/"]}]},{"@type":"ImageObject","inLanguage":"bs-BA","@id":"https:\/\/tuzlainfo.ba\/index.php\/bosna-i-hercegovina\/item\/139296-izetbegovic-za-euronews-srbija-ne-smatram-srbe-losim-narodom-dodik-rs-vodi-u-bijedu\/#primaryimage","url":"https:\/\/tuzlainfo.ba\/wp-content\/uploads\/2021\/03\/sadrzaj_2021_20210301_0203_izetbegovic.jpg","contentUrl":"https:\/\/tuzlainfo.ba\/wp-content\/uploads\/2021\/03\/sadrzaj_2021_20210301_0203_izetbegovic.jpg","width":770,"height":462,"caption":"0203 izetbegovic"},{"@type":"BreadcrumbList","@id":"https:\/\/tuzlainfo.ba\/index.php\/bosna-i-hercegovina\/item\/139296-izetbegovic-za-euronews-srbija-ne-smatram-srbe-losim-narodom-dodik-rs-vodi-u-bijedu\/#breadcrumb","itemListElement":[{"@type":"ListItem","position":1,"name":"Home","item":"https:\/\/tuzlainfo.ba\/"},{"@type":"ListItem","position":2,"name":"Izetbegovi\u0107 za Euronews Srbija: Ne smatram Srbe lo\u0161im narodom, Dodik RS vodi u bijedu"}]},{"@type":"WebSite","@id":"https:\/\/tuzlainfo.ba\/#website","url":"https:\/\/tuzlainfo.ba\/","name":"TuzlaInfo.ba","description":"Tuzla info, gradski informator - Tuzla na dlanu","publisher":{"@id":"https:\/\/tuzlainfo.ba\/#organization"},"potentialAction":[{"@type":"SearchAction","target":{"@type":"EntryPoint","urlTemplate":"https:\/\/tuzlainfo.ba\/?s={search_term_string}"},"query-input":{"@type":"PropertyValueSpecification","valueRequired":true,"valueName":"search_term_string"}}],"inLanguage":"bs-BA"},{"@type":"Organization","@id":"https:\/\/tuzlainfo.ba\/#organization","name":"TuzlaInfo.ba","url":"https:\/\/tuzlainfo.ba\/","logo":{"@type":"ImageObject","inLanguage":"bs-BA","@id":"https:\/\/tuzlainfo.ba\/#\/schema\/logo\/image\/","url":"https:\/\/tuzlainfo.ba\/wp-content\/uploads\/2021\/03\/logo-ver-3-1.png","contentUrl":"https:\/\/tuzlainfo.ba\/wp-content\/uploads\/2021\/03\/logo-ver-3-1.png","width":350,"height":95,"caption":"TuzlaInfo.ba"},"image":{"@id":"https:\/\/tuzlainfo.ba\/#\/schema\/logo\/image\/"},"sameAs":["https:\/\/www.facebook.com\/tuzlainfo.ba\/"]},{"@type":"Person","@id":"https:\/\/tuzlainfo.ba\/#\/schema\/person\/f434e20dc27ea133923aab08451b7f7f","name":"nedim","image":{"@type":"ImageObject","inLanguage":"bs-BA","@id":"https:\/\/tuzlainfo.ba\/#\/schema\/person\/image\/","url":"https:\/\/tuzlainfo.ba\/wp-content\/litespeed\/avatar\/aabad687af24844af817603ac1cbdc4f.jpg?ver=1777306975","contentUrl":"https:\/\/tuzlainfo.ba\/wp-content\/litespeed\/avatar\/aabad687af24844af817603ac1cbdc4f.jpg?ver=1777306975","caption":"nedim"},"description":"Tuzlainfo.ba pratite na dru\u0161tvenim mre\u017eama: Facebook, Instagram i Youtube. Svoje pri\u010de, upite i fotografije \u0161aljite na na\u0161u e-mail adresu."}]}},"_links":{"self":[{"href":"https:\/\/tuzlainfo.ba\/index.php\/wp-json\/wp\/v2\/posts\/139296"}],"collection":[{"href":"https:\/\/tuzlainfo.ba\/index.php\/wp-json\/wp\/v2\/posts"}],"about":[{"href":"https:\/\/tuzlainfo.ba\/index.php\/wp-json\/wp\/v2\/types\/post"}],"author":[{"embeddable":true,"href":"https:\/\/tuzlainfo.ba\/index.php\/wp-json\/wp\/v2\/users\/2"}],"replies":[{"embeddable":true,"href":"https:\/\/tuzlainfo.ba\/index.php\/wp-json\/wp\/v2\/comments?post=139296"}],"version-history":[{"count":0,"href":"https:\/\/tuzlainfo.ba\/index.php\/wp-json\/wp\/v2\/posts\/139296\/revisions"}],"wp:featuredmedia":[{"embeddable":true,"href":"https:\/\/tuzlainfo.ba\/index.php\/wp-json\/wp\/v2\/media\/86990"}],"wp:attachment":[{"href":"https:\/\/tuzlainfo.ba\/index.php\/wp-json\/wp\/v2\/media?parent=139296"}],"wp:term":[{"taxonomy":"category","embeddable":true,"href":"https:\/\/tuzlainfo.ba\/index.php\/wp-json\/wp\/v2\/categories?post=139296"},{"taxonomy":"post_tag","embeddable":true,"href":"https:\/\/tuzlainfo.ba\/index.php\/wp-json\/wp\/v2\/tags?post=139296"}],"curies":[{"name":"wp","href":"https:\/\/api.w.org\/{rel}","templated":true}]}}