{"id":139285,"date":"2021-06-10T13:40:40","date_gmt":"2021-06-10T11:40:40","guid":{"rendered":"https:\/\/tuzlainfo.ba\/?p=139285"},"modified":"2021-06-10T13:48:17","modified_gmt":"2021-06-10T11:48:17","slug":"americki-predsjednik-siri-crnu-listu-ko-ce-praviti-drustvo-dodiku-spiricu-zukicu","status":"publish","type":"post","link":"https:\/\/tuzlainfo.ba\/index.php\/clanci\/sa-svih-strana\/item\/139285-americki-predsjednik-siri-crnu-listu-ko-ce-praviti-drustvo-dodiku-spiricu-zukicu\/","title":{"rendered":"Ameri\u010dki predsjednik \u0161iri crnu listu: Ko \u0107e praviti dru\u0161tvo Dodiku, \u0160piri\u0107u, Zuki\u0107u&#8230;"},"content":{"rendered":"<p>Ameri\u010dki predsjednik Joe Biden najavio je pro\u0161irenje sankcija politi\u010darima Zapadnog Balkana, ta\u010dnije produ\u017eio je naredbu o blokadi imovine i obustavljanju ulaska u Sjedinjene Ameri\u010dke Dr\u017eave, i to za osobe koje doprinose destabilizaciji situacije. Naredba je prvi put donesena jo\u0161 prije 20 godina i, kako je objavila Bijela ku\u0107a, potrebno ju je obnoviti prije 26. juna ove godine, \u0161to je Biden i u\u010dinio informacijom federalnoj upravi da \u0107e njegovom odlukom naredba ostati na snazi. Svi oni koji rade na destabilizaciji zemalja biv\u0161e Jugoslavije, ne\u0107e biti po\u0161te\u0111eni ameri\u010dkih sankcija, a s obzirom na prilike na Balkanu, postoje velike \u0161anse da \u0107e sankcije biti pro\u0161irene na jo\u0161 osoba iz regiona i BiH, pi\u0161e <a href=\"https:\/\/www.oslobodjenje.ba\/vijesti\/bih\/biden-siri-crnu-listu-ko-ce-se-pored-dodika-spirica-zukica-naci-na-njoj-zna-se-ko-opstruise-odakle-poticu-korupcija-i-kriminal-663286\"><span style=\"color: #ff0000;\"><strong>&#8220;Oslobo\u0111enje&#8221;<\/strong><\/span><\/a>.<\/p>\n<p>&#8211; Akti ekstremisti\u010dkog nasilja i opstrukcionih aktivnosti su neprijateljski akti i za SAD i to je, ujedno, i prijetnja po nacionalnu sigurnost i vanjsku politiku zemlje &#8211; istaknuo je Biden, koji je ju\u010der krenuo na evropsku turneju nade, na prvo putovanje u inostranstvo od kada je stupio na du\u017enost. Tokom osmodnevnog boravka u Evropi sastat \u0107e se i s ruskim predsjednikom Vladimirom Putinom u Genevi.<\/p>\n<p>No, dok Biden ne do\u0111e, u ime Evropske unije, portparol Peter Stano odmah je reagirao i kazao da u sankcijama EU ne\u0107e slijediti Bidena te da sankcije nisu dio trenutne evropske politike na Zapadnom Balkanu.<\/p>\n<p>O \u0161irenju crne liste i Bidenovim budu\u0107im potezima na Balkanu, govorili su politi\u010dki analiti\u010dari regiona \u017darko Kora\u0107, Jadranka Kosor, Aleksandar Popov, Svetlana Ceni\u0107 i Miodrag \u017divanovi\u0107.<\/p>\n<p><strong>PUN POGODAK<\/strong><\/p>\n<p>\u017darko Kora\u0107, psiholog i dugogodi\u0161nji politi\u010dar iz Beograda, ka\u017ee za &#8220;Oslobo\u0111enje&#8221; da je rije\u010d o Bidenovoj ozbiljnoj prijetnji koja ostavlja mogu\u0107nost politi\u010darima da, kako ka\u017ee, imaju jedno sredstvo u svojim rukama, a koji \u0107e reagovati na politike koje su suprotne interesima samih gra\u0111ana regiona u kojem \u017eivimo.<\/p>\n<p>&#8211; Za mene je veliko iznena\u0111enje da to nije ranije ura\u0111eno. Amerika ima tu snagu, tu mo\u0107 i kad se sankcijama preti tim ljudima koji kr\u0161e sporazume, koji rade protiv interesa ve\u0107ine gra\u0111ana, to su, po pravilu, obi\u010dni lopovi i razbojnici koji imaju la\u017ene ra\u010dune po brojnim mestima, gde se mogu sakriti transakcije i oni vrlo dobro znaju da te zemlje, ako se zainate, mogu na\u0107i sve to. Duboko se nadam da \u0107e i EU uraditi isto, jer bi to bilo pun pogodak, da ipak postoji realna pretnja finansijskim interesima ljudi koji vole da odr\u017ee ovo stanje neizvesnosti, nere\u0161avanja problema u regionu, jer to njima, pre svega, politi\u010dki odgovara, smatra Kora\u0107.<\/p>\n<p>Na ameri\u010dkoj crnoj listi, isti\u010de Kora\u0107, svakako treba ostati Milorad Dodik, \u201ckoji otvoreno negira Dejtonski mirovni sporazum\u201d.<\/p>\n<p>&#8211; On je do\u0161ao u Beograd i poku\u0161ao gurnuti predsednika Vu\u010di\u0107a u sukob s me\u0111unarodnom zajednicom i, \u0161to je zanimljivo, sa samom Nema\u010dkom zbog novog visokog predstavnika. Ovo se ti\u010de politi\u010dkih lidera u regionu, ne isklju\u010dujem ni Hrvatsku, pa \u010dak i Kosovo, mada obi\u010dni ljudi nemaju \u010dega da se pla\u0161e. Ovo je ozbiljna pretnja liderima koji su naj\u010de\u0161\u0107e plja\u010dka\u0161i, a koji imaju zna\u010dajna sredstva \u0161irom sveta, pa \u010dak i ako nemaju ra\u010dune i poslove u SAD-u, oni su svesni da Amerika mo\u017ee uticati na to da se i neki drugi njihovi poslovi u drugim zemljama prekinu &#8211; ka\u017ee Kora\u0107.<\/p>\n<p>Biv\u0161a hrvatska premijerka Jadranka Kosor cijeni da sankcije nisu prijetnje predsjednika SAD-a, ve\u0107 izra\u017eavanje jasnog i preciznog stava.<\/p>\n<p>&#8211; To se od gospodina Bidena i o\u010dekivalo, prije svega zato \u0161to sam ga imala priliku i upoznati, a i zbog \u010dinjenice da on, zapravo, najbolje poznaje prilike u BiH, odnosno na Balkanu. To je ne\u0161to o\u010dekivano i doprinos utvr\u0111ivanju istine, jer Amerika ovim \u0161alje poruku da se zauzima za vladavinu prava. Politi\u010dari koji ne priznaju presude niti vladavinu prava, nisu, jednostavno, dobrodo\u0161li u modernom demokratskom svijetu &#8211; navodi Kosor i smatra da se iz susjedne Hrvatske ne\u0107e niko od politi\u010dara na\u0107i na ameri\u010dkoj crnoj listi.<\/p>\n<p>&#8211; Niko ne bi kr\u0161io po\u0161tivanje vladavine prava, barem ovi koji su sada najaktuelniji i zato im i nije mjesto na crnoj listi &#8211; ka\u017ee Kosor.<\/p>\n<p>Politi\u010dki analiti\u010dar iz Novog Sada Aleksandar Popov nagla\u0161ava da bi se na terenu trebalo po\u010deti efikasnije raditi i to najavljuje i dolazak novog visokog predstavnika.<\/p>\n<p>&#8211; Valentin Inzko se fakti\u010dki nije me\u0161ao u svoj posao i on je to pravdao da nije imao dovoljnu podr\u0161ku me\u0111unarodne zajednice. Mislim da su i SAD i EU u dugom periodu ispustile region iz vida i zato su stvari oti\u0161le tako predaleko, da se \u010dak ide dotle da se spominje mogu\u0107nost komadanja BiH i podele izme\u0111u susednih dr\u017eava. Va\u017eno je da se zaobi\u0111e pri\u010da kako su vo\u0111e klju\u010dni za\u0161titnici svojih naroda i da je njihov narod ugro\u017een ukoliko se promeni Dejtonski ustav i od BiH napravi funkcionalna dr\u017eava, jer, zapravo, njima odgovara ova situacija, boje se da ne budu razvla\u0161\u0107eni, da im se ne suze funkcije, jer onda ne\u0107e mo\u0107i igrati ovakve igre. Dodik ve\u0107 ima takvu vrstu sankcije, ka\u017ee Popov i dodaje da je to ozbiljna namjera SAD-a, one imaju i odgovornost jer je Dejtonski sporazum, navodi, njihovo \u201c\u010dedo\u201d.<\/p>\n<p>Ne\u0107u da vagam ko ima najvi\u0161e krivice, ali osim Dodika, na crnoj listi trebala bi mu se pridru\u017eiti i ostala dva strana\u010dka lidera, mada je tu Dodik najglasniji &#8211; isti\u010de Popov.<\/p>\n<p>Za ekonomsku i politi\u010dku analiti\u010darku Svetlanu Ceni\u0107 doma\u0107a politika i na\u010din vo\u0111enja ne pokazuju pomake. Ka\u017ee, nikad nije izvr\u0161eno nijedno obe\u0107anje i onda se ljudima, jednostavno, smu\u010dilo pa su rekli: \u201cAko ne mo\u017ee druga\u010dije, mo\u017ee tako.\u201d<\/p>\n<p>&#8211; Evo, i sad \u0107e se dobiti 300 miliona eura, najverovatnije samo zato \u0161to se u MMF \u201cupumpalo\u201d mnogo para, pa shodno svojoj kvoti od bednih 0,06 posto, BiH \u0107e imati 300 miliona eura vi\u0161e, ima\u0107e i ostale zemlje shodno svojim kvotama, gde najve\u0107a pojedina\u010dna kvota pripada SAD-u i to su pare nekih poreskih obveznika. Nudi im se ovo, nudi im se ono, daje im EU i samo para, para, para, a akcija nikakva, kao ni odgovornost, vakcina tako\u0111e nigde. Spoznali su da su se od 2011, kada je zadnji put upotrebljeno bonsko ovla\u0161tenje, doma\u0107e vo\u0111e jednostavno raskomotile, opustile, znaju da nema nikakve kazne, bilo je Dodik, \u0160piri\u0107, ali to je eto tako pro\u0161lo i shvatili ljudi da moraju ne\u0161to da rade i da nikakav druga\u010diji jezik ova neodgovorna politi\u010dka elita ne razume nakon toliko godina &#8211; napominje Ceni\u0107.<\/p>\n<p>Isti\u010de da \u0107e se za crnu listu prepoznati oni politi\u010dari koji zadovoljavaju kriterije.<\/p>\n<p>&#8211; Zna se ko opstrui\u0161e, ko negira dr\u017eavu, odakle poti\u010du korupcija i kriminal. Kad se do\u0111e na crnu listu, nije samo stvar toga \u0161to \u0107e im se blokirati imovina u Americi, ali treba gledati i od Rusije, Izraela, Evrope&#8230; To \u0161to ne\u0107e mo\u0107i u\u0107i u SAD, ne\u0107e ih ni to pogoditi. Samo da podsetim na to da oni koji su na OHR-ovoj crnoj listi zavr\u0161ili svojevremeno mogu da podignu na kartici samo svoju platu i to je sve. Prema tome, sve zavisi od toga \u0161ta \u0107e jo\u0161 biti u svoj toj crnoj listi, a da vas neko skine s nje treba, mislim, 14 instanci pro\u0107i, dobiti saglasnosti &#8211; napominje Ceni\u0107.<\/p>\n<p><strong>DOMA\u0106A LISTA<\/strong><\/p>\n<p>Profesor iz Banje Luke Miodrag \u017divanovi\u0107 smatra da je Amerika to trebala napraviti i ranije, ali tvrdi da je puno va\u017enije da se crna lista napravi najprije u BiH.<\/p>\n<p>&#8211; Tu se ogleda puna te\u017eina, ako to ide sinhronizovano, i to treba pripremiti i za pravosu\u0111e, kao i za otvaranje ostalih postupaka. Ako samo nekoliko dr\u017eava, tzv. velike sile budu to radile, to ne\u0107e imati nikakvog efekta, posebno ne po obi\u010dne ljude. Ovo vi\u0161e pripada diplomatskoj kozmetici kad je rije\u010d o svakom spolja\u0161njem faktoru, ne samo SAD-u. Jedina prava stvar je da mi ovdje pokrenemo te stvari. Vrijeme \u0107e pokazati koliko su ove Bidenove naredbe ozbiljne, mada nikada do sada nisu dale rezultate, ne samo sankcije SAD-a nego i drugih zemalja. Problem je toliko ozbiljan i te\u017eak i bez tog rje\u0161enja nema budu\u0107nosti, ali se mora pokrenuti iznutra &#8211; poru\u010duje \u017divanovi\u0107.<\/p>\n<p>Podsje\u0107amo, na listi se do sada nalaze mnogi politi\u010dari iz BiH kao \u0161to su Milorad Dodik, Amir Zuki\u0107, Nikola \u0160piri\u0107, Milovan Cicko Bjelica i drugi.<\/p>\n","protected":false},"excerpt":{"rendered":"<p>Ameri\u010dki predsjednik Joe Biden najavio je pro\u0161irenje sankcija politi\u010darima Zapadnog Balkana, ta\u010dnije produ\u017eio je naredbu&hellip;<\/p>\n","protected":false},"author":2,"featured_media":139286,"comment_status":"open","ping_status":"closed","sticky":false,"template":"","format":"standard","meta":{"_acf_changed":false,"footnotes":""},"categories":[16],"tags":[1550,1533],"acf":[],"yoast_head":"<!-- This site is optimized with the Yoast SEO plugin v23.5 - https:\/\/yoast.com\/wordpress\/plugins\/seo\/ -->\n<title>Ameri\u010dki predsjednik \u0161iri crnu listu: Ko \u0107e praviti dru\u0161tvo Dodiku, \u0160piri\u0107u, Zuki\u0107u... - TuzlaInfo.ba<\/title>\n<meta name=\"robots\" content=\"index, follow, max-snippet:-1, max-image-preview:large, max-video-preview:-1\" \/>\n<link rel=\"canonical\" href=\"https:\/\/tuzlainfo.ba\/index.php\/clanci\/sa-svih-strana\/item\/139285-americki-predsjednik-siri-crnu-listu-ko-ce-praviti-drustvo-dodiku-spiricu-zukicu\/\" \/>\n<meta property=\"og:locale\" content=\"bs_BA\" \/>\n<meta property=\"og:type\" content=\"article\" \/>\n<meta property=\"og:title\" content=\"Ameri\u010dki predsjednik \u0161iri crnu listu: Ko \u0107e praviti dru\u0161tvo Dodiku, \u0160piri\u0107u, Zuki\u0107u... - TuzlaInfo.ba\" \/>\n<meta property=\"og:description\" content=\"Ameri\u010dki predsjednik Joe Biden najavio je pro\u0161irenje sankcija politi\u010darima Zapadnog Balkana, ta\u010dnije produ\u017eio je naredbu&hellip;\" \/>\n<meta property=\"og:url\" content=\"https:\/\/tuzlainfo.ba\/index.php\/clanci\/sa-svih-strana\/item\/139285-americki-predsjednik-siri-crnu-listu-ko-ce-praviti-drustvo-dodiku-spiricu-zukicu\/\" \/>\n<meta property=\"og:site_name\" content=\"TuzlaInfo.ba\" \/>\n<meta property=\"article:publisher\" content=\"https:\/\/www.facebook.com\/tuzlainfo.ba\/\" \/>\n<meta property=\"article:published_time\" content=\"2021-06-10T11:40:40+00:00\" \/>\n<meta property=\"article:modified_time\" content=\"2021-06-10T11:48:17+00:00\" \/>\n<meta property=\"og:image\" content=\"https:\/\/tuzlainfo.ba\/wp-content\/uploads\/2021\/06\/1006_joe_biden.jpg\" \/>\n\t<meta property=\"og:image:width\" content=\"1229\" \/>\n\t<meta property=\"og:image:height\" content=\"881\" \/>\n\t<meta property=\"og:image:type\" content=\"image\/jpeg\" \/>\n<meta name=\"author\" content=\"nedim\" \/>\n<meta name=\"twitter:card\" content=\"summary_large_image\" \/>\n<meta name=\"twitter:label1\" content=\"Written by\" \/>\n\t<meta name=\"twitter:data1\" content=\"nedim\" \/>\n\t<meta name=\"twitter:label2\" content=\"Est. reading time\" \/>\n\t<meta name=\"twitter:data2\" content=\"7 minuta\" \/>\n<script type=\"application\/ld+json\" class=\"yoast-schema-graph\">{\"@context\":\"https:\/\/schema.org\",\"@graph\":[{\"@type\":\"Article\",\"@id\":\"https:\/\/tuzlainfo.ba\/index.php\/clanci\/sa-svih-strana\/item\/139285-americki-predsjednik-siri-crnu-listu-ko-ce-praviti-drustvo-dodiku-spiricu-zukicu\/#article\",\"isPartOf\":{\"@id\":\"https:\/\/tuzlainfo.ba\/index.php\/clanci\/sa-svih-strana\/item\/139285-americki-predsjednik-siri-crnu-listu-ko-ce-praviti-drustvo-dodiku-spiricu-zukicu\/\"},\"author\":{\"name\":\"nedim\",\"@id\":\"https:\/\/tuzlainfo.ba\/#\/schema\/person\/f434e20dc27ea133923aab08451b7f7f\"},\"headline\":\"Ameri\u010dki predsjednik \u0161iri crnu listu: Ko \u0107e praviti dru\u0161tvo Dodiku, \u0160piri\u0107u, Zuki\u0107u&#8230;\",\"datePublished\":\"2021-06-10T11:40:40+00:00\",\"dateModified\":\"2021-06-10T11:48:17+00:00\",\"mainEntityOfPage\":{\"@id\":\"https:\/\/tuzlainfo.ba\/index.php\/clanci\/sa-svih-strana\/item\/139285-americki-predsjednik-siri-crnu-listu-ko-ce-praviti-drustvo-dodiku-spiricu-zukicu\/\"},\"wordCount\":1476,\"commentCount\":0,\"publisher\":{\"@id\":\"https:\/\/tuzlainfo.ba\/#organization\"},\"image\":{\"@id\":\"https:\/\/tuzlainfo.ba\/index.php\/clanci\/sa-svih-strana\/item\/139285-americki-predsjednik-siri-crnu-listu-ko-ce-praviti-drustvo-dodiku-spiricu-zukicu\/#primaryimage\"},\"thumbnailUrl\":\"https:\/\/tuzlainfo.ba\/wp-content\/uploads\/2021\/06\/1006_joe_biden.jpg\",\"keywords\":[\"crna lista\",\"joe biden\"],\"articleSection\":[\"Sa svih strana\"],\"inLanguage\":\"bs-BA\"},{\"@type\":\"WebPage\",\"@id\":\"https:\/\/tuzlainfo.ba\/index.php\/clanci\/sa-svih-strana\/item\/139285-americki-predsjednik-siri-crnu-listu-ko-ce-praviti-drustvo-dodiku-spiricu-zukicu\/\",\"url\":\"https:\/\/tuzlainfo.ba\/index.php\/clanci\/sa-svih-strana\/item\/139285-americki-predsjednik-siri-crnu-listu-ko-ce-praviti-drustvo-dodiku-spiricu-zukicu\/\",\"name\":\"Ameri\u010dki predsjednik \u0161iri crnu listu: Ko \u0107e praviti dru\u0161tvo Dodiku, \u0160piri\u0107u, Zuki\u0107u... - TuzlaInfo.ba\",\"isPartOf\":{\"@id\":\"https:\/\/tuzlainfo.ba\/#website\"},\"primaryImageOfPage\":{\"@id\":\"https:\/\/tuzlainfo.ba\/index.php\/clanci\/sa-svih-strana\/item\/139285-americki-predsjednik-siri-crnu-listu-ko-ce-praviti-drustvo-dodiku-spiricu-zukicu\/#primaryimage\"},\"image\":{\"@id\":\"https:\/\/tuzlainfo.ba\/index.php\/clanci\/sa-svih-strana\/item\/139285-americki-predsjednik-siri-crnu-listu-ko-ce-praviti-drustvo-dodiku-spiricu-zukicu\/#primaryimage\"},\"thumbnailUrl\":\"https:\/\/tuzlainfo.ba\/wp-content\/uploads\/2021\/06\/1006_joe_biden.jpg\",\"datePublished\":\"2021-06-10T11:40:40+00:00\",\"dateModified\":\"2021-06-10T11:48:17+00:00\",\"breadcrumb\":{\"@id\":\"https:\/\/tuzlainfo.ba\/index.php\/clanci\/sa-svih-strana\/item\/139285-americki-predsjednik-siri-crnu-listu-ko-ce-praviti-drustvo-dodiku-spiricu-zukicu\/#breadcrumb\"},\"inLanguage\":\"bs-BA\",\"potentialAction\":[{\"@type\":\"ReadAction\",\"target\":[\"https:\/\/tuzlainfo.ba\/index.php\/clanci\/sa-svih-strana\/item\/139285-americki-predsjednik-siri-crnu-listu-ko-ce-praviti-drustvo-dodiku-spiricu-zukicu\/\"]}]},{\"@type\":\"ImageObject\",\"inLanguage\":\"bs-BA\",\"@id\":\"https:\/\/tuzlainfo.ba\/index.php\/clanci\/sa-svih-strana\/item\/139285-americki-predsjednik-siri-crnu-listu-ko-ce-praviti-drustvo-dodiku-spiricu-zukicu\/#primaryimage\",\"url\":\"https:\/\/tuzlainfo.ba\/wp-content\/uploads\/2021\/06\/1006_joe_biden.jpg\",\"contentUrl\":\"https:\/\/tuzlainfo.ba\/wp-content\/uploads\/2021\/06\/1006_joe_biden.jpg\",\"width\":1229,\"height\":881},{\"@type\":\"BreadcrumbList\",\"@id\":\"https:\/\/tuzlainfo.ba\/index.php\/clanci\/sa-svih-strana\/item\/139285-americki-predsjednik-siri-crnu-listu-ko-ce-praviti-drustvo-dodiku-spiricu-zukicu\/#breadcrumb\",\"itemListElement\":[{\"@type\":\"ListItem\",\"position\":1,\"name\":\"Home\",\"item\":\"https:\/\/tuzlainfo.ba\/\"},{\"@type\":\"ListItem\",\"position\":2,\"name\":\"Ameri\u010dki predsjednik \u0161iri crnu listu: Ko \u0107e praviti dru\u0161tvo Dodiku, \u0160piri\u0107u, Zuki\u0107u&#8230;\"}]},{\"@type\":\"WebSite\",\"@id\":\"https:\/\/tuzlainfo.ba\/#website\",\"url\":\"https:\/\/tuzlainfo.ba\/\",\"name\":\"TuzlaInfo.ba\",\"description\":\"Tuzla info, gradski informator - Tuzla na dlanu\",\"publisher\":{\"@id\":\"https:\/\/tuzlainfo.ba\/#organization\"},\"potentialAction\":[{\"@type\":\"SearchAction\",\"target\":{\"@type\":\"EntryPoint\",\"urlTemplate\":\"https:\/\/tuzlainfo.ba\/?s={search_term_string}\"},\"query-input\":{\"@type\":\"PropertyValueSpecification\",\"valueRequired\":true,\"valueName\":\"search_term_string\"}}],\"inLanguage\":\"bs-BA\"},{\"@type\":\"Organization\",\"@id\":\"https:\/\/tuzlainfo.ba\/#organization\",\"name\":\"TuzlaInfo.ba\",\"url\":\"https:\/\/tuzlainfo.ba\/\",\"logo\":{\"@type\":\"ImageObject\",\"inLanguage\":\"bs-BA\",\"@id\":\"https:\/\/tuzlainfo.ba\/#\/schema\/logo\/image\/\",\"url\":\"https:\/\/tuzlainfo.ba\/wp-content\/uploads\/2021\/03\/logo-ver-3-1.png\",\"contentUrl\":\"https:\/\/tuzlainfo.ba\/wp-content\/uploads\/2021\/03\/logo-ver-3-1.png\",\"width\":350,\"height\":95,\"caption\":\"TuzlaInfo.ba\"},\"image\":{\"@id\":\"https:\/\/tuzlainfo.ba\/#\/schema\/logo\/image\/\"},\"sameAs\":[\"https:\/\/www.facebook.com\/tuzlainfo.ba\/\"]},{\"@type\":\"Person\",\"@id\":\"https:\/\/tuzlainfo.ba\/#\/schema\/person\/f434e20dc27ea133923aab08451b7f7f\",\"name\":\"nedim\",\"image\":{\"@type\":\"ImageObject\",\"inLanguage\":\"bs-BA\",\"@id\":\"https:\/\/tuzlainfo.ba\/#\/schema\/person\/image\/\",\"url\":\"https:\/\/tuzlainfo.ba\/wp-content\/litespeed\/avatar\/aabad687af24844af817603ac1cbdc4f.jpg?ver=1777306975\",\"contentUrl\":\"https:\/\/tuzlainfo.ba\/wp-content\/litespeed\/avatar\/aabad687af24844af817603ac1cbdc4f.jpg?ver=1777306975\",\"caption\":\"nedim\"},\"description\":\"Tuzlainfo.ba pratite na dru\u0161tvenim mre\u017eama: Facebook, Instagram i Youtube. Svoje pri\u010de, upite i fotografije \u0161aljite na na\u0161u e-mail adresu.\"}]}<\/script>\n<!-- \/ Yoast SEO plugin. -->","yoast_head_json":{"title":"Ameri\u010dki predsjednik \u0161iri crnu listu: Ko \u0107e praviti dru\u0161tvo Dodiku, \u0160piri\u0107u, Zuki\u0107u... - TuzlaInfo.ba","robots":{"index":"index","follow":"follow","max-snippet":"max-snippet:-1","max-image-preview":"max-image-preview:large","max-video-preview":"max-video-preview:-1"},"canonical":"https:\/\/tuzlainfo.ba\/index.php\/clanci\/sa-svih-strana\/item\/139285-americki-predsjednik-siri-crnu-listu-ko-ce-praviti-drustvo-dodiku-spiricu-zukicu\/","og_locale":"bs_BA","og_type":"article","og_title":"Ameri\u010dki predsjednik \u0161iri crnu listu: Ko \u0107e praviti dru\u0161tvo Dodiku, \u0160piri\u0107u, Zuki\u0107u... - TuzlaInfo.ba","og_description":"Ameri\u010dki predsjednik Joe Biden najavio je pro\u0161irenje sankcija politi\u010darima Zapadnog Balkana, ta\u010dnije produ\u017eio je naredbu&hellip;","og_url":"https:\/\/tuzlainfo.ba\/index.php\/clanci\/sa-svih-strana\/item\/139285-americki-predsjednik-siri-crnu-listu-ko-ce-praviti-drustvo-dodiku-spiricu-zukicu\/","og_site_name":"TuzlaInfo.ba","article_publisher":"https:\/\/www.facebook.com\/tuzlainfo.ba\/","article_published_time":"2021-06-10T11:40:40+00:00","article_modified_time":"2021-06-10T11:48:17+00:00","og_image":[{"width":1229,"height":881,"url":"https:\/\/tuzlainfo.ba\/wp-content\/uploads\/2021\/06\/1006_joe_biden.jpg","type":"image\/jpeg"}],"author":"nedim","twitter_card":"summary_large_image","twitter_misc":{"Written by":"nedim","Est. reading time":"7 minuta"},"schema":{"@context":"https:\/\/schema.org","@graph":[{"@type":"Article","@id":"https:\/\/tuzlainfo.ba\/index.php\/clanci\/sa-svih-strana\/item\/139285-americki-predsjednik-siri-crnu-listu-ko-ce-praviti-drustvo-dodiku-spiricu-zukicu\/#article","isPartOf":{"@id":"https:\/\/tuzlainfo.ba\/index.php\/clanci\/sa-svih-strana\/item\/139285-americki-predsjednik-siri-crnu-listu-ko-ce-praviti-drustvo-dodiku-spiricu-zukicu\/"},"author":{"name":"nedim","@id":"https:\/\/tuzlainfo.ba\/#\/schema\/person\/f434e20dc27ea133923aab08451b7f7f"},"headline":"Ameri\u010dki predsjednik \u0161iri crnu listu: Ko \u0107e praviti dru\u0161tvo Dodiku, \u0160piri\u0107u, Zuki\u0107u&#8230;","datePublished":"2021-06-10T11:40:40+00:00","dateModified":"2021-06-10T11:48:17+00:00","mainEntityOfPage":{"@id":"https:\/\/tuzlainfo.ba\/index.php\/clanci\/sa-svih-strana\/item\/139285-americki-predsjednik-siri-crnu-listu-ko-ce-praviti-drustvo-dodiku-spiricu-zukicu\/"},"wordCount":1476,"commentCount":0,"publisher":{"@id":"https:\/\/tuzlainfo.ba\/#organization"},"image":{"@id":"https:\/\/tuzlainfo.ba\/index.php\/clanci\/sa-svih-strana\/item\/139285-americki-predsjednik-siri-crnu-listu-ko-ce-praviti-drustvo-dodiku-spiricu-zukicu\/#primaryimage"},"thumbnailUrl":"https:\/\/tuzlainfo.ba\/wp-content\/uploads\/2021\/06\/1006_joe_biden.jpg","keywords":["crna lista","joe biden"],"articleSection":["Sa svih strana"],"inLanguage":"bs-BA"},{"@type":"WebPage","@id":"https:\/\/tuzlainfo.ba\/index.php\/clanci\/sa-svih-strana\/item\/139285-americki-predsjednik-siri-crnu-listu-ko-ce-praviti-drustvo-dodiku-spiricu-zukicu\/","url":"https:\/\/tuzlainfo.ba\/index.php\/clanci\/sa-svih-strana\/item\/139285-americki-predsjednik-siri-crnu-listu-ko-ce-praviti-drustvo-dodiku-spiricu-zukicu\/","name":"Ameri\u010dki predsjednik \u0161iri crnu listu: Ko \u0107e praviti dru\u0161tvo Dodiku, \u0160piri\u0107u, Zuki\u0107u... - TuzlaInfo.ba","isPartOf":{"@id":"https:\/\/tuzlainfo.ba\/#website"},"primaryImageOfPage":{"@id":"https:\/\/tuzlainfo.ba\/index.php\/clanci\/sa-svih-strana\/item\/139285-americki-predsjednik-siri-crnu-listu-ko-ce-praviti-drustvo-dodiku-spiricu-zukicu\/#primaryimage"},"image":{"@id":"https:\/\/tuzlainfo.ba\/index.php\/clanci\/sa-svih-strana\/item\/139285-americki-predsjednik-siri-crnu-listu-ko-ce-praviti-drustvo-dodiku-spiricu-zukicu\/#primaryimage"},"thumbnailUrl":"https:\/\/tuzlainfo.ba\/wp-content\/uploads\/2021\/06\/1006_joe_biden.jpg","datePublished":"2021-06-10T11:40:40+00:00","dateModified":"2021-06-10T11:48:17+00:00","breadcrumb":{"@id":"https:\/\/tuzlainfo.ba\/index.php\/clanci\/sa-svih-strana\/item\/139285-americki-predsjednik-siri-crnu-listu-ko-ce-praviti-drustvo-dodiku-spiricu-zukicu\/#breadcrumb"},"inLanguage":"bs-BA","potentialAction":[{"@type":"ReadAction","target":["https:\/\/tuzlainfo.ba\/index.php\/clanci\/sa-svih-strana\/item\/139285-americki-predsjednik-siri-crnu-listu-ko-ce-praviti-drustvo-dodiku-spiricu-zukicu\/"]}]},{"@type":"ImageObject","inLanguage":"bs-BA","@id":"https:\/\/tuzlainfo.ba\/index.php\/clanci\/sa-svih-strana\/item\/139285-americki-predsjednik-siri-crnu-listu-ko-ce-praviti-drustvo-dodiku-spiricu-zukicu\/#primaryimage","url":"https:\/\/tuzlainfo.ba\/wp-content\/uploads\/2021\/06\/1006_joe_biden.jpg","contentUrl":"https:\/\/tuzlainfo.ba\/wp-content\/uploads\/2021\/06\/1006_joe_biden.jpg","width":1229,"height":881},{"@type":"BreadcrumbList","@id":"https:\/\/tuzlainfo.ba\/index.php\/clanci\/sa-svih-strana\/item\/139285-americki-predsjednik-siri-crnu-listu-ko-ce-praviti-drustvo-dodiku-spiricu-zukicu\/#breadcrumb","itemListElement":[{"@type":"ListItem","position":1,"name":"Home","item":"https:\/\/tuzlainfo.ba\/"},{"@type":"ListItem","position":2,"name":"Ameri\u010dki predsjednik \u0161iri crnu listu: Ko \u0107e praviti dru\u0161tvo Dodiku, \u0160piri\u0107u, Zuki\u0107u&#8230;"}]},{"@type":"WebSite","@id":"https:\/\/tuzlainfo.ba\/#website","url":"https:\/\/tuzlainfo.ba\/","name":"TuzlaInfo.ba","description":"Tuzla info, gradski informator - Tuzla na dlanu","publisher":{"@id":"https:\/\/tuzlainfo.ba\/#organization"},"potentialAction":[{"@type":"SearchAction","target":{"@type":"EntryPoint","urlTemplate":"https:\/\/tuzlainfo.ba\/?s={search_term_string}"},"query-input":{"@type":"PropertyValueSpecification","valueRequired":true,"valueName":"search_term_string"}}],"inLanguage":"bs-BA"},{"@type":"Organization","@id":"https:\/\/tuzlainfo.ba\/#organization","name":"TuzlaInfo.ba","url":"https:\/\/tuzlainfo.ba\/","logo":{"@type":"ImageObject","inLanguage":"bs-BA","@id":"https:\/\/tuzlainfo.ba\/#\/schema\/logo\/image\/","url":"https:\/\/tuzlainfo.ba\/wp-content\/uploads\/2021\/03\/logo-ver-3-1.png","contentUrl":"https:\/\/tuzlainfo.ba\/wp-content\/uploads\/2021\/03\/logo-ver-3-1.png","width":350,"height":95,"caption":"TuzlaInfo.ba"},"image":{"@id":"https:\/\/tuzlainfo.ba\/#\/schema\/logo\/image\/"},"sameAs":["https:\/\/www.facebook.com\/tuzlainfo.ba\/"]},{"@type":"Person","@id":"https:\/\/tuzlainfo.ba\/#\/schema\/person\/f434e20dc27ea133923aab08451b7f7f","name":"nedim","image":{"@type":"ImageObject","inLanguage":"bs-BA","@id":"https:\/\/tuzlainfo.ba\/#\/schema\/person\/image\/","url":"https:\/\/tuzlainfo.ba\/wp-content\/litespeed\/avatar\/aabad687af24844af817603ac1cbdc4f.jpg?ver=1777306975","contentUrl":"https:\/\/tuzlainfo.ba\/wp-content\/litespeed\/avatar\/aabad687af24844af817603ac1cbdc4f.jpg?ver=1777306975","caption":"nedim"},"description":"Tuzlainfo.ba pratite na dru\u0161tvenim mre\u017eama: Facebook, Instagram i Youtube. Svoje pri\u010de, upite i fotografije \u0161aljite na na\u0161u e-mail adresu."}]}},"_links":{"self":[{"href":"https:\/\/tuzlainfo.ba\/index.php\/wp-json\/wp\/v2\/posts\/139285"}],"collection":[{"href":"https:\/\/tuzlainfo.ba\/index.php\/wp-json\/wp\/v2\/posts"}],"about":[{"href":"https:\/\/tuzlainfo.ba\/index.php\/wp-json\/wp\/v2\/types\/post"}],"author":[{"embeddable":true,"href":"https:\/\/tuzlainfo.ba\/index.php\/wp-json\/wp\/v2\/users\/2"}],"replies":[{"embeddable":true,"href":"https:\/\/tuzlainfo.ba\/index.php\/wp-json\/wp\/v2\/comments?post=139285"}],"version-history":[{"count":0,"href":"https:\/\/tuzlainfo.ba\/index.php\/wp-json\/wp\/v2\/posts\/139285\/revisions"}],"wp:featuredmedia":[{"embeddable":true,"href":"https:\/\/tuzlainfo.ba\/index.php\/wp-json\/wp\/v2\/media\/139286"}],"wp:attachment":[{"href":"https:\/\/tuzlainfo.ba\/index.php\/wp-json\/wp\/v2\/media?parent=139285"}],"wp:term":[{"taxonomy":"category","embeddable":true,"href":"https:\/\/tuzlainfo.ba\/index.php\/wp-json\/wp\/v2\/categories?post=139285"},{"taxonomy":"post_tag","embeddable":true,"href":"https:\/\/tuzlainfo.ba\/index.php\/wp-json\/wp\/v2\/tags?post=139285"}],"curies":[{"name":"wp","href":"https:\/\/api.w.org\/{rel}","templated":true}]}}