{"id":139069,"date":"2021-06-07T08:28:04","date_gmt":"2021-06-07T06:28:04","guid":{"rendered":"https:\/\/tuzlainfo.ba\/?p=139069"},"modified":"2021-06-07T13:22:20","modified_gmt":"2021-06-07T11:22:20","slug":"video-snimci-dokazuju-silinu-nevremena-u-tuzli-voda-nosila-i-automobile","status":"publish","type":"post","link":"https:\/\/tuzlainfo.ba\/index.php\/novosti\/item\/139069-video-snimci-dokazuju-silinu-nevremena-u-tuzli-voda-nosila-i-automobile\/","title":{"rendered":"Video snimci dokazuju silinu nevremena u Tuzli: Voda nosila i automobile"},"content":{"rendered":"<p>Na podru\u010dju grada Tuzla, koje je ju\u010der zahvatilo sna\u017eno nevrijeme, i danas se zbraju \u0161tete nastale prvenstveno zbog izlijevanja rijeka i za\u010depljenih kanala odvodnje.<\/p>\n<p>Dok slu\u017ebe JKP Komunalac i Profesionalne vatrogasne jedinice Tuzla neprekidno rade na sanaciji \u0161teta, me\u0111u kojima su pored poplavljenih objekata evidentirani i klizi\u0161ta i o\u0161te\u0107enja puteva, na dru\u0161tvernim mre\u017ea se pojavljuju fotografije i videozapisi koji pokazuju silinu ju\u010dera\u0161njeg nevremena.<\/p>\n<div id=\"penci-post-gallery__73646\" class=\"penci-post-gallery-container masonry grid column-3\" data-height=\"150\" data-margin=\"3\"><div class=\"inner-gallery-masonry-container\"><div class=\"item-gallery-masonry grid\"><a class=\"\" href=\"https:\/\/tuzlainfo.ba\/wp-content\/uploads\/2021\/06\/0706_poplava3.jpg\"><div class=\"inner-item-masonry-gallery\"><img decoding=\"async\" src=\"https:\/\/tuzlainfo.ba\/wp-content\/uploads\/2021\/06\/0706_poplava3-585x390.jpg\" alt=\"\" title=\"0706_poplava3\"><\/div><\/a><\/div><div class=\"item-gallery-masonry grid\"><a class=\"\" href=\"https:\/\/tuzlainfo.ba\/wp-content\/uploads\/2021\/06\/0706_poplava2.jpg\"><div class=\"inner-item-masonry-gallery\"><img decoding=\"async\" src=\"https:\/\/tuzlainfo.ba\/wp-content\/uploads\/2021\/06\/0706_poplava2-585x390.jpg\" alt=\"\" title=\"0706_poplava2\"><\/div><\/a><\/div><div class=\"item-gallery-masonry grid\"><a class=\"\" href=\"https:\/\/tuzlainfo.ba\/wp-content\/uploads\/2021\/06\/0706_poplava1.jpg\"><div class=\"inner-item-masonry-gallery\"><img decoding=\"async\" src=\"https:\/\/tuzlainfo.ba\/wp-content\/uploads\/2021\/06\/0706_poplava1-585x390.jpg\" alt=\"\" title=\"0706_poplava1\"><\/div><\/a><\/div><\/div><\/div>\n<p>Prema objavljenim snimcima najkriti\u010dnije je bilo u prigradskim mjesnim zajednicma Dokanj i Bre\u0161ke gdje su pritoke Soline i sama rijeka Solina u kratkom periodu nabujale i nosile sve pred sobom, pa \u010dak i automobile.<\/p>\n<p>Gra\u0111ani u tom dijelu grada Tuzla su sanirali nastalu \u0161tetu tokom cijele no\u0107i.<\/p>\n<p><iframe style=\"border: none; overflow: hidden;\" src=\"https:\/\/www.facebook.com\/plugins\/video.php?height=322&amp;href=https%3A%2F%2Fwww.facebook.com%2Fdragana.banovicmartinovic%2Fvideos%2F2060411200768137%2F&amp;show_text=false&amp;width=560&amp;t=0\" width=\"560\" height=\"322\" frameborder=\"0\" scrolling=\"no\" allowfullscreen=\"allowfullscreen\"><\/iframe><\/p>\n<p><iframe style=\"border: none; overflow: hidden;\" src=\"https:\/\/www.facebook.com\/plugins\/video.php?height=322&amp;href=https%3A%2F%2Fwww.facebook.com%2Fdragana.banovicmartinovic%2Fvideos%2F2060411510768106%2F&amp;show_text=false&amp;width=560&amp;t=0\" width=\"560\" height=\"322\" frameborder=\"0\" scrolling=\"no\" allowfullscreen=\"allowfullscreen\"><\/iframe><\/p>\n","protected":false},"excerpt":{"rendered":"<p>Na podru\u010dju grada Tuzla, koje je ju\u010der zahvatilo sna\u017eno nevrijeme, i danas se zbraju \u0161tete&hellip;<\/p>\n","protected":false},"author":2,"featured_media":139073,"comment_status":"open","ping_status":"closed","sticky":false,"template":"","format":"standard","meta":{"_acf_changed":false,"footnotes":""},"categories":[304,12,306],"tags":[1513,1514,1512,1510],"acf":[],"yoast_head":"<!-- This site is optimized with the Yoast SEO plugin v23.5 - https:\/\/yoast.com\/wordpress\/plugins\/seo\/ -->\n<title>Video snimci dokazuju silinu nevremena u Tuzli: Voda nosila i automobile - TuzlaInfo.ba<\/title>\n<meta name=\"robots\" content=\"index, follow, max-snippet:-1, max-image-preview:large, max-video-preview:-1\" \/>\n<link rel=\"canonical\" href=\"https:\/\/tuzlainfo.ba\/index.php\/novosti\/item\/139069-video-snimci-dokazuju-silinu-nevremena-u-tuzli-voda-nosila-i-automobile\/\" \/>\n<meta property=\"og:locale\" content=\"bs_BA\" \/>\n<meta property=\"og:type\" content=\"article\" \/>\n<meta property=\"og:title\" content=\"Video snimci dokazuju silinu nevremena u Tuzli: Voda nosila i automobile - TuzlaInfo.ba\" \/>\n<meta property=\"og:description\" content=\"Na podru\u010dju grada Tuzla, koje je ju\u010der zahvatilo sna\u017eno nevrijeme, i danas se zbraju \u0161tete&hellip;\" \/>\n<meta property=\"og:url\" content=\"https:\/\/tuzlainfo.ba\/index.php\/novosti\/item\/139069-video-snimci-dokazuju-silinu-nevremena-u-tuzli-voda-nosila-i-automobile\/\" \/>\n<meta property=\"og:site_name\" content=\"TuzlaInfo.ba\" \/>\n<meta property=\"article:publisher\" content=\"https:\/\/www.facebook.com\/tuzlainfo.ba\/\" \/>\n<meta property=\"article:published_time\" content=\"2021-06-07T06:28:04+00:00\" \/>\n<meta property=\"article:modified_time\" content=\"2021-06-07T11:22:20+00:00\" \/>\n<meta property=\"og:image\" content=\"https:\/\/tuzlainfo.ba\/wp-content\/uploads\/2021\/06\/0706_poplava_dokanj.jpg\" \/>\n\t<meta property=\"og:image:width\" content=\"1000\" \/>\n\t<meta property=\"og:image:height\" content=\"569\" \/>\n\t<meta property=\"og:image:type\" content=\"image\/jpeg\" \/>\n<meta name=\"author\" content=\"nedim\" \/>\n<meta name=\"twitter:card\" content=\"summary_large_image\" \/>\n<meta name=\"twitter:label1\" content=\"Written by\" \/>\n\t<meta name=\"twitter:data1\" content=\"nedim\" \/>\n\t<meta name=\"twitter:label2\" content=\"Est. reading time\" \/>\n\t<meta name=\"twitter:data2\" content=\"1 minuta\" \/>\n<script type=\"application\/ld+json\" class=\"yoast-schema-graph\">{\"@context\":\"https:\/\/schema.org\",\"@graph\":[{\"@type\":\"Article\",\"@id\":\"https:\/\/tuzlainfo.ba\/index.php\/novosti\/item\/139069-video-snimci-dokazuju-silinu-nevremena-u-tuzli-voda-nosila-i-automobile\/#article\",\"isPartOf\":{\"@id\":\"https:\/\/tuzlainfo.ba\/index.php\/novosti\/item\/139069-video-snimci-dokazuju-silinu-nevremena-u-tuzli-voda-nosila-i-automobile\/\"},\"author\":{\"name\":\"nedim\",\"@id\":\"https:\/\/tuzlainfo.ba\/#\/schema\/person\/f434e20dc27ea133923aab08451b7f7f\"},\"headline\":\"Video snimci dokazuju silinu nevremena u Tuzli: Voda nosila i automobile\",\"datePublished\":\"2021-06-07T06:28:04+00:00\",\"dateModified\":\"2021-06-07T11:22:20+00:00\",\"mainEntityOfPage\":{\"@id\":\"https:\/\/tuzlainfo.ba\/index.php\/novosti\/item\/139069-video-snimci-dokazuju-silinu-nevremena-u-tuzli-voda-nosila-i-automobile\/\"},\"wordCount\":145,\"commentCount\":0,\"publisher\":{\"@id\":\"https:\/\/tuzlainfo.ba\/#organization\"},\"image\":{\"@id\":\"https:\/\/tuzlainfo.ba\/index.php\/novosti\/item\/139069-video-snimci-dokazuju-silinu-nevremena-u-tuzli-voda-nosila-i-automobile\/#primaryimage\"},\"thumbnailUrl\":\"https:\/\/tuzlainfo.ba\/wp-content\/uploads\/2021\/06\/0706_poplava_dokanj.jpg\",\"keywords\":[\"bre\u0161ke\",\"brkani\",\"dokanj\",\"nevrijeme\"],\"articleSection\":[\"Istaknuto\",\"Novosti\",\"Preporu\u010dujemo\"],\"inLanguage\":\"bs-BA\"},{\"@type\":\"WebPage\",\"@id\":\"https:\/\/tuzlainfo.ba\/index.php\/novosti\/item\/139069-video-snimci-dokazuju-silinu-nevremena-u-tuzli-voda-nosila-i-automobile\/\",\"url\":\"https:\/\/tuzlainfo.ba\/index.php\/novosti\/item\/139069-video-snimci-dokazuju-silinu-nevremena-u-tuzli-voda-nosila-i-automobile\/\",\"name\":\"Video snimci dokazuju silinu nevremena u Tuzli: Voda nosila i automobile - TuzlaInfo.ba\",\"isPartOf\":{\"@id\":\"https:\/\/tuzlainfo.ba\/#website\"},\"primaryImageOfPage\":{\"@id\":\"https:\/\/tuzlainfo.ba\/index.php\/novosti\/item\/139069-video-snimci-dokazuju-silinu-nevremena-u-tuzli-voda-nosila-i-automobile\/#primaryimage\"},\"image\":{\"@id\":\"https:\/\/tuzlainfo.ba\/index.php\/novosti\/item\/139069-video-snimci-dokazuju-silinu-nevremena-u-tuzli-voda-nosila-i-automobile\/#primaryimage\"},\"thumbnailUrl\":\"https:\/\/tuzlainfo.ba\/wp-content\/uploads\/2021\/06\/0706_poplava_dokanj.jpg\",\"datePublished\":\"2021-06-07T06:28:04+00:00\",\"dateModified\":\"2021-06-07T11:22:20+00:00\",\"breadcrumb\":{\"@id\":\"https:\/\/tuzlainfo.ba\/index.php\/novosti\/item\/139069-video-snimci-dokazuju-silinu-nevremena-u-tuzli-voda-nosila-i-automobile\/#breadcrumb\"},\"inLanguage\":\"bs-BA\",\"potentialAction\":[{\"@type\":\"ReadAction\",\"target\":[\"https:\/\/tuzlainfo.ba\/index.php\/novosti\/item\/139069-video-snimci-dokazuju-silinu-nevremena-u-tuzli-voda-nosila-i-automobile\/\"]}]},{\"@type\":\"ImageObject\",\"inLanguage\":\"bs-BA\",\"@id\":\"https:\/\/tuzlainfo.ba\/index.php\/novosti\/item\/139069-video-snimci-dokazuju-silinu-nevremena-u-tuzli-voda-nosila-i-automobile\/#primaryimage\",\"url\":\"https:\/\/tuzlainfo.ba\/wp-content\/uploads\/2021\/06\/0706_poplava_dokanj.jpg\",\"contentUrl\":\"https:\/\/tuzlainfo.ba\/wp-content\/uploads\/2021\/06\/0706_poplava_dokanj.jpg\",\"width\":1000,\"height\":569},{\"@type\":\"BreadcrumbList\",\"@id\":\"https:\/\/tuzlainfo.ba\/index.php\/novosti\/item\/139069-video-snimci-dokazuju-silinu-nevremena-u-tuzli-voda-nosila-i-automobile\/#breadcrumb\",\"itemListElement\":[{\"@type\":\"ListItem\",\"position\":1,\"name\":\"Home\",\"item\":\"https:\/\/tuzlainfo.ba\/\"},{\"@type\":\"ListItem\",\"position\":2,\"name\":\"Video snimci dokazuju silinu nevremena u Tuzli: Voda nosila i automobile\"}]},{\"@type\":\"WebSite\",\"@id\":\"https:\/\/tuzlainfo.ba\/#website\",\"url\":\"https:\/\/tuzlainfo.ba\/\",\"name\":\"TuzlaInfo.ba\",\"description\":\"Tuzla info, gradski informator - Tuzla na dlanu\",\"publisher\":{\"@id\":\"https:\/\/tuzlainfo.ba\/#organization\"},\"potentialAction\":[{\"@type\":\"SearchAction\",\"target\":{\"@type\":\"EntryPoint\",\"urlTemplate\":\"https:\/\/tuzlainfo.ba\/?s={search_term_string}\"},\"query-input\":{\"@type\":\"PropertyValueSpecification\",\"valueRequired\":true,\"valueName\":\"search_term_string\"}}],\"inLanguage\":\"bs-BA\"},{\"@type\":\"Organization\",\"@id\":\"https:\/\/tuzlainfo.ba\/#organization\",\"name\":\"TuzlaInfo.ba\",\"url\":\"https:\/\/tuzlainfo.ba\/\",\"logo\":{\"@type\":\"ImageObject\",\"inLanguage\":\"bs-BA\",\"@id\":\"https:\/\/tuzlainfo.ba\/#\/schema\/logo\/image\/\",\"url\":\"https:\/\/tuzlainfo.ba\/wp-content\/uploads\/2021\/03\/logo-ver-3-1.png\",\"contentUrl\":\"https:\/\/tuzlainfo.ba\/wp-content\/uploads\/2021\/03\/logo-ver-3-1.png\",\"width\":350,\"height\":95,\"caption\":\"TuzlaInfo.ba\"},\"image\":{\"@id\":\"https:\/\/tuzlainfo.ba\/#\/schema\/logo\/image\/\"},\"sameAs\":[\"https:\/\/www.facebook.com\/tuzlainfo.ba\/\"]},{\"@type\":\"Person\",\"@id\":\"https:\/\/tuzlainfo.ba\/#\/schema\/person\/f434e20dc27ea133923aab08451b7f7f\",\"name\":\"nedim\",\"image\":{\"@type\":\"ImageObject\",\"inLanguage\":\"bs-BA\",\"@id\":\"https:\/\/tuzlainfo.ba\/#\/schema\/person\/image\/\",\"url\":\"https:\/\/tuzlainfo.ba\/wp-content\/litespeed\/avatar\/aabad687af24844af817603ac1cbdc4f.jpg?ver=1777306975\",\"contentUrl\":\"https:\/\/tuzlainfo.ba\/wp-content\/litespeed\/avatar\/aabad687af24844af817603ac1cbdc4f.jpg?ver=1777306975\",\"caption\":\"nedim\"},\"description\":\"Tuzlainfo.ba pratite na dru\u0161tvenim mre\u017eama: Facebook, Instagram i Youtube. Svoje pri\u010de, upite i fotografije \u0161aljite na na\u0161u e-mail adresu.\"}]}<\/script>\n<!-- \/ Yoast SEO plugin. -->","yoast_head_json":{"title":"Video snimci dokazuju silinu nevremena u Tuzli: Voda nosila i automobile - TuzlaInfo.ba","robots":{"index":"index","follow":"follow","max-snippet":"max-snippet:-1","max-image-preview":"max-image-preview:large","max-video-preview":"max-video-preview:-1"},"canonical":"https:\/\/tuzlainfo.ba\/index.php\/novosti\/item\/139069-video-snimci-dokazuju-silinu-nevremena-u-tuzli-voda-nosila-i-automobile\/","og_locale":"bs_BA","og_type":"article","og_title":"Video snimci dokazuju silinu nevremena u Tuzli: Voda nosila i automobile - TuzlaInfo.ba","og_description":"Na podru\u010dju grada Tuzla, koje je ju\u010der zahvatilo sna\u017eno nevrijeme, i danas se zbraju \u0161tete&hellip;","og_url":"https:\/\/tuzlainfo.ba\/index.php\/novosti\/item\/139069-video-snimci-dokazuju-silinu-nevremena-u-tuzli-voda-nosila-i-automobile\/","og_site_name":"TuzlaInfo.ba","article_publisher":"https:\/\/www.facebook.com\/tuzlainfo.ba\/","article_published_time":"2021-06-07T06:28:04+00:00","article_modified_time":"2021-06-07T11:22:20+00:00","og_image":[{"width":1000,"height":569,"url":"https:\/\/tuzlainfo.ba\/wp-content\/uploads\/2021\/06\/0706_poplava_dokanj.jpg","type":"image\/jpeg"}],"author":"nedim","twitter_card":"summary_large_image","twitter_misc":{"Written by":"nedim","Est. reading time":"1 minuta"},"schema":{"@context":"https:\/\/schema.org","@graph":[{"@type":"Article","@id":"https:\/\/tuzlainfo.ba\/index.php\/novosti\/item\/139069-video-snimci-dokazuju-silinu-nevremena-u-tuzli-voda-nosila-i-automobile\/#article","isPartOf":{"@id":"https:\/\/tuzlainfo.ba\/index.php\/novosti\/item\/139069-video-snimci-dokazuju-silinu-nevremena-u-tuzli-voda-nosila-i-automobile\/"},"author":{"name":"nedim","@id":"https:\/\/tuzlainfo.ba\/#\/schema\/person\/f434e20dc27ea133923aab08451b7f7f"},"headline":"Video snimci dokazuju silinu nevremena u Tuzli: Voda nosila i automobile","datePublished":"2021-06-07T06:28:04+00:00","dateModified":"2021-06-07T11:22:20+00:00","mainEntityOfPage":{"@id":"https:\/\/tuzlainfo.ba\/index.php\/novosti\/item\/139069-video-snimci-dokazuju-silinu-nevremena-u-tuzli-voda-nosila-i-automobile\/"},"wordCount":145,"commentCount":0,"publisher":{"@id":"https:\/\/tuzlainfo.ba\/#organization"},"image":{"@id":"https:\/\/tuzlainfo.ba\/index.php\/novosti\/item\/139069-video-snimci-dokazuju-silinu-nevremena-u-tuzli-voda-nosila-i-automobile\/#primaryimage"},"thumbnailUrl":"https:\/\/tuzlainfo.ba\/wp-content\/uploads\/2021\/06\/0706_poplava_dokanj.jpg","keywords":["bre\u0161ke","brkani","dokanj","nevrijeme"],"articleSection":["Istaknuto","Novosti","Preporu\u010dujemo"],"inLanguage":"bs-BA"},{"@type":"WebPage","@id":"https:\/\/tuzlainfo.ba\/index.php\/novosti\/item\/139069-video-snimci-dokazuju-silinu-nevremena-u-tuzli-voda-nosila-i-automobile\/","url":"https:\/\/tuzlainfo.ba\/index.php\/novosti\/item\/139069-video-snimci-dokazuju-silinu-nevremena-u-tuzli-voda-nosila-i-automobile\/","name":"Video snimci dokazuju silinu nevremena u Tuzli: Voda nosila i automobile - TuzlaInfo.ba","isPartOf":{"@id":"https:\/\/tuzlainfo.ba\/#website"},"primaryImageOfPage":{"@id":"https:\/\/tuzlainfo.ba\/index.php\/novosti\/item\/139069-video-snimci-dokazuju-silinu-nevremena-u-tuzli-voda-nosila-i-automobile\/#primaryimage"},"image":{"@id":"https:\/\/tuzlainfo.ba\/index.php\/novosti\/item\/139069-video-snimci-dokazuju-silinu-nevremena-u-tuzli-voda-nosila-i-automobile\/#primaryimage"},"thumbnailUrl":"https:\/\/tuzlainfo.ba\/wp-content\/uploads\/2021\/06\/0706_poplava_dokanj.jpg","datePublished":"2021-06-07T06:28:04+00:00","dateModified":"2021-06-07T11:22:20+00:00","breadcrumb":{"@id":"https:\/\/tuzlainfo.ba\/index.php\/novosti\/item\/139069-video-snimci-dokazuju-silinu-nevremena-u-tuzli-voda-nosila-i-automobile\/#breadcrumb"},"inLanguage":"bs-BA","potentialAction":[{"@type":"ReadAction","target":["https:\/\/tuzlainfo.ba\/index.php\/novosti\/item\/139069-video-snimci-dokazuju-silinu-nevremena-u-tuzli-voda-nosila-i-automobile\/"]}]},{"@type":"ImageObject","inLanguage":"bs-BA","@id":"https:\/\/tuzlainfo.ba\/index.php\/novosti\/item\/139069-video-snimci-dokazuju-silinu-nevremena-u-tuzli-voda-nosila-i-automobile\/#primaryimage","url":"https:\/\/tuzlainfo.ba\/wp-content\/uploads\/2021\/06\/0706_poplava_dokanj.jpg","contentUrl":"https:\/\/tuzlainfo.ba\/wp-content\/uploads\/2021\/06\/0706_poplava_dokanj.jpg","width":1000,"height":569},{"@type":"BreadcrumbList","@id":"https:\/\/tuzlainfo.ba\/index.php\/novosti\/item\/139069-video-snimci-dokazuju-silinu-nevremena-u-tuzli-voda-nosila-i-automobile\/#breadcrumb","itemListElement":[{"@type":"ListItem","position":1,"name":"Home","item":"https:\/\/tuzlainfo.ba\/"},{"@type":"ListItem","position":2,"name":"Video snimci dokazuju silinu nevremena u Tuzli: Voda nosila i automobile"}]},{"@type":"WebSite","@id":"https:\/\/tuzlainfo.ba\/#website","url":"https:\/\/tuzlainfo.ba\/","name":"TuzlaInfo.ba","description":"Tuzla info, gradski informator - Tuzla na dlanu","publisher":{"@id":"https:\/\/tuzlainfo.ba\/#organization"},"potentialAction":[{"@type":"SearchAction","target":{"@type":"EntryPoint","urlTemplate":"https:\/\/tuzlainfo.ba\/?s={search_term_string}"},"query-input":{"@type":"PropertyValueSpecification","valueRequired":true,"valueName":"search_term_string"}}],"inLanguage":"bs-BA"},{"@type":"Organization","@id":"https:\/\/tuzlainfo.ba\/#organization","name":"TuzlaInfo.ba","url":"https:\/\/tuzlainfo.ba\/","logo":{"@type":"ImageObject","inLanguage":"bs-BA","@id":"https:\/\/tuzlainfo.ba\/#\/schema\/logo\/image\/","url":"https:\/\/tuzlainfo.ba\/wp-content\/uploads\/2021\/03\/logo-ver-3-1.png","contentUrl":"https:\/\/tuzlainfo.ba\/wp-content\/uploads\/2021\/03\/logo-ver-3-1.png","width":350,"height":95,"caption":"TuzlaInfo.ba"},"image":{"@id":"https:\/\/tuzlainfo.ba\/#\/schema\/logo\/image\/"},"sameAs":["https:\/\/www.facebook.com\/tuzlainfo.ba\/"]},{"@type":"Person","@id":"https:\/\/tuzlainfo.ba\/#\/schema\/person\/f434e20dc27ea133923aab08451b7f7f","name":"nedim","image":{"@type":"ImageObject","inLanguage":"bs-BA","@id":"https:\/\/tuzlainfo.ba\/#\/schema\/person\/image\/","url":"https:\/\/tuzlainfo.ba\/wp-content\/litespeed\/avatar\/aabad687af24844af817603ac1cbdc4f.jpg?ver=1777306975","contentUrl":"https:\/\/tuzlainfo.ba\/wp-content\/litespeed\/avatar\/aabad687af24844af817603ac1cbdc4f.jpg?ver=1777306975","caption":"nedim"},"description":"Tuzlainfo.ba pratite na dru\u0161tvenim mre\u017eama: Facebook, Instagram i Youtube. Svoje pri\u010de, upite i fotografije \u0161aljite na na\u0161u e-mail adresu."}]}},"_links":{"self":[{"href":"https:\/\/tuzlainfo.ba\/index.php\/wp-json\/wp\/v2\/posts\/139069"}],"collection":[{"href":"https:\/\/tuzlainfo.ba\/index.php\/wp-json\/wp\/v2\/posts"}],"about":[{"href":"https:\/\/tuzlainfo.ba\/index.php\/wp-json\/wp\/v2\/types\/post"}],"author":[{"embeddable":true,"href":"https:\/\/tuzlainfo.ba\/index.php\/wp-json\/wp\/v2\/users\/2"}],"replies":[{"embeddable":true,"href":"https:\/\/tuzlainfo.ba\/index.php\/wp-json\/wp\/v2\/comments?post=139069"}],"version-history":[{"count":0,"href":"https:\/\/tuzlainfo.ba\/index.php\/wp-json\/wp\/v2\/posts\/139069\/revisions"}],"wp:featuredmedia":[{"embeddable":true,"href":"https:\/\/tuzlainfo.ba\/index.php\/wp-json\/wp\/v2\/media\/139073"}],"wp:attachment":[{"href":"https:\/\/tuzlainfo.ba\/index.php\/wp-json\/wp\/v2\/media?parent=139069"}],"wp:term":[{"taxonomy":"category","embeddable":true,"href":"https:\/\/tuzlainfo.ba\/index.php\/wp-json\/wp\/v2\/categories?post=139069"},{"taxonomy":"post_tag","embeddable":true,"href":"https:\/\/tuzlainfo.ba\/index.php\/wp-json\/wp\/v2\/tags?post=139069"}],"curies":[{"name":"wp","href":"https:\/\/api.w.org\/{rel}","templated":true}]}}