{"id":139022,"date":"2021-06-06T10:00:47","date_gmt":"2021-06-06T08:00:47","guid":{"rendered":"https:\/\/tuzlainfo.ba\/?p=139022"},"modified":"2021-06-06T07:30:48","modified_gmt":"2021-06-06T05:30:48","slug":"tuzlanski-kanton-eko-zeleni-obiljezili-svjetski-dan-okolisa","status":"publish","type":"post","link":"https:\/\/tuzlainfo.ba\/index.php\/novosti\/item\/139022-tuzlanski-kanton-eko-zeleni-obiljezili-svjetski-dan-okolisa\/","title":{"rendered":"Tuzlanski kanton: Eko zeleni obilje\u017eili Svjetski dan okoli\u0161a"},"content":{"rendered":"<p>Svjetski dan okoli\u0161a ju\u010der je obilje\u017een i na Panonici u Tuzli u organizaciji Ekolo\u0161kog saveza Eko zeleni TK.<\/p>\n<p>Na manifestaciji se u ime\u00a0 NVO za okoli\u0161 obratio prof. dr. Muhamed Omerovi\u0107, zatim kantonalni ministri za prostorno ure\u0111enje i za\u0161titu okoli\u0161a i za obrazovanje u nauku Zvjezdan Karad\u017ein i Elvis Barakovi\u0107, te direktor Pedago\u0161kog zavoda TK Nikola \u010ci\u010da.<\/p>\n<p>Odr\u017ean je i okrugli sto\u00a0 na kojem se diskutovalo o ekolo\u0161kom odgoju i obrazovanju u sistemu nastavnih planova i programa.<\/p>\n<p>\u010cist okoli\u0161 predstavlja temeljno ljudsko pravo. U dana\u0161nje vrijeme to pravo je mnogima uskra\u0107eno, a posljedice po zdravlje nesagledive. \u00a0\u201eKrivac je sam \u010dovjek. Odnos prema prirodi mora biti odgovorniji\u201c, \u00a0re\u010deno je prilikom obilje\u017eavanja Svjetskog dana okoli\u0161a u Tuzli.<\/p>\n<p>Na Kompleksu Panonskih jezera u Tuzli dodijeljene su zahvalnice i ekolo\u0161ka priznanja \u0161kolama koje su sudjelovale u takmi\u010denju.<\/p>\n<p>Ranije je raspisan konkurs u kojem se birala &#8220;eko \u0161kola&#8221;. Stru\u010dna komisija je odabrala 10 osnovnih \u0161kola i proglasila ih &#8220;eko \u0161kolama&#8221;. Prije svega, razmatrali su se i vrednovali ekolo\u0161ki projekti u \u0161kolama, ure\u0111enost zelenih povr\u0161ina i sli\u010dno.<\/p>\n<p>Priznanje je dobila i Panonika, za doprinos razvoju turizma. Obilje\u017eavanje Svjetskog dana okoli\u0161a bila je prilika za dru\u017eenje, sadnju ukrasnog drve\u0107a, njegovanje zdravog odnosa prema prirodi \u00a0i upu\u0107ivanje poruka kako o\u010duvati okoli\u0161 od zaga\u0111enja.<\/p>\n<p><iframe title=\"PANONIKA - SVJETSKI DAN OKOLI\u0160A 05 06 2021\" width=\"1170\" height=\"658\" src=\"https:\/\/www.youtube.com\/embed\/__tBCzBAVZ0?feature=oembed\" frameborder=\"0\" allow=\"accelerometer; autoplay; clipboard-write; encrypted-media; gyroscope; picture-in-picture\" allowfullscreen><\/iframe><\/p>\n","protected":false},"excerpt":{"rendered":"<p>Svjetski dan okoli\u0161a ju\u010der je obilje\u017een i na Panonici u Tuzli u organizaciji Ekolo\u0161kog saveza&hellip;<\/p>\n","protected":false},"author":2,"featured_media":138994,"comment_status":"open","ping_status":"closed","sticky":false,"template":"","format":"standard","meta":{"_acf_changed":false,"footnotes":""},"categories":[304,12],"tags":[1503,46,360],"acf":[],"yoast_head":"<!-- This site is optimized with the Yoast SEO plugin v23.5 - https:\/\/yoast.com\/wordpress\/plugins\/seo\/ -->\n<title>Tuzlanski kanton: Eko zeleni obilje\u017eili Svjetski dan okoli\u0161a - TuzlaInfo.ba<\/title>\n<meta name=\"robots\" content=\"index, follow, max-snippet:-1, max-image-preview:large, max-video-preview:-1\" \/>\n<link rel=\"canonical\" href=\"https:\/\/tuzlainfo.ba\/index.php\/novosti\/item\/139022-tuzlanski-kanton-eko-zeleni-obiljezili-svjetski-dan-okolisa\/\" \/>\n<meta property=\"og:locale\" content=\"bs_BA\" \/>\n<meta property=\"og:type\" content=\"article\" \/>\n<meta property=\"og:title\" content=\"Tuzlanski kanton: Eko zeleni obilje\u017eili Svjetski dan okoli\u0161a - TuzlaInfo.ba\" \/>\n<meta property=\"og:description\" content=\"Svjetski dan okoli\u0161a ju\u010der je obilje\u017een i na Panonici u Tuzli u organizaciji Ekolo\u0161kog saveza&hellip;\" \/>\n<meta property=\"og:url\" content=\"https:\/\/tuzlainfo.ba\/index.php\/novosti\/item\/139022-tuzlanski-kanton-eko-zeleni-obiljezili-svjetski-dan-okolisa\/\" \/>\n<meta property=\"og:site_name\" content=\"TuzlaInfo.ba\" \/>\n<meta property=\"article:publisher\" content=\"https:\/\/www.facebook.com\/tuzlainfo.ba\/\" \/>\n<meta property=\"article:published_time\" content=\"2021-06-06T08:00:47+00:00\" \/>\n<meta property=\"article:modified_time\" content=\"2021-06-06T05:30:48+00:00\" \/>\n<meta property=\"og:image\" content=\"https:\/\/tuzlainfo.ba\/wp-content\/uploads\/2021\/06\/0506_panonika_sadnice.jpg\" \/>\n\t<meta property=\"og:image:width\" content=\"976\" \/>\n\t<meta property=\"og:image:height\" content=\"521\" \/>\n\t<meta property=\"og:image:type\" content=\"image\/jpeg\" \/>\n<meta name=\"author\" content=\"nedim\" \/>\n<meta name=\"twitter:card\" content=\"summary_large_image\" \/>\n<meta name=\"twitter:label1\" content=\"Written by\" \/>\n\t<meta name=\"twitter:data1\" content=\"nedim\" \/>\n\t<meta name=\"twitter:label2\" content=\"Est. reading time\" \/>\n\t<meta name=\"twitter:data2\" content=\"1 minuta\" \/>\n<script type=\"application\/ld+json\" class=\"yoast-schema-graph\">{\"@context\":\"https:\/\/schema.org\",\"@graph\":[{\"@type\":\"Article\",\"@id\":\"https:\/\/tuzlainfo.ba\/index.php\/novosti\/item\/139022-tuzlanski-kanton-eko-zeleni-obiljezili-svjetski-dan-okolisa\/#article\",\"isPartOf\":{\"@id\":\"https:\/\/tuzlainfo.ba\/index.php\/novosti\/item\/139022-tuzlanski-kanton-eko-zeleni-obiljezili-svjetski-dan-okolisa\/\"},\"author\":{\"name\":\"nedim\",\"@id\":\"https:\/\/tuzlainfo.ba\/#\/schema\/person\/f434e20dc27ea133923aab08451b7f7f\"},\"headline\":\"Tuzlanski kanton: Eko zeleni obilje\u017eili Svjetski dan okoli\u0161a\",\"datePublished\":\"2021-06-06T08:00:47+00:00\",\"dateModified\":\"2021-06-06T05:30:48+00:00\",\"mainEntityOfPage\":{\"@id\":\"https:\/\/tuzlainfo.ba\/index.php\/novosti\/item\/139022-tuzlanski-kanton-eko-zeleni-obiljezili-svjetski-dan-okolisa\/\"},\"wordCount\":252,\"commentCount\":0,\"publisher\":{\"@id\":\"https:\/\/tuzlainfo.ba\/#organization\"},\"image\":{\"@id\":\"https:\/\/tuzlainfo.ba\/index.php\/novosti\/item\/139022-tuzlanski-kanton-eko-zeleni-obiljezili-svjetski-dan-okolisa\/#primaryimage\"},\"thumbnailUrl\":\"https:\/\/tuzlainfo.ba\/wp-content\/uploads\/2021\/06\/0506_panonika_sadnice.jpg\",\"keywords\":[\"eko zeleni\",\"panonska jezera\",\"tuzlanski kanton\"],\"articleSection\":[\"Istaknuto\",\"Novosti\"],\"inLanguage\":\"bs-BA\"},{\"@type\":\"WebPage\",\"@id\":\"https:\/\/tuzlainfo.ba\/index.php\/novosti\/item\/139022-tuzlanski-kanton-eko-zeleni-obiljezili-svjetski-dan-okolisa\/\",\"url\":\"https:\/\/tuzlainfo.ba\/index.php\/novosti\/item\/139022-tuzlanski-kanton-eko-zeleni-obiljezili-svjetski-dan-okolisa\/\",\"name\":\"Tuzlanski kanton: Eko zeleni obilje\u017eili Svjetski dan okoli\u0161a - TuzlaInfo.ba\",\"isPartOf\":{\"@id\":\"https:\/\/tuzlainfo.ba\/#website\"},\"primaryImageOfPage\":{\"@id\":\"https:\/\/tuzlainfo.ba\/index.php\/novosti\/item\/139022-tuzlanski-kanton-eko-zeleni-obiljezili-svjetski-dan-okolisa\/#primaryimage\"},\"image\":{\"@id\":\"https:\/\/tuzlainfo.ba\/index.php\/novosti\/item\/139022-tuzlanski-kanton-eko-zeleni-obiljezili-svjetski-dan-okolisa\/#primaryimage\"},\"thumbnailUrl\":\"https:\/\/tuzlainfo.ba\/wp-content\/uploads\/2021\/06\/0506_panonika_sadnice.jpg\",\"datePublished\":\"2021-06-06T08:00:47+00:00\",\"dateModified\":\"2021-06-06T05:30:48+00:00\",\"breadcrumb\":{\"@id\":\"https:\/\/tuzlainfo.ba\/index.php\/novosti\/item\/139022-tuzlanski-kanton-eko-zeleni-obiljezili-svjetski-dan-okolisa\/#breadcrumb\"},\"inLanguage\":\"bs-BA\",\"potentialAction\":[{\"@type\":\"ReadAction\",\"target\":[\"https:\/\/tuzlainfo.ba\/index.php\/novosti\/item\/139022-tuzlanski-kanton-eko-zeleni-obiljezili-svjetski-dan-okolisa\/\"]}]},{\"@type\":\"ImageObject\",\"inLanguage\":\"bs-BA\",\"@id\":\"https:\/\/tuzlainfo.ba\/index.php\/novosti\/item\/139022-tuzlanski-kanton-eko-zeleni-obiljezili-svjetski-dan-okolisa\/#primaryimage\",\"url\":\"https:\/\/tuzlainfo.ba\/wp-content\/uploads\/2021\/06\/0506_panonika_sadnice.jpg\",\"contentUrl\":\"https:\/\/tuzlainfo.ba\/wp-content\/uploads\/2021\/06\/0506_panonika_sadnice.jpg\",\"width\":976,\"height\":521},{\"@type\":\"BreadcrumbList\",\"@id\":\"https:\/\/tuzlainfo.ba\/index.php\/novosti\/item\/139022-tuzlanski-kanton-eko-zeleni-obiljezili-svjetski-dan-okolisa\/#breadcrumb\",\"itemListElement\":[{\"@type\":\"ListItem\",\"position\":1,\"name\":\"Home\",\"item\":\"https:\/\/tuzlainfo.ba\/\"},{\"@type\":\"ListItem\",\"position\":2,\"name\":\"Tuzlanski kanton: Eko zeleni obilje\u017eili Svjetski dan okoli\u0161a\"}]},{\"@type\":\"WebSite\",\"@id\":\"https:\/\/tuzlainfo.ba\/#website\",\"url\":\"https:\/\/tuzlainfo.ba\/\",\"name\":\"TuzlaInfo.ba\",\"description\":\"Tuzla info, gradski informator - Tuzla na dlanu\",\"publisher\":{\"@id\":\"https:\/\/tuzlainfo.ba\/#organization\"},\"potentialAction\":[{\"@type\":\"SearchAction\",\"target\":{\"@type\":\"EntryPoint\",\"urlTemplate\":\"https:\/\/tuzlainfo.ba\/?s={search_term_string}\"},\"query-input\":{\"@type\":\"PropertyValueSpecification\",\"valueRequired\":true,\"valueName\":\"search_term_string\"}}],\"inLanguage\":\"bs-BA\"},{\"@type\":\"Organization\",\"@id\":\"https:\/\/tuzlainfo.ba\/#organization\",\"name\":\"TuzlaInfo.ba\",\"url\":\"https:\/\/tuzlainfo.ba\/\",\"logo\":{\"@type\":\"ImageObject\",\"inLanguage\":\"bs-BA\",\"@id\":\"https:\/\/tuzlainfo.ba\/#\/schema\/logo\/image\/\",\"url\":\"https:\/\/tuzlainfo.ba\/wp-content\/uploads\/2021\/03\/logo-ver-3-1.png\",\"contentUrl\":\"https:\/\/tuzlainfo.ba\/wp-content\/uploads\/2021\/03\/logo-ver-3-1.png\",\"width\":350,\"height\":95,\"caption\":\"TuzlaInfo.ba\"},\"image\":{\"@id\":\"https:\/\/tuzlainfo.ba\/#\/schema\/logo\/image\/\"},\"sameAs\":[\"https:\/\/www.facebook.com\/tuzlainfo.ba\/\"]},{\"@type\":\"Person\",\"@id\":\"https:\/\/tuzlainfo.ba\/#\/schema\/person\/f434e20dc27ea133923aab08451b7f7f\",\"name\":\"nedim\",\"image\":{\"@type\":\"ImageObject\",\"inLanguage\":\"bs-BA\",\"@id\":\"https:\/\/tuzlainfo.ba\/#\/schema\/person\/image\/\",\"url\":\"https:\/\/tuzlainfo.ba\/wp-content\/litespeed\/avatar\/aabad687af24844af817603ac1cbdc4f.jpg?ver=1776702173\",\"contentUrl\":\"https:\/\/tuzlainfo.ba\/wp-content\/litespeed\/avatar\/aabad687af24844af817603ac1cbdc4f.jpg?ver=1776702173\",\"caption\":\"nedim\"},\"description\":\"Tuzlainfo.ba pratite na dru\u0161tvenim mre\u017eama: Facebook, Instagram i Youtube. Svoje pri\u010de, upite i fotografije \u0161aljite na na\u0161u e-mail adresu.\"}]}<\/script>\n<!-- \/ Yoast SEO plugin. -->","yoast_head_json":{"title":"Tuzlanski kanton: Eko zeleni obilje\u017eili Svjetski dan okoli\u0161a - TuzlaInfo.ba","robots":{"index":"index","follow":"follow","max-snippet":"max-snippet:-1","max-image-preview":"max-image-preview:large","max-video-preview":"max-video-preview:-1"},"canonical":"https:\/\/tuzlainfo.ba\/index.php\/novosti\/item\/139022-tuzlanski-kanton-eko-zeleni-obiljezili-svjetski-dan-okolisa\/","og_locale":"bs_BA","og_type":"article","og_title":"Tuzlanski kanton: Eko zeleni obilje\u017eili Svjetski dan okoli\u0161a - TuzlaInfo.ba","og_description":"Svjetski dan okoli\u0161a ju\u010der je obilje\u017een i na Panonici u Tuzli u organizaciji Ekolo\u0161kog saveza&hellip;","og_url":"https:\/\/tuzlainfo.ba\/index.php\/novosti\/item\/139022-tuzlanski-kanton-eko-zeleni-obiljezili-svjetski-dan-okolisa\/","og_site_name":"TuzlaInfo.ba","article_publisher":"https:\/\/www.facebook.com\/tuzlainfo.ba\/","article_published_time":"2021-06-06T08:00:47+00:00","article_modified_time":"2021-06-06T05:30:48+00:00","og_image":[{"width":976,"height":521,"url":"https:\/\/tuzlainfo.ba\/wp-content\/uploads\/2021\/06\/0506_panonika_sadnice.jpg","type":"image\/jpeg"}],"author":"nedim","twitter_card":"summary_large_image","twitter_misc":{"Written by":"nedim","Est. reading time":"1 minuta"},"schema":{"@context":"https:\/\/schema.org","@graph":[{"@type":"Article","@id":"https:\/\/tuzlainfo.ba\/index.php\/novosti\/item\/139022-tuzlanski-kanton-eko-zeleni-obiljezili-svjetski-dan-okolisa\/#article","isPartOf":{"@id":"https:\/\/tuzlainfo.ba\/index.php\/novosti\/item\/139022-tuzlanski-kanton-eko-zeleni-obiljezili-svjetski-dan-okolisa\/"},"author":{"name":"nedim","@id":"https:\/\/tuzlainfo.ba\/#\/schema\/person\/f434e20dc27ea133923aab08451b7f7f"},"headline":"Tuzlanski kanton: Eko zeleni obilje\u017eili Svjetski dan okoli\u0161a","datePublished":"2021-06-06T08:00:47+00:00","dateModified":"2021-06-06T05:30:48+00:00","mainEntityOfPage":{"@id":"https:\/\/tuzlainfo.ba\/index.php\/novosti\/item\/139022-tuzlanski-kanton-eko-zeleni-obiljezili-svjetski-dan-okolisa\/"},"wordCount":252,"commentCount":0,"publisher":{"@id":"https:\/\/tuzlainfo.ba\/#organization"},"image":{"@id":"https:\/\/tuzlainfo.ba\/index.php\/novosti\/item\/139022-tuzlanski-kanton-eko-zeleni-obiljezili-svjetski-dan-okolisa\/#primaryimage"},"thumbnailUrl":"https:\/\/tuzlainfo.ba\/wp-content\/uploads\/2021\/06\/0506_panonika_sadnice.jpg","keywords":["eko zeleni","panonska jezera","tuzlanski kanton"],"articleSection":["Istaknuto","Novosti"],"inLanguage":"bs-BA"},{"@type":"WebPage","@id":"https:\/\/tuzlainfo.ba\/index.php\/novosti\/item\/139022-tuzlanski-kanton-eko-zeleni-obiljezili-svjetski-dan-okolisa\/","url":"https:\/\/tuzlainfo.ba\/index.php\/novosti\/item\/139022-tuzlanski-kanton-eko-zeleni-obiljezili-svjetski-dan-okolisa\/","name":"Tuzlanski kanton: Eko zeleni obilje\u017eili Svjetski dan okoli\u0161a - TuzlaInfo.ba","isPartOf":{"@id":"https:\/\/tuzlainfo.ba\/#website"},"primaryImageOfPage":{"@id":"https:\/\/tuzlainfo.ba\/index.php\/novosti\/item\/139022-tuzlanski-kanton-eko-zeleni-obiljezili-svjetski-dan-okolisa\/#primaryimage"},"image":{"@id":"https:\/\/tuzlainfo.ba\/index.php\/novosti\/item\/139022-tuzlanski-kanton-eko-zeleni-obiljezili-svjetski-dan-okolisa\/#primaryimage"},"thumbnailUrl":"https:\/\/tuzlainfo.ba\/wp-content\/uploads\/2021\/06\/0506_panonika_sadnice.jpg","datePublished":"2021-06-06T08:00:47+00:00","dateModified":"2021-06-06T05:30:48+00:00","breadcrumb":{"@id":"https:\/\/tuzlainfo.ba\/index.php\/novosti\/item\/139022-tuzlanski-kanton-eko-zeleni-obiljezili-svjetski-dan-okolisa\/#breadcrumb"},"inLanguage":"bs-BA","potentialAction":[{"@type":"ReadAction","target":["https:\/\/tuzlainfo.ba\/index.php\/novosti\/item\/139022-tuzlanski-kanton-eko-zeleni-obiljezili-svjetski-dan-okolisa\/"]}]},{"@type":"ImageObject","inLanguage":"bs-BA","@id":"https:\/\/tuzlainfo.ba\/index.php\/novosti\/item\/139022-tuzlanski-kanton-eko-zeleni-obiljezili-svjetski-dan-okolisa\/#primaryimage","url":"https:\/\/tuzlainfo.ba\/wp-content\/uploads\/2021\/06\/0506_panonika_sadnice.jpg","contentUrl":"https:\/\/tuzlainfo.ba\/wp-content\/uploads\/2021\/06\/0506_panonika_sadnice.jpg","width":976,"height":521},{"@type":"BreadcrumbList","@id":"https:\/\/tuzlainfo.ba\/index.php\/novosti\/item\/139022-tuzlanski-kanton-eko-zeleni-obiljezili-svjetski-dan-okolisa\/#breadcrumb","itemListElement":[{"@type":"ListItem","position":1,"name":"Home","item":"https:\/\/tuzlainfo.ba\/"},{"@type":"ListItem","position":2,"name":"Tuzlanski kanton: Eko zeleni obilje\u017eili Svjetski dan okoli\u0161a"}]},{"@type":"WebSite","@id":"https:\/\/tuzlainfo.ba\/#website","url":"https:\/\/tuzlainfo.ba\/","name":"TuzlaInfo.ba","description":"Tuzla info, gradski informator - Tuzla na dlanu","publisher":{"@id":"https:\/\/tuzlainfo.ba\/#organization"},"potentialAction":[{"@type":"SearchAction","target":{"@type":"EntryPoint","urlTemplate":"https:\/\/tuzlainfo.ba\/?s={search_term_string}"},"query-input":{"@type":"PropertyValueSpecification","valueRequired":true,"valueName":"search_term_string"}}],"inLanguage":"bs-BA"},{"@type":"Organization","@id":"https:\/\/tuzlainfo.ba\/#organization","name":"TuzlaInfo.ba","url":"https:\/\/tuzlainfo.ba\/","logo":{"@type":"ImageObject","inLanguage":"bs-BA","@id":"https:\/\/tuzlainfo.ba\/#\/schema\/logo\/image\/","url":"https:\/\/tuzlainfo.ba\/wp-content\/uploads\/2021\/03\/logo-ver-3-1.png","contentUrl":"https:\/\/tuzlainfo.ba\/wp-content\/uploads\/2021\/03\/logo-ver-3-1.png","width":350,"height":95,"caption":"TuzlaInfo.ba"},"image":{"@id":"https:\/\/tuzlainfo.ba\/#\/schema\/logo\/image\/"},"sameAs":["https:\/\/www.facebook.com\/tuzlainfo.ba\/"]},{"@type":"Person","@id":"https:\/\/tuzlainfo.ba\/#\/schema\/person\/f434e20dc27ea133923aab08451b7f7f","name":"nedim","image":{"@type":"ImageObject","inLanguage":"bs-BA","@id":"https:\/\/tuzlainfo.ba\/#\/schema\/person\/image\/","url":"https:\/\/tuzlainfo.ba\/wp-content\/litespeed\/avatar\/aabad687af24844af817603ac1cbdc4f.jpg?ver=1776702173","contentUrl":"https:\/\/tuzlainfo.ba\/wp-content\/litespeed\/avatar\/aabad687af24844af817603ac1cbdc4f.jpg?ver=1776702173","caption":"nedim"},"description":"Tuzlainfo.ba pratite na dru\u0161tvenim mre\u017eama: Facebook, Instagram i Youtube. Svoje pri\u010de, upite i fotografije \u0161aljite na na\u0161u e-mail adresu."}]}},"_links":{"self":[{"href":"https:\/\/tuzlainfo.ba\/index.php\/wp-json\/wp\/v2\/posts\/139022"}],"collection":[{"href":"https:\/\/tuzlainfo.ba\/index.php\/wp-json\/wp\/v2\/posts"}],"about":[{"href":"https:\/\/tuzlainfo.ba\/index.php\/wp-json\/wp\/v2\/types\/post"}],"author":[{"embeddable":true,"href":"https:\/\/tuzlainfo.ba\/index.php\/wp-json\/wp\/v2\/users\/2"}],"replies":[{"embeddable":true,"href":"https:\/\/tuzlainfo.ba\/index.php\/wp-json\/wp\/v2\/comments?post=139022"}],"version-history":[{"count":0,"href":"https:\/\/tuzlainfo.ba\/index.php\/wp-json\/wp\/v2\/posts\/139022\/revisions"}],"wp:featuredmedia":[{"embeddable":true,"href":"https:\/\/tuzlainfo.ba\/index.php\/wp-json\/wp\/v2\/media\/138994"}],"wp:attachment":[{"href":"https:\/\/tuzlainfo.ba\/index.php\/wp-json\/wp\/v2\/media?parent=139022"}],"wp:term":[{"taxonomy":"category","embeddable":true,"href":"https:\/\/tuzlainfo.ba\/index.php\/wp-json\/wp\/v2\/categories?post=139022"},{"taxonomy":"post_tag","embeddable":true,"href":"https:\/\/tuzlainfo.ba\/index.php\/wp-json\/wp\/v2\/tags?post=139022"}],"curies":[{"name":"wp","href":"https:\/\/api.w.org\/{rel}","templated":true}]}}