{"id":138990,"date":"2021-06-05T15:59:22","date_gmt":"2021-06-05T13:59:22","guid":{"rendered":"https:\/\/tuzlainfo.ba\/?p=138990"},"modified":"2021-06-05T13:41:50","modified_gmt":"2021-06-05T11:41:50","slug":"delegacija-pda-posjetila-kladanj-kukic-i-piric-predstavili-planove-stranke","status":"publish","type":"post","link":"https:\/\/tuzlainfo.ba\/index.php\/novosti\/item\/138990-delegacija-pda-posjetila-kladanj-kukic-i-piric-predstavili-planove-stranke\/","title":{"rendered":"Delegacija PDA posjetila Kladanj, Kuki\u0107 i Piri\u0107 predstavili planove stranke"},"content":{"rendered":"<p>Predsjednik Pokreta demokratske akcije (PDA) Mirsad Kuki\u0107 i Elzina Piri\u0107, zastupnica ove stranke u Predstavni\u010dkom domu Parlamenta Federacije Bosne i Hercegovine ove sedmice su boravili u radnoj posjeti op\u0107ini Kladanj, odnosno tamo\u0161njoj op\u0107inskoj organizaciji na \u010delu sa predsjednikom Nijazom Mezetovi\u0107em.<\/p>\n<p>Na sastanku, na kojem su bili prisutni \u010dlanovi Izvr\u0161nog odbora PDA Kladanj, zatim na\u010delnik Jusuf \u010cavkunovi\u0107 i aktuelni vije\u0107nici, govorilo se o planovima stranke u narednom periodu, te o projektima interesantnim za kladanjsku op\u0107inu.<\/p>\n<p>Ovom prilikom akcenat je stavljen na put Sarajevo-Tuzla, zatim put prema hotelskom kompleksu Mu\u0161ka voda, dok se razgovaralo i unapre\u0111enju \u0161kolstva, zdravstva i privrede u ovoj op\u0107ini.<\/p>\n","protected":false},"excerpt":{"rendered":"<p>Predsjednik Pokreta demokratske akcije (PDA) Mirsad Kuki\u0107 i Elzina Piri\u0107, zastupnica ove stranke u Predstavni\u010dkom&hellip;<\/p>\n","protected":false},"author":2,"featured_media":138991,"comment_status":"open","ping_status":"closed","sticky":false,"template":"","format":"standard","meta":{"_acf_changed":false,"footnotes":""},"categories":[12],"tags":[1385,571,1498,1497],"acf":[],"yoast_head":"<!-- This site is optimized with the Yoast SEO plugin v23.5 - https:\/\/yoast.com\/wordpress\/plugins\/seo\/ -->\n<title>Delegacija PDA posjetila Kladanj, Kuki\u0107 i Piri\u0107 predstavili planove stranke - TuzlaInfo.ba<\/title>\n<meta name=\"robots\" content=\"index, follow, max-snippet:-1, max-image-preview:large, max-video-preview:-1\" \/>\n<link rel=\"canonical\" href=\"https:\/\/tuzlainfo.ba\/index.php\/novosti\/item\/138990-delegacija-pda-posjetila-kladanj-kukic-i-piric-predstavili-planove-stranke\/\" \/>\n<meta property=\"og:locale\" content=\"bs_BA\" \/>\n<meta property=\"og:type\" content=\"article\" \/>\n<meta property=\"og:title\" content=\"Delegacija PDA posjetila Kladanj, Kuki\u0107 i Piri\u0107 predstavili planove stranke - TuzlaInfo.ba\" \/>\n<meta property=\"og:description\" content=\"Predsjednik Pokreta demokratske akcije (PDA) Mirsad Kuki\u0107 i Elzina Piri\u0107, zastupnica ove stranke u Predstavni\u010dkom&hellip;\" \/>\n<meta property=\"og:url\" content=\"https:\/\/tuzlainfo.ba\/index.php\/novosti\/item\/138990-delegacija-pda-posjetila-kladanj-kukic-i-piric-predstavili-planove-stranke\/\" \/>\n<meta property=\"og:site_name\" content=\"TuzlaInfo.ba\" \/>\n<meta property=\"article:publisher\" content=\"https:\/\/www.facebook.com\/tuzlainfo.ba\/\" \/>\n<meta property=\"article:published_time\" content=\"2021-06-05T13:59:22+00:00\" \/>\n<meta property=\"article:modified_time\" content=\"2021-06-05T11:41:50+00:00\" \/>\n<meta property=\"og:image\" content=\"https:\/\/tuzlainfo.ba\/wp-content\/uploads\/2021\/06\/0506_pda_kladanj.jpg\" \/>\n\t<meta property=\"og:image:width\" content=\"1080\" \/>\n\t<meta property=\"og:image:height\" content=\"811\" \/>\n\t<meta property=\"og:image:type\" content=\"image\/jpeg\" \/>\n<meta name=\"author\" content=\"nedim\" \/>\n<meta name=\"twitter:card\" content=\"summary_large_image\" \/>\n<meta name=\"twitter:label1\" content=\"Written by\" \/>\n\t<meta name=\"twitter:data1\" content=\"nedim\" \/>\n\t<meta name=\"twitter:label2\" content=\"Est. reading time\" \/>\n\t<meta name=\"twitter:data2\" content=\"1 minuta\" \/>\n<script type=\"application\/ld+json\" class=\"yoast-schema-graph\">{\"@context\":\"https:\/\/schema.org\",\"@graph\":[{\"@type\":\"Article\",\"@id\":\"https:\/\/tuzlainfo.ba\/index.php\/novosti\/item\/138990-delegacija-pda-posjetila-kladanj-kukic-i-piric-predstavili-planove-stranke\/#article\",\"isPartOf\":{\"@id\":\"https:\/\/tuzlainfo.ba\/index.php\/novosti\/item\/138990-delegacija-pda-posjetila-kladanj-kukic-i-piric-predstavili-planove-stranke\/\"},\"author\":{\"name\":\"nedim\",\"@id\":\"https:\/\/tuzlainfo.ba\/#\/schema\/person\/f434e20dc27ea133923aab08451b7f7f\"},\"headline\":\"Delegacija PDA posjetila Kladanj, Kuki\u0107 i Piri\u0107 predstavili planove stranke\",\"datePublished\":\"2021-06-05T13:59:22+00:00\",\"dateModified\":\"2021-06-05T11:41:50+00:00\",\"mainEntityOfPage\":{\"@id\":\"https:\/\/tuzlainfo.ba\/index.php\/novosti\/item\/138990-delegacija-pda-posjetila-kladanj-kukic-i-piric-predstavili-planove-stranke\/\"},\"wordCount\":123,\"commentCount\":0,\"publisher\":{\"@id\":\"https:\/\/tuzlainfo.ba\/#organization\"},\"image\":{\"@id\":\"https:\/\/tuzlainfo.ba\/index.php\/novosti\/item\/138990-delegacija-pda-posjetila-kladanj-kukic-i-piric-predstavili-planove-stranke\/#primaryimage\"},\"thumbnailUrl\":\"https:\/\/tuzlainfo.ba\/wp-content\/uploads\/2021\/06\/0506_pda_kladanj.jpg\",\"keywords\":[\"elzina piri\u0107\",\"kladanj\",\"mirsad kuki\u0107\",\"PDA\"],\"articleSection\":[\"Novosti\"],\"inLanguage\":\"bs-BA\"},{\"@type\":\"WebPage\",\"@id\":\"https:\/\/tuzlainfo.ba\/index.php\/novosti\/item\/138990-delegacija-pda-posjetila-kladanj-kukic-i-piric-predstavili-planove-stranke\/\",\"url\":\"https:\/\/tuzlainfo.ba\/index.php\/novosti\/item\/138990-delegacija-pda-posjetila-kladanj-kukic-i-piric-predstavili-planove-stranke\/\",\"name\":\"Delegacija PDA posjetila Kladanj, Kuki\u0107 i Piri\u0107 predstavili planove stranke - TuzlaInfo.ba\",\"isPartOf\":{\"@id\":\"https:\/\/tuzlainfo.ba\/#website\"},\"primaryImageOfPage\":{\"@id\":\"https:\/\/tuzlainfo.ba\/index.php\/novosti\/item\/138990-delegacija-pda-posjetila-kladanj-kukic-i-piric-predstavili-planove-stranke\/#primaryimage\"},\"image\":{\"@id\":\"https:\/\/tuzlainfo.ba\/index.php\/novosti\/item\/138990-delegacija-pda-posjetila-kladanj-kukic-i-piric-predstavili-planove-stranke\/#primaryimage\"},\"thumbnailUrl\":\"https:\/\/tuzlainfo.ba\/wp-content\/uploads\/2021\/06\/0506_pda_kladanj.jpg\",\"datePublished\":\"2021-06-05T13:59:22+00:00\",\"dateModified\":\"2021-06-05T11:41:50+00:00\",\"breadcrumb\":{\"@id\":\"https:\/\/tuzlainfo.ba\/index.php\/novosti\/item\/138990-delegacija-pda-posjetila-kladanj-kukic-i-piric-predstavili-planove-stranke\/#breadcrumb\"},\"inLanguage\":\"bs-BA\",\"potentialAction\":[{\"@type\":\"ReadAction\",\"target\":[\"https:\/\/tuzlainfo.ba\/index.php\/novosti\/item\/138990-delegacija-pda-posjetila-kladanj-kukic-i-piric-predstavili-planove-stranke\/\"]}]},{\"@type\":\"ImageObject\",\"inLanguage\":\"bs-BA\",\"@id\":\"https:\/\/tuzlainfo.ba\/index.php\/novosti\/item\/138990-delegacija-pda-posjetila-kladanj-kukic-i-piric-predstavili-planove-stranke\/#primaryimage\",\"url\":\"https:\/\/tuzlainfo.ba\/wp-content\/uploads\/2021\/06\/0506_pda_kladanj.jpg\",\"contentUrl\":\"https:\/\/tuzlainfo.ba\/wp-content\/uploads\/2021\/06\/0506_pda_kladanj.jpg\",\"width\":1080,\"height\":811},{\"@type\":\"BreadcrumbList\",\"@id\":\"https:\/\/tuzlainfo.ba\/index.php\/novosti\/item\/138990-delegacija-pda-posjetila-kladanj-kukic-i-piric-predstavili-planove-stranke\/#breadcrumb\",\"itemListElement\":[{\"@type\":\"ListItem\",\"position\":1,\"name\":\"Home\",\"item\":\"https:\/\/tuzlainfo.ba\/\"},{\"@type\":\"ListItem\",\"position\":2,\"name\":\"Delegacija PDA posjetila Kladanj, Kuki\u0107 i Piri\u0107 predstavili planove stranke\"}]},{\"@type\":\"WebSite\",\"@id\":\"https:\/\/tuzlainfo.ba\/#website\",\"url\":\"https:\/\/tuzlainfo.ba\/\",\"name\":\"TuzlaInfo.ba\",\"description\":\"Tuzla info, gradski informator - Tuzla na dlanu\",\"publisher\":{\"@id\":\"https:\/\/tuzlainfo.ba\/#organization\"},\"potentialAction\":[{\"@type\":\"SearchAction\",\"target\":{\"@type\":\"EntryPoint\",\"urlTemplate\":\"https:\/\/tuzlainfo.ba\/?s={search_term_string}\"},\"query-input\":{\"@type\":\"PropertyValueSpecification\",\"valueRequired\":true,\"valueName\":\"search_term_string\"}}],\"inLanguage\":\"bs-BA\"},{\"@type\":\"Organization\",\"@id\":\"https:\/\/tuzlainfo.ba\/#organization\",\"name\":\"TuzlaInfo.ba\",\"url\":\"https:\/\/tuzlainfo.ba\/\",\"logo\":{\"@type\":\"ImageObject\",\"inLanguage\":\"bs-BA\",\"@id\":\"https:\/\/tuzlainfo.ba\/#\/schema\/logo\/image\/\",\"url\":\"https:\/\/tuzlainfo.ba\/wp-content\/uploads\/2021\/03\/logo-ver-3-1.png\",\"contentUrl\":\"https:\/\/tuzlainfo.ba\/wp-content\/uploads\/2021\/03\/logo-ver-3-1.png\",\"width\":350,\"height\":95,\"caption\":\"TuzlaInfo.ba\"},\"image\":{\"@id\":\"https:\/\/tuzlainfo.ba\/#\/schema\/logo\/image\/\"},\"sameAs\":[\"https:\/\/www.facebook.com\/tuzlainfo.ba\/\"]},{\"@type\":\"Person\",\"@id\":\"https:\/\/tuzlainfo.ba\/#\/schema\/person\/f434e20dc27ea133923aab08451b7f7f\",\"name\":\"nedim\",\"image\":{\"@type\":\"ImageObject\",\"inLanguage\":\"bs-BA\",\"@id\":\"https:\/\/tuzlainfo.ba\/#\/schema\/person\/image\/\",\"url\":\"https:\/\/tuzlainfo.ba\/wp-content\/litespeed\/avatar\/aabad687af24844af817603ac1cbdc4f.jpg?ver=1777306975\",\"contentUrl\":\"https:\/\/tuzlainfo.ba\/wp-content\/litespeed\/avatar\/aabad687af24844af817603ac1cbdc4f.jpg?ver=1777306975\",\"caption\":\"nedim\"},\"description\":\"Tuzlainfo.ba pratite na dru\u0161tvenim mre\u017eama: Facebook, Instagram i Youtube. Svoje pri\u010de, upite i fotografije \u0161aljite na na\u0161u e-mail adresu.\"}]}<\/script>\n<!-- \/ Yoast SEO plugin. -->","yoast_head_json":{"title":"Delegacija PDA posjetila Kladanj, Kuki\u0107 i Piri\u0107 predstavili planove stranke - TuzlaInfo.ba","robots":{"index":"index","follow":"follow","max-snippet":"max-snippet:-1","max-image-preview":"max-image-preview:large","max-video-preview":"max-video-preview:-1"},"canonical":"https:\/\/tuzlainfo.ba\/index.php\/novosti\/item\/138990-delegacija-pda-posjetila-kladanj-kukic-i-piric-predstavili-planove-stranke\/","og_locale":"bs_BA","og_type":"article","og_title":"Delegacija PDA posjetila Kladanj, Kuki\u0107 i Piri\u0107 predstavili planove stranke - TuzlaInfo.ba","og_description":"Predsjednik Pokreta demokratske akcije (PDA) Mirsad Kuki\u0107 i Elzina Piri\u0107, zastupnica ove stranke u Predstavni\u010dkom&hellip;","og_url":"https:\/\/tuzlainfo.ba\/index.php\/novosti\/item\/138990-delegacija-pda-posjetila-kladanj-kukic-i-piric-predstavili-planove-stranke\/","og_site_name":"TuzlaInfo.ba","article_publisher":"https:\/\/www.facebook.com\/tuzlainfo.ba\/","article_published_time":"2021-06-05T13:59:22+00:00","article_modified_time":"2021-06-05T11:41:50+00:00","og_image":[{"width":1080,"height":811,"url":"https:\/\/tuzlainfo.ba\/wp-content\/uploads\/2021\/06\/0506_pda_kladanj.jpg","type":"image\/jpeg"}],"author":"nedim","twitter_card":"summary_large_image","twitter_misc":{"Written by":"nedim","Est. reading time":"1 minuta"},"schema":{"@context":"https:\/\/schema.org","@graph":[{"@type":"Article","@id":"https:\/\/tuzlainfo.ba\/index.php\/novosti\/item\/138990-delegacija-pda-posjetila-kladanj-kukic-i-piric-predstavili-planove-stranke\/#article","isPartOf":{"@id":"https:\/\/tuzlainfo.ba\/index.php\/novosti\/item\/138990-delegacija-pda-posjetila-kladanj-kukic-i-piric-predstavili-planove-stranke\/"},"author":{"name":"nedim","@id":"https:\/\/tuzlainfo.ba\/#\/schema\/person\/f434e20dc27ea133923aab08451b7f7f"},"headline":"Delegacija PDA posjetila Kladanj, Kuki\u0107 i Piri\u0107 predstavili planove stranke","datePublished":"2021-06-05T13:59:22+00:00","dateModified":"2021-06-05T11:41:50+00:00","mainEntityOfPage":{"@id":"https:\/\/tuzlainfo.ba\/index.php\/novosti\/item\/138990-delegacija-pda-posjetila-kladanj-kukic-i-piric-predstavili-planove-stranke\/"},"wordCount":123,"commentCount":0,"publisher":{"@id":"https:\/\/tuzlainfo.ba\/#organization"},"image":{"@id":"https:\/\/tuzlainfo.ba\/index.php\/novosti\/item\/138990-delegacija-pda-posjetila-kladanj-kukic-i-piric-predstavili-planove-stranke\/#primaryimage"},"thumbnailUrl":"https:\/\/tuzlainfo.ba\/wp-content\/uploads\/2021\/06\/0506_pda_kladanj.jpg","keywords":["elzina piri\u0107","kladanj","mirsad kuki\u0107","PDA"],"articleSection":["Novosti"],"inLanguage":"bs-BA"},{"@type":"WebPage","@id":"https:\/\/tuzlainfo.ba\/index.php\/novosti\/item\/138990-delegacija-pda-posjetila-kladanj-kukic-i-piric-predstavili-planove-stranke\/","url":"https:\/\/tuzlainfo.ba\/index.php\/novosti\/item\/138990-delegacija-pda-posjetila-kladanj-kukic-i-piric-predstavili-planove-stranke\/","name":"Delegacija PDA posjetila Kladanj, Kuki\u0107 i Piri\u0107 predstavili planove stranke - TuzlaInfo.ba","isPartOf":{"@id":"https:\/\/tuzlainfo.ba\/#website"},"primaryImageOfPage":{"@id":"https:\/\/tuzlainfo.ba\/index.php\/novosti\/item\/138990-delegacija-pda-posjetila-kladanj-kukic-i-piric-predstavili-planove-stranke\/#primaryimage"},"image":{"@id":"https:\/\/tuzlainfo.ba\/index.php\/novosti\/item\/138990-delegacija-pda-posjetila-kladanj-kukic-i-piric-predstavili-planove-stranke\/#primaryimage"},"thumbnailUrl":"https:\/\/tuzlainfo.ba\/wp-content\/uploads\/2021\/06\/0506_pda_kladanj.jpg","datePublished":"2021-06-05T13:59:22+00:00","dateModified":"2021-06-05T11:41:50+00:00","breadcrumb":{"@id":"https:\/\/tuzlainfo.ba\/index.php\/novosti\/item\/138990-delegacija-pda-posjetila-kladanj-kukic-i-piric-predstavili-planove-stranke\/#breadcrumb"},"inLanguage":"bs-BA","potentialAction":[{"@type":"ReadAction","target":["https:\/\/tuzlainfo.ba\/index.php\/novosti\/item\/138990-delegacija-pda-posjetila-kladanj-kukic-i-piric-predstavili-planove-stranke\/"]}]},{"@type":"ImageObject","inLanguage":"bs-BA","@id":"https:\/\/tuzlainfo.ba\/index.php\/novosti\/item\/138990-delegacija-pda-posjetila-kladanj-kukic-i-piric-predstavili-planove-stranke\/#primaryimage","url":"https:\/\/tuzlainfo.ba\/wp-content\/uploads\/2021\/06\/0506_pda_kladanj.jpg","contentUrl":"https:\/\/tuzlainfo.ba\/wp-content\/uploads\/2021\/06\/0506_pda_kladanj.jpg","width":1080,"height":811},{"@type":"BreadcrumbList","@id":"https:\/\/tuzlainfo.ba\/index.php\/novosti\/item\/138990-delegacija-pda-posjetila-kladanj-kukic-i-piric-predstavili-planove-stranke\/#breadcrumb","itemListElement":[{"@type":"ListItem","position":1,"name":"Home","item":"https:\/\/tuzlainfo.ba\/"},{"@type":"ListItem","position":2,"name":"Delegacija PDA posjetila Kladanj, Kuki\u0107 i Piri\u0107 predstavili planove stranke"}]},{"@type":"WebSite","@id":"https:\/\/tuzlainfo.ba\/#website","url":"https:\/\/tuzlainfo.ba\/","name":"TuzlaInfo.ba","description":"Tuzla info, gradski informator - Tuzla na dlanu","publisher":{"@id":"https:\/\/tuzlainfo.ba\/#organization"},"potentialAction":[{"@type":"SearchAction","target":{"@type":"EntryPoint","urlTemplate":"https:\/\/tuzlainfo.ba\/?s={search_term_string}"},"query-input":{"@type":"PropertyValueSpecification","valueRequired":true,"valueName":"search_term_string"}}],"inLanguage":"bs-BA"},{"@type":"Organization","@id":"https:\/\/tuzlainfo.ba\/#organization","name":"TuzlaInfo.ba","url":"https:\/\/tuzlainfo.ba\/","logo":{"@type":"ImageObject","inLanguage":"bs-BA","@id":"https:\/\/tuzlainfo.ba\/#\/schema\/logo\/image\/","url":"https:\/\/tuzlainfo.ba\/wp-content\/uploads\/2021\/03\/logo-ver-3-1.png","contentUrl":"https:\/\/tuzlainfo.ba\/wp-content\/uploads\/2021\/03\/logo-ver-3-1.png","width":350,"height":95,"caption":"TuzlaInfo.ba"},"image":{"@id":"https:\/\/tuzlainfo.ba\/#\/schema\/logo\/image\/"},"sameAs":["https:\/\/www.facebook.com\/tuzlainfo.ba\/"]},{"@type":"Person","@id":"https:\/\/tuzlainfo.ba\/#\/schema\/person\/f434e20dc27ea133923aab08451b7f7f","name":"nedim","image":{"@type":"ImageObject","inLanguage":"bs-BA","@id":"https:\/\/tuzlainfo.ba\/#\/schema\/person\/image\/","url":"https:\/\/tuzlainfo.ba\/wp-content\/litespeed\/avatar\/aabad687af24844af817603ac1cbdc4f.jpg?ver=1777306975","contentUrl":"https:\/\/tuzlainfo.ba\/wp-content\/litespeed\/avatar\/aabad687af24844af817603ac1cbdc4f.jpg?ver=1777306975","caption":"nedim"},"description":"Tuzlainfo.ba pratite na dru\u0161tvenim mre\u017eama: Facebook, Instagram i Youtube. Svoje pri\u010de, upite i fotografije \u0161aljite na na\u0161u e-mail adresu."}]}},"_links":{"self":[{"href":"https:\/\/tuzlainfo.ba\/index.php\/wp-json\/wp\/v2\/posts\/138990"}],"collection":[{"href":"https:\/\/tuzlainfo.ba\/index.php\/wp-json\/wp\/v2\/posts"}],"about":[{"href":"https:\/\/tuzlainfo.ba\/index.php\/wp-json\/wp\/v2\/types\/post"}],"author":[{"embeddable":true,"href":"https:\/\/tuzlainfo.ba\/index.php\/wp-json\/wp\/v2\/users\/2"}],"replies":[{"embeddable":true,"href":"https:\/\/tuzlainfo.ba\/index.php\/wp-json\/wp\/v2\/comments?post=138990"}],"version-history":[{"count":0,"href":"https:\/\/tuzlainfo.ba\/index.php\/wp-json\/wp\/v2\/posts\/138990\/revisions"}],"wp:featuredmedia":[{"embeddable":true,"href":"https:\/\/tuzlainfo.ba\/index.php\/wp-json\/wp\/v2\/media\/138991"}],"wp:attachment":[{"href":"https:\/\/tuzlainfo.ba\/index.php\/wp-json\/wp\/v2\/media?parent=138990"}],"wp:term":[{"taxonomy":"category","embeddable":true,"href":"https:\/\/tuzlainfo.ba\/index.php\/wp-json\/wp\/v2\/categories?post=138990"},{"taxonomy":"post_tag","embeddable":true,"href":"https:\/\/tuzlainfo.ba\/index.php\/wp-json\/wp\/v2\/tags?post=138990"}],"curies":[{"name":"wp","href":"https:\/\/api.w.org\/{rel}","templated":true}]}}