{"id":138931,"date":"2021-06-04T17:15:06","date_gmt":"2021-06-04T15:15:06","guid":{"rendered":"https:\/\/tuzlainfo.ba\/?p=138931"},"modified":"2021-06-04T15:49:19","modified_gmt":"2021-06-04T13:49:19","slug":"tuzlanski-kanton-u-ponedjeljak-konkurs-za-upis-u-srednje-skole","status":"publish","type":"post","link":"https:\/\/tuzlainfo.ba\/index.php\/novosti\/item\/138931-tuzlanski-kanton-u-ponedjeljak-konkurs-za-upis-u-srednje-skole\/","title":{"rendered":"Tuzlanski kanton: U ponedjeljak Konkurs za upis u srednje \u0161kole"},"content":{"rendered":"<p>U ponedjeljak, 7. juna ove godine, bit \u0107e objavljen Konkurs za prvi rok za upis u srednje \u0161kole u Tuzlanskom kantonu.<\/p>\n<p>Ove godine Planom upisa predvi\u0111eno je 5 200 mjesta. U 30 srednjih \u0161kola u Tuzlanskom kantonu budu\u0107im srednjo\u0161kolcima otvoreo je 825 mjesta u gimnazijama, 2 425 mjesta u tehni\u010dkim, 1 875 u stru\u010dnim i 75 mjesta u umjetni\u010dkim \u0161kolama. To je za oko 1 300 mjesta vi\u0161e u odnosu na 3 891 u\u010denika, koliko ih ove godine u Tuzlanskom kantonu zavr\u0161ava osnovnu \u0161kolu.<\/p>\n<p>\u201eSrednje \u0161kole koje su predlo\u017eile ovaj Plan upisa, kakav je usvojila Vlada Tuzlanskog kantona, su ne\u0161to ambicioznije. Ra\u010dunale su i na odre\u0111eni broj djece koja \u0107e se upisati sa podru\u010dja Br\u010dko distrikta, ali i sa podru\u010dja Republike Srpske iz dijelova kao \u0161to su Zvornik, Doboj. Jedan broj u\u010denika nam dolazi sa podru\u010dja Zeni\u010dko-dobojskog kantona, sa podru\u010dja Zavidovi\u0107a i Vozu\u0107e, tako da imamo taj Plan upisa. Ima dovoljno mjesta za sve u\u010denike\u201c\u00a0isti\u010de Fikret Vrtagi\u0107 pomo\u0107nik ministra za obrazovanje i nauku u Vladi Tuzlanskog kantona.<\/p>\n<p>Prvi upisni rok za tehni\u010dke, stru\u010dne i umjetni\u010dke \u0161kole trajat \u0107e od 7. do 11. a za gimnazije od 7. do 17. juna. Drugi upisni rok bit \u0107e raspisan 14. juna, a tre\u0107i nakon 25. avgusta ove godine.<\/p>\n<p>\u201cMi sugeri\u0161emo i roditeljima i u\u010denicima da oni u\u010denici koji ne namjeravaju nastaviti svoje obrazovanje, poslije zavr\u0161ene srednje \u0161kole, da se opredijele za ova proizvodna zanimanja, takozvana deficitarna zanimanja, iz razloga \u0161to su obezbije\u0111ene stipendije. Ali ne samo to. Ve\u0107inu tih deficitarnih zanimanja \u010deka radno mjesto. Na\u0161i privrednici sa podru\u010dja TK ali i privrednici izvan, iz BiH tra\u017ee deficitarna zanimanja koja se obrazuju u na\u0161im srednjim \u0161kolama\u201d\u00a0isti\u010de Vrtagi\u0107.<\/p>\n<p>Podsje\u0107amo Vlada Tuzlanskog kantona ove godine \u0107e stipendirati u\u010denike koji se opredijele za \u0161kolovanje za elektri\u010dare, stolare-tapetare, bravare, zidare-fasadere-izolatere, kerami\u010dare-teracere, kroja\u010de, konobare, plinske i vodoinstalatere te rukovaoce rudarske mehanizacije povr\u0161inskih kopova.<\/p>\n<p>Konkurs za upis u srednje \u0161kole u ponedjeljak \u0107e biti objavljen na web stranicama Ministarstva za obrazovanje i nauku i Vlade Tuzlanskog kantona i u Dnevnom avazu, pi\u0161e RTV TK.<\/p>\n","protected":false},"excerpt":{"rendered":"<p>U ponedjeljak, 7. juna ove godine, bit \u0107e objavljen Konkurs za prvi rok za upis&hellip;<\/p>\n","protected":false},"author":2,"featured_media":80036,"comment_status":"open","ping_status":"closed","sticky":false,"template":"","format":"standard","meta":{"_acf_changed":false,"footnotes":""},"categories":[304,12],"tags":[360,1488],"acf":[],"yoast_head":"<!-- This site is optimized with the Yoast SEO plugin v23.5 - https:\/\/yoast.com\/wordpress\/plugins\/seo\/ -->\n<title>Tuzlanski kanton: U ponedjeljak Konkurs za upis u srednje \u0161kole - TuzlaInfo.ba<\/title>\n<meta name=\"robots\" content=\"index, follow, max-snippet:-1, max-image-preview:large, max-video-preview:-1\" \/>\n<link rel=\"canonical\" href=\"https:\/\/tuzlainfo.ba\/index.php\/novosti\/item\/138931-tuzlanski-kanton-u-ponedjeljak-konkurs-za-upis-u-srednje-skole\/\" \/>\n<meta property=\"og:locale\" content=\"bs_BA\" \/>\n<meta property=\"og:type\" content=\"article\" \/>\n<meta property=\"og:title\" content=\"Tuzlanski kanton: U ponedjeljak Konkurs za upis u srednje \u0161kole - TuzlaInfo.ba\" \/>\n<meta property=\"og:description\" content=\"U ponedjeljak, 7. juna ove godine, bit \u0107e objavljen Konkurs za prvi rok za upis&hellip;\" \/>\n<meta property=\"og:url\" content=\"https:\/\/tuzlainfo.ba\/index.php\/novosti\/item\/138931-tuzlanski-kanton-u-ponedjeljak-konkurs-za-upis-u-srednje-skole\/\" \/>\n<meta property=\"og:site_name\" content=\"TuzlaInfo.ba\" \/>\n<meta property=\"article:publisher\" content=\"https:\/\/www.facebook.com\/tuzlainfo.ba\/\" \/>\n<meta property=\"article:published_time\" content=\"2021-06-04T15:15:06+00:00\" \/>\n<meta property=\"article:modified_time\" content=\"2021-06-04T13:49:19+00:00\" \/>\n<meta property=\"og:image\" content=\"https:\/\/tuzlainfo.ba\/wp-content\/uploads\/2020\/06\/sadrzaj_2020_20200101_01012020_skola.jpg\" \/>\n\t<meta property=\"og:image:width\" content=\"770\" \/>\n\t<meta property=\"og:image:height\" content=\"513\" \/>\n\t<meta property=\"og:image:type\" content=\"image\/jpeg\" \/>\n<meta name=\"author\" content=\"nedim\" \/>\n<meta name=\"twitter:card\" content=\"summary_large_image\" \/>\n<meta name=\"twitter:label1\" content=\"Written by\" \/>\n\t<meta name=\"twitter:data1\" content=\"nedim\" \/>\n\t<meta name=\"twitter:label2\" content=\"Est. reading time\" \/>\n\t<meta name=\"twitter:data2\" content=\"2 minute\" \/>\n<script type=\"application\/ld+json\" class=\"yoast-schema-graph\">{\"@context\":\"https:\/\/schema.org\",\"@graph\":[{\"@type\":\"Article\",\"@id\":\"https:\/\/tuzlainfo.ba\/index.php\/novosti\/item\/138931-tuzlanski-kanton-u-ponedjeljak-konkurs-za-upis-u-srednje-skole\/#article\",\"isPartOf\":{\"@id\":\"https:\/\/tuzlainfo.ba\/index.php\/novosti\/item\/138931-tuzlanski-kanton-u-ponedjeljak-konkurs-za-upis-u-srednje-skole\/\"},\"author\":{\"name\":\"nedim\",\"@id\":\"https:\/\/tuzlainfo.ba\/#\/schema\/person\/f434e20dc27ea133923aab08451b7f7f\"},\"headline\":\"Tuzlanski kanton: U ponedjeljak Konkurs za upis u srednje \u0161kole\",\"datePublished\":\"2021-06-04T15:15:06+00:00\",\"dateModified\":\"2021-06-04T13:49:19+00:00\",\"mainEntityOfPage\":{\"@id\":\"https:\/\/tuzlainfo.ba\/index.php\/novosti\/item\/138931-tuzlanski-kanton-u-ponedjeljak-konkurs-za-upis-u-srednje-skole\/\"},\"wordCount\":373,\"commentCount\":0,\"publisher\":{\"@id\":\"https:\/\/tuzlainfo.ba\/#organization\"},\"image\":{\"@id\":\"https:\/\/tuzlainfo.ba\/index.php\/novosti\/item\/138931-tuzlanski-kanton-u-ponedjeljak-konkurs-za-upis-u-srednje-skole\/#primaryimage\"},\"thumbnailUrl\":\"https:\/\/tuzlainfo.ba\/wp-content\/uploads\/2020\/06\/sadrzaj_2020_20200101_01012020_skola.jpg\",\"keywords\":[\"tuzlanski kanton\",\"upis u \u0161kolu\"],\"articleSection\":[\"Istaknuto\",\"Novosti\"],\"inLanguage\":\"bs-BA\"},{\"@type\":\"WebPage\",\"@id\":\"https:\/\/tuzlainfo.ba\/index.php\/novosti\/item\/138931-tuzlanski-kanton-u-ponedjeljak-konkurs-za-upis-u-srednje-skole\/\",\"url\":\"https:\/\/tuzlainfo.ba\/index.php\/novosti\/item\/138931-tuzlanski-kanton-u-ponedjeljak-konkurs-za-upis-u-srednje-skole\/\",\"name\":\"Tuzlanski kanton: U ponedjeljak Konkurs za upis u srednje \u0161kole - TuzlaInfo.ba\",\"isPartOf\":{\"@id\":\"https:\/\/tuzlainfo.ba\/#website\"},\"primaryImageOfPage\":{\"@id\":\"https:\/\/tuzlainfo.ba\/index.php\/novosti\/item\/138931-tuzlanski-kanton-u-ponedjeljak-konkurs-za-upis-u-srednje-skole\/#primaryimage\"},\"image\":{\"@id\":\"https:\/\/tuzlainfo.ba\/index.php\/novosti\/item\/138931-tuzlanski-kanton-u-ponedjeljak-konkurs-za-upis-u-srednje-skole\/#primaryimage\"},\"thumbnailUrl\":\"https:\/\/tuzlainfo.ba\/wp-content\/uploads\/2020\/06\/sadrzaj_2020_20200101_01012020_skola.jpg\",\"datePublished\":\"2021-06-04T15:15:06+00:00\",\"dateModified\":\"2021-06-04T13:49:19+00:00\",\"breadcrumb\":{\"@id\":\"https:\/\/tuzlainfo.ba\/index.php\/novosti\/item\/138931-tuzlanski-kanton-u-ponedjeljak-konkurs-za-upis-u-srednje-skole\/#breadcrumb\"},\"inLanguage\":\"bs-BA\",\"potentialAction\":[{\"@type\":\"ReadAction\",\"target\":[\"https:\/\/tuzlainfo.ba\/index.php\/novosti\/item\/138931-tuzlanski-kanton-u-ponedjeljak-konkurs-za-upis-u-srednje-skole\/\"]}]},{\"@type\":\"ImageObject\",\"inLanguage\":\"bs-BA\",\"@id\":\"https:\/\/tuzlainfo.ba\/index.php\/novosti\/item\/138931-tuzlanski-kanton-u-ponedjeljak-konkurs-za-upis-u-srednje-skole\/#primaryimage\",\"url\":\"https:\/\/tuzlainfo.ba\/wp-content\/uploads\/2020\/06\/sadrzaj_2020_20200101_01012020_skola.jpg\",\"contentUrl\":\"https:\/\/tuzlainfo.ba\/wp-content\/uploads\/2020\/06\/sadrzaj_2020_20200101_01012020_skola.jpg\",\"width\":770,\"height\":513,\"caption\":\"01012020 skola\"},{\"@type\":\"BreadcrumbList\",\"@id\":\"https:\/\/tuzlainfo.ba\/index.php\/novosti\/item\/138931-tuzlanski-kanton-u-ponedjeljak-konkurs-za-upis-u-srednje-skole\/#breadcrumb\",\"itemListElement\":[{\"@type\":\"ListItem\",\"position\":1,\"name\":\"Home\",\"item\":\"https:\/\/tuzlainfo.ba\/\"},{\"@type\":\"ListItem\",\"position\":2,\"name\":\"Tuzlanski kanton: U ponedjeljak Konkurs za upis u srednje \u0161kole\"}]},{\"@type\":\"WebSite\",\"@id\":\"https:\/\/tuzlainfo.ba\/#website\",\"url\":\"https:\/\/tuzlainfo.ba\/\",\"name\":\"TuzlaInfo.ba\",\"description\":\"Tuzla info, gradski informator - Tuzla na dlanu\",\"publisher\":{\"@id\":\"https:\/\/tuzlainfo.ba\/#organization\"},\"potentialAction\":[{\"@type\":\"SearchAction\",\"target\":{\"@type\":\"EntryPoint\",\"urlTemplate\":\"https:\/\/tuzlainfo.ba\/?s={search_term_string}\"},\"query-input\":{\"@type\":\"PropertyValueSpecification\",\"valueRequired\":true,\"valueName\":\"search_term_string\"}}],\"inLanguage\":\"bs-BA\"},{\"@type\":\"Organization\",\"@id\":\"https:\/\/tuzlainfo.ba\/#organization\",\"name\":\"TuzlaInfo.ba\",\"url\":\"https:\/\/tuzlainfo.ba\/\",\"logo\":{\"@type\":\"ImageObject\",\"inLanguage\":\"bs-BA\",\"@id\":\"https:\/\/tuzlainfo.ba\/#\/schema\/logo\/image\/\",\"url\":\"https:\/\/tuzlainfo.ba\/wp-content\/uploads\/2021\/03\/logo-ver-3-1.png\",\"contentUrl\":\"https:\/\/tuzlainfo.ba\/wp-content\/uploads\/2021\/03\/logo-ver-3-1.png\",\"width\":350,\"height\":95,\"caption\":\"TuzlaInfo.ba\"},\"image\":{\"@id\":\"https:\/\/tuzlainfo.ba\/#\/schema\/logo\/image\/\"},\"sameAs\":[\"https:\/\/www.facebook.com\/tuzlainfo.ba\/\"]},{\"@type\":\"Person\",\"@id\":\"https:\/\/tuzlainfo.ba\/#\/schema\/person\/f434e20dc27ea133923aab08451b7f7f\",\"name\":\"nedim\",\"image\":{\"@type\":\"ImageObject\",\"inLanguage\":\"bs-BA\",\"@id\":\"https:\/\/tuzlainfo.ba\/#\/schema\/person\/image\/\",\"url\":\"https:\/\/tuzlainfo.ba\/wp-content\/litespeed\/avatar\/aabad687af24844af817603ac1cbdc4f.jpg?ver=1776702173\",\"contentUrl\":\"https:\/\/tuzlainfo.ba\/wp-content\/litespeed\/avatar\/aabad687af24844af817603ac1cbdc4f.jpg?ver=1776702173\",\"caption\":\"nedim\"},\"description\":\"Tuzlainfo.ba pratite na dru\u0161tvenim mre\u017eama: Facebook, Instagram i Youtube. Svoje pri\u010de, upite i fotografije \u0161aljite na na\u0161u e-mail adresu.\"}]}<\/script>\n<!-- \/ Yoast SEO plugin. -->","yoast_head_json":{"title":"Tuzlanski kanton: U ponedjeljak Konkurs za upis u srednje \u0161kole - TuzlaInfo.ba","robots":{"index":"index","follow":"follow","max-snippet":"max-snippet:-1","max-image-preview":"max-image-preview:large","max-video-preview":"max-video-preview:-1"},"canonical":"https:\/\/tuzlainfo.ba\/index.php\/novosti\/item\/138931-tuzlanski-kanton-u-ponedjeljak-konkurs-za-upis-u-srednje-skole\/","og_locale":"bs_BA","og_type":"article","og_title":"Tuzlanski kanton: U ponedjeljak Konkurs za upis u srednje \u0161kole - TuzlaInfo.ba","og_description":"U ponedjeljak, 7. juna ove godine, bit \u0107e objavljen Konkurs za prvi rok za upis&hellip;","og_url":"https:\/\/tuzlainfo.ba\/index.php\/novosti\/item\/138931-tuzlanski-kanton-u-ponedjeljak-konkurs-za-upis-u-srednje-skole\/","og_site_name":"TuzlaInfo.ba","article_publisher":"https:\/\/www.facebook.com\/tuzlainfo.ba\/","article_published_time":"2021-06-04T15:15:06+00:00","article_modified_time":"2021-06-04T13:49:19+00:00","og_image":[{"width":770,"height":513,"url":"https:\/\/tuzlainfo.ba\/wp-content\/uploads\/2020\/06\/sadrzaj_2020_20200101_01012020_skola.jpg","type":"image\/jpeg"}],"author":"nedim","twitter_card":"summary_large_image","twitter_misc":{"Written by":"nedim","Est. reading time":"2 minute"},"schema":{"@context":"https:\/\/schema.org","@graph":[{"@type":"Article","@id":"https:\/\/tuzlainfo.ba\/index.php\/novosti\/item\/138931-tuzlanski-kanton-u-ponedjeljak-konkurs-za-upis-u-srednje-skole\/#article","isPartOf":{"@id":"https:\/\/tuzlainfo.ba\/index.php\/novosti\/item\/138931-tuzlanski-kanton-u-ponedjeljak-konkurs-za-upis-u-srednje-skole\/"},"author":{"name":"nedim","@id":"https:\/\/tuzlainfo.ba\/#\/schema\/person\/f434e20dc27ea133923aab08451b7f7f"},"headline":"Tuzlanski kanton: U ponedjeljak Konkurs za upis u srednje \u0161kole","datePublished":"2021-06-04T15:15:06+00:00","dateModified":"2021-06-04T13:49:19+00:00","mainEntityOfPage":{"@id":"https:\/\/tuzlainfo.ba\/index.php\/novosti\/item\/138931-tuzlanski-kanton-u-ponedjeljak-konkurs-za-upis-u-srednje-skole\/"},"wordCount":373,"commentCount":0,"publisher":{"@id":"https:\/\/tuzlainfo.ba\/#organization"},"image":{"@id":"https:\/\/tuzlainfo.ba\/index.php\/novosti\/item\/138931-tuzlanski-kanton-u-ponedjeljak-konkurs-za-upis-u-srednje-skole\/#primaryimage"},"thumbnailUrl":"https:\/\/tuzlainfo.ba\/wp-content\/uploads\/2020\/06\/sadrzaj_2020_20200101_01012020_skola.jpg","keywords":["tuzlanski kanton","upis u \u0161kolu"],"articleSection":["Istaknuto","Novosti"],"inLanguage":"bs-BA"},{"@type":"WebPage","@id":"https:\/\/tuzlainfo.ba\/index.php\/novosti\/item\/138931-tuzlanski-kanton-u-ponedjeljak-konkurs-za-upis-u-srednje-skole\/","url":"https:\/\/tuzlainfo.ba\/index.php\/novosti\/item\/138931-tuzlanski-kanton-u-ponedjeljak-konkurs-za-upis-u-srednje-skole\/","name":"Tuzlanski kanton: U ponedjeljak Konkurs za upis u srednje \u0161kole - TuzlaInfo.ba","isPartOf":{"@id":"https:\/\/tuzlainfo.ba\/#website"},"primaryImageOfPage":{"@id":"https:\/\/tuzlainfo.ba\/index.php\/novosti\/item\/138931-tuzlanski-kanton-u-ponedjeljak-konkurs-za-upis-u-srednje-skole\/#primaryimage"},"image":{"@id":"https:\/\/tuzlainfo.ba\/index.php\/novosti\/item\/138931-tuzlanski-kanton-u-ponedjeljak-konkurs-za-upis-u-srednje-skole\/#primaryimage"},"thumbnailUrl":"https:\/\/tuzlainfo.ba\/wp-content\/uploads\/2020\/06\/sadrzaj_2020_20200101_01012020_skola.jpg","datePublished":"2021-06-04T15:15:06+00:00","dateModified":"2021-06-04T13:49:19+00:00","breadcrumb":{"@id":"https:\/\/tuzlainfo.ba\/index.php\/novosti\/item\/138931-tuzlanski-kanton-u-ponedjeljak-konkurs-za-upis-u-srednje-skole\/#breadcrumb"},"inLanguage":"bs-BA","potentialAction":[{"@type":"ReadAction","target":["https:\/\/tuzlainfo.ba\/index.php\/novosti\/item\/138931-tuzlanski-kanton-u-ponedjeljak-konkurs-za-upis-u-srednje-skole\/"]}]},{"@type":"ImageObject","inLanguage":"bs-BA","@id":"https:\/\/tuzlainfo.ba\/index.php\/novosti\/item\/138931-tuzlanski-kanton-u-ponedjeljak-konkurs-za-upis-u-srednje-skole\/#primaryimage","url":"https:\/\/tuzlainfo.ba\/wp-content\/uploads\/2020\/06\/sadrzaj_2020_20200101_01012020_skola.jpg","contentUrl":"https:\/\/tuzlainfo.ba\/wp-content\/uploads\/2020\/06\/sadrzaj_2020_20200101_01012020_skola.jpg","width":770,"height":513,"caption":"01012020 skola"},{"@type":"BreadcrumbList","@id":"https:\/\/tuzlainfo.ba\/index.php\/novosti\/item\/138931-tuzlanski-kanton-u-ponedjeljak-konkurs-za-upis-u-srednje-skole\/#breadcrumb","itemListElement":[{"@type":"ListItem","position":1,"name":"Home","item":"https:\/\/tuzlainfo.ba\/"},{"@type":"ListItem","position":2,"name":"Tuzlanski kanton: U ponedjeljak Konkurs za upis u srednje \u0161kole"}]},{"@type":"WebSite","@id":"https:\/\/tuzlainfo.ba\/#website","url":"https:\/\/tuzlainfo.ba\/","name":"TuzlaInfo.ba","description":"Tuzla info, gradski informator - Tuzla na dlanu","publisher":{"@id":"https:\/\/tuzlainfo.ba\/#organization"},"potentialAction":[{"@type":"SearchAction","target":{"@type":"EntryPoint","urlTemplate":"https:\/\/tuzlainfo.ba\/?s={search_term_string}"},"query-input":{"@type":"PropertyValueSpecification","valueRequired":true,"valueName":"search_term_string"}}],"inLanguage":"bs-BA"},{"@type":"Organization","@id":"https:\/\/tuzlainfo.ba\/#organization","name":"TuzlaInfo.ba","url":"https:\/\/tuzlainfo.ba\/","logo":{"@type":"ImageObject","inLanguage":"bs-BA","@id":"https:\/\/tuzlainfo.ba\/#\/schema\/logo\/image\/","url":"https:\/\/tuzlainfo.ba\/wp-content\/uploads\/2021\/03\/logo-ver-3-1.png","contentUrl":"https:\/\/tuzlainfo.ba\/wp-content\/uploads\/2021\/03\/logo-ver-3-1.png","width":350,"height":95,"caption":"TuzlaInfo.ba"},"image":{"@id":"https:\/\/tuzlainfo.ba\/#\/schema\/logo\/image\/"},"sameAs":["https:\/\/www.facebook.com\/tuzlainfo.ba\/"]},{"@type":"Person","@id":"https:\/\/tuzlainfo.ba\/#\/schema\/person\/f434e20dc27ea133923aab08451b7f7f","name":"nedim","image":{"@type":"ImageObject","inLanguage":"bs-BA","@id":"https:\/\/tuzlainfo.ba\/#\/schema\/person\/image\/","url":"https:\/\/tuzlainfo.ba\/wp-content\/litespeed\/avatar\/aabad687af24844af817603ac1cbdc4f.jpg?ver=1776702173","contentUrl":"https:\/\/tuzlainfo.ba\/wp-content\/litespeed\/avatar\/aabad687af24844af817603ac1cbdc4f.jpg?ver=1776702173","caption":"nedim"},"description":"Tuzlainfo.ba pratite na dru\u0161tvenim mre\u017eama: Facebook, Instagram i Youtube. Svoje pri\u010de, upite i fotografije \u0161aljite na na\u0161u e-mail adresu."}]}},"_links":{"self":[{"href":"https:\/\/tuzlainfo.ba\/index.php\/wp-json\/wp\/v2\/posts\/138931"}],"collection":[{"href":"https:\/\/tuzlainfo.ba\/index.php\/wp-json\/wp\/v2\/posts"}],"about":[{"href":"https:\/\/tuzlainfo.ba\/index.php\/wp-json\/wp\/v2\/types\/post"}],"author":[{"embeddable":true,"href":"https:\/\/tuzlainfo.ba\/index.php\/wp-json\/wp\/v2\/users\/2"}],"replies":[{"embeddable":true,"href":"https:\/\/tuzlainfo.ba\/index.php\/wp-json\/wp\/v2\/comments?post=138931"}],"version-history":[{"count":0,"href":"https:\/\/tuzlainfo.ba\/index.php\/wp-json\/wp\/v2\/posts\/138931\/revisions"}],"wp:featuredmedia":[{"embeddable":true,"href":"https:\/\/tuzlainfo.ba\/index.php\/wp-json\/wp\/v2\/media\/80036"}],"wp:attachment":[{"href":"https:\/\/tuzlainfo.ba\/index.php\/wp-json\/wp\/v2\/media?parent=138931"}],"wp:term":[{"taxonomy":"category","embeddable":true,"href":"https:\/\/tuzlainfo.ba\/index.php\/wp-json\/wp\/v2\/categories?post=138931"},{"taxonomy":"post_tag","embeddable":true,"href":"https:\/\/tuzlainfo.ba\/index.php\/wp-json\/wp\/v2\/tags?post=138931"}],"curies":[{"name":"wp","href":"https:\/\/api.w.org\/{rel}","templated":true}]}}