{"id":138904,"date":"2021-06-03T18:05:45","date_gmt":"2021-06-03T16:05:45","guid":{"rendered":"https:\/\/tuzlainfo.ba\/?p=138904"},"modified":"2021-06-03T18:05:45","modified_gmt":"2021-06-03T16:05:45","slug":"unesco-od-drzave-bih-trazio-pojasnjenja-u-vezi-izgradnje-hidroelektrane-na-drini","status":"publish","type":"post","link":"https:\/\/tuzlainfo.ba\/index.php\/bosna-i-hercegovina\/item\/138904-unesco-od-drzave-bih-trazio-pojasnjenja-u-vezi-izgradnje-hidroelektrane-na-drini\/","title":{"rendered":"UNESCO od dr\u017eave BiH tra\u017eio poja\u0161njenja u vezi izgradnje hidroelektrane na Drini"},"content":{"rendered":"<p>Zamjenica predsjedavaju\u0107eg Vije\u0107a ministara Bosne i Hercegovine i ministrica vanjskih poslova Bosne i Hercegovine Bisera Turkovi\u0107 zaprimila je, putom Stalnog predstavni\u0161tva BiH pri UNESCO pismo u vezi sa projektom izgradnje hidroelektrane Buk Bijela na Drini.<\/p>\n<p>Direktorica Centra za kulturnu ba\u0161tinu UNESCO Mechtild R\u00f6ssler obratila se zahtjevom bh. institucijama u vezi sa informacijama o postavljanju kamena temeljca za izgradnju brane na Drini nizvodno od nacionalnog parka Durmitor u Crnoj Gori, u kojem tra\u017ei o\u010ditovanje bh. institucija.<\/p>\n<p>Tako\u0111er, u pismu se upozorava na obavezu Bosne i Hercegovine da po\u0161tuje me\u0111unarodnu Konvenciju te da ne poduzima bilo kakve mjere koje bi mogle ugroziti kulturno ili prirodno naslije\u0111e u dr\u017eavama potpisnicama Konvencije.<\/p>\n<p>&#8211; Ministarstvo vanjskih poslova Bosne i Hercegovine \u0107e poduzeti mjere iz svoje nadle\u017enosti te upoznati druge nadle\u017ene institucije sa zahtjevima UNESCO. BiH mora po\u0161tovati me\u0111unarodne obaveze i ovo je jo\u0161 jedan pokazatelj da se ovakvi projekti ne mogu realizirati bez saglasnosti dr\u017eavnih institucija \u2013 navela je tim povodom ministrica Turkovi\u0107.<br \/>\nMinistarstvo vanjskih poslova BiH je ranije uputilo i notu Republici Srbiji, \u010dija je kompanija investitor u najavljenom projektu zajedno sa kompanijom u vlasni\u0161tvu jednog od entiteta u BiH.<\/p>\n<p>Pred Ustavnim sudom BiH je pokrenut proces u vezi sa ovim slu\u010dajem, a ranije odluke najvi\u0161eg sudskog autoriteta u BiH navode da raspolaganje vodnim potencijalima Drine, sve do dono\u0161enja zakona o statusu dr\u017eavne imovine na nivou BiH, ima isklju\u010divo dr\u017eava BiH.<\/p>\n","protected":false},"excerpt":{"rendered":"<p>Zamjenica predsjedavaju\u0107eg Vije\u0107a ministara Bosne i Hercegovine i ministrica vanjskih poslova Bosne i Hercegovine Bisera Turkovi\u0107 zaprimila je, putom Stalnog predstavni\u0161tva BiH pri UNESCO pismo u vezi sa projektom izgradnje hidroelektrane Buk Bijela na Drini. Direktorica Centra za kulturnu ba\u0161tinu UNESCO Mechtild R\u00f6ssler obratila se zahtjevom bh. institucijama u vezi sa informacijama o postavljanju kamena [&hellip;]<\/p>\n","protected":false},"author":2,"featured_media":137675,"comment_status":"open","ping_status":"closed","sticky":false,"template":"","format":"standard","meta":{"footnotes":""},"categories":[291],"tags":[744,1479,1478],"class_list":["post-138904","post","type-post","status-publish","format-standard","has-post-thumbnail","hentry","category-bosna-i-hercegovina","tag-bisera-turkovic","tag-hidroelektrana","tag-unesco"],"yoast_head":"<!-- This site is optimized with the Yoast SEO plugin v28.3 - https:\/\/yoast.com\/product\/yoast-seo-wordpress\/ -->\n<title>UNESCO od dr\u017eave BiH tra\u017eio poja\u0161njenja u vezi izgradnje hidroelektrane na Drini<\/title>\n<meta name=\"robots\" content=\"index, follow, max-snippet:-1, max-image-preview:large, max-video-preview:-1\" \/>\n<link rel=\"canonical\" href=\"https:\/\/tuzlainfo.ba\/index.php\/bosna-i-hercegovina\/item\/138904-unesco-od-drzave-bih-trazio-pojasnjenja-u-vezi-izgradnje-hidroelektrane-na-drini\/\" \/>\n<meta property=\"og:locale\" content=\"bs_BA\" \/>\n<meta property=\"og:type\" content=\"article\" \/>\n<meta property=\"og:title\" content=\"UNESCO od dr\u017eave BiH tra\u017eio poja\u0161njenja u vezi izgradnje hidroelektrane na Drini\" \/>\n<meta property=\"og:description\" content=\"Zamjenica predsjedavaju\u0107eg Vije\u0107a ministara Bosne i Hercegovine i ministrica vanjskih poslova Bosne i Hercegovine Bisera Turkovi\u0107 zaprimila je, putom Stalnog predstavni\u0161tva BiH pri UNESCO pismo u vezi sa projektom izgradnje hidroelektrane Buk Bijela na Drini. Direktorica Centra za kulturnu ba\u0161tinu UNESCO Mechtild R\u00f6ssler obratila se zahtjevom bh. institucijama u vezi sa informacijama o postavljanju kamena [&hellip;]\" \/>\n<meta property=\"og:url\" content=\"https:\/\/tuzlainfo.ba\/index.php\/bosna-i-hercegovina\/item\/138904-unesco-od-drzave-bih-trazio-pojasnjenja-u-vezi-izgradnje-hidroelektrane-na-drini\/\" \/>\n<meta property=\"og:site_name\" content=\"TuzlaInfo.ba\" \/>\n<meta property=\"article:publisher\" content=\"https:\/\/www.facebook.com\/tuzlainfo.ba\/\" \/>\n<meta property=\"article:published_time\" content=\"2021-06-03T16:05:45+00:00\" \/>\n<meta property=\"og:image\" content=\"https:\/\/tuzlainfo.ba\/wp-content\/uploads\/2021\/05\/1705_buk_bijela.jpg\" \/>\n\t<meta property=\"og:image:width\" content=\"855\" \/>\n\t<meta property=\"og:image:height\" content=\"535\" \/>\n\t<meta property=\"og:image:type\" content=\"image\/jpeg\" \/>\n<meta name=\"author\" content=\"nedim\" \/>\n<meta name=\"twitter:card\" content=\"summary_large_image\" \/>\n<meta name=\"twitter:label1\" content=\"Written by\" \/>\n\t<meta name=\"twitter:data1\" content=\"nedim\" \/>\n\t<meta name=\"twitter:label2\" content=\"Est. reading time\" \/>\n\t<meta name=\"twitter:data2\" content=\"1 minuta\" \/>\n<script type=\"application\/ld+json\" class=\"yoast-schema-graph\">{\"@context\":\"https:\\\/\\\/schema.org\",\"@graph\":[{\"@type\":\"Article\",\"@id\":\"https:\\\/\\\/tuzlainfo.ba\\\/index.php\\\/bosna-i-hercegovina\\\/item\\\/138904-unesco-od-drzave-bih-trazio-pojasnjenja-u-vezi-izgradnje-hidroelektrane-na-drini\\\/#article\",\"isPartOf\":{\"@id\":\"https:\\\/\\\/tuzlainfo.ba\\\/index.php\\\/bosna-i-hercegovina\\\/item\\\/138904-unesco-od-drzave-bih-trazio-pojasnjenja-u-vezi-izgradnje-hidroelektrane-na-drini\\\/\"},\"author\":{\"name\":\"nedim\",\"@id\":\"https:\\\/\\\/tuzlainfo.ba\\\/#\\\/schema\\\/person\\\/f434e20dc27ea133923aab08451b7f7f\"},\"headline\":\"UNESCO od dr\u017eave BiH tra\u017eio poja\u0161njenja u vezi izgradnje hidroelektrane na Drini\",\"datePublished\":\"2021-06-03T16:05:45+00:00\",\"mainEntityOfPage\":{\"@id\":\"https:\\\/\\\/tuzlainfo.ba\\\/index.php\\\/bosna-i-hercegovina\\\/item\\\/138904-unesco-od-drzave-bih-trazio-pojasnjenja-u-vezi-izgradnje-hidroelektrane-na-drini\\\/\"},\"wordCount\":265,\"commentCount\":0,\"publisher\":{\"@id\":\"https:\\\/\\\/tuzlainfo.ba\\\/#organization\"},\"image\":{\"@id\":\"https:\\\/\\\/tuzlainfo.ba\\\/index.php\\\/bosna-i-hercegovina\\\/item\\\/138904-unesco-od-drzave-bih-trazio-pojasnjenja-u-vezi-izgradnje-hidroelektrane-na-drini\\\/#primaryimage\"},\"thumbnailUrl\":\"https:\\\/\\\/tuzlainfo.ba\\\/wp-content\\\/uploads\\\/2021\\\/05\\\/1705_buk_bijela.jpg\",\"keywords\":[\"bisera turkovi\u0107\",\"hidroelektrana\",\"UNESCO\"],\"articleSection\":[\"Bosna i Hercegovina\"],\"inLanguage\":\"bs-BA\",\"copyrightYear\":\"2021\",\"copyrightHolder\":{\"@id\":\"https:\\\/\\\/tuzlainfo.ba\\\/#organization\"}},{\"@type\":\"WebPage\",\"@id\":\"https:\\\/\\\/tuzlainfo.ba\\\/index.php\\\/bosna-i-hercegovina\\\/item\\\/138904-unesco-od-drzave-bih-trazio-pojasnjenja-u-vezi-izgradnje-hidroelektrane-na-drini\\\/\",\"url\":\"https:\\\/\\\/tuzlainfo.ba\\\/index.php\\\/bosna-i-hercegovina\\\/item\\\/138904-unesco-od-drzave-bih-trazio-pojasnjenja-u-vezi-izgradnje-hidroelektrane-na-drini\\\/\",\"name\":\"UNESCO od dr\u017eave BiH tra\u017eio poja\u0161njenja u vezi izgradnje hidroelektrane na Drini\",\"isPartOf\":{\"@id\":\"https:\\\/\\\/tuzlainfo.ba\\\/#website\"},\"primaryImageOfPage\":{\"@id\":\"https:\\\/\\\/tuzlainfo.ba\\\/index.php\\\/bosna-i-hercegovina\\\/item\\\/138904-unesco-od-drzave-bih-trazio-pojasnjenja-u-vezi-izgradnje-hidroelektrane-na-drini\\\/#primaryimage\"},\"image\":{\"@id\":\"https:\\\/\\\/tuzlainfo.ba\\\/index.php\\\/bosna-i-hercegovina\\\/item\\\/138904-unesco-od-drzave-bih-trazio-pojasnjenja-u-vezi-izgradnje-hidroelektrane-na-drini\\\/#primaryimage\"},\"thumbnailUrl\":\"https:\\\/\\\/tuzlainfo.ba\\\/wp-content\\\/uploads\\\/2021\\\/05\\\/1705_buk_bijela.jpg\",\"datePublished\":\"2021-06-03T16:05:45+00:00\",\"breadcrumb\":{\"@id\":\"https:\\\/\\\/tuzlainfo.ba\\\/index.php\\\/bosna-i-hercegovina\\\/item\\\/138904-unesco-od-drzave-bih-trazio-pojasnjenja-u-vezi-izgradnje-hidroelektrane-na-drini\\\/#breadcrumb\"},\"inLanguage\":\"bs-BA\",\"potentialAction\":[{\"@type\":\"ReadAction\",\"target\":[\"https:\\\/\\\/tuzlainfo.ba\\\/index.php\\\/bosna-i-hercegovina\\\/item\\\/138904-unesco-od-drzave-bih-trazio-pojasnjenja-u-vezi-izgradnje-hidroelektrane-na-drini\\\/\"]}]},{\"@type\":\"ImageObject\",\"inLanguage\":\"bs-BA\",\"@id\":\"https:\\\/\\\/tuzlainfo.ba\\\/index.php\\\/bosna-i-hercegovina\\\/item\\\/138904-unesco-od-drzave-bih-trazio-pojasnjenja-u-vezi-izgradnje-hidroelektrane-na-drini\\\/#primaryimage\",\"url\":\"https:\\\/\\\/tuzlainfo.ba\\\/wp-content\\\/uploads\\\/2021\\\/05\\\/1705_buk_bijela.jpg\",\"contentUrl\":\"https:\\\/\\\/tuzlainfo.ba\\\/wp-content\\\/uploads\\\/2021\\\/05\\\/1705_buk_bijela.jpg\",\"width\":855,\"height\":535},{\"@type\":\"BreadcrumbList\",\"@id\":\"https:\\\/\\\/tuzlainfo.ba\\\/index.php\\\/bosna-i-hercegovina\\\/item\\\/138904-unesco-od-drzave-bih-trazio-pojasnjenja-u-vezi-izgradnje-hidroelektrane-na-drini\\\/#breadcrumb\",\"itemListElement\":[{\"@type\":\"ListItem\",\"position\":1,\"name\":\"Home\",\"item\":\"https:\\\/\\\/tuzlainfo.ba\\\/\"},{\"@type\":\"ListItem\",\"position\":2,\"name\":\"UNESCO od dr\u017eave BiH tra\u017eio poja\u0161njenja u vezi izgradnje hidroelektrane na Drini\"}]},{\"@type\":\"WebSite\",\"@id\":\"https:\\\/\\\/tuzlainfo.ba\\\/#website\",\"url\":\"https:\\\/\\\/tuzlainfo.ba\\\/\",\"name\":\"TuzlaInfo.ba\",\"description\":\"Tuzla info, gradski informator - Tuzla na dlanu\",\"publisher\":{\"@id\":\"https:\\\/\\\/tuzlainfo.ba\\\/#organization\"},\"potentialAction\":[{\"@type\":\"SearchAction\",\"target\":{\"@type\":\"EntryPoint\",\"urlTemplate\":\"https:\\\/\\\/tuzlainfo.ba\\\/?s={search_term_string}\"},\"query-input\":{\"@type\":\"PropertyValueSpecification\",\"valueRequired\":true,\"valueName\":\"search_term_string\"}}],\"inLanguage\":\"bs-BA\"},{\"@type\":\"Organization\",\"@id\":\"https:\\\/\\\/tuzlainfo.ba\\\/#organization\",\"name\":\"TuzlaInfo.ba\",\"url\":\"https:\\\/\\\/tuzlainfo.ba\\\/\",\"logo\":{\"@type\":\"ImageObject\",\"inLanguage\":\"bs-BA\",\"@id\":\"https:\\\/\\\/tuzlainfo.ba\\\/#\\\/schema\\\/logo\\\/image\\\/\",\"url\":\"https:\\\/\\\/tuzlainfo.ba\\\/wp-content\\\/uploads\\\/2021\\\/03\\\/logo-ver-3-1.png\",\"contentUrl\":\"https:\\\/\\\/tuzlainfo.ba\\\/wp-content\\\/uploads\\\/2021\\\/03\\\/logo-ver-3-1.png\",\"width\":350,\"height\":95,\"caption\":\"TuzlaInfo.ba\"},\"image\":{\"@id\":\"https:\\\/\\\/tuzlainfo.ba\\\/#\\\/schema\\\/logo\\\/image\\\/\"},\"sameAs\":[\"https:\\\/\\\/www.facebook.com\\\/tuzlainfo.ba\\\/\"]},{\"@type\":\"Person\",\"@id\":\"https:\\\/\\\/tuzlainfo.ba\\\/#\\\/schema\\\/person\\\/f434e20dc27ea133923aab08451b7f7f\",\"name\":\"nedim\",\"image\":{\"@type\":\"ImageObject\",\"inLanguage\":\"bs-BA\",\"@id\":\"https:\\\/\\\/secure.gravatar.com\\\/avatar\\\/5b928a2e7e70a54208d2eb6c1edcb75a5350d6ae97d5f0a701203d456823f6f3?s=96&d=mm&r=g\",\"url\":\"https:\\\/\\\/secure.gravatar.com\\\/avatar\\\/5b928a2e7e70a54208d2eb6c1edcb75a5350d6ae97d5f0a701203d456823f6f3?s=96&d=mm&r=g\",\"contentUrl\":\"https:\\\/\\\/secure.gravatar.com\\\/avatar\\\/5b928a2e7e70a54208d2eb6c1edcb75a5350d6ae97d5f0a701203d456823f6f3?s=96&d=mm&r=g\",\"caption\":\"nedim\"},\"description\":\"Tuzlainfo.ba pratite na dru\u0161tvenim mre\u017eama: Facebook, Instagram i Youtube. Svoje pri\u010de, upite i fotografije \u0161aljite na na\u0161u e-mail adresu.\"}]}<\/script>\n<!-- \/ Yoast SEO plugin. -->","yoast_head_json":{"title":"UNESCO od dr\u017eave BiH tra\u017eio poja\u0161njenja u vezi izgradnje hidroelektrane na Drini","robots":{"index":"index","follow":"follow","max-snippet":"max-snippet:-1","max-image-preview":"max-image-preview:large","max-video-preview":"max-video-preview:-1"},"canonical":"https:\/\/tuzlainfo.ba\/index.php\/bosna-i-hercegovina\/item\/138904-unesco-od-drzave-bih-trazio-pojasnjenja-u-vezi-izgradnje-hidroelektrane-na-drini\/","og_locale":"bs_BA","og_type":"article","og_title":"UNESCO od dr\u017eave BiH tra\u017eio poja\u0161njenja u vezi izgradnje hidroelektrane na Drini","og_description":"Zamjenica predsjedavaju\u0107eg Vije\u0107a ministara Bosne i Hercegovine i ministrica vanjskih poslova Bosne i Hercegovine Bisera Turkovi\u0107 zaprimila je, putom Stalnog predstavni\u0161tva BiH pri UNESCO pismo u vezi sa projektom izgradnje hidroelektrane Buk Bijela na Drini. Direktorica Centra za kulturnu ba\u0161tinu UNESCO Mechtild R\u00f6ssler obratila se zahtjevom bh. institucijama u vezi sa informacijama o postavljanju kamena [&hellip;]","og_url":"https:\/\/tuzlainfo.ba\/index.php\/bosna-i-hercegovina\/item\/138904-unesco-od-drzave-bih-trazio-pojasnjenja-u-vezi-izgradnje-hidroelektrane-na-drini\/","og_site_name":"TuzlaInfo.ba","article_publisher":"https:\/\/www.facebook.com\/tuzlainfo.ba\/","article_published_time":"2021-06-03T16:05:45+00:00","og_image":[{"width":855,"height":535,"url":"https:\/\/tuzlainfo.ba\/wp-content\/uploads\/2021\/05\/1705_buk_bijela.jpg","type":"image\/jpeg"}],"author":"nedim","twitter_card":"summary_large_image","twitter_misc":{"Written by":"nedim","Est. reading time":"1 minuta"},"schema":{"@context":"https:\/\/schema.org","@graph":[{"@type":"Article","@id":"https:\/\/tuzlainfo.ba\/index.php\/bosna-i-hercegovina\/item\/138904-unesco-od-drzave-bih-trazio-pojasnjenja-u-vezi-izgradnje-hidroelektrane-na-drini\/#article","isPartOf":{"@id":"https:\/\/tuzlainfo.ba\/index.php\/bosna-i-hercegovina\/item\/138904-unesco-od-drzave-bih-trazio-pojasnjenja-u-vezi-izgradnje-hidroelektrane-na-drini\/"},"author":{"name":"nedim","@id":"https:\/\/tuzlainfo.ba\/#\/schema\/person\/f434e20dc27ea133923aab08451b7f7f"},"headline":"UNESCO od dr\u017eave BiH tra\u017eio poja\u0161njenja u vezi izgradnje hidroelektrane na Drini","datePublished":"2021-06-03T16:05:45+00:00","mainEntityOfPage":{"@id":"https:\/\/tuzlainfo.ba\/index.php\/bosna-i-hercegovina\/item\/138904-unesco-od-drzave-bih-trazio-pojasnjenja-u-vezi-izgradnje-hidroelektrane-na-drini\/"},"wordCount":265,"commentCount":0,"publisher":{"@id":"https:\/\/tuzlainfo.ba\/#organization"},"image":{"@id":"https:\/\/tuzlainfo.ba\/index.php\/bosna-i-hercegovina\/item\/138904-unesco-od-drzave-bih-trazio-pojasnjenja-u-vezi-izgradnje-hidroelektrane-na-drini\/#primaryimage"},"thumbnailUrl":"https:\/\/tuzlainfo.ba\/wp-content\/uploads\/2021\/05\/1705_buk_bijela.jpg","keywords":["bisera turkovi\u0107","hidroelektrana","UNESCO"],"articleSection":["Bosna i Hercegovina"],"inLanguage":"bs-BA","copyrightYear":"2021","copyrightHolder":{"@id":"https:\/\/tuzlainfo.ba\/#organization"}},{"@type":"WebPage","@id":"https:\/\/tuzlainfo.ba\/index.php\/bosna-i-hercegovina\/item\/138904-unesco-od-drzave-bih-trazio-pojasnjenja-u-vezi-izgradnje-hidroelektrane-na-drini\/","url":"https:\/\/tuzlainfo.ba\/index.php\/bosna-i-hercegovina\/item\/138904-unesco-od-drzave-bih-trazio-pojasnjenja-u-vezi-izgradnje-hidroelektrane-na-drini\/","name":"UNESCO od dr\u017eave BiH tra\u017eio poja\u0161njenja u vezi izgradnje hidroelektrane na Drini","isPartOf":{"@id":"https:\/\/tuzlainfo.ba\/#website"},"primaryImageOfPage":{"@id":"https:\/\/tuzlainfo.ba\/index.php\/bosna-i-hercegovina\/item\/138904-unesco-od-drzave-bih-trazio-pojasnjenja-u-vezi-izgradnje-hidroelektrane-na-drini\/#primaryimage"},"image":{"@id":"https:\/\/tuzlainfo.ba\/index.php\/bosna-i-hercegovina\/item\/138904-unesco-od-drzave-bih-trazio-pojasnjenja-u-vezi-izgradnje-hidroelektrane-na-drini\/#primaryimage"},"thumbnailUrl":"https:\/\/tuzlainfo.ba\/wp-content\/uploads\/2021\/05\/1705_buk_bijela.jpg","datePublished":"2021-06-03T16:05:45+00:00","breadcrumb":{"@id":"https:\/\/tuzlainfo.ba\/index.php\/bosna-i-hercegovina\/item\/138904-unesco-od-drzave-bih-trazio-pojasnjenja-u-vezi-izgradnje-hidroelektrane-na-drini\/#breadcrumb"},"inLanguage":"bs-BA","potentialAction":[{"@type":"ReadAction","target":["https:\/\/tuzlainfo.ba\/index.php\/bosna-i-hercegovina\/item\/138904-unesco-od-drzave-bih-trazio-pojasnjenja-u-vezi-izgradnje-hidroelektrane-na-drini\/"]}]},{"@type":"ImageObject","inLanguage":"bs-BA","@id":"https:\/\/tuzlainfo.ba\/index.php\/bosna-i-hercegovina\/item\/138904-unesco-od-drzave-bih-trazio-pojasnjenja-u-vezi-izgradnje-hidroelektrane-na-drini\/#primaryimage","url":"https:\/\/tuzlainfo.ba\/wp-content\/uploads\/2021\/05\/1705_buk_bijela.jpg","contentUrl":"https:\/\/tuzlainfo.ba\/wp-content\/uploads\/2021\/05\/1705_buk_bijela.jpg","width":855,"height":535},{"@type":"BreadcrumbList","@id":"https:\/\/tuzlainfo.ba\/index.php\/bosna-i-hercegovina\/item\/138904-unesco-od-drzave-bih-trazio-pojasnjenja-u-vezi-izgradnje-hidroelektrane-na-drini\/#breadcrumb","itemListElement":[{"@type":"ListItem","position":1,"name":"Home","item":"https:\/\/tuzlainfo.ba\/"},{"@type":"ListItem","position":2,"name":"UNESCO od dr\u017eave BiH tra\u017eio poja\u0161njenja u vezi izgradnje hidroelektrane na Drini"}]},{"@type":"WebSite","@id":"https:\/\/tuzlainfo.ba\/#website","url":"https:\/\/tuzlainfo.ba\/","name":"TuzlaInfo.ba","description":"Tuzla info, gradski informator - Tuzla na dlanu","publisher":{"@id":"https:\/\/tuzlainfo.ba\/#organization"},"potentialAction":[{"@type":"SearchAction","target":{"@type":"EntryPoint","urlTemplate":"https:\/\/tuzlainfo.ba\/?s={search_term_string}"},"query-input":{"@type":"PropertyValueSpecification","valueRequired":true,"valueName":"search_term_string"}}],"inLanguage":"bs-BA"},{"@type":"Organization","@id":"https:\/\/tuzlainfo.ba\/#organization","name":"TuzlaInfo.ba","url":"https:\/\/tuzlainfo.ba\/","logo":{"@type":"ImageObject","inLanguage":"bs-BA","@id":"https:\/\/tuzlainfo.ba\/#\/schema\/logo\/image\/","url":"https:\/\/tuzlainfo.ba\/wp-content\/uploads\/2021\/03\/logo-ver-3-1.png","contentUrl":"https:\/\/tuzlainfo.ba\/wp-content\/uploads\/2021\/03\/logo-ver-3-1.png","width":350,"height":95,"caption":"TuzlaInfo.ba"},"image":{"@id":"https:\/\/tuzlainfo.ba\/#\/schema\/logo\/image\/"},"sameAs":["https:\/\/www.facebook.com\/tuzlainfo.ba\/"]},{"@type":"Person","@id":"https:\/\/tuzlainfo.ba\/#\/schema\/person\/f434e20dc27ea133923aab08451b7f7f","name":"nedim","image":{"@type":"ImageObject","inLanguage":"bs-BA","@id":"https:\/\/secure.gravatar.com\/avatar\/5b928a2e7e70a54208d2eb6c1edcb75a5350d6ae97d5f0a701203d456823f6f3?s=96&d=mm&r=g","url":"https:\/\/secure.gravatar.com\/avatar\/5b928a2e7e70a54208d2eb6c1edcb75a5350d6ae97d5f0a701203d456823f6f3?s=96&d=mm&r=g","contentUrl":"https:\/\/secure.gravatar.com\/avatar\/5b928a2e7e70a54208d2eb6c1edcb75a5350d6ae97d5f0a701203d456823f6f3?s=96&d=mm&r=g","caption":"nedim"},"description":"Tuzlainfo.ba pratite na dru\u0161tvenim mre\u017eama: Facebook, Instagram i Youtube. Svoje pri\u010de, upite i fotografije \u0161aljite na na\u0161u e-mail adresu."}]}},"_links":{"self":[{"href":"https:\/\/tuzlainfo.ba\/index.php\/wp-json\/wp\/v2\/posts\/138904","targetHints":{"allow":["GET"]}}],"collection":[{"href":"https:\/\/tuzlainfo.ba\/index.php\/wp-json\/wp\/v2\/posts"}],"about":[{"href":"https:\/\/tuzlainfo.ba\/index.php\/wp-json\/wp\/v2\/types\/post"}],"author":[{"embeddable":true,"href":"https:\/\/tuzlainfo.ba\/index.php\/wp-json\/wp\/v2\/users\/2"}],"replies":[{"embeddable":true,"href":"https:\/\/tuzlainfo.ba\/index.php\/wp-json\/wp\/v2\/comments?post=138904"}],"version-history":[{"count":0,"href":"https:\/\/tuzlainfo.ba\/index.php\/wp-json\/wp\/v2\/posts\/138904\/revisions"}],"wp:featuredmedia":[{"embeddable":true,"href":"https:\/\/tuzlainfo.ba\/index.php\/wp-json\/wp\/v2\/media\/137675"}],"wp:attachment":[{"href":"https:\/\/tuzlainfo.ba\/index.php\/wp-json\/wp\/v2\/media?parent=138904"}],"wp:term":[{"taxonomy":"category","embeddable":true,"href":"https:\/\/tuzlainfo.ba\/index.php\/wp-json\/wp\/v2\/categories?post=138904"},{"taxonomy":"post_tag","embeddable":true,"href":"https:\/\/tuzlainfo.ba\/index.php\/wp-json\/wp\/v2\/tags?post=138904"}],"curies":[{"name":"wp","href":"https:\/\/api.w.org\/{rel}","templated":true}]}}