{"id":138887,"date":"2021-06-03T14:39:08","date_gmt":"2021-06-03T12:39:08","guid":{"rendered":"https:\/\/tuzlainfo.ba\/?p=138887"},"modified":"2021-06-07T11:11:01","modified_gmt":"2021-06-07T09:11:01","slug":"sdp-tuzla-internet-vijecnici-samozvanog-progresivnog-bloka-obmanjuju-javnost","status":"publish","type":"post","link":"https:\/\/tuzlainfo.ba\/index.php\/novosti\/item\/138887-sdp-tuzla-internet-vijecnici-samozvanog-progresivnog-bloka-obmanjuju-javnost\/","title":{"rendered":"SDP Tuzla &#8220;Internet vije\u0107nici&#8221; samozvanog Progresivnog bloka obmanjuju javnost"},"content":{"rendered":"<p>GO SDP BiH Tuzla danas se oglasio se saop\u0161tenjem javnost koje prenosimo u cjelosti:<\/p>\n<p>GO SDP BiH Tuzla ovim putem \u017eeli skrenuti \u00a0pa\u017enju na \u0161irenje dezinformacija i neistina od strane \u010detiri vije\u0107nika samozvanog Progresivnog bloka u GV Tuzla, vezano za dono\u0161enje Statuta Grada Tuzla.<\/p>\n<p>Prije svega, Statut Grada Tuzle nije donesen zaslugom dvije vije\u0107nice i dva vije\u0107nika koji sada putem pla\u0107enih oglasa obmanjuju javnost. Naprotiv, najve\u0107a prepreka dono\u0161enju novog Statuta na majskoj sjednici bila su upravo \u010detiri vije\u0107nika samozvanog Progresivnog bloka. \u00a0Prvo, oni nisu glasali za Program rada vije\u0107a u kojem je \u00a0predvi\u0111eno da se novi Statut donese u mjesecu maju.<\/p>\n<p>Dakle, da se postupilo po njihovoj volji, novi Statut ne bi bio ni razmatran, a kamoli donesen na majskoj sjednici. Drugo, dva vije\u0107nika i dvije vije\u0107nice, koji sebe nazivaju \u201eProgresivnim blokom\u201c, dostavili su svoj prijedlog Statuta u kojem se zala\u017eu za posredne izbore u Mjesnim zajednicama. Danas u svojoj internet kampanji tvrde\u00a0 sasvim suprotno, tj. da su oni najzaslu\u017eniji \u00a0za odr\u017eavanje direktnih i neposrednih izbora za \u010dlanove savjeta mjesnih zajednica.<\/p>\n<p>SDP se zahvaljuje svim vije\u0107nicama i vije\u0107nicima Gradskog vije\u0107a za dono\u0161enje novog Statuta. Svima, osim vije\u0107nicima samozvanog Progresivnog bloka, iz razloga \u0161to nisu bili za to da Statut bude na razmatranju i usvajanju u mjesecu maju i zato \u0161to nisu predlagali neposredne i direktne izbore za \u010dlanove savjeta mjesnih zajednica, nego su predlagali da savjete mjesnih zajednica ne biraju gra\u0111ani, nego vije\u0107nici.<\/p>\n<p>SDP \u201einternet vije\u0107nicima\u201c samozvanog Progresivnog bloka poru\u010duje: Istina je ja\u010da od la\u017ei &#8211; saop\u0161teno iz GO SDP BiH Tuzla<\/p>\n","protected":false},"excerpt":{"rendered":"<p>GO SDP BiH Tuzla danas se oglasio se saop\u0161tenjem javnost koje prenosimo u cjelosti: GO&hellip;<\/p>\n","protected":false},"author":2,"featured_media":83951,"comment_status":"open","ping_status":"closed","sticky":false,"template":"","format":"standard","meta":{"_acf_changed":false,"footnotes":""},"categories":[304,12,306],"tags":[1396,823],"acf":[],"yoast_head":"<!-- This site is optimized with the Yoast SEO plugin v23.5 - https:\/\/yoast.com\/wordpress\/plugins\/seo\/ -->\n<title>SDP Tuzla &quot;Internet vije\u0107nici&quot; samozvanog Progresivnog bloka obmanjuju javnost - TuzlaInfo.ba<\/title>\n<meta name=\"robots\" content=\"index, follow, max-snippet:-1, max-image-preview:large, max-video-preview:-1\" \/>\n<link rel=\"canonical\" href=\"https:\/\/tuzlainfo.ba\/index.php\/novosti\/item\/138887-sdp-tuzla-internet-vijecnici-samozvanog-progresivnog-bloka-obmanjuju-javnost\/\" \/>\n<meta property=\"og:locale\" content=\"bs_BA\" \/>\n<meta property=\"og:type\" content=\"article\" \/>\n<meta property=\"og:title\" content=\"SDP Tuzla &quot;Internet vije\u0107nici&quot; samozvanog Progresivnog bloka obmanjuju javnost - TuzlaInfo.ba\" \/>\n<meta property=\"og:description\" content=\"GO SDP BiH Tuzla danas se oglasio se saop\u0161tenjem javnost koje prenosimo u cjelosti: GO&hellip;\" \/>\n<meta property=\"og:url\" content=\"https:\/\/tuzlainfo.ba\/index.php\/novosti\/item\/138887-sdp-tuzla-internet-vijecnici-samozvanog-progresivnog-bloka-obmanjuju-javnost\/\" \/>\n<meta property=\"og:site_name\" content=\"TuzlaInfo.ba\" \/>\n<meta property=\"article:publisher\" content=\"https:\/\/www.facebook.com\/tuzlainfo.ba\/\" \/>\n<meta property=\"article:published_time\" content=\"2021-06-03T12:39:08+00:00\" \/>\n<meta property=\"article:modified_time\" content=\"2021-06-07T09:11:01+00:00\" \/>\n<meta property=\"og:image\" content=\"https:\/\/tuzlainfo.ba\/wp-content\/uploads\/2020\/11\/sadrzaj_2020_20201101_0711_sdp-SAOPSTENJE.jpg\" \/>\n\t<meta property=\"og:image:width\" content=\"770\" \/>\n\t<meta property=\"og:image:height\" content=\"501\" \/>\n\t<meta property=\"og:image:type\" content=\"image\/jpeg\" \/>\n<meta name=\"author\" content=\"nedim\" \/>\n<meta name=\"twitter:card\" content=\"summary_large_image\" \/>\n<meta name=\"twitter:label1\" content=\"Written by\" \/>\n\t<meta name=\"twitter:data1\" content=\"nedim\" \/>\n\t<meta name=\"twitter:label2\" content=\"Est. reading time\" \/>\n\t<meta name=\"twitter:data2\" content=\"1 minuta\" \/>\n<script type=\"application\/ld+json\" class=\"yoast-schema-graph\">{\"@context\":\"https:\/\/schema.org\",\"@graph\":[{\"@type\":\"Article\",\"@id\":\"https:\/\/tuzlainfo.ba\/index.php\/novosti\/item\/138887-sdp-tuzla-internet-vijecnici-samozvanog-progresivnog-bloka-obmanjuju-javnost\/#article\",\"isPartOf\":{\"@id\":\"https:\/\/tuzlainfo.ba\/index.php\/novosti\/item\/138887-sdp-tuzla-internet-vijecnici-samozvanog-progresivnog-bloka-obmanjuju-javnost\/\"},\"author\":{\"name\":\"nedim\",\"@id\":\"https:\/\/tuzlainfo.ba\/#\/schema\/person\/f434e20dc27ea133923aab08451b7f7f\"},\"headline\":\"SDP Tuzla &#8220;Internet vije\u0107nici&#8221; samozvanog Progresivnog bloka obmanjuju javnost\",\"datePublished\":\"2021-06-03T12:39:08+00:00\",\"dateModified\":\"2021-06-07T09:11:01+00:00\",\"mainEntityOfPage\":{\"@id\":\"https:\/\/tuzlainfo.ba\/index.php\/novosti\/item\/138887-sdp-tuzla-internet-vijecnici-samozvanog-progresivnog-bloka-obmanjuju-javnost\/\"},\"wordCount\":291,\"commentCount\":0,\"publisher\":{\"@id\":\"https:\/\/tuzlainfo.ba\/#organization\"},\"image\":{\"@id\":\"https:\/\/tuzlainfo.ba\/index.php\/novosti\/item\/138887-sdp-tuzla-internet-vijecnici-samozvanog-progresivnog-bloka-obmanjuju-javnost\/#primaryimage\"},\"thumbnailUrl\":\"https:\/\/tuzlainfo.ba\/wp-content\/uploads\/2020\/11\/sadrzaj_2020_20201101_0711_sdp-SAOPSTENJE.jpg\",\"keywords\":[\"go sdp tuzla\",\"saop\u0161tenje\"],\"articleSection\":[\"Istaknuto\",\"Novosti\",\"Preporu\u010dujemo\"],\"inLanguage\":\"bs-BA\"},{\"@type\":\"WebPage\",\"@id\":\"https:\/\/tuzlainfo.ba\/index.php\/novosti\/item\/138887-sdp-tuzla-internet-vijecnici-samozvanog-progresivnog-bloka-obmanjuju-javnost\/\",\"url\":\"https:\/\/tuzlainfo.ba\/index.php\/novosti\/item\/138887-sdp-tuzla-internet-vijecnici-samozvanog-progresivnog-bloka-obmanjuju-javnost\/\",\"name\":\"SDP Tuzla \\\"Internet vije\u0107nici\\\" samozvanog Progresivnog bloka obmanjuju javnost - TuzlaInfo.ba\",\"isPartOf\":{\"@id\":\"https:\/\/tuzlainfo.ba\/#website\"},\"primaryImageOfPage\":{\"@id\":\"https:\/\/tuzlainfo.ba\/index.php\/novosti\/item\/138887-sdp-tuzla-internet-vijecnici-samozvanog-progresivnog-bloka-obmanjuju-javnost\/#primaryimage\"},\"image\":{\"@id\":\"https:\/\/tuzlainfo.ba\/index.php\/novosti\/item\/138887-sdp-tuzla-internet-vijecnici-samozvanog-progresivnog-bloka-obmanjuju-javnost\/#primaryimage\"},\"thumbnailUrl\":\"https:\/\/tuzlainfo.ba\/wp-content\/uploads\/2020\/11\/sadrzaj_2020_20201101_0711_sdp-SAOPSTENJE.jpg\",\"datePublished\":\"2021-06-03T12:39:08+00:00\",\"dateModified\":\"2021-06-07T09:11:01+00:00\",\"breadcrumb\":{\"@id\":\"https:\/\/tuzlainfo.ba\/index.php\/novosti\/item\/138887-sdp-tuzla-internet-vijecnici-samozvanog-progresivnog-bloka-obmanjuju-javnost\/#breadcrumb\"},\"inLanguage\":\"bs-BA\",\"potentialAction\":[{\"@type\":\"ReadAction\",\"target\":[\"https:\/\/tuzlainfo.ba\/index.php\/novosti\/item\/138887-sdp-tuzla-internet-vijecnici-samozvanog-progresivnog-bloka-obmanjuju-javnost\/\"]}]},{\"@type\":\"ImageObject\",\"inLanguage\":\"bs-BA\",\"@id\":\"https:\/\/tuzlainfo.ba\/index.php\/novosti\/item\/138887-sdp-tuzla-internet-vijecnici-samozvanog-progresivnog-bloka-obmanjuju-javnost\/#primaryimage\",\"url\":\"https:\/\/tuzlainfo.ba\/wp-content\/uploads\/2020\/11\/sadrzaj_2020_20201101_0711_sdp-SAOPSTENJE.jpg\",\"contentUrl\":\"https:\/\/tuzlainfo.ba\/wp-content\/uploads\/2020\/11\/sadrzaj_2020_20201101_0711_sdp-SAOPSTENJE.jpg\",\"width\":770,\"height\":501,\"caption\":\"0711 sdp SAOPSTENJE\"},{\"@type\":\"BreadcrumbList\",\"@id\":\"https:\/\/tuzlainfo.ba\/index.php\/novosti\/item\/138887-sdp-tuzla-internet-vijecnici-samozvanog-progresivnog-bloka-obmanjuju-javnost\/#breadcrumb\",\"itemListElement\":[{\"@type\":\"ListItem\",\"position\":1,\"name\":\"Home\",\"item\":\"https:\/\/tuzlainfo.ba\/\"},{\"@type\":\"ListItem\",\"position\":2,\"name\":\"SDP Tuzla &#8220;Internet vije\u0107nici&#8221; samozvanog Progresivnog bloka obmanjuju javnost\"}]},{\"@type\":\"WebSite\",\"@id\":\"https:\/\/tuzlainfo.ba\/#website\",\"url\":\"https:\/\/tuzlainfo.ba\/\",\"name\":\"TuzlaInfo.ba\",\"description\":\"Tuzla info, gradski informator - Tuzla na dlanu\",\"publisher\":{\"@id\":\"https:\/\/tuzlainfo.ba\/#organization\"},\"potentialAction\":[{\"@type\":\"SearchAction\",\"target\":{\"@type\":\"EntryPoint\",\"urlTemplate\":\"https:\/\/tuzlainfo.ba\/?s={search_term_string}\"},\"query-input\":{\"@type\":\"PropertyValueSpecification\",\"valueRequired\":true,\"valueName\":\"search_term_string\"}}],\"inLanguage\":\"bs-BA\"},{\"@type\":\"Organization\",\"@id\":\"https:\/\/tuzlainfo.ba\/#organization\",\"name\":\"TuzlaInfo.ba\",\"url\":\"https:\/\/tuzlainfo.ba\/\",\"logo\":{\"@type\":\"ImageObject\",\"inLanguage\":\"bs-BA\",\"@id\":\"https:\/\/tuzlainfo.ba\/#\/schema\/logo\/image\/\",\"url\":\"https:\/\/tuzlainfo.ba\/wp-content\/uploads\/2021\/03\/logo-ver-3-1.png\",\"contentUrl\":\"https:\/\/tuzlainfo.ba\/wp-content\/uploads\/2021\/03\/logo-ver-3-1.png\",\"width\":350,\"height\":95,\"caption\":\"TuzlaInfo.ba\"},\"image\":{\"@id\":\"https:\/\/tuzlainfo.ba\/#\/schema\/logo\/image\/\"},\"sameAs\":[\"https:\/\/www.facebook.com\/tuzlainfo.ba\/\"]},{\"@type\":\"Person\",\"@id\":\"https:\/\/tuzlainfo.ba\/#\/schema\/person\/f434e20dc27ea133923aab08451b7f7f\",\"name\":\"nedim\",\"image\":{\"@type\":\"ImageObject\",\"inLanguage\":\"bs-BA\",\"@id\":\"https:\/\/tuzlainfo.ba\/#\/schema\/person\/image\/\",\"url\":\"https:\/\/tuzlainfo.ba\/wp-content\/litespeed\/avatar\/aabad687af24844af817603ac1cbdc4f.jpg?ver=1777306975\",\"contentUrl\":\"https:\/\/tuzlainfo.ba\/wp-content\/litespeed\/avatar\/aabad687af24844af817603ac1cbdc4f.jpg?ver=1777306975\",\"caption\":\"nedim\"},\"description\":\"Tuzlainfo.ba pratite na dru\u0161tvenim mre\u017eama: Facebook, Instagram i Youtube. Svoje pri\u010de, upite i fotografije \u0161aljite na na\u0161u e-mail adresu.\"}]}<\/script>\n<!-- \/ Yoast SEO plugin. -->","yoast_head_json":{"title":"SDP Tuzla \"Internet vije\u0107nici\" samozvanog Progresivnog bloka obmanjuju javnost - TuzlaInfo.ba","robots":{"index":"index","follow":"follow","max-snippet":"max-snippet:-1","max-image-preview":"max-image-preview:large","max-video-preview":"max-video-preview:-1"},"canonical":"https:\/\/tuzlainfo.ba\/index.php\/novosti\/item\/138887-sdp-tuzla-internet-vijecnici-samozvanog-progresivnog-bloka-obmanjuju-javnost\/","og_locale":"bs_BA","og_type":"article","og_title":"SDP Tuzla \"Internet vije\u0107nici\" samozvanog Progresivnog bloka obmanjuju javnost - TuzlaInfo.ba","og_description":"GO SDP BiH Tuzla danas se oglasio se saop\u0161tenjem javnost koje prenosimo u cjelosti: GO&hellip;","og_url":"https:\/\/tuzlainfo.ba\/index.php\/novosti\/item\/138887-sdp-tuzla-internet-vijecnici-samozvanog-progresivnog-bloka-obmanjuju-javnost\/","og_site_name":"TuzlaInfo.ba","article_publisher":"https:\/\/www.facebook.com\/tuzlainfo.ba\/","article_published_time":"2021-06-03T12:39:08+00:00","article_modified_time":"2021-06-07T09:11:01+00:00","og_image":[{"width":770,"height":501,"url":"https:\/\/tuzlainfo.ba\/wp-content\/uploads\/2020\/11\/sadrzaj_2020_20201101_0711_sdp-SAOPSTENJE.jpg","type":"image\/jpeg"}],"author":"nedim","twitter_card":"summary_large_image","twitter_misc":{"Written by":"nedim","Est. reading time":"1 minuta"},"schema":{"@context":"https:\/\/schema.org","@graph":[{"@type":"Article","@id":"https:\/\/tuzlainfo.ba\/index.php\/novosti\/item\/138887-sdp-tuzla-internet-vijecnici-samozvanog-progresivnog-bloka-obmanjuju-javnost\/#article","isPartOf":{"@id":"https:\/\/tuzlainfo.ba\/index.php\/novosti\/item\/138887-sdp-tuzla-internet-vijecnici-samozvanog-progresivnog-bloka-obmanjuju-javnost\/"},"author":{"name":"nedim","@id":"https:\/\/tuzlainfo.ba\/#\/schema\/person\/f434e20dc27ea133923aab08451b7f7f"},"headline":"SDP Tuzla &#8220;Internet vije\u0107nici&#8221; samozvanog Progresivnog bloka obmanjuju javnost","datePublished":"2021-06-03T12:39:08+00:00","dateModified":"2021-06-07T09:11:01+00:00","mainEntityOfPage":{"@id":"https:\/\/tuzlainfo.ba\/index.php\/novosti\/item\/138887-sdp-tuzla-internet-vijecnici-samozvanog-progresivnog-bloka-obmanjuju-javnost\/"},"wordCount":291,"commentCount":0,"publisher":{"@id":"https:\/\/tuzlainfo.ba\/#organization"},"image":{"@id":"https:\/\/tuzlainfo.ba\/index.php\/novosti\/item\/138887-sdp-tuzla-internet-vijecnici-samozvanog-progresivnog-bloka-obmanjuju-javnost\/#primaryimage"},"thumbnailUrl":"https:\/\/tuzlainfo.ba\/wp-content\/uploads\/2020\/11\/sadrzaj_2020_20201101_0711_sdp-SAOPSTENJE.jpg","keywords":["go sdp tuzla","saop\u0161tenje"],"articleSection":["Istaknuto","Novosti","Preporu\u010dujemo"],"inLanguage":"bs-BA"},{"@type":"WebPage","@id":"https:\/\/tuzlainfo.ba\/index.php\/novosti\/item\/138887-sdp-tuzla-internet-vijecnici-samozvanog-progresivnog-bloka-obmanjuju-javnost\/","url":"https:\/\/tuzlainfo.ba\/index.php\/novosti\/item\/138887-sdp-tuzla-internet-vijecnici-samozvanog-progresivnog-bloka-obmanjuju-javnost\/","name":"SDP Tuzla \"Internet vije\u0107nici\" samozvanog Progresivnog bloka obmanjuju javnost - TuzlaInfo.ba","isPartOf":{"@id":"https:\/\/tuzlainfo.ba\/#website"},"primaryImageOfPage":{"@id":"https:\/\/tuzlainfo.ba\/index.php\/novosti\/item\/138887-sdp-tuzla-internet-vijecnici-samozvanog-progresivnog-bloka-obmanjuju-javnost\/#primaryimage"},"image":{"@id":"https:\/\/tuzlainfo.ba\/index.php\/novosti\/item\/138887-sdp-tuzla-internet-vijecnici-samozvanog-progresivnog-bloka-obmanjuju-javnost\/#primaryimage"},"thumbnailUrl":"https:\/\/tuzlainfo.ba\/wp-content\/uploads\/2020\/11\/sadrzaj_2020_20201101_0711_sdp-SAOPSTENJE.jpg","datePublished":"2021-06-03T12:39:08+00:00","dateModified":"2021-06-07T09:11:01+00:00","breadcrumb":{"@id":"https:\/\/tuzlainfo.ba\/index.php\/novosti\/item\/138887-sdp-tuzla-internet-vijecnici-samozvanog-progresivnog-bloka-obmanjuju-javnost\/#breadcrumb"},"inLanguage":"bs-BA","potentialAction":[{"@type":"ReadAction","target":["https:\/\/tuzlainfo.ba\/index.php\/novosti\/item\/138887-sdp-tuzla-internet-vijecnici-samozvanog-progresivnog-bloka-obmanjuju-javnost\/"]}]},{"@type":"ImageObject","inLanguage":"bs-BA","@id":"https:\/\/tuzlainfo.ba\/index.php\/novosti\/item\/138887-sdp-tuzla-internet-vijecnici-samozvanog-progresivnog-bloka-obmanjuju-javnost\/#primaryimage","url":"https:\/\/tuzlainfo.ba\/wp-content\/uploads\/2020\/11\/sadrzaj_2020_20201101_0711_sdp-SAOPSTENJE.jpg","contentUrl":"https:\/\/tuzlainfo.ba\/wp-content\/uploads\/2020\/11\/sadrzaj_2020_20201101_0711_sdp-SAOPSTENJE.jpg","width":770,"height":501,"caption":"0711 sdp SAOPSTENJE"},{"@type":"BreadcrumbList","@id":"https:\/\/tuzlainfo.ba\/index.php\/novosti\/item\/138887-sdp-tuzla-internet-vijecnici-samozvanog-progresivnog-bloka-obmanjuju-javnost\/#breadcrumb","itemListElement":[{"@type":"ListItem","position":1,"name":"Home","item":"https:\/\/tuzlainfo.ba\/"},{"@type":"ListItem","position":2,"name":"SDP Tuzla &#8220;Internet vije\u0107nici&#8221; samozvanog Progresivnog bloka obmanjuju javnost"}]},{"@type":"WebSite","@id":"https:\/\/tuzlainfo.ba\/#website","url":"https:\/\/tuzlainfo.ba\/","name":"TuzlaInfo.ba","description":"Tuzla info, gradski informator - Tuzla na dlanu","publisher":{"@id":"https:\/\/tuzlainfo.ba\/#organization"},"potentialAction":[{"@type":"SearchAction","target":{"@type":"EntryPoint","urlTemplate":"https:\/\/tuzlainfo.ba\/?s={search_term_string}"},"query-input":{"@type":"PropertyValueSpecification","valueRequired":true,"valueName":"search_term_string"}}],"inLanguage":"bs-BA"},{"@type":"Organization","@id":"https:\/\/tuzlainfo.ba\/#organization","name":"TuzlaInfo.ba","url":"https:\/\/tuzlainfo.ba\/","logo":{"@type":"ImageObject","inLanguage":"bs-BA","@id":"https:\/\/tuzlainfo.ba\/#\/schema\/logo\/image\/","url":"https:\/\/tuzlainfo.ba\/wp-content\/uploads\/2021\/03\/logo-ver-3-1.png","contentUrl":"https:\/\/tuzlainfo.ba\/wp-content\/uploads\/2021\/03\/logo-ver-3-1.png","width":350,"height":95,"caption":"TuzlaInfo.ba"},"image":{"@id":"https:\/\/tuzlainfo.ba\/#\/schema\/logo\/image\/"},"sameAs":["https:\/\/www.facebook.com\/tuzlainfo.ba\/"]},{"@type":"Person","@id":"https:\/\/tuzlainfo.ba\/#\/schema\/person\/f434e20dc27ea133923aab08451b7f7f","name":"nedim","image":{"@type":"ImageObject","inLanguage":"bs-BA","@id":"https:\/\/tuzlainfo.ba\/#\/schema\/person\/image\/","url":"https:\/\/tuzlainfo.ba\/wp-content\/litespeed\/avatar\/aabad687af24844af817603ac1cbdc4f.jpg?ver=1777306975","contentUrl":"https:\/\/tuzlainfo.ba\/wp-content\/litespeed\/avatar\/aabad687af24844af817603ac1cbdc4f.jpg?ver=1777306975","caption":"nedim"},"description":"Tuzlainfo.ba pratite na dru\u0161tvenim mre\u017eama: Facebook, Instagram i Youtube. Svoje pri\u010de, upite i fotografije \u0161aljite na na\u0161u e-mail adresu."}]}},"_links":{"self":[{"href":"https:\/\/tuzlainfo.ba\/index.php\/wp-json\/wp\/v2\/posts\/138887"}],"collection":[{"href":"https:\/\/tuzlainfo.ba\/index.php\/wp-json\/wp\/v2\/posts"}],"about":[{"href":"https:\/\/tuzlainfo.ba\/index.php\/wp-json\/wp\/v2\/types\/post"}],"author":[{"embeddable":true,"href":"https:\/\/tuzlainfo.ba\/index.php\/wp-json\/wp\/v2\/users\/2"}],"replies":[{"embeddable":true,"href":"https:\/\/tuzlainfo.ba\/index.php\/wp-json\/wp\/v2\/comments?post=138887"}],"version-history":[{"count":0,"href":"https:\/\/tuzlainfo.ba\/index.php\/wp-json\/wp\/v2\/posts\/138887\/revisions"}],"wp:featuredmedia":[{"embeddable":true,"href":"https:\/\/tuzlainfo.ba\/index.php\/wp-json\/wp\/v2\/media\/83951"}],"wp:attachment":[{"href":"https:\/\/tuzlainfo.ba\/index.php\/wp-json\/wp\/v2\/media?parent=138887"}],"wp:term":[{"taxonomy":"category","embeddable":true,"href":"https:\/\/tuzlainfo.ba\/index.php\/wp-json\/wp\/v2\/categories?post=138887"},{"taxonomy":"post_tag","embeddable":true,"href":"https:\/\/tuzlainfo.ba\/index.php\/wp-json\/wp\/v2\/tags?post=138887"}],"curies":[{"name":"wp","href":"https:\/\/api.w.org\/{rel}","templated":true}]}}