{"id":138762,"date":"2021-06-02T08:32:20","date_gmt":"2021-06-02T06:32:20","guid":{"rendered":"https:\/\/tuzlainfo.ba\/?p=138762"},"modified":"2021-06-02T08:35:19","modified_gmt":"2021-06-02T06:35:19","slug":"politika-i-ukc-zasto-su-sporni-imenovanje-alena-kamerica-i-plate-bivseg-menadzmenta","status":"publish","type":"post","link":"https:\/\/tuzlainfo.ba\/index.php\/novosti\/item\/138762-politika-i-ukc-zasto-su-sporni-imenovanje-alena-kamerica-i-plate-bivseg-menadzmenta\/","title":{"rendered":"Politika i UKC: Za\u0161to su sporni imenovanje Alena Kameri\u0107a i plate biv\u0161eg menad\u017ementa?"},"content":{"rendered":"<p>Vlada Tuzlanskog kantona danas je imenovala Alena Kameri\u0107a na poziciju v.d. direktora Univerzitetsko-klini\u010dkog centra Tuzla. Novi Upravni odbor je predlo\u017eio Kameri\u0107a, nakon \u0161to je prihvatio ostavku direktora Vahida Jusufovi\u0107a koju je podnio zbog odbijanja izvje\u0161taja o radu u pro\u0161loj godini.<\/p>\n<p>Kameri\u0107evo imenovanje je sporno jer je formalne uslove za tu poziciju stekao ekspresno na jednom privatnom univerzitetu u Tuzli &#8211; pi\u0161e <a href=\"https:\/\/federalna.ba\/zasto-je-sporno-imenovanje-alena-kamerica-kao-vd-direktora-ukc-a-tuzla-ur821\"><strong>Federalna TV<\/strong><\/a>.<\/p>\n<p>Saga u vezi s imenovanjem novog menad\u017ementa UKC- a Tuzla je zavr\u0161ena. Na insistiranje vladaju\u0107e PDA Mirsada Kuki\u0107a, aktuelna vlada Tuzlanskog kantona za novog direktora UKC-a imenovala je Alena Kameri\u0107a, biv\u0161eg kantonalnog ministra zadravstva i biv\u0161eg kandidata PDA za gradona\u010delnika Tuzle, kojem je direktorska fotelja ranije obe\u0107ana.<\/p>\n<p>\u201ePotvr\u0111ena je odluka o imenovanju doktora Kameri\u0107a za v.d. direktora UKC-a Tuzla\u201c, kazao je ministar zdravstva TK-a Bo\u017eo Juri\u0107 (PDA). Na pitanje ispunjava li sve uslove, ka\u017ee: \u201eUpravni odbor je imenovao Kameri\u0107a i cijene\u0107i to. Mi smo dali pozitivno mi\u0161ljenje i dali Vladi na davanje saglasnosti\u201c.<\/p>\n<p>Kameri\u0107 je nedavno ekspresno doktorirao na Evropskom univerzitetu Kallos u Tuzli, koji jo\u0161 nije akreditovan, i tako stekao formalne uslove za poziciju direktora UKC-a. Ekspresno je stekao i zvanje docenta. Bez tog zvanja ne bi mogao biti direkor UKC-a. Tako je on postao prvi direktor koji nije stekao nastavno zvanje na dr\u017eavnom medicinskom fakultetu kojem je UKC, tradicionalno, nastavna baza. Me\u0111utim, za vlast u tome nema ni\u0161ta sporno. Tvrde da Kameri\u0107 ispunjava formalne uslove.<\/p>\n<blockquote class=\"wp-embedded-content\" data-secret=\"MXV5niyZWQ\"><p><a href=\"https:\/\/tuzlainfo.ba\/index.php\/novosti\/item\/138709-vlada-tk-dala-saglasnost-dr-alen-kameric-v-d-direktora-ukc-tuzla\/\">Vlada TK dala saglasnost: Dr. Alen Kameri\u0107 v.d. direktora UKC Tuzla<\/a><\/p><\/blockquote>\n<p><iframe class=\"wp-embedded-content\" sandbox=\"allow-scripts\" security=\"restricted\" style=\"position: absolute; visibility: hidden;\" title=\"\u201cVlada TK dala saglasnost: Dr. Alen Kameri\u0107 v.d. direktora UKC Tuzla\u201d \u2014 TuzlaInfo.ba\" src=\"https:\/\/tuzlainfo.ba\/index.php\/novosti\/item\/138709-vlada-tk-dala-saglasnost-dr-alen-kameric-v-d-direktora-ukc-tuzla\/embed\/#?secret=YDtcvjSrz4#?secret=MXV5niyZWQ\" data-secret=\"MXV5niyZWQ\" width=\"600\" height=\"338\" frameborder=\"0\" marginwidth=\"0\" marginheight=\"0\" scrolling=\"no\"><\/iframe><\/p>\n<p>&#8220;Ispunjava, sve je predao na UKC\u201c, kazao je predsjednik Kluba PDA u Skup\u0161tini TK-a Senad Ali\u0107.<\/p>\n<p>Za Vahida Jusufovi\u0107a to je devastacija ustanove: \u201eSvi mi znamo da se to zavr\u0161ava ho ruk sistemom. Ali, eto, dr\u017eava tako ho\u0107e i neka ide\u201c.<\/p>\n<p>Na osnovu analize Zavoda zdravstvenog osiguranja Tuzlanskog kantona, koji je u svom izvje\u0161taju utvrdio da su, suprotno kantonalnom Zakonu o platama i naknadama, plate pojedinih \u010dlanova menad\u017ementa UKC-a enormno visoke, bud\u017eetska inspekcija je po\u010dela detaljnu kontrolu poslovanja ovog klini\u010dkog centra.<\/p>\n<p>\u201eU tom izvje\u0161taju ili nekoj vrsti nadzora utvr\u0111eno je da postoje odre\u0111ana odstupanja u visini plata menad\u017ementa uprave i drugih rukovode\u0107ih kadrova na UKC-u spram zakona koji defini\u0161e kolike plate mogu biti u odnosu na platu premijera i ministara\u201c, objasnio je ministar finansija TK-a Vedran Laki\u0107 (SDP).<\/p>\n<p>Plata biv\u0161eg direktora nije bila ve\u0107a od \u010detiri hiljade maraka. No, plate njegovih pomo\u0107nika su bile znatno ve\u0107e.<\/p>\n<p>\u201eNjihove plate su bile dva puta ve\u0107e od moje. Ta se plata kretala izme\u0111u 5 i 7 hiljada maraka u zavisnosti od toga koliko je bio anga\u017eman kojega. Mogu re\u0107i otvoreno da medicinski direktor nije imao radno vrijeme\u201c, napominje Jusufovi\u0107.<\/p>\n<p>Prema zakonu, direktor UKC-a ne mo\u017ee imati ve\u0107u platu od kantonalnog premijera, a njegovi pomo\u0107nici ne bi smjeli imati ve\u0107u platu od ministara. Me\u0111utim, utvr\u0111eno je da je u pro\u0161loj godini plata direktora bila ne\u0161to ve\u0107a od plate premijera, dok su plate njegovih pomo\u0107nika bile znatno ve\u0107e od plata ministara, pi\u0161e <a href=\"https:\/\/federalna.ba\/zasto-je-sporno-imenovanje-alena-kamerica-kao-vd-direktora-ukc-a-tuzla-ur821\"><strong>federalna.ba<\/strong><\/a>.<\/p>\n<div style=\"width: 640px;\" class=\"wp-video\"><video class=\"wp-video-shortcode\" id=\"video-138762-1\" width=\"640\" height=\"360\" preload=\"metadata\" controls=\"controls\"><source type=\"video\/mp4\" src=\"https:\/\/federalna.ba\/storage\/2021\/juni\/01.06.2021\/d2%20ukc%20tz.mp4?_=1\" \/><a href=\"https:\/\/federalna.ba\/storage\/2021\/juni\/01.06.2021\/d2%20ukc%20tz.mp4\">https:\/\/federalna.ba\/storage\/2021\/juni\/01.06.2021\/d2%20ukc%20tz.mp4<\/a><\/video><\/div>\n","protected":false},"excerpt":{"rendered":"<p>Vlada Tuzlanskog kantona danas je imenovala Alena Kameri\u0107a na poziciju v.d. direktora Univerzitetsko-klini\u010dkog centra Tuzla. Novi Upravni odbor je predlo\u017eio Kameri\u0107a, nakon \u0161to je prihvatio ostavku direktora Vahida Jusufovi\u0107a koju je podnio zbog odbijanja izvje\u0161taja o radu u pro\u0161loj godini. Kameri\u0107evo imenovanje je sporno jer je formalne uslove za tu poziciju stekao ekspresno na jednom [&hellip;]<\/p>\n","protected":false},"author":2,"featured_media":76508,"comment_status":"open","ping_status":"closed","sticky":false,"template":"","format":"standard","meta":{"footnotes":""},"categories":[304,12],"tags":[1450,458,717],"class_list":["post-138762","post","type-post","status-publish","format-standard","has-post-thumbnail","hentry","category-istaknuto","category-novosti","tag-alen-kameric","tag-ukc-tuzla","tag-vahid-jusufovic"],"yoast_head":"<!-- This site is optimized with the Yoast SEO plugin v28.4 - https:\/\/yoast.com\/product\/yoast-seo-wordpress\/ -->\n<title>Politika i UKC: Za\u0161to su sporni imenovanje Alena Kameri\u0107a i plate biv\u0161eg menad\u017ementa?<\/title>\n<meta name=\"robots\" content=\"index, follow, max-snippet:-1, max-image-preview:large, max-video-preview:-1\" \/>\n<link rel=\"canonical\" href=\"https:\/\/tuzlainfo.ba\/index.php\/novosti\/item\/138762-politika-i-ukc-zasto-su-sporni-imenovanje-alena-kamerica-i-plate-bivseg-menadzmenta\/\" \/>\n<meta property=\"og:locale\" content=\"bs_BA\" \/>\n<meta property=\"og:type\" content=\"article\" \/>\n<meta property=\"og:title\" content=\"Politika i UKC: Za\u0161to su sporni imenovanje Alena Kameri\u0107a i plate biv\u0161eg menad\u017ementa?\" \/>\n<meta property=\"og:description\" content=\"Vlada Tuzlanskog kantona danas je imenovala Alena Kameri\u0107a na poziciju v.d. direktora Univerzitetsko-klini\u010dkog centra Tuzla. Novi Upravni odbor je predlo\u017eio Kameri\u0107a, nakon \u0161to je prihvatio ostavku direktora Vahida Jusufovi\u0107a koju je podnio zbog odbijanja izvje\u0161taja o radu u pro\u0161loj godini. Kameri\u0107evo imenovanje je sporno jer je formalne uslove za tu poziciju stekao ekspresno na jednom [&hellip;]\" \/>\n<meta property=\"og:url\" content=\"https:\/\/tuzlainfo.ba\/index.php\/novosti\/item\/138762-politika-i-ukc-zasto-su-sporni-imenovanje-alena-kamerica-i-plate-bivseg-menadzmenta\/\" \/>\n<meta property=\"og:site_name\" content=\"TuzlaInfo.ba\" \/>\n<meta property=\"article:publisher\" content=\"https:\/\/www.facebook.com\/tuzlainfo.ba\/\" \/>\n<meta property=\"article:published_time\" content=\"2021-06-02T06:32:20+00:00\" \/>\n<meta property=\"article:modified_time\" content=\"2021-06-02T06:35:19+00:00\" \/>\n<meta property=\"og:image\" content=\"https:\/\/tuzlainfo.ba\/wp-content\/uploads\/2020\/01\/sadrzaj_2020_20200102_2701_ukctuzla.jpg\" \/>\n\t<meta property=\"og:image:width\" content=\"770\" \/>\n\t<meta property=\"og:image:height\" content=\"385\" \/>\n\t<meta property=\"og:image:type\" content=\"image\/jpeg\" \/>\n<meta name=\"author\" content=\"nedim\" \/>\n<meta name=\"twitter:card\" content=\"summary_large_image\" \/>\n<meta name=\"twitter:label1\" content=\"Written by\" \/>\n\t<meta name=\"twitter:data1\" content=\"nedim\" \/>\n\t<meta name=\"twitter:label2\" content=\"Est. reading time\" \/>\n\t<meta name=\"twitter:data2\" content=\"3 minute\" \/>\n<script type=\"application\/ld+json\" class=\"yoast-schema-graph\">{\"@context\":\"https:\\\/\\\/schema.org\",\"@graph\":[{\"@type\":\"Article\",\"@id\":\"https:\\\/\\\/tuzlainfo.ba\\\/index.php\\\/novosti\\\/item\\\/138762-politika-i-ukc-zasto-su-sporni-imenovanje-alena-kamerica-i-plate-bivseg-menadzmenta\\\/#article\",\"isPartOf\":{\"@id\":\"https:\\\/\\\/tuzlainfo.ba\\\/index.php\\\/novosti\\\/item\\\/138762-politika-i-ukc-zasto-su-sporni-imenovanje-alena-kamerica-i-plate-bivseg-menadzmenta\\\/\"},\"author\":{\"name\":\"nedim\",\"@id\":\"https:\\\/\\\/tuzlainfo.ba\\\/#\\\/schema\\\/person\\\/f434e20dc27ea133923aab08451b7f7f\"},\"headline\":\"Politika i UKC: Za\u0161to su sporni imenovanje Alena Kameri\u0107a i plate biv\u0161eg menad\u017ementa?\",\"datePublished\":\"2021-06-02T06:32:20+00:00\",\"dateModified\":\"2021-06-02T06:35:19+00:00\",\"mainEntityOfPage\":{\"@id\":\"https:\\\/\\\/tuzlainfo.ba\\\/index.php\\\/novosti\\\/item\\\/138762-politika-i-ukc-zasto-su-sporni-imenovanje-alena-kamerica-i-plate-bivseg-menadzmenta\\\/\"},\"wordCount\":567,\"commentCount\":0,\"publisher\":{\"@id\":\"https:\\\/\\\/tuzlainfo.ba\\\/#organization\"},\"image\":{\"@id\":\"https:\\\/\\\/tuzlainfo.ba\\\/index.php\\\/novosti\\\/item\\\/138762-politika-i-ukc-zasto-su-sporni-imenovanje-alena-kamerica-i-plate-bivseg-menadzmenta\\\/#primaryimage\"},\"thumbnailUrl\":\"https:\\\/\\\/tuzlainfo.ba\\\/wp-content\\\/uploads\\\/2020\\\/01\\\/sadrzaj_2020_20200102_2701_ukctuzla.jpg\",\"keywords\":[\"alen kameri\u0107\",\"ukc tuzla\",\"vahid jusufovi\u0107\"],\"articleSection\":[\"Istaknuto\",\"Novosti\"],\"inLanguage\":\"bs-BA\",\"copyrightYear\":\"2021\",\"copyrightHolder\":{\"@id\":\"https:\\\/\\\/tuzlainfo.ba\\\/#organization\"}},{\"@type\":\"WebPage\",\"@id\":\"https:\\\/\\\/tuzlainfo.ba\\\/index.php\\\/novosti\\\/item\\\/138762-politika-i-ukc-zasto-su-sporni-imenovanje-alena-kamerica-i-plate-bivseg-menadzmenta\\\/\",\"url\":\"https:\\\/\\\/tuzlainfo.ba\\\/index.php\\\/novosti\\\/item\\\/138762-politika-i-ukc-zasto-su-sporni-imenovanje-alena-kamerica-i-plate-bivseg-menadzmenta\\\/\",\"name\":\"Politika i UKC: Za\u0161to su sporni imenovanje Alena Kameri\u0107a i plate biv\u0161eg menad\u017ementa?\",\"isPartOf\":{\"@id\":\"https:\\\/\\\/tuzlainfo.ba\\\/#website\"},\"primaryImageOfPage\":{\"@id\":\"https:\\\/\\\/tuzlainfo.ba\\\/index.php\\\/novosti\\\/item\\\/138762-politika-i-ukc-zasto-su-sporni-imenovanje-alena-kamerica-i-plate-bivseg-menadzmenta\\\/#primaryimage\"},\"image\":{\"@id\":\"https:\\\/\\\/tuzlainfo.ba\\\/index.php\\\/novosti\\\/item\\\/138762-politika-i-ukc-zasto-su-sporni-imenovanje-alena-kamerica-i-plate-bivseg-menadzmenta\\\/#primaryimage\"},\"thumbnailUrl\":\"https:\\\/\\\/tuzlainfo.ba\\\/wp-content\\\/uploads\\\/2020\\\/01\\\/sadrzaj_2020_20200102_2701_ukctuzla.jpg\",\"datePublished\":\"2021-06-02T06:32:20+00:00\",\"dateModified\":\"2021-06-02T06:35:19+00:00\",\"breadcrumb\":{\"@id\":\"https:\\\/\\\/tuzlainfo.ba\\\/index.php\\\/novosti\\\/item\\\/138762-politika-i-ukc-zasto-su-sporni-imenovanje-alena-kamerica-i-plate-bivseg-menadzmenta\\\/#breadcrumb\"},\"inLanguage\":\"bs-BA\",\"potentialAction\":[{\"@type\":\"ReadAction\",\"target\":[\"https:\\\/\\\/tuzlainfo.ba\\\/index.php\\\/novosti\\\/item\\\/138762-politika-i-ukc-zasto-su-sporni-imenovanje-alena-kamerica-i-plate-bivseg-menadzmenta\\\/\"]}]},{\"@type\":\"ImageObject\",\"inLanguage\":\"bs-BA\",\"@id\":\"https:\\\/\\\/tuzlainfo.ba\\\/index.php\\\/novosti\\\/item\\\/138762-politika-i-ukc-zasto-su-sporni-imenovanje-alena-kamerica-i-plate-bivseg-menadzmenta\\\/#primaryimage\",\"url\":\"https:\\\/\\\/tuzlainfo.ba\\\/wp-content\\\/uploads\\\/2020\\\/01\\\/sadrzaj_2020_20200102_2701_ukctuzla.jpg\",\"contentUrl\":\"https:\\\/\\\/tuzlainfo.ba\\\/wp-content\\\/uploads\\\/2020\\\/01\\\/sadrzaj_2020_20200102_2701_ukctuzla.jpg\",\"width\":770,\"height\":385,\"caption\":\"2701 ukctuzla\"},{\"@type\":\"BreadcrumbList\",\"@id\":\"https:\\\/\\\/tuzlainfo.ba\\\/index.php\\\/novosti\\\/item\\\/138762-politika-i-ukc-zasto-su-sporni-imenovanje-alena-kamerica-i-plate-bivseg-menadzmenta\\\/#breadcrumb\",\"itemListElement\":[{\"@type\":\"ListItem\",\"position\":1,\"name\":\"Home\",\"item\":\"https:\\\/\\\/tuzlainfo.ba\\\/\"},{\"@type\":\"ListItem\",\"position\":2,\"name\":\"Politika i UKC: Za\u0161to su sporni imenovanje Alena Kameri\u0107a i plate biv\u0161eg menad\u017ementa?\"}]},{\"@type\":\"WebSite\",\"@id\":\"https:\\\/\\\/tuzlainfo.ba\\\/#website\",\"url\":\"https:\\\/\\\/tuzlainfo.ba\\\/\",\"name\":\"TuzlaInfo.ba\",\"description\":\"Tuzla info, gradski informator - Tuzla na dlanu\",\"publisher\":{\"@id\":\"https:\\\/\\\/tuzlainfo.ba\\\/#organization\"},\"potentialAction\":[{\"@type\":\"SearchAction\",\"target\":{\"@type\":\"EntryPoint\",\"urlTemplate\":\"https:\\\/\\\/tuzlainfo.ba\\\/?s={search_term_string}\"},\"query-input\":{\"@type\":\"PropertyValueSpecification\",\"valueRequired\":true,\"valueName\":\"search_term_string\"}}],\"inLanguage\":\"bs-BA\"},{\"@type\":\"Organization\",\"@id\":\"https:\\\/\\\/tuzlainfo.ba\\\/#organization\",\"name\":\"TuzlaInfo.ba\",\"url\":\"https:\\\/\\\/tuzlainfo.ba\\\/\",\"logo\":{\"@type\":\"ImageObject\",\"inLanguage\":\"bs-BA\",\"@id\":\"https:\\\/\\\/tuzlainfo.ba\\\/#\\\/schema\\\/logo\\\/image\\\/\",\"url\":\"https:\\\/\\\/tuzlainfo.ba\\\/wp-content\\\/uploads\\\/2021\\\/03\\\/logo-ver-3-1.png\",\"contentUrl\":\"https:\\\/\\\/tuzlainfo.ba\\\/wp-content\\\/uploads\\\/2021\\\/03\\\/logo-ver-3-1.png\",\"width\":350,\"height\":95,\"caption\":\"TuzlaInfo.ba\"},\"image\":{\"@id\":\"https:\\\/\\\/tuzlainfo.ba\\\/#\\\/schema\\\/logo\\\/image\\\/\"},\"sameAs\":[\"https:\\\/\\\/www.facebook.com\\\/tuzlainfo.ba\\\/\"]},{\"@type\":\"Person\",\"@id\":\"https:\\\/\\\/tuzlainfo.ba\\\/#\\\/schema\\\/person\\\/f434e20dc27ea133923aab08451b7f7f\",\"name\":\"nedim\",\"image\":{\"@type\":\"ImageObject\",\"inLanguage\":\"bs-BA\",\"@id\":\"https:\\\/\\\/secure.gravatar.com\\\/avatar\\\/5b928a2e7e70a54208d2eb6c1edcb75a5350d6ae97d5f0a701203d456823f6f3?s=96&d=mm&r=g\",\"url\":\"https:\\\/\\\/secure.gravatar.com\\\/avatar\\\/5b928a2e7e70a54208d2eb6c1edcb75a5350d6ae97d5f0a701203d456823f6f3?s=96&d=mm&r=g\",\"contentUrl\":\"https:\\\/\\\/secure.gravatar.com\\\/avatar\\\/5b928a2e7e70a54208d2eb6c1edcb75a5350d6ae97d5f0a701203d456823f6f3?s=96&d=mm&r=g\",\"caption\":\"nedim\"},\"description\":\"Tuzlainfo.ba pratite na dru\u0161tvenim mre\u017eama: Facebook, Instagram i Youtube. Svoje pri\u010de, upite i fotografije \u0161aljite na na\u0161u e-mail adresu.\"}]}<\/script>\n<!-- \/ Yoast SEO plugin. -->","yoast_head_json":{"title":"Politika i UKC: Za\u0161to su sporni imenovanje Alena Kameri\u0107a i plate biv\u0161eg menad\u017ementa?","robots":{"index":"index","follow":"follow","max-snippet":"max-snippet:-1","max-image-preview":"max-image-preview:large","max-video-preview":"max-video-preview:-1"},"canonical":"https:\/\/tuzlainfo.ba\/index.php\/novosti\/item\/138762-politika-i-ukc-zasto-su-sporni-imenovanje-alena-kamerica-i-plate-bivseg-menadzmenta\/","og_locale":"bs_BA","og_type":"article","og_title":"Politika i UKC: Za\u0161to su sporni imenovanje Alena Kameri\u0107a i plate biv\u0161eg menad\u017ementa?","og_description":"Vlada Tuzlanskog kantona danas je imenovala Alena Kameri\u0107a na poziciju v.d. direktora Univerzitetsko-klini\u010dkog centra Tuzla. Novi Upravni odbor je predlo\u017eio Kameri\u0107a, nakon \u0161to je prihvatio ostavku direktora Vahida Jusufovi\u0107a koju je podnio zbog odbijanja izvje\u0161taja o radu u pro\u0161loj godini. Kameri\u0107evo imenovanje je sporno jer je formalne uslove za tu poziciju stekao ekspresno na jednom [&hellip;]","og_url":"https:\/\/tuzlainfo.ba\/index.php\/novosti\/item\/138762-politika-i-ukc-zasto-su-sporni-imenovanje-alena-kamerica-i-plate-bivseg-menadzmenta\/","og_site_name":"TuzlaInfo.ba","article_publisher":"https:\/\/www.facebook.com\/tuzlainfo.ba\/","article_published_time":"2021-06-02T06:32:20+00:00","article_modified_time":"2021-06-02T06:35:19+00:00","og_image":[{"width":770,"height":385,"url":"https:\/\/tuzlainfo.ba\/wp-content\/uploads\/2020\/01\/sadrzaj_2020_20200102_2701_ukctuzla.jpg","type":"image\/jpeg"}],"author":"nedim","twitter_card":"summary_large_image","twitter_misc":{"Written by":"nedim","Est. reading time":"3 minute"},"schema":{"@context":"https:\/\/schema.org","@graph":[{"@type":"Article","@id":"https:\/\/tuzlainfo.ba\/index.php\/novosti\/item\/138762-politika-i-ukc-zasto-su-sporni-imenovanje-alena-kamerica-i-plate-bivseg-menadzmenta\/#article","isPartOf":{"@id":"https:\/\/tuzlainfo.ba\/index.php\/novosti\/item\/138762-politika-i-ukc-zasto-su-sporni-imenovanje-alena-kamerica-i-plate-bivseg-menadzmenta\/"},"author":{"name":"nedim","@id":"https:\/\/tuzlainfo.ba\/#\/schema\/person\/f434e20dc27ea133923aab08451b7f7f"},"headline":"Politika i UKC: Za\u0161to su sporni imenovanje Alena Kameri\u0107a i plate biv\u0161eg menad\u017ementa?","datePublished":"2021-06-02T06:32:20+00:00","dateModified":"2021-06-02T06:35:19+00:00","mainEntityOfPage":{"@id":"https:\/\/tuzlainfo.ba\/index.php\/novosti\/item\/138762-politika-i-ukc-zasto-su-sporni-imenovanje-alena-kamerica-i-plate-bivseg-menadzmenta\/"},"wordCount":567,"commentCount":0,"publisher":{"@id":"https:\/\/tuzlainfo.ba\/#organization"},"image":{"@id":"https:\/\/tuzlainfo.ba\/index.php\/novosti\/item\/138762-politika-i-ukc-zasto-su-sporni-imenovanje-alena-kamerica-i-plate-bivseg-menadzmenta\/#primaryimage"},"thumbnailUrl":"https:\/\/tuzlainfo.ba\/wp-content\/uploads\/2020\/01\/sadrzaj_2020_20200102_2701_ukctuzla.jpg","keywords":["alen kameri\u0107","ukc tuzla","vahid jusufovi\u0107"],"articleSection":["Istaknuto","Novosti"],"inLanguage":"bs-BA","copyrightYear":"2021","copyrightHolder":{"@id":"https:\/\/tuzlainfo.ba\/#organization"}},{"@type":"WebPage","@id":"https:\/\/tuzlainfo.ba\/index.php\/novosti\/item\/138762-politika-i-ukc-zasto-su-sporni-imenovanje-alena-kamerica-i-plate-bivseg-menadzmenta\/","url":"https:\/\/tuzlainfo.ba\/index.php\/novosti\/item\/138762-politika-i-ukc-zasto-su-sporni-imenovanje-alena-kamerica-i-plate-bivseg-menadzmenta\/","name":"Politika i UKC: Za\u0161to su sporni imenovanje Alena Kameri\u0107a i plate biv\u0161eg menad\u017ementa?","isPartOf":{"@id":"https:\/\/tuzlainfo.ba\/#website"},"primaryImageOfPage":{"@id":"https:\/\/tuzlainfo.ba\/index.php\/novosti\/item\/138762-politika-i-ukc-zasto-su-sporni-imenovanje-alena-kamerica-i-plate-bivseg-menadzmenta\/#primaryimage"},"image":{"@id":"https:\/\/tuzlainfo.ba\/index.php\/novosti\/item\/138762-politika-i-ukc-zasto-su-sporni-imenovanje-alena-kamerica-i-plate-bivseg-menadzmenta\/#primaryimage"},"thumbnailUrl":"https:\/\/tuzlainfo.ba\/wp-content\/uploads\/2020\/01\/sadrzaj_2020_20200102_2701_ukctuzla.jpg","datePublished":"2021-06-02T06:32:20+00:00","dateModified":"2021-06-02T06:35:19+00:00","breadcrumb":{"@id":"https:\/\/tuzlainfo.ba\/index.php\/novosti\/item\/138762-politika-i-ukc-zasto-su-sporni-imenovanje-alena-kamerica-i-plate-bivseg-menadzmenta\/#breadcrumb"},"inLanguage":"bs-BA","potentialAction":[{"@type":"ReadAction","target":["https:\/\/tuzlainfo.ba\/index.php\/novosti\/item\/138762-politika-i-ukc-zasto-su-sporni-imenovanje-alena-kamerica-i-plate-bivseg-menadzmenta\/"]}]},{"@type":"ImageObject","inLanguage":"bs-BA","@id":"https:\/\/tuzlainfo.ba\/index.php\/novosti\/item\/138762-politika-i-ukc-zasto-su-sporni-imenovanje-alena-kamerica-i-plate-bivseg-menadzmenta\/#primaryimage","url":"https:\/\/tuzlainfo.ba\/wp-content\/uploads\/2020\/01\/sadrzaj_2020_20200102_2701_ukctuzla.jpg","contentUrl":"https:\/\/tuzlainfo.ba\/wp-content\/uploads\/2020\/01\/sadrzaj_2020_20200102_2701_ukctuzla.jpg","width":770,"height":385,"caption":"2701 ukctuzla"},{"@type":"BreadcrumbList","@id":"https:\/\/tuzlainfo.ba\/index.php\/novosti\/item\/138762-politika-i-ukc-zasto-su-sporni-imenovanje-alena-kamerica-i-plate-bivseg-menadzmenta\/#breadcrumb","itemListElement":[{"@type":"ListItem","position":1,"name":"Home","item":"https:\/\/tuzlainfo.ba\/"},{"@type":"ListItem","position":2,"name":"Politika i UKC: Za\u0161to su sporni imenovanje Alena Kameri\u0107a i plate biv\u0161eg menad\u017ementa?"}]},{"@type":"WebSite","@id":"https:\/\/tuzlainfo.ba\/#website","url":"https:\/\/tuzlainfo.ba\/","name":"TuzlaInfo.ba","description":"Tuzla info, gradski informator - Tuzla na dlanu","publisher":{"@id":"https:\/\/tuzlainfo.ba\/#organization"},"potentialAction":[{"@type":"SearchAction","target":{"@type":"EntryPoint","urlTemplate":"https:\/\/tuzlainfo.ba\/?s={search_term_string}"},"query-input":{"@type":"PropertyValueSpecification","valueRequired":true,"valueName":"search_term_string"}}],"inLanguage":"bs-BA"},{"@type":"Organization","@id":"https:\/\/tuzlainfo.ba\/#organization","name":"TuzlaInfo.ba","url":"https:\/\/tuzlainfo.ba\/","logo":{"@type":"ImageObject","inLanguage":"bs-BA","@id":"https:\/\/tuzlainfo.ba\/#\/schema\/logo\/image\/","url":"https:\/\/tuzlainfo.ba\/wp-content\/uploads\/2021\/03\/logo-ver-3-1.png","contentUrl":"https:\/\/tuzlainfo.ba\/wp-content\/uploads\/2021\/03\/logo-ver-3-1.png","width":350,"height":95,"caption":"TuzlaInfo.ba"},"image":{"@id":"https:\/\/tuzlainfo.ba\/#\/schema\/logo\/image\/"},"sameAs":["https:\/\/www.facebook.com\/tuzlainfo.ba\/"]},{"@type":"Person","@id":"https:\/\/tuzlainfo.ba\/#\/schema\/person\/f434e20dc27ea133923aab08451b7f7f","name":"nedim","image":{"@type":"ImageObject","inLanguage":"bs-BA","@id":"https:\/\/secure.gravatar.com\/avatar\/5b928a2e7e70a54208d2eb6c1edcb75a5350d6ae97d5f0a701203d456823f6f3?s=96&d=mm&r=g","url":"https:\/\/secure.gravatar.com\/avatar\/5b928a2e7e70a54208d2eb6c1edcb75a5350d6ae97d5f0a701203d456823f6f3?s=96&d=mm&r=g","contentUrl":"https:\/\/secure.gravatar.com\/avatar\/5b928a2e7e70a54208d2eb6c1edcb75a5350d6ae97d5f0a701203d456823f6f3?s=96&d=mm&r=g","caption":"nedim"},"description":"Tuzlainfo.ba pratite na dru\u0161tvenim mre\u017eama: Facebook, Instagram i Youtube. Svoje pri\u010de, upite i fotografije \u0161aljite na na\u0161u e-mail adresu."}]}},"_links":{"self":[{"href":"https:\/\/tuzlainfo.ba\/index.php\/wp-json\/wp\/v2\/posts\/138762","targetHints":{"allow":["GET"]}}],"collection":[{"href":"https:\/\/tuzlainfo.ba\/index.php\/wp-json\/wp\/v2\/posts"}],"about":[{"href":"https:\/\/tuzlainfo.ba\/index.php\/wp-json\/wp\/v2\/types\/post"}],"author":[{"embeddable":true,"href":"https:\/\/tuzlainfo.ba\/index.php\/wp-json\/wp\/v2\/users\/2"}],"replies":[{"embeddable":true,"href":"https:\/\/tuzlainfo.ba\/index.php\/wp-json\/wp\/v2\/comments?post=138762"}],"version-history":[{"count":0,"href":"https:\/\/tuzlainfo.ba\/index.php\/wp-json\/wp\/v2\/posts\/138762\/revisions"}],"wp:featuredmedia":[{"embeddable":true,"href":"https:\/\/tuzlainfo.ba\/index.php\/wp-json\/wp\/v2\/media\/76508"}],"wp:attachment":[{"href":"https:\/\/tuzlainfo.ba\/index.php\/wp-json\/wp\/v2\/media?parent=138762"}],"wp:term":[{"taxonomy":"category","embeddable":true,"href":"https:\/\/tuzlainfo.ba\/index.php\/wp-json\/wp\/v2\/categories?post=138762"},{"taxonomy":"post_tag","embeddable":true,"href":"https:\/\/tuzlainfo.ba\/index.php\/wp-json\/wp\/v2\/tags?post=138762"}],"curies":[{"name":"wp","href":"https:\/\/api.w.org\/{rel}","templated":true}]}}