{"id":138752,"date":"2021-06-01T21:34:08","date_gmt":"2021-06-01T19:34:08","guid":{"rendered":"https:\/\/tuzlainfo.ba\/?p=138752"},"modified":"2021-06-01T21:34:08","modified_gmt":"2021-06-01T19:34:08","slug":"seselj-zvecka-oruzjem-borba-ce-biti-zestoka-rs-ne-smije-biti-presjecena-na-dva-dijela","status":"publish","type":"post","link":"https:\/\/tuzlainfo.ba\/index.php\/clanci\/sa-svih-strana\/item\/138752-seselj-zvecka-oruzjem-borba-ce-biti-zestoka-rs-ne-smije-biti-presjecena-na-dva-dijela\/","title":{"rendered":"\u0160e\u0161elj zvecka oru\u017ejem: Borba \u0107e biti \u017eestoka, RS ne smije biti presje\u010dena na dva dijela"},"content":{"rendered":"<p>Vojislav \u0160e\u0161elj, ratni zlo\u010dinac i lider srpskih radikala komentarisao je imenovanje Christiana Schmidta za novog visokog predstavnika u BiH.<\/p>\n<p>&#8211; Visoki predstavnik nije izabran konsenzusom na Savetu za implementaciju mira. Ruski predstavnik nije glasao za njega, pa on nije mogao biti postavljen. O tome \u0107e biti pri\u010de na Savetu bezbednosti UN. Poku\u0161avaju da zatru ulogu Rusije i Srbije u davanju garancija za o\u010duvanje Dejtonskog sporazuma. Kada je Srbija bila pod okupatorskom vla\u0161\u0107u, a Rusija jo\u0161 uvek bila slaba, oni su uspeli da nateraju rukovodstvo Republike Srpske da se odrekne nekih bitnih nadle\u017enosti dodeljenih Dejtonskim sporazumom, tzv. prenosom ovla\u0161\u0107enja na centralno Sarajevo. To uklju\u010duje i prenos ovla\u0161\u0107enja nad vojskom. Borba \u0107e biti \u017eestoka, ali na\u0161i neprijatelji ne\u0107e uspeti u svom naumu, ka\u017ee \u0160e\u0161elj, i dodaje:<\/p>\n<p>&#8211; Ako bi se realizovale stare hrvatske pretnje, da preseku RS na dva dela, na podru\u010dju Br\u010dkog, svojom vojskom, Srbija bi morala da se ume\u0161a vojskom i uni\u0161ti takav poku\u0161aj. Zapad ne bi direktno intervenisao, ve\u0107 bi na\u0161li svoje poslu\u0161nike me\u0111u muslimanima i Hrvatima. Republika Srpska treba da se oglu\u0161i i da ignori\u0161e Schmidta, novog visokog predstavnika.<\/p>\n","protected":false},"excerpt":{"rendered":"<p>Vojislav \u0160e\u0161elj, ratni zlo\u010dinac i lider srpskih radikala komentarisao je imenovanje Christiana Schmidta za novog visokog predstavnika u BiH. &#8211; Visoki predstavnik nije izabran konsenzusom na Savetu za implementaciju mira. Ruski predstavnik nije glasao za njega, pa on nije mogao biti postavljen. O tome \u0107e biti pri\u010de na Savetu bezbednosti UN. Poku\u0161avaju da zatru ulogu [&hellip;]<\/p>\n","protected":false},"author":2,"featured_media":138753,"comment_status":"open","ping_status":"closed","sticky":false,"template":"","format":"standard","meta":{"footnotes":""},"categories":[16],"tags":[655],"class_list":["post-138752","post","type-post","status-publish","format-standard","has-post-thumbnail","hentry","category-sa-svih-strana","tag-vojislav-seselj"],"yoast_head":"<!-- This site is optimized with the Yoast SEO plugin v28.4 - https:\/\/yoast.com\/product\/yoast-seo-wordpress\/ -->\n<title>\u0160e\u0161elj zvecka oru\u017ejem: Borba \u0107e biti \u017eestoka, RS ne smije biti presje\u010dena na dva dijela<\/title>\n<meta name=\"robots\" content=\"index, follow, max-snippet:-1, max-image-preview:large, max-video-preview:-1\" \/>\n<link rel=\"canonical\" href=\"https:\/\/tuzlainfo.ba\/index.php\/clanci\/sa-svih-strana\/item\/138752-seselj-zvecka-oruzjem-borba-ce-biti-zestoka-rs-ne-smije-biti-presjecena-na-dva-dijela\/\" \/>\n<meta property=\"og:locale\" content=\"bs_BA\" \/>\n<meta property=\"og:type\" content=\"article\" \/>\n<meta property=\"og:title\" content=\"\u0160e\u0161elj zvecka oru\u017ejem: Borba \u0107e biti \u017eestoka, RS ne smije biti presje\u010dena na dva dijela\" \/>\n<meta property=\"og:description\" content=\"Vojislav \u0160e\u0161elj, ratni zlo\u010dinac i lider srpskih radikala komentarisao je imenovanje Christiana Schmidta za novog visokog predstavnika u BiH. &#8211; Visoki predstavnik nije izabran konsenzusom na Savetu za implementaciju mira. Ruski predstavnik nije glasao za njega, pa on nije mogao biti postavljen. O tome \u0107e biti pri\u010de na Savetu bezbednosti UN. Poku\u0161avaju da zatru ulogu [&hellip;]\" \/>\n<meta property=\"og:url\" content=\"https:\/\/tuzlainfo.ba\/index.php\/clanci\/sa-svih-strana\/item\/138752-seselj-zvecka-oruzjem-borba-ce-biti-zestoka-rs-ne-smije-biti-presjecena-na-dva-dijela\/\" \/>\n<meta property=\"og:site_name\" content=\"TuzlaInfo.ba\" \/>\n<meta property=\"article:publisher\" content=\"https:\/\/www.facebook.com\/tuzlainfo.ba\/\" \/>\n<meta property=\"article:published_time\" content=\"2021-06-01T19:34:08+00:00\" \/>\n<meta property=\"og:image\" content=\"https:\/\/tuzlainfo.ba\/wp-content\/uploads\/2021\/06\/0106_vojislav_seselj.jpg\" \/>\n\t<meta property=\"og:image:width\" content=\"1200\" \/>\n\t<meta property=\"og:image:height\" content=\"723\" \/>\n\t<meta property=\"og:image:type\" content=\"image\/jpeg\" \/>\n<meta name=\"author\" content=\"nedim\" \/>\n<meta name=\"twitter:card\" content=\"summary_large_image\" \/>\n<meta name=\"twitter:label1\" content=\"Written by\" \/>\n\t<meta name=\"twitter:data1\" content=\"nedim\" \/>\n\t<meta name=\"twitter:label2\" content=\"Est. reading time\" \/>\n\t<meta name=\"twitter:data2\" content=\"1 minuta\" \/>\n<script type=\"application\/ld+json\" class=\"yoast-schema-graph\">{\"@context\":\"https:\\\/\\\/schema.org\",\"@graph\":[{\"@type\":\"Article\",\"@id\":\"https:\\\/\\\/tuzlainfo.ba\\\/index.php\\\/clanci\\\/sa-svih-strana\\\/item\\\/138752-seselj-zvecka-oruzjem-borba-ce-biti-zestoka-rs-ne-smije-biti-presjecena-na-dva-dijela\\\/#article\",\"isPartOf\":{\"@id\":\"https:\\\/\\\/tuzlainfo.ba\\\/index.php\\\/clanci\\\/sa-svih-strana\\\/item\\\/138752-seselj-zvecka-oruzjem-borba-ce-biti-zestoka-rs-ne-smije-biti-presjecena-na-dva-dijela\\\/\"},\"author\":{\"name\":\"nedim\",\"@id\":\"https:\\\/\\\/tuzlainfo.ba\\\/#\\\/schema\\\/person\\\/f434e20dc27ea133923aab08451b7f7f\"},\"headline\":\"\u0160e\u0161elj zvecka oru\u017ejem: Borba \u0107e biti \u017eestoka, RS ne smije biti presje\u010dena na dva dijela\",\"datePublished\":\"2021-06-01T19:34:08+00:00\",\"mainEntityOfPage\":{\"@id\":\"https:\\\/\\\/tuzlainfo.ba\\\/index.php\\\/clanci\\\/sa-svih-strana\\\/item\\\/138752-seselj-zvecka-oruzjem-borba-ce-biti-zestoka-rs-ne-smije-biti-presjecena-na-dva-dijela\\\/\"},\"wordCount\":223,\"commentCount\":0,\"publisher\":{\"@id\":\"https:\\\/\\\/tuzlainfo.ba\\\/#organization\"},\"image\":{\"@id\":\"https:\\\/\\\/tuzlainfo.ba\\\/index.php\\\/clanci\\\/sa-svih-strana\\\/item\\\/138752-seselj-zvecka-oruzjem-borba-ce-biti-zestoka-rs-ne-smije-biti-presjecena-na-dva-dijela\\\/#primaryimage\"},\"thumbnailUrl\":\"https:\\\/\\\/tuzlainfo.ba\\\/wp-content\\\/uploads\\\/2021\\\/06\\\/0106_vojislav_seselj.jpg\",\"keywords\":[\"Vojislav \u0160e\u0161elj\"],\"articleSection\":[\"Sa svih strana\"],\"inLanguage\":\"bs-BA\",\"copyrightYear\":\"2021\",\"copyrightHolder\":{\"@id\":\"https:\\\/\\\/tuzlainfo.ba\\\/#organization\"}},{\"@type\":\"WebPage\",\"@id\":\"https:\\\/\\\/tuzlainfo.ba\\\/index.php\\\/clanci\\\/sa-svih-strana\\\/item\\\/138752-seselj-zvecka-oruzjem-borba-ce-biti-zestoka-rs-ne-smije-biti-presjecena-na-dva-dijela\\\/\",\"url\":\"https:\\\/\\\/tuzlainfo.ba\\\/index.php\\\/clanci\\\/sa-svih-strana\\\/item\\\/138752-seselj-zvecka-oruzjem-borba-ce-biti-zestoka-rs-ne-smije-biti-presjecena-na-dva-dijela\\\/\",\"name\":\"\u0160e\u0161elj zvecka oru\u017ejem: Borba \u0107e biti \u017eestoka, RS ne smije biti presje\u010dena na dva dijela\",\"isPartOf\":{\"@id\":\"https:\\\/\\\/tuzlainfo.ba\\\/#website\"},\"primaryImageOfPage\":{\"@id\":\"https:\\\/\\\/tuzlainfo.ba\\\/index.php\\\/clanci\\\/sa-svih-strana\\\/item\\\/138752-seselj-zvecka-oruzjem-borba-ce-biti-zestoka-rs-ne-smije-biti-presjecena-na-dva-dijela\\\/#primaryimage\"},\"image\":{\"@id\":\"https:\\\/\\\/tuzlainfo.ba\\\/index.php\\\/clanci\\\/sa-svih-strana\\\/item\\\/138752-seselj-zvecka-oruzjem-borba-ce-biti-zestoka-rs-ne-smije-biti-presjecena-na-dva-dijela\\\/#primaryimage\"},\"thumbnailUrl\":\"https:\\\/\\\/tuzlainfo.ba\\\/wp-content\\\/uploads\\\/2021\\\/06\\\/0106_vojislav_seselj.jpg\",\"datePublished\":\"2021-06-01T19:34:08+00:00\",\"breadcrumb\":{\"@id\":\"https:\\\/\\\/tuzlainfo.ba\\\/index.php\\\/clanci\\\/sa-svih-strana\\\/item\\\/138752-seselj-zvecka-oruzjem-borba-ce-biti-zestoka-rs-ne-smije-biti-presjecena-na-dva-dijela\\\/#breadcrumb\"},\"inLanguage\":\"bs-BA\",\"potentialAction\":[{\"@type\":\"ReadAction\",\"target\":[\"https:\\\/\\\/tuzlainfo.ba\\\/index.php\\\/clanci\\\/sa-svih-strana\\\/item\\\/138752-seselj-zvecka-oruzjem-borba-ce-biti-zestoka-rs-ne-smije-biti-presjecena-na-dva-dijela\\\/\"]}]},{\"@type\":\"ImageObject\",\"inLanguage\":\"bs-BA\",\"@id\":\"https:\\\/\\\/tuzlainfo.ba\\\/index.php\\\/clanci\\\/sa-svih-strana\\\/item\\\/138752-seselj-zvecka-oruzjem-borba-ce-biti-zestoka-rs-ne-smije-biti-presjecena-na-dva-dijela\\\/#primaryimage\",\"url\":\"https:\\\/\\\/tuzlainfo.ba\\\/wp-content\\\/uploads\\\/2021\\\/06\\\/0106_vojislav_seselj.jpg\",\"contentUrl\":\"https:\\\/\\\/tuzlainfo.ba\\\/wp-content\\\/uploads\\\/2021\\\/06\\\/0106_vojislav_seselj.jpg\",\"width\":1200,\"height\":723},{\"@type\":\"BreadcrumbList\",\"@id\":\"https:\\\/\\\/tuzlainfo.ba\\\/index.php\\\/clanci\\\/sa-svih-strana\\\/item\\\/138752-seselj-zvecka-oruzjem-borba-ce-biti-zestoka-rs-ne-smije-biti-presjecena-na-dva-dijela\\\/#breadcrumb\",\"itemListElement\":[{\"@type\":\"ListItem\",\"position\":1,\"name\":\"Home\",\"item\":\"https:\\\/\\\/tuzlainfo.ba\\\/\"},{\"@type\":\"ListItem\",\"position\":2,\"name\":\"\u0160e\u0161elj zvecka oru\u017ejem: Borba \u0107e biti \u017eestoka, RS ne smije biti presje\u010dena na dva dijela\"}]},{\"@type\":\"WebSite\",\"@id\":\"https:\\\/\\\/tuzlainfo.ba\\\/#website\",\"url\":\"https:\\\/\\\/tuzlainfo.ba\\\/\",\"name\":\"TuzlaInfo.ba\",\"description\":\"Tuzla info, gradski informator - Tuzla na dlanu\",\"publisher\":{\"@id\":\"https:\\\/\\\/tuzlainfo.ba\\\/#organization\"},\"potentialAction\":[{\"@type\":\"SearchAction\",\"target\":{\"@type\":\"EntryPoint\",\"urlTemplate\":\"https:\\\/\\\/tuzlainfo.ba\\\/?s={search_term_string}\"},\"query-input\":{\"@type\":\"PropertyValueSpecification\",\"valueRequired\":true,\"valueName\":\"search_term_string\"}}],\"inLanguage\":\"bs-BA\"},{\"@type\":\"Organization\",\"@id\":\"https:\\\/\\\/tuzlainfo.ba\\\/#organization\",\"name\":\"TuzlaInfo.ba\",\"url\":\"https:\\\/\\\/tuzlainfo.ba\\\/\",\"logo\":{\"@type\":\"ImageObject\",\"inLanguage\":\"bs-BA\",\"@id\":\"https:\\\/\\\/tuzlainfo.ba\\\/#\\\/schema\\\/logo\\\/image\\\/\",\"url\":\"https:\\\/\\\/tuzlainfo.ba\\\/wp-content\\\/uploads\\\/2021\\\/03\\\/logo-ver-3-1.png\",\"contentUrl\":\"https:\\\/\\\/tuzlainfo.ba\\\/wp-content\\\/uploads\\\/2021\\\/03\\\/logo-ver-3-1.png\",\"width\":350,\"height\":95,\"caption\":\"TuzlaInfo.ba\"},\"image\":{\"@id\":\"https:\\\/\\\/tuzlainfo.ba\\\/#\\\/schema\\\/logo\\\/image\\\/\"},\"sameAs\":[\"https:\\\/\\\/www.facebook.com\\\/tuzlainfo.ba\\\/\"]},{\"@type\":\"Person\",\"@id\":\"https:\\\/\\\/tuzlainfo.ba\\\/#\\\/schema\\\/person\\\/f434e20dc27ea133923aab08451b7f7f\",\"name\":\"nedim\",\"image\":{\"@type\":\"ImageObject\",\"inLanguage\":\"bs-BA\",\"@id\":\"https:\\\/\\\/secure.gravatar.com\\\/avatar\\\/5b928a2e7e70a54208d2eb6c1edcb75a5350d6ae97d5f0a701203d456823f6f3?s=96&d=mm&r=g\",\"url\":\"https:\\\/\\\/secure.gravatar.com\\\/avatar\\\/5b928a2e7e70a54208d2eb6c1edcb75a5350d6ae97d5f0a701203d456823f6f3?s=96&d=mm&r=g\",\"contentUrl\":\"https:\\\/\\\/secure.gravatar.com\\\/avatar\\\/5b928a2e7e70a54208d2eb6c1edcb75a5350d6ae97d5f0a701203d456823f6f3?s=96&d=mm&r=g\",\"caption\":\"nedim\"},\"description\":\"Tuzlainfo.ba pratite na dru\u0161tvenim mre\u017eama: Facebook, Instagram i Youtube. Svoje pri\u010de, upite i fotografije \u0161aljite na na\u0161u e-mail adresu.\"}]}<\/script>\n<!-- \/ Yoast SEO plugin. -->","yoast_head_json":{"title":"\u0160e\u0161elj zvecka oru\u017ejem: Borba \u0107e biti \u017eestoka, RS ne smije biti presje\u010dena na dva dijela","robots":{"index":"index","follow":"follow","max-snippet":"max-snippet:-1","max-image-preview":"max-image-preview:large","max-video-preview":"max-video-preview:-1"},"canonical":"https:\/\/tuzlainfo.ba\/index.php\/clanci\/sa-svih-strana\/item\/138752-seselj-zvecka-oruzjem-borba-ce-biti-zestoka-rs-ne-smije-biti-presjecena-na-dva-dijela\/","og_locale":"bs_BA","og_type":"article","og_title":"\u0160e\u0161elj zvecka oru\u017ejem: Borba \u0107e biti \u017eestoka, RS ne smije biti presje\u010dena na dva dijela","og_description":"Vojislav \u0160e\u0161elj, ratni zlo\u010dinac i lider srpskih radikala komentarisao je imenovanje Christiana Schmidta za novog visokog predstavnika u BiH. &#8211; Visoki predstavnik nije izabran konsenzusom na Savetu za implementaciju mira. Ruski predstavnik nije glasao za njega, pa on nije mogao biti postavljen. O tome \u0107e biti pri\u010de na Savetu bezbednosti UN. Poku\u0161avaju da zatru ulogu [&hellip;]","og_url":"https:\/\/tuzlainfo.ba\/index.php\/clanci\/sa-svih-strana\/item\/138752-seselj-zvecka-oruzjem-borba-ce-biti-zestoka-rs-ne-smije-biti-presjecena-na-dva-dijela\/","og_site_name":"TuzlaInfo.ba","article_publisher":"https:\/\/www.facebook.com\/tuzlainfo.ba\/","article_published_time":"2021-06-01T19:34:08+00:00","og_image":[{"width":1200,"height":723,"url":"https:\/\/tuzlainfo.ba\/wp-content\/uploads\/2021\/06\/0106_vojislav_seselj.jpg","type":"image\/jpeg"}],"author":"nedim","twitter_card":"summary_large_image","twitter_misc":{"Written by":"nedim","Est. reading time":"1 minuta"},"schema":{"@context":"https:\/\/schema.org","@graph":[{"@type":"Article","@id":"https:\/\/tuzlainfo.ba\/index.php\/clanci\/sa-svih-strana\/item\/138752-seselj-zvecka-oruzjem-borba-ce-biti-zestoka-rs-ne-smije-biti-presjecena-na-dva-dijela\/#article","isPartOf":{"@id":"https:\/\/tuzlainfo.ba\/index.php\/clanci\/sa-svih-strana\/item\/138752-seselj-zvecka-oruzjem-borba-ce-biti-zestoka-rs-ne-smije-biti-presjecena-na-dva-dijela\/"},"author":{"name":"nedim","@id":"https:\/\/tuzlainfo.ba\/#\/schema\/person\/f434e20dc27ea133923aab08451b7f7f"},"headline":"\u0160e\u0161elj zvecka oru\u017ejem: Borba \u0107e biti \u017eestoka, RS ne smije biti presje\u010dena na dva dijela","datePublished":"2021-06-01T19:34:08+00:00","mainEntityOfPage":{"@id":"https:\/\/tuzlainfo.ba\/index.php\/clanci\/sa-svih-strana\/item\/138752-seselj-zvecka-oruzjem-borba-ce-biti-zestoka-rs-ne-smije-biti-presjecena-na-dva-dijela\/"},"wordCount":223,"commentCount":0,"publisher":{"@id":"https:\/\/tuzlainfo.ba\/#organization"},"image":{"@id":"https:\/\/tuzlainfo.ba\/index.php\/clanci\/sa-svih-strana\/item\/138752-seselj-zvecka-oruzjem-borba-ce-biti-zestoka-rs-ne-smije-biti-presjecena-na-dva-dijela\/#primaryimage"},"thumbnailUrl":"https:\/\/tuzlainfo.ba\/wp-content\/uploads\/2021\/06\/0106_vojislav_seselj.jpg","keywords":["Vojislav \u0160e\u0161elj"],"articleSection":["Sa svih strana"],"inLanguage":"bs-BA","copyrightYear":"2021","copyrightHolder":{"@id":"https:\/\/tuzlainfo.ba\/#organization"}},{"@type":"WebPage","@id":"https:\/\/tuzlainfo.ba\/index.php\/clanci\/sa-svih-strana\/item\/138752-seselj-zvecka-oruzjem-borba-ce-biti-zestoka-rs-ne-smije-biti-presjecena-na-dva-dijela\/","url":"https:\/\/tuzlainfo.ba\/index.php\/clanci\/sa-svih-strana\/item\/138752-seselj-zvecka-oruzjem-borba-ce-biti-zestoka-rs-ne-smije-biti-presjecena-na-dva-dijela\/","name":"\u0160e\u0161elj zvecka oru\u017ejem: Borba \u0107e biti \u017eestoka, RS ne smije biti presje\u010dena na dva dijela","isPartOf":{"@id":"https:\/\/tuzlainfo.ba\/#website"},"primaryImageOfPage":{"@id":"https:\/\/tuzlainfo.ba\/index.php\/clanci\/sa-svih-strana\/item\/138752-seselj-zvecka-oruzjem-borba-ce-biti-zestoka-rs-ne-smije-biti-presjecena-na-dva-dijela\/#primaryimage"},"image":{"@id":"https:\/\/tuzlainfo.ba\/index.php\/clanci\/sa-svih-strana\/item\/138752-seselj-zvecka-oruzjem-borba-ce-biti-zestoka-rs-ne-smije-biti-presjecena-na-dva-dijela\/#primaryimage"},"thumbnailUrl":"https:\/\/tuzlainfo.ba\/wp-content\/uploads\/2021\/06\/0106_vojislav_seselj.jpg","datePublished":"2021-06-01T19:34:08+00:00","breadcrumb":{"@id":"https:\/\/tuzlainfo.ba\/index.php\/clanci\/sa-svih-strana\/item\/138752-seselj-zvecka-oruzjem-borba-ce-biti-zestoka-rs-ne-smije-biti-presjecena-na-dva-dijela\/#breadcrumb"},"inLanguage":"bs-BA","potentialAction":[{"@type":"ReadAction","target":["https:\/\/tuzlainfo.ba\/index.php\/clanci\/sa-svih-strana\/item\/138752-seselj-zvecka-oruzjem-borba-ce-biti-zestoka-rs-ne-smije-biti-presjecena-na-dva-dijela\/"]}]},{"@type":"ImageObject","inLanguage":"bs-BA","@id":"https:\/\/tuzlainfo.ba\/index.php\/clanci\/sa-svih-strana\/item\/138752-seselj-zvecka-oruzjem-borba-ce-biti-zestoka-rs-ne-smije-biti-presjecena-na-dva-dijela\/#primaryimage","url":"https:\/\/tuzlainfo.ba\/wp-content\/uploads\/2021\/06\/0106_vojislav_seselj.jpg","contentUrl":"https:\/\/tuzlainfo.ba\/wp-content\/uploads\/2021\/06\/0106_vojislav_seselj.jpg","width":1200,"height":723},{"@type":"BreadcrumbList","@id":"https:\/\/tuzlainfo.ba\/index.php\/clanci\/sa-svih-strana\/item\/138752-seselj-zvecka-oruzjem-borba-ce-biti-zestoka-rs-ne-smije-biti-presjecena-na-dva-dijela\/#breadcrumb","itemListElement":[{"@type":"ListItem","position":1,"name":"Home","item":"https:\/\/tuzlainfo.ba\/"},{"@type":"ListItem","position":2,"name":"\u0160e\u0161elj zvecka oru\u017ejem: Borba \u0107e biti \u017eestoka, RS ne smije biti presje\u010dena na dva dijela"}]},{"@type":"WebSite","@id":"https:\/\/tuzlainfo.ba\/#website","url":"https:\/\/tuzlainfo.ba\/","name":"TuzlaInfo.ba","description":"Tuzla info, gradski informator - Tuzla na dlanu","publisher":{"@id":"https:\/\/tuzlainfo.ba\/#organization"},"potentialAction":[{"@type":"SearchAction","target":{"@type":"EntryPoint","urlTemplate":"https:\/\/tuzlainfo.ba\/?s={search_term_string}"},"query-input":{"@type":"PropertyValueSpecification","valueRequired":true,"valueName":"search_term_string"}}],"inLanguage":"bs-BA"},{"@type":"Organization","@id":"https:\/\/tuzlainfo.ba\/#organization","name":"TuzlaInfo.ba","url":"https:\/\/tuzlainfo.ba\/","logo":{"@type":"ImageObject","inLanguage":"bs-BA","@id":"https:\/\/tuzlainfo.ba\/#\/schema\/logo\/image\/","url":"https:\/\/tuzlainfo.ba\/wp-content\/uploads\/2021\/03\/logo-ver-3-1.png","contentUrl":"https:\/\/tuzlainfo.ba\/wp-content\/uploads\/2021\/03\/logo-ver-3-1.png","width":350,"height":95,"caption":"TuzlaInfo.ba"},"image":{"@id":"https:\/\/tuzlainfo.ba\/#\/schema\/logo\/image\/"},"sameAs":["https:\/\/www.facebook.com\/tuzlainfo.ba\/"]},{"@type":"Person","@id":"https:\/\/tuzlainfo.ba\/#\/schema\/person\/f434e20dc27ea133923aab08451b7f7f","name":"nedim","image":{"@type":"ImageObject","inLanguage":"bs-BA","@id":"https:\/\/secure.gravatar.com\/avatar\/5b928a2e7e70a54208d2eb6c1edcb75a5350d6ae97d5f0a701203d456823f6f3?s=96&d=mm&r=g","url":"https:\/\/secure.gravatar.com\/avatar\/5b928a2e7e70a54208d2eb6c1edcb75a5350d6ae97d5f0a701203d456823f6f3?s=96&d=mm&r=g","contentUrl":"https:\/\/secure.gravatar.com\/avatar\/5b928a2e7e70a54208d2eb6c1edcb75a5350d6ae97d5f0a701203d456823f6f3?s=96&d=mm&r=g","caption":"nedim"},"description":"Tuzlainfo.ba pratite na dru\u0161tvenim mre\u017eama: Facebook, Instagram i Youtube. Svoje pri\u010de, upite i fotografije \u0161aljite na na\u0161u e-mail adresu."}]}},"_links":{"self":[{"href":"https:\/\/tuzlainfo.ba\/index.php\/wp-json\/wp\/v2\/posts\/138752","targetHints":{"allow":["GET"]}}],"collection":[{"href":"https:\/\/tuzlainfo.ba\/index.php\/wp-json\/wp\/v2\/posts"}],"about":[{"href":"https:\/\/tuzlainfo.ba\/index.php\/wp-json\/wp\/v2\/types\/post"}],"author":[{"embeddable":true,"href":"https:\/\/tuzlainfo.ba\/index.php\/wp-json\/wp\/v2\/users\/2"}],"replies":[{"embeddable":true,"href":"https:\/\/tuzlainfo.ba\/index.php\/wp-json\/wp\/v2\/comments?post=138752"}],"version-history":[{"count":0,"href":"https:\/\/tuzlainfo.ba\/index.php\/wp-json\/wp\/v2\/posts\/138752\/revisions"}],"wp:featuredmedia":[{"embeddable":true,"href":"https:\/\/tuzlainfo.ba\/index.php\/wp-json\/wp\/v2\/media\/138753"}],"wp:attachment":[{"href":"https:\/\/tuzlainfo.ba\/index.php\/wp-json\/wp\/v2\/media?parent=138752"}],"wp:term":[{"taxonomy":"category","embeddable":true,"href":"https:\/\/tuzlainfo.ba\/index.php\/wp-json\/wp\/v2\/categories?post=138752"},{"taxonomy":"post_tag","embeddable":true,"href":"https:\/\/tuzlainfo.ba\/index.php\/wp-json\/wp\/v2\/tags?post=138752"}],"curies":[{"name":"wp","href":"https:\/\/api.w.org\/{rel}","templated":true}]}}