{"id":138733,"date":"2021-06-01T18:58:30","date_gmt":"2021-06-01T16:58:30","guid":{"rendered":"https:\/\/tuzlainfo.ba\/?p=138733"},"modified":"2021-06-01T19:01:23","modified_gmt":"2021-06-01T17:01:23","slug":"nakon-causevicevih-navoda-disciplinski-tuzilac-zaprimio-prijavu-protiv-olega-cavke","status":"publish","type":"post","link":"https:\/\/tuzlainfo.ba\/index.php\/bosna-i-hercegovina\/item\/138733-nakon-causevicevih-navoda-disciplinski-tuzilac-zaprimio-prijavu-protiv-olega-cavke\/","title":{"rendered":"Nakon \u010cau\u0161evi\u0107evih navoda: Disciplinski tu\u017eilac zaprimio prijavu protiv Olega \u010cavke"},"content":{"rendered":"<p>Ured disciplinskog tu\u017eioca (UDT) zaprimio je pritu\u017ebu na povredu du\u017enosti tu\u017eioca Dr\u017eavnog tu\u017eila\u0161tva Olega \u010cavke nakon \u0161to je biv\u0161i direktor Uprave za indirektno oporezivanje (UIO), nepravomo\u0107no osu\u0111en na devet godina zatvora, izjavio da mu je preko posrednika poslao novac.<\/p>\n<p>\u201cUred \u0107e donijeti odluku imaju\u0107i u vidu navode pritu\u017ebe, ali i ograni\u010denja propisana Zakonom o Visokom sudskom i tu\u017eila\u010dkom vije\u0107u Bosne i Hercegovine (VSTV BiH)\u201d, potvrdili su za Balkansku istra\u017eiva\u010dku mre\u017eu Bosne i Hercegovine (BIRN BiH) iz UDT-a.<\/p>\n<p>Iz Tu\u017eila\u0161tva BiH nisu odgovorili na upit o reakciji na izjavu \u010cau\u0161evi\u0107a nakon nepravosna\u017ene presude u kojoj je\u00a0biv\u0161i direktor UIO-a za portal\u00a0<em>Istraga.ba<\/em>\u00a0izjavio da je preko posrednika novac poslao dr\u017eavnom tu\u017eiocu \u010cavki.<\/p>\n<p>Sud Bosne i Hercegovine je 27. maja prvostepenom presudom \u010cau\u0161evi\u0107a osudio na jedinstvenu kaznu od devet godina zatvora zbog pranja novca i primanja dara od uvoznika tekstilne robe kako bi imali povlastice pri uvozu te pranja novca u iznosu ne manjem od 1,7 miliona KM od 2007. do februara 2011. godine.<\/p>\n<p>\u010cau\u0161evi\u0107 je zatim, kako stoji u presudi, novac za koji je znao da je pribavljen izvr\u0161enjem krivi\u010dnog djela iskoristio za kupovinu nekretnina, odnosno stanova, poslovnih prostora i njiva, u iznosu ve\u0107em od milion KM, koji se od njega oduzimaju kao protivpravno pribavljena imovinska korist, te nov\u010dani iznos od 575.000 KM, dok je oslobo\u0111en optu\u017ebe za zloupotrebu polo\u017eaja.<\/p>\n<p>Istom presudom, Anes Sadikovi\u0107 je zbog davanja dara \u010cau\u0161evi\u0107u osu\u0111en na dvije godine zatvora.<\/p>\n<p>Nekoliko dana nakon presude, u razgovoru za portal\u00a0<em>Istraga.ba<\/em>, \u010cau\u0161evi\u0107 je rekao da od njega niko direktno nije tra\u017eio novac, ali se to \u201ctra\u017eilo na suptilan na\u010din\u201d.<\/p>\n<p>\u201cPreko posrednika Olegu \u010cavki sam dao 16.900 KM. Ribi\u0107 Enes se zove i tome je svjedo\u010dio pred pet ljudi u Tu\u017eila\u0161tvu\u201d, kazao je \u010cau\u0161evi\u0107 u intervjuu te dodao da je \u201cRibi\u0107u davao novac u raznim kafi\u0107ima, ali da ne znam da li je \u010cavka primio taj novac\u201d.<\/p>\n<p>Tu\u017eilac \u010cavka je BIRN-u BiH rekao da nema komentar na \u010cau\u0161evi\u0107eve navode jer se \u201cradi o rije\u010dima \u010dovjeka nezadovoljnog presudom\u201d.<\/p>\n<p>\u201eNa sli\u010dan na\u010din blati svakoga ko je je u\u010destvovao u njegovom predmetu. Tako\u0111e ne znam kakvu bi pritu\u017ebu mogao dobiti UDT. Svako mo\u017ee izjaviti takvu stvar poput \u010cau\u0161evi\u0107a\u201c, dodao je \u010cavka.<\/p>\n<p>\u010cavka je bio jedan od postupaju\u0107ih tu\u017eilaca u predmetu \u201cPandora\u201d, u sklopu kojeg je skupa sa vi\u0161e osoba 2014. bio uhap\u0161en i \u010cau\u0161evi\u0107, koji je kasnije optu\u017een samo sa Sadikovi\u0107em i Sedinetom Kari\u0107em, osu\u0111enim na godinu zatvora po sporazumu o priznanju krivnje, pi\u0161e <strong>Detektor.ba<\/strong>.<\/p>\n","protected":false},"excerpt":{"rendered":"<p>Ured disciplinskog tu\u017eioca (UDT) zaprimio je pritu\u017ebu na povredu du\u017enosti tu\u017eioca Dr\u017eavnog tu\u017eila\u0161tva Olega \u010cavke&hellip;<\/p>\n","protected":false},"author":2,"featured_media":138735,"comment_status":"open","ping_status":"closed","sticky":false,"template":"","format":"standard","meta":{"_acf_changed":false,"footnotes":""},"categories":[291],"tags":[1375,1452],"acf":[],"yoast_head":"<!-- This site is optimized with the Yoast SEO plugin v23.5 - https:\/\/yoast.com\/wordpress\/plugins\/seo\/ -->\n<title>Nakon \u010cau\u0161evi\u0107evih navoda: Disciplinski tu\u017eilac zaprimio prijavu protiv Olega \u010cavke - TuzlaInfo.ba<\/title>\n<meta name=\"robots\" content=\"index, follow, max-snippet:-1, max-image-preview:large, max-video-preview:-1\" \/>\n<link rel=\"canonical\" href=\"https:\/\/tuzlainfo.ba\/index.php\/bosna-i-hercegovina\/item\/138733-nakon-causevicevih-navoda-disciplinski-tuzilac-zaprimio-prijavu-protiv-olega-cavke\/\" \/>\n<meta property=\"og:locale\" content=\"bs_BA\" \/>\n<meta property=\"og:type\" content=\"article\" \/>\n<meta property=\"og:title\" content=\"Nakon \u010cau\u0161evi\u0107evih navoda: Disciplinski tu\u017eilac zaprimio prijavu protiv Olega \u010cavke - TuzlaInfo.ba\" \/>\n<meta property=\"og:description\" content=\"Ured disciplinskog tu\u017eioca (UDT) zaprimio je pritu\u017ebu na povredu du\u017enosti tu\u017eioca Dr\u017eavnog tu\u017eila\u0161tva Olega \u010cavke&hellip;\" \/>\n<meta property=\"og:url\" content=\"https:\/\/tuzlainfo.ba\/index.php\/bosna-i-hercegovina\/item\/138733-nakon-causevicevih-navoda-disciplinski-tuzilac-zaprimio-prijavu-protiv-olega-cavke\/\" \/>\n<meta property=\"og:site_name\" content=\"TuzlaInfo.ba\" \/>\n<meta property=\"article:publisher\" content=\"https:\/\/www.facebook.com\/tuzlainfo.ba\/\" \/>\n<meta property=\"article:published_time\" content=\"2021-06-01T16:58:30+00:00\" \/>\n<meta property=\"article:modified_time\" content=\"2021-06-01T17:01:23+00:00\" \/>\n<meta property=\"og:image\" content=\"https:\/\/tuzlainfo.ba\/wp-content\/uploads\/2021\/06\/0106_oleg_cavka.jpg\" \/>\n\t<meta property=\"og:image:width\" content=\"1000\" \/>\n\t<meta property=\"og:image:height\" content=\"703\" \/>\n\t<meta property=\"og:image:type\" content=\"image\/jpeg\" \/>\n<meta name=\"author\" content=\"nedim\" \/>\n<meta name=\"twitter:card\" content=\"summary_large_image\" \/>\n<meta name=\"twitter:label1\" content=\"Written by\" \/>\n\t<meta name=\"twitter:data1\" content=\"nedim\" \/>\n\t<meta name=\"twitter:label2\" content=\"Est. reading time\" \/>\n\t<meta name=\"twitter:data2\" content=\"2 minute\" \/>\n<script type=\"application\/ld+json\" class=\"yoast-schema-graph\">{\"@context\":\"https:\/\/schema.org\",\"@graph\":[{\"@type\":\"Article\",\"@id\":\"https:\/\/tuzlainfo.ba\/index.php\/bosna-i-hercegovina\/item\/138733-nakon-causevicevih-navoda-disciplinski-tuzilac-zaprimio-prijavu-protiv-olega-cavke\/#article\",\"isPartOf\":{\"@id\":\"https:\/\/tuzlainfo.ba\/index.php\/bosna-i-hercegovina\/item\/138733-nakon-causevicevih-navoda-disciplinski-tuzilac-zaprimio-prijavu-protiv-olega-cavke\/\"},\"author\":{\"name\":\"nedim\",\"@id\":\"https:\/\/tuzlainfo.ba\/#\/schema\/person\/f434e20dc27ea133923aab08451b7f7f\"},\"headline\":\"Nakon \u010cau\u0161evi\u0107evih navoda: Disciplinski tu\u017eilac zaprimio prijavu protiv Olega \u010cavke\",\"datePublished\":\"2021-06-01T16:58:30+00:00\",\"dateModified\":\"2021-06-01T17:01:23+00:00\",\"mainEntityOfPage\":{\"@id\":\"https:\/\/tuzlainfo.ba\/index.php\/bosna-i-hercegovina\/item\/138733-nakon-causevicevih-navoda-disciplinski-tuzilac-zaprimio-prijavu-protiv-olega-cavke\/\"},\"wordCount\":483,\"commentCount\":0,\"publisher\":{\"@id\":\"https:\/\/tuzlainfo.ba\/#organization\"},\"image\":{\"@id\":\"https:\/\/tuzlainfo.ba\/index.php\/bosna-i-hercegovina\/item\/138733-nakon-causevicevih-navoda-disciplinski-tuzilac-zaprimio-prijavu-protiv-olega-cavke\/#primaryimage\"},\"thumbnailUrl\":\"https:\/\/tuzlainfo.ba\/wp-content\/uploads\/2021\/06\/0106_oleg_cavka.jpg\",\"keywords\":[\"kemal \u010dau\u0161evi\u0107\",\"oleg \u010davka\"],\"articleSection\":[\"Bosna i Hercegovina\"],\"inLanguage\":\"bs-BA\"},{\"@type\":\"WebPage\",\"@id\":\"https:\/\/tuzlainfo.ba\/index.php\/bosna-i-hercegovina\/item\/138733-nakon-causevicevih-navoda-disciplinski-tuzilac-zaprimio-prijavu-protiv-olega-cavke\/\",\"url\":\"https:\/\/tuzlainfo.ba\/index.php\/bosna-i-hercegovina\/item\/138733-nakon-causevicevih-navoda-disciplinski-tuzilac-zaprimio-prijavu-protiv-olega-cavke\/\",\"name\":\"Nakon \u010cau\u0161evi\u0107evih navoda: Disciplinski tu\u017eilac zaprimio prijavu protiv Olega \u010cavke - TuzlaInfo.ba\",\"isPartOf\":{\"@id\":\"https:\/\/tuzlainfo.ba\/#website\"},\"primaryImageOfPage\":{\"@id\":\"https:\/\/tuzlainfo.ba\/index.php\/bosna-i-hercegovina\/item\/138733-nakon-causevicevih-navoda-disciplinski-tuzilac-zaprimio-prijavu-protiv-olega-cavke\/#primaryimage\"},\"image\":{\"@id\":\"https:\/\/tuzlainfo.ba\/index.php\/bosna-i-hercegovina\/item\/138733-nakon-causevicevih-navoda-disciplinski-tuzilac-zaprimio-prijavu-protiv-olega-cavke\/#primaryimage\"},\"thumbnailUrl\":\"https:\/\/tuzlainfo.ba\/wp-content\/uploads\/2021\/06\/0106_oleg_cavka.jpg\",\"datePublished\":\"2021-06-01T16:58:30+00:00\",\"dateModified\":\"2021-06-01T17:01:23+00:00\",\"breadcrumb\":{\"@id\":\"https:\/\/tuzlainfo.ba\/index.php\/bosna-i-hercegovina\/item\/138733-nakon-causevicevih-navoda-disciplinski-tuzilac-zaprimio-prijavu-protiv-olega-cavke\/#breadcrumb\"},\"inLanguage\":\"bs-BA\",\"potentialAction\":[{\"@type\":\"ReadAction\",\"target\":[\"https:\/\/tuzlainfo.ba\/index.php\/bosna-i-hercegovina\/item\/138733-nakon-causevicevih-navoda-disciplinski-tuzilac-zaprimio-prijavu-protiv-olega-cavke\/\"]}]},{\"@type\":\"ImageObject\",\"inLanguage\":\"bs-BA\",\"@id\":\"https:\/\/tuzlainfo.ba\/index.php\/bosna-i-hercegovina\/item\/138733-nakon-causevicevih-navoda-disciplinski-tuzilac-zaprimio-prijavu-protiv-olega-cavke\/#primaryimage\",\"url\":\"https:\/\/tuzlainfo.ba\/wp-content\/uploads\/2021\/06\/0106_oleg_cavka.jpg\",\"contentUrl\":\"https:\/\/tuzlainfo.ba\/wp-content\/uploads\/2021\/06\/0106_oleg_cavka.jpg\",\"width\":1000,\"height\":703},{\"@type\":\"BreadcrumbList\",\"@id\":\"https:\/\/tuzlainfo.ba\/index.php\/bosna-i-hercegovina\/item\/138733-nakon-causevicevih-navoda-disciplinski-tuzilac-zaprimio-prijavu-protiv-olega-cavke\/#breadcrumb\",\"itemListElement\":[{\"@type\":\"ListItem\",\"position\":1,\"name\":\"Home\",\"item\":\"https:\/\/tuzlainfo.ba\/\"},{\"@type\":\"ListItem\",\"position\":2,\"name\":\"Nakon \u010cau\u0161evi\u0107evih navoda: Disciplinski tu\u017eilac zaprimio prijavu protiv Olega \u010cavke\"}]},{\"@type\":\"WebSite\",\"@id\":\"https:\/\/tuzlainfo.ba\/#website\",\"url\":\"https:\/\/tuzlainfo.ba\/\",\"name\":\"TuzlaInfo.ba\",\"description\":\"Tuzla info, gradski informator - Tuzla na dlanu\",\"publisher\":{\"@id\":\"https:\/\/tuzlainfo.ba\/#organization\"},\"potentialAction\":[{\"@type\":\"SearchAction\",\"target\":{\"@type\":\"EntryPoint\",\"urlTemplate\":\"https:\/\/tuzlainfo.ba\/?s={search_term_string}\"},\"query-input\":{\"@type\":\"PropertyValueSpecification\",\"valueRequired\":true,\"valueName\":\"search_term_string\"}}],\"inLanguage\":\"bs-BA\"},{\"@type\":\"Organization\",\"@id\":\"https:\/\/tuzlainfo.ba\/#organization\",\"name\":\"TuzlaInfo.ba\",\"url\":\"https:\/\/tuzlainfo.ba\/\",\"logo\":{\"@type\":\"ImageObject\",\"inLanguage\":\"bs-BA\",\"@id\":\"https:\/\/tuzlainfo.ba\/#\/schema\/logo\/image\/\",\"url\":\"https:\/\/tuzlainfo.ba\/wp-content\/uploads\/2021\/03\/logo-ver-3-1.png\",\"contentUrl\":\"https:\/\/tuzlainfo.ba\/wp-content\/uploads\/2021\/03\/logo-ver-3-1.png\",\"width\":350,\"height\":95,\"caption\":\"TuzlaInfo.ba\"},\"image\":{\"@id\":\"https:\/\/tuzlainfo.ba\/#\/schema\/logo\/image\/\"},\"sameAs\":[\"https:\/\/www.facebook.com\/tuzlainfo.ba\/\"]},{\"@type\":\"Person\",\"@id\":\"https:\/\/tuzlainfo.ba\/#\/schema\/person\/f434e20dc27ea133923aab08451b7f7f\",\"name\":\"nedim\",\"image\":{\"@type\":\"ImageObject\",\"inLanguage\":\"bs-BA\",\"@id\":\"https:\/\/tuzlainfo.ba\/#\/schema\/person\/image\/\",\"url\":\"https:\/\/tuzlainfo.ba\/wp-content\/litespeed\/avatar\/aabad687af24844af817603ac1cbdc4f.jpg?ver=1777306975\",\"contentUrl\":\"https:\/\/tuzlainfo.ba\/wp-content\/litespeed\/avatar\/aabad687af24844af817603ac1cbdc4f.jpg?ver=1777306975\",\"caption\":\"nedim\"},\"description\":\"Tuzlainfo.ba pratite na dru\u0161tvenim mre\u017eama: Facebook, Instagram i Youtube. Svoje pri\u010de, upite i fotografije \u0161aljite na na\u0161u e-mail adresu.\"}]}<\/script>\n<!-- \/ Yoast SEO plugin. -->","yoast_head_json":{"title":"Nakon \u010cau\u0161evi\u0107evih navoda: Disciplinski tu\u017eilac zaprimio prijavu protiv Olega \u010cavke - TuzlaInfo.ba","robots":{"index":"index","follow":"follow","max-snippet":"max-snippet:-1","max-image-preview":"max-image-preview:large","max-video-preview":"max-video-preview:-1"},"canonical":"https:\/\/tuzlainfo.ba\/index.php\/bosna-i-hercegovina\/item\/138733-nakon-causevicevih-navoda-disciplinski-tuzilac-zaprimio-prijavu-protiv-olega-cavke\/","og_locale":"bs_BA","og_type":"article","og_title":"Nakon \u010cau\u0161evi\u0107evih navoda: Disciplinski tu\u017eilac zaprimio prijavu protiv Olega \u010cavke - TuzlaInfo.ba","og_description":"Ured disciplinskog tu\u017eioca (UDT) zaprimio je pritu\u017ebu na povredu du\u017enosti tu\u017eioca Dr\u017eavnog tu\u017eila\u0161tva Olega \u010cavke&hellip;","og_url":"https:\/\/tuzlainfo.ba\/index.php\/bosna-i-hercegovina\/item\/138733-nakon-causevicevih-navoda-disciplinski-tuzilac-zaprimio-prijavu-protiv-olega-cavke\/","og_site_name":"TuzlaInfo.ba","article_publisher":"https:\/\/www.facebook.com\/tuzlainfo.ba\/","article_published_time":"2021-06-01T16:58:30+00:00","article_modified_time":"2021-06-01T17:01:23+00:00","og_image":[{"width":1000,"height":703,"url":"https:\/\/tuzlainfo.ba\/wp-content\/uploads\/2021\/06\/0106_oleg_cavka.jpg","type":"image\/jpeg"}],"author":"nedim","twitter_card":"summary_large_image","twitter_misc":{"Written by":"nedim","Est. reading time":"2 minute"},"schema":{"@context":"https:\/\/schema.org","@graph":[{"@type":"Article","@id":"https:\/\/tuzlainfo.ba\/index.php\/bosna-i-hercegovina\/item\/138733-nakon-causevicevih-navoda-disciplinski-tuzilac-zaprimio-prijavu-protiv-olega-cavke\/#article","isPartOf":{"@id":"https:\/\/tuzlainfo.ba\/index.php\/bosna-i-hercegovina\/item\/138733-nakon-causevicevih-navoda-disciplinski-tuzilac-zaprimio-prijavu-protiv-olega-cavke\/"},"author":{"name":"nedim","@id":"https:\/\/tuzlainfo.ba\/#\/schema\/person\/f434e20dc27ea133923aab08451b7f7f"},"headline":"Nakon \u010cau\u0161evi\u0107evih navoda: Disciplinski tu\u017eilac zaprimio prijavu protiv Olega \u010cavke","datePublished":"2021-06-01T16:58:30+00:00","dateModified":"2021-06-01T17:01:23+00:00","mainEntityOfPage":{"@id":"https:\/\/tuzlainfo.ba\/index.php\/bosna-i-hercegovina\/item\/138733-nakon-causevicevih-navoda-disciplinski-tuzilac-zaprimio-prijavu-protiv-olega-cavke\/"},"wordCount":483,"commentCount":0,"publisher":{"@id":"https:\/\/tuzlainfo.ba\/#organization"},"image":{"@id":"https:\/\/tuzlainfo.ba\/index.php\/bosna-i-hercegovina\/item\/138733-nakon-causevicevih-navoda-disciplinski-tuzilac-zaprimio-prijavu-protiv-olega-cavke\/#primaryimage"},"thumbnailUrl":"https:\/\/tuzlainfo.ba\/wp-content\/uploads\/2021\/06\/0106_oleg_cavka.jpg","keywords":["kemal \u010dau\u0161evi\u0107","oleg \u010davka"],"articleSection":["Bosna i Hercegovina"],"inLanguage":"bs-BA"},{"@type":"WebPage","@id":"https:\/\/tuzlainfo.ba\/index.php\/bosna-i-hercegovina\/item\/138733-nakon-causevicevih-navoda-disciplinski-tuzilac-zaprimio-prijavu-protiv-olega-cavke\/","url":"https:\/\/tuzlainfo.ba\/index.php\/bosna-i-hercegovina\/item\/138733-nakon-causevicevih-navoda-disciplinski-tuzilac-zaprimio-prijavu-protiv-olega-cavke\/","name":"Nakon \u010cau\u0161evi\u0107evih navoda: Disciplinski tu\u017eilac zaprimio prijavu protiv Olega \u010cavke - TuzlaInfo.ba","isPartOf":{"@id":"https:\/\/tuzlainfo.ba\/#website"},"primaryImageOfPage":{"@id":"https:\/\/tuzlainfo.ba\/index.php\/bosna-i-hercegovina\/item\/138733-nakon-causevicevih-navoda-disciplinski-tuzilac-zaprimio-prijavu-protiv-olega-cavke\/#primaryimage"},"image":{"@id":"https:\/\/tuzlainfo.ba\/index.php\/bosna-i-hercegovina\/item\/138733-nakon-causevicevih-navoda-disciplinski-tuzilac-zaprimio-prijavu-protiv-olega-cavke\/#primaryimage"},"thumbnailUrl":"https:\/\/tuzlainfo.ba\/wp-content\/uploads\/2021\/06\/0106_oleg_cavka.jpg","datePublished":"2021-06-01T16:58:30+00:00","dateModified":"2021-06-01T17:01:23+00:00","breadcrumb":{"@id":"https:\/\/tuzlainfo.ba\/index.php\/bosna-i-hercegovina\/item\/138733-nakon-causevicevih-navoda-disciplinski-tuzilac-zaprimio-prijavu-protiv-olega-cavke\/#breadcrumb"},"inLanguage":"bs-BA","potentialAction":[{"@type":"ReadAction","target":["https:\/\/tuzlainfo.ba\/index.php\/bosna-i-hercegovina\/item\/138733-nakon-causevicevih-navoda-disciplinski-tuzilac-zaprimio-prijavu-protiv-olega-cavke\/"]}]},{"@type":"ImageObject","inLanguage":"bs-BA","@id":"https:\/\/tuzlainfo.ba\/index.php\/bosna-i-hercegovina\/item\/138733-nakon-causevicevih-navoda-disciplinski-tuzilac-zaprimio-prijavu-protiv-olega-cavke\/#primaryimage","url":"https:\/\/tuzlainfo.ba\/wp-content\/uploads\/2021\/06\/0106_oleg_cavka.jpg","contentUrl":"https:\/\/tuzlainfo.ba\/wp-content\/uploads\/2021\/06\/0106_oleg_cavka.jpg","width":1000,"height":703},{"@type":"BreadcrumbList","@id":"https:\/\/tuzlainfo.ba\/index.php\/bosna-i-hercegovina\/item\/138733-nakon-causevicevih-navoda-disciplinski-tuzilac-zaprimio-prijavu-protiv-olega-cavke\/#breadcrumb","itemListElement":[{"@type":"ListItem","position":1,"name":"Home","item":"https:\/\/tuzlainfo.ba\/"},{"@type":"ListItem","position":2,"name":"Nakon \u010cau\u0161evi\u0107evih navoda: Disciplinski tu\u017eilac zaprimio prijavu protiv Olega \u010cavke"}]},{"@type":"WebSite","@id":"https:\/\/tuzlainfo.ba\/#website","url":"https:\/\/tuzlainfo.ba\/","name":"TuzlaInfo.ba","description":"Tuzla info, gradski informator - Tuzla na dlanu","publisher":{"@id":"https:\/\/tuzlainfo.ba\/#organization"},"potentialAction":[{"@type":"SearchAction","target":{"@type":"EntryPoint","urlTemplate":"https:\/\/tuzlainfo.ba\/?s={search_term_string}"},"query-input":{"@type":"PropertyValueSpecification","valueRequired":true,"valueName":"search_term_string"}}],"inLanguage":"bs-BA"},{"@type":"Organization","@id":"https:\/\/tuzlainfo.ba\/#organization","name":"TuzlaInfo.ba","url":"https:\/\/tuzlainfo.ba\/","logo":{"@type":"ImageObject","inLanguage":"bs-BA","@id":"https:\/\/tuzlainfo.ba\/#\/schema\/logo\/image\/","url":"https:\/\/tuzlainfo.ba\/wp-content\/uploads\/2021\/03\/logo-ver-3-1.png","contentUrl":"https:\/\/tuzlainfo.ba\/wp-content\/uploads\/2021\/03\/logo-ver-3-1.png","width":350,"height":95,"caption":"TuzlaInfo.ba"},"image":{"@id":"https:\/\/tuzlainfo.ba\/#\/schema\/logo\/image\/"},"sameAs":["https:\/\/www.facebook.com\/tuzlainfo.ba\/"]},{"@type":"Person","@id":"https:\/\/tuzlainfo.ba\/#\/schema\/person\/f434e20dc27ea133923aab08451b7f7f","name":"nedim","image":{"@type":"ImageObject","inLanguage":"bs-BA","@id":"https:\/\/tuzlainfo.ba\/#\/schema\/person\/image\/","url":"https:\/\/tuzlainfo.ba\/wp-content\/litespeed\/avatar\/aabad687af24844af817603ac1cbdc4f.jpg?ver=1777306975","contentUrl":"https:\/\/tuzlainfo.ba\/wp-content\/litespeed\/avatar\/aabad687af24844af817603ac1cbdc4f.jpg?ver=1777306975","caption":"nedim"},"description":"Tuzlainfo.ba pratite na dru\u0161tvenim mre\u017eama: Facebook, Instagram i Youtube. Svoje pri\u010de, upite i fotografije \u0161aljite na na\u0161u e-mail adresu."}]}},"_links":{"self":[{"href":"https:\/\/tuzlainfo.ba\/index.php\/wp-json\/wp\/v2\/posts\/138733"}],"collection":[{"href":"https:\/\/tuzlainfo.ba\/index.php\/wp-json\/wp\/v2\/posts"}],"about":[{"href":"https:\/\/tuzlainfo.ba\/index.php\/wp-json\/wp\/v2\/types\/post"}],"author":[{"embeddable":true,"href":"https:\/\/tuzlainfo.ba\/index.php\/wp-json\/wp\/v2\/users\/2"}],"replies":[{"embeddable":true,"href":"https:\/\/tuzlainfo.ba\/index.php\/wp-json\/wp\/v2\/comments?post=138733"}],"version-history":[{"count":0,"href":"https:\/\/tuzlainfo.ba\/index.php\/wp-json\/wp\/v2\/posts\/138733\/revisions"}],"wp:featuredmedia":[{"embeddable":true,"href":"https:\/\/tuzlainfo.ba\/index.php\/wp-json\/wp\/v2\/media\/138735"}],"wp:attachment":[{"href":"https:\/\/tuzlainfo.ba\/index.php\/wp-json\/wp\/v2\/media?parent=138733"}],"wp:term":[{"taxonomy":"category","embeddable":true,"href":"https:\/\/tuzlainfo.ba\/index.php\/wp-json\/wp\/v2\/categories?post=138733"},{"taxonomy":"post_tag","embeddable":true,"href":"https:\/\/tuzlainfo.ba\/index.php\/wp-json\/wp\/v2\/tags?post=138733"}],"curies":[{"name":"wp","href":"https:\/\/api.w.org\/{rel}","templated":true}]}}