{"id":138407,"date":"2021-05-27T21:10:32","date_gmt":"2021-05-27T19:10:32","guid":{"rendered":"https:\/\/tuzlainfo.ba\/?p=138407"},"modified":"2021-05-27T21:18:57","modified_gmt":"2021-05-27T19:18:57","slug":"novi-statut-grada-tuzle-kako-ce-se-birati-savjeti-mz-i-ko-se-moze-kandidovati","status":"publish","type":"post","link":"https:\/\/tuzlainfo.ba\/index.php\/novosti\/item\/138407-novi-statut-grada-tuzle-kako-ce-se-birati-savjeti-mz-i-ko-se-moze-kandidovati\/","title":{"rendered":"Novi Statut grada Tuzle: Kako \u0107e se birati Savjeti MZ i ko se mo\u017ee kandidovati?"},"content":{"rendered":"<p>Na sjednici Gradskog vije\u0107a Tuzla usvojen je novi Statut\u00a0 grada Tuzle, koji sadr\u017ei ve\u0107inu ranije\u00a0 predlo\u017eenih amandmana.<\/p>\n<p>Ovim dokumentom je, izme\u0111u ,\u00a0 navedeno da predsjedavaju\u0107a gradskog vije\u0107a\u00a0 ima zamjenike, da \u0107e mjesna zajednica ubudu\u0107e imati svoj pe\u010dat i ra\u010dun, kao i da \u0107e\u00a0 savjet\u00a0 mjesne zajednice\u00a0\u00a0 birati \u00a0gra\u0111ani\u00a0 u mjesnoj zajednici gdje \u017eive, neposrednim i tajnim glasanjem. Promjene su u \u010clanu 96. koji se odnosi na izbore za Savjete mjesne zajednice u kojem se navodi:<\/p>\n<p>Savjete mjesne zajednice biraju gra\u0111ani sa podru\u010dja mjesne zajednice, demokratskim putem, na neposrednim i tajnim izborima.<\/p>\n<p>Svaki bira\u010d koji ima op\u0107e bira\u010dko pravo i nalazi se na centralnom bora\u010dkom spisku u mjesnoj zajednici u kojoj se vr\u0161e izbori, mo\u017ee birati i biti biran u Savjet mjesne zajednice<\/p>\n<p>Mjesto i vrijeme odr\u017eavanja izbora za savjete mjesnih zajednica, organi za sprovo\u0111enje izbora, sredstva potrebna za sprovo\u0111enje izbora, na\u010din utvr\u0111ivanja i progla\u0161avanja rezultata izbora kao i druga pitanja u vezi sa izbornom procedurom za savjete mjesnih zajednica, ure\u0111uju se odlukom Gradskog vije\u0107a.<\/p>\n<p>Statut Grada je na kraju donesen jednoglasno. Svi su izrazili zadovoljstvo pokazanim jedinstvom. Predsjedavaju\u0107a GVT-a izrazila je zadovoljstvo da je Statut donesen ba\u0161 u njenom mandatu, te se osvrnula na ostale ta\u010dke dnevnog reda sjednice.<\/p>\n<p>Vi\u0161e u prilogu RTV7:<\/p>\n<p><iframe title=\"Predsjedavaju\u0107a GVT-a Nata\u0161a Peri\u0107 izrazila je zadovoljstvo da jeStatut donesen ba\u0161 u njenom mandatu\" width=\"1170\" height=\"658\" src=\"https:\/\/www.youtube.com\/embed\/Ey6R1o5_JhU?feature=oembed\" frameborder=\"0\" allow=\"accelerometer; autoplay; clipboard-write; encrypted-media; gyroscope; picture-in-picture\" allowfullscreen><\/iframe><\/p>\n","protected":false},"excerpt":{"rendered":"<p>Na sjednici Gradskog vije\u0107a Tuzla usvojen je novi Statut\u00a0 grada Tuzle, koji sadr\u017ei ve\u0107inu ranije\u00a0&hellip;<\/p>\n","protected":false},"author":2,"featured_media":138408,"comment_status":"open","ping_status":"closed","sticky":false,"template":"","format":"standard","meta":{"_acf_changed":false,"footnotes":""},"categories":[304,12,306],"tags":[858,1248],"acf":[],"yoast_head":"<!-- This site is optimized with the Yoast SEO plugin v23.5 - https:\/\/yoast.com\/wordpress\/plugins\/seo\/ -->\n<title>Novi Statut grada Tuzle: Kako \u0107e se birati Savjeti MZ i ko se mo\u017ee kandidovati? - TuzlaInfo.ba<\/title>\n<meta name=\"robots\" content=\"index, follow, max-snippet:-1, max-image-preview:large, max-video-preview:-1\" \/>\n<link rel=\"canonical\" href=\"https:\/\/tuzlainfo.ba\/index.php\/novosti\/item\/138407-novi-statut-grada-tuzle-kako-ce-se-birati-savjeti-mz-i-ko-se-moze-kandidovati\/\" \/>\n<meta property=\"og:locale\" content=\"bs_BA\" \/>\n<meta property=\"og:type\" content=\"article\" \/>\n<meta property=\"og:title\" content=\"Novi Statut grada Tuzle: Kako \u0107e se birati Savjeti MZ i ko se mo\u017ee kandidovati? - TuzlaInfo.ba\" \/>\n<meta property=\"og:description\" content=\"Na sjednici Gradskog vije\u0107a Tuzla usvojen je novi Statut\u00a0 grada Tuzle, koji sadr\u017ei ve\u0107inu ranije\u00a0&hellip;\" \/>\n<meta property=\"og:url\" content=\"https:\/\/tuzlainfo.ba\/index.php\/novosti\/item\/138407-novi-statut-grada-tuzle-kako-ce-se-birati-savjeti-mz-i-ko-se-moze-kandidovati\/\" \/>\n<meta property=\"og:site_name\" content=\"TuzlaInfo.ba\" \/>\n<meta property=\"article:publisher\" content=\"https:\/\/www.facebook.com\/tuzlainfo.ba\/\" \/>\n<meta property=\"article:published_time\" content=\"2021-05-27T19:10:32+00:00\" \/>\n<meta property=\"article:modified_time\" content=\"2021-05-27T19:18:57+00:00\" \/>\n<meta property=\"og:image\" content=\"https:\/\/tuzlainfo.ba\/wp-content\/uploads\/2021\/05\/2705_natasa_peric_ana_pejic.jpg\" \/>\n\t<meta property=\"og:image:width\" content=\"1200\" \/>\n\t<meta property=\"og:image:height\" content=\"707\" \/>\n\t<meta property=\"og:image:type\" content=\"image\/jpeg\" \/>\n<meta name=\"author\" content=\"nedim\" \/>\n<meta name=\"twitter:card\" content=\"summary_large_image\" \/>\n<meta name=\"twitter:label1\" content=\"Written by\" \/>\n\t<meta name=\"twitter:data1\" content=\"nedim\" \/>\n\t<meta name=\"twitter:label2\" content=\"Est. reading time\" \/>\n\t<meta name=\"twitter:data2\" content=\"1 minuta\" \/>\n<script type=\"application\/ld+json\" class=\"yoast-schema-graph\">{\"@context\":\"https:\/\/schema.org\",\"@graph\":[{\"@type\":\"Article\",\"@id\":\"https:\/\/tuzlainfo.ba\/index.php\/novosti\/item\/138407-novi-statut-grada-tuzle-kako-ce-se-birati-savjeti-mz-i-ko-se-moze-kandidovati\/#article\",\"isPartOf\":{\"@id\":\"https:\/\/tuzlainfo.ba\/index.php\/novosti\/item\/138407-novi-statut-grada-tuzle-kako-ce-se-birati-savjeti-mz-i-ko-se-moze-kandidovati\/\"},\"author\":{\"name\":\"nedim\",\"@id\":\"https:\/\/tuzlainfo.ba\/#\/schema\/person\/f434e20dc27ea133923aab08451b7f7f\"},\"headline\":\"Novi Statut grada Tuzle: Kako \u0107e se birati Savjeti MZ i ko se mo\u017ee kandidovati?\",\"datePublished\":\"2021-05-27T19:10:32+00:00\",\"dateModified\":\"2021-05-27T19:18:57+00:00\",\"mainEntityOfPage\":{\"@id\":\"https:\/\/tuzlainfo.ba\/index.php\/novosti\/item\/138407-novi-statut-grada-tuzle-kako-ce-se-birati-savjeti-mz-i-ko-se-moze-kandidovati\/\"},\"wordCount\":256,\"commentCount\":0,\"publisher\":{\"@id\":\"https:\/\/tuzlainfo.ba\/#organization\"},\"image\":{\"@id\":\"https:\/\/tuzlainfo.ba\/index.php\/novosti\/item\/138407-novi-statut-grada-tuzle-kako-ce-se-birati-savjeti-mz-i-ko-se-moze-kandidovati\/#primaryimage\"},\"thumbnailUrl\":\"https:\/\/tuzlainfo.ba\/wp-content\/uploads\/2021\/05\/2705_natasa_peric_ana_pejic.jpg\",\"keywords\":[\"gradsko vije\u0107e tuzla\",\"statut grada\"],\"articleSection\":[\"Istaknuto\",\"Novosti\",\"Preporu\u010dujemo\"],\"inLanguage\":\"bs-BA\"},{\"@type\":\"WebPage\",\"@id\":\"https:\/\/tuzlainfo.ba\/index.php\/novosti\/item\/138407-novi-statut-grada-tuzle-kako-ce-se-birati-savjeti-mz-i-ko-se-moze-kandidovati\/\",\"url\":\"https:\/\/tuzlainfo.ba\/index.php\/novosti\/item\/138407-novi-statut-grada-tuzle-kako-ce-se-birati-savjeti-mz-i-ko-se-moze-kandidovati\/\",\"name\":\"Novi Statut grada Tuzle: Kako \u0107e se birati Savjeti MZ i ko se mo\u017ee kandidovati? - TuzlaInfo.ba\",\"isPartOf\":{\"@id\":\"https:\/\/tuzlainfo.ba\/#website\"},\"primaryImageOfPage\":{\"@id\":\"https:\/\/tuzlainfo.ba\/index.php\/novosti\/item\/138407-novi-statut-grada-tuzle-kako-ce-se-birati-savjeti-mz-i-ko-se-moze-kandidovati\/#primaryimage\"},\"image\":{\"@id\":\"https:\/\/tuzlainfo.ba\/index.php\/novosti\/item\/138407-novi-statut-grada-tuzle-kako-ce-se-birati-savjeti-mz-i-ko-se-moze-kandidovati\/#primaryimage\"},\"thumbnailUrl\":\"https:\/\/tuzlainfo.ba\/wp-content\/uploads\/2021\/05\/2705_natasa_peric_ana_pejic.jpg\",\"datePublished\":\"2021-05-27T19:10:32+00:00\",\"dateModified\":\"2021-05-27T19:18:57+00:00\",\"breadcrumb\":{\"@id\":\"https:\/\/tuzlainfo.ba\/index.php\/novosti\/item\/138407-novi-statut-grada-tuzle-kako-ce-se-birati-savjeti-mz-i-ko-se-moze-kandidovati\/#breadcrumb\"},\"inLanguage\":\"bs-BA\",\"potentialAction\":[{\"@type\":\"ReadAction\",\"target\":[\"https:\/\/tuzlainfo.ba\/index.php\/novosti\/item\/138407-novi-statut-grada-tuzle-kako-ce-se-birati-savjeti-mz-i-ko-se-moze-kandidovati\/\"]}]},{\"@type\":\"ImageObject\",\"inLanguage\":\"bs-BA\",\"@id\":\"https:\/\/tuzlainfo.ba\/index.php\/novosti\/item\/138407-novi-statut-grada-tuzle-kako-ce-se-birati-savjeti-mz-i-ko-se-moze-kandidovati\/#primaryimage\",\"url\":\"https:\/\/tuzlainfo.ba\/wp-content\/uploads\/2021\/05\/2705_natasa_peric_ana_pejic.jpg\",\"contentUrl\":\"https:\/\/tuzlainfo.ba\/wp-content\/uploads\/2021\/05\/2705_natasa_peric_ana_pejic.jpg\",\"width\":1200,\"height\":707},{\"@type\":\"BreadcrumbList\",\"@id\":\"https:\/\/tuzlainfo.ba\/index.php\/novosti\/item\/138407-novi-statut-grada-tuzle-kako-ce-se-birati-savjeti-mz-i-ko-se-moze-kandidovati\/#breadcrumb\",\"itemListElement\":[{\"@type\":\"ListItem\",\"position\":1,\"name\":\"Home\",\"item\":\"https:\/\/tuzlainfo.ba\/\"},{\"@type\":\"ListItem\",\"position\":2,\"name\":\"Novi Statut grada Tuzle: Kako \u0107e se birati Savjeti MZ i ko se mo\u017ee kandidovati?\"}]},{\"@type\":\"WebSite\",\"@id\":\"https:\/\/tuzlainfo.ba\/#website\",\"url\":\"https:\/\/tuzlainfo.ba\/\",\"name\":\"TuzlaInfo.ba\",\"description\":\"Tuzla info, gradski informator - Tuzla na dlanu\",\"publisher\":{\"@id\":\"https:\/\/tuzlainfo.ba\/#organization\"},\"potentialAction\":[{\"@type\":\"SearchAction\",\"target\":{\"@type\":\"EntryPoint\",\"urlTemplate\":\"https:\/\/tuzlainfo.ba\/?s={search_term_string}\"},\"query-input\":{\"@type\":\"PropertyValueSpecification\",\"valueRequired\":true,\"valueName\":\"search_term_string\"}}],\"inLanguage\":\"bs-BA\"},{\"@type\":\"Organization\",\"@id\":\"https:\/\/tuzlainfo.ba\/#organization\",\"name\":\"TuzlaInfo.ba\",\"url\":\"https:\/\/tuzlainfo.ba\/\",\"logo\":{\"@type\":\"ImageObject\",\"inLanguage\":\"bs-BA\",\"@id\":\"https:\/\/tuzlainfo.ba\/#\/schema\/logo\/image\/\",\"url\":\"https:\/\/tuzlainfo.ba\/wp-content\/uploads\/2021\/03\/logo-ver-3-1.png\",\"contentUrl\":\"https:\/\/tuzlainfo.ba\/wp-content\/uploads\/2021\/03\/logo-ver-3-1.png\",\"width\":350,\"height\":95,\"caption\":\"TuzlaInfo.ba\"},\"image\":{\"@id\":\"https:\/\/tuzlainfo.ba\/#\/schema\/logo\/image\/\"},\"sameAs\":[\"https:\/\/www.facebook.com\/tuzlainfo.ba\/\"]},{\"@type\":\"Person\",\"@id\":\"https:\/\/tuzlainfo.ba\/#\/schema\/person\/f434e20dc27ea133923aab08451b7f7f\",\"name\":\"nedim\",\"image\":{\"@type\":\"ImageObject\",\"inLanguage\":\"bs-BA\",\"@id\":\"https:\/\/tuzlainfo.ba\/#\/schema\/person\/image\/\",\"url\":\"https:\/\/tuzlainfo.ba\/wp-content\/litespeed\/avatar\/aabad687af24844af817603ac1cbdc4f.jpg?ver=1777306975\",\"contentUrl\":\"https:\/\/tuzlainfo.ba\/wp-content\/litespeed\/avatar\/aabad687af24844af817603ac1cbdc4f.jpg?ver=1777306975\",\"caption\":\"nedim\"},\"description\":\"Tuzlainfo.ba pratite na dru\u0161tvenim mre\u017eama: Facebook, Instagram i Youtube. Svoje pri\u010de, upite i fotografije \u0161aljite na na\u0161u e-mail adresu.\"}]}<\/script>\n<!-- \/ Yoast SEO plugin. -->","yoast_head_json":{"title":"Novi Statut grada Tuzle: Kako \u0107e se birati Savjeti MZ i ko se mo\u017ee kandidovati? - TuzlaInfo.ba","robots":{"index":"index","follow":"follow","max-snippet":"max-snippet:-1","max-image-preview":"max-image-preview:large","max-video-preview":"max-video-preview:-1"},"canonical":"https:\/\/tuzlainfo.ba\/index.php\/novosti\/item\/138407-novi-statut-grada-tuzle-kako-ce-se-birati-savjeti-mz-i-ko-se-moze-kandidovati\/","og_locale":"bs_BA","og_type":"article","og_title":"Novi Statut grada Tuzle: Kako \u0107e se birati Savjeti MZ i ko se mo\u017ee kandidovati? - TuzlaInfo.ba","og_description":"Na sjednici Gradskog vije\u0107a Tuzla usvojen je novi Statut\u00a0 grada Tuzle, koji sadr\u017ei ve\u0107inu ranije\u00a0&hellip;","og_url":"https:\/\/tuzlainfo.ba\/index.php\/novosti\/item\/138407-novi-statut-grada-tuzle-kako-ce-se-birati-savjeti-mz-i-ko-se-moze-kandidovati\/","og_site_name":"TuzlaInfo.ba","article_publisher":"https:\/\/www.facebook.com\/tuzlainfo.ba\/","article_published_time":"2021-05-27T19:10:32+00:00","article_modified_time":"2021-05-27T19:18:57+00:00","og_image":[{"width":1200,"height":707,"url":"https:\/\/tuzlainfo.ba\/wp-content\/uploads\/2021\/05\/2705_natasa_peric_ana_pejic.jpg","type":"image\/jpeg"}],"author":"nedim","twitter_card":"summary_large_image","twitter_misc":{"Written by":"nedim","Est. reading time":"1 minuta"},"schema":{"@context":"https:\/\/schema.org","@graph":[{"@type":"Article","@id":"https:\/\/tuzlainfo.ba\/index.php\/novosti\/item\/138407-novi-statut-grada-tuzle-kako-ce-se-birati-savjeti-mz-i-ko-se-moze-kandidovati\/#article","isPartOf":{"@id":"https:\/\/tuzlainfo.ba\/index.php\/novosti\/item\/138407-novi-statut-grada-tuzle-kako-ce-se-birati-savjeti-mz-i-ko-se-moze-kandidovati\/"},"author":{"name":"nedim","@id":"https:\/\/tuzlainfo.ba\/#\/schema\/person\/f434e20dc27ea133923aab08451b7f7f"},"headline":"Novi Statut grada Tuzle: Kako \u0107e se birati Savjeti MZ i ko se mo\u017ee kandidovati?","datePublished":"2021-05-27T19:10:32+00:00","dateModified":"2021-05-27T19:18:57+00:00","mainEntityOfPage":{"@id":"https:\/\/tuzlainfo.ba\/index.php\/novosti\/item\/138407-novi-statut-grada-tuzle-kako-ce-se-birati-savjeti-mz-i-ko-se-moze-kandidovati\/"},"wordCount":256,"commentCount":0,"publisher":{"@id":"https:\/\/tuzlainfo.ba\/#organization"},"image":{"@id":"https:\/\/tuzlainfo.ba\/index.php\/novosti\/item\/138407-novi-statut-grada-tuzle-kako-ce-se-birati-savjeti-mz-i-ko-se-moze-kandidovati\/#primaryimage"},"thumbnailUrl":"https:\/\/tuzlainfo.ba\/wp-content\/uploads\/2021\/05\/2705_natasa_peric_ana_pejic.jpg","keywords":["gradsko vije\u0107e tuzla","statut grada"],"articleSection":["Istaknuto","Novosti","Preporu\u010dujemo"],"inLanguage":"bs-BA"},{"@type":"WebPage","@id":"https:\/\/tuzlainfo.ba\/index.php\/novosti\/item\/138407-novi-statut-grada-tuzle-kako-ce-se-birati-savjeti-mz-i-ko-se-moze-kandidovati\/","url":"https:\/\/tuzlainfo.ba\/index.php\/novosti\/item\/138407-novi-statut-grada-tuzle-kako-ce-se-birati-savjeti-mz-i-ko-se-moze-kandidovati\/","name":"Novi Statut grada Tuzle: Kako \u0107e se birati Savjeti MZ i ko se mo\u017ee kandidovati? - TuzlaInfo.ba","isPartOf":{"@id":"https:\/\/tuzlainfo.ba\/#website"},"primaryImageOfPage":{"@id":"https:\/\/tuzlainfo.ba\/index.php\/novosti\/item\/138407-novi-statut-grada-tuzle-kako-ce-se-birati-savjeti-mz-i-ko-se-moze-kandidovati\/#primaryimage"},"image":{"@id":"https:\/\/tuzlainfo.ba\/index.php\/novosti\/item\/138407-novi-statut-grada-tuzle-kako-ce-se-birati-savjeti-mz-i-ko-se-moze-kandidovati\/#primaryimage"},"thumbnailUrl":"https:\/\/tuzlainfo.ba\/wp-content\/uploads\/2021\/05\/2705_natasa_peric_ana_pejic.jpg","datePublished":"2021-05-27T19:10:32+00:00","dateModified":"2021-05-27T19:18:57+00:00","breadcrumb":{"@id":"https:\/\/tuzlainfo.ba\/index.php\/novosti\/item\/138407-novi-statut-grada-tuzle-kako-ce-se-birati-savjeti-mz-i-ko-se-moze-kandidovati\/#breadcrumb"},"inLanguage":"bs-BA","potentialAction":[{"@type":"ReadAction","target":["https:\/\/tuzlainfo.ba\/index.php\/novosti\/item\/138407-novi-statut-grada-tuzle-kako-ce-se-birati-savjeti-mz-i-ko-se-moze-kandidovati\/"]}]},{"@type":"ImageObject","inLanguage":"bs-BA","@id":"https:\/\/tuzlainfo.ba\/index.php\/novosti\/item\/138407-novi-statut-grada-tuzle-kako-ce-se-birati-savjeti-mz-i-ko-se-moze-kandidovati\/#primaryimage","url":"https:\/\/tuzlainfo.ba\/wp-content\/uploads\/2021\/05\/2705_natasa_peric_ana_pejic.jpg","contentUrl":"https:\/\/tuzlainfo.ba\/wp-content\/uploads\/2021\/05\/2705_natasa_peric_ana_pejic.jpg","width":1200,"height":707},{"@type":"BreadcrumbList","@id":"https:\/\/tuzlainfo.ba\/index.php\/novosti\/item\/138407-novi-statut-grada-tuzle-kako-ce-se-birati-savjeti-mz-i-ko-se-moze-kandidovati\/#breadcrumb","itemListElement":[{"@type":"ListItem","position":1,"name":"Home","item":"https:\/\/tuzlainfo.ba\/"},{"@type":"ListItem","position":2,"name":"Novi Statut grada Tuzle: Kako \u0107e se birati Savjeti MZ i ko se mo\u017ee kandidovati?"}]},{"@type":"WebSite","@id":"https:\/\/tuzlainfo.ba\/#website","url":"https:\/\/tuzlainfo.ba\/","name":"TuzlaInfo.ba","description":"Tuzla info, gradski informator - Tuzla na dlanu","publisher":{"@id":"https:\/\/tuzlainfo.ba\/#organization"},"potentialAction":[{"@type":"SearchAction","target":{"@type":"EntryPoint","urlTemplate":"https:\/\/tuzlainfo.ba\/?s={search_term_string}"},"query-input":{"@type":"PropertyValueSpecification","valueRequired":true,"valueName":"search_term_string"}}],"inLanguage":"bs-BA"},{"@type":"Organization","@id":"https:\/\/tuzlainfo.ba\/#organization","name":"TuzlaInfo.ba","url":"https:\/\/tuzlainfo.ba\/","logo":{"@type":"ImageObject","inLanguage":"bs-BA","@id":"https:\/\/tuzlainfo.ba\/#\/schema\/logo\/image\/","url":"https:\/\/tuzlainfo.ba\/wp-content\/uploads\/2021\/03\/logo-ver-3-1.png","contentUrl":"https:\/\/tuzlainfo.ba\/wp-content\/uploads\/2021\/03\/logo-ver-3-1.png","width":350,"height":95,"caption":"TuzlaInfo.ba"},"image":{"@id":"https:\/\/tuzlainfo.ba\/#\/schema\/logo\/image\/"},"sameAs":["https:\/\/www.facebook.com\/tuzlainfo.ba\/"]},{"@type":"Person","@id":"https:\/\/tuzlainfo.ba\/#\/schema\/person\/f434e20dc27ea133923aab08451b7f7f","name":"nedim","image":{"@type":"ImageObject","inLanguage":"bs-BA","@id":"https:\/\/tuzlainfo.ba\/#\/schema\/person\/image\/","url":"https:\/\/tuzlainfo.ba\/wp-content\/litespeed\/avatar\/aabad687af24844af817603ac1cbdc4f.jpg?ver=1777306975","contentUrl":"https:\/\/tuzlainfo.ba\/wp-content\/litespeed\/avatar\/aabad687af24844af817603ac1cbdc4f.jpg?ver=1777306975","caption":"nedim"},"description":"Tuzlainfo.ba pratite na dru\u0161tvenim mre\u017eama: Facebook, Instagram i Youtube. Svoje pri\u010de, upite i fotografije \u0161aljite na na\u0161u e-mail adresu."}]}},"_links":{"self":[{"href":"https:\/\/tuzlainfo.ba\/index.php\/wp-json\/wp\/v2\/posts\/138407"}],"collection":[{"href":"https:\/\/tuzlainfo.ba\/index.php\/wp-json\/wp\/v2\/posts"}],"about":[{"href":"https:\/\/tuzlainfo.ba\/index.php\/wp-json\/wp\/v2\/types\/post"}],"author":[{"embeddable":true,"href":"https:\/\/tuzlainfo.ba\/index.php\/wp-json\/wp\/v2\/users\/2"}],"replies":[{"embeddable":true,"href":"https:\/\/tuzlainfo.ba\/index.php\/wp-json\/wp\/v2\/comments?post=138407"}],"version-history":[{"count":0,"href":"https:\/\/tuzlainfo.ba\/index.php\/wp-json\/wp\/v2\/posts\/138407\/revisions"}],"wp:featuredmedia":[{"embeddable":true,"href":"https:\/\/tuzlainfo.ba\/index.php\/wp-json\/wp\/v2\/media\/138408"}],"wp:attachment":[{"href":"https:\/\/tuzlainfo.ba\/index.php\/wp-json\/wp\/v2\/media?parent=138407"}],"wp:term":[{"taxonomy":"category","embeddable":true,"href":"https:\/\/tuzlainfo.ba\/index.php\/wp-json\/wp\/v2\/categories?post=138407"},{"taxonomy":"post_tag","embeddable":true,"href":"https:\/\/tuzlainfo.ba\/index.php\/wp-json\/wp\/v2\/tags?post=138407"}],"curies":[{"name":"wp","href":"https:\/\/api.w.org\/{rel}","templated":true}]}}