{"id":138366,"date":"2021-05-27T12:09:38","date_gmt":"2021-05-27T10:09:38","guid":{"rendered":"https:\/\/tuzlainfo.ba\/?p=138366"},"modified":"2021-05-27T12:09:38","modified_gmt":"2021-05-27T10:09:38","slug":"izrecena-presuda-bivsem-direktoru-uio-bih-causevic-osudjen-na-9-godina-ostaje-bez-nekretnina","status":"publish","type":"post","link":"https:\/\/tuzlainfo.ba\/index.php\/bosna-i-hercegovina\/item\/138366-izrecena-presuda-bivsem-direktoru-uio-bih-causevic-osudjen-na-9-godina-ostaje-bez-nekretnina\/","title":{"rendered":"Izre\u010dena presuda biv\u0161em direktoru UIO BiH: \u010cau\u0161evi\u0107 osu\u0111en na 9 godina, ostaje bez nekretnina&#8230;"},"content":{"rendered":"<p>Biv\u0161i direktor Uprave za indirektno oporezivanje BiH progla\u0161en je krivim zbog toga je po\u010dinio krivi\u010dna djela primanje dara i drugih oblika koristi\u00a0i krivi\u010dog djela pranje novca, pa ga je Sud BiH osudio na kaznu zatvora u trajanju od devet godina. Nalo\u017eeno je i oduzimanje njegovih nekretnina koje je stekao izvr\u0161enjem krivi\u010dnog djela, javlja\u00a0<a href=\"https:\/\/www.istraga.ba\/najsretniji-dan-u-zivotu-bivsi-direktor-uio-kemal-causevic-osuden-na-devet-godina-zatvora\/\" target=\"_blank\" rel=\"noopener\">Istraga.ba<\/a>.<\/p>\n<p>\u201cKriv je\u201d, kazala je sutkinja Suda BiH Biljana \u0106ukovi\u0107 nakon \u0161to je pro\u010ditala ime Kemala \u010cau\u0161evi\u0107a \u201csa podacima kao u spisu\u201d, \u010ditaju\u0107i donesenu prvostepenu presudu.<\/p>\n<p>Uvoznik tekstila Anes Sadikovi\u0107 u istom je predmetu osu\u0111en na dvije godine zbog krivi\u010dnog djela davanje dara.<\/p>\n<p>Prema optu\u017enici koju je protiv njih podiglo Tu\u017eila\u0161tvo BiH, nepravomo\u0107no osu\u0111eni \u010cau\u0161evi\u0107 Kemal je, kao direktor UIO, zahtijevao mito da u okviru svoje funkcije izvr\u0161i \u0161to ne bi smio izvr\u0161iti, a optu\u017eeni biznismen Kari\u0107 Sedinet, koji je priznao krivicu, slu\u017ebenoj je osobi u institucijama BiH, Kemalu \u010cau\u0161evi\u0107u, dakle, predavao nov\u010dane iznose optu\u017eenom \u010cau\u0161evi\u0107u za uvoz tekstila po broju uvezenih kamiona u periodu od 2007. godine do februra 2011. godine. \u00a0Tkom tog perioda Kari\u0107 je \u010cau\u0161evi\u0107u predao ukupno \u00a0425.000,00 KM u zamjenu za favoriziranje njegove firme kao uvoznika tekstila. Tokom su\u0111enja Tu\u017eila\u0161tvo BiH je dokazalo,\u00a0da je optu\u017eeni \u010cau\u0161evi\u0107 Kemal novacem za koji je znao da poti\u010de iz krivi\u010dnih djela upotrijebio za kupovinju brojnih nekretnina vrijednih 1.261.760.43 KM.<\/p>\n<p>Sud BiH ga je osudio i zbbog toga \u0161to je posao vr\u0161enje usluga \u0161tampanja poreskih markica na vrijednosnom papiru sa za\u0161titom, dodijelio firmi \u201eGlas Srpski \u2013 Grafika\u201c A.D. Banja Luka \u010dime im je pribavio protivpravnu imovinsku korist u iznosu od 200.000,00 KM.<\/p>\n<p>\u201cOvo mi je najsretniji dan u \u017eivotu\u201d, kazao je Kemal \u010cau\u0161evi\u0107 18. juna 2014. godine dok su ga pripadnici SIPA-e uvodili u jednu od ukupno jedanaest njegovih nekretnina koje je kupio u centru Sarajeva.<\/p>\n<p>Njegovu imovinu Suda BiH blokirao je godinu ranije. U pitanju su, uglavnom, bile nekretnine u zanatskom centru Stakleni grad u epicentru grada.<\/p>\n<p>Centar za istra\u017eiva\u010dko novinarstvo te je godine objavio da je \u010cau\u0161evi\u0107 tokom 2006. i 2007. kupio tri stana u blizini zanatskog centra Stakleni grad u Sarajevu, koje je platio oko 262.000 KM, zatim poslovni prostor (na istoj lokaciji), vrijednosti 76.000 maraka, te jo\u0161 dva poslovna prostora, tako\u0111er u Staklenom gradu \u010dija vrijednost nije procijenjena. Na listi \u010cau\u0161evi\u0107evih nekretnina su i dva stana u Ulici Ferhadija u vrijednosti od oko 221.000 KM. Pored toga, \u010cau\u0161evi\u0107 ima jo\u0161 tri parcele na Poljinama.<\/p>\n<p>No, sjenu na ova predat baca nekoliko \u010dinjenica.Prema naredbi o provo\u0111enju istrage koju su provodili tu\u017eioci Oleg \u010cavka i Dubravko \u010campara \u010dak\u00a036 osoba povezanih sa slu\u010dajem \u00a0Pandora u okviru kojeg je i uhap\u0161en Kemal \u010cau\u0161evi\u0107.<\/p>\n<p>Ovo su imena svih osumnji\u010denih: \u00a0\u010cau\u0161evi\u0107 Kemal,\u00a0Cvjetinovi\u0107 Zdravko,\u00a0Ma\u0161i\u0107 Alija,\u00a0Marinkovi\u0107 Goran,\u00a0Nuhi\u0107 Edin,\u00a0Kadi\u0107 Almir,\u00a0Sadikovi\u0107 Anes,\u00a0\u0110uri\u0107 Radovan,\u00a0Milovanovi\u0107 Nedeljko,\u00a0Jovanovi\u0107 Janko,Niki\u0107 Milanko,\u00a0\u0160kahi\u0107 Avdija,\u00a0Liovi\u0107 Jasna,\u00a0Kragulj Miroslav,\u00a0Milji\u0107 Sveto,\u00a0Vlajni\u0107 Ljubomir,\u00a0Tomi\u0107 Dragan,\u00a0Pavi\u0107 Dejan,\u00a0Hrusti\u0107 Nermin,\u00a0Petrovi\u0107 Aleksandar,\u00a0Jovanovi\u0107 Sa\u0161a, \u00a0Muminovi\u0107 Hajrudin,\u00a0\u0160u\u0161njar Faruk,\u00a0Stoj\u010di\u0107 Danijel,\u00a0Marjanovi\u0107 Bore,\u00a0Kuzmanovi\u0107 Radan,\u00a0Novkovi\u0107 Mi\u0161o, \u00a0Star\u010devi\u0107 Veseljko,\u00a0A\u0111ulovi\u0107 Edvina,\u00a0No\u017eica Dejan,\u00a0Ivi\u0107 Mirko,\u00a0Kova\u010devi\u0107 Josip,\u00a0Cvjetinovi\u0107 Zoran,\u00a0Ivica \u010caji\u0107,\u00a0Miroslav Kraljevi\u0107 i\u00a0Lejla Bilajac.<\/p>\n<p>Od njih 36 na optu\u017enici Tu\u017eila\u0161tva BiH u predmetu na\u0161la su samo tri imena i to Kemal \u010cau\u0161evi\u0107, Anes Sadikovi\u0107 i Sedinet Kari\u0107 koji je, ina\u010de, naknadno hap\u0161en. Drugoosumnji\u010deni Zdravko Cvjetinovi\u0107 (SNSD) bestraga je nestao. On je i danas visoki slu\u017ebenik Uprave za indirektno oporezivanje BiH kojom rukovodi HDZ-ov kadar Miro D\u017eakula.<\/p>\n<p>Druga bitna \u010dinjenica u ovom predmetu je \u010duveni iskaz Kemala \u010cau\u0161evi\u0107a koji je gao dr\u017eavnim tu\u017eiocima nakon hap\u0161enja. Novinska agencija Patria 1. marta 2015. godine\u00a0objavila je\u00a0njegov iskaz.<\/p>\n<p>\u010cau\u0161evi\u0107 je tada priznao istra\u017eiteljima Tu\u017eila\u0161tva BiH da je na insistiranje Dragana \u010covi\u0107a UIO 2009. godine kupila zgradu Sokola u Mostaru, po cijeni od 2 miliona KM, iako je vje\u0161tak procijenio da ta zgrada vrijedi tek oko 900.000 KM. Tu\u017eila\u0161tvo \u00a0BiH, me\u0111utim, ove navode nikada nije provjerilo niti je Dragan \u010covi\u0107 u vezi sa ovim iskazom saslu\u0161an.<\/p>\n","protected":false},"excerpt":{"rendered":"<p>Biv\u0161i direktor Uprave za indirektno oporezivanje BiH progla\u0161en je krivim zbog toga je po\u010dinio krivi\u010dna&hellip;<\/p>\n","protected":false},"author":2,"featured_media":138367,"comment_status":"open","ping_status":"closed","sticky":false,"template":"","format":"standard","meta":{"_acf_changed":false,"footnotes":""},"categories":[291],"tags":[1375,726],"acf":[],"yoast_head":"<!-- This site is optimized with the Yoast SEO plugin v23.5 - https:\/\/yoast.com\/wordpress\/plugins\/seo\/ -->\n<title>Izre\u010dena presuda biv\u0161em direktoru UIO BiH: \u010cau\u0161evi\u0107 osu\u0111en na 9 godina, ostaje bez nekretnina... - TuzlaInfo.ba<\/title>\n<meta name=\"robots\" content=\"index, follow, max-snippet:-1, max-image-preview:large, max-video-preview:-1\" \/>\n<link rel=\"canonical\" href=\"https:\/\/tuzlainfo.ba\/index.php\/bosna-i-hercegovina\/item\/138366-izrecena-presuda-bivsem-direktoru-uio-bih-causevic-osudjen-na-9-godina-ostaje-bez-nekretnina\/\" \/>\n<meta property=\"og:locale\" content=\"bs_BA\" \/>\n<meta property=\"og:type\" content=\"article\" \/>\n<meta property=\"og:title\" content=\"Izre\u010dena presuda biv\u0161em direktoru UIO BiH: \u010cau\u0161evi\u0107 osu\u0111en na 9 godina, ostaje bez nekretnina... - TuzlaInfo.ba\" \/>\n<meta property=\"og:description\" content=\"Biv\u0161i direktor Uprave za indirektno oporezivanje BiH progla\u0161en je krivim zbog toga je po\u010dinio krivi\u010dna&hellip;\" \/>\n<meta property=\"og:url\" content=\"https:\/\/tuzlainfo.ba\/index.php\/bosna-i-hercegovina\/item\/138366-izrecena-presuda-bivsem-direktoru-uio-bih-causevic-osudjen-na-9-godina-ostaje-bez-nekretnina\/\" \/>\n<meta property=\"og:site_name\" content=\"TuzlaInfo.ba\" \/>\n<meta property=\"article:publisher\" content=\"https:\/\/www.facebook.com\/tuzlainfo.ba\/\" \/>\n<meta property=\"article:published_time\" content=\"2021-05-27T10:09:38+00:00\" \/>\n<meta property=\"og:image\" content=\"https:\/\/tuzlainfo.ba\/wp-content\/uploads\/2021\/05\/2705_kemal_causevic.jpg\" \/>\n\t<meta property=\"og:image:width\" content=\"1024\" \/>\n\t<meta property=\"og:image:height\" content=\"644\" \/>\n\t<meta property=\"og:image:type\" content=\"image\/jpeg\" \/>\n<meta name=\"author\" content=\"nedim\" \/>\n<meta name=\"twitter:card\" content=\"summary_large_image\" \/>\n<meta name=\"twitter:label1\" content=\"Written by\" \/>\n\t<meta name=\"twitter:data1\" content=\"nedim\" \/>\n\t<meta name=\"twitter:label2\" content=\"Est. reading time\" \/>\n\t<meta name=\"twitter:data2\" content=\"4 minute\" \/>\n<script type=\"application\/ld+json\" class=\"yoast-schema-graph\">{\"@context\":\"https:\/\/schema.org\",\"@graph\":[{\"@type\":\"Article\",\"@id\":\"https:\/\/tuzlainfo.ba\/index.php\/bosna-i-hercegovina\/item\/138366-izrecena-presuda-bivsem-direktoru-uio-bih-causevic-osudjen-na-9-godina-ostaje-bez-nekretnina\/#article\",\"isPartOf\":{\"@id\":\"https:\/\/tuzlainfo.ba\/index.php\/bosna-i-hercegovina\/item\/138366-izrecena-presuda-bivsem-direktoru-uio-bih-causevic-osudjen-na-9-godina-ostaje-bez-nekretnina\/\"},\"author\":{\"name\":\"nedim\",\"@id\":\"https:\/\/tuzlainfo.ba\/#\/schema\/person\/f434e20dc27ea133923aab08451b7f7f\"},\"headline\":\"Izre\u010dena presuda biv\u0161em direktoru UIO BiH: \u010cau\u0161evi\u0107 osu\u0111en na 9 godina, ostaje bez nekretnina&#8230;\",\"datePublished\":\"2021-05-27T10:09:38+00:00\",\"dateModified\":\"2021-05-27T10:09:38+00:00\",\"mainEntityOfPage\":{\"@id\":\"https:\/\/tuzlainfo.ba\/index.php\/bosna-i-hercegovina\/item\/138366-izrecena-presuda-bivsem-direktoru-uio-bih-causevic-osudjen-na-9-godina-ostaje-bez-nekretnina\/\"},\"wordCount\":734,\"commentCount\":0,\"publisher\":{\"@id\":\"https:\/\/tuzlainfo.ba\/#organization\"},\"image\":{\"@id\":\"https:\/\/tuzlainfo.ba\/index.php\/bosna-i-hercegovina\/item\/138366-izrecena-presuda-bivsem-direktoru-uio-bih-causevic-osudjen-na-9-godina-ostaje-bez-nekretnina\/#primaryimage\"},\"thumbnailUrl\":\"https:\/\/tuzlainfo.ba\/wp-content\/uploads\/2021\/05\/2705_kemal_causevic.jpg\",\"keywords\":[\"kemal \u010dau\u0161evi\u0107\",\"sud bih\"],\"articleSection\":[\"Bosna i Hercegovina\"],\"inLanguage\":\"bs-BA\"},{\"@type\":\"WebPage\",\"@id\":\"https:\/\/tuzlainfo.ba\/index.php\/bosna-i-hercegovina\/item\/138366-izrecena-presuda-bivsem-direktoru-uio-bih-causevic-osudjen-na-9-godina-ostaje-bez-nekretnina\/\",\"url\":\"https:\/\/tuzlainfo.ba\/index.php\/bosna-i-hercegovina\/item\/138366-izrecena-presuda-bivsem-direktoru-uio-bih-causevic-osudjen-na-9-godina-ostaje-bez-nekretnina\/\",\"name\":\"Izre\u010dena presuda biv\u0161em direktoru UIO BiH: \u010cau\u0161evi\u0107 osu\u0111en na 9 godina, ostaje bez nekretnina... - TuzlaInfo.ba\",\"isPartOf\":{\"@id\":\"https:\/\/tuzlainfo.ba\/#website\"},\"primaryImageOfPage\":{\"@id\":\"https:\/\/tuzlainfo.ba\/index.php\/bosna-i-hercegovina\/item\/138366-izrecena-presuda-bivsem-direktoru-uio-bih-causevic-osudjen-na-9-godina-ostaje-bez-nekretnina\/#primaryimage\"},\"image\":{\"@id\":\"https:\/\/tuzlainfo.ba\/index.php\/bosna-i-hercegovina\/item\/138366-izrecena-presuda-bivsem-direktoru-uio-bih-causevic-osudjen-na-9-godina-ostaje-bez-nekretnina\/#primaryimage\"},\"thumbnailUrl\":\"https:\/\/tuzlainfo.ba\/wp-content\/uploads\/2021\/05\/2705_kemal_causevic.jpg\",\"datePublished\":\"2021-05-27T10:09:38+00:00\",\"dateModified\":\"2021-05-27T10:09:38+00:00\",\"breadcrumb\":{\"@id\":\"https:\/\/tuzlainfo.ba\/index.php\/bosna-i-hercegovina\/item\/138366-izrecena-presuda-bivsem-direktoru-uio-bih-causevic-osudjen-na-9-godina-ostaje-bez-nekretnina\/#breadcrumb\"},\"inLanguage\":\"bs-BA\",\"potentialAction\":[{\"@type\":\"ReadAction\",\"target\":[\"https:\/\/tuzlainfo.ba\/index.php\/bosna-i-hercegovina\/item\/138366-izrecena-presuda-bivsem-direktoru-uio-bih-causevic-osudjen-na-9-godina-ostaje-bez-nekretnina\/\"]}]},{\"@type\":\"ImageObject\",\"inLanguage\":\"bs-BA\",\"@id\":\"https:\/\/tuzlainfo.ba\/index.php\/bosna-i-hercegovina\/item\/138366-izrecena-presuda-bivsem-direktoru-uio-bih-causevic-osudjen-na-9-godina-ostaje-bez-nekretnina\/#primaryimage\",\"url\":\"https:\/\/tuzlainfo.ba\/wp-content\/uploads\/2021\/05\/2705_kemal_causevic.jpg\",\"contentUrl\":\"https:\/\/tuzlainfo.ba\/wp-content\/uploads\/2021\/05\/2705_kemal_causevic.jpg\",\"width\":1024,\"height\":644},{\"@type\":\"BreadcrumbList\",\"@id\":\"https:\/\/tuzlainfo.ba\/index.php\/bosna-i-hercegovina\/item\/138366-izrecena-presuda-bivsem-direktoru-uio-bih-causevic-osudjen-na-9-godina-ostaje-bez-nekretnina\/#breadcrumb\",\"itemListElement\":[{\"@type\":\"ListItem\",\"position\":1,\"name\":\"Home\",\"item\":\"https:\/\/tuzlainfo.ba\/\"},{\"@type\":\"ListItem\",\"position\":2,\"name\":\"Izre\u010dena presuda biv\u0161em direktoru UIO BiH: \u010cau\u0161evi\u0107 osu\u0111en na 9 godina, ostaje bez nekretnina&#8230;\"}]},{\"@type\":\"WebSite\",\"@id\":\"https:\/\/tuzlainfo.ba\/#website\",\"url\":\"https:\/\/tuzlainfo.ba\/\",\"name\":\"TuzlaInfo.ba\",\"description\":\"Tuzla info, gradski informator - Tuzla na dlanu\",\"publisher\":{\"@id\":\"https:\/\/tuzlainfo.ba\/#organization\"},\"potentialAction\":[{\"@type\":\"SearchAction\",\"target\":{\"@type\":\"EntryPoint\",\"urlTemplate\":\"https:\/\/tuzlainfo.ba\/?s={search_term_string}\"},\"query-input\":{\"@type\":\"PropertyValueSpecification\",\"valueRequired\":true,\"valueName\":\"search_term_string\"}}],\"inLanguage\":\"bs-BA\"},{\"@type\":\"Organization\",\"@id\":\"https:\/\/tuzlainfo.ba\/#organization\",\"name\":\"TuzlaInfo.ba\",\"url\":\"https:\/\/tuzlainfo.ba\/\",\"logo\":{\"@type\":\"ImageObject\",\"inLanguage\":\"bs-BA\",\"@id\":\"https:\/\/tuzlainfo.ba\/#\/schema\/logo\/image\/\",\"url\":\"https:\/\/tuzlainfo.ba\/wp-content\/uploads\/2021\/03\/logo-ver-3-1.png\",\"contentUrl\":\"https:\/\/tuzlainfo.ba\/wp-content\/uploads\/2021\/03\/logo-ver-3-1.png\",\"width\":350,\"height\":95,\"caption\":\"TuzlaInfo.ba\"},\"image\":{\"@id\":\"https:\/\/tuzlainfo.ba\/#\/schema\/logo\/image\/\"},\"sameAs\":[\"https:\/\/www.facebook.com\/tuzlainfo.ba\/\"]},{\"@type\":\"Person\",\"@id\":\"https:\/\/tuzlainfo.ba\/#\/schema\/person\/f434e20dc27ea133923aab08451b7f7f\",\"name\":\"nedim\",\"image\":{\"@type\":\"ImageObject\",\"inLanguage\":\"bs-BA\",\"@id\":\"https:\/\/tuzlainfo.ba\/#\/schema\/person\/image\/\",\"url\":\"https:\/\/tuzlainfo.ba\/wp-content\/litespeed\/avatar\/aabad687af24844af817603ac1cbdc4f.jpg?ver=1777306975\",\"contentUrl\":\"https:\/\/tuzlainfo.ba\/wp-content\/litespeed\/avatar\/aabad687af24844af817603ac1cbdc4f.jpg?ver=1777306975\",\"caption\":\"nedim\"},\"description\":\"Tuzlainfo.ba pratite na dru\u0161tvenim mre\u017eama: Facebook, Instagram i Youtube. Svoje pri\u010de, upite i fotografije \u0161aljite na na\u0161u e-mail adresu.\"}]}<\/script>\n<!-- \/ Yoast SEO plugin. -->","yoast_head_json":{"title":"Izre\u010dena presuda biv\u0161em direktoru UIO BiH: \u010cau\u0161evi\u0107 osu\u0111en na 9 godina, ostaje bez nekretnina... - TuzlaInfo.ba","robots":{"index":"index","follow":"follow","max-snippet":"max-snippet:-1","max-image-preview":"max-image-preview:large","max-video-preview":"max-video-preview:-1"},"canonical":"https:\/\/tuzlainfo.ba\/index.php\/bosna-i-hercegovina\/item\/138366-izrecena-presuda-bivsem-direktoru-uio-bih-causevic-osudjen-na-9-godina-ostaje-bez-nekretnina\/","og_locale":"bs_BA","og_type":"article","og_title":"Izre\u010dena presuda biv\u0161em direktoru UIO BiH: \u010cau\u0161evi\u0107 osu\u0111en na 9 godina, ostaje bez nekretnina... - TuzlaInfo.ba","og_description":"Biv\u0161i direktor Uprave za indirektno oporezivanje BiH progla\u0161en je krivim zbog toga je po\u010dinio krivi\u010dna&hellip;","og_url":"https:\/\/tuzlainfo.ba\/index.php\/bosna-i-hercegovina\/item\/138366-izrecena-presuda-bivsem-direktoru-uio-bih-causevic-osudjen-na-9-godina-ostaje-bez-nekretnina\/","og_site_name":"TuzlaInfo.ba","article_publisher":"https:\/\/www.facebook.com\/tuzlainfo.ba\/","article_published_time":"2021-05-27T10:09:38+00:00","og_image":[{"width":1024,"height":644,"url":"https:\/\/tuzlainfo.ba\/wp-content\/uploads\/2021\/05\/2705_kemal_causevic.jpg","type":"image\/jpeg"}],"author":"nedim","twitter_card":"summary_large_image","twitter_misc":{"Written by":"nedim","Est. reading time":"4 minute"},"schema":{"@context":"https:\/\/schema.org","@graph":[{"@type":"Article","@id":"https:\/\/tuzlainfo.ba\/index.php\/bosna-i-hercegovina\/item\/138366-izrecena-presuda-bivsem-direktoru-uio-bih-causevic-osudjen-na-9-godina-ostaje-bez-nekretnina\/#article","isPartOf":{"@id":"https:\/\/tuzlainfo.ba\/index.php\/bosna-i-hercegovina\/item\/138366-izrecena-presuda-bivsem-direktoru-uio-bih-causevic-osudjen-na-9-godina-ostaje-bez-nekretnina\/"},"author":{"name":"nedim","@id":"https:\/\/tuzlainfo.ba\/#\/schema\/person\/f434e20dc27ea133923aab08451b7f7f"},"headline":"Izre\u010dena presuda biv\u0161em direktoru UIO BiH: \u010cau\u0161evi\u0107 osu\u0111en na 9 godina, ostaje bez nekretnina&#8230;","datePublished":"2021-05-27T10:09:38+00:00","dateModified":"2021-05-27T10:09:38+00:00","mainEntityOfPage":{"@id":"https:\/\/tuzlainfo.ba\/index.php\/bosna-i-hercegovina\/item\/138366-izrecena-presuda-bivsem-direktoru-uio-bih-causevic-osudjen-na-9-godina-ostaje-bez-nekretnina\/"},"wordCount":734,"commentCount":0,"publisher":{"@id":"https:\/\/tuzlainfo.ba\/#organization"},"image":{"@id":"https:\/\/tuzlainfo.ba\/index.php\/bosna-i-hercegovina\/item\/138366-izrecena-presuda-bivsem-direktoru-uio-bih-causevic-osudjen-na-9-godina-ostaje-bez-nekretnina\/#primaryimage"},"thumbnailUrl":"https:\/\/tuzlainfo.ba\/wp-content\/uploads\/2021\/05\/2705_kemal_causevic.jpg","keywords":["kemal \u010dau\u0161evi\u0107","sud bih"],"articleSection":["Bosna i Hercegovina"],"inLanguage":"bs-BA"},{"@type":"WebPage","@id":"https:\/\/tuzlainfo.ba\/index.php\/bosna-i-hercegovina\/item\/138366-izrecena-presuda-bivsem-direktoru-uio-bih-causevic-osudjen-na-9-godina-ostaje-bez-nekretnina\/","url":"https:\/\/tuzlainfo.ba\/index.php\/bosna-i-hercegovina\/item\/138366-izrecena-presuda-bivsem-direktoru-uio-bih-causevic-osudjen-na-9-godina-ostaje-bez-nekretnina\/","name":"Izre\u010dena presuda biv\u0161em direktoru UIO BiH: \u010cau\u0161evi\u0107 osu\u0111en na 9 godina, ostaje bez nekretnina... - TuzlaInfo.ba","isPartOf":{"@id":"https:\/\/tuzlainfo.ba\/#website"},"primaryImageOfPage":{"@id":"https:\/\/tuzlainfo.ba\/index.php\/bosna-i-hercegovina\/item\/138366-izrecena-presuda-bivsem-direktoru-uio-bih-causevic-osudjen-na-9-godina-ostaje-bez-nekretnina\/#primaryimage"},"image":{"@id":"https:\/\/tuzlainfo.ba\/index.php\/bosna-i-hercegovina\/item\/138366-izrecena-presuda-bivsem-direktoru-uio-bih-causevic-osudjen-na-9-godina-ostaje-bez-nekretnina\/#primaryimage"},"thumbnailUrl":"https:\/\/tuzlainfo.ba\/wp-content\/uploads\/2021\/05\/2705_kemal_causevic.jpg","datePublished":"2021-05-27T10:09:38+00:00","dateModified":"2021-05-27T10:09:38+00:00","breadcrumb":{"@id":"https:\/\/tuzlainfo.ba\/index.php\/bosna-i-hercegovina\/item\/138366-izrecena-presuda-bivsem-direktoru-uio-bih-causevic-osudjen-na-9-godina-ostaje-bez-nekretnina\/#breadcrumb"},"inLanguage":"bs-BA","potentialAction":[{"@type":"ReadAction","target":["https:\/\/tuzlainfo.ba\/index.php\/bosna-i-hercegovina\/item\/138366-izrecena-presuda-bivsem-direktoru-uio-bih-causevic-osudjen-na-9-godina-ostaje-bez-nekretnina\/"]}]},{"@type":"ImageObject","inLanguage":"bs-BA","@id":"https:\/\/tuzlainfo.ba\/index.php\/bosna-i-hercegovina\/item\/138366-izrecena-presuda-bivsem-direktoru-uio-bih-causevic-osudjen-na-9-godina-ostaje-bez-nekretnina\/#primaryimage","url":"https:\/\/tuzlainfo.ba\/wp-content\/uploads\/2021\/05\/2705_kemal_causevic.jpg","contentUrl":"https:\/\/tuzlainfo.ba\/wp-content\/uploads\/2021\/05\/2705_kemal_causevic.jpg","width":1024,"height":644},{"@type":"BreadcrumbList","@id":"https:\/\/tuzlainfo.ba\/index.php\/bosna-i-hercegovina\/item\/138366-izrecena-presuda-bivsem-direktoru-uio-bih-causevic-osudjen-na-9-godina-ostaje-bez-nekretnina\/#breadcrumb","itemListElement":[{"@type":"ListItem","position":1,"name":"Home","item":"https:\/\/tuzlainfo.ba\/"},{"@type":"ListItem","position":2,"name":"Izre\u010dena presuda biv\u0161em direktoru UIO BiH: \u010cau\u0161evi\u0107 osu\u0111en na 9 godina, ostaje bez nekretnina&#8230;"}]},{"@type":"WebSite","@id":"https:\/\/tuzlainfo.ba\/#website","url":"https:\/\/tuzlainfo.ba\/","name":"TuzlaInfo.ba","description":"Tuzla info, gradski informator - Tuzla na dlanu","publisher":{"@id":"https:\/\/tuzlainfo.ba\/#organization"},"potentialAction":[{"@type":"SearchAction","target":{"@type":"EntryPoint","urlTemplate":"https:\/\/tuzlainfo.ba\/?s={search_term_string}"},"query-input":{"@type":"PropertyValueSpecification","valueRequired":true,"valueName":"search_term_string"}}],"inLanguage":"bs-BA"},{"@type":"Organization","@id":"https:\/\/tuzlainfo.ba\/#organization","name":"TuzlaInfo.ba","url":"https:\/\/tuzlainfo.ba\/","logo":{"@type":"ImageObject","inLanguage":"bs-BA","@id":"https:\/\/tuzlainfo.ba\/#\/schema\/logo\/image\/","url":"https:\/\/tuzlainfo.ba\/wp-content\/uploads\/2021\/03\/logo-ver-3-1.png","contentUrl":"https:\/\/tuzlainfo.ba\/wp-content\/uploads\/2021\/03\/logo-ver-3-1.png","width":350,"height":95,"caption":"TuzlaInfo.ba"},"image":{"@id":"https:\/\/tuzlainfo.ba\/#\/schema\/logo\/image\/"},"sameAs":["https:\/\/www.facebook.com\/tuzlainfo.ba\/"]},{"@type":"Person","@id":"https:\/\/tuzlainfo.ba\/#\/schema\/person\/f434e20dc27ea133923aab08451b7f7f","name":"nedim","image":{"@type":"ImageObject","inLanguage":"bs-BA","@id":"https:\/\/tuzlainfo.ba\/#\/schema\/person\/image\/","url":"https:\/\/tuzlainfo.ba\/wp-content\/litespeed\/avatar\/aabad687af24844af817603ac1cbdc4f.jpg?ver=1777306975","contentUrl":"https:\/\/tuzlainfo.ba\/wp-content\/litespeed\/avatar\/aabad687af24844af817603ac1cbdc4f.jpg?ver=1777306975","caption":"nedim"},"description":"Tuzlainfo.ba pratite na dru\u0161tvenim mre\u017eama: Facebook, Instagram i Youtube. Svoje pri\u010de, upite i fotografije \u0161aljite na na\u0161u e-mail adresu."}]}},"_links":{"self":[{"href":"https:\/\/tuzlainfo.ba\/index.php\/wp-json\/wp\/v2\/posts\/138366"}],"collection":[{"href":"https:\/\/tuzlainfo.ba\/index.php\/wp-json\/wp\/v2\/posts"}],"about":[{"href":"https:\/\/tuzlainfo.ba\/index.php\/wp-json\/wp\/v2\/types\/post"}],"author":[{"embeddable":true,"href":"https:\/\/tuzlainfo.ba\/index.php\/wp-json\/wp\/v2\/users\/2"}],"replies":[{"embeddable":true,"href":"https:\/\/tuzlainfo.ba\/index.php\/wp-json\/wp\/v2\/comments?post=138366"}],"version-history":[{"count":0,"href":"https:\/\/tuzlainfo.ba\/index.php\/wp-json\/wp\/v2\/posts\/138366\/revisions"}],"wp:featuredmedia":[{"embeddable":true,"href":"https:\/\/tuzlainfo.ba\/index.php\/wp-json\/wp\/v2\/media\/138367"}],"wp:attachment":[{"href":"https:\/\/tuzlainfo.ba\/index.php\/wp-json\/wp\/v2\/media?parent=138366"}],"wp:term":[{"taxonomy":"category","embeddable":true,"href":"https:\/\/tuzlainfo.ba\/index.php\/wp-json\/wp\/v2\/categories?post=138366"},{"taxonomy":"post_tag","embeddable":true,"href":"https:\/\/tuzlainfo.ba\/index.php\/wp-json\/wp\/v2\/tags?post=138366"}],"curies":[{"name":"wp","href":"https:\/\/api.w.org\/{rel}","templated":true}]}}