{"id":138128,"date":"2021-05-24T08:41:32","date_gmt":"2021-05-24T06:41:32","guid":{"rendered":"https:\/\/tuzlainfo.ba\/?p=138128"},"modified":"2021-05-24T08:42:25","modified_gmt":"2021-05-24T06:42:25","slug":"go-hdz-bih-tuzla-o-nezakonitim-imenovanjima-organa-mz-a-upoznao-i-osce","status":"publish","type":"post","link":"https:\/\/tuzlainfo.ba\/index.php\/novosti\/item\/138128-go-hdz-bih-tuzla-o-nezakonitim-imenovanjima-organa-mz-a-upoznao-i-osce\/","title":{"rendered":"GO HDZ BiH Tuzla o nezakonitim imenovanjima organa MZ-a upoznao i OSCE"},"content":{"rendered":"<p>Izaslanstvo GO HDZ BiH Tuzla na \u010delu s predsjednikom Nikicom Vidovi\u0107em susrelo se sa \u0160efom ureda OSCE-a u Tuzli Damirom Gnjidi\u0107em i njegovom suradnicom Dragicom Karad\u017ein kako bi ih informirali o posljednjim doga\u0111anjima u Gradskom vije\u0107u Tuzla.<\/p>\n<p>Naime, predstavnicima OSCE-a predstavljen je problem imenovanja organa i uop\u0107e vrlo niske razine i zanemarivanja uloge Mjesne zajednice u Tuzli. Ve\u0107 tre\u0107i put u Tuzli\u00a0 se doga\u0111a problem s imenovanjima organa u mjesnim zajednicama, jer se donose nezakonite odluke bez ikakvih jasnih uredbi koje reguliraju ovu oblast. Jedini mehanizam koji se primjenjuje je snaga ruku kojeg vladaju\u0107e stranke koriste.<\/p>\n<p>\u201e\u017dalosno je da smo od Tuzle i Gradskog vije\u0107a napravili sredinu u kojoj se ne po\u0161tuju zakoni\u201c. Mjesna samouprava i njezini organi su temelj svake lokalne zajednice kako u ostalim sredinama u BiH, a posebice je to va\u017ean oblik razvijanja i funkcioniranja u Europskoj uniji.<\/p>\n<p>Te\u0161ko je i pojasniti koliki je stupanj srozavanja uloge mjesne zajednice i njezinih organa u Tuzli samo iz razloga jer se \u017eeli ostvariti potpuna kontrola. Na sceni danas imamo klasi\u010dnu trgovinu pozicijama \u010dlanova Savjeta MZ. Primjer \u201eotimanja\u201c ili \u201ezauzimanja\u201c mjesta se vidi primjerice kroz MZ Kiseljak. U toj Mjesnoj zajednici je SBB dobio tre\u0107eg zastupnika u Savjetu tako \u0161to je oteto mjesto HDZ BiH. Sli\u010dan primjer je i u MZ Dobrinja, jer se povjerenje kojeg su stanovnici \u010cani\u0107a dali HDZ BiH jednostavno poni\u0161teno i Socijademokrati su sebi prisvojili \u010dlana Savjeta.<\/p>\n<p>Na takav na\u010din su pored klasi\u010dnog otimanja ostavili jedno od naseljenih mjesta bez predstavnika u Mjesnoj zajednici. U Srednjoj Lipnici je Stranka za BiH, iako je imala samo \u010detiri glasa, dobila \u010dlana Savjeta dok je za HDZ BiH koji ima sedamnaest puta vi\u0161e glasova od SBiH predvi\u0111ene dvije pozicije. Dakle vlast \u017eeli poru\u010diti da jedan glas za SDP, SBB, TA, Na\u0161u stranku, SBiH, PZP, SDA, PDA vrijedi kao sedamnaest glasova onih bira\u010da koji glasuju za HDZ BiH!!! To je nedopustivo i \u017ealosno \u0161ta se u Tuzli doga\u0111a\u201c, istaknuo je predsjednik Vidovi\u0107.<\/p>\n<p>Upravo zbog te \u010dinjenice stanovnici koji su trebali biti imenovani su najavili prosvjede za \u010detvrtak u vrijeme odr\u017eavanja sjednice Gradskog vije\u0107a. Stanovnici \u017eele sna\u017eniju ulogu Mjesne zajednice u okviru funkcioniranja gradske uprave kao i da se po\u0161tiva njihova volja.<\/p>\n<p>\u010clanica Statutarnog povjerenstva Jasminka Mijatovi\u0107 je izvjestila o zakonskim propustima i daljnjoj pravnoj borbi koja se nastavlja sve dok grad Tuzla ne postane demokratskija nego \u0161to je sada.<\/p>\n<p>\u201eU najavi je usvajanja Statuta Grada Tuzla, Statuta na kojem HDZ BIH inzistira godinama. Zbog toga je potrebno poni\u0161titi prethodna imenovanja koja su nezakonita, donijeti privremenu odluku o na\u010dinu funkcioniranja Mjesne zajednice jer nije mogu\u0107e da neka od stranaka ima svoje \u010dlanove Savjeta MZ, a druge ne\u201c, istaknula je Mijatovi\u0107.<\/p>\n<p>GO HDZ BiH Tuzla \u0107e u narednom razdoblju nastaviti upoznavati, i najvi\u0161e nositelje vlasti u Republici Hrvatskoj kao i me\u0111unarodne predstavnike OHR-a, Veleponastva: Hrvatske, Njema\u010dke,\u00a0 SAD-a, Francuske, Italije, Austrije pa i\u00a0 Brisel sa situacijom u Tuzli, budu\u0107i da ne postoji mogu\u0107nost razumnog dijaloga unutar gradskih institucija &#8211; saop\u0161teno je iz GO HDZ BiH Tuzla.<\/p>\n","protected":false},"excerpt":{"rendered":"<p>Izaslanstvo GO HDZ BiH Tuzla na \u010delu s predsjednikom Nikicom Vidovi\u0107em susrelo se sa \u0160efom&hellip;<\/p>\n","protected":false},"author":2,"featured_media":138129,"comment_status":"open","ping_status":"closed","sticky":false,"template":"","format":"standard","meta":{"_acf_changed":false,"footnotes":""},"categories":[12],"tags":[1329,1137,1248],"acf":[],"yoast_head":"<!-- This site is optimized with the Yoast SEO plugin v23.5 - https:\/\/yoast.com\/wordpress\/plugins\/seo\/ -->\n<title>GO HDZ BiH Tuzla o nezakonitim imenovanjima organa MZ-a upoznao i OSCE - TuzlaInfo.ba<\/title>\n<meta name=\"robots\" content=\"index, follow, max-snippet:-1, max-image-preview:large, max-video-preview:-1\" \/>\n<link rel=\"canonical\" href=\"https:\/\/tuzlainfo.ba\/index.php\/novosti\/item\/138128-go-hdz-bih-tuzla-o-nezakonitim-imenovanjima-organa-mz-a-upoznao-i-osce\/\" \/>\n<meta property=\"og:locale\" content=\"bs_BA\" \/>\n<meta property=\"og:type\" content=\"article\" \/>\n<meta property=\"og:title\" content=\"GO HDZ BiH Tuzla o nezakonitim imenovanjima organa MZ-a upoznao i OSCE - TuzlaInfo.ba\" \/>\n<meta property=\"og:description\" content=\"Izaslanstvo GO HDZ BiH Tuzla na \u010delu s predsjednikom Nikicom Vidovi\u0107em susrelo se sa \u0160efom&hellip;\" \/>\n<meta property=\"og:url\" content=\"https:\/\/tuzlainfo.ba\/index.php\/novosti\/item\/138128-go-hdz-bih-tuzla-o-nezakonitim-imenovanjima-organa-mz-a-upoznao-i-osce\/\" \/>\n<meta property=\"og:site_name\" content=\"TuzlaInfo.ba\" \/>\n<meta property=\"article:publisher\" content=\"https:\/\/www.facebook.com\/tuzlainfo.ba\/\" \/>\n<meta property=\"article:published_time\" content=\"2021-05-24T06:41:32+00:00\" \/>\n<meta property=\"article:modified_time\" content=\"2021-05-24T06:42:25+00:00\" \/>\n<meta property=\"og:image\" content=\"https:\/\/tuzlainfo.ba\/wp-content\/uploads\/2021\/05\/2405_hdz_osce.jpg\" \/>\n\t<meta property=\"og:image:width\" content=\"783\" \/>\n\t<meta property=\"og:image:height\" content=\"506\" \/>\n\t<meta property=\"og:image:type\" content=\"image\/jpeg\" \/>\n<meta name=\"author\" content=\"nedim\" \/>\n<meta name=\"twitter:card\" content=\"summary_large_image\" \/>\n<meta name=\"twitter:label1\" content=\"Written by\" \/>\n\t<meta name=\"twitter:data1\" content=\"nedim\" \/>\n\t<meta name=\"twitter:label2\" content=\"Est. reading time\" \/>\n\t<meta name=\"twitter:data2\" content=\"3 minute\" \/>\n<script type=\"application\/ld+json\" class=\"yoast-schema-graph\">{\"@context\":\"https:\/\/schema.org\",\"@graph\":[{\"@type\":\"Article\",\"@id\":\"https:\/\/tuzlainfo.ba\/index.php\/novosti\/item\/138128-go-hdz-bih-tuzla-o-nezakonitim-imenovanjima-organa-mz-a-upoznao-i-osce\/#article\",\"isPartOf\":{\"@id\":\"https:\/\/tuzlainfo.ba\/index.php\/novosti\/item\/138128-go-hdz-bih-tuzla-o-nezakonitim-imenovanjima-organa-mz-a-upoznao-i-osce\/\"},\"author\":{\"name\":\"nedim\",\"@id\":\"https:\/\/tuzlainfo.ba\/#\/schema\/person\/f434e20dc27ea133923aab08451b7f7f\"},\"headline\":\"GO HDZ BiH Tuzla o nezakonitim imenovanjima organa MZ-a upoznao i OSCE\",\"datePublished\":\"2021-05-24T06:41:32+00:00\",\"dateModified\":\"2021-05-24T06:42:25+00:00\",\"mainEntityOfPage\":{\"@id\":\"https:\/\/tuzlainfo.ba\/index.php\/novosti\/item\/138128-go-hdz-bih-tuzla-o-nezakonitim-imenovanjima-organa-mz-a-upoznao-i-osce\/\"},\"wordCount\":544,\"commentCount\":0,\"publisher\":{\"@id\":\"https:\/\/tuzlainfo.ba\/#organization\"},\"image\":{\"@id\":\"https:\/\/tuzlainfo.ba\/index.php\/novosti\/item\/138128-go-hdz-bih-tuzla-o-nezakonitim-imenovanjima-organa-mz-a-upoznao-i-osce\/#primaryimage\"},\"thumbnailUrl\":\"https:\/\/tuzlainfo.ba\/wp-content\/uploads\/2021\/05\/2405_hdz_osce.jpg\",\"keywords\":[\"hdz tuzla\",\"osce\",\"statut grada\"],\"articleSection\":[\"Novosti\"],\"inLanguage\":\"bs-BA\"},{\"@type\":\"WebPage\",\"@id\":\"https:\/\/tuzlainfo.ba\/index.php\/novosti\/item\/138128-go-hdz-bih-tuzla-o-nezakonitim-imenovanjima-organa-mz-a-upoznao-i-osce\/\",\"url\":\"https:\/\/tuzlainfo.ba\/index.php\/novosti\/item\/138128-go-hdz-bih-tuzla-o-nezakonitim-imenovanjima-organa-mz-a-upoznao-i-osce\/\",\"name\":\"GO HDZ BiH Tuzla o nezakonitim imenovanjima organa MZ-a upoznao i OSCE - TuzlaInfo.ba\",\"isPartOf\":{\"@id\":\"https:\/\/tuzlainfo.ba\/#website\"},\"primaryImageOfPage\":{\"@id\":\"https:\/\/tuzlainfo.ba\/index.php\/novosti\/item\/138128-go-hdz-bih-tuzla-o-nezakonitim-imenovanjima-organa-mz-a-upoznao-i-osce\/#primaryimage\"},\"image\":{\"@id\":\"https:\/\/tuzlainfo.ba\/index.php\/novosti\/item\/138128-go-hdz-bih-tuzla-o-nezakonitim-imenovanjima-organa-mz-a-upoznao-i-osce\/#primaryimage\"},\"thumbnailUrl\":\"https:\/\/tuzlainfo.ba\/wp-content\/uploads\/2021\/05\/2405_hdz_osce.jpg\",\"datePublished\":\"2021-05-24T06:41:32+00:00\",\"dateModified\":\"2021-05-24T06:42:25+00:00\",\"breadcrumb\":{\"@id\":\"https:\/\/tuzlainfo.ba\/index.php\/novosti\/item\/138128-go-hdz-bih-tuzla-o-nezakonitim-imenovanjima-organa-mz-a-upoznao-i-osce\/#breadcrumb\"},\"inLanguage\":\"bs-BA\",\"potentialAction\":[{\"@type\":\"ReadAction\",\"target\":[\"https:\/\/tuzlainfo.ba\/index.php\/novosti\/item\/138128-go-hdz-bih-tuzla-o-nezakonitim-imenovanjima-organa-mz-a-upoznao-i-osce\/\"]}]},{\"@type\":\"ImageObject\",\"inLanguage\":\"bs-BA\",\"@id\":\"https:\/\/tuzlainfo.ba\/index.php\/novosti\/item\/138128-go-hdz-bih-tuzla-o-nezakonitim-imenovanjima-organa-mz-a-upoznao-i-osce\/#primaryimage\",\"url\":\"https:\/\/tuzlainfo.ba\/wp-content\/uploads\/2021\/05\/2405_hdz_osce.jpg\",\"contentUrl\":\"https:\/\/tuzlainfo.ba\/wp-content\/uploads\/2021\/05\/2405_hdz_osce.jpg\",\"width\":783,\"height\":506},{\"@type\":\"BreadcrumbList\",\"@id\":\"https:\/\/tuzlainfo.ba\/index.php\/novosti\/item\/138128-go-hdz-bih-tuzla-o-nezakonitim-imenovanjima-organa-mz-a-upoznao-i-osce\/#breadcrumb\",\"itemListElement\":[{\"@type\":\"ListItem\",\"position\":1,\"name\":\"Home\",\"item\":\"https:\/\/tuzlainfo.ba\/\"},{\"@type\":\"ListItem\",\"position\":2,\"name\":\"GO HDZ BiH Tuzla o nezakonitim imenovanjima organa MZ-a upoznao i OSCE\"}]},{\"@type\":\"WebSite\",\"@id\":\"https:\/\/tuzlainfo.ba\/#website\",\"url\":\"https:\/\/tuzlainfo.ba\/\",\"name\":\"TuzlaInfo.ba\",\"description\":\"Tuzla info, gradski informator - Tuzla na dlanu\",\"publisher\":{\"@id\":\"https:\/\/tuzlainfo.ba\/#organization\"},\"potentialAction\":[{\"@type\":\"SearchAction\",\"target\":{\"@type\":\"EntryPoint\",\"urlTemplate\":\"https:\/\/tuzlainfo.ba\/?s={search_term_string}\"},\"query-input\":{\"@type\":\"PropertyValueSpecification\",\"valueRequired\":true,\"valueName\":\"search_term_string\"}}],\"inLanguage\":\"bs-BA\"},{\"@type\":\"Organization\",\"@id\":\"https:\/\/tuzlainfo.ba\/#organization\",\"name\":\"TuzlaInfo.ba\",\"url\":\"https:\/\/tuzlainfo.ba\/\",\"logo\":{\"@type\":\"ImageObject\",\"inLanguage\":\"bs-BA\",\"@id\":\"https:\/\/tuzlainfo.ba\/#\/schema\/logo\/image\/\",\"url\":\"https:\/\/tuzlainfo.ba\/wp-content\/uploads\/2021\/03\/logo-ver-3-1.png\",\"contentUrl\":\"https:\/\/tuzlainfo.ba\/wp-content\/uploads\/2021\/03\/logo-ver-3-1.png\",\"width\":350,\"height\":95,\"caption\":\"TuzlaInfo.ba\"},\"image\":{\"@id\":\"https:\/\/tuzlainfo.ba\/#\/schema\/logo\/image\/\"},\"sameAs\":[\"https:\/\/www.facebook.com\/tuzlainfo.ba\/\"]},{\"@type\":\"Person\",\"@id\":\"https:\/\/tuzlainfo.ba\/#\/schema\/person\/f434e20dc27ea133923aab08451b7f7f\",\"name\":\"nedim\",\"image\":{\"@type\":\"ImageObject\",\"inLanguage\":\"bs-BA\",\"@id\":\"https:\/\/tuzlainfo.ba\/#\/schema\/person\/image\/\",\"url\":\"https:\/\/tuzlainfo.ba\/wp-content\/litespeed\/avatar\/aabad687af24844af817603ac1cbdc4f.jpg?ver=1777306975\",\"contentUrl\":\"https:\/\/tuzlainfo.ba\/wp-content\/litespeed\/avatar\/aabad687af24844af817603ac1cbdc4f.jpg?ver=1777306975\",\"caption\":\"nedim\"},\"description\":\"Tuzlainfo.ba pratite na dru\u0161tvenim mre\u017eama: Facebook, Instagram i Youtube. Svoje pri\u010de, upite i fotografije \u0161aljite na na\u0161u e-mail adresu.\"}]}<\/script>\n<!-- \/ Yoast SEO plugin. -->","yoast_head_json":{"title":"GO HDZ BiH Tuzla o nezakonitim imenovanjima organa MZ-a upoznao i OSCE - TuzlaInfo.ba","robots":{"index":"index","follow":"follow","max-snippet":"max-snippet:-1","max-image-preview":"max-image-preview:large","max-video-preview":"max-video-preview:-1"},"canonical":"https:\/\/tuzlainfo.ba\/index.php\/novosti\/item\/138128-go-hdz-bih-tuzla-o-nezakonitim-imenovanjima-organa-mz-a-upoznao-i-osce\/","og_locale":"bs_BA","og_type":"article","og_title":"GO HDZ BiH Tuzla o nezakonitim imenovanjima organa MZ-a upoznao i OSCE - TuzlaInfo.ba","og_description":"Izaslanstvo GO HDZ BiH Tuzla na \u010delu s predsjednikom Nikicom Vidovi\u0107em susrelo se sa \u0160efom&hellip;","og_url":"https:\/\/tuzlainfo.ba\/index.php\/novosti\/item\/138128-go-hdz-bih-tuzla-o-nezakonitim-imenovanjima-organa-mz-a-upoznao-i-osce\/","og_site_name":"TuzlaInfo.ba","article_publisher":"https:\/\/www.facebook.com\/tuzlainfo.ba\/","article_published_time":"2021-05-24T06:41:32+00:00","article_modified_time":"2021-05-24T06:42:25+00:00","og_image":[{"width":783,"height":506,"url":"https:\/\/tuzlainfo.ba\/wp-content\/uploads\/2021\/05\/2405_hdz_osce.jpg","type":"image\/jpeg"}],"author":"nedim","twitter_card":"summary_large_image","twitter_misc":{"Written by":"nedim","Est. reading time":"3 minute"},"schema":{"@context":"https:\/\/schema.org","@graph":[{"@type":"Article","@id":"https:\/\/tuzlainfo.ba\/index.php\/novosti\/item\/138128-go-hdz-bih-tuzla-o-nezakonitim-imenovanjima-organa-mz-a-upoznao-i-osce\/#article","isPartOf":{"@id":"https:\/\/tuzlainfo.ba\/index.php\/novosti\/item\/138128-go-hdz-bih-tuzla-o-nezakonitim-imenovanjima-organa-mz-a-upoznao-i-osce\/"},"author":{"name":"nedim","@id":"https:\/\/tuzlainfo.ba\/#\/schema\/person\/f434e20dc27ea133923aab08451b7f7f"},"headline":"GO HDZ BiH Tuzla o nezakonitim imenovanjima organa MZ-a upoznao i OSCE","datePublished":"2021-05-24T06:41:32+00:00","dateModified":"2021-05-24T06:42:25+00:00","mainEntityOfPage":{"@id":"https:\/\/tuzlainfo.ba\/index.php\/novosti\/item\/138128-go-hdz-bih-tuzla-o-nezakonitim-imenovanjima-organa-mz-a-upoznao-i-osce\/"},"wordCount":544,"commentCount":0,"publisher":{"@id":"https:\/\/tuzlainfo.ba\/#organization"},"image":{"@id":"https:\/\/tuzlainfo.ba\/index.php\/novosti\/item\/138128-go-hdz-bih-tuzla-o-nezakonitim-imenovanjima-organa-mz-a-upoznao-i-osce\/#primaryimage"},"thumbnailUrl":"https:\/\/tuzlainfo.ba\/wp-content\/uploads\/2021\/05\/2405_hdz_osce.jpg","keywords":["hdz tuzla","osce","statut grada"],"articleSection":["Novosti"],"inLanguage":"bs-BA"},{"@type":"WebPage","@id":"https:\/\/tuzlainfo.ba\/index.php\/novosti\/item\/138128-go-hdz-bih-tuzla-o-nezakonitim-imenovanjima-organa-mz-a-upoznao-i-osce\/","url":"https:\/\/tuzlainfo.ba\/index.php\/novosti\/item\/138128-go-hdz-bih-tuzla-o-nezakonitim-imenovanjima-organa-mz-a-upoznao-i-osce\/","name":"GO HDZ BiH Tuzla o nezakonitim imenovanjima organa MZ-a upoznao i OSCE - TuzlaInfo.ba","isPartOf":{"@id":"https:\/\/tuzlainfo.ba\/#website"},"primaryImageOfPage":{"@id":"https:\/\/tuzlainfo.ba\/index.php\/novosti\/item\/138128-go-hdz-bih-tuzla-o-nezakonitim-imenovanjima-organa-mz-a-upoznao-i-osce\/#primaryimage"},"image":{"@id":"https:\/\/tuzlainfo.ba\/index.php\/novosti\/item\/138128-go-hdz-bih-tuzla-o-nezakonitim-imenovanjima-organa-mz-a-upoznao-i-osce\/#primaryimage"},"thumbnailUrl":"https:\/\/tuzlainfo.ba\/wp-content\/uploads\/2021\/05\/2405_hdz_osce.jpg","datePublished":"2021-05-24T06:41:32+00:00","dateModified":"2021-05-24T06:42:25+00:00","breadcrumb":{"@id":"https:\/\/tuzlainfo.ba\/index.php\/novosti\/item\/138128-go-hdz-bih-tuzla-o-nezakonitim-imenovanjima-organa-mz-a-upoznao-i-osce\/#breadcrumb"},"inLanguage":"bs-BA","potentialAction":[{"@type":"ReadAction","target":["https:\/\/tuzlainfo.ba\/index.php\/novosti\/item\/138128-go-hdz-bih-tuzla-o-nezakonitim-imenovanjima-organa-mz-a-upoznao-i-osce\/"]}]},{"@type":"ImageObject","inLanguage":"bs-BA","@id":"https:\/\/tuzlainfo.ba\/index.php\/novosti\/item\/138128-go-hdz-bih-tuzla-o-nezakonitim-imenovanjima-organa-mz-a-upoznao-i-osce\/#primaryimage","url":"https:\/\/tuzlainfo.ba\/wp-content\/uploads\/2021\/05\/2405_hdz_osce.jpg","contentUrl":"https:\/\/tuzlainfo.ba\/wp-content\/uploads\/2021\/05\/2405_hdz_osce.jpg","width":783,"height":506},{"@type":"BreadcrumbList","@id":"https:\/\/tuzlainfo.ba\/index.php\/novosti\/item\/138128-go-hdz-bih-tuzla-o-nezakonitim-imenovanjima-organa-mz-a-upoznao-i-osce\/#breadcrumb","itemListElement":[{"@type":"ListItem","position":1,"name":"Home","item":"https:\/\/tuzlainfo.ba\/"},{"@type":"ListItem","position":2,"name":"GO HDZ BiH Tuzla o nezakonitim imenovanjima organa MZ-a upoznao i OSCE"}]},{"@type":"WebSite","@id":"https:\/\/tuzlainfo.ba\/#website","url":"https:\/\/tuzlainfo.ba\/","name":"TuzlaInfo.ba","description":"Tuzla info, gradski informator - Tuzla na dlanu","publisher":{"@id":"https:\/\/tuzlainfo.ba\/#organization"},"potentialAction":[{"@type":"SearchAction","target":{"@type":"EntryPoint","urlTemplate":"https:\/\/tuzlainfo.ba\/?s={search_term_string}"},"query-input":{"@type":"PropertyValueSpecification","valueRequired":true,"valueName":"search_term_string"}}],"inLanguage":"bs-BA"},{"@type":"Organization","@id":"https:\/\/tuzlainfo.ba\/#organization","name":"TuzlaInfo.ba","url":"https:\/\/tuzlainfo.ba\/","logo":{"@type":"ImageObject","inLanguage":"bs-BA","@id":"https:\/\/tuzlainfo.ba\/#\/schema\/logo\/image\/","url":"https:\/\/tuzlainfo.ba\/wp-content\/uploads\/2021\/03\/logo-ver-3-1.png","contentUrl":"https:\/\/tuzlainfo.ba\/wp-content\/uploads\/2021\/03\/logo-ver-3-1.png","width":350,"height":95,"caption":"TuzlaInfo.ba"},"image":{"@id":"https:\/\/tuzlainfo.ba\/#\/schema\/logo\/image\/"},"sameAs":["https:\/\/www.facebook.com\/tuzlainfo.ba\/"]},{"@type":"Person","@id":"https:\/\/tuzlainfo.ba\/#\/schema\/person\/f434e20dc27ea133923aab08451b7f7f","name":"nedim","image":{"@type":"ImageObject","inLanguage":"bs-BA","@id":"https:\/\/tuzlainfo.ba\/#\/schema\/person\/image\/","url":"https:\/\/tuzlainfo.ba\/wp-content\/litespeed\/avatar\/aabad687af24844af817603ac1cbdc4f.jpg?ver=1777306975","contentUrl":"https:\/\/tuzlainfo.ba\/wp-content\/litespeed\/avatar\/aabad687af24844af817603ac1cbdc4f.jpg?ver=1777306975","caption":"nedim"},"description":"Tuzlainfo.ba pratite na dru\u0161tvenim mre\u017eama: Facebook, Instagram i Youtube. Svoje pri\u010de, upite i fotografije \u0161aljite na na\u0161u e-mail adresu."}]}},"_links":{"self":[{"href":"https:\/\/tuzlainfo.ba\/index.php\/wp-json\/wp\/v2\/posts\/138128"}],"collection":[{"href":"https:\/\/tuzlainfo.ba\/index.php\/wp-json\/wp\/v2\/posts"}],"about":[{"href":"https:\/\/tuzlainfo.ba\/index.php\/wp-json\/wp\/v2\/types\/post"}],"author":[{"embeddable":true,"href":"https:\/\/tuzlainfo.ba\/index.php\/wp-json\/wp\/v2\/users\/2"}],"replies":[{"embeddable":true,"href":"https:\/\/tuzlainfo.ba\/index.php\/wp-json\/wp\/v2\/comments?post=138128"}],"version-history":[{"count":0,"href":"https:\/\/tuzlainfo.ba\/index.php\/wp-json\/wp\/v2\/posts\/138128\/revisions"}],"wp:featuredmedia":[{"embeddable":true,"href":"https:\/\/tuzlainfo.ba\/index.php\/wp-json\/wp\/v2\/media\/138129"}],"wp:attachment":[{"href":"https:\/\/tuzlainfo.ba\/index.php\/wp-json\/wp\/v2\/media?parent=138128"}],"wp:term":[{"taxonomy":"category","embeddable":true,"href":"https:\/\/tuzlainfo.ba\/index.php\/wp-json\/wp\/v2\/categories?post=138128"},{"taxonomy":"post_tag","embeddable":true,"href":"https:\/\/tuzlainfo.ba\/index.php\/wp-json\/wp\/v2\/tags?post=138128"}],"curies":[{"name":"wp","href":"https:\/\/api.w.org\/{rel}","templated":true}]}}