{"id":138085,"date":"2021-05-23T11:19:15","date_gmt":"2021-05-23T09:19:15","guid":{"rendered":"https:\/\/tuzlainfo.ba\/?p=138085"},"modified":"2021-05-23T11:19:15","modified_gmt":"2021-05-23T09:19:15","slug":"nisu-uvrsteni-u-prioritetnu-grupu-i-novinari-rtvtk-vakcinisani-u-srbiji","status":"publish","type":"post","link":"https:\/\/tuzlainfo.ba\/index.php\/novosti\/item\/138085-nisu-uvrsteni-u-prioritetnu-grupu-i-novinari-rtvtk-vakcinisani-u-srbiji\/","title":{"rendered":"Nisu uvr\u0161teni u prioritetnu grupu: I novinari RTVTK vakcinisani u Srbiji"},"content":{"rendered":"<p>Zbog nedostatka vakcina u Bosni i Hercegovini, te neuvr\u0161tavanja medijskih radnika u prioritetnu grupu za vakcinisanje u Tuzlanskom kantu prva grupa uposlenika RTV TK ju\u010der je vakcinisana u Noviom Pazaru u Srbiji.<\/p>\n<p>Osim novinara iz Tuzle ju\u010der su vakcinisani i novinari iz Sarajeva.<\/p>\n<p>U posljednjih mjesec dana u Novom Pazaru se vr\u0161i vakcinacija novinara iz BiH. Direktor Zavoda za javno zdravlje Novi Pazar, \u0160efadil Spahi\u0107 isti\u010de da su upravo ljekari iz ovih bh. gradova pomogli gra\u0111anima Novog Pazara, kada im je bilo najte\u017ee. Uz ljekare i medijski radnici su bili na prvoj liniji odbrane od korona virusa.<\/p>\n<p>\u2013 Trebalo je u jednom moru dezinformcija na\u0107i pravu informaciju, ta\u010dnu i istinitu \u2013 nagla\u0161ava Spahi\u0107.<\/p>\n<p>Sarajevo, Tuzla i Novi Pazar imaju dobre odnose, koje treba i dalje njegovati, nagla\u0161ava i Muzafer Dragolov\u010danin, \u0161ef Kancelarije za dijasporu Novi Pazar.<\/p>\n<p>\u2013 Vi ste ve\u0107 \u0161esta grupa novinara iz BiH koja dolazi ovdje da se vakcini\u0161e \u2013 dodaje Dragolov\u010danin.<\/p>\n<p>Zahvaljaju\u0107i dobrim odnosima RTV TK sa RTV Novi Pazar omogu\u0107ena je i vakcinacija uposelnika ove medijske ku\u0107e.<\/p>\n<p>\u2013 RTV TK na ovaj na\u010din posti\u017ee individualnu za\u0161titu, a smanjili smo i mogu\u0107nost da ugrozimo druge \u2013 rekao je Kasim Softi\u0107, direktor JP RTV TK.<\/p>\n<p>Va\u017enost imunizacije u medijima je velika, jer su novinari u stalnom kontaktu sa zara\u017eenim. Veliki broj uposlenika RTV TK ve\u0107 je bio inficiran korona virusom, a u pro\u0161loj godini jedan kolege iz ove TV ku\u0107e je izgubio \u017eivot zbog posljedica zaraze korona virusom.<\/p>\n","protected":false},"excerpt":{"rendered":"<p>Zbog nedostatka vakcina u Bosni i Hercegovini, te neuvr\u0161tavanja medijskih radnika u prioritetnu grupu za&hellip;<\/p>\n","protected":false},"author":2,"featured_media":138086,"comment_status":"open","ping_status":"closed","sticky":false,"template":"","format":"standard","meta":{"_acf_changed":false,"footnotes":""},"categories":[304,12],"tags":[1317,414,366],"acf":[],"yoast_head":"<!-- This site is optimized with the Yoast SEO plugin v23.5 - https:\/\/yoast.com\/wordpress\/plugins\/seo\/ -->\n<title>Nisu uvr\u0161teni u prioritetnu grupu: I novinari RTVTK vakcinisani u Srbiji - TuzlaInfo.ba<\/title>\n<meta name=\"robots\" content=\"index, follow, max-snippet:-1, max-image-preview:large, max-video-preview:-1\" \/>\n<link rel=\"canonical\" href=\"https:\/\/tuzlainfo.ba\/index.php\/novosti\/item\/138085-nisu-uvrsteni-u-prioritetnu-grupu-i-novinari-rtvtk-vakcinisani-u-srbiji\/\" \/>\n<meta property=\"og:locale\" content=\"bs_BA\" \/>\n<meta property=\"og:type\" content=\"article\" \/>\n<meta property=\"og:title\" content=\"Nisu uvr\u0161teni u prioritetnu grupu: I novinari RTVTK vakcinisani u Srbiji - TuzlaInfo.ba\" \/>\n<meta property=\"og:description\" content=\"Zbog nedostatka vakcina u Bosni i Hercegovini, te neuvr\u0161tavanja medijskih radnika u prioritetnu grupu za&hellip;\" \/>\n<meta property=\"og:url\" content=\"https:\/\/tuzlainfo.ba\/index.php\/novosti\/item\/138085-nisu-uvrsteni-u-prioritetnu-grupu-i-novinari-rtvtk-vakcinisani-u-srbiji\/\" \/>\n<meta property=\"og:site_name\" content=\"TuzlaInfo.ba\" \/>\n<meta property=\"article:publisher\" content=\"https:\/\/www.facebook.com\/tuzlainfo.ba\/\" \/>\n<meta property=\"article:published_time\" content=\"2021-05-23T09:19:15+00:00\" \/>\n<meta property=\"og:image\" content=\"https:\/\/tuzlainfo.ba\/wp-content\/uploads\/2021\/05\/2305_vakcinacija.jpg\" \/>\n\t<meta property=\"og:image:width\" content=\"1100\" \/>\n\t<meta property=\"og:image:height\" content=\"674\" \/>\n\t<meta property=\"og:image:type\" content=\"image\/jpeg\" \/>\n<meta name=\"author\" content=\"nedim\" \/>\n<meta name=\"twitter:card\" content=\"summary_large_image\" \/>\n<meta name=\"twitter:label1\" content=\"Written by\" \/>\n\t<meta name=\"twitter:data1\" content=\"nedim\" \/>\n\t<meta name=\"twitter:label2\" content=\"Est. reading time\" \/>\n\t<meta name=\"twitter:data2\" content=\"1 minuta\" \/>\n<script type=\"application\/ld+json\" class=\"yoast-schema-graph\">{\"@context\":\"https:\/\/schema.org\",\"@graph\":[{\"@type\":\"Article\",\"@id\":\"https:\/\/tuzlainfo.ba\/index.php\/novosti\/item\/138085-nisu-uvrsteni-u-prioritetnu-grupu-i-novinari-rtvtk-vakcinisani-u-srbiji\/#article\",\"isPartOf\":{\"@id\":\"https:\/\/tuzlainfo.ba\/index.php\/novosti\/item\/138085-nisu-uvrsteni-u-prioritetnu-grupu-i-novinari-rtvtk-vakcinisani-u-srbiji\/\"},\"author\":{\"name\":\"nedim\",\"@id\":\"https:\/\/tuzlainfo.ba\/#\/schema\/person\/f434e20dc27ea133923aab08451b7f7f\"},\"headline\":\"Nisu uvr\u0161teni u prioritetnu grupu: I novinari RTVTK vakcinisani u Srbiji\",\"datePublished\":\"2021-05-23T09:19:15+00:00\",\"dateModified\":\"2021-05-23T09:19:15+00:00\",\"mainEntityOfPage\":{\"@id\":\"https:\/\/tuzlainfo.ba\/index.php\/novosti\/item\/138085-nisu-uvrsteni-u-prioritetnu-grupu-i-novinari-rtvtk-vakcinisani-u-srbiji\/\"},\"wordCount\":271,\"commentCount\":0,\"publisher\":{\"@id\":\"https:\/\/tuzlainfo.ba\/#organization\"},\"image\":{\"@id\":\"https:\/\/tuzlainfo.ba\/index.php\/novosti\/item\/138085-nisu-uvrsteni-u-prioritetnu-grupu-i-novinari-rtvtk-vakcinisani-u-srbiji\/#primaryimage\"},\"thumbnailUrl\":\"https:\/\/tuzlainfo.ba\/wp-content\/uploads\/2021\/05\/2305_vakcinacija.jpg\",\"keywords\":[\"novi pazar\",\"RTVTK\",\"vakcinacija\"],\"articleSection\":[\"Istaknuto\",\"Novosti\"],\"inLanguage\":\"bs-BA\"},{\"@type\":\"WebPage\",\"@id\":\"https:\/\/tuzlainfo.ba\/index.php\/novosti\/item\/138085-nisu-uvrsteni-u-prioritetnu-grupu-i-novinari-rtvtk-vakcinisani-u-srbiji\/\",\"url\":\"https:\/\/tuzlainfo.ba\/index.php\/novosti\/item\/138085-nisu-uvrsteni-u-prioritetnu-grupu-i-novinari-rtvtk-vakcinisani-u-srbiji\/\",\"name\":\"Nisu uvr\u0161teni u prioritetnu grupu: I novinari RTVTK vakcinisani u Srbiji - TuzlaInfo.ba\",\"isPartOf\":{\"@id\":\"https:\/\/tuzlainfo.ba\/#website\"},\"primaryImageOfPage\":{\"@id\":\"https:\/\/tuzlainfo.ba\/index.php\/novosti\/item\/138085-nisu-uvrsteni-u-prioritetnu-grupu-i-novinari-rtvtk-vakcinisani-u-srbiji\/#primaryimage\"},\"image\":{\"@id\":\"https:\/\/tuzlainfo.ba\/index.php\/novosti\/item\/138085-nisu-uvrsteni-u-prioritetnu-grupu-i-novinari-rtvtk-vakcinisani-u-srbiji\/#primaryimage\"},\"thumbnailUrl\":\"https:\/\/tuzlainfo.ba\/wp-content\/uploads\/2021\/05\/2305_vakcinacija.jpg\",\"datePublished\":\"2021-05-23T09:19:15+00:00\",\"dateModified\":\"2021-05-23T09:19:15+00:00\",\"breadcrumb\":{\"@id\":\"https:\/\/tuzlainfo.ba\/index.php\/novosti\/item\/138085-nisu-uvrsteni-u-prioritetnu-grupu-i-novinari-rtvtk-vakcinisani-u-srbiji\/#breadcrumb\"},\"inLanguage\":\"bs-BA\",\"potentialAction\":[{\"@type\":\"ReadAction\",\"target\":[\"https:\/\/tuzlainfo.ba\/index.php\/novosti\/item\/138085-nisu-uvrsteni-u-prioritetnu-grupu-i-novinari-rtvtk-vakcinisani-u-srbiji\/\"]}]},{\"@type\":\"ImageObject\",\"inLanguage\":\"bs-BA\",\"@id\":\"https:\/\/tuzlainfo.ba\/index.php\/novosti\/item\/138085-nisu-uvrsteni-u-prioritetnu-grupu-i-novinari-rtvtk-vakcinisani-u-srbiji\/#primaryimage\",\"url\":\"https:\/\/tuzlainfo.ba\/wp-content\/uploads\/2021\/05\/2305_vakcinacija.jpg\",\"contentUrl\":\"https:\/\/tuzlainfo.ba\/wp-content\/uploads\/2021\/05\/2305_vakcinacija.jpg\",\"width\":1100,\"height\":674},{\"@type\":\"BreadcrumbList\",\"@id\":\"https:\/\/tuzlainfo.ba\/index.php\/novosti\/item\/138085-nisu-uvrsteni-u-prioritetnu-grupu-i-novinari-rtvtk-vakcinisani-u-srbiji\/#breadcrumb\",\"itemListElement\":[{\"@type\":\"ListItem\",\"position\":1,\"name\":\"Home\",\"item\":\"https:\/\/tuzlainfo.ba\/\"},{\"@type\":\"ListItem\",\"position\":2,\"name\":\"Nisu uvr\u0161teni u prioritetnu grupu: I novinari RTVTK vakcinisani u Srbiji\"}]},{\"@type\":\"WebSite\",\"@id\":\"https:\/\/tuzlainfo.ba\/#website\",\"url\":\"https:\/\/tuzlainfo.ba\/\",\"name\":\"TuzlaInfo.ba\",\"description\":\"Tuzla info, gradski informator - Tuzla na dlanu\",\"publisher\":{\"@id\":\"https:\/\/tuzlainfo.ba\/#organization\"},\"potentialAction\":[{\"@type\":\"SearchAction\",\"target\":{\"@type\":\"EntryPoint\",\"urlTemplate\":\"https:\/\/tuzlainfo.ba\/?s={search_term_string}\"},\"query-input\":{\"@type\":\"PropertyValueSpecification\",\"valueRequired\":true,\"valueName\":\"search_term_string\"}}],\"inLanguage\":\"bs-BA\"},{\"@type\":\"Organization\",\"@id\":\"https:\/\/tuzlainfo.ba\/#organization\",\"name\":\"TuzlaInfo.ba\",\"url\":\"https:\/\/tuzlainfo.ba\/\",\"logo\":{\"@type\":\"ImageObject\",\"inLanguage\":\"bs-BA\",\"@id\":\"https:\/\/tuzlainfo.ba\/#\/schema\/logo\/image\/\",\"url\":\"https:\/\/tuzlainfo.ba\/wp-content\/uploads\/2021\/03\/logo-ver-3-1.png\",\"contentUrl\":\"https:\/\/tuzlainfo.ba\/wp-content\/uploads\/2021\/03\/logo-ver-3-1.png\",\"width\":350,\"height\":95,\"caption\":\"TuzlaInfo.ba\"},\"image\":{\"@id\":\"https:\/\/tuzlainfo.ba\/#\/schema\/logo\/image\/\"},\"sameAs\":[\"https:\/\/www.facebook.com\/tuzlainfo.ba\/\"]},{\"@type\":\"Person\",\"@id\":\"https:\/\/tuzlainfo.ba\/#\/schema\/person\/f434e20dc27ea133923aab08451b7f7f\",\"name\":\"nedim\",\"image\":{\"@type\":\"ImageObject\",\"inLanguage\":\"bs-BA\",\"@id\":\"https:\/\/tuzlainfo.ba\/#\/schema\/person\/image\/\",\"url\":\"https:\/\/tuzlainfo.ba\/wp-content\/litespeed\/avatar\/aabad687af24844af817603ac1cbdc4f.jpg?ver=1776702173\",\"contentUrl\":\"https:\/\/tuzlainfo.ba\/wp-content\/litespeed\/avatar\/aabad687af24844af817603ac1cbdc4f.jpg?ver=1776702173\",\"caption\":\"nedim\"},\"description\":\"Tuzlainfo.ba pratite na dru\u0161tvenim mre\u017eama: Facebook, Instagram i Youtube. Svoje pri\u010de, upite i fotografije \u0161aljite na na\u0161u e-mail adresu.\"}]}<\/script>\n<!-- \/ Yoast SEO plugin. -->","yoast_head_json":{"title":"Nisu uvr\u0161teni u prioritetnu grupu: I novinari RTVTK vakcinisani u Srbiji - TuzlaInfo.ba","robots":{"index":"index","follow":"follow","max-snippet":"max-snippet:-1","max-image-preview":"max-image-preview:large","max-video-preview":"max-video-preview:-1"},"canonical":"https:\/\/tuzlainfo.ba\/index.php\/novosti\/item\/138085-nisu-uvrsteni-u-prioritetnu-grupu-i-novinari-rtvtk-vakcinisani-u-srbiji\/","og_locale":"bs_BA","og_type":"article","og_title":"Nisu uvr\u0161teni u prioritetnu grupu: I novinari RTVTK vakcinisani u Srbiji - TuzlaInfo.ba","og_description":"Zbog nedostatka vakcina u Bosni i Hercegovini, te neuvr\u0161tavanja medijskih radnika u prioritetnu grupu za&hellip;","og_url":"https:\/\/tuzlainfo.ba\/index.php\/novosti\/item\/138085-nisu-uvrsteni-u-prioritetnu-grupu-i-novinari-rtvtk-vakcinisani-u-srbiji\/","og_site_name":"TuzlaInfo.ba","article_publisher":"https:\/\/www.facebook.com\/tuzlainfo.ba\/","article_published_time":"2021-05-23T09:19:15+00:00","og_image":[{"width":1100,"height":674,"url":"https:\/\/tuzlainfo.ba\/wp-content\/uploads\/2021\/05\/2305_vakcinacija.jpg","type":"image\/jpeg"}],"author":"nedim","twitter_card":"summary_large_image","twitter_misc":{"Written by":"nedim","Est. reading time":"1 minuta"},"schema":{"@context":"https:\/\/schema.org","@graph":[{"@type":"Article","@id":"https:\/\/tuzlainfo.ba\/index.php\/novosti\/item\/138085-nisu-uvrsteni-u-prioritetnu-grupu-i-novinari-rtvtk-vakcinisani-u-srbiji\/#article","isPartOf":{"@id":"https:\/\/tuzlainfo.ba\/index.php\/novosti\/item\/138085-nisu-uvrsteni-u-prioritetnu-grupu-i-novinari-rtvtk-vakcinisani-u-srbiji\/"},"author":{"name":"nedim","@id":"https:\/\/tuzlainfo.ba\/#\/schema\/person\/f434e20dc27ea133923aab08451b7f7f"},"headline":"Nisu uvr\u0161teni u prioritetnu grupu: I novinari RTVTK vakcinisani u Srbiji","datePublished":"2021-05-23T09:19:15+00:00","dateModified":"2021-05-23T09:19:15+00:00","mainEntityOfPage":{"@id":"https:\/\/tuzlainfo.ba\/index.php\/novosti\/item\/138085-nisu-uvrsteni-u-prioritetnu-grupu-i-novinari-rtvtk-vakcinisani-u-srbiji\/"},"wordCount":271,"commentCount":0,"publisher":{"@id":"https:\/\/tuzlainfo.ba\/#organization"},"image":{"@id":"https:\/\/tuzlainfo.ba\/index.php\/novosti\/item\/138085-nisu-uvrsteni-u-prioritetnu-grupu-i-novinari-rtvtk-vakcinisani-u-srbiji\/#primaryimage"},"thumbnailUrl":"https:\/\/tuzlainfo.ba\/wp-content\/uploads\/2021\/05\/2305_vakcinacija.jpg","keywords":["novi pazar","RTVTK","vakcinacija"],"articleSection":["Istaknuto","Novosti"],"inLanguage":"bs-BA"},{"@type":"WebPage","@id":"https:\/\/tuzlainfo.ba\/index.php\/novosti\/item\/138085-nisu-uvrsteni-u-prioritetnu-grupu-i-novinari-rtvtk-vakcinisani-u-srbiji\/","url":"https:\/\/tuzlainfo.ba\/index.php\/novosti\/item\/138085-nisu-uvrsteni-u-prioritetnu-grupu-i-novinari-rtvtk-vakcinisani-u-srbiji\/","name":"Nisu uvr\u0161teni u prioritetnu grupu: I novinari RTVTK vakcinisani u Srbiji - TuzlaInfo.ba","isPartOf":{"@id":"https:\/\/tuzlainfo.ba\/#website"},"primaryImageOfPage":{"@id":"https:\/\/tuzlainfo.ba\/index.php\/novosti\/item\/138085-nisu-uvrsteni-u-prioritetnu-grupu-i-novinari-rtvtk-vakcinisani-u-srbiji\/#primaryimage"},"image":{"@id":"https:\/\/tuzlainfo.ba\/index.php\/novosti\/item\/138085-nisu-uvrsteni-u-prioritetnu-grupu-i-novinari-rtvtk-vakcinisani-u-srbiji\/#primaryimage"},"thumbnailUrl":"https:\/\/tuzlainfo.ba\/wp-content\/uploads\/2021\/05\/2305_vakcinacija.jpg","datePublished":"2021-05-23T09:19:15+00:00","dateModified":"2021-05-23T09:19:15+00:00","breadcrumb":{"@id":"https:\/\/tuzlainfo.ba\/index.php\/novosti\/item\/138085-nisu-uvrsteni-u-prioritetnu-grupu-i-novinari-rtvtk-vakcinisani-u-srbiji\/#breadcrumb"},"inLanguage":"bs-BA","potentialAction":[{"@type":"ReadAction","target":["https:\/\/tuzlainfo.ba\/index.php\/novosti\/item\/138085-nisu-uvrsteni-u-prioritetnu-grupu-i-novinari-rtvtk-vakcinisani-u-srbiji\/"]}]},{"@type":"ImageObject","inLanguage":"bs-BA","@id":"https:\/\/tuzlainfo.ba\/index.php\/novosti\/item\/138085-nisu-uvrsteni-u-prioritetnu-grupu-i-novinari-rtvtk-vakcinisani-u-srbiji\/#primaryimage","url":"https:\/\/tuzlainfo.ba\/wp-content\/uploads\/2021\/05\/2305_vakcinacija.jpg","contentUrl":"https:\/\/tuzlainfo.ba\/wp-content\/uploads\/2021\/05\/2305_vakcinacija.jpg","width":1100,"height":674},{"@type":"BreadcrumbList","@id":"https:\/\/tuzlainfo.ba\/index.php\/novosti\/item\/138085-nisu-uvrsteni-u-prioritetnu-grupu-i-novinari-rtvtk-vakcinisani-u-srbiji\/#breadcrumb","itemListElement":[{"@type":"ListItem","position":1,"name":"Home","item":"https:\/\/tuzlainfo.ba\/"},{"@type":"ListItem","position":2,"name":"Nisu uvr\u0161teni u prioritetnu grupu: I novinari RTVTK vakcinisani u Srbiji"}]},{"@type":"WebSite","@id":"https:\/\/tuzlainfo.ba\/#website","url":"https:\/\/tuzlainfo.ba\/","name":"TuzlaInfo.ba","description":"Tuzla info, gradski informator - Tuzla na dlanu","publisher":{"@id":"https:\/\/tuzlainfo.ba\/#organization"},"potentialAction":[{"@type":"SearchAction","target":{"@type":"EntryPoint","urlTemplate":"https:\/\/tuzlainfo.ba\/?s={search_term_string}"},"query-input":{"@type":"PropertyValueSpecification","valueRequired":true,"valueName":"search_term_string"}}],"inLanguage":"bs-BA"},{"@type":"Organization","@id":"https:\/\/tuzlainfo.ba\/#organization","name":"TuzlaInfo.ba","url":"https:\/\/tuzlainfo.ba\/","logo":{"@type":"ImageObject","inLanguage":"bs-BA","@id":"https:\/\/tuzlainfo.ba\/#\/schema\/logo\/image\/","url":"https:\/\/tuzlainfo.ba\/wp-content\/uploads\/2021\/03\/logo-ver-3-1.png","contentUrl":"https:\/\/tuzlainfo.ba\/wp-content\/uploads\/2021\/03\/logo-ver-3-1.png","width":350,"height":95,"caption":"TuzlaInfo.ba"},"image":{"@id":"https:\/\/tuzlainfo.ba\/#\/schema\/logo\/image\/"},"sameAs":["https:\/\/www.facebook.com\/tuzlainfo.ba\/"]},{"@type":"Person","@id":"https:\/\/tuzlainfo.ba\/#\/schema\/person\/f434e20dc27ea133923aab08451b7f7f","name":"nedim","image":{"@type":"ImageObject","inLanguage":"bs-BA","@id":"https:\/\/tuzlainfo.ba\/#\/schema\/person\/image\/","url":"https:\/\/tuzlainfo.ba\/wp-content\/litespeed\/avatar\/aabad687af24844af817603ac1cbdc4f.jpg?ver=1776702173","contentUrl":"https:\/\/tuzlainfo.ba\/wp-content\/litespeed\/avatar\/aabad687af24844af817603ac1cbdc4f.jpg?ver=1776702173","caption":"nedim"},"description":"Tuzlainfo.ba pratite na dru\u0161tvenim mre\u017eama: Facebook, Instagram i Youtube. Svoje pri\u010de, upite i fotografije \u0161aljite na na\u0161u e-mail adresu."}]}},"_links":{"self":[{"href":"https:\/\/tuzlainfo.ba\/index.php\/wp-json\/wp\/v2\/posts\/138085"}],"collection":[{"href":"https:\/\/tuzlainfo.ba\/index.php\/wp-json\/wp\/v2\/posts"}],"about":[{"href":"https:\/\/tuzlainfo.ba\/index.php\/wp-json\/wp\/v2\/types\/post"}],"author":[{"embeddable":true,"href":"https:\/\/tuzlainfo.ba\/index.php\/wp-json\/wp\/v2\/users\/2"}],"replies":[{"embeddable":true,"href":"https:\/\/tuzlainfo.ba\/index.php\/wp-json\/wp\/v2\/comments?post=138085"}],"version-history":[{"count":0,"href":"https:\/\/tuzlainfo.ba\/index.php\/wp-json\/wp\/v2\/posts\/138085\/revisions"}],"wp:featuredmedia":[{"embeddable":true,"href":"https:\/\/tuzlainfo.ba\/index.php\/wp-json\/wp\/v2\/media\/138086"}],"wp:attachment":[{"href":"https:\/\/tuzlainfo.ba\/index.php\/wp-json\/wp\/v2\/media?parent=138085"}],"wp:term":[{"taxonomy":"category","embeddable":true,"href":"https:\/\/tuzlainfo.ba\/index.php\/wp-json\/wp\/v2\/categories?post=138085"},{"taxonomy":"post_tag","embeddable":true,"href":"https:\/\/tuzlainfo.ba\/index.php\/wp-json\/wp\/v2\/tags?post=138085"}],"curies":[{"name":"wp","href":"https:\/\/api.w.org\/{rel}","templated":true}]}}