{"id":138015,"date":"2021-05-21T21:22:57","date_gmt":"2021-05-21T19:22:57","guid":{"rendered":"https:\/\/tuzlainfo.ba\/?p=138015"},"modified":"2021-05-21T21:23:34","modified_gmt":"2021-05-21T19:23:34","slug":"2viskovic-glumi-dodika-drina-nije-nikakva-granica-to-je-teritorija-rs-a","status":"publish","type":"post","link":"https:\/\/tuzlainfo.ba\/index.php\/bosna-i-hercegovina\/item\/138015-2viskovic-glumi-dodika-drina-nije-nikakva-granica-to-je-teritorija-rs-a\/","title":{"rendered":"Vi\u0161kovi\u0107 glumi Dodika: &#8220;Drina nije nikakva granica, to je teritorija RS-a&#8221;"},"content":{"rendered":"<p class=\"item__subtitle\">Predsjednik Vlade Republike Srpske Radovan Vi\u0161kovi\u0107 izrazio je uvjerenje da \u0107e projekat izgradnje hidroelektrana na Drini biti doveden do kraja.<\/p>\n<p>&#8211; Te\u0161ko mi je, kao \u010dovjeku, komentarisati sve te napade. Drina, na tom potezu, ni sa lijeve, ni sa desne strane, nije nikakva granica. To je teritorija Republike Srpske i to je pravo Republike Srpske, rekao je Vi\u0161kovi\u0107, komentari\u0161u\u0107i osude izgradnje hidroelektrana.<\/p>\n<p>On je rekao da je srednji tok Drine od Bajine Ba\u0161te prema Bratuncu, granica BiH, te da je i tu u planu izgradnja hidroelektrane.<\/p>\n<p>&#8211; Za\u0161to hidrocentrale na rijeci Bosni i Neretvi, koje radi federalna komisija za koncesije i Vlada Federacije BiH, nisu sporne? Za\u0161to je sporna Drina u Fo\u010di, a nije Bosna, koja dobrim dijelom te\u010de kroz teritoriju Republike Srpske?, upitao je Vi\u0161kovi\u0107.<\/p>\n<p>Vi\u0161kovi\u0107 je poru\u010dio da svaki projekat, koji je na dobrobit ljudi koji \u017eive u BiH, treba da raduje i pojasnio da \u0107e bud\u017eet Fo\u010de, kada se sagradi kompleks vrijedan 520 milona eura, imati korist od 1,5 miliona na godi\u0161njem nivou.<\/p>\n<p>&#8211; To zna\u010di da \u0107e svi stanovnici Fo\u010de, bez obzira na nacionalnu i vjersku pripadnost, imati koristi, poru\u010dio je Vi\u0161kovi\u0107, javlja Srna.<\/p>\n<p>Premijer Republike Srpske je rekao da postoji bojazan da \u0107e BiH do\u0107i u situaciju da uvozi elektri\u010dnu energiju, iako je danas izvozi.<\/p>\n<p>&#8211; Dok se ovdje vodio rat, oni su ubrzano grabili prema tehnolo\u0161kom napretku. Mi samo ostali iza i oni nas \u010dekaju da ka\u017eu Vi vi\u0161e ne mo\u017eete proizvoditi elektri\u010dnu energiju ili, i ako mo\u017eete pla\u0107at \u0107ete zelenu taksu, pojasnio je Vi\u0161kovi\u0107 i dodao da se iz tog razloga i radi na ubrzanoj izgradnji energetskih kapaciteta.<\/p>\n<p>On je podsjetio da je na zajedni\u010dkoj sjednici vlada Srbije i Republike Srpske, koja je odr\u017eana prije nekoliko dana, napravljena analiza da kompleks HES &#8220;Gornja Drina&#8221; bude sagra\u0111en za \u010detiri godine.<\/p>\n<p>Vi\u0161kovi\u0107 je poru\u010dio da Kancelarija visokog predstavnika u BiH to treba da pozdravi, a ne da osu\u0111uje.<\/p>\n<p>&#8211; Samo do\u0111e dopis &#8211; niste trebali raditi, trebali ste sa\u010dekati. Mo\u017eemo \u010dekati jo\u0161 narednih 20 godina, ali ti se onda potpi\u0161i i obe\u0107aj da ne\u0107e biti uvedene takse 30-te godine. Recite da \u0107e BiH biti oslobo\u0111ena svih tih taksi narednih 100 godina, pa \u0107emo imati vremena da se malo igramo, gospodine Valentine Incko, kategori\u010dan je Vi\u0161kovi\u0107.<\/p>\n","protected":false},"excerpt":{"rendered":"<p>Predsjednik Vlade Republike Srpske Radovan Vi\u0161kovi\u0107 izrazio je uvjerenje da \u0107e projekat izgradnje hidroelektrana na&hellip;<\/p>\n","protected":false},"author":2,"featured_media":137716,"comment_status":"open","ping_status":"closed","sticky":false,"template":"","format":"standard","meta":{"_acf_changed":false,"footnotes":""},"categories":[291],"tags":[1301],"acf":[],"yoast_head":"<!-- This site is optimized with the Yoast SEO plugin v23.5 - https:\/\/yoast.com\/wordpress\/plugins\/seo\/ -->\n<title>Vi\u0161kovi\u0107 glumi Dodika: &quot;Drina nije nikakva granica, to je teritorija RS-a&quot; - TuzlaInfo.ba<\/title>\n<meta name=\"robots\" content=\"index, follow, max-snippet:-1, max-image-preview:large, max-video-preview:-1\" \/>\n<link rel=\"canonical\" href=\"https:\/\/tuzlainfo.ba\/index.php\/bosna-i-hercegovina\/item\/138015-2viskovic-glumi-dodika-drina-nije-nikakva-granica-to-je-teritorija-rs-a\/\" \/>\n<meta property=\"og:locale\" content=\"bs_BA\" \/>\n<meta property=\"og:type\" content=\"article\" \/>\n<meta property=\"og:title\" content=\"Vi\u0161kovi\u0107 glumi Dodika: &quot;Drina nije nikakva granica, to je teritorija RS-a&quot; - TuzlaInfo.ba\" \/>\n<meta property=\"og:description\" content=\"Predsjednik Vlade Republike Srpske Radovan Vi\u0161kovi\u0107 izrazio je uvjerenje da \u0107e projekat izgradnje hidroelektrana na&hellip;\" \/>\n<meta property=\"og:url\" content=\"https:\/\/tuzlainfo.ba\/index.php\/bosna-i-hercegovina\/item\/138015-2viskovic-glumi-dodika-drina-nije-nikakva-granica-to-je-teritorija-rs-a\/\" \/>\n<meta property=\"og:site_name\" content=\"TuzlaInfo.ba\" \/>\n<meta property=\"article:publisher\" content=\"https:\/\/www.facebook.com\/tuzlainfo.ba\/\" \/>\n<meta property=\"article:published_time\" content=\"2021-05-21T19:22:57+00:00\" \/>\n<meta property=\"article:modified_time\" content=\"2021-05-21T19:23:34+00:00\" \/>\n<meta property=\"og:image\" content=\"https:\/\/tuzlainfo.ba\/wp-content\/uploads\/2021\/05\/1705_brnabic_viskovic.jpg\" \/>\n\t<meta property=\"og:image:width\" content=\"960\" \/>\n\t<meta property=\"og:image:height\" content=\"640\" \/>\n\t<meta property=\"og:image:type\" content=\"image\/jpeg\" \/>\n<meta name=\"author\" content=\"nedim\" \/>\n<meta name=\"twitter:card\" content=\"summary_large_image\" \/>\n<meta name=\"twitter:label1\" content=\"Written by\" \/>\n\t<meta name=\"twitter:data1\" content=\"nedim\" \/>\n\t<meta name=\"twitter:label2\" content=\"Est. reading time\" \/>\n\t<meta name=\"twitter:data2\" content=\"2 minute\" \/>\n<script type=\"application\/ld+json\" class=\"yoast-schema-graph\">{\"@context\":\"https:\/\/schema.org\",\"@graph\":[{\"@type\":\"Article\",\"@id\":\"https:\/\/tuzlainfo.ba\/index.php\/bosna-i-hercegovina\/item\/138015-2viskovic-glumi-dodika-drina-nije-nikakva-granica-to-je-teritorija-rs-a\/#article\",\"isPartOf\":{\"@id\":\"https:\/\/tuzlainfo.ba\/index.php\/bosna-i-hercegovina\/item\/138015-2viskovic-glumi-dodika-drina-nije-nikakva-granica-to-je-teritorija-rs-a\/\"},\"author\":{\"name\":\"nedim\",\"@id\":\"https:\/\/tuzlainfo.ba\/#\/schema\/person\/f434e20dc27ea133923aab08451b7f7f\"},\"headline\":\"Vi\u0161kovi\u0107 glumi Dodika: &#8220;Drina nije nikakva granica, to je teritorija RS-a&#8221;\",\"datePublished\":\"2021-05-21T19:22:57+00:00\",\"dateModified\":\"2021-05-21T19:23:34+00:00\",\"mainEntityOfPage\":{\"@id\":\"https:\/\/tuzlainfo.ba\/index.php\/bosna-i-hercegovina\/item\/138015-2viskovic-glumi-dodika-drina-nije-nikakva-granica-to-je-teritorija-rs-a\/\"},\"wordCount\":423,\"commentCount\":0,\"publisher\":{\"@id\":\"https:\/\/tuzlainfo.ba\/#organization\"},\"image\":{\"@id\":\"https:\/\/tuzlainfo.ba\/index.php\/bosna-i-hercegovina\/item\/138015-2viskovic-glumi-dodika-drina-nije-nikakva-granica-to-je-teritorija-rs-a\/#primaryimage\"},\"thumbnailUrl\":\"https:\/\/tuzlainfo.ba\/wp-content\/uploads\/2021\/05\/1705_brnabic_viskovic.jpg\",\"keywords\":[\"Radovan Vi\u0161kovi\u0107\"],\"articleSection\":[\"Bosna i Hercegovina\"],\"inLanguage\":\"bs-BA\"},{\"@type\":\"WebPage\",\"@id\":\"https:\/\/tuzlainfo.ba\/index.php\/bosna-i-hercegovina\/item\/138015-2viskovic-glumi-dodika-drina-nije-nikakva-granica-to-je-teritorija-rs-a\/\",\"url\":\"https:\/\/tuzlainfo.ba\/index.php\/bosna-i-hercegovina\/item\/138015-2viskovic-glumi-dodika-drina-nije-nikakva-granica-to-je-teritorija-rs-a\/\",\"name\":\"Vi\u0161kovi\u0107 glumi Dodika: \\\"Drina nije nikakva granica, to je teritorija RS-a\\\" - TuzlaInfo.ba\",\"isPartOf\":{\"@id\":\"https:\/\/tuzlainfo.ba\/#website\"},\"primaryImageOfPage\":{\"@id\":\"https:\/\/tuzlainfo.ba\/index.php\/bosna-i-hercegovina\/item\/138015-2viskovic-glumi-dodika-drina-nije-nikakva-granica-to-je-teritorija-rs-a\/#primaryimage\"},\"image\":{\"@id\":\"https:\/\/tuzlainfo.ba\/index.php\/bosna-i-hercegovina\/item\/138015-2viskovic-glumi-dodika-drina-nije-nikakva-granica-to-je-teritorija-rs-a\/#primaryimage\"},\"thumbnailUrl\":\"https:\/\/tuzlainfo.ba\/wp-content\/uploads\/2021\/05\/1705_brnabic_viskovic.jpg\",\"datePublished\":\"2021-05-21T19:22:57+00:00\",\"dateModified\":\"2021-05-21T19:23:34+00:00\",\"breadcrumb\":{\"@id\":\"https:\/\/tuzlainfo.ba\/index.php\/bosna-i-hercegovina\/item\/138015-2viskovic-glumi-dodika-drina-nije-nikakva-granica-to-je-teritorija-rs-a\/#breadcrumb\"},\"inLanguage\":\"bs-BA\",\"potentialAction\":[{\"@type\":\"ReadAction\",\"target\":[\"https:\/\/tuzlainfo.ba\/index.php\/bosna-i-hercegovina\/item\/138015-2viskovic-glumi-dodika-drina-nije-nikakva-granica-to-je-teritorija-rs-a\/\"]}]},{\"@type\":\"ImageObject\",\"inLanguage\":\"bs-BA\",\"@id\":\"https:\/\/tuzlainfo.ba\/index.php\/bosna-i-hercegovina\/item\/138015-2viskovic-glumi-dodika-drina-nije-nikakva-granica-to-je-teritorija-rs-a\/#primaryimage\",\"url\":\"https:\/\/tuzlainfo.ba\/wp-content\/uploads\/2021\/05\/1705_brnabic_viskovic.jpg\",\"contentUrl\":\"https:\/\/tuzlainfo.ba\/wp-content\/uploads\/2021\/05\/1705_brnabic_viskovic.jpg\",\"width\":960,\"height\":640},{\"@type\":\"BreadcrumbList\",\"@id\":\"https:\/\/tuzlainfo.ba\/index.php\/bosna-i-hercegovina\/item\/138015-2viskovic-glumi-dodika-drina-nije-nikakva-granica-to-je-teritorija-rs-a\/#breadcrumb\",\"itemListElement\":[{\"@type\":\"ListItem\",\"position\":1,\"name\":\"Home\",\"item\":\"https:\/\/tuzlainfo.ba\/\"},{\"@type\":\"ListItem\",\"position\":2,\"name\":\"Vi\u0161kovi\u0107 glumi Dodika: &#8220;Drina nije nikakva granica, to je teritorija RS-a&#8221;\"}]},{\"@type\":\"WebSite\",\"@id\":\"https:\/\/tuzlainfo.ba\/#website\",\"url\":\"https:\/\/tuzlainfo.ba\/\",\"name\":\"TuzlaInfo.ba\",\"description\":\"Tuzla info, gradski informator - Tuzla na dlanu\",\"publisher\":{\"@id\":\"https:\/\/tuzlainfo.ba\/#organization\"},\"potentialAction\":[{\"@type\":\"SearchAction\",\"target\":{\"@type\":\"EntryPoint\",\"urlTemplate\":\"https:\/\/tuzlainfo.ba\/?s={search_term_string}\"},\"query-input\":{\"@type\":\"PropertyValueSpecification\",\"valueRequired\":true,\"valueName\":\"search_term_string\"}}],\"inLanguage\":\"bs-BA\"},{\"@type\":\"Organization\",\"@id\":\"https:\/\/tuzlainfo.ba\/#organization\",\"name\":\"TuzlaInfo.ba\",\"url\":\"https:\/\/tuzlainfo.ba\/\",\"logo\":{\"@type\":\"ImageObject\",\"inLanguage\":\"bs-BA\",\"@id\":\"https:\/\/tuzlainfo.ba\/#\/schema\/logo\/image\/\",\"url\":\"https:\/\/tuzlainfo.ba\/wp-content\/uploads\/2021\/03\/logo-ver-3-1.png\",\"contentUrl\":\"https:\/\/tuzlainfo.ba\/wp-content\/uploads\/2021\/03\/logo-ver-3-1.png\",\"width\":350,\"height\":95,\"caption\":\"TuzlaInfo.ba\"},\"image\":{\"@id\":\"https:\/\/tuzlainfo.ba\/#\/schema\/logo\/image\/\"},\"sameAs\":[\"https:\/\/www.facebook.com\/tuzlainfo.ba\/\"]},{\"@type\":\"Person\",\"@id\":\"https:\/\/tuzlainfo.ba\/#\/schema\/person\/f434e20dc27ea133923aab08451b7f7f\",\"name\":\"nedim\",\"image\":{\"@type\":\"ImageObject\",\"inLanguage\":\"bs-BA\",\"@id\":\"https:\/\/tuzlainfo.ba\/#\/schema\/person\/image\/\",\"url\":\"https:\/\/tuzlainfo.ba\/wp-content\/litespeed\/avatar\/aabad687af24844af817603ac1cbdc4f.jpg?ver=1776702173\",\"contentUrl\":\"https:\/\/tuzlainfo.ba\/wp-content\/litespeed\/avatar\/aabad687af24844af817603ac1cbdc4f.jpg?ver=1776702173\",\"caption\":\"nedim\"},\"description\":\"Tuzlainfo.ba pratite na dru\u0161tvenim mre\u017eama: Facebook, Instagram i Youtube. Svoje pri\u010de, upite i fotografije \u0161aljite na na\u0161u e-mail adresu.\"}]}<\/script>\n<!-- \/ Yoast SEO plugin. -->","yoast_head_json":{"title":"Vi\u0161kovi\u0107 glumi Dodika: \"Drina nije nikakva granica, to je teritorija RS-a\" - TuzlaInfo.ba","robots":{"index":"index","follow":"follow","max-snippet":"max-snippet:-1","max-image-preview":"max-image-preview:large","max-video-preview":"max-video-preview:-1"},"canonical":"https:\/\/tuzlainfo.ba\/index.php\/bosna-i-hercegovina\/item\/138015-2viskovic-glumi-dodika-drina-nije-nikakva-granica-to-je-teritorija-rs-a\/","og_locale":"bs_BA","og_type":"article","og_title":"Vi\u0161kovi\u0107 glumi Dodika: \"Drina nije nikakva granica, to je teritorija RS-a\" - TuzlaInfo.ba","og_description":"Predsjednik Vlade Republike Srpske Radovan Vi\u0161kovi\u0107 izrazio je uvjerenje da \u0107e projekat izgradnje hidroelektrana na&hellip;","og_url":"https:\/\/tuzlainfo.ba\/index.php\/bosna-i-hercegovina\/item\/138015-2viskovic-glumi-dodika-drina-nije-nikakva-granica-to-je-teritorija-rs-a\/","og_site_name":"TuzlaInfo.ba","article_publisher":"https:\/\/www.facebook.com\/tuzlainfo.ba\/","article_published_time":"2021-05-21T19:22:57+00:00","article_modified_time":"2021-05-21T19:23:34+00:00","og_image":[{"width":960,"height":640,"url":"https:\/\/tuzlainfo.ba\/wp-content\/uploads\/2021\/05\/1705_brnabic_viskovic.jpg","type":"image\/jpeg"}],"author":"nedim","twitter_card":"summary_large_image","twitter_misc":{"Written by":"nedim","Est. reading time":"2 minute"},"schema":{"@context":"https:\/\/schema.org","@graph":[{"@type":"Article","@id":"https:\/\/tuzlainfo.ba\/index.php\/bosna-i-hercegovina\/item\/138015-2viskovic-glumi-dodika-drina-nije-nikakva-granica-to-je-teritorija-rs-a\/#article","isPartOf":{"@id":"https:\/\/tuzlainfo.ba\/index.php\/bosna-i-hercegovina\/item\/138015-2viskovic-glumi-dodika-drina-nije-nikakva-granica-to-je-teritorija-rs-a\/"},"author":{"name":"nedim","@id":"https:\/\/tuzlainfo.ba\/#\/schema\/person\/f434e20dc27ea133923aab08451b7f7f"},"headline":"Vi\u0161kovi\u0107 glumi Dodika: &#8220;Drina nije nikakva granica, to je teritorija RS-a&#8221;","datePublished":"2021-05-21T19:22:57+00:00","dateModified":"2021-05-21T19:23:34+00:00","mainEntityOfPage":{"@id":"https:\/\/tuzlainfo.ba\/index.php\/bosna-i-hercegovina\/item\/138015-2viskovic-glumi-dodika-drina-nije-nikakva-granica-to-je-teritorija-rs-a\/"},"wordCount":423,"commentCount":0,"publisher":{"@id":"https:\/\/tuzlainfo.ba\/#organization"},"image":{"@id":"https:\/\/tuzlainfo.ba\/index.php\/bosna-i-hercegovina\/item\/138015-2viskovic-glumi-dodika-drina-nije-nikakva-granica-to-je-teritorija-rs-a\/#primaryimage"},"thumbnailUrl":"https:\/\/tuzlainfo.ba\/wp-content\/uploads\/2021\/05\/1705_brnabic_viskovic.jpg","keywords":["Radovan Vi\u0161kovi\u0107"],"articleSection":["Bosna i Hercegovina"],"inLanguage":"bs-BA"},{"@type":"WebPage","@id":"https:\/\/tuzlainfo.ba\/index.php\/bosna-i-hercegovina\/item\/138015-2viskovic-glumi-dodika-drina-nije-nikakva-granica-to-je-teritorija-rs-a\/","url":"https:\/\/tuzlainfo.ba\/index.php\/bosna-i-hercegovina\/item\/138015-2viskovic-glumi-dodika-drina-nije-nikakva-granica-to-je-teritorija-rs-a\/","name":"Vi\u0161kovi\u0107 glumi Dodika: \"Drina nije nikakva granica, to je teritorija RS-a\" - TuzlaInfo.ba","isPartOf":{"@id":"https:\/\/tuzlainfo.ba\/#website"},"primaryImageOfPage":{"@id":"https:\/\/tuzlainfo.ba\/index.php\/bosna-i-hercegovina\/item\/138015-2viskovic-glumi-dodika-drina-nije-nikakva-granica-to-je-teritorija-rs-a\/#primaryimage"},"image":{"@id":"https:\/\/tuzlainfo.ba\/index.php\/bosna-i-hercegovina\/item\/138015-2viskovic-glumi-dodika-drina-nije-nikakva-granica-to-je-teritorija-rs-a\/#primaryimage"},"thumbnailUrl":"https:\/\/tuzlainfo.ba\/wp-content\/uploads\/2021\/05\/1705_brnabic_viskovic.jpg","datePublished":"2021-05-21T19:22:57+00:00","dateModified":"2021-05-21T19:23:34+00:00","breadcrumb":{"@id":"https:\/\/tuzlainfo.ba\/index.php\/bosna-i-hercegovina\/item\/138015-2viskovic-glumi-dodika-drina-nije-nikakva-granica-to-je-teritorija-rs-a\/#breadcrumb"},"inLanguage":"bs-BA","potentialAction":[{"@type":"ReadAction","target":["https:\/\/tuzlainfo.ba\/index.php\/bosna-i-hercegovina\/item\/138015-2viskovic-glumi-dodika-drina-nije-nikakva-granica-to-je-teritorija-rs-a\/"]}]},{"@type":"ImageObject","inLanguage":"bs-BA","@id":"https:\/\/tuzlainfo.ba\/index.php\/bosna-i-hercegovina\/item\/138015-2viskovic-glumi-dodika-drina-nije-nikakva-granica-to-je-teritorija-rs-a\/#primaryimage","url":"https:\/\/tuzlainfo.ba\/wp-content\/uploads\/2021\/05\/1705_brnabic_viskovic.jpg","contentUrl":"https:\/\/tuzlainfo.ba\/wp-content\/uploads\/2021\/05\/1705_brnabic_viskovic.jpg","width":960,"height":640},{"@type":"BreadcrumbList","@id":"https:\/\/tuzlainfo.ba\/index.php\/bosna-i-hercegovina\/item\/138015-2viskovic-glumi-dodika-drina-nije-nikakva-granica-to-je-teritorija-rs-a\/#breadcrumb","itemListElement":[{"@type":"ListItem","position":1,"name":"Home","item":"https:\/\/tuzlainfo.ba\/"},{"@type":"ListItem","position":2,"name":"Vi\u0161kovi\u0107 glumi Dodika: &#8220;Drina nije nikakva granica, to je teritorija RS-a&#8221;"}]},{"@type":"WebSite","@id":"https:\/\/tuzlainfo.ba\/#website","url":"https:\/\/tuzlainfo.ba\/","name":"TuzlaInfo.ba","description":"Tuzla info, gradski informator - Tuzla na dlanu","publisher":{"@id":"https:\/\/tuzlainfo.ba\/#organization"},"potentialAction":[{"@type":"SearchAction","target":{"@type":"EntryPoint","urlTemplate":"https:\/\/tuzlainfo.ba\/?s={search_term_string}"},"query-input":{"@type":"PropertyValueSpecification","valueRequired":true,"valueName":"search_term_string"}}],"inLanguage":"bs-BA"},{"@type":"Organization","@id":"https:\/\/tuzlainfo.ba\/#organization","name":"TuzlaInfo.ba","url":"https:\/\/tuzlainfo.ba\/","logo":{"@type":"ImageObject","inLanguage":"bs-BA","@id":"https:\/\/tuzlainfo.ba\/#\/schema\/logo\/image\/","url":"https:\/\/tuzlainfo.ba\/wp-content\/uploads\/2021\/03\/logo-ver-3-1.png","contentUrl":"https:\/\/tuzlainfo.ba\/wp-content\/uploads\/2021\/03\/logo-ver-3-1.png","width":350,"height":95,"caption":"TuzlaInfo.ba"},"image":{"@id":"https:\/\/tuzlainfo.ba\/#\/schema\/logo\/image\/"},"sameAs":["https:\/\/www.facebook.com\/tuzlainfo.ba\/"]},{"@type":"Person","@id":"https:\/\/tuzlainfo.ba\/#\/schema\/person\/f434e20dc27ea133923aab08451b7f7f","name":"nedim","image":{"@type":"ImageObject","inLanguage":"bs-BA","@id":"https:\/\/tuzlainfo.ba\/#\/schema\/person\/image\/","url":"https:\/\/tuzlainfo.ba\/wp-content\/litespeed\/avatar\/aabad687af24844af817603ac1cbdc4f.jpg?ver=1776702173","contentUrl":"https:\/\/tuzlainfo.ba\/wp-content\/litespeed\/avatar\/aabad687af24844af817603ac1cbdc4f.jpg?ver=1776702173","caption":"nedim"},"description":"Tuzlainfo.ba pratite na dru\u0161tvenim mre\u017eama: Facebook, Instagram i Youtube. Svoje pri\u010de, upite i fotografije \u0161aljite na na\u0161u e-mail adresu."}]}},"_links":{"self":[{"href":"https:\/\/tuzlainfo.ba\/index.php\/wp-json\/wp\/v2\/posts\/138015"}],"collection":[{"href":"https:\/\/tuzlainfo.ba\/index.php\/wp-json\/wp\/v2\/posts"}],"about":[{"href":"https:\/\/tuzlainfo.ba\/index.php\/wp-json\/wp\/v2\/types\/post"}],"author":[{"embeddable":true,"href":"https:\/\/tuzlainfo.ba\/index.php\/wp-json\/wp\/v2\/users\/2"}],"replies":[{"embeddable":true,"href":"https:\/\/tuzlainfo.ba\/index.php\/wp-json\/wp\/v2\/comments?post=138015"}],"version-history":[{"count":0,"href":"https:\/\/tuzlainfo.ba\/index.php\/wp-json\/wp\/v2\/posts\/138015\/revisions"}],"wp:featuredmedia":[{"embeddable":true,"href":"https:\/\/tuzlainfo.ba\/index.php\/wp-json\/wp\/v2\/media\/137716"}],"wp:attachment":[{"href":"https:\/\/tuzlainfo.ba\/index.php\/wp-json\/wp\/v2\/media?parent=138015"}],"wp:term":[{"taxonomy":"category","embeddable":true,"href":"https:\/\/tuzlainfo.ba\/index.php\/wp-json\/wp\/v2\/categories?post=138015"},{"taxonomy":"post_tag","embeddable":true,"href":"https:\/\/tuzlainfo.ba\/index.php\/wp-json\/wp\/v2\/tags?post=138015"}],"curies":[{"name":"wp","href":"https:\/\/api.w.org\/{rel}","templated":true}]}}