{"id":137784,"date":"2021-05-18T17:00:05","date_gmt":"2021-05-18T15:00:05","guid":{"rendered":"https:\/\/tuzlainfo.ba\/?p=137784"},"modified":"2021-05-18T14:48:59","modified_gmt":"2021-05-18T12:48:59","slug":"parlamentarna-vecina-u-gv-tuzla-uskoro-novi-statut-grada-tuzla","status":"publish","type":"post","link":"https:\/\/tuzlainfo.ba\/index.php\/novosti\/item\/137784-parlamentarna-vecina-u-gv-tuzla-uskoro-novi-statut-grada-tuzla\/","title":{"rendered":"Parlamentarna ve\u0107ina u GV Tuzla: Uskoro novi Statut Grada Tuzla"},"content":{"rendered":"<p>Parlamentarna ve\u0107ina u Gradskom vije\u0107u Tuzla uputila je Komisiji za statutarna pitanja i propise zahtjev za hitno odr\u017eavanje sjednice\u00a0 kako bi predlo\u017eili prijedlog Statuta Grada Tuzla.<\/p>\n<p>\u02ddO\u010dekujemo da se na narednoj petoj redovnoj sjednici Gradskog vije\u0107a Tuzla, koja se planira odr\u017eati 27.05.2021. godine, <strong>a u skladu sa Programom rada Gradskog vije\u0107a koji je predlo\u017eila i usvojila parlamentarna ve\u0107ina, <\/strong>razmatra prijedlog Statuta Grada Tuzle.<\/p>\n<p>Ovaj vrlo va\u017ean dokument za Grad Tuzlu i njene gra\u0111ane predvi\u0111a, da gra\u0111ani u mjesnim zajednicama na neposrednim izborima imaju pravo birati i biti birani za \u010dlanove savjeta mjesnih zajednica. Osim toga, Statutom Grada Tuzle, uvodi se mogu\u0107nost izbora vi\u0161e zamjenika predsjedavaju\u0107eg Gradskog vije\u0107a Tuzla,<strong> \u0161to otvara mogu\u0107nost, da se u li\u010dnostima predsjedavaju\u0107eg i vi\u0161e zamjenika predsjedavaju\u0107eg obezbijedi nacionalna struktura, koja \u0107e odra\u017eavati strukturu stanovni\u0161tva u Gradu Tuzli. To \u0107e se nakon usvajanja Statuta Grada Tuzle, urediti <\/strong>\u00a0Poslovnikom o radu Gradskog vije\u0107a Tuzla.<\/p>\n<p>Nakon \u0161to se Statut Grada Tuzle usvoji i stupi na pravnu snagu, pristupit \u0107e se izradi i dono\u0161enju posebne odluke, kojom \u0107e se urediti uslovi i na\u010din provo\u0111enja izbora za savjete mjesnih zajednica, uskla\u0111ivanju statuta mjesnih zajendica sa Statutom Grada Tuzle, a ve\u0107 na narednoj sjednici Gradskog vije\u0107a, pristupit \u0107e se dono\u0161enju izmjena i dopuna Poslovnika Gradskog vije\u0107a Tuzla.<strong> O\u010dekujemo da od 27.05.2021. godine imamo usvojen novi Statut Grada Tuzla\u02dd, &#8211; <\/strong>saop\u0161tila je parlamentarna ve\u0107ina u Gradskom vije\u0107u Tuzla.<\/p>\n","protected":false},"excerpt":{"rendered":"<p>Parlamentarna ve\u0107ina u Gradskom vije\u0107u Tuzla uputila je Komisiji za statutarna pitanja i propise zahtjev&hellip;<\/p>\n","protected":false},"author":3,"featured_media":134317,"comment_status":"open","ping_status":"closed","sticky":false,"template":"","format":"standard","meta":{"_acf_changed":false,"footnotes":""},"categories":[304,12],"tags":[1247,1248],"acf":[],"yoast_head":"<!-- This site is optimized with the Yoast SEO plugin v23.5 - https:\/\/yoast.com\/wordpress\/plugins\/seo\/ -->\n<title>Parlamentarna ve\u0107ina u GV Tuzla: Uskoro novi Statut Grada Tuzla - TuzlaInfo.ba<\/title>\n<meta name=\"robots\" content=\"index, follow, max-snippet:-1, max-image-preview:large, max-video-preview:-1\" \/>\n<link rel=\"canonical\" href=\"https:\/\/tuzlainfo.ba\/index.php\/novosti\/item\/137784-parlamentarna-vecina-u-gv-tuzla-uskoro-novi-statut-grada-tuzla\/\" \/>\n<meta property=\"og:locale\" content=\"bs_BA\" \/>\n<meta property=\"og:type\" content=\"article\" \/>\n<meta property=\"og:title\" content=\"Parlamentarna ve\u0107ina u GV Tuzla: Uskoro novi Statut Grada Tuzla - TuzlaInfo.ba\" \/>\n<meta property=\"og:description\" content=\"Parlamentarna ve\u0107ina u Gradskom vije\u0107u Tuzla uputila je Komisiji za statutarna pitanja i propise zahtjev&hellip;\" \/>\n<meta property=\"og:url\" content=\"https:\/\/tuzlainfo.ba\/index.php\/novosti\/item\/137784-parlamentarna-vecina-u-gv-tuzla-uskoro-novi-statut-grada-tuzla\/\" \/>\n<meta property=\"og:site_name\" content=\"TuzlaInfo.ba\" \/>\n<meta property=\"article:publisher\" content=\"https:\/\/www.facebook.com\/tuzlainfo.ba\/\" \/>\n<meta property=\"article:published_time\" content=\"2021-05-18T15:00:05+00:00\" \/>\n<meta property=\"article:modified_time\" content=\"2021-05-18T12:48:59+00:00\" \/>\n<meta property=\"og:image\" content=\"https:\/\/tuzlainfo.ba\/wp-content\/uploads\/2021\/03\/sadrzaj_2021_20210301_2903_natasa.jpg\" \/>\n\t<meta property=\"og:image:width\" content=\"770\" \/>\n\t<meta property=\"og:image:height\" content=\"513\" \/>\n\t<meta property=\"og:image:type\" content=\"image\/jpeg\" \/>\n<meta name=\"author\" content=\"admin2\" \/>\n<meta name=\"twitter:card\" content=\"summary_large_image\" \/>\n<meta name=\"twitter:label1\" content=\"Written by\" \/>\n\t<meta name=\"twitter:data1\" content=\"admin2\" \/>\n\t<meta name=\"twitter:label2\" content=\"Est. reading time\" \/>\n\t<meta name=\"twitter:data2\" content=\"1 minuta\" \/>\n<script type=\"application\/ld+json\" class=\"yoast-schema-graph\">{\"@context\":\"https:\/\/schema.org\",\"@graph\":[{\"@type\":\"Article\",\"@id\":\"https:\/\/tuzlainfo.ba\/index.php\/novosti\/item\/137784-parlamentarna-vecina-u-gv-tuzla-uskoro-novi-statut-grada-tuzla\/#article\",\"isPartOf\":{\"@id\":\"https:\/\/tuzlainfo.ba\/index.php\/novosti\/item\/137784-parlamentarna-vecina-u-gv-tuzla-uskoro-novi-statut-grada-tuzla\/\"},\"author\":{\"name\":\"admin2\",\"@id\":\"https:\/\/tuzlainfo.ba\/#\/schema\/person\/f4ebe4fff27e68efb65fa7e18f8af372\"},\"headline\":\"Parlamentarna ve\u0107ina u GV Tuzla: Uskoro novi Statut Grada Tuzla\",\"datePublished\":\"2021-05-18T15:00:05+00:00\",\"dateModified\":\"2021-05-18T12:48:59+00:00\",\"mainEntityOfPage\":{\"@id\":\"https:\/\/tuzlainfo.ba\/index.php\/novosti\/item\/137784-parlamentarna-vecina-u-gv-tuzla-uskoro-novi-statut-grada-tuzla\/\"},\"wordCount\":271,\"commentCount\":0,\"publisher\":{\"@id\":\"https:\/\/tuzlainfo.ba\/#organization\"},\"image\":{\"@id\":\"https:\/\/tuzlainfo.ba\/index.php\/novosti\/item\/137784-parlamentarna-vecina-u-gv-tuzla-uskoro-novi-statut-grada-tuzla\/#primaryimage\"},\"thumbnailUrl\":\"https:\/\/tuzlainfo.ba\/wp-content\/uploads\/2021\/03\/sadrzaj_2021_20210301_2903_natasa.jpg\",\"keywords\":[\"parlamentarna ve\u0107ina u gv tuzla\",\"statut grada\"],\"articleSection\":[\"Istaknuto\",\"Novosti\"],\"inLanguage\":\"bs-BA\"},{\"@type\":\"WebPage\",\"@id\":\"https:\/\/tuzlainfo.ba\/index.php\/novosti\/item\/137784-parlamentarna-vecina-u-gv-tuzla-uskoro-novi-statut-grada-tuzla\/\",\"url\":\"https:\/\/tuzlainfo.ba\/index.php\/novosti\/item\/137784-parlamentarna-vecina-u-gv-tuzla-uskoro-novi-statut-grada-tuzla\/\",\"name\":\"Parlamentarna ve\u0107ina u GV Tuzla: Uskoro novi Statut Grada Tuzla - TuzlaInfo.ba\",\"isPartOf\":{\"@id\":\"https:\/\/tuzlainfo.ba\/#website\"},\"primaryImageOfPage\":{\"@id\":\"https:\/\/tuzlainfo.ba\/index.php\/novosti\/item\/137784-parlamentarna-vecina-u-gv-tuzla-uskoro-novi-statut-grada-tuzla\/#primaryimage\"},\"image\":{\"@id\":\"https:\/\/tuzlainfo.ba\/index.php\/novosti\/item\/137784-parlamentarna-vecina-u-gv-tuzla-uskoro-novi-statut-grada-tuzla\/#primaryimage\"},\"thumbnailUrl\":\"https:\/\/tuzlainfo.ba\/wp-content\/uploads\/2021\/03\/sadrzaj_2021_20210301_2903_natasa.jpg\",\"datePublished\":\"2021-05-18T15:00:05+00:00\",\"dateModified\":\"2021-05-18T12:48:59+00:00\",\"breadcrumb\":{\"@id\":\"https:\/\/tuzlainfo.ba\/index.php\/novosti\/item\/137784-parlamentarna-vecina-u-gv-tuzla-uskoro-novi-statut-grada-tuzla\/#breadcrumb\"},\"inLanguage\":\"bs-BA\",\"potentialAction\":[{\"@type\":\"ReadAction\",\"target\":[\"https:\/\/tuzlainfo.ba\/index.php\/novosti\/item\/137784-parlamentarna-vecina-u-gv-tuzla-uskoro-novi-statut-grada-tuzla\/\"]}]},{\"@type\":\"ImageObject\",\"inLanguage\":\"bs-BA\",\"@id\":\"https:\/\/tuzlainfo.ba\/index.php\/novosti\/item\/137784-parlamentarna-vecina-u-gv-tuzla-uskoro-novi-statut-grada-tuzla\/#primaryimage\",\"url\":\"https:\/\/tuzlainfo.ba\/wp-content\/uploads\/2021\/03\/sadrzaj_2021_20210301_2903_natasa.jpg\",\"contentUrl\":\"https:\/\/tuzlainfo.ba\/wp-content\/uploads\/2021\/03\/sadrzaj_2021_20210301_2903_natasa.jpg\",\"width\":770,\"height\":513,\"caption\":\"2903 natasa\"},{\"@type\":\"BreadcrumbList\",\"@id\":\"https:\/\/tuzlainfo.ba\/index.php\/novosti\/item\/137784-parlamentarna-vecina-u-gv-tuzla-uskoro-novi-statut-grada-tuzla\/#breadcrumb\",\"itemListElement\":[{\"@type\":\"ListItem\",\"position\":1,\"name\":\"Home\",\"item\":\"https:\/\/tuzlainfo.ba\/\"},{\"@type\":\"ListItem\",\"position\":2,\"name\":\"Parlamentarna ve\u0107ina u GV Tuzla: Uskoro novi Statut Grada Tuzla\"}]},{\"@type\":\"WebSite\",\"@id\":\"https:\/\/tuzlainfo.ba\/#website\",\"url\":\"https:\/\/tuzlainfo.ba\/\",\"name\":\"TuzlaInfo.ba\",\"description\":\"Tuzla info, gradski informator - Tuzla na dlanu\",\"publisher\":{\"@id\":\"https:\/\/tuzlainfo.ba\/#organization\"},\"potentialAction\":[{\"@type\":\"SearchAction\",\"target\":{\"@type\":\"EntryPoint\",\"urlTemplate\":\"https:\/\/tuzlainfo.ba\/?s={search_term_string}\"},\"query-input\":{\"@type\":\"PropertyValueSpecification\",\"valueRequired\":true,\"valueName\":\"search_term_string\"}}],\"inLanguage\":\"bs-BA\"},{\"@type\":\"Organization\",\"@id\":\"https:\/\/tuzlainfo.ba\/#organization\",\"name\":\"TuzlaInfo.ba\",\"url\":\"https:\/\/tuzlainfo.ba\/\",\"logo\":{\"@type\":\"ImageObject\",\"inLanguage\":\"bs-BA\",\"@id\":\"https:\/\/tuzlainfo.ba\/#\/schema\/logo\/image\/\",\"url\":\"https:\/\/tuzlainfo.ba\/wp-content\/uploads\/2021\/03\/logo-ver-3-1.png\",\"contentUrl\":\"https:\/\/tuzlainfo.ba\/wp-content\/uploads\/2021\/03\/logo-ver-3-1.png\",\"width\":350,\"height\":95,\"caption\":\"TuzlaInfo.ba\"},\"image\":{\"@id\":\"https:\/\/tuzlainfo.ba\/#\/schema\/logo\/image\/\"},\"sameAs\":[\"https:\/\/www.facebook.com\/tuzlainfo.ba\/\"]},{\"@type\":\"Person\",\"@id\":\"https:\/\/tuzlainfo.ba\/#\/schema\/person\/f4ebe4fff27e68efb65fa7e18f8af372\",\"name\":\"admin2\",\"image\":{\"@type\":\"ImageObject\",\"inLanguage\":\"bs-BA\",\"@id\":\"https:\/\/tuzlainfo.ba\/#\/schema\/person\/image\/\",\"url\":\"https:\/\/tuzlainfo.ba\/wp-content\/litespeed\/avatar\/8219eeb9a43cff2d096e773737736f62.jpg?ver=1777309398\",\"contentUrl\":\"https:\/\/tuzlainfo.ba\/wp-content\/litespeed\/avatar\/8219eeb9a43cff2d096e773737736f62.jpg?ver=1777309398\",\"caption\":\"admin2\"},\"description\":\"Tuzlainfo.ba pratite na dru\u0161tvenim mre\u017eama: Facebook, Instagram i Youtube. Svoje pri\u010de, upite i fotografije \u0161aljite na na\u0161u e-mail adresu.\",\"sameAs\":[\"admin\"]}]}<\/script>\n<!-- \/ Yoast SEO plugin. -->","yoast_head_json":{"title":"Parlamentarna ve\u0107ina u GV Tuzla: Uskoro novi Statut Grada Tuzla - TuzlaInfo.ba","robots":{"index":"index","follow":"follow","max-snippet":"max-snippet:-1","max-image-preview":"max-image-preview:large","max-video-preview":"max-video-preview:-1"},"canonical":"https:\/\/tuzlainfo.ba\/index.php\/novosti\/item\/137784-parlamentarna-vecina-u-gv-tuzla-uskoro-novi-statut-grada-tuzla\/","og_locale":"bs_BA","og_type":"article","og_title":"Parlamentarna ve\u0107ina u GV Tuzla: Uskoro novi Statut Grada Tuzla - TuzlaInfo.ba","og_description":"Parlamentarna ve\u0107ina u Gradskom vije\u0107u Tuzla uputila je Komisiji za statutarna pitanja i propise zahtjev&hellip;","og_url":"https:\/\/tuzlainfo.ba\/index.php\/novosti\/item\/137784-parlamentarna-vecina-u-gv-tuzla-uskoro-novi-statut-grada-tuzla\/","og_site_name":"TuzlaInfo.ba","article_publisher":"https:\/\/www.facebook.com\/tuzlainfo.ba\/","article_published_time":"2021-05-18T15:00:05+00:00","article_modified_time":"2021-05-18T12:48:59+00:00","og_image":[{"width":770,"height":513,"url":"https:\/\/tuzlainfo.ba\/wp-content\/uploads\/2021\/03\/sadrzaj_2021_20210301_2903_natasa.jpg","type":"image\/jpeg"}],"author":"admin2","twitter_card":"summary_large_image","twitter_misc":{"Written by":"admin2","Est. reading time":"1 minuta"},"schema":{"@context":"https:\/\/schema.org","@graph":[{"@type":"Article","@id":"https:\/\/tuzlainfo.ba\/index.php\/novosti\/item\/137784-parlamentarna-vecina-u-gv-tuzla-uskoro-novi-statut-grada-tuzla\/#article","isPartOf":{"@id":"https:\/\/tuzlainfo.ba\/index.php\/novosti\/item\/137784-parlamentarna-vecina-u-gv-tuzla-uskoro-novi-statut-grada-tuzla\/"},"author":{"name":"admin2","@id":"https:\/\/tuzlainfo.ba\/#\/schema\/person\/f4ebe4fff27e68efb65fa7e18f8af372"},"headline":"Parlamentarna ve\u0107ina u GV Tuzla: Uskoro novi Statut Grada Tuzla","datePublished":"2021-05-18T15:00:05+00:00","dateModified":"2021-05-18T12:48:59+00:00","mainEntityOfPage":{"@id":"https:\/\/tuzlainfo.ba\/index.php\/novosti\/item\/137784-parlamentarna-vecina-u-gv-tuzla-uskoro-novi-statut-grada-tuzla\/"},"wordCount":271,"commentCount":0,"publisher":{"@id":"https:\/\/tuzlainfo.ba\/#organization"},"image":{"@id":"https:\/\/tuzlainfo.ba\/index.php\/novosti\/item\/137784-parlamentarna-vecina-u-gv-tuzla-uskoro-novi-statut-grada-tuzla\/#primaryimage"},"thumbnailUrl":"https:\/\/tuzlainfo.ba\/wp-content\/uploads\/2021\/03\/sadrzaj_2021_20210301_2903_natasa.jpg","keywords":["parlamentarna ve\u0107ina u gv tuzla","statut grada"],"articleSection":["Istaknuto","Novosti"],"inLanguage":"bs-BA"},{"@type":"WebPage","@id":"https:\/\/tuzlainfo.ba\/index.php\/novosti\/item\/137784-parlamentarna-vecina-u-gv-tuzla-uskoro-novi-statut-grada-tuzla\/","url":"https:\/\/tuzlainfo.ba\/index.php\/novosti\/item\/137784-parlamentarna-vecina-u-gv-tuzla-uskoro-novi-statut-grada-tuzla\/","name":"Parlamentarna ve\u0107ina u GV Tuzla: Uskoro novi Statut Grada Tuzla - TuzlaInfo.ba","isPartOf":{"@id":"https:\/\/tuzlainfo.ba\/#website"},"primaryImageOfPage":{"@id":"https:\/\/tuzlainfo.ba\/index.php\/novosti\/item\/137784-parlamentarna-vecina-u-gv-tuzla-uskoro-novi-statut-grada-tuzla\/#primaryimage"},"image":{"@id":"https:\/\/tuzlainfo.ba\/index.php\/novosti\/item\/137784-parlamentarna-vecina-u-gv-tuzla-uskoro-novi-statut-grada-tuzla\/#primaryimage"},"thumbnailUrl":"https:\/\/tuzlainfo.ba\/wp-content\/uploads\/2021\/03\/sadrzaj_2021_20210301_2903_natasa.jpg","datePublished":"2021-05-18T15:00:05+00:00","dateModified":"2021-05-18T12:48:59+00:00","breadcrumb":{"@id":"https:\/\/tuzlainfo.ba\/index.php\/novosti\/item\/137784-parlamentarna-vecina-u-gv-tuzla-uskoro-novi-statut-grada-tuzla\/#breadcrumb"},"inLanguage":"bs-BA","potentialAction":[{"@type":"ReadAction","target":["https:\/\/tuzlainfo.ba\/index.php\/novosti\/item\/137784-parlamentarna-vecina-u-gv-tuzla-uskoro-novi-statut-grada-tuzla\/"]}]},{"@type":"ImageObject","inLanguage":"bs-BA","@id":"https:\/\/tuzlainfo.ba\/index.php\/novosti\/item\/137784-parlamentarna-vecina-u-gv-tuzla-uskoro-novi-statut-grada-tuzla\/#primaryimage","url":"https:\/\/tuzlainfo.ba\/wp-content\/uploads\/2021\/03\/sadrzaj_2021_20210301_2903_natasa.jpg","contentUrl":"https:\/\/tuzlainfo.ba\/wp-content\/uploads\/2021\/03\/sadrzaj_2021_20210301_2903_natasa.jpg","width":770,"height":513,"caption":"2903 natasa"},{"@type":"BreadcrumbList","@id":"https:\/\/tuzlainfo.ba\/index.php\/novosti\/item\/137784-parlamentarna-vecina-u-gv-tuzla-uskoro-novi-statut-grada-tuzla\/#breadcrumb","itemListElement":[{"@type":"ListItem","position":1,"name":"Home","item":"https:\/\/tuzlainfo.ba\/"},{"@type":"ListItem","position":2,"name":"Parlamentarna ve\u0107ina u GV Tuzla: Uskoro novi Statut Grada Tuzla"}]},{"@type":"WebSite","@id":"https:\/\/tuzlainfo.ba\/#website","url":"https:\/\/tuzlainfo.ba\/","name":"TuzlaInfo.ba","description":"Tuzla info, gradski informator - Tuzla na dlanu","publisher":{"@id":"https:\/\/tuzlainfo.ba\/#organization"},"potentialAction":[{"@type":"SearchAction","target":{"@type":"EntryPoint","urlTemplate":"https:\/\/tuzlainfo.ba\/?s={search_term_string}"},"query-input":{"@type":"PropertyValueSpecification","valueRequired":true,"valueName":"search_term_string"}}],"inLanguage":"bs-BA"},{"@type":"Organization","@id":"https:\/\/tuzlainfo.ba\/#organization","name":"TuzlaInfo.ba","url":"https:\/\/tuzlainfo.ba\/","logo":{"@type":"ImageObject","inLanguage":"bs-BA","@id":"https:\/\/tuzlainfo.ba\/#\/schema\/logo\/image\/","url":"https:\/\/tuzlainfo.ba\/wp-content\/uploads\/2021\/03\/logo-ver-3-1.png","contentUrl":"https:\/\/tuzlainfo.ba\/wp-content\/uploads\/2021\/03\/logo-ver-3-1.png","width":350,"height":95,"caption":"TuzlaInfo.ba"},"image":{"@id":"https:\/\/tuzlainfo.ba\/#\/schema\/logo\/image\/"},"sameAs":["https:\/\/www.facebook.com\/tuzlainfo.ba\/"]},{"@type":"Person","@id":"https:\/\/tuzlainfo.ba\/#\/schema\/person\/f4ebe4fff27e68efb65fa7e18f8af372","name":"admin2","image":{"@type":"ImageObject","inLanguage":"bs-BA","@id":"https:\/\/tuzlainfo.ba\/#\/schema\/person\/image\/","url":"https:\/\/tuzlainfo.ba\/wp-content\/litespeed\/avatar\/8219eeb9a43cff2d096e773737736f62.jpg?ver=1777309398","contentUrl":"https:\/\/tuzlainfo.ba\/wp-content\/litespeed\/avatar\/8219eeb9a43cff2d096e773737736f62.jpg?ver=1777309398","caption":"admin2"},"description":"Tuzlainfo.ba pratite na dru\u0161tvenim mre\u017eama: Facebook, Instagram i Youtube. Svoje pri\u010de, upite i fotografije \u0161aljite na na\u0161u e-mail adresu.","sameAs":["admin"]}]}},"_links":{"self":[{"href":"https:\/\/tuzlainfo.ba\/index.php\/wp-json\/wp\/v2\/posts\/137784"}],"collection":[{"href":"https:\/\/tuzlainfo.ba\/index.php\/wp-json\/wp\/v2\/posts"}],"about":[{"href":"https:\/\/tuzlainfo.ba\/index.php\/wp-json\/wp\/v2\/types\/post"}],"author":[{"embeddable":true,"href":"https:\/\/tuzlainfo.ba\/index.php\/wp-json\/wp\/v2\/users\/3"}],"replies":[{"embeddable":true,"href":"https:\/\/tuzlainfo.ba\/index.php\/wp-json\/wp\/v2\/comments?post=137784"}],"version-history":[{"count":0,"href":"https:\/\/tuzlainfo.ba\/index.php\/wp-json\/wp\/v2\/posts\/137784\/revisions"}],"wp:featuredmedia":[{"embeddable":true,"href":"https:\/\/tuzlainfo.ba\/index.php\/wp-json\/wp\/v2\/media\/134317"}],"wp:attachment":[{"href":"https:\/\/tuzlainfo.ba\/index.php\/wp-json\/wp\/v2\/media?parent=137784"}],"wp:term":[{"taxonomy":"category","embeddable":true,"href":"https:\/\/tuzlainfo.ba\/index.php\/wp-json\/wp\/v2\/categories?post=137784"},{"taxonomy":"post_tag","embeddable":true,"href":"https:\/\/tuzlainfo.ba\/index.php\/wp-json\/wp\/v2\/tags?post=137784"}],"curies":[{"name":"wp","href":"https:\/\/api.w.org\/{rel}","templated":true}]}}