{"id":137765,"date":"2021-05-18T12:55:16","date_gmt":"2021-05-18T10:55:16","guid":{"rendered":"https:\/\/tuzlainfo.ba\/?p=137765"},"modified":"2021-05-18T13:34:57","modified_gmt":"2021-05-18T11:34:57","slug":"clanovi-uprave-rtv-tk-obratili-se-medjunarodnim-institucijama","status":"publish","type":"post","link":"https:\/\/tuzlainfo.ba\/index.php\/novosti\/item\/137765-clanovi-uprave-rtv-tk-obratili-se-medjunarodnim-institucijama\/","title":{"rendered":"\u010clanovi Uprave RTV TK se obratili i me\u0111unarodnim institucijama"},"content":{"rendered":"<p>\u010clanovi Uprave RTV Tuzlanskog kantona u procesu smjene, Kasim Softi\u0107 \u2013 direktor, Admira Baki\u0107 \u2013 izvr\u0161na direktorica za program i Hasan Jahi\u0107 \u2013 izvr\u0161ni direktor za razvoj, ju\u010der su uputili pismo OHR-u, Delegaciji Evropske komisije u, OSCE-u, Ambasadi SAD u BiH, kao i novinarskim udru\u017eenjima, kojim ih obavje\u0161tavaju o situaciji u ovoj medijskoj ku\u0107i i pritiscima kojim su izlo\u017eeni od strane politi\u010dke i izvr\u0161ne vlasti Tuzlanskog kantona.<\/p>\n<p>U pismu navode da je \u201esamo \u0161est mjeseci nakon provedene konkursne procedure\u201c pokrenuta smjena Uprave RTV TK i to po ubrzanom metodu, politi\u010dkim pritiscima i direktnim prijetnjama upu\u0107enim direktoru od strane pojedinih lokalnih politi\u010dkih mo\u0107nika i predstavnika vlasti.<\/p>\n<p>Sve se, isti\u010du, radi na na\u010din \u201esuprotan zakonima dr\u017eave Bosne i Hercegovine, bez ikakvih valjanih obrazlo\u017eenjna i argumenata\u201c.<\/p>\n<p>\u201eIstovremeno, ovih dana svjedo\u010dimo da su na udaru vlasti u Tuzlanskom kantonu sve oblasti \u017eivota koje su u nadle\u017enosti Kantona: obrazovanje, zdravstvo, kultura, pa i mediji.<\/p>\n<p>Unato\u010d \u010dinjenici da javni medij ne smiju biti u slu\u017ebi pojedinih politi\u010dkih opcija, ve\u0107 svih gra\u0111ana, te da tak medij mora odr\u017eavati neutralnost i nepristrasnost, predstavnici vlasti smjenjuju legalno izabranu Upravu JP RTV TK, a u novu Upravu postavljaju strana\u010dke aktiviste vladaju\u0107ih politi\u010dkih opcija.<\/p>\n<p>Zabrinuti smo i opravdano sumnjamo da je krajnja namjera ovog nezakonitog \u010dina aktuelne vlasti u Tuzlanskom kantonu gu\u0161enje slobode misli i zatvaranje javnog medija za druga\u010dija mi\u0161ljenja.<\/p>\n<p>Pi\u0161emo ovo iz razloga \u0161to je ovakvo djelovanje u suprotnosti s deklarativnim zalaganjima i obe\u0107anjima Vlade da \u0107e se u TK provoditi demokratija, zakoni, antikoruptivne mjere\u201e, stoji izme\u0111u ostalog u otvorenom pismu \u010dlanova Uprave RTV TK u procesu smjene, upu\u0107enom na adrese me\u0111unarodnih institucija i novinarskih udru\u017eenja u BiH.<\/p>\n<p>Potpisnici pisma se pitaju \u201eo kakvim se to antikoruptivnim mjerama radi\u201c ako izvje\u0161taji o radu svih uprava i direktora javnih institucija redom bivaju oboreni na sjednicama Vlade i Skup\u0161tine TK, dok se, navode, u slu\u010daju RTV TK, \u010dak, ni taj \u201esramni \u010din\u201c nije dogodio, ve\u0107 se \u201etroje medijskih profesionalaca koji su zaposlenici i novinari ove medijske ku\u0107e du\u017ee od 25 godina smjenjuju i prije razmatranja samog izvje\u0161taja o radu za 2020. godinu\u201c.<\/p>\n<p>Softi\u0107, Baki\u0107 i Jahi\u0107 u svom pismu iznose i podatke o respektabilnim uspjesima ku\u0107e u vrijeme dok su bili na njenom \u010delu, te poru\u010duju da \u0107e se za svoja prava boriti svim raspolo\u017eivim pravnim sredstvima, kako bi spasili i svoj, ali i obraz ku\u0107e koju su svojim profesionalnim radom, godinama gradili.<\/p>\n<p>Upozoravaju da ovo \u0161to trenutno rade politi\u010dka i izvr\u0161na vlast u TK nije borba za demokratsko dru\u0161tvo i jednaka prava za sve, ve\u0107 da je u pitanju \u201ediktatura vlasti nad svima koji ne misle istim politi\u010dkim opredjeljenjem\u201c.<\/p>\n<p>Kako je u dana\u0161njoj izjavi za politicki.ba kazao Kasim Softi\u0107, na njihovo ju\u010der upu\u0107eno pismo, slanjem odre\u0111enog upita, reagiralo je samo Udru\u017eenje BH novinari, dok sa adresa ostalih kojima su se obratili jo\u0161 uvijek nemaju nikakvu reakciju.<\/p>\n<p>Smjena Uprave RTV TK je ozvani\u010dena na dana\u0161njoj sjednici Vlade Tuzlanskog kantona.<\/p>\n<p>Istovremeno, saznaje portal politi\u010dki.ba, danas \u0107e biti odr\u017eana i sjednica Ure\u0111iva\u010dkog vije\u0107a RTV TK \u010diji su \u010dlanovi, u znak protesta zbog svega \u0161ta se doga\u0111a u ovoj medijskoj ku\u0107i, najavili podno\u0161enje ostavke na \u010dlanstvo u Vije\u0107u.<\/p>\n<p>Izvor: Almasa Had\u017ei\u0107\/politicki.ba<\/p>\n<p>&nbsp;<\/p>\n","protected":false},"excerpt":{"rendered":"<p>\u010clanovi Uprave RTV Tuzlanskog kantona u procesu smjene, Kasim Softi\u0107 \u2013 direktor, Admira Baki\u0107 \u2013&hellip;<\/p>\n","protected":false},"author":3,"featured_media":77046,"comment_status":"open","ping_status":"closed","sticky":false,"template":"","format":"standard","meta":{"_acf_changed":false,"footnotes":""},"categories":[12],"tags":[770,824],"acf":[],"yoast_head":"<!-- This site is optimized with the Yoast SEO plugin v23.5 - https:\/\/yoast.com\/wordpress\/plugins\/seo\/ -->\n<title>\u010clanovi Uprave RTV TK se obratili i me\u0111unarodnim institucijama - TuzlaInfo.ba<\/title>\n<meta name=\"robots\" content=\"index, follow, max-snippet:-1, max-image-preview:large, max-video-preview:-1\" \/>\n<link rel=\"canonical\" href=\"https:\/\/tuzlainfo.ba\/index.php\/novosti\/item\/137765-clanovi-uprave-rtv-tk-obratili-se-medjunarodnim-institucijama\/\" \/>\n<meta property=\"og:locale\" content=\"bs_BA\" \/>\n<meta property=\"og:type\" content=\"article\" \/>\n<meta property=\"og:title\" content=\"\u010clanovi Uprave RTV TK se obratili i me\u0111unarodnim institucijama - TuzlaInfo.ba\" \/>\n<meta property=\"og:description\" content=\"\u010clanovi Uprave RTV Tuzlanskog kantona u procesu smjene, Kasim Softi\u0107 \u2013 direktor, Admira Baki\u0107 \u2013&hellip;\" \/>\n<meta property=\"og:url\" content=\"https:\/\/tuzlainfo.ba\/index.php\/novosti\/item\/137765-clanovi-uprave-rtv-tk-obratili-se-medjunarodnim-institucijama\/\" \/>\n<meta property=\"og:site_name\" content=\"TuzlaInfo.ba\" \/>\n<meta property=\"article:publisher\" content=\"https:\/\/www.facebook.com\/tuzlainfo.ba\/\" \/>\n<meta property=\"article:published_time\" content=\"2021-05-18T10:55:16+00:00\" \/>\n<meta property=\"article:modified_time\" content=\"2021-05-18T11:34:57+00:00\" \/>\n<meta property=\"og:image\" content=\"https:\/\/tuzlainfo.ba\/wp-content\/uploads\/2020\/02\/sadrzaj_2020_20200101_01012020_rtvtklogo.JPG\" \/>\n\t<meta property=\"og:image:width\" content=\"770\" \/>\n\t<meta property=\"og:image:height\" content=\"578\" \/>\n\t<meta property=\"og:image:type\" content=\"image\/jpeg\" \/>\n<meta name=\"author\" content=\"admin2\" \/>\n<meta name=\"twitter:card\" content=\"summary_large_image\" \/>\n<meta name=\"twitter:label1\" content=\"Written by\" \/>\n\t<meta name=\"twitter:data1\" content=\"admin2\" \/>\n\t<meta name=\"twitter:label2\" content=\"Est. reading time\" \/>\n\t<meta name=\"twitter:data2\" content=\"3 minute\" \/>\n<script type=\"application\/ld+json\" class=\"yoast-schema-graph\">{\"@context\":\"https:\/\/schema.org\",\"@graph\":[{\"@type\":\"Article\",\"@id\":\"https:\/\/tuzlainfo.ba\/index.php\/novosti\/item\/137765-clanovi-uprave-rtv-tk-obratili-se-medjunarodnim-institucijama\/#article\",\"isPartOf\":{\"@id\":\"https:\/\/tuzlainfo.ba\/index.php\/novosti\/item\/137765-clanovi-uprave-rtv-tk-obratili-se-medjunarodnim-institucijama\/\"},\"author\":{\"name\":\"admin2\",\"@id\":\"https:\/\/tuzlainfo.ba\/#\/schema\/person\/f4ebe4fff27e68efb65fa7e18f8af372\"},\"headline\":\"\u010clanovi Uprave RTV TK se obratili i me\u0111unarodnim institucijama\",\"datePublished\":\"2021-05-18T10:55:16+00:00\",\"dateModified\":\"2021-05-18T11:34:57+00:00\",\"mainEntityOfPage\":{\"@id\":\"https:\/\/tuzlainfo.ba\/index.php\/novosti\/item\/137765-clanovi-uprave-rtv-tk-obratili-se-medjunarodnim-institucijama\/\"},\"wordCount\":593,\"commentCount\":0,\"publisher\":{\"@id\":\"https:\/\/tuzlainfo.ba\/#organization\"},\"image\":{\"@id\":\"https:\/\/tuzlainfo.ba\/index.php\/novosti\/item\/137765-clanovi-uprave-rtv-tk-obratili-se-medjunarodnim-institucijama\/#primaryimage\"},\"thumbnailUrl\":\"https:\/\/tuzlainfo.ba\/wp-content\/uploads\/2020\/02\/sadrzaj_2020_20200101_01012020_rtvtklogo.JPG\",\"keywords\":[\"OHR\",\"RTV TK\"],\"articleSection\":[\"Novosti\"],\"inLanguage\":\"bs-BA\"},{\"@type\":\"WebPage\",\"@id\":\"https:\/\/tuzlainfo.ba\/index.php\/novosti\/item\/137765-clanovi-uprave-rtv-tk-obratili-se-medjunarodnim-institucijama\/\",\"url\":\"https:\/\/tuzlainfo.ba\/index.php\/novosti\/item\/137765-clanovi-uprave-rtv-tk-obratili-se-medjunarodnim-institucijama\/\",\"name\":\"\u010clanovi Uprave RTV TK se obratili i me\u0111unarodnim institucijama - TuzlaInfo.ba\",\"isPartOf\":{\"@id\":\"https:\/\/tuzlainfo.ba\/#website\"},\"primaryImageOfPage\":{\"@id\":\"https:\/\/tuzlainfo.ba\/index.php\/novosti\/item\/137765-clanovi-uprave-rtv-tk-obratili-se-medjunarodnim-institucijama\/#primaryimage\"},\"image\":{\"@id\":\"https:\/\/tuzlainfo.ba\/index.php\/novosti\/item\/137765-clanovi-uprave-rtv-tk-obratili-se-medjunarodnim-institucijama\/#primaryimage\"},\"thumbnailUrl\":\"https:\/\/tuzlainfo.ba\/wp-content\/uploads\/2020\/02\/sadrzaj_2020_20200101_01012020_rtvtklogo.JPG\",\"datePublished\":\"2021-05-18T10:55:16+00:00\",\"dateModified\":\"2021-05-18T11:34:57+00:00\",\"breadcrumb\":{\"@id\":\"https:\/\/tuzlainfo.ba\/index.php\/novosti\/item\/137765-clanovi-uprave-rtv-tk-obratili-se-medjunarodnim-institucijama\/#breadcrumb\"},\"inLanguage\":\"bs-BA\",\"potentialAction\":[{\"@type\":\"ReadAction\",\"target\":[\"https:\/\/tuzlainfo.ba\/index.php\/novosti\/item\/137765-clanovi-uprave-rtv-tk-obratili-se-medjunarodnim-institucijama\/\"]}]},{\"@type\":\"ImageObject\",\"inLanguage\":\"bs-BA\",\"@id\":\"https:\/\/tuzlainfo.ba\/index.php\/novosti\/item\/137765-clanovi-uprave-rtv-tk-obratili-se-medjunarodnim-institucijama\/#primaryimage\",\"url\":\"https:\/\/tuzlainfo.ba\/wp-content\/uploads\/2020\/02\/sadrzaj_2020_20200101_01012020_rtvtklogo.JPG\",\"contentUrl\":\"https:\/\/tuzlainfo.ba\/wp-content\/uploads\/2020\/02\/sadrzaj_2020_20200101_01012020_rtvtklogo.JPG\",\"width\":770,\"height\":578,\"caption\":\"01012020 rtvtklogo\"},{\"@type\":\"BreadcrumbList\",\"@id\":\"https:\/\/tuzlainfo.ba\/index.php\/novosti\/item\/137765-clanovi-uprave-rtv-tk-obratili-se-medjunarodnim-institucijama\/#breadcrumb\",\"itemListElement\":[{\"@type\":\"ListItem\",\"position\":1,\"name\":\"Home\",\"item\":\"https:\/\/tuzlainfo.ba\/\"},{\"@type\":\"ListItem\",\"position\":2,\"name\":\"\u010clanovi Uprave RTV TK se obratili i me\u0111unarodnim institucijama\"}]},{\"@type\":\"WebSite\",\"@id\":\"https:\/\/tuzlainfo.ba\/#website\",\"url\":\"https:\/\/tuzlainfo.ba\/\",\"name\":\"TuzlaInfo.ba\",\"description\":\"Tuzla info, gradski informator - Tuzla na dlanu\",\"publisher\":{\"@id\":\"https:\/\/tuzlainfo.ba\/#organization\"},\"potentialAction\":[{\"@type\":\"SearchAction\",\"target\":{\"@type\":\"EntryPoint\",\"urlTemplate\":\"https:\/\/tuzlainfo.ba\/?s={search_term_string}\"},\"query-input\":{\"@type\":\"PropertyValueSpecification\",\"valueRequired\":true,\"valueName\":\"search_term_string\"}}],\"inLanguage\":\"bs-BA\"},{\"@type\":\"Organization\",\"@id\":\"https:\/\/tuzlainfo.ba\/#organization\",\"name\":\"TuzlaInfo.ba\",\"url\":\"https:\/\/tuzlainfo.ba\/\",\"logo\":{\"@type\":\"ImageObject\",\"inLanguage\":\"bs-BA\",\"@id\":\"https:\/\/tuzlainfo.ba\/#\/schema\/logo\/image\/\",\"url\":\"https:\/\/tuzlainfo.ba\/wp-content\/uploads\/2021\/03\/logo-ver-3-1.png\",\"contentUrl\":\"https:\/\/tuzlainfo.ba\/wp-content\/uploads\/2021\/03\/logo-ver-3-1.png\",\"width\":350,\"height\":95,\"caption\":\"TuzlaInfo.ba\"},\"image\":{\"@id\":\"https:\/\/tuzlainfo.ba\/#\/schema\/logo\/image\/\"},\"sameAs\":[\"https:\/\/www.facebook.com\/tuzlainfo.ba\/\"]},{\"@type\":\"Person\",\"@id\":\"https:\/\/tuzlainfo.ba\/#\/schema\/person\/f4ebe4fff27e68efb65fa7e18f8af372\",\"name\":\"admin2\",\"image\":{\"@type\":\"ImageObject\",\"inLanguage\":\"bs-BA\",\"@id\":\"https:\/\/tuzlainfo.ba\/#\/schema\/person\/image\/\",\"url\":\"https:\/\/tuzlainfo.ba\/wp-content\/litespeed\/avatar\/8219eeb9a43cff2d096e773737736f62.jpg?ver=1777309398\",\"contentUrl\":\"https:\/\/tuzlainfo.ba\/wp-content\/litespeed\/avatar\/8219eeb9a43cff2d096e773737736f62.jpg?ver=1777309398\",\"caption\":\"admin2\"},\"description\":\"Tuzlainfo.ba pratite na dru\u0161tvenim mre\u017eama: Facebook, Instagram i Youtube. Svoje pri\u010de, upite i fotografije \u0161aljite na na\u0161u e-mail adresu.\",\"sameAs\":[\"admin\"]}]}<\/script>\n<!-- \/ Yoast SEO plugin. -->","yoast_head_json":{"title":"\u010clanovi Uprave RTV TK se obratili i me\u0111unarodnim institucijama - TuzlaInfo.ba","robots":{"index":"index","follow":"follow","max-snippet":"max-snippet:-1","max-image-preview":"max-image-preview:large","max-video-preview":"max-video-preview:-1"},"canonical":"https:\/\/tuzlainfo.ba\/index.php\/novosti\/item\/137765-clanovi-uprave-rtv-tk-obratili-se-medjunarodnim-institucijama\/","og_locale":"bs_BA","og_type":"article","og_title":"\u010clanovi Uprave RTV TK se obratili i me\u0111unarodnim institucijama - TuzlaInfo.ba","og_description":"\u010clanovi Uprave RTV Tuzlanskog kantona u procesu smjene, Kasim Softi\u0107 \u2013 direktor, Admira Baki\u0107 \u2013&hellip;","og_url":"https:\/\/tuzlainfo.ba\/index.php\/novosti\/item\/137765-clanovi-uprave-rtv-tk-obratili-se-medjunarodnim-institucijama\/","og_site_name":"TuzlaInfo.ba","article_publisher":"https:\/\/www.facebook.com\/tuzlainfo.ba\/","article_published_time":"2021-05-18T10:55:16+00:00","article_modified_time":"2021-05-18T11:34:57+00:00","og_image":[{"width":770,"height":578,"url":"https:\/\/tuzlainfo.ba\/wp-content\/uploads\/2020\/02\/sadrzaj_2020_20200101_01012020_rtvtklogo.JPG","type":"image\/jpeg"}],"author":"admin2","twitter_card":"summary_large_image","twitter_misc":{"Written by":"admin2","Est. reading time":"3 minute"},"schema":{"@context":"https:\/\/schema.org","@graph":[{"@type":"Article","@id":"https:\/\/tuzlainfo.ba\/index.php\/novosti\/item\/137765-clanovi-uprave-rtv-tk-obratili-se-medjunarodnim-institucijama\/#article","isPartOf":{"@id":"https:\/\/tuzlainfo.ba\/index.php\/novosti\/item\/137765-clanovi-uprave-rtv-tk-obratili-se-medjunarodnim-institucijama\/"},"author":{"name":"admin2","@id":"https:\/\/tuzlainfo.ba\/#\/schema\/person\/f4ebe4fff27e68efb65fa7e18f8af372"},"headline":"\u010clanovi Uprave RTV TK se obratili i me\u0111unarodnim institucijama","datePublished":"2021-05-18T10:55:16+00:00","dateModified":"2021-05-18T11:34:57+00:00","mainEntityOfPage":{"@id":"https:\/\/tuzlainfo.ba\/index.php\/novosti\/item\/137765-clanovi-uprave-rtv-tk-obratili-se-medjunarodnim-institucijama\/"},"wordCount":593,"commentCount":0,"publisher":{"@id":"https:\/\/tuzlainfo.ba\/#organization"},"image":{"@id":"https:\/\/tuzlainfo.ba\/index.php\/novosti\/item\/137765-clanovi-uprave-rtv-tk-obratili-se-medjunarodnim-institucijama\/#primaryimage"},"thumbnailUrl":"https:\/\/tuzlainfo.ba\/wp-content\/uploads\/2020\/02\/sadrzaj_2020_20200101_01012020_rtvtklogo.JPG","keywords":["OHR","RTV TK"],"articleSection":["Novosti"],"inLanguage":"bs-BA"},{"@type":"WebPage","@id":"https:\/\/tuzlainfo.ba\/index.php\/novosti\/item\/137765-clanovi-uprave-rtv-tk-obratili-se-medjunarodnim-institucijama\/","url":"https:\/\/tuzlainfo.ba\/index.php\/novosti\/item\/137765-clanovi-uprave-rtv-tk-obratili-se-medjunarodnim-institucijama\/","name":"\u010clanovi Uprave RTV TK se obratili i me\u0111unarodnim institucijama - TuzlaInfo.ba","isPartOf":{"@id":"https:\/\/tuzlainfo.ba\/#website"},"primaryImageOfPage":{"@id":"https:\/\/tuzlainfo.ba\/index.php\/novosti\/item\/137765-clanovi-uprave-rtv-tk-obratili-se-medjunarodnim-institucijama\/#primaryimage"},"image":{"@id":"https:\/\/tuzlainfo.ba\/index.php\/novosti\/item\/137765-clanovi-uprave-rtv-tk-obratili-se-medjunarodnim-institucijama\/#primaryimage"},"thumbnailUrl":"https:\/\/tuzlainfo.ba\/wp-content\/uploads\/2020\/02\/sadrzaj_2020_20200101_01012020_rtvtklogo.JPG","datePublished":"2021-05-18T10:55:16+00:00","dateModified":"2021-05-18T11:34:57+00:00","breadcrumb":{"@id":"https:\/\/tuzlainfo.ba\/index.php\/novosti\/item\/137765-clanovi-uprave-rtv-tk-obratili-se-medjunarodnim-institucijama\/#breadcrumb"},"inLanguage":"bs-BA","potentialAction":[{"@type":"ReadAction","target":["https:\/\/tuzlainfo.ba\/index.php\/novosti\/item\/137765-clanovi-uprave-rtv-tk-obratili-se-medjunarodnim-institucijama\/"]}]},{"@type":"ImageObject","inLanguage":"bs-BA","@id":"https:\/\/tuzlainfo.ba\/index.php\/novosti\/item\/137765-clanovi-uprave-rtv-tk-obratili-se-medjunarodnim-institucijama\/#primaryimage","url":"https:\/\/tuzlainfo.ba\/wp-content\/uploads\/2020\/02\/sadrzaj_2020_20200101_01012020_rtvtklogo.JPG","contentUrl":"https:\/\/tuzlainfo.ba\/wp-content\/uploads\/2020\/02\/sadrzaj_2020_20200101_01012020_rtvtklogo.JPG","width":770,"height":578,"caption":"01012020 rtvtklogo"},{"@type":"BreadcrumbList","@id":"https:\/\/tuzlainfo.ba\/index.php\/novosti\/item\/137765-clanovi-uprave-rtv-tk-obratili-se-medjunarodnim-institucijama\/#breadcrumb","itemListElement":[{"@type":"ListItem","position":1,"name":"Home","item":"https:\/\/tuzlainfo.ba\/"},{"@type":"ListItem","position":2,"name":"\u010clanovi Uprave RTV TK se obratili i me\u0111unarodnim institucijama"}]},{"@type":"WebSite","@id":"https:\/\/tuzlainfo.ba\/#website","url":"https:\/\/tuzlainfo.ba\/","name":"TuzlaInfo.ba","description":"Tuzla info, gradski informator - Tuzla na dlanu","publisher":{"@id":"https:\/\/tuzlainfo.ba\/#organization"},"potentialAction":[{"@type":"SearchAction","target":{"@type":"EntryPoint","urlTemplate":"https:\/\/tuzlainfo.ba\/?s={search_term_string}"},"query-input":{"@type":"PropertyValueSpecification","valueRequired":true,"valueName":"search_term_string"}}],"inLanguage":"bs-BA"},{"@type":"Organization","@id":"https:\/\/tuzlainfo.ba\/#organization","name":"TuzlaInfo.ba","url":"https:\/\/tuzlainfo.ba\/","logo":{"@type":"ImageObject","inLanguage":"bs-BA","@id":"https:\/\/tuzlainfo.ba\/#\/schema\/logo\/image\/","url":"https:\/\/tuzlainfo.ba\/wp-content\/uploads\/2021\/03\/logo-ver-3-1.png","contentUrl":"https:\/\/tuzlainfo.ba\/wp-content\/uploads\/2021\/03\/logo-ver-3-1.png","width":350,"height":95,"caption":"TuzlaInfo.ba"},"image":{"@id":"https:\/\/tuzlainfo.ba\/#\/schema\/logo\/image\/"},"sameAs":["https:\/\/www.facebook.com\/tuzlainfo.ba\/"]},{"@type":"Person","@id":"https:\/\/tuzlainfo.ba\/#\/schema\/person\/f4ebe4fff27e68efb65fa7e18f8af372","name":"admin2","image":{"@type":"ImageObject","inLanguage":"bs-BA","@id":"https:\/\/tuzlainfo.ba\/#\/schema\/person\/image\/","url":"https:\/\/tuzlainfo.ba\/wp-content\/litespeed\/avatar\/8219eeb9a43cff2d096e773737736f62.jpg?ver=1777309398","contentUrl":"https:\/\/tuzlainfo.ba\/wp-content\/litespeed\/avatar\/8219eeb9a43cff2d096e773737736f62.jpg?ver=1777309398","caption":"admin2"},"description":"Tuzlainfo.ba pratite na dru\u0161tvenim mre\u017eama: Facebook, Instagram i Youtube. Svoje pri\u010de, upite i fotografije \u0161aljite na na\u0161u e-mail adresu.","sameAs":["admin"]}]}},"_links":{"self":[{"href":"https:\/\/tuzlainfo.ba\/index.php\/wp-json\/wp\/v2\/posts\/137765"}],"collection":[{"href":"https:\/\/tuzlainfo.ba\/index.php\/wp-json\/wp\/v2\/posts"}],"about":[{"href":"https:\/\/tuzlainfo.ba\/index.php\/wp-json\/wp\/v2\/types\/post"}],"author":[{"embeddable":true,"href":"https:\/\/tuzlainfo.ba\/index.php\/wp-json\/wp\/v2\/users\/3"}],"replies":[{"embeddable":true,"href":"https:\/\/tuzlainfo.ba\/index.php\/wp-json\/wp\/v2\/comments?post=137765"}],"version-history":[{"count":0,"href":"https:\/\/tuzlainfo.ba\/index.php\/wp-json\/wp\/v2\/posts\/137765\/revisions"}],"wp:featuredmedia":[{"embeddable":true,"href":"https:\/\/tuzlainfo.ba\/index.php\/wp-json\/wp\/v2\/media\/77046"}],"wp:attachment":[{"href":"https:\/\/tuzlainfo.ba\/index.php\/wp-json\/wp\/v2\/media?parent=137765"}],"wp:term":[{"taxonomy":"category","embeddable":true,"href":"https:\/\/tuzlainfo.ba\/index.php\/wp-json\/wp\/v2\/categories?post=137765"},{"taxonomy":"post_tag","embeddable":true,"href":"https:\/\/tuzlainfo.ba\/index.php\/wp-json\/wp\/v2\/tags?post=137765"}],"curies":[{"name":"wp","href":"https:\/\/api.w.org\/{rel}","templated":true}]}}