{"id":137755,"date":"2021-05-18T11:06:11","date_gmt":"2021-05-18T09:06:11","guid":{"rendered":"https:\/\/tuzlainfo.ba\/?p=137755"},"modified":"2021-05-18T11:06:11","modified_gmt":"2021-05-18T09:06:11","slug":"ljuti-na-vlast-u-tk-u-stotinu-studenata-medicinskog-fakulteta-iz-tuzle-idu-na-vakcinaciju-u-srbiju","status":"publish","type":"post","link":"https:\/\/tuzlainfo.ba\/index.php\/novosti\/item\/137755-ljuti-na-vlast-u-tk-u-stotinu-studenata-medicinskog-fakulteta-iz-tuzle-idu-na-vakcinaciju-u-srbiju\/","title":{"rendered":"Ljuti na vlast u TK-u: Stotinu studenata Medicinskog fakulteta iz Tuzle idu na vakcinaciju u Srbiju"},"content":{"rendered":"<p dir=\"auto\">Stotinu studenata Medicinskog fakulteta u Tuzli \u0107e se 23. maja 2021. godine vakcinisati u Srbiji, a nakon \u0161to ih oni koji donose odluke u Tuzlanskom kantonu niu uvrstili u grupu prioritetnih grupa za vakcinisanje.<\/p>\n<p>To je u javnoj objavi na Facebooku potvrdio Ahmed Pa\u0161ali\u0107, student 6. godine medicine u Tuzli.<\/p>\n<div dir=\"auto\"><\/div>\n<div dir=\"auto\">Vi\u0161e od dva mjeseca nijemog posmatranja natjeralo me je da uz podr\u0161ku kolega sa 6. godine Medicinskog fakulteta inteziviram i inzistiram na prioritetnoj vakcinaciji studenata. Studentske organizacije iz Tuzle nisu pokazale zadovoljavaju\u0107i stepen upornosti, pa se sve svelo na dopise o kojima nikada nismo bili vi\u0161e informisani. Odlu\u010dio sam uz par kolega uzeti stvar u svoje ruke i buntovni\u010dki zanemariti udru\u017eenja studenata, pa smo samoinicijativno potra\u017eili rje\u0161enje.<\/div>\n<p dir=\"auto\">\n<div dir=\"auto\">Nadle\u017ene institucije u Tuzli nisu imale sluha prema studentima 6. godine, te su situaciju opravdale \u010dinjenicom da oni nisu nadle\u017eni da donose odluku o prioritetima. U isto vrijeme kolege studenti iz Sarajeva i Zenice su se na\u0161li na prioritetnim listama, pa nije jasno kako institucije u Tuzlanskom kantonu nisu primjenile isti princip &#8211; napisao je Pa\u0161ali\u0107 napominju\u0107i da je nakon obra\u0107anja Ministarstvu zdravlja Srbije pozitivan odgovr i termin vakcinacije dobio za manje od 24 sata.<\/div>\n<p dir=\"auto\">\nU svom obra\u0107anju javnosti je istakao da je stav studenata je da svi moraju biti vakcinisani i nastaviti dalje svoje \u0161kolovanje prema re\u017eimu koji je postojao.<\/p>\n<p>&#8211; Stav studenata Medicine, a posebno onih koji obavljaju praksu i klini\u010dki sta\u017e, je da oni moraju biti vakicinisani u najkra\u0107em mogu\u0107em roku, te da se nakon vi\u0161e od godinu dana vrate u zdravstvene ustanove gdje \u0107e u\u010diti svoj zanat.<\/p>\n<div class=\"o9v6fnle cxmmr5t8 oygrvhab hcukyx3x c1et5uql ii04i59q\">\n<p dir=\"auto\">Obzirom da i pored ovoga, veliki broj studenata 6. godine ostaje nevakcinisan, te uskoro ulazimo u c\u030cetvrti mjesec obavljanja klinic\u030ckog staz\u030ca na Klinic\u030ckom centru Tuzla, a da ne govorimo o studentima niz\u030cih godina koji uops\u030cte nemaju moguc\u0301nost ulaska u isti, nadamo se da ova sramota nec\u0301e nastaviti te da c\u0301e nadlez\u030cni poduzeti odre\u0111ene mjere. Ovdje ne\u0107u stati, planiram u Beogradu da se borim za sve ostale studente koji \u017eele da se vakcini\u0161u. Znanje se sti\u010de u kontinuitetu, nikako online i daleko od nastavnih baza. 100 STUDENATA 23. maja \u0107e u Beograd na vakcinaciju. U na\u0161oj domovini je nismo mogli dobiti. Pametnom i i\u0161aret dosta &#8211; napisao je Ahmed Pa\u0161ali\u0107. <em>\/Tuzlainfo.ba\/<\/em><\/p>\n<\/div>\n","protected":false},"excerpt":{"rendered":"<p>Stotinu studenata Medicinskog fakulteta u Tuzli \u0107e se 23. maja 2021. godine vakcinisati u Srbiji,&hellip;<\/p>\n","protected":false},"author":2,"featured_media":61484,"comment_status":"open","ping_status":"closed","sticky":false,"template":"","format":"standard","meta":{"_acf_changed":false,"footnotes":""},"categories":[304,12],"tags":[],"acf":[],"yoast_head":"<!-- This site is optimized with the Yoast SEO plugin v23.5 - https:\/\/yoast.com\/wordpress\/plugins\/seo\/ -->\n<title>Ljuti na vlast u TK-u: Stotinu studenata Medicinskog fakulteta iz Tuzle idu na vakcinaciju u Srbiju - TuzlaInfo.ba<\/title>\n<meta name=\"robots\" content=\"index, follow, max-snippet:-1, max-image-preview:large, max-video-preview:-1\" \/>\n<link rel=\"canonical\" href=\"https:\/\/tuzlainfo.ba\/index.php\/novosti\/item\/137755-ljuti-na-vlast-u-tk-u-stotinu-studenata-medicinskog-fakulteta-iz-tuzle-idu-na-vakcinaciju-u-srbiju\/\" \/>\n<meta property=\"og:locale\" content=\"bs_BA\" \/>\n<meta property=\"og:type\" content=\"article\" \/>\n<meta property=\"og:title\" content=\"Ljuti na vlast u TK-u: Stotinu studenata Medicinskog fakulteta iz Tuzle idu na vakcinaciju u Srbiju - TuzlaInfo.ba\" \/>\n<meta property=\"og:description\" content=\"Stotinu studenata Medicinskog fakulteta u Tuzli \u0107e se 23. maja 2021. godine vakcinisati u Srbiji,&hellip;\" \/>\n<meta property=\"og:url\" content=\"https:\/\/tuzlainfo.ba\/index.php\/novosti\/item\/137755-ljuti-na-vlast-u-tk-u-stotinu-studenata-medicinskog-fakulteta-iz-tuzle-idu-na-vakcinaciju-u-srbiju\/\" \/>\n<meta property=\"og:site_name\" content=\"TuzlaInfo.ba\" \/>\n<meta property=\"article:publisher\" content=\"https:\/\/www.facebook.com\/tuzlainfo.ba\/\" \/>\n<meta property=\"article:published_time\" content=\"2021-05-18T09:06:11+00:00\" \/>\n<meta property=\"og:image\" content=\"https:\/\/tuzlainfo.ba\/wp-content\/uploads\/2018\/04\/sadrzaj_2017_201701_Instutucije_0101_2018_medicinski_fakultet.jpg\" \/>\n\t<meta property=\"og:image:width\" content=\"770\" \/>\n\t<meta property=\"og:image:height\" content=\"455\" \/>\n\t<meta property=\"og:image:type\" content=\"image\/jpeg\" \/>\n<meta name=\"author\" content=\"nedim\" \/>\n<meta name=\"twitter:card\" content=\"summary_large_image\" \/>\n<meta name=\"twitter:label1\" content=\"Written by\" \/>\n\t<meta name=\"twitter:data1\" content=\"nedim\" \/>\n\t<meta name=\"twitter:label2\" content=\"Est. reading time\" \/>\n\t<meta name=\"twitter:data2\" content=\"2 minute\" \/>\n<script type=\"application\/ld+json\" class=\"yoast-schema-graph\">{\"@context\":\"https:\/\/schema.org\",\"@graph\":[{\"@type\":\"Article\",\"@id\":\"https:\/\/tuzlainfo.ba\/index.php\/novosti\/item\/137755-ljuti-na-vlast-u-tk-u-stotinu-studenata-medicinskog-fakulteta-iz-tuzle-idu-na-vakcinaciju-u-srbiju\/#article\",\"isPartOf\":{\"@id\":\"https:\/\/tuzlainfo.ba\/index.php\/novosti\/item\/137755-ljuti-na-vlast-u-tk-u-stotinu-studenata-medicinskog-fakulteta-iz-tuzle-idu-na-vakcinaciju-u-srbiju\/\"},\"author\":{\"name\":\"nedim\",\"@id\":\"https:\/\/tuzlainfo.ba\/#\/schema\/person\/f434e20dc27ea133923aab08451b7f7f\"},\"headline\":\"Ljuti na vlast u TK-u: Stotinu studenata Medicinskog fakulteta iz Tuzle idu na vakcinaciju u Srbiju\",\"datePublished\":\"2021-05-18T09:06:11+00:00\",\"dateModified\":\"2021-05-18T09:06:11+00:00\",\"mainEntityOfPage\":{\"@id\":\"https:\/\/tuzlainfo.ba\/index.php\/novosti\/item\/137755-ljuti-na-vlast-u-tk-u-stotinu-studenata-medicinskog-fakulteta-iz-tuzle-idu-na-vakcinaciju-u-srbiju\/\"},\"wordCount\":416,\"commentCount\":0,\"publisher\":{\"@id\":\"https:\/\/tuzlainfo.ba\/#organization\"},\"image\":{\"@id\":\"https:\/\/tuzlainfo.ba\/index.php\/novosti\/item\/137755-ljuti-na-vlast-u-tk-u-stotinu-studenata-medicinskog-fakulteta-iz-tuzle-idu-na-vakcinaciju-u-srbiju\/#primaryimage\"},\"thumbnailUrl\":\"https:\/\/tuzlainfo.ba\/wp-content\/uploads\/2018\/04\/sadrzaj_2017_201701_Instutucije_0101_2018_medicinski_fakultet.jpg\",\"articleSection\":[\"Istaknuto\",\"Novosti\"],\"inLanguage\":\"bs-BA\"},{\"@type\":\"WebPage\",\"@id\":\"https:\/\/tuzlainfo.ba\/index.php\/novosti\/item\/137755-ljuti-na-vlast-u-tk-u-stotinu-studenata-medicinskog-fakulteta-iz-tuzle-idu-na-vakcinaciju-u-srbiju\/\",\"url\":\"https:\/\/tuzlainfo.ba\/index.php\/novosti\/item\/137755-ljuti-na-vlast-u-tk-u-stotinu-studenata-medicinskog-fakulteta-iz-tuzle-idu-na-vakcinaciju-u-srbiju\/\",\"name\":\"Ljuti na vlast u TK-u: Stotinu studenata Medicinskog fakulteta iz Tuzle idu na vakcinaciju u Srbiju - TuzlaInfo.ba\",\"isPartOf\":{\"@id\":\"https:\/\/tuzlainfo.ba\/#website\"},\"primaryImageOfPage\":{\"@id\":\"https:\/\/tuzlainfo.ba\/index.php\/novosti\/item\/137755-ljuti-na-vlast-u-tk-u-stotinu-studenata-medicinskog-fakulteta-iz-tuzle-idu-na-vakcinaciju-u-srbiju\/#primaryimage\"},\"image\":{\"@id\":\"https:\/\/tuzlainfo.ba\/index.php\/novosti\/item\/137755-ljuti-na-vlast-u-tk-u-stotinu-studenata-medicinskog-fakulteta-iz-tuzle-idu-na-vakcinaciju-u-srbiju\/#primaryimage\"},\"thumbnailUrl\":\"https:\/\/tuzlainfo.ba\/wp-content\/uploads\/2018\/04\/sadrzaj_2017_201701_Instutucije_0101_2018_medicinski_fakultet.jpg\",\"datePublished\":\"2021-05-18T09:06:11+00:00\",\"dateModified\":\"2021-05-18T09:06:11+00:00\",\"breadcrumb\":{\"@id\":\"https:\/\/tuzlainfo.ba\/index.php\/novosti\/item\/137755-ljuti-na-vlast-u-tk-u-stotinu-studenata-medicinskog-fakulteta-iz-tuzle-idu-na-vakcinaciju-u-srbiju\/#breadcrumb\"},\"inLanguage\":\"bs-BA\",\"potentialAction\":[{\"@type\":\"ReadAction\",\"target\":[\"https:\/\/tuzlainfo.ba\/index.php\/novosti\/item\/137755-ljuti-na-vlast-u-tk-u-stotinu-studenata-medicinskog-fakulteta-iz-tuzle-idu-na-vakcinaciju-u-srbiju\/\"]}]},{\"@type\":\"ImageObject\",\"inLanguage\":\"bs-BA\",\"@id\":\"https:\/\/tuzlainfo.ba\/index.php\/novosti\/item\/137755-ljuti-na-vlast-u-tk-u-stotinu-studenata-medicinskog-fakulteta-iz-tuzle-idu-na-vakcinaciju-u-srbiju\/#primaryimage\",\"url\":\"https:\/\/tuzlainfo.ba\/wp-content\/uploads\/2018\/04\/sadrzaj_2017_201701_Instutucije_0101_2018_medicinski_fakultet.jpg\",\"contentUrl\":\"https:\/\/tuzlainfo.ba\/wp-content\/uploads\/2018\/04\/sadrzaj_2017_201701_Instutucije_0101_2018_medicinski_fakultet.jpg\",\"width\":770,\"height\":455,\"caption\":\"0101 2018 medicinski fakultet\"},{\"@type\":\"BreadcrumbList\",\"@id\":\"https:\/\/tuzlainfo.ba\/index.php\/novosti\/item\/137755-ljuti-na-vlast-u-tk-u-stotinu-studenata-medicinskog-fakulteta-iz-tuzle-idu-na-vakcinaciju-u-srbiju\/#breadcrumb\",\"itemListElement\":[{\"@type\":\"ListItem\",\"position\":1,\"name\":\"Home\",\"item\":\"https:\/\/tuzlainfo.ba\/\"},{\"@type\":\"ListItem\",\"position\":2,\"name\":\"Ljuti na vlast u TK-u: Stotinu studenata Medicinskog fakulteta iz Tuzle idu na vakcinaciju u Srbiju\"}]},{\"@type\":\"WebSite\",\"@id\":\"https:\/\/tuzlainfo.ba\/#website\",\"url\":\"https:\/\/tuzlainfo.ba\/\",\"name\":\"TuzlaInfo.ba\",\"description\":\"Tuzla info, gradski informator - Tuzla na dlanu\",\"publisher\":{\"@id\":\"https:\/\/tuzlainfo.ba\/#organization\"},\"potentialAction\":[{\"@type\":\"SearchAction\",\"target\":{\"@type\":\"EntryPoint\",\"urlTemplate\":\"https:\/\/tuzlainfo.ba\/?s={search_term_string}\"},\"query-input\":{\"@type\":\"PropertyValueSpecification\",\"valueRequired\":true,\"valueName\":\"search_term_string\"}}],\"inLanguage\":\"bs-BA\"},{\"@type\":\"Organization\",\"@id\":\"https:\/\/tuzlainfo.ba\/#organization\",\"name\":\"TuzlaInfo.ba\",\"url\":\"https:\/\/tuzlainfo.ba\/\",\"logo\":{\"@type\":\"ImageObject\",\"inLanguage\":\"bs-BA\",\"@id\":\"https:\/\/tuzlainfo.ba\/#\/schema\/logo\/image\/\",\"url\":\"https:\/\/tuzlainfo.ba\/wp-content\/uploads\/2021\/03\/logo-ver-3-1.png\",\"contentUrl\":\"https:\/\/tuzlainfo.ba\/wp-content\/uploads\/2021\/03\/logo-ver-3-1.png\",\"width\":350,\"height\":95,\"caption\":\"TuzlaInfo.ba\"},\"image\":{\"@id\":\"https:\/\/tuzlainfo.ba\/#\/schema\/logo\/image\/\"},\"sameAs\":[\"https:\/\/www.facebook.com\/tuzlainfo.ba\/\"]},{\"@type\":\"Person\",\"@id\":\"https:\/\/tuzlainfo.ba\/#\/schema\/person\/f434e20dc27ea133923aab08451b7f7f\",\"name\":\"nedim\",\"image\":{\"@type\":\"ImageObject\",\"inLanguage\":\"bs-BA\",\"@id\":\"https:\/\/tuzlainfo.ba\/#\/schema\/person\/image\/\",\"url\":\"https:\/\/tuzlainfo.ba\/wp-content\/litespeed\/avatar\/aabad687af24844af817603ac1cbdc4f.jpg?ver=1776702173\",\"contentUrl\":\"https:\/\/tuzlainfo.ba\/wp-content\/litespeed\/avatar\/aabad687af24844af817603ac1cbdc4f.jpg?ver=1776702173\",\"caption\":\"nedim\"},\"description\":\"Tuzlainfo.ba pratite na dru\u0161tvenim mre\u017eama: Facebook, Instagram i Youtube. Svoje pri\u010de, upite i fotografije \u0161aljite na na\u0161u e-mail adresu.\"}]}<\/script>\n<!-- \/ Yoast SEO plugin. -->","yoast_head_json":{"title":"Ljuti na vlast u TK-u: Stotinu studenata Medicinskog fakulteta iz Tuzle idu na vakcinaciju u Srbiju - TuzlaInfo.ba","robots":{"index":"index","follow":"follow","max-snippet":"max-snippet:-1","max-image-preview":"max-image-preview:large","max-video-preview":"max-video-preview:-1"},"canonical":"https:\/\/tuzlainfo.ba\/index.php\/novosti\/item\/137755-ljuti-na-vlast-u-tk-u-stotinu-studenata-medicinskog-fakulteta-iz-tuzle-idu-na-vakcinaciju-u-srbiju\/","og_locale":"bs_BA","og_type":"article","og_title":"Ljuti na vlast u TK-u: Stotinu studenata Medicinskog fakulteta iz Tuzle idu na vakcinaciju u Srbiju - TuzlaInfo.ba","og_description":"Stotinu studenata Medicinskog fakulteta u Tuzli \u0107e se 23. maja 2021. godine vakcinisati u Srbiji,&hellip;","og_url":"https:\/\/tuzlainfo.ba\/index.php\/novosti\/item\/137755-ljuti-na-vlast-u-tk-u-stotinu-studenata-medicinskog-fakulteta-iz-tuzle-idu-na-vakcinaciju-u-srbiju\/","og_site_name":"TuzlaInfo.ba","article_publisher":"https:\/\/www.facebook.com\/tuzlainfo.ba\/","article_published_time":"2021-05-18T09:06:11+00:00","og_image":[{"width":770,"height":455,"url":"https:\/\/tuzlainfo.ba\/wp-content\/uploads\/2018\/04\/sadrzaj_2017_201701_Instutucije_0101_2018_medicinski_fakultet.jpg","type":"image\/jpeg"}],"author":"nedim","twitter_card":"summary_large_image","twitter_misc":{"Written by":"nedim","Est. reading time":"2 minute"},"schema":{"@context":"https:\/\/schema.org","@graph":[{"@type":"Article","@id":"https:\/\/tuzlainfo.ba\/index.php\/novosti\/item\/137755-ljuti-na-vlast-u-tk-u-stotinu-studenata-medicinskog-fakulteta-iz-tuzle-idu-na-vakcinaciju-u-srbiju\/#article","isPartOf":{"@id":"https:\/\/tuzlainfo.ba\/index.php\/novosti\/item\/137755-ljuti-na-vlast-u-tk-u-stotinu-studenata-medicinskog-fakulteta-iz-tuzle-idu-na-vakcinaciju-u-srbiju\/"},"author":{"name":"nedim","@id":"https:\/\/tuzlainfo.ba\/#\/schema\/person\/f434e20dc27ea133923aab08451b7f7f"},"headline":"Ljuti na vlast u TK-u: Stotinu studenata Medicinskog fakulteta iz Tuzle idu na vakcinaciju u Srbiju","datePublished":"2021-05-18T09:06:11+00:00","dateModified":"2021-05-18T09:06:11+00:00","mainEntityOfPage":{"@id":"https:\/\/tuzlainfo.ba\/index.php\/novosti\/item\/137755-ljuti-na-vlast-u-tk-u-stotinu-studenata-medicinskog-fakulteta-iz-tuzle-idu-na-vakcinaciju-u-srbiju\/"},"wordCount":416,"commentCount":0,"publisher":{"@id":"https:\/\/tuzlainfo.ba\/#organization"},"image":{"@id":"https:\/\/tuzlainfo.ba\/index.php\/novosti\/item\/137755-ljuti-na-vlast-u-tk-u-stotinu-studenata-medicinskog-fakulteta-iz-tuzle-idu-na-vakcinaciju-u-srbiju\/#primaryimage"},"thumbnailUrl":"https:\/\/tuzlainfo.ba\/wp-content\/uploads\/2018\/04\/sadrzaj_2017_201701_Instutucije_0101_2018_medicinski_fakultet.jpg","articleSection":["Istaknuto","Novosti"],"inLanguage":"bs-BA"},{"@type":"WebPage","@id":"https:\/\/tuzlainfo.ba\/index.php\/novosti\/item\/137755-ljuti-na-vlast-u-tk-u-stotinu-studenata-medicinskog-fakulteta-iz-tuzle-idu-na-vakcinaciju-u-srbiju\/","url":"https:\/\/tuzlainfo.ba\/index.php\/novosti\/item\/137755-ljuti-na-vlast-u-tk-u-stotinu-studenata-medicinskog-fakulteta-iz-tuzle-idu-na-vakcinaciju-u-srbiju\/","name":"Ljuti na vlast u TK-u: Stotinu studenata Medicinskog fakulteta iz Tuzle idu na vakcinaciju u Srbiju - TuzlaInfo.ba","isPartOf":{"@id":"https:\/\/tuzlainfo.ba\/#website"},"primaryImageOfPage":{"@id":"https:\/\/tuzlainfo.ba\/index.php\/novosti\/item\/137755-ljuti-na-vlast-u-tk-u-stotinu-studenata-medicinskog-fakulteta-iz-tuzle-idu-na-vakcinaciju-u-srbiju\/#primaryimage"},"image":{"@id":"https:\/\/tuzlainfo.ba\/index.php\/novosti\/item\/137755-ljuti-na-vlast-u-tk-u-stotinu-studenata-medicinskog-fakulteta-iz-tuzle-idu-na-vakcinaciju-u-srbiju\/#primaryimage"},"thumbnailUrl":"https:\/\/tuzlainfo.ba\/wp-content\/uploads\/2018\/04\/sadrzaj_2017_201701_Instutucije_0101_2018_medicinski_fakultet.jpg","datePublished":"2021-05-18T09:06:11+00:00","dateModified":"2021-05-18T09:06:11+00:00","breadcrumb":{"@id":"https:\/\/tuzlainfo.ba\/index.php\/novosti\/item\/137755-ljuti-na-vlast-u-tk-u-stotinu-studenata-medicinskog-fakulteta-iz-tuzle-idu-na-vakcinaciju-u-srbiju\/#breadcrumb"},"inLanguage":"bs-BA","potentialAction":[{"@type":"ReadAction","target":["https:\/\/tuzlainfo.ba\/index.php\/novosti\/item\/137755-ljuti-na-vlast-u-tk-u-stotinu-studenata-medicinskog-fakulteta-iz-tuzle-idu-na-vakcinaciju-u-srbiju\/"]}]},{"@type":"ImageObject","inLanguage":"bs-BA","@id":"https:\/\/tuzlainfo.ba\/index.php\/novosti\/item\/137755-ljuti-na-vlast-u-tk-u-stotinu-studenata-medicinskog-fakulteta-iz-tuzle-idu-na-vakcinaciju-u-srbiju\/#primaryimage","url":"https:\/\/tuzlainfo.ba\/wp-content\/uploads\/2018\/04\/sadrzaj_2017_201701_Instutucije_0101_2018_medicinski_fakultet.jpg","contentUrl":"https:\/\/tuzlainfo.ba\/wp-content\/uploads\/2018\/04\/sadrzaj_2017_201701_Instutucije_0101_2018_medicinski_fakultet.jpg","width":770,"height":455,"caption":"0101 2018 medicinski fakultet"},{"@type":"BreadcrumbList","@id":"https:\/\/tuzlainfo.ba\/index.php\/novosti\/item\/137755-ljuti-na-vlast-u-tk-u-stotinu-studenata-medicinskog-fakulteta-iz-tuzle-idu-na-vakcinaciju-u-srbiju\/#breadcrumb","itemListElement":[{"@type":"ListItem","position":1,"name":"Home","item":"https:\/\/tuzlainfo.ba\/"},{"@type":"ListItem","position":2,"name":"Ljuti na vlast u TK-u: Stotinu studenata Medicinskog fakulteta iz Tuzle idu na vakcinaciju u Srbiju"}]},{"@type":"WebSite","@id":"https:\/\/tuzlainfo.ba\/#website","url":"https:\/\/tuzlainfo.ba\/","name":"TuzlaInfo.ba","description":"Tuzla info, gradski informator - Tuzla na dlanu","publisher":{"@id":"https:\/\/tuzlainfo.ba\/#organization"},"potentialAction":[{"@type":"SearchAction","target":{"@type":"EntryPoint","urlTemplate":"https:\/\/tuzlainfo.ba\/?s={search_term_string}"},"query-input":{"@type":"PropertyValueSpecification","valueRequired":true,"valueName":"search_term_string"}}],"inLanguage":"bs-BA"},{"@type":"Organization","@id":"https:\/\/tuzlainfo.ba\/#organization","name":"TuzlaInfo.ba","url":"https:\/\/tuzlainfo.ba\/","logo":{"@type":"ImageObject","inLanguage":"bs-BA","@id":"https:\/\/tuzlainfo.ba\/#\/schema\/logo\/image\/","url":"https:\/\/tuzlainfo.ba\/wp-content\/uploads\/2021\/03\/logo-ver-3-1.png","contentUrl":"https:\/\/tuzlainfo.ba\/wp-content\/uploads\/2021\/03\/logo-ver-3-1.png","width":350,"height":95,"caption":"TuzlaInfo.ba"},"image":{"@id":"https:\/\/tuzlainfo.ba\/#\/schema\/logo\/image\/"},"sameAs":["https:\/\/www.facebook.com\/tuzlainfo.ba\/"]},{"@type":"Person","@id":"https:\/\/tuzlainfo.ba\/#\/schema\/person\/f434e20dc27ea133923aab08451b7f7f","name":"nedim","image":{"@type":"ImageObject","inLanguage":"bs-BA","@id":"https:\/\/tuzlainfo.ba\/#\/schema\/person\/image\/","url":"https:\/\/tuzlainfo.ba\/wp-content\/litespeed\/avatar\/aabad687af24844af817603ac1cbdc4f.jpg?ver=1776702173","contentUrl":"https:\/\/tuzlainfo.ba\/wp-content\/litespeed\/avatar\/aabad687af24844af817603ac1cbdc4f.jpg?ver=1776702173","caption":"nedim"},"description":"Tuzlainfo.ba pratite na dru\u0161tvenim mre\u017eama: Facebook, Instagram i Youtube. Svoje pri\u010de, upite i fotografije \u0161aljite na na\u0161u e-mail adresu."}]}},"_links":{"self":[{"href":"https:\/\/tuzlainfo.ba\/index.php\/wp-json\/wp\/v2\/posts\/137755"}],"collection":[{"href":"https:\/\/tuzlainfo.ba\/index.php\/wp-json\/wp\/v2\/posts"}],"about":[{"href":"https:\/\/tuzlainfo.ba\/index.php\/wp-json\/wp\/v2\/types\/post"}],"author":[{"embeddable":true,"href":"https:\/\/tuzlainfo.ba\/index.php\/wp-json\/wp\/v2\/users\/2"}],"replies":[{"embeddable":true,"href":"https:\/\/tuzlainfo.ba\/index.php\/wp-json\/wp\/v2\/comments?post=137755"}],"version-history":[{"count":0,"href":"https:\/\/tuzlainfo.ba\/index.php\/wp-json\/wp\/v2\/posts\/137755\/revisions"}],"wp:featuredmedia":[{"embeddable":true,"href":"https:\/\/tuzlainfo.ba\/index.php\/wp-json\/wp\/v2\/media\/61484"}],"wp:attachment":[{"href":"https:\/\/tuzlainfo.ba\/index.php\/wp-json\/wp\/v2\/media?parent=137755"}],"wp:term":[{"taxonomy":"category","embeddable":true,"href":"https:\/\/tuzlainfo.ba\/index.php\/wp-json\/wp\/v2\/categories?post=137755"},{"taxonomy":"post_tag","embeddable":true,"href":"https:\/\/tuzlainfo.ba\/index.php\/wp-json\/wp\/v2\/tags?post=137755"}],"curies":[{"name":"wp","href":"https:\/\/api.w.org\/{rel}","templated":true}]}}