{"id":137650,"date":"2021-05-16T20:26:26","date_gmt":"2021-05-16T18:26:26","guid":{"rendered":"https:\/\/tuzlainfo.ba\/?p=137650"},"modified":"2021-05-16T20:28:21","modified_gmt":"2021-05-16T18:28:21","slug":"njemacki-strucnjaci-tvrde-sljedece-godine-nas-ceka-nova-runda-vakcinacije","status":"publish","type":"post","link":"https:\/\/tuzlainfo.ba\/index.php\/magazin\/item\/137650-njemacki-strucnjaci-tvrde-sljedece-godine-nas-ceka-nova-runda-vakcinacije\/","title":{"rendered":"Njema\u010dki stru\u010dnjaci tvrde: Sljede\u0107e godine nas \u010deka nova runda vakcinacije"},"content":{"rendered":"<p>Njema\u010dki stru\u010dnjak Tomas Mertens izjavio je da \u0107e sljede\u0107e godine vjerovatno svima biti potrebna nova runda vakcinacije protiv koronavirusa.<\/p>\n<p>Mertens, direktor njema\u010dkog nezavisnog savjetodavnog odbora za vakcine, rekao je da jo\u0161 nema dovoljno podataka na osnovu kojih bi moglo da se ka\u017ee kada \u0107e nova vakcinacija biti potrebna.<\/p>\n<p>Naveo je da \u0107e zvani\u010dnici morati da sa\u010dekaju jo\u0161 nekoliko mjeseci da vide da li za\u0161tita od koronavirusa slabi u nekim grupama.<\/p>\n<p>Dodao je, me\u0111utim, da virus ne\u0107e nestati i da vakcinacija koja je u toku ne\u0107e biti posljednja.<\/p>\n<p>U Njema\u010dkoj je 30,4 miliona ljudi, odnosno 36,5 odsto stanovni\u0161tva, do petka primilo najmanje jednu dozu vakcine, a u potpunosti je imunizovano vi\u0161e od devet miliona, odnosno 10,9 odsto gra\u0111ana.<\/p>\n","protected":false},"excerpt":{"rendered":"<p>Njema\u010dki stru\u010dnjak Tomas Mertens izjavio je da \u0107e sljede\u0107e godine vjerovatno svima biti potrebna nova&hellip;<\/p>\n","protected":false},"author":2,"featured_media":87497,"comment_status":"open","ping_status":"closed","sticky":false,"template":"","format":"standard","meta":{"_acf_changed":false,"footnotes":""},"categories":[292],"tags":[366,307],"acf":[],"yoast_head":"<!-- This site is optimized with the Yoast SEO plugin v23.5 - https:\/\/yoast.com\/wordpress\/plugins\/seo\/ -->\n<title>Njema\u010dki stru\u010dnjaci tvrde: Sljede\u0107e godine nas \u010deka nova runda vakcinacije - TuzlaInfo.ba<\/title>\n<meta name=\"robots\" content=\"index, follow, max-snippet:-1, max-image-preview:large, max-video-preview:-1\" \/>\n<link rel=\"canonical\" href=\"https:\/\/tuzlainfo.ba\/index.php\/magazin\/item\/137650-njemacki-strucnjaci-tvrde-sljedece-godine-nas-ceka-nova-runda-vakcinacije\/\" \/>\n<meta property=\"og:locale\" content=\"bs_BA\" \/>\n<meta property=\"og:type\" content=\"article\" \/>\n<meta property=\"og:title\" content=\"Njema\u010dki stru\u010dnjaci tvrde: Sljede\u0107e godine nas \u010deka nova runda vakcinacije - TuzlaInfo.ba\" \/>\n<meta property=\"og:description\" content=\"Njema\u010dki stru\u010dnjak Tomas Mertens izjavio je da \u0107e sljede\u0107e godine vjerovatno svima biti potrebna nova&hellip;\" \/>\n<meta property=\"og:url\" content=\"https:\/\/tuzlainfo.ba\/index.php\/magazin\/item\/137650-njemacki-strucnjaci-tvrde-sljedece-godine-nas-ceka-nova-runda-vakcinacije\/\" \/>\n<meta property=\"og:site_name\" content=\"TuzlaInfo.ba\" \/>\n<meta property=\"article:publisher\" content=\"https:\/\/www.facebook.com\/tuzlainfo.ba\/\" \/>\n<meta property=\"article:published_time\" content=\"2021-05-16T18:26:26+00:00\" \/>\n<meta property=\"article:modified_time\" content=\"2021-05-16T18:28:21+00:00\" \/>\n<meta property=\"og:image\" content=\"https:\/\/tuzlainfo.ba\/wp-content\/uploads\/2021\/03\/sadrzaj_2021_20210301_1903_vakcina2.jpg\" \/>\n\t<meta property=\"og:image:width\" content=\"770\" \/>\n\t<meta property=\"og:image:height\" content=\"495\" \/>\n\t<meta property=\"og:image:type\" content=\"image\/jpeg\" \/>\n<meta name=\"author\" content=\"nedim\" \/>\n<meta name=\"twitter:card\" content=\"summary_large_image\" \/>\n<meta name=\"twitter:label1\" content=\"Written by\" \/>\n\t<meta name=\"twitter:data1\" content=\"nedim\" \/>\n\t<meta name=\"twitter:label2\" content=\"Est. reading time\" \/>\n\t<meta name=\"twitter:data2\" content=\"1 minuta\" \/>\n<script type=\"application\/ld+json\" class=\"yoast-schema-graph\">{\"@context\":\"https:\/\/schema.org\",\"@graph\":[{\"@type\":\"Article\",\"@id\":\"https:\/\/tuzlainfo.ba\/index.php\/magazin\/item\/137650-njemacki-strucnjaci-tvrde-sljedece-godine-nas-ceka-nova-runda-vakcinacije\/#article\",\"isPartOf\":{\"@id\":\"https:\/\/tuzlainfo.ba\/index.php\/magazin\/item\/137650-njemacki-strucnjaci-tvrde-sljedece-godine-nas-ceka-nova-runda-vakcinacije\/\"},\"author\":{\"name\":\"nedim\",\"@id\":\"https:\/\/tuzlainfo.ba\/#\/schema\/person\/f434e20dc27ea133923aab08451b7f7f\"},\"headline\":\"Njema\u010dki stru\u010dnjaci tvrde: Sljede\u0107e godine nas \u010deka nova runda vakcinacije\",\"datePublished\":\"2021-05-16T18:26:26+00:00\",\"dateModified\":\"2021-05-16T18:28:21+00:00\",\"mainEntityOfPage\":{\"@id\":\"https:\/\/tuzlainfo.ba\/index.php\/magazin\/item\/137650-njemacki-strucnjaci-tvrde-sljedece-godine-nas-ceka-nova-runda-vakcinacije\/\"},\"wordCount\":142,\"commentCount\":0,\"publisher\":{\"@id\":\"https:\/\/tuzlainfo.ba\/#organization\"},\"image\":{\"@id\":\"https:\/\/tuzlainfo.ba\/index.php\/magazin\/item\/137650-njemacki-strucnjaci-tvrde-sljedece-godine-nas-ceka-nova-runda-vakcinacije\/#primaryimage\"},\"thumbnailUrl\":\"https:\/\/tuzlainfo.ba\/wp-content\/uploads\/2021\/03\/sadrzaj_2021_20210301_1903_vakcina2.jpg\",\"keywords\":[\"vakcinacija\",\"vakcine\"],\"articleSection\":[\"Magazin\"],\"inLanguage\":\"bs-BA\"},{\"@type\":\"WebPage\",\"@id\":\"https:\/\/tuzlainfo.ba\/index.php\/magazin\/item\/137650-njemacki-strucnjaci-tvrde-sljedece-godine-nas-ceka-nova-runda-vakcinacije\/\",\"url\":\"https:\/\/tuzlainfo.ba\/index.php\/magazin\/item\/137650-njemacki-strucnjaci-tvrde-sljedece-godine-nas-ceka-nova-runda-vakcinacije\/\",\"name\":\"Njema\u010dki stru\u010dnjaci tvrde: Sljede\u0107e godine nas \u010deka nova runda vakcinacije - TuzlaInfo.ba\",\"isPartOf\":{\"@id\":\"https:\/\/tuzlainfo.ba\/#website\"},\"primaryImageOfPage\":{\"@id\":\"https:\/\/tuzlainfo.ba\/index.php\/magazin\/item\/137650-njemacki-strucnjaci-tvrde-sljedece-godine-nas-ceka-nova-runda-vakcinacije\/#primaryimage\"},\"image\":{\"@id\":\"https:\/\/tuzlainfo.ba\/index.php\/magazin\/item\/137650-njemacki-strucnjaci-tvrde-sljedece-godine-nas-ceka-nova-runda-vakcinacije\/#primaryimage\"},\"thumbnailUrl\":\"https:\/\/tuzlainfo.ba\/wp-content\/uploads\/2021\/03\/sadrzaj_2021_20210301_1903_vakcina2.jpg\",\"datePublished\":\"2021-05-16T18:26:26+00:00\",\"dateModified\":\"2021-05-16T18:28:21+00:00\",\"breadcrumb\":{\"@id\":\"https:\/\/tuzlainfo.ba\/index.php\/magazin\/item\/137650-njemacki-strucnjaci-tvrde-sljedece-godine-nas-ceka-nova-runda-vakcinacije\/#breadcrumb\"},\"inLanguage\":\"bs-BA\",\"potentialAction\":[{\"@type\":\"ReadAction\",\"target\":[\"https:\/\/tuzlainfo.ba\/index.php\/magazin\/item\/137650-njemacki-strucnjaci-tvrde-sljedece-godine-nas-ceka-nova-runda-vakcinacije\/\"]}]},{\"@type\":\"ImageObject\",\"inLanguage\":\"bs-BA\",\"@id\":\"https:\/\/tuzlainfo.ba\/index.php\/magazin\/item\/137650-njemacki-strucnjaci-tvrde-sljedece-godine-nas-ceka-nova-runda-vakcinacije\/#primaryimage\",\"url\":\"https:\/\/tuzlainfo.ba\/wp-content\/uploads\/2021\/03\/sadrzaj_2021_20210301_1903_vakcina2.jpg\",\"contentUrl\":\"https:\/\/tuzlainfo.ba\/wp-content\/uploads\/2021\/03\/sadrzaj_2021_20210301_1903_vakcina2.jpg\",\"width\":770,\"height\":495,\"caption\":\"1903 vakcina2\"},{\"@type\":\"BreadcrumbList\",\"@id\":\"https:\/\/tuzlainfo.ba\/index.php\/magazin\/item\/137650-njemacki-strucnjaci-tvrde-sljedece-godine-nas-ceka-nova-runda-vakcinacije\/#breadcrumb\",\"itemListElement\":[{\"@type\":\"ListItem\",\"position\":1,\"name\":\"Home\",\"item\":\"https:\/\/tuzlainfo.ba\/\"},{\"@type\":\"ListItem\",\"position\":2,\"name\":\"Njema\u010dki stru\u010dnjaci tvrde: Sljede\u0107e godine nas \u010deka nova runda vakcinacije\"}]},{\"@type\":\"WebSite\",\"@id\":\"https:\/\/tuzlainfo.ba\/#website\",\"url\":\"https:\/\/tuzlainfo.ba\/\",\"name\":\"TuzlaInfo.ba\",\"description\":\"Tuzla info, gradski informator - Tuzla na dlanu\",\"publisher\":{\"@id\":\"https:\/\/tuzlainfo.ba\/#organization\"},\"potentialAction\":[{\"@type\":\"SearchAction\",\"target\":{\"@type\":\"EntryPoint\",\"urlTemplate\":\"https:\/\/tuzlainfo.ba\/?s={search_term_string}\"},\"query-input\":{\"@type\":\"PropertyValueSpecification\",\"valueRequired\":true,\"valueName\":\"search_term_string\"}}],\"inLanguage\":\"bs-BA\"},{\"@type\":\"Organization\",\"@id\":\"https:\/\/tuzlainfo.ba\/#organization\",\"name\":\"TuzlaInfo.ba\",\"url\":\"https:\/\/tuzlainfo.ba\/\",\"logo\":{\"@type\":\"ImageObject\",\"inLanguage\":\"bs-BA\",\"@id\":\"https:\/\/tuzlainfo.ba\/#\/schema\/logo\/image\/\",\"url\":\"https:\/\/tuzlainfo.ba\/wp-content\/uploads\/2021\/03\/logo-ver-3-1.png\",\"contentUrl\":\"https:\/\/tuzlainfo.ba\/wp-content\/uploads\/2021\/03\/logo-ver-3-1.png\",\"width\":350,\"height\":95,\"caption\":\"TuzlaInfo.ba\"},\"image\":{\"@id\":\"https:\/\/tuzlainfo.ba\/#\/schema\/logo\/image\/\"},\"sameAs\":[\"https:\/\/www.facebook.com\/tuzlainfo.ba\/\"]},{\"@type\":\"Person\",\"@id\":\"https:\/\/tuzlainfo.ba\/#\/schema\/person\/f434e20dc27ea133923aab08451b7f7f\",\"name\":\"nedim\",\"image\":{\"@type\":\"ImageObject\",\"inLanguage\":\"bs-BA\",\"@id\":\"https:\/\/tuzlainfo.ba\/#\/schema\/person\/image\/\",\"url\":\"https:\/\/tuzlainfo.ba\/wp-content\/litespeed\/avatar\/aabad687af24844af817603ac1cbdc4f.jpg?ver=1777306975\",\"contentUrl\":\"https:\/\/tuzlainfo.ba\/wp-content\/litespeed\/avatar\/aabad687af24844af817603ac1cbdc4f.jpg?ver=1777306975\",\"caption\":\"nedim\"},\"description\":\"Tuzlainfo.ba pratite na dru\u0161tvenim mre\u017eama: Facebook, Instagram i Youtube. Svoje pri\u010de, upite i fotografije \u0161aljite na na\u0161u e-mail adresu.\"}]}<\/script>\n<!-- \/ Yoast SEO plugin. -->","yoast_head_json":{"title":"Njema\u010dki stru\u010dnjaci tvrde: Sljede\u0107e godine nas \u010deka nova runda vakcinacije - TuzlaInfo.ba","robots":{"index":"index","follow":"follow","max-snippet":"max-snippet:-1","max-image-preview":"max-image-preview:large","max-video-preview":"max-video-preview:-1"},"canonical":"https:\/\/tuzlainfo.ba\/index.php\/magazin\/item\/137650-njemacki-strucnjaci-tvrde-sljedece-godine-nas-ceka-nova-runda-vakcinacije\/","og_locale":"bs_BA","og_type":"article","og_title":"Njema\u010dki stru\u010dnjaci tvrde: Sljede\u0107e godine nas \u010deka nova runda vakcinacije - TuzlaInfo.ba","og_description":"Njema\u010dki stru\u010dnjak Tomas Mertens izjavio je da \u0107e sljede\u0107e godine vjerovatno svima biti potrebna nova&hellip;","og_url":"https:\/\/tuzlainfo.ba\/index.php\/magazin\/item\/137650-njemacki-strucnjaci-tvrde-sljedece-godine-nas-ceka-nova-runda-vakcinacije\/","og_site_name":"TuzlaInfo.ba","article_publisher":"https:\/\/www.facebook.com\/tuzlainfo.ba\/","article_published_time":"2021-05-16T18:26:26+00:00","article_modified_time":"2021-05-16T18:28:21+00:00","og_image":[{"width":770,"height":495,"url":"https:\/\/tuzlainfo.ba\/wp-content\/uploads\/2021\/03\/sadrzaj_2021_20210301_1903_vakcina2.jpg","type":"image\/jpeg"}],"author":"nedim","twitter_card":"summary_large_image","twitter_misc":{"Written by":"nedim","Est. reading time":"1 minuta"},"schema":{"@context":"https:\/\/schema.org","@graph":[{"@type":"Article","@id":"https:\/\/tuzlainfo.ba\/index.php\/magazin\/item\/137650-njemacki-strucnjaci-tvrde-sljedece-godine-nas-ceka-nova-runda-vakcinacije\/#article","isPartOf":{"@id":"https:\/\/tuzlainfo.ba\/index.php\/magazin\/item\/137650-njemacki-strucnjaci-tvrde-sljedece-godine-nas-ceka-nova-runda-vakcinacije\/"},"author":{"name":"nedim","@id":"https:\/\/tuzlainfo.ba\/#\/schema\/person\/f434e20dc27ea133923aab08451b7f7f"},"headline":"Njema\u010dki stru\u010dnjaci tvrde: Sljede\u0107e godine nas \u010deka nova runda vakcinacije","datePublished":"2021-05-16T18:26:26+00:00","dateModified":"2021-05-16T18:28:21+00:00","mainEntityOfPage":{"@id":"https:\/\/tuzlainfo.ba\/index.php\/magazin\/item\/137650-njemacki-strucnjaci-tvrde-sljedece-godine-nas-ceka-nova-runda-vakcinacije\/"},"wordCount":142,"commentCount":0,"publisher":{"@id":"https:\/\/tuzlainfo.ba\/#organization"},"image":{"@id":"https:\/\/tuzlainfo.ba\/index.php\/magazin\/item\/137650-njemacki-strucnjaci-tvrde-sljedece-godine-nas-ceka-nova-runda-vakcinacije\/#primaryimage"},"thumbnailUrl":"https:\/\/tuzlainfo.ba\/wp-content\/uploads\/2021\/03\/sadrzaj_2021_20210301_1903_vakcina2.jpg","keywords":["vakcinacija","vakcine"],"articleSection":["Magazin"],"inLanguage":"bs-BA"},{"@type":"WebPage","@id":"https:\/\/tuzlainfo.ba\/index.php\/magazin\/item\/137650-njemacki-strucnjaci-tvrde-sljedece-godine-nas-ceka-nova-runda-vakcinacije\/","url":"https:\/\/tuzlainfo.ba\/index.php\/magazin\/item\/137650-njemacki-strucnjaci-tvrde-sljedece-godine-nas-ceka-nova-runda-vakcinacije\/","name":"Njema\u010dki stru\u010dnjaci tvrde: Sljede\u0107e godine nas \u010deka nova runda vakcinacije - TuzlaInfo.ba","isPartOf":{"@id":"https:\/\/tuzlainfo.ba\/#website"},"primaryImageOfPage":{"@id":"https:\/\/tuzlainfo.ba\/index.php\/magazin\/item\/137650-njemacki-strucnjaci-tvrde-sljedece-godine-nas-ceka-nova-runda-vakcinacije\/#primaryimage"},"image":{"@id":"https:\/\/tuzlainfo.ba\/index.php\/magazin\/item\/137650-njemacki-strucnjaci-tvrde-sljedece-godine-nas-ceka-nova-runda-vakcinacije\/#primaryimage"},"thumbnailUrl":"https:\/\/tuzlainfo.ba\/wp-content\/uploads\/2021\/03\/sadrzaj_2021_20210301_1903_vakcina2.jpg","datePublished":"2021-05-16T18:26:26+00:00","dateModified":"2021-05-16T18:28:21+00:00","breadcrumb":{"@id":"https:\/\/tuzlainfo.ba\/index.php\/magazin\/item\/137650-njemacki-strucnjaci-tvrde-sljedece-godine-nas-ceka-nova-runda-vakcinacije\/#breadcrumb"},"inLanguage":"bs-BA","potentialAction":[{"@type":"ReadAction","target":["https:\/\/tuzlainfo.ba\/index.php\/magazin\/item\/137650-njemacki-strucnjaci-tvrde-sljedece-godine-nas-ceka-nova-runda-vakcinacije\/"]}]},{"@type":"ImageObject","inLanguage":"bs-BA","@id":"https:\/\/tuzlainfo.ba\/index.php\/magazin\/item\/137650-njemacki-strucnjaci-tvrde-sljedece-godine-nas-ceka-nova-runda-vakcinacije\/#primaryimage","url":"https:\/\/tuzlainfo.ba\/wp-content\/uploads\/2021\/03\/sadrzaj_2021_20210301_1903_vakcina2.jpg","contentUrl":"https:\/\/tuzlainfo.ba\/wp-content\/uploads\/2021\/03\/sadrzaj_2021_20210301_1903_vakcina2.jpg","width":770,"height":495,"caption":"1903 vakcina2"},{"@type":"BreadcrumbList","@id":"https:\/\/tuzlainfo.ba\/index.php\/magazin\/item\/137650-njemacki-strucnjaci-tvrde-sljedece-godine-nas-ceka-nova-runda-vakcinacije\/#breadcrumb","itemListElement":[{"@type":"ListItem","position":1,"name":"Home","item":"https:\/\/tuzlainfo.ba\/"},{"@type":"ListItem","position":2,"name":"Njema\u010dki stru\u010dnjaci tvrde: Sljede\u0107e godine nas \u010deka nova runda vakcinacije"}]},{"@type":"WebSite","@id":"https:\/\/tuzlainfo.ba\/#website","url":"https:\/\/tuzlainfo.ba\/","name":"TuzlaInfo.ba","description":"Tuzla info, gradski informator - Tuzla na dlanu","publisher":{"@id":"https:\/\/tuzlainfo.ba\/#organization"},"potentialAction":[{"@type":"SearchAction","target":{"@type":"EntryPoint","urlTemplate":"https:\/\/tuzlainfo.ba\/?s={search_term_string}"},"query-input":{"@type":"PropertyValueSpecification","valueRequired":true,"valueName":"search_term_string"}}],"inLanguage":"bs-BA"},{"@type":"Organization","@id":"https:\/\/tuzlainfo.ba\/#organization","name":"TuzlaInfo.ba","url":"https:\/\/tuzlainfo.ba\/","logo":{"@type":"ImageObject","inLanguage":"bs-BA","@id":"https:\/\/tuzlainfo.ba\/#\/schema\/logo\/image\/","url":"https:\/\/tuzlainfo.ba\/wp-content\/uploads\/2021\/03\/logo-ver-3-1.png","contentUrl":"https:\/\/tuzlainfo.ba\/wp-content\/uploads\/2021\/03\/logo-ver-3-1.png","width":350,"height":95,"caption":"TuzlaInfo.ba"},"image":{"@id":"https:\/\/tuzlainfo.ba\/#\/schema\/logo\/image\/"},"sameAs":["https:\/\/www.facebook.com\/tuzlainfo.ba\/"]},{"@type":"Person","@id":"https:\/\/tuzlainfo.ba\/#\/schema\/person\/f434e20dc27ea133923aab08451b7f7f","name":"nedim","image":{"@type":"ImageObject","inLanguage":"bs-BA","@id":"https:\/\/tuzlainfo.ba\/#\/schema\/person\/image\/","url":"https:\/\/tuzlainfo.ba\/wp-content\/litespeed\/avatar\/aabad687af24844af817603ac1cbdc4f.jpg?ver=1777306975","contentUrl":"https:\/\/tuzlainfo.ba\/wp-content\/litespeed\/avatar\/aabad687af24844af817603ac1cbdc4f.jpg?ver=1777306975","caption":"nedim"},"description":"Tuzlainfo.ba pratite na dru\u0161tvenim mre\u017eama: Facebook, Instagram i Youtube. Svoje pri\u010de, upite i fotografije \u0161aljite na na\u0161u e-mail adresu."}]}},"_links":{"self":[{"href":"https:\/\/tuzlainfo.ba\/index.php\/wp-json\/wp\/v2\/posts\/137650"}],"collection":[{"href":"https:\/\/tuzlainfo.ba\/index.php\/wp-json\/wp\/v2\/posts"}],"about":[{"href":"https:\/\/tuzlainfo.ba\/index.php\/wp-json\/wp\/v2\/types\/post"}],"author":[{"embeddable":true,"href":"https:\/\/tuzlainfo.ba\/index.php\/wp-json\/wp\/v2\/users\/2"}],"replies":[{"embeddable":true,"href":"https:\/\/tuzlainfo.ba\/index.php\/wp-json\/wp\/v2\/comments?post=137650"}],"version-history":[{"count":0,"href":"https:\/\/tuzlainfo.ba\/index.php\/wp-json\/wp\/v2\/posts\/137650\/revisions"}],"wp:featuredmedia":[{"embeddable":true,"href":"https:\/\/tuzlainfo.ba\/index.php\/wp-json\/wp\/v2\/media\/87497"}],"wp:attachment":[{"href":"https:\/\/tuzlainfo.ba\/index.php\/wp-json\/wp\/v2\/media?parent=137650"}],"wp:term":[{"taxonomy":"category","embeddable":true,"href":"https:\/\/tuzlainfo.ba\/index.php\/wp-json\/wp\/v2\/categories?post=137650"},{"taxonomy":"post_tag","embeddable":true,"href":"https:\/\/tuzlainfo.ba\/index.php\/wp-json\/wp\/v2\/tags?post=137650"}],"curies":[{"name":"wp","href":"https:\/\/api.w.org\/{rel}","templated":true}]}}