{"id":137579,"date":"2021-05-15T12:10:29","date_gmt":"2021-05-15T10:10:29","guid":{"rendered":"https:\/\/tuzlainfo.ba\/?p=137579"},"modified":"2021-05-15T12:12:04","modified_gmt":"2021-05-15T10:12:04","slug":"ordinirao-po-bih-lazni-pop-hodza-i-nadbiskup-obavljao-vjerske-obrede-u-sve-tri-religije","status":"publish","type":"post","link":"https:\/\/tuzlainfo.ba\/index.php\/bosna-i-hercegovina\/item\/137579-ordinirao-po-bih-lazni-pop-hodza-i-nadbiskup-obavljao-vjerske-obrede-u-sve-tri-religije\/","title":{"rendered":"Ordinirao po BiH: La\u017eni pop, hod\u017ea i nadbiskup obavljao vjerske obrede u sve tri religije"},"content":{"rendered":"<p>Mu\u0161karac \u010diji su inicijali S.S. iz Ruhotine tereti se da je u zadnjih nekoliko meseci prevarom stekao dobit od nekoliko desetina hiljada konvertibilnih maraka, a uhap\u0161en je u Bijeljini &#8211; pi\u0161e\u00a0<strong><a href=\"https:\/\/www.sandzakdanas.rs\/sva-ta-luda-bosna-uhvacen-lazni-pop-hodza-nadbiskup-koji-je-obavljao-vjerske-obrede-u-sve-tri-religije\/\">Sand\u017eakdanas.rs<\/a>.<\/strong><\/p>\n<p>Mu\u0161karac se tereti da je prevarom steklo dobit obavljaju\u0107i d\u017eenaze i katoli\u010dke pogrebe po Federaciji.<\/p>\n<p>On je, predstavljaju\u0107i se kao sve\u0161tenik na zamjeni, svetio vodicu po semberskim selima, dok je dvoje djece i krstio. Isti mu\u0161karac se optu\u017euje da se predstavljao kao nadbiskup gde mu je u jednom hercegova\u010dkom selu prire\u0111en i do\u010dek, dok je u okolini Tuzle obavio nekoliko d\u017eenaza.<\/p>\n<p>Jedna od prevarenih lica je i Milka iz Batkovi\u0107a:<\/p>\n<p>\u2013 Meni se ovaj novi popi\u0107 pravo svidio, da ti vidi\u0161 \u0161to to lijepo pjeva, dala sam 20 marki. Bilo je \u010dudno \u0161to se nakrka \u010dvaraka u po posta al reko ogladnio veseljak, sam se ti rani djete moje. Posle 10 dana do\u0111e na\u0161 pop, reko ne po\u010dinji pope imam 2 marke u ku\u0107i \u2013 rekla je ona.<\/p>\n<p>Isti mu\u0161karac se optu\u017euje da se predstavljao kao nadbiskup\u00a0gdje\u00a0mu je u jednom hercegova\u010dkom selu prire\u0111en i do\u010dek, dok je u okolini Tuzle obavio nekoliko d\u017eenaza.<\/p>\n","protected":false},"excerpt":{"rendered":"<p>Mu\u0161karac \u010diji su inicijali S.S. iz Ruhotine tereti se da je u zadnjih nekoliko meseci&hellip;<\/p>\n","protected":false},"author":2,"featured_media":137580,"comment_status":"open","ping_status":"closed","sticky":false,"template":"","format":"standard","meta":{"_acf_changed":false,"footnotes":""},"categories":[291],"tags":[1197,1196],"acf":[],"yoast_head":"<!-- This site is optimized with the Yoast SEO plugin v23.5 - https:\/\/yoast.com\/wordpress\/plugins\/seo\/ -->\n<title>Ordinirao po BiH: La\u017eni pop, hod\u017ea i nadbiskup obavljao vjerske obrede u sve tri religije - TuzlaInfo.ba<\/title>\n<meta name=\"robots\" content=\"index, follow, max-snippet:-1, max-image-preview:large, max-video-preview:-1\" \/>\n<link rel=\"canonical\" href=\"https:\/\/tuzlainfo.ba\/index.php\/bosna-i-hercegovina\/item\/137579-ordinirao-po-bih-lazni-pop-hodza-i-nadbiskup-obavljao-vjerske-obrede-u-sve-tri-religije\/\" \/>\n<meta property=\"og:locale\" content=\"bs_BA\" \/>\n<meta property=\"og:type\" content=\"article\" \/>\n<meta property=\"og:title\" content=\"Ordinirao po BiH: La\u017eni pop, hod\u017ea i nadbiskup obavljao vjerske obrede u sve tri religije - TuzlaInfo.ba\" \/>\n<meta property=\"og:description\" content=\"Mu\u0161karac \u010diji su inicijali S.S. iz Ruhotine tereti se da je u zadnjih nekoliko meseci&hellip;\" \/>\n<meta property=\"og:url\" content=\"https:\/\/tuzlainfo.ba\/index.php\/bosna-i-hercegovina\/item\/137579-ordinirao-po-bih-lazni-pop-hodza-i-nadbiskup-obavljao-vjerske-obrede-u-sve-tri-religije\/\" \/>\n<meta property=\"og:site_name\" content=\"TuzlaInfo.ba\" \/>\n<meta property=\"article:publisher\" content=\"https:\/\/www.facebook.com\/tuzlainfo.ba\/\" \/>\n<meta property=\"article:published_time\" content=\"2021-05-15T10:10:29+00:00\" \/>\n<meta property=\"article:modified_time\" content=\"2021-05-15T10:12:04+00:00\" \/>\n<meta property=\"og:image\" content=\"https:\/\/tuzlainfo.ba\/wp-content\/uploads\/2021\/05\/1505_pop_hodza_.jpg\" \/>\n\t<meta property=\"og:image:width\" content=\"735\" \/>\n\t<meta property=\"og:image:height\" content=\"400\" \/>\n\t<meta property=\"og:image:type\" content=\"image\/jpeg\" \/>\n<meta name=\"author\" content=\"nedim\" \/>\n<meta name=\"twitter:card\" content=\"summary_large_image\" \/>\n<meta name=\"twitter:label1\" content=\"Written by\" \/>\n\t<meta name=\"twitter:data1\" content=\"nedim\" \/>\n\t<meta name=\"twitter:label2\" content=\"Est. reading time\" \/>\n\t<meta name=\"twitter:data2\" content=\"1 minuta\" \/>\n<script type=\"application\/ld+json\" class=\"yoast-schema-graph\">{\"@context\":\"https:\/\/schema.org\",\"@graph\":[{\"@type\":\"Article\",\"@id\":\"https:\/\/tuzlainfo.ba\/index.php\/bosna-i-hercegovina\/item\/137579-ordinirao-po-bih-lazni-pop-hodza-i-nadbiskup-obavljao-vjerske-obrede-u-sve-tri-religije\/#article\",\"isPartOf\":{\"@id\":\"https:\/\/tuzlainfo.ba\/index.php\/bosna-i-hercegovina\/item\/137579-ordinirao-po-bih-lazni-pop-hodza-i-nadbiskup-obavljao-vjerske-obrede-u-sve-tri-religije\/\"},\"author\":{\"name\":\"nedim\",\"@id\":\"https:\/\/tuzlainfo.ba\/#\/schema\/person\/f434e20dc27ea133923aab08451b7f7f\"},\"headline\":\"Ordinirao po BiH: La\u017eni pop, hod\u017ea i nadbiskup obavljao vjerske obrede u sve tri religije\",\"datePublished\":\"2021-05-15T10:10:29+00:00\",\"dateModified\":\"2021-05-15T10:12:04+00:00\",\"mainEntityOfPage\":{\"@id\":\"https:\/\/tuzlainfo.ba\/index.php\/bosna-i-hercegovina\/item\/137579-ordinirao-po-bih-lazni-pop-hodza-i-nadbiskup-obavljao-vjerske-obrede-u-sve-tri-religije\/\"},\"wordCount\":227,\"commentCount\":0,\"publisher\":{\"@id\":\"https:\/\/tuzlainfo.ba\/#organization\"},\"image\":{\"@id\":\"https:\/\/tuzlainfo.ba\/index.php\/bosna-i-hercegovina\/item\/137579-ordinirao-po-bih-lazni-pop-hodza-i-nadbiskup-obavljao-vjerske-obrede-u-sve-tri-religije\/#primaryimage\"},\"thumbnailUrl\":\"https:\/\/tuzlainfo.ba\/wp-content\/uploads\/2021\/05\/1505_pop_hodza_.jpg\",\"keywords\":[\"la\u017eni hod\u017ea\",\"la\u017eni pop\"],\"articleSection\":[\"Bosna i Hercegovina\"],\"inLanguage\":\"bs-BA\"},{\"@type\":\"WebPage\",\"@id\":\"https:\/\/tuzlainfo.ba\/index.php\/bosna-i-hercegovina\/item\/137579-ordinirao-po-bih-lazni-pop-hodza-i-nadbiskup-obavljao-vjerske-obrede-u-sve-tri-religije\/\",\"url\":\"https:\/\/tuzlainfo.ba\/index.php\/bosna-i-hercegovina\/item\/137579-ordinirao-po-bih-lazni-pop-hodza-i-nadbiskup-obavljao-vjerske-obrede-u-sve-tri-religije\/\",\"name\":\"Ordinirao po BiH: La\u017eni pop, hod\u017ea i nadbiskup obavljao vjerske obrede u sve tri religije - TuzlaInfo.ba\",\"isPartOf\":{\"@id\":\"https:\/\/tuzlainfo.ba\/#website\"},\"primaryImageOfPage\":{\"@id\":\"https:\/\/tuzlainfo.ba\/index.php\/bosna-i-hercegovina\/item\/137579-ordinirao-po-bih-lazni-pop-hodza-i-nadbiskup-obavljao-vjerske-obrede-u-sve-tri-religije\/#primaryimage\"},\"image\":{\"@id\":\"https:\/\/tuzlainfo.ba\/index.php\/bosna-i-hercegovina\/item\/137579-ordinirao-po-bih-lazni-pop-hodza-i-nadbiskup-obavljao-vjerske-obrede-u-sve-tri-religije\/#primaryimage\"},\"thumbnailUrl\":\"https:\/\/tuzlainfo.ba\/wp-content\/uploads\/2021\/05\/1505_pop_hodza_.jpg\",\"datePublished\":\"2021-05-15T10:10:29+00:00\",\"dateModified\":\"2021-05-15T10:12:04+00:00\",\"breadcrumb\":{\"@id\":\"https:\/\/tuzlainfo.ba\/index.php\/bosna-i-hercegovina\/item\/137579-ordinirao-po-bih-lazni-pop-hodza-i-nadbiskup-obavljao-vjerske-obrede-u-sve-tri-religije\/#breadcrumb\"},\"inLanguage\":\"bs-BA\",\"potentialAction\":[{\"@type\":\"ReadAction\",\"target\":[\"https:\/\/tuzlainfo.ba\/index.php\/bosna-i-hercegovina\/item\/137579-ordinirao-po-bih-lazni-pop-hodza-i-nadbiskup-obavljao-vjerske-obrede-u-sve-tri-religije\/\"]}]},{\"@type\":\"ImageObject\",\"inLanguage\":\"bs-BA\",\"@id\":\"https:\/\/tuzlainfo.ba\/index.php\/bosna-i-hercegovina\/item\/137579-ordinirao-po-bih-lazni-pop-hodza-i-nadbiskup-obavljao-vjerske-obrede-u-sve-tri-religije\/#primaryimage\",\"url\":\"https:\/\/tuzlainfo.ba\/wp-content\/uploads\/2021\/05\/1505_pop_hodza_.jpg\",\"contentUrl\":\"https:\/\/tuzlainfo.ba\/wp-content\/uploads\/2021\/05\/1505_pop_hodza_.jpg\",\"width\":735,\"height\":400},{\"@type\":\"BreadcrumbList\",\"@id\":\"https:\/\/tuzlainfo.ba\/index.php\/bosna-i-hercegovina\/item\/137579-ordinirao-po-bih-lazni-pop-hodza-i-nadbiskup-obavljao-vjerske-obrede-u-sve-tri-religije\/#breadcrumb\",\"itemListElement\":[{\"@type\":\"ListItem\",\"position\":1,\"name\":\"Home\",\"item\":\"https:\/\/tuzlainfo.ba\/\"},{\"@type\":\"ListItem\",\"position\":2,\"name\":\"Ordinirao po BiH: La\u017eni pop, hod\u017ea i nadbiskup obavljao vjerske obrede u sve tri religije\"}]},{\"@type\":\"WebSite\",\"@id\":\"https:\/\/tuzlainfo.ba\/#website\",\"url\":\"https:\/\/tuzlainfo.ba\/\",\"name\":\"TuzlaInfo.ba\",\"description\":\"Tuzla info, gradski informator - Tuzla na dlanu\",\"publisher\":{\"@id\":\"https:\/\/tuzlainfo.ba\/#organization\"},\"potentialAction\":[{\"@type\":\"SearchAction\",\"target\":{\"@type\":\"EntryPoint\",\"urlTemplate\":\"https:\/\/tuzlainfo.ba\/?s={search_term_string}\"},\"query-input\":{\"@type\":\"PropertyValueSpecification\",\"valueRequired\":true,\"valueName\":\"search_term_string\"}}],\"inLanguage\":\"bs-BA\"},{\"@type\":\"Organization\",\"@id\":\"https:\/\/tuzlainfo.ba\/#organization\",\"name\":\"TuzlaInfo.ba\",\"url\":\"https:\/\/tuzlainfo.ba\/\",\"logo\":{\"@type\":\"ImageObject\",\"inLanguage\":\"bs-BA\",\"@id\":\"https:\/\/tuzlainfo.ba\/#\/schema\/logo\/image\/\",\"url\":\"https:\/\/tuzlainfo.ba\/wp-content\/uploads\/2021\/03\/logo-ver-3-1.png\",\"contentUrl\":\"https:\/\/tuzlainfo.ba\/wp-content\/uploads\/2021\/03\/logo-ver-3-1.png\",\"width\":350,\"height\":95,\"caption\":\"TuzlaInfo.ba\"},\"image\":{\"@id\":\"https:\/\/tuzlainfo.ba\/#\/schema\/logo\/image\/\"},\"sameAs\":[\"https:\/\/www.facebook.com\/tuzlainfo.ba\/\"]},{\"@type\":\"Person\",\"@id\":\"https:\/\/tuzlainfo.ba\/#\/schema\/person\/f434e20dc27ea133923aab08451b7f7f\",\"name\":\"nedim\",\"image\":{\"@type\":\"ImageObject\",\"inLanguage\":\"bs-BA\",\"@id\":\"https:\/\/tuzlainfo.ba\/#\/schema\/person\/image\/\",\"url\":\"https:\/\/tuzlainfo.ba\/wp-content\/litespeed\/avatar\/aabad687af24844af817603ac1cbdc4f.jpg?ver=1776702173\",\"contentUrl\":\"https:\/\/tuzlainfo.ba\/wp-content\/litespeed\/avatar\/aabad687af24844af817603ac1cbdc4f.jpg?ver=1776702173\",\"caption\":\"nedim\"},\"description\":\"Tuzlainfo.ba pratite na dru\u0161tvenim mre\u017eama: Facebook, Instagram i Youtube. Svoje pri\u010de, upite i fotografije \u0161aljite na na\u0161u e-mail adresu.\"}]}<\/script>\n<!-- \/ Yoast SEO plugin. -->","yoast_head_json":{"title":"Ordinirao po BiH: La\u017eni pop, hod\u017ea i nadbiskup obavljao vjerske obrede u sve tri religije - TuzlaInfo.ba","robots":{"index":"index","follow":"follow","max-snippet":"max-snippet:-1","max-image-preview":"max-image-preview:large","max-video-preview":"max-video-preview:-1"},"canonical":"https:\/\/tuzlainfo.ba\/index.php\/bosna-i-hercegovina\/item\/137579-ordinirao-po-bih-lazni-pop-hodza-i-nadbiskup-obavljao-vjerske-obrede-u-sve-tri-religije\/","og_locale":"bs_BA","og_type":"article","og_title":"Ordinirao po BiH: La\u017eni pop, hod\u017ea i nadbiskup obavljao vjerske obrede u sve tri religije - TuzlaInfo.ba","og_description":"Mu\u0161karac \u010diji su inicijali S.S. iz Ruhotine tereti se da je u zadnjih nekoliko meseci&hellip;","og_url":"https:\/\/tuzlainfo.ba\/index.php\/bosna-i-hercegovina\/item\/137579-ordinirao-po-bih-lazni-pop-hodza-i-nadbiskup-obavljao-vjerske-obrede-u-sve-tri-religije\/","og_site_name":"TuzlaInfo.ba","article_publisher":"https:\/\/www.facebook.com\/tuzlainfo.ba\/","article_published_time":"2021-05-15T10:10:29+00:00","article_modified_time":"2021-05-15T10:12:04+00:00","og_image":[{"width":735,"height":400,"url":"https:\/\/tuzlainfo.ba\/wp-content\/uploads\/2021\/05\/1505_pop_hodza_.jpg","type":"image\/jpeg"}],"author":"nedim","twitter_card":"summary_large_image","twitter_misc":{"Written by":"nedim","Est. reading time":"1 minuta"},"schema":{"@context":"https:\/\/schema.org","@graph":[{"@type":"Article","@id":"https:\/\/tuzlainfo.ba\/index.php\/bosna-i-hercegovina\/item\/137579-ordinirao-po-bih-lazni-pop-hodza-i-nadbiskup-obavljao-vjerske-obrede-u-sve-tri-religije\/#article","isPartOf":{"@id":"https:\/\/tuzlainfo.ba\/index.php\/bosna-i-hercegovina\/item\/137579-ordinirao-po-bih-lazni-pop-hodza-i-nadbiskup-obavljao-vjerske-obrede-u-sve-tri-religije\/"},"author":{"name":"nedim","@id":"https:\/\/tuzlainfo.ba\/#\/schema\/person\/f434e20dc27ea133923aab08451b7f7f"},"headline":"Ordinirao po BiH: La\u017eni pop, hod\u017ea i nadbiskup obavljao vjerske obrede u sve tri religije","datePublished":"2021-05-15T10:10:29+00:00","dateModified":"2021-05-15T10:12:04+00:00","mainEntityOfPage":{"@id":"https:\/\/tuzlainfo.ba\/index.php\/bosna-i-hercegovina\/item\/137579-ordinirao-po-bih-lazni-pop-hodza-i-nadbiskup-obavljao-vjerske-obrede-u-sve-tri-religije\/"},"wordCount":227,"commentCount":0,"publisher":{"@id":"https:\/\/tuzlainfo.ba\/#organization"},"image":{"@id":"https:\/\/tuzlainfo.ba\/index.php\/bosna-i-hercegovina\/item\/137579-ordinirao-po-bih-lazni-pop-hodza-i-nadbiskup-obavljao-vjerske-obrede-u-sve-tri-religije\/#primaryimage"},"thumbnailUrl":"https:\/\/tuzlainfo.ba\/wp-content\/uploads\/2021\/05\/1505_pop_hodza_.jpg","keywords":["la\u017eni hod\u017ea","la\u017eni pop"],"articleSection":["Bosna i Hercegovina"],"inLanguage":"bs-BA"},{"@type":"WebPage","@id":"https:\/\/tuzlainfo.ba\/index.php\/bosna-i-hercegovina\/item\/137579-ordinirao-po-bih-lazni-pop-hodza-i-nadbiskup-obavljao-vjerske-obrede-u-sve-tri-religije\/","url":"https:\/\/tuzlainfo.ba\/index.php\/bosna-i-hercegovina\/item\/137579-ordinirao-po-bih-lazni-pop-hodza-i-nadbiskup-obavljao-vjerske-obrede-u-sve-tri-religije\/","name":"Ordinirao po BiH: La\u017eni pop, hod\u017ea i nadbiskup obavljao vjerske obrede u sve tri religije - TuzlaInfo.ba","isPartOf":{"@id":"https:\/\/tuzlainfo.ba\/#website"},"primaryImageOfPage":{"@id":"https:\/\/tuzlainfo.ba\/index.php\/bosna-i-hercegovina\/item\/137579-ordinirao-po-bih-lazni-pop-hodza-i-nadbiskup-obavljao-vjerske-obrede-u-sve-tri-religije\/#primaryimage"},"image":{"@id":"https:\/\/tuzlainfo.ba\/index.php\/bosna-i-hercegovina\/item\/137579-ordinirao-po-bih-lazni-pop-hodza-i-nadbiskup-obavljao-vjerske-obrede-u-sve-tri-religije\/#primaryimage"},"thumbnailUrl":"https:\/\/tuzlainfo.ba\/wp-content\/uploads\/2021\/05\/1505_pop_hodza_.jpg","datePublished":"2021-05-15T10:10:29+00:00","dateModified":"2021-05-15T10:12:04+00:00","breadcrumb":{"@id":"https:\/\/tuzlainfo.ba\/index.php\/bosna-i-hercegovina\/item\/137579-ordinirao-po-bih-lazni-pop-hodza-i-nadbiskup-obavljao-vjerske-obrede-u-sve-tri-religije\/#breadcrumb"},"inLanguage":"bs-BA","potentialAction":[{"@type":"ReadAction","target":["https:\/\/tuzlainfo.ba\/index.php\/bosna-i-hercegovina\/item\/137579-ordinirao-po-bih-lazni-pop-hodza-i-nadbiskup-obavljao-vjerske-obrede-u-sve-tri-religije\/"]}]},{"@type":"ImageObject","inLanguage":"bs-BA","@id":"https:\/\/tuzlainfo.ba\/index.php\/bosna-i-hercegovina\/item\/137579-ordinirao-po-bih-lazni-pop-hodza-i-nadbiskup-obavljao-vjerske-obrede-u-sve-tri-religije\/#primaryimage","url":"https:\/\/tuzlainfo.ba\/wp-content\/uploads\/2021\/05\/1505_pop_hodza_.jpg","contentUrl":"https:\/\/tuzlainfo.ba\/wp-content\/uploads\/2021\/05\/1505_pop_hodza_.jpg","width":735,"height":400},{"@type":"BreadcrumbList","@id":"https:\/\/tuzlainfo.ba\/index.php\/bosna-i-hercegovina\/item\/137579-ordinirao-po-bih-lazni-pop-hodza-i-nadbiskup-obavljao-vjerske-obrede-u-sve-tri-religije\/#breadcrumb","itemListElement":[{"@type":"ListItem","position":1,"name":"Home","item":"https:\/\/tuzlainfo.ba\/"},{"@type":"ListItem","position":2,"name":"Ordinirao po BiH: La\u017eni pop, hod\u017ea i nadbiskup obavljao vjerske obrede u sve tri religije"}]},{"@type":"WebSite","@id":"https:\/\/tuzlainfo.ba\/#website","url":"https:\/\/tuzlainfo.ba\/","name":"TuzlaInfo.ba","description":"Tuzla info, gradski informator - Tuzla na dlanu","publisher":{"@id":"https:\/\/tuzlainfo.ba\/#organization"},"potentialAction":[{"@type":"SearchAction","target":{"@type":"EntryPoint","urlTemplate":"https:\/\/tuzlainfo.ba\/?s={search_term_string}"},"query-input":{"@type":"PropertyValueSpecification","valueRequired":true,"valueName":"search_term_string"}}],"inLanguage":"bs-BA"},{"@type":"Organization","@id":"https:\/\/tuzlainfo.ba\/#organization","name":"TuzlaInfo.ba","url":"https:\/\/tuzlainfo.ba\/","logo":{"@type":"ImageObject","inLanguage":"bs-BA","@id":"https:\/\/tuzlainfo.ba\/#\/schema\/logo\/image\/","url":"https:\/\/tuzlainfo.ba\/wp-content\/uploads\/2021\/03\/logo-ver-3-1.png","contentUrl":"https:\/\/tuzlainfo.ba\/wp-content\/uploads\/2021\/03\/logo-ver-3-1.png","width":350,"height":95,"caption":"TuzlaInfo.ba"},"image":{"@id":"https:\/\/tuzlainfo.ba\/#\/schema\/logo\/image\/"},"sameAs":["https:\/\/www.facebook.com\/tuzlainfo.ba\/"]},{"@type":"Person","@id":"https:\/\/tuzlainfo.ba\/#\/schema\/person\/f434e20dc27ea133923aab08451b7f7f","name":"nedim","image":{"@type":"ImageObject","inLanguage":"bs-BA","@id":"https:\/\/tuzlainfo.ba\/#\/schema\/person\/image\/","url":"https:\/\/tuzlainfo.ba\/wp-content\/litespeed\/avatar\/aabad687af24844af817603ac1cbdc4f.jpg?ver=1776702173","contentUrl":"https:\/\/tuzlainfo.ba\/wp-content\/litespeed\/avatar\/aabad687af24844af817603ac1cbdc4f.jpg?ver=1776702173","caption":"nedim"},"description":"Tuzlainfo.ba pratite na dru\u0161tvenim mre\u017eama: Facebook, Instagram i Youtube. Svoje pri\u010de, upite i fotografije \u0161aljite na na\u0161u e-mail adresu."}]}},"_links":{"self":[{"href":"https:\/\/tuzlainfo.ba\/index.php\/wp-json\/wp\/v2\/posts\/137579"}],"collection":[{"href":"https:\/\/tuzlainfo.ba\/index.php\/wp-json\/wp\/v2\/posts"}],"about":[{"href":"https:\/\/tuzlainfo.ba\/index.php\/wp-json\/wp\/v2\/types\/post"}],"author":[{"embeddable":true,"href":"https:\/\/tuzlainfo.ba\/index.php\/wp-json\/wp\/v2\/users\/2"}],"replies":[{"embeddable":true,"href":"https:\/\/tuzlainfo.ba\/index.php\/wp-json\/wp\/v2\/comments?post=137579"}],"version-history":[{"count":0,"href":"https:\/\/tuzlainfo.ba\/index.php\/wp-json\/wp\/v2\/posts\/137579\/revisions"}],"wp:featuredmedia":[{"embeddable":true,"href":"https:\/\/tuzlainfo.ba\/index.php\/wp-json\/wp\/v2\/media\/137580"}],"wp:attachment":[{"href":"https:\/\/tuzlainfo.ba\/index.php\/wp-json\/wp\/v2\/media?parent=137579"}],"wp:term":[{"taxonomy":"category","embeddable":true,"href":"https:\/\/tuzlainfo.ba\/index.php\/wp-json\/wp\/v2\/categories?post=137579"},{"taxonomy":"post_tag","embeddable":true,"href":"https:\/\/tuzlainfo.ba\/index.php\/wp-json\/wp\/v2\/tags?post=137579"}],"curies":[{"name":"wp","href":"https:\/\/api.w.org\/{rel}","templated":true}]}}