{"id":137566,"date":"2021-05-15T10:41:18","date_gmt":"2021-05-15T08:41:18","guid":{"rendered":"https:\/\/tuzlainfo.ba\/?p=137566"},"modified":"2021-05-15T10:41:18","modified_gmt":"2021-05-15T08:41:18","slug":"urnebesni-potpis-rts-vjencao-lidere-hdz-a-i-snsd-a-covicu-dodato-prezime","status":"publish","type":"post","link":"https:\/\/tuzlainfo.ba\/index.php\/bosna-i-hercegovina\/item\/137566-urnebesni-potpis-rts-vjencao-lidere-hdz-a-i-snsd-a-covicu-dodato-prezime\/","title":{"rendered":"Urnebesni potpis: RTS &#8220;vjen\u010dao&#8221; lidere HDZ-a i SNSD-a, \u010covi\u0107u dodato prezime"},"content":{"rendered":"<p>Dr\u017eavni radiotelevizijski servis Srbije je u Dnevniku, prije 2 godine,\u00a0 &#8220;vjen\u010dao&#8221; lidera HDZ-a Dragana \u010covi\u0107a i predsjednika SNSD-a Milorada Dodika.<\/p>\n<p>Naizgled obi\u010dna gre\u0161ka postala je viralna\u00a0 kada je predsjednik HDZ-a potpisan kao &#8220;Dragan \u010covi\u0107 Dodik&#8221; u prilogu o obilje\u017eavanju Dana vojske RS-a u kojem su pu\u0161tane Dodikove izjave da \u0107e &#8220;Tre\u0107i pje\u0161adijski puk Oru\u017eanih saga BiH idu\u0107e godine prilikom postrojavanja obu\u0107i uniforme Vojske RS-a&#8221; i \u010covi\u0107eve reakcije na to.<\/p>\n<p>Nakon 2 godine, slika se ponovo po\u010dela \u0161iriti dru\u0161tveim mre\u017eama, a povod je vjerovatno aktuelna politi\u010dka situacija u BiH. Sve su glasnije i \u010de\u0161\u0107e tvrdnje, a naro\u010dito opozicije u RS-u da \u010covi\u0107 i Dodik imaju iste interese kada je rije\u010d o podjelama unutar BiH.<\/p>\n<p>Mnogi korisnici dru\u0161tvenih mre\u017ea ponovo dijele ovaj propust RTS-a na \u0161aljiv na\u010din, a naj\u0107e\u0161\u0107i su bili oni da su mnogi znali za &#8220;brak&#8221; lidera HDZ-a i SNSD-a koji i dalje traje&#8221;.<\/p>\n","protected":false},"excerpt":{"rendered":"<p>Dr\u017eavni radiotelevizijski servis Srbije je u Dnevniku, prije 2 godine,\u00a0 &#8220;vjen\u010dao&#8221; lidera HDZ-a Dragana \u010covi\u0107a&hellip;<\/p>\n","protected":false},"author":2,"featured_media":137567,"comment_status":"open","ping_status":"closed","sticky":false,"template":"","format":"standard","meta":{"_acf_changed":false,"footnotes":""},"categories":[291],"tags":[436,1192],"acf":[],"yoast_head":"<!-- This site is optimized with the Yoast SEO plugin v23.5 - https:\/\/yoast.com\/wordpress\/plugins\/seo\/ -->\n<title>Urnebesni potpis: RTS &quot;vjen\u010dao&quot; lidere HDZ-a i SNSD-a, \u010covi\u0107u dodato prezime - TuzlaInfo.ba<\/title>\n<meta name=\"robots\" content=\"index, follow, max-snippet:-1, max-image-preview:large, max-video-preview:-1\" \/>\n<link rel=\"canonical\" href=\"https:\/\/tuzlainfo.ba\/index.php\/bosna-i-hercegovina\/item\/137566-urnebesni-potpis-rts-vjencao-lidere-hdz-a-i-snsd-a-covicu-dodato-prezime\/\" \/>\n<meta property=\"og:locale\" content=\"bs_BA\" \/>\n<meta property=\"og:type\" content=\"article\" \/>\n<meta property=\"og:title\" content=\"Urnebesni potpis: RTS &quot;vjen\u010dao&quot; lidere HDZ-a i SNSD-a, \u010covi\u0107u dodato prezime - TuzlaInfo.ba\" \/>\n<meta property=\"og:description\" content=\"Dr\u017eavni radiotelevizijski servis Srbije je u Dnevniku, prije 2 godine,\u00a0 &#8220;vjen\u010dao&#8221; lidera HDZ-a Dragana \u010covi\u0107a&hellip;\" \/>\n<meta property=\"og:url\" content=\"https:\/\/tuzlainfo.ba\/index.php\/bosna-i-hercegovina\/item\/137566-urnebesni-potpis-rts-vjencao-lidere-hdz-a-i-snsd-a-covicu-dodato-prezime\/\" \/>\n<meta property=\"og:site_name\" content=\"TuzlaInfo.ba\" \/>\n<meta property=\"article:publisher\" content=\"https:\/\/www.facebook.com\/tuzlainfo.ba\/\" \/>\n<meta property=\"article:published_time\" content=\"2021-05-15T08:41:18+00:00\" \/>\n<meta property=\"og:image\" content=\"https:\/\/tuzlainfo.ba\/wp-content\/uploads\/2021\/05\/dragan-rts.jpg\" \/>\n\t<meta property=\"og:image:width\" content=\"1000\" \/>\n\t<meta property=\"og:image:height\" content=\"607\" \/>\n\t<meta property=\"og:image:type\" content=\"image\/jpeg\" \/>\n<meta name=\"author\" content=\"nedim\" \/>\n<meta name=\"twitter:card\" content=\"summary_large_image\" \/>\n<meta name=\"twitter:label1\" content=\"Written by\" \/>\n\t<meta name=\"twitter:data1\" content=\"nedim\" \/>\n\t<meta name=\"twitter:label2\" content=\"Est. reading time\" \/>\n\t<meta name=\"twitter:data2\" content=\"1 minuta\" \/>\n<script type=\"application\/ld+json\" class=\"yoast-schema-graph\">{\"@context\":\"https:\/\/schema.org\",\"@graph\":[{\"@type\":\"Article\",\"@id\":\"https:\/\/tuzlainfo.ba\/index.php\/bosna-i-hercegovina\/item\/137566-urnebesni-potpis-rts-vjencao-lidere-hdz-a-i-snsd-a-covicu-dodato-prezime\/#article\",\"isPartOf\":{\"@id\":\"https:\/\/tuzlainfo.ba\/index.php\/bosna-i-hercegovina\/item\/137566-urnebesni-potpis-rts-vjencao-lidere-hdz-a-i-snsd-a-covicu-dodato-prezime\/\"},\"author\":{\"name\":\"nedim\",\"@id\":\"https:\/\/tuzlainfo.ba\/#\/schema\/person\/f434e20dc27ea133923aab08451b7f7f\"},\"headline\":\"Urnebesni potpis: RTS &#8220;vjen\u010dao&#8221; lidere HDZ-a i SNSD-a, \u010covi\u0107u dodato prezime\",\"datePublished\":\"2021-05-15T08:41:18+00:00\",\"dateModified\":\"2021-05-15T08:41:18+00:00\",\"mainEntityOfPage\":{\"@id\":\"https:\/\/tuzlainfo.ba\/index.php\/bosna-i-hercegovina\/item\/137566-urnebesni-potpis-rts-vjencao-lidere-hdz-a-i-snsd-a-covicu-dodato-prezime\/\"},\"wordCount\":179,\"commentCount\":0,\"publisher\":{\"@id\":\"https:\/\/tuzlainfo.ba\/#organization\"},\"image\":{\"@id\":\"https:\/\/tuzlainfo.ba\/index.php\/bosna-i-hercegovina\/item\/137566-urnebesni-potpis-rts-vjencao-lidere-hdz-a-i-snsd-a-covicu-dodato-prezime\/#primaryimage\"},\"thumbnailUrl\":\"https:\/\/tuzlainfo.ba\/wp-content\/uploads\/2021\/05\/dragan-rts.jpg\",\"keywords\":[\"dragan \u010dovi\u0107\",\"RTS\"],\"articleSection\":[\"Bosna i Hercegovina\"],\"inLanguage\":\"bs-BA\"},{\"@type\":\"WebPage\",\"@id\":\"https:\/\/tuzlainfo.ba\/index.php\/bosna-i-hercegovina\/item\/137566-urnebesni-potpis-rts-vjencao-lidere-hdz-a-i-snsd-a-covicu-dodato-prezime\/\",\"url\":\"https:\/\/tuzlainfo.ba\/index.php\/bosna-i-hercegovina\/item\/137566-urnebesni-potpis-rts-vjencao-lidere-hdz-a-i-snsd-a-covicu-dodato-prezime\/\",\"name\":\"Urnebesni potpis: RTS \\\"vjen\u010dao\\\" lidere HDZ-a i SNSD-a, \u010covi\u0107u dodato prezime - TuzlaInfo.ba\",\"isPartOf\":{\"@id\":\"https:\/\/tuzlainfo.ba\/#website\"},\"primaryImageOfPage\":{\"@id\":\"https:\/\/tuzlainfo.ba\/index.php\/bosna-i-hercegovina\/item\/137566-urnebesni-potpis-rts-vjencao-lidere-hdz-a-i-snsd-a-covicu-dodato-prezime\/#primaryimage\"},\"image\":{\"@id\":\"https:\/\/tuzlainfo.ba\/index.php\/bosna-i-hercegovina\/item\/137566-urnebesni-potpis-rts-vjencao-lidere-hdz-a-i-snsd-a-covicu-dodato-prezime\/#primaryimage\"},\"thumbnailUrl\":\"https:\/\/tuzlainfo.ba\/wp-content\/uploads\/2021\/05\/dragan-rts.jpg\",\"datePublished\":\"2021-05-15T08:41:18+00:00\",\"dateModified\":\"2021-05-15T08:41:18+00:00\",\"breadcrumb\":{\"@id\":\"https:\/\/tuzlainfo.ba\/index.php\/bosna-i-hercegovina\/item\/137566-urnebesni-potpis-rts-vjencao-lidere-hdz-a-i-snsd-a-covicu-dodato-prezime\/#breadcrumb\"},\"inLanguage\":\"bs-BA\",\"potentialAction\":[{\"@type\":\"ReadAction\",\"target\":[\"https:\/\/tuzlainfo.ba\/index.php\/bosna-i-hercegovina\/item\/137566-urnebesni-potpis-rts-vjencao-lidere-hdz-a-i-snsd-a-covicu-dodato-prezime\/\"]}]},{\"@type\":\"ImageObject\",\"inLanguage\":\"bs-BA\",\"@id\":\"https:\/\/tuzlainfo.ba\/index.php\/bosna-i-hercegovina\/item\/137566-urnebesni-potpis-rts-vjencao-lidere-hdz-a-i-snsd-a-covicu-dodato-prezime\/#primaryimage\",\"url\":\"https:\/\/tuzlainfo.ba\/wp-content\/uploads\/2021\/05\/dragan-rts.jpg\",\"contentUrl\":\"https:\/\/tuzlainfo.ba\/wp-content\/uploads\/2021\/05\/dragan-rts.jpg\",\"width\":1000,\"height\":607},{\"@type\":\"BreadcrumbList\",\"@id\":\"https:\/\/tuzlainfo.ba\/index.php\/bosna-i-hercegovina\/item\/137566-urnebesni-potpis-rts-vjencao-lidere-hdz-a-i-snsd-a-covicu-dodato-prezime\/#breadcrumb\",\"itemListElement\":[{\"@type\":\"ListItem\",\"position\":1,\"name\":\"Home\",\"item\":\"https:\/\/tuzlainfo.ba\/\"},{\"@type\":\"ListItem\",\"position\":2,\"name\":\"Urnebesni potpis: RTS &#8220;vjen\u010dao&#8221; lidere HDZ-a i SNSD-a, \u010covi\u0107u dodato prezime\"}]},{\"@type\":\"WebSite\",\"@id\":\"https:\/\/tuzlainfo.ba\/#website\",\"url\":\"https:\/\/tuzlainfo.ba\/\",\"name\":\"TuzlaInfo.ba\",\"description\":\"Tuzla info, gradski informator - Tuzla na dlanu\",\"publisher\":{\"@id\":\"https:\/\/tuzlainfo.ba\/#organization\"},\"potentialAction\":[{\"@type\":\"SearchAction\",\"target\":{\"@type\":\"EntryPoint\",\"urlTemplate\":\"https:\/\/tuzlainfo.ba\/?s={search_term_string}\"},\"query-input\":{\"@type\":\"PropertyValueSpecification\",\"valueRequired\":true,\"valueName\":\"search_term_string\"}}],\"inLanguage\":\"bs-BA\"},{\"@type\":\"Organization\",\"@id\":\"https:\/\/tuzlainfo.ba\/#organization\",\"name\":\"TuzlaInfo.ba\",\"url\":\"https:\/\/tuzlainfo.ba\/\",\"logo\":{\"@type\":\"ImageObject\",\"inLanguage\":\"bs-BA\",\"@id\":\"https:\/\/tuzlainfo.ba\/#\/schema\/logo\/image\/\",\"url\":\"https:\/\/tuzlainfo.ba\/wp-content\/uploads\/2021\/03\/logo-ver-3-1.png\",\"contentUrl\":\"https:\/\/tuzlainfo.ba\/wp-content\/uploads\/2021\/03\/logo-ver-3-1.png\",\"width\":350,\"height\":95,\"caption\":\"TuzlaInfo.ba\"},\"image\":{\"@id\":\"https:\/\/tuzlainfo.ba\/#\/schema\/logo\/image\/\"},\"sameAs\":[\"https:\/\/www.facebook.com\/tuzlainfo.ba\/\"]},{\"@type\":\"Person\",\"@id\":\"https:\/\/tuzlainfo.ba\/#\/schema\/person\/f434e20dc27ea133923aab08451b7f7f\",\"name\":\"nedim\",\"image\":{\"@type\":\"ImageObject\",\"inLanguage\":\"bs-BA\",\"@id\":\"https:\/\/tuzlainfo.ba\/#\/schema\/person\/image\/\",\"url\":\"https:\/\/tuzlainfo.ba\/wp-content\/litespeed\/avatar\/aabad687af24844af817603ac1cbdc4f.jpg?ver=1777306975\",\"contentUrl\":\"https:\/\/tuzlainfo.ba\/wp-content\/litespeed\/avatar\/aabad687af24844af817603ac1cbdc4f.jpg?ver=1777306975\",\"caption\":\"nedim\"},\"description\":\"Tuzlainfo.ba pratite na dru\u0161tvenim mre\u017eama: Facebook, Instagram i Youtube. Svoje pri\u010de, upite i fotografije \u0161aljite na na\u0161u e-mail adresu.\"}]}<\/script>\n<!-- \/ Yoast SEO plugin. -->","yoast_head_json":{"title":"Urnebesni potpis: RTS \"vjen\u010dao\" lidere HDZ-a i SNSD-a, \u010covi\u0107u dodato prezime - TuzlaInfo.ba","robots":{"index":"index","follow":"follow","max-snippet":"max-snippet:-1","max-image-preview":"max-image-preview:large","max-video-preview":"max-video-preview:-1"},"canonical":"https:\/\/tuzlainfo.ba\/index.php\/bosna-i-hercegovina\/item\/137566-urnebesni-potpis-rts-vjencao-lidere-hdz-a-i-snsd-a-covicu-dodato-prezime\/","og_locale":"bs_BA","og_type":"article","og_title":"Urnebesni potpis: RTS \"vjen\u010dao\" lidere HDZ-a i SNSD-a, \u010covi\u0107u dodato prezime - TuzlaInfo.ba","og_description":"Dr\u017eavni radiotelevizijski servis Srbije je u Dnevniku, prije 2 godine,\u00a0 &#8220;vjen\u010dao&#8221; lidera HDZ-a Dragana \u010covi\u0107a&hellip;","og_url":"https:\/\/tuzlainfo.ba\/index.php\/bosna-i-hercegovina\/item\/137566-urnebesni-potpis-rts-vjencao-lidere-hdz-a-i-snsd-a-covicu-dodato-prezime\/","og_site_name":"TuzlaInfo.ba","article_publisher":"https:\/\/www.facebook.com\/tuzlainfo.ba\/","article_published_time":"2021-05-15T08:41:18+00:00","og_image":[{"width":1000,"height":607,"url":"https:\/\/tuzlainfo.ba\/wp-content\/uploads\/2021\/05\/dragan-rts.jpg","type":"image\/jpeg"}],"author":"nedim","twitter_card":"summary_large_image","twitter_misc":{"Written by":"nedim","Est. reading time":"1 minuta"},"schema":{"@context":"https:\/\/schema.org","@graph":[{"@type":"Article","@id":"https:\/\/tuzlainfo.ba\/index.php\/bosna-i-hercegovina\/item\/137566-urnebesni-potpis-rts-vjencao-lidere-hdz-a-i-snsd-a-covicu-dodato-prezime\/#article","isPartOf":{"@id":"https:\/\/tuzlainfo.ba\/index.php\/bosna-i-hercegovina\/item\/137566-urnebesni-potpis-rts-vjencao-lidere-hdz-a-i-snsd-a-covicu-dodato-prezime\/"},"author":{"name":"nedim","@id":"https:\/\/tuzlainfo.ba\/#\/schema\/person\/f434e20dc27ea133923aab08451b7f7f"},"headline":"Urnebesni potpis: RTS &#8220;vjen\u010dao&#8221; lidere HDZ-a i SNSD-a, \u010covi\u0107u dodato prezime","datePublished":"2021-05-15T08:41:18+00:00","dateModified":"2021-05-15T08:41:18+00:00","mainEntityOfPage":{"@id":"https:\/\/tuzlainfo.ba\/index.php\/bosna-i-hercegovina\/item\/137566-urnebesni-potpis-rts-vjencao-lidere-hdz-a-i-snsd-a-covicu-dodato-prezime\/"},"wordCount":179,"commentCount":0,"publisher":{"@id":"https:\/\/tuzlainfo.ba\/#organization"},"image":{"@id":"https:\/\/tuzlainfo.ba\/index.php\/bosna-i-hercegovina\/item\/137566-urnebesni-potpis-rts-vjencao-lidere-hdz-a-i-snsd-a-covicu-dodato-prezime\/#primaryimage"},"thumbnailUrl":"https:\/\/tuzlainfo.ba\/wp-content\/uploads\/2021\/05\/dragan-rts.jpg","keywords":["dragan \u010dovi\u0107","RTS"],"articleSection":["Bosna i Hercegovina"],"inLanguage":"bs-BA"},{"@type":"WebPage","@id":"https:\/\/tuzlainfo.ba\/index.php\/bosna-i-hercegovina\/item\/137566-urnebesni-potpis-rts-vjencao-lidere-hdz-a-i-snsd-a-covicu-dodato-prezime\/","url":"https:\/\/tuzlainfo.ba\/index.php\/bosna-i-hercegovina\/item\/137566-urnebesni-potpis-rts-vjencao-lidere-hdz-a-i-snsd-a-covicu-dodato-prezime\/","name":"Urnebesni potpis: RTS \"vjen\u010dao\" lidere HDZ-a i SNSD-a, \u010covi\u0107u dodato prezime - TuzlaInfo.ba","isPartOf":{"@id":"https:\/\/tuzlainfo.ba\/#website"},"primaryImageOfPage":{"@id":"https:\/\/tuzlainfo.ba\/index.php\/bosna-i-hercegovina\/item\/137566-urnebesni-potpis-rts-vjencao-lidere-hdz-a-i-snsd-a-covicu-dodato-prezime\/#primaryimage"},"image":{"@id":"https:\/\/tuzlainfo.ba\/index.php\/bosna-i-hercegovina\/item\/137566-urnebesni-potpis-rts-vjencao-lidere-hdz-a-i-snsd-a-covicu-dodato-prezime\/#primaryimage"},"thumbnailUrl":"https:\/\/tuzlainfo.ba\/wp-content\/uploads\/2021\/05\/dragan-rts.jpg","datePublished":"2021-05-15T08:41:18+00:00","dateModified":"2021-05-15T08:41:18+00:00","breadcrumb":{"@id":"https:\/\/tuzlainfo.ba\/index.php\/bosna-i-hercegovina\/item\/137566-urnebesni-potpis-rts-vjencao-lidere-hdz-a-i-snsd-a-covicu-dodato-prezime\/#breadcrumb"},"inLanguage":"bs-BA","potentialAction":[{"@type":"ReadAction","target":["https:\/\/tuzlainfo.ba\/index.php\/bosna-i-hercegovina\/item\/137566-urnebesni-potpis-rts-vjencao-lidere-hdz-a-i-snsd-a-covicu-dodato-prezime\/"]}]},{"@type":"ImageObject","inLanguage":"bs-BA","@id":"https:\/\/tuzlainfo.ba\/index.php\/bosna-i-hercegovina\/item\/137566-urnebesni-potpis-rts-vjencao-lidere-hdz-a-i-snsd-a-covicu-dodato-prezime\/#primaryimage","url":"https:\/\/tuzlainfo.ba\/wp-content\/uploads\/2021\/05\/dragan-rts.jpg","contentUrl":"https:\/\/tuzlainfo.ba\/wp-content\/uploads\/2021\/05\/dragan-rts.jpg","width":1000,"height":607},{"@type":"BreadcrumbList","@id":"https:\/\/tuzlainfo.ba\/index.php\/bosna-i-hercegovina\/item\/137566-urnebesni-potpis-rts-vjencao-lidere-hdz-a-i-snsd-a-covicu-dodato-prezime\/#breadcrumb","itemListElement":[{"@type":"ListItem","position":1,"name":"Home","item":"https:\/\/tuzlainfo.ba\/"},{"@type":"ListItem","position":2,"name":"Urnebesni potpis: RTS &#8220;vjen\u010dao&#8221; lidere HDZ-a i SNSD-a, \u010covi\u0107u dodato prezime"}]},{"@type":"WebSite","@id":"https:\/\/tuzlainfo.ba\/#website","url":"https:\/\/tuzlainfo.ba\/","name":"TuzlaInfo.ba","description":"Tuzla info, gradski informator - Tuzla na dlanu","publisher":{"@id":"https:\/\/tuzlainfo.ba\/#organization"},"potentialAction":[{"@type":"SearchAction","target":{"@type":"EntryPoint","urlTemplate":"https:\/\/tuzlainfo.ba\/?s={search_term_string}"},"query-input":{"@type":"PropertyValueSpecification","valueRequired":true,"valueName":"search_term_string"}}],"inLanguage":"bs-BA"},{"@type":"Organization","@id":"https:\/\/tuzlainfo.ba\/#organization","name":"TuzlaInfo.ba","url":"https:\/\/tuzlainfo.ba\/","logo":{"@type":"ImageObject","inLanguage":"bs-BA","@id":"https:\/\/tuzlainfo.ba\/#\/schema\/logo\/image\/","url":"https:\/\/tuzlainfo.ba\/wp-content\/uploads\/2021\/03\/logo-ver-3-1.png","contentUrl":"https:\/\/tuzlainfo.ba\/wp-content\/uploads\/2021\/03\/logo-ver-3-1.png","width":350,"height":95,"caption":"TuzlaInfo.ba"},"image":{"@id":"https:\/\/tuzlainfo.ba\/#\/schema\/logo\/image\/"},"sameAs":["https:\/\/www.facebook.com\/tuzlainfo.ba\/"]},{"@type":"Person","@id":"https:\/\/tuzlainfo.ba\/#\/schema\/person\/f434e20dc27ea133923aab08451b7f7f","name":"nedim","image":{"@type":"ImageObject","inLanguage":"bs-BA","@id":"https:\/\/tuzlainfo.ba\/#\/schema\/person\/image\/","url":"https:\/\/tuzlainfo.ba\/wp-content\/litespeed\/avatar\/aabad687af24844af817603ac1cbdc4f.jpg?ver=1777306975","contentUrl":"https:\/\/tuzlainfo.ba\/wp-content\/litespeed\/avatar\/aabad687af24844af817603ac1cbdc4f.jpg?ver=1777306975","caption":"nedim"},"description":"Tuzlainfo.ba pratite na dru\u0161tvenim mre\u017eama: Facebook, Instagram i Youtube. Svoje pri\u010de, upite i fotografije \u0161aljite na na\u0161u e-mail adresu."}]}},"_links":{"self":[{"href":"https:\/\/tuzlainfo.ba\/index.php\/wp-json\/wp\/v2\/posts\/137566"}],"collection":[{"href":"https:\/\/tuzlainfo.ba\/index.php\/wp-json\/wp\/v2\/posts"}],"about":[{"href":"https:\/\/tuzlainfo.ba\/index.php\/wp-json\/wp\/v2\/types\/post"}],"author":[{"embeddable":true,"href":"https:\/\/tuzlainfo.ba\/index.php\/wp-json\/wp\/v2\/users\/2"}],"replies":[{"embeddable":true,"href":"https:\/\/tuzlainfo.ba\/index.php\/wp-json\/wp\/v2\/comments?post=137566"}],"version-history":[{"count":0,"href":"https:\/\/tuzlainfo.ba\/index.php\/wp-json\/wp\/v2\/posts\/137566\/revisions"}],"wp:featuredmedia":[{"embeddable":true,"href":"https:\/\/tuzlainfo.ba\/index.php\/wp-json\/wp\/v2\/media\/137567"}],"wp:attachment":[{"href":"https:\/\/tuzlainfo.ba\/index.php\/wp-json\/wp\/v2\/media?parent=137566"}],"wp:term":[{"taxonomy":"category","embeddable":true,"href":"https:\/\/tuzlainfo.ba\/index.php\/wp-json\/wp\/v2\/categories?post=137566"},{"taxonomy":"post_tag","embeddable":true,"href":"https:\/\/tuzlainfo.ba\/index.php\/wp-json\/wp\/v2\/tags?post=137566"}],"curies":[{"name":"wp","href":"https:\/\/api.w.org\/{rel}","templated":true}]}}