{"id":13756,"date":"2018-10-10T06:59:40","date_gmt":"2018-10-10T06:59:40","guid":{"rendered":"https:\/\/v2.tuzlainfo.ba\/2018\/10\/10\/bosanski-oktoberfest-u-petak-pocinje-157-vasar-u-puracicu\/"},"modified":"2021-03-23T08:53:15","modified_gmt":"2021-03-23T08:53:15","slug":"bosanski-oktoberfest-u-petak-pocinje-157-vasar-u-puracicu","status":"publish","type":"post","link":"https:\/\/tuzlainfo.ba\/index.php\/novosti\/item\/13756-bosanski-oktoberfest-u-petak-pocinje-157-vasar-u-puracicu\/","title":{"rendered":"&#8220;Bosanski Oktoberfest&#8221;: U petak po\u010dinje 157. va\u0161ar u Pura\u010di\u0107u"},"content":{"rendered":"<div class=\"itemIntroText\">\n<p>Pura\u010di\u0107, \u010dar\u0161ija poznata po svom \u010duvenom va\u0161aru, od petka 12. oktobra \u0107e tradicionalno biti centar Tuzlanskog kantona i najposje\u0107enije mjesto u Bosni i Hercegovini.<\/p>\n<\/p><\/div>\n<div class=\"itemFullText\">\n<p>Va\u0161er u Pura\u010di\u0107u \u0107e se odr\u017eati 157. put i kao takav je jedna od najstarijih manifestacija ovog tipa u Evropi i najstarija u na\u0161oj zemlji.<\/p>\n<p>Prema procjenama i iskustvima iz ranijih godina, ovu manifestaciju bi tokom tri dana trebalo posjetiti vi\u0161e od 100 hiljada gra\u0111ana.<\/p>\n<p>Dane trgovine i dru\u017eenja tradicionalno prati &#8220;op\u0161tenarodno veselje&#8221; uz izvornu i narodnu muziku, te bogata gastro ponuda ovog dijela BiH koju \u010dine slatki\u0161i i halva, specijaliteti sa ro\u0161tilja i ra\u017enja, suhomesnati proizvodi&#8230;, dok je najposje\u0107eniji dio manifestacije veliki zabavni park u kojem se okuplja mla\u0111a populacija.<\/p>\n<p>Ono \u0161to ide u prilog posjetiteljima je i najava lijepog vremena u tri va\u0161arska dana, kada se dnevne temperature o\u010dekuju i do 23 stepena.<\/p>\n<p>Va\u0161ar po\u010dinje u petak 12. oktobra, a trajat \u0107e do 14. oktobra.<\/p>\n<p><strong>(Tuzlainfo.ba)<\/strong><\/p>\n<\/p><\/div>\n","protected":false},"excerpt":{"rendered":"<p>Pura\u010di\u0107, \u010dar\u0161ija poznata po svom \u010duvenom va\u0161aru, od petka 12. oktobra \u0107e tradicionalno biti centar Tuzlanskog kantona i najposje\u0107enije mjesto u Bosni i Hercegovini. Va\u0161er u Pura\u010di\u0107u \u0107e se odr\u017eati 157. put i kao takav je jedna od najstarijih manifestacija ovog tipa u Evropi i najstarija u na\u0161oj zemlji. Prema procjenama i iskustvima iz ranijih [&hellip;]<\/p>\n","protected":false},"author":2,"featured_media":64697,"comment_status":"open","ping_status":"closed","sticky":false,"template":"","format":"standard","meta":{"footnotes":""},"categories":[12],"tags":[],"class_list":["post-13756","post","type-post","status-publish","format-standard","has-post-thumbnail","hentry","category-novosti"],"yoast_head":"<!-- This site is optimized with the Yoast SEO plugin v28.3 - https:\/\/yoast.com\/product\/yoast-seo-wordpress\/ -->\n<title>&quot;Bosanski Oktoberfest&quot;: U petak po\u010dinje 157. va\u0161ar u Pura\u010di\u0107u<\/title>\n<meta name=\"robots\" content=\"index, follow, max-snippet:-1, max-image-preview:large, max-video-preview:-1\" \/>\n<link rel=\"canonical\" href=\"https:\/\/tuzlainfo.ba\/index.php\/novosti\/item\/13756-bosanski-oktoberfest-u-petak-pocinje-157-vasar-u-puracicu\/\" \/>\n<meta property=\"og:locale\" content=\"bs_BA\" \/>\n<meta property=\"og:type\" content=\"article\" \/>\n<meta property=\"og:title\" content=\"&quot;Bosanski Oktoberfest&quot;: U petak po\u010dinje 157. va\u0161ar u Pura\u010di\u0107u\" \/>\n<meta property=\"og:description\" content=\"Pura\u010di\u0107, \u010dar\u0161ija poznata po svom \u010duvenom va\u0161aru, od petka 12. oktobra \u0107e tradicionalno biti centar Tuzlanskog kantona i najposje\u0107enije mjesto u Bosni i Hercegovini. Va\u0161er u Pura\u010di\u0107u \u0107e se odr\u017eati 157. put i kao takav je jedna od najstarijih manifestacija ovog tipa u Evropi i najstarija u na\u0161oj zemlji. Prema procjenama i iskustvima iz ranijih [&hellip;]\" \/>\n<meta property=\"og:url\" content=\"https:\/\/tuzlainfo.ba\/index.php\/novosti\/item\/13756-bosanski-oktoberfest-u-petak-pocinje-157-vasar-u-puracicu\/\" \/>\n<meta property=\"og:site_name\" content=\"TuzlaInfo.ba\" \/>\n<meta property=\"article:publisher\" content=\"https:\/\/www.facebook.com\/tuzlainfo.ba\/\" \/>\n<meta property=\"article:published_time\" content=\"2018-10-10T06:59:40+00:00\" \/>\n<meta property=\"article:modified_time\" content=\"2021-03-23T08:53:15+00:00\" \/>\n<meta property=\"og:image\" content=\"https:\/\/tuzlainfo.ba\/wp-content\/uploads\/2018\/10\/k2_items_src_2048250f53a5165359252d6f54315042.jpg\" \/>\n\t<meta property=\"og:image:width\" content=\"770\" \/>\n\t<meta property=\"og:image:height\" content=\"473\" \/>\n\t<meta property=\"og:image:type\" content=\"image\/jpeg\" \/>\n<meta name=\"author\" content=\"nedim\" \/>\n<meta name=\"twitter:card\" content=\"summary_large_image\" \/>\n<meta name=\"twitter:label1\" content=\"Written by\" \/>\n\t<meta name=\"twitter:data1\" content=\"nedim\" \/>\n\t<meta name=\"twitter:label2\" content=\"Est. reading time\" \/>\n\t<meta name=\"twitter:data2\" content=\"1 minuta\" \/>\n<script type=\"application\/ld+json\" class=\"yoast-schema-graph\">{\"@context\":\"https:\\\/\\\/schema.org\",\"@graph\":[{\"@type\":\"Article\",\"@id\":\"https:\\\/\\\/tuzlainfo.ba\\\/index.php\\\/novosti\\\/item\\\/13756-bosanski-oktoberfest-u-petak-pocinje-157-vasar-u-puracicu\\\/#article\",\"isPartOf\":{\"@id\":\"https:\\\/\\\/tuzlainfo.ba\\\/index.php\\\/novosti\\\/item\\\/13756-bosanski-oktoberfest-u-petak-pocinje-157-vasar-u-puracicu\\\/\"},\"author\":{\"name\":\"nedim\",\"@id\":\"https:\\\/\\\/tuzlainfo.ba\\\/#\\\/schema\\\/person\\\/f434e20dc27ea133923aab08451b7f7f\"},\"headline\":\"&#8220;Bosanski Oktoberfest&#8221;: U petak po\u010dinje 157. va\u0161ar u Pura\u010di\u0107u\",\"datePublished\":\"2018-10-10T06:59:40+00:00\",\"dateModified\":\"2021-03-23T08:53:15+00:00\",\"mainEntityOfPage\":{\"@id\":\"https:\\\/\\\/tuzlainfo.ba\\\/index.php\\\/novosti\\\/item\\\/13756-bosanski-oktoberfest-u-petak-pocinje-157-vasar-u-puracicu\\\/\"},\"wordCount\":181,\"commentCount\":0,\"publisher\":{\"@id\":\"https:\\\/\\\/tuzlainfo.ba\\\/#organization\"},\"image\":{\"@id\":\"https:\\\/\\\/tuzlainfo.ba\\\/index.php\\\/novosti\\\/item\\\/13756-bosanski-oktoberfest-u-petak-pocinje-157-vasar-u-puracicu\\\/#primaryimage\"},\"thumbnailUrl\":\"https:\\\/\\\/tuzlainfo.ba\\\/wp-content\\\/uploads\\\/2018\\\/10\\\/k2_items_src_2048250f53a5165359252d6f54315042.jpg\",\"articleSection\":[\"Novosti\"],\"inLanguage\":\"bs-BA\",\"copyrightYear\":\"2018\",\"copyrightHolder\":{\"@id\":\"https:\\\/\\\/tuzlainfo.ba\\\/#organization\"}},{\"@type\":\"WebPage\",\"@id\":\"https:\\\/\\\/tuzlainfo.ba\\\/index.php\\\/novosti\\\/item\\\/13756-bosanski-oktoberfest-u-petak-pocinje-157-vasar-u-puracicu\\\/\",\"url\":\"https:\\\/\\\/tuzlainfo.ba\\\/index.php\\\/novosti\\\/item\\\/13756-bosanski-oktoberfest-u-petak-pocinje-157-vasar-u-puracicu\\\/\",\"name\":\"\\\"Bosanski Oktoberfest\\\": U petak po\u010dinje 157. va\u0161ar u Pura\u010di\u0107u\",\"isPartOf\":{\"@id\":\"https:\\\/\\\/tuzlainfo.ba\\\/#website\"},\"primaryImageOfPage\":{\"@id\":\"https:\\\/\\\/tuzlainfo.ba\\\/index.php\\\/novosti\\\/item\\\/13756-bosanski-oktoberfest-u-petak-pocinje-157-vasar-u-puracicu\\\/#primaryimage\"},\"image\":{\"@id\":\"https:\\\/\\\/tuzlainfo.ba\\\/index.php\\\/novosti\\\/item\\\/13756-bosanski-oktoberfest-u-petak-pocinje-157-vasar-u-puracicu\\\/#primaryimage\"},\"thumbnailUrl\":\"https:\\\/\\\/tuzlainfo.ba\\\/wp-content\\\/uploads\\\/2018\\\/10\\\/k2_items_src_2048250f53a5165359252d6f54315042.jpg\",\"datePublished\":\"2018-10-10T06:59:40+00:00\",\"dateModified\":\"2021-03-23T08:53:15+00:00\",\"breadcrumb\":{\"@id\":\"https:\\\/\\\/tuzlainfo.ba\\\/index.php\\\/novosti\\\/item\\\/13756-bosanski-oktoberfest-u-petak-pocinje-157-vasar-u-puracicu\\\/#breadcrumb\"},\"inLanguage\":\"bs-BA\",\"potentialAction\":[{\"@type\":\"ReadAction\",\"target\":[\"https:\\\/\\\/tuzlainfo.ba\\\/index.php\\\/novosti\\\/item\\\/13756-bosanski-oktoberfest-u-petak-pocinje-157-vasar-u-puracicu\\\/\"]}]},{\"@type\":\"ImageObject\",\"inLanguage\":\"bs-BA\",\"@id\":\"https:\\\/\\\/tuzlainfo.ba\\\/index.php\\\/novosti\\\/item\\\/13756-bosanski-oktoberfest-u-petak-pocinje-157-vasar-u-puracicu\\\/#primaryimage\",\"url\":\"https:\\\/\\\/tuzlainfo.ba\\\/wp-content\\\/uploads\\\/2018\\\/10\\\/k2_items_src_2048250f53a5165359252d6f54315042.jpg\",\"contentUrl\":\"https:\\\/\\\/tuzlainfo.ba\\\/wp-content\\\/uploads\\\/2018\\\/10\\\/k2_items_src_2048250f53a5165359252d6f54315042.jpg\",\"width\":770,\"height\":473},{\"@type\":\"BreadcrumbList\",\"@id\":\"https:\\\/\\\/tuzlainfo.ba\\\/index.php\\\/novosti\\\/item\\\/13756-bosanski-oktoberfest-u-petak-pocinje-157-vasar-u-puracicu\\\/#breadcrumb\",\"itemListElement\":[{\"@type\":\"ListItem\",\"position\":1,\"name\":\"Home\",\"item\":\"https:\\\/\\\/tuzlainfo.ba\\\/\"},{\"@type\":\"ListItem\",\"position\":2,\"name\":\"&#8220;Bosanski Oktoberfest&#8221;: U petak po\u010dinje 157. va\u0161ar u Pura\u010di\u0107u\"}]},{\"@type\":\"WebSite\",\"@id\":\"https:\\\/\\\/tuzlainfo.ba\\\/#website\",\"url\":\"https:\\\/\\\/tuzlainfo.ba\\\/\",\"name\":\"TuzlaInfo.ba\",\"description\":\"Tuzla info, gradski informator - Tuzla na dlanu\",\"publisher\":{\"@id\":\"https:\\\/\\\/tuzlainfo.ba\\\/#organization\"},\"potentialAction\":[{\"@type\":\"SearchAction\",\"target\":{\"@type\":\"EntryPoint\",\"urlTemplate\":\"https:\\\/\\\/tuzlainfo.ba\\\/?s={search_term_string}\"},\"query-input\":{\"@type\":\"PropertyValueSpecification\",\"valueRequired\":true,\"valueName\":\"search_term_string\"}}],\"inLanguage\":\"bs-BA\"},{\"@type\":\"Organization\",\"@id\":\"https:\\\/\\\/tuzlainfo.ba\\\/#organization\",\"name\":\"TuzlaInfo.ba\",\"url\":\"https:\\\/\\\/tuzlainfo.ba\\\/\",\"logo\":{\"@type\":\"ImageObject\",\"inLanguage\":\"bs-BA\",\"@id\":\"https:\\\/\\\/tuzlainfo.ba\\\/#\\\/schema\\\/logo\\\/image\\\/\",\"url\":\"https:\\\/\\\/tuzlainfo.ba\\\/wp-content\\\/uploads\\\/2021\\\/03\\\/logo-ver-3-1.png\",\"contentUrl\":\"https:\\\/\\\/tuzlainfo.ba\\\/wp-content\\\/uploads\\\/2021\\\/03\\\/logo-ver-3-1.png\",\"width\":350,\"height\":95,\"caption\":\"TuzlaInfo.ba\"},\"image\":{\"@id\":\"https:\\\/\\\/tuzlainfo.ba\\\/#\\\/schema\\\/logo\\\/image\\\/\"},\"sameAs\":[\"https:\\\/\\\/www.facebook.com\\\/tuzlainfo.ba\\\/\"]},{\"@type\":\"Person\",\"@id\":\"https:\\\/\\\/tuzlainfo.ba\\\/#\\\/schema\\\/person\\\/f434e20dc27ea133923aab08451b7f7f\",\"name\":\"nedim\",\"image\":{\"@type\":\"ImageObject\",\"inLanguage\":\"bs-BA\",\"@id\":\"https:\\\/\\\/secure.gravatar.com\\\/avatar\\\/5b928a2e7e70a54208d2eb6c1edcb75a5350d6ae97d5f0a701203d456823f6f3?s=96&d=mm&r=g\",\"url\":\"https:\\\/\\\/secure.gravatar.com\\\/avatar\\\/5b928a2e7e70a54208d2eb6c1edcb75a5350d6ae97d5f0a701203d456823f6f3?s=96&d=mm&r=g\",\"contentUrl\":\"https:\\\/\\\/secure.gravatar.com\\\/avatar\\\/5b928a2e7e70a54208d2eb6c1edcb75a5350d6ae97d5f0a701203d456823f6f3?s=96&d=mm&r=g\",\"caption\":\"nedim\"},\"description\":\"Tuzlainfo.ba pratite na dru\u0161tvenim mre\u017eama: Facebook, Instagram i Youtube. Svoje pri\u010de, upite i fotografije \u0161aljite na na\u0161u e-mail adresu.\"}]}<\/script>\n<!-- \/ Yoast SEO plugin. -->","yoast_head_json":{"title":"\"Bosanski Oktoberfest\": U petak po\u010dinje 157. va\u0161ar u Pura\u010di\u0107u","robots":{"index":"index","follow":"follow","max-snippet":"max-snippet:-1","max-image-preview":"max-image-preview:large","max-video-preview":"max-video-preview:-1"},"canonical":"https:\/\/tuzlainfo.ba\/index.php\/novosti\/item\/13756-bosanski-oktoberfest-u-petak-pocinje-157-vasar-u-puracicu\/","og_locale":"bs_BA","og_type":"article","og_title":"\"Bosanski Oktoberfest\": U petak po\u010dinje 157. va\u0161ar u Pura\u010di\u0107u","og_description":"Pura\u010di\u0107, \u010dar\u0161ija poznata po svom \u010duvenom va\u0161aru, od petka 12. oktobra \u0107e tradicionalno biti centar Tuzlanskog kantona i najposje\u0107enije mjesto u Bosni i Hercegovini. Va\u0161er u Pura\u010di\u0107u \u0107e se odr\u017eati 157. put i kao takav je jedna od najstarijih manifestacija ovog tipa u Evropi i najstarija u na\u0161oj zemlji. Prema procjenama i iskustvima iz ranijih [&hellip;]","og_url":"https:\/\/tuzlainfo.ba\/index.php\/novosti\/item\/13756-bosanski-oktoberfest-u-petak-pocinje-157-vasar-u-puracicu\/","og_site_name":"TuzlaInfo.ba","article_publisher":"https:\/\/www.facebook.com\/tuzlainfo.ba\/","article_published_time":"2018-10-10T06:59:40+00:00","article_modified_time":"2021-03-23T08:53:15+00:00","og_image":[{"width":770,"height":473,"url":"https:\/\/tuzlainfo.ba\/wp-content\/uploads\/2018\/10\/k2_items_src_2048250f53a5165359252d6f54315042.jpg","type":"image\/jpeg"}],"author":"nedim","twitter_card":"summary_large_image","twitter_misc":{"Written by":"nedim","Est. reading time":"1 minuta"},"schema":{"@context":"https:\/\/schema.org","@graph":[{"@type":"Article","@id":"https:\/\/tuzlainfo.ba\/index.php\/novosti\/item\/13756-bosanski-oktoberfest-u-petak-pocinje-157-vasar-u-puracicu\/#article","isPartOf":{"@id":"https:\/\/tuzlainfo.ba\/index.php\/novosti\/item\/13756-bosanski-oktoberfest-u-petak-pocinje-157-vasar-u-puracicu\/"},"author":{"name":"nedim","@id":"https:\/\/tuzlainfo.ba\/#\/schema\/person\/f434e20dc27ea133923aab08451b7f7f"},"headline":"&#8220;Bosanski Oktoberfest&#8221;: U petak po\u010dinje 157. va\u0161ar u Pura\u010di\u0107u","datePublished":"2018-10-10T06:59:40+00:00","dateModified":"2021-03-23T08:53:15+00:00","mainEntityOfPage":{"@id":"https:\/\/tuzlainfo.ba\/index.php\/novosti\/item\/13756-bosanski-oktoberfest-u-petak-pocinje-157-vasar-u-puracicu\/"},"wordCount":181,"commentCount":0,"publisher":{"@id":"https:\/\/tuzlainfo.ba\/#organization"},"image":{"@id":"https:\/\/tuzlainfo.ba\/index.php\/novosti\/item\/13756-bosanski-oktoberfest-u-petak-pocinje-157-vasar-u-puracicu\/#primaryimage"},"thumbnailUrl":"https:\/\/tuzlainfo.ba\/wp-content\/uploads\/2018\/10\/k2_items_src_2048250f53a5165359252d6f54315042.jpg","articleSection":["Novosti"],"inLanguage":"bs-BA","copyrightYear":"2018","copyrightHolder":{"@id":"https:\/\/tuzlainfo.ba\/#organization"}},{"@type":"WebPage","@id":"https:\/\/tuzlainfo.ba\/index.php\/novosti\/item\/13756-bosanski-oktoberfest-u-petak-pocinje-157-vasar-u-puracicu\/","url":"https:\/\/tuzlainfo.ba\/index.php\/novosti\/item\/13756-bosanski-oktoberfest-u-petak-pocinje-157-vasar-u-puracicu\/","name":"\"Bosanski Oktoberfest\": U petak po\u010dinje 157. va\u0161ar u Pura\u010di\u0107u","isPartOf":{"@id":"https:\/\/tuzlainfo.ba\/#website"},"primaryImageOfPage":{"@id":"https:\/\/tuzlainfo.ba\/index.php\/novosti\/item\/13756-bosanski-oktoberfest-u-petak-pocinje-157-vasar-u-puracicu\/#primaryimage"},"image":{"@id":"https:\/\/tuzlainfo.ba\/index.php\/novosti\/item\/13756-bosanski-oktoberfest-u-petak-pocinje-157-vasar-u-puracicu\/#primaryimage"},"thumbnailUrl":"https:\/\/tuzlainfo.ba\/wp-content\/uploads\/2018\/10\/k2_items_src_2048250f53a5165359252d6f54315042.jpg","datePublished":"2018-10-10T06:59:40+00:00","dateModified":"2021-03-23T08:53:15+00:00","breadcrumb":{"@id":"https:\/\/tuzlainfo.ba\/index.php\/novosti\/item\/13756-bosanski-oktoberfest-u-petak-pocinje-157-vasar-u-puracicu\/#breadcrumb"},"inLanguage":"bs-BA","potentialAction":[{"@type":"ReadAction","target":["https:\/\/tuzlainfo.ba\/index.php\/novosti\/item\/13756-bosanski-oktoberfest-u-petak-pocinje-157-vasar-u-puracicu\/"]}]},{"@type":"ImageObject","inLanguage":"bs-BA","@id":"https:\/\/tuzlainfo.ba\/index.php\/novosti\/item\/13756-bosanski-oktoberfest-u-petak-pocinje-157-vasar-u-puracicu\/#primaryimage","url":"https:\/\/tuzlainfo.ba\/wp-content\/uploads\/2018\/10\/k2_items_src_2048250f53a5165359252d6f54315042.jpg","contentUrl":"https:\/\/tuzlainfo.ba\/wp-content\/uploads\/2018\/10\/k2_items_src_2048250f53a5165359252d6f54315042.jpg","width":770,"height":473},{"@type":"BreadcrumbList","@id":"https:\/\/tuzlainfo.ba\/index.php\/novosti\/item\/13756-bosanski-oktoberfest-u-petak-pocinje-157-vasar-u-puracicu\/#breadcrumb","itemListElement":[{"@type":"ListItem","position":1,"name":"Home","item":"https:\/\/tuzlainfo.ba\/"},{"@type":"ListItem","position":2,"name":"&#8220;Bosanski Oktoberfest&#8221;: U petak po\u010dinje 157. va\u0161ar u Pura\u010di\u0107u"}]},{"@type":"WebSite","@id":"https:\/\/tuzlainfo.ba\/#website","url":"https:\/\/tuzlainfo.ba\/","name":"TuzlaInfo.ba","description":"Tuzla info, gradski informator - Tuzla na dlanu","publisher":{"@id":"https:\/\/tuzlainfo.ba\/#organization"},"potentialAction":[{"@type":"SearchAction","target":{"@type":"EntryPoint","urlTemplate":"https:\/\/tuzlainfo.ba\/?s={search_term_string}"},"query-input":{"@type":"PropertyValueSpecification","valueRequired":true,"valueName":"search_term_string"}}],"inLanguage":"bs-BA"},{"@type":"Organization","@id":"https:\/\/tuzlainfo.ba\/#organization","name":"TuzlaInfo.ba","url":"https:\/\/tuzlainfo.ba\/","logo":{"@type":"ImageObject","inLanguage":"bs-BA","@id":"https:\/\/tuzlainfo.ba\/#\/schema\/logo\/image\/","url":"https:\/\/tuzlainfo.ba\/wp-content\/uploads\/2021\/03\/logo-ver-3-1.png","contentUrl":"https:\/\/tuzlainfo.ba\/wp-content\/uploads\/2021\/03\/logo-ver-3-1.png","width":350,"height":95,"caption":"TuzlaInfo.ba"},"image":{"@id":"https:\/\/tuzlainfo.ba\/#\/schema\/logo\/image\/"},"sameAs":["https:\/\/www.facebook.com\/tuzlainfo.ba\/"]},{"@type":"Person","@id":"https:\/\/tuzlainfo.ba\/#\/schema\/person\/f434e20dc27ea133923aab08451b7f7f","name":"nedim","image":{"@type":"ImageObject","inLanguage":"bs-BA","@id":"https:\/\/secure.gravatar.com\/avatar\/5b928a2e7e70a54208d2eb6c1edcb75a5350d6ae97d5f0a701203d456823f6f3?s=96&d=mm&r=g","url":"https:\/\/secure.gravatar.com\/avatar\/5b928a2e7e70a54208d2eb6c1edcb75a5350d6ae97d5f0a701203d456823f6f3?s=96&d=mm&r=g","contentUrl":"https:\/\/secure.gravatar.com\/avatar\/5b928a2e7e70a54208d2eb6c1edcb75a5350d6ae97d5f0a701203d456823f6f3?s=96&d=mm&r=g","caption":"nedim"},"description":"Tuzlainfo.ba pratite na dru\u0161tvenim mre\u017eama: Facebook, Instagram i Youtube. Svoje pri\u010de, upite i fotografije \u0161aljite na na\u0161u e-mail adresu."}]}},"_links":{"self":[{"href":"https:\/\/tuzlainfo.ba\/index.php\/wp-json\/wp\/v2\/posts\/13756","targetHints":{"allow":["GET"]}}],"collection":[{"href":"https:\/\/tuzlainfo.ba\/index.php\/wp-json\/wp\/v2\/posts"}],"about":[{"href":"https:\/\/tuzlainfo.ba\/index.php\/wp-json\/wp\/v2\/types\/post"}],"author":[{"embeddable":true,"href":"https:\/\/tuzlainfo.ba\/index.php\/wp-json\/wp\/v2\/users\/2"}],"replies":[{"embeddable":true,"href":"https:\/\/tuzlainfo.ba\/index.php\/wp-json\/wp\/v2\/comments?post=13756"}],"version-history":[{"count":0,"href":"https:\/\/tuzlainfo.ba\/index.php\/wp-json\/wp\/v2\/posts\/13756\/revisions"}],"wp:featuredmedia":[{"embeddable":true,"href":"https:\/\/tuzlainfo.ba\/index.php\/wp-json\/wp\/v2\/media\/64697"}],"wp:attachment":[{"href":"https:\/\/tuzlainfo.ba\/index.php\/wp-json\/wp\/v2\/media?parent=13756"}],"wp:term":[{"taxonomy":"category","embeddable":true,"href":"https:\/\/tuzlainfo.ba\/index.php\/wp-json\/wp\/v2\/categories?post=13756"},{"taxonomy":"post_tag","embeddable":true,"href":"https:\/\/tuzlainfo.ba\/index.php\/wp-json\/wp\/v2\/tags?post=13756"}],"curies":[{"name":"wp","href":"https:\/\/api.w.org\/{rel}","templated":true}]}}