{"id":137397,"date":"2021-05-12T16:24:57","date_gmt":"2021-05-12T14:24:57","guid":{"rendered":"https:\/\/tuzlainfo.ba\/?p=137397"},"modified":"2021-05-12T16:50:29","modified_gmt":"2021-05-12T14:50:29","slug":"dodik-uporedio-izrael-i-bih-zna-i-ko-je-tamo-prvi-ispalio-rakete","status":"publish","type":"post","link":"https:\/\/tuzlainfo.ba\/index.php\/bosna-i-hercegovina\/item\/137397-dodik-uporedio-izrael-i-bih-zna-i-ko-je-tamo-prvi-ispalio-rakete\/","title":{"rendered":"Dodik uporedio Izrael i BiH, &#8220;zna&#8221; i ko je tamo prvi ispalio rakete"},"content":{"rendered":"<p>Predsjedavaju\u0107i Predsjedni\u0161tva BiH Milorad Dodik smatra da veoma upe\u010datljiva istorija vezana za jevrejski narod govori o tome da Izrael treba da brani svoju dr\u017eavu.<\/p>\n<p>Komentari\u0161u\u0107i eskalaciju sukoba u pojasu Gaze, Dodik je istakao da se Hamas, koji je na globalnom nivou progla\u0161en teroristi\u010dkom organizacijom, pokazuje kao izaziva\u010d tih sukoba.<\/p>\n<p>&#8220;\u010cinjenica je da neki stalno podstrekuju Palestince tamo da dobiju sve, umjesto da prihvate da se za dva naroda tamo formiraju dvije dr\u017eave i da to bude dominantan dogovor Jevjera, Izraelaca i samih Palestinaca. Mnogi iz nekog svog razloga pospje\u0161uju sukob i govore da to treba da bude mje\u0161ovita ili multietni\u010dka zemlja&#8221;, rekao je Dodik novinarima u Banjaluci.<\/p>\n<p>Dodik je naglasio da gdje god postoji dodir razli\u010ditih civilizacija, u smislu vjere i religije, to je uvijek mjesto trvenja, trenja, te je samo pitanje kada \u0107e se upaliti neka varnica, koja \u0107e postati buktinja.<\/p>\n<p>&#8220;I mi u BiH smo dio tog propalog eksperimenta i stalnog nastojanja sa zapada da nam ka\u017eu kako mi treba da \u017eivimo, a sasvim je sigurno da bi bilo manje sukoba u tom dijelu svijeta da imaju dvije dr\u017eave&#8221;, istakao je Dodik.<\/p>\n<p>On je izrazio zabrinutost \u0161to je ovaj sukob eskalirao do mjera da se razmijene tako \u017eestoka artiljerijska i druga sredstva i u kojem ima stradalih.<\/p>\n<p>&#8220;Iz onog \u0161to smo mogli \u010duti, jasno je da je Hamas prvi ispalio te rakete, \u0161to je, znaju\u0107i doktrinu samog Izraela, koji ide za tim da na bilo kakvu provokaciju, pa i minimalnu, odgovori maksimalnim sredstvima, dovelo do ovakve eskalacije&#8221;, rekao je Dodik, prenose agencije.<\/p>\n","protected":false},"excerpt":{"rendered":"<p>Predsjedavaju\u0107i Predsjedni\u0161tva BiH Milorad Dodik smatra da veoma upe\u010datljiva istorija vezana za jevrejski narod govori&hellip;<\/p>\n","protected":false},"author":2,"featured_media":86483,"comment_status":"open","ping_status":"closed","sticky":false,"template":"","format":"standard","meta":{"_acf_changed":false,"footnotes":""},"categories":[291],"tags":[921,535,1105],"acf":[],"yoast_head":"<!-- This site is optimized with the Yoast SEO plugin v23.5 - https:\/\/yoast.com\/wordpress\/plugins\/seo\/ -->\n<title>Dodik uporedio Izrael i BiH, &quot;zna&quot; i ko je tamo prvi ispalio rakete - TuzlaInfo.ba<\/title>\n<meta name=\"robots\" content=\"index, follow, max-snippet:-1, max-image-preview:large, max-video-preview:-1\" \/>\n<link rel=\"canonical\" href=\"https:\/\/tuzlainfo.ba\/index.php\/bosna-i-hercegovina\/item\/137397-dodik-uporedio-izrael-i-bih-zna-i-ko-je-tamo-prvi-ispalio-rakete\/\" \/>\n<meta property=\"og:locale\" content=\"bs_BA\" \/>\n<meta property=\"og:type\" content=\"article\" \/>\n<meta property=\"og:title\" content=\"Dodik uporedio Izrael i BiH, &quot;zna&quot; i ko je tamo prvi ispalio rakete - TuzlaInfo.ba\" \/>\n<meta property=\"og:description\" content=\"Predsjedavaju\u0107i Predsjedni\u0161tva BiH Milorad Dodik smatra da veoma upe\u010datljiva istorija vezana za jevrejski narod govori&hellip;\" \/>\n<meta property=\"og:url\" content=\"https:\/\/tuzlainfo.ba\/index.php\/bosna-i-hercegovina\/item\/137397-dodik-uporedio-izrael-i-bih-zna-i-ko-je-tamo-prvi-ispalio-rakete\/\" \/>\n<meta property=\"og:site_name\" content=\"TuzlaInfo.ba\" \/>\n<meta property=\"article:publisher\" content=\"https:\/\/www.facebook.com\/tuzlainfo.ba\/\" \/>\n<meta property=\"article:published_time\" content=\"2021-05-12T14:24:57+00:00\" \/>\n<meta property=\"article:modified_time\" content=\"2021-05-12T14:50:29+00:00\" \/>\n<meta property=\"og:image\" content=\"https:\/\/tuzlainfo.ba\/wp-content\/uploads\/2021\/02\/sadrzaj_2021_20210201_1402_dodik.jpg\" \/>\n\t<meta property=\"og:image:width\" content=\"1024\" \/>\n\t<meta property=\"og:image:height\" content=\"742\" \/>\n\t<meta property=\"og:image:type\" content=\"image\/jpeg\" \/>\n<meta name=\"author\" content=\"nedim\" \/>\n<meta name=\"twitter:card\" content=\"summary_large_image\" \/>\n<meta name=\"twitter:label1\" content=\"Written by\" \/>\n\t<meta name=\"twitter:data1\" content=\"nedim\" \/>\n\t<meta name=\"twitter:label2\" content=\"Est. reading time\" \/>\n\t<meta name=\"twitter:data2\" content=\"1 minuta\" \/>\n<script type=\"application\/ld+json\" class=\"yoast-schema-graph\">{\"@context\":\"https:\/\/schema.org\",\"@graph\":[{\"@type\":\"Article\",\"@id\":\"https:\/\/tuzlainfo.ba\/index.php\/bosna-i-hercegovina\/item\/137397-dodik-uporedio-izrael-i-bih-zna-i-ko-je-tamo-prvi-ispalio-rakete\/#article\",\"isPartOf\":{\"@id\":\"https:\/\/tuzlainfo.ba\/index.php\/bosna-i-hercegovina\/item\/137397-dodik-uporedio-izrael-i-bih-zna-i-ko-je-tamo-prvi-ispalio-rakete\/\"},\"author\":{\"name\":\"nedim\",\"@id\":\"https:\/\/tuzlainfo.ba\/#\/schema\/person\/f434e20dc27ea133923aab08451b7f7f\"},\"headline\":\"Dodik uporedio Izrael i BiH, &#8220;zna&#8221; i ko je tamo prvi ispalio rakete\",\"datePublished\":\"2021-05-12T14:24:57+00:00\",\"dateModified\":\"2021-05-12T14:50:29+00:00\",\"mainEntityOfPage\":{\"@id\":\"https:\/\/tuzlainfo.ba\/index.php\/bosna-i-hercegovina\/item\/137397-dodik-uporedio-izrael-i-bih-zna-i-ko-je-tamo-prvi-ispalio-rakete\/\"},\"wordCount\":283,\"commentCount\":0,\"publisher\":{\"@id\":\"https:\/\/tuzlainfo.ba\/#organization\"},\"image\":{\"@id\":\"https:\/\/tuzlainfo.ba\/index.php\/bosna-i-hercegovina\/item\/137397-dodik-uporedio-izrael-i-bih-zna-i-ko-je-tamo-prvi-ispalio-rakete\/#primaryimage\"},\"thumbnailUrl\":\"https:\/\/tuzlainfo.ba\/wp-content\/uploads\/2021\/02\/sadrzaj_2021_20210201_1402_dodik.jpg\",\"keywords\":[\"izrael\",\"milorad dodik\",\"Palestina\"],\"articleSection\":[\"Bosna i Hercegovina\"],\"inLanguage\":\"bs-BA\"},{\"@type\":\"WebPage\",\"@id\":\"https:\/\/tuzlainfo.ba\/index.php\/bosna-i-hercegovina\/item\/137397-dodik-uporedio-izrael-i-bih-zna-i-ko-je-tamo-prvi-ispalio-rakete\/\",\"url\":\"https:\/\/tuzlainfo.ba\/index.php\/bosna-i-hercegovina\/item\/137397-dodik-uporedio-izrael-i-bih-zna-i-ko-je-tamo-prvi-ispalio-rakete\/\",\"name\":\"Dodik uporedio Izrael i BiH, \\\"zna\\\" i ko je tamo prvi ispalio rakete - TuzlaInfo.ba\",\"isPartOf\":{\"@id\":\"https:\/\/tuzlainfo.ba\/#website\"},\"primaryImageOfPage\":{\"@id\":\"https:\/\/tuzlainfo.ba\/index.php\/bosna-i-hercegovina\/item\/137397-dodik-uporedio-izrael-i-bih-zna-i-ko-je-tamo-prvi-ispalio-rakete\/#primaryimage\"},\"image\":{\"@id\":\"https:\/\/tuzlainfo.ba\/index.php\/bosna-i-hercegovina\/item\/137397-dodik-uporedio-izrael-i-bih-zna-i-ko-je-tamo-prvi-ispalio-rakete\/#primaryimage\"},\"thumbnailUrl\":\"https:\/\/tuzlainfo.ba\/wp-content\/uploads\/2021\/02\/sadrzaj_2021_20210201_1402_dodik.jpg\",\"datePublished\":\"2021-05-12T14:24:57+00:00\",\"dateModified\":\"2021-05-12T14:50:29+00:00\",\"breadcrumb\":{\"@id\":\"https:\/\/tuzlainfo.ba\/index.php\/bosna-i-hercegovina\/item\/137397-dodik-uporedio-izrael-i-bih-zna-i-ko-je-tamo-prvi-ispalio-rakete\/#breadcrumb\"},\"inLanguage\":\"bs-BA\",\"potentialAction\":[{\"@type\":\"ReadAction\",\"target\":[\"https:\/\/tuzlainfo.ba\/index.php\/bosna-i-hercegovina\/item\/137397-dodik-uporedio-izrael-i-bih-zna-i-ko-je-tamo-prvi-ispalio-rakete\/\"]}]},{\"@type\":\"ImageObject\",\"inLanguage\":\"bs-BA\",\"@id\":\"https:\/\/tuzlainfo.ba\/index.php\/bosna-i-hercegovina\/item\/137397-dodik-uporedio-izrael-i-bih-zna-i-ko-je-tamo-prvi-ispalio-rakete\/#primaryimage\",\"url\":\"https:\/\/tuzlainfo.ba\/wp-content\/uploads\/2021\/02\/sadrzaj_2021_20210201_1402_dodik.jpg\",\"contentUrl\":\"https:\/\/tuzlainfo.ba\/wp-content\/uploads\/2021\/02\/sadrzaj_2021_20210201_1402_dodik.jpg\",\"width\":1024,\"height\":742,\"caption\":\"1402 dodik\"},{\"@type\":\"BreadcrumbList\",\"@id\":\"https:\/\/tuzlainfo.ba\/index.php\/bosna-i-hercegovina\/item\/137397-dodik-uporedio-izrael-i-bih-zna-i-ko-je-tamo-prvi-ispalio-rakete\/#breadcrumb\",\"itemListElement\":[{\"@type\":\"ListItem\",\"position\":1,\"name\":\"Home\",\"item\":\"https:\/\/tuzlainfo.ba\/\"},{\"@type\":\"ListItem\",\"position\":2,\"name\":\"Dodik uporedio Izrael i BiH, &#8220;zna&#8221; i ko je tamo prvi ispalio rakete\"}]},{\"@type\":\"WebSite\",\"@id\":\"https:\/\/tuzlainfo.ba\/#website\",\"url\":\"https:\/\/tuzlainfo.ba\/\",\"name\":\"TuzlaInfo.ba\",\"description\":\"Tuzla info, gradski informator - Tuzla na dlanu\",\"publisher\":{\"@id\":\"https:\/\/tuzlainfo.ba\/#organization\"},\"potentialAction\":[{\"@type\":\"SearchAction\",\"target\":{\"@type\":\"EntryPoint\",\"urlTemplate\":\"https:\/\/tuzlainfo.ba\/?s={search_term_string}\"},\"query-input\":{\"@type\":\"PropertyValueSpecification\",\"valueRequired\":true,\"valueName\":\"search_term_string\"}}],\"inLanguage\":\"bs-BA\"},{\"@type\":\"Organization\",\"@id\":\"https:\/\/tuzlainfo.ba\/#organization\",\"name\":\"TuzlaInfo.ba\",\"url\":\"https:\/\/tuzlainfo.ba\/\",\"logo\":{\"@type\":\"ImageObject\",\"inLanguage\":\"bs-BA\",\"@id\":\"https:\/\/tuzlainfo.ba\/#\/schema\/logo\/image\/\",\"url\":\"https:\/\/tuzlainfo.ba\/wp-content\/uploads\/2021\/03\/logo-ver-3-1.png\",\"contentUrl\":\"https:\/\/tuzlainfo.ba\/wp-content\/uploads\/2021\/03\/logo-ver-3-1.png\",\"width\":350,\"height\":95,\"caption\":\"TuzlaInfo.ba\"},\"image\":{\"@id\":\"https:\/\/tuzlainfo.ba\/#\/schema\/logo\/image\/\"},\"sameAs\":[\"https:\/\/www.facebook.com\/tuzlainfo.ba\/\"]},{\"@type\":\"Person\",\"@id\":\"https:\/\/tuzlainfo.ba\/#\/schema\/person\/f434e20dc27ea133923aab08451b7f7f\",\"name\":\"nedim\",\"image\":{\"@type\":\"ImageObject\",\"inLanguage\":\"bs-BA\",\"@id\":\"https:\/\/tuzlainfo.ba\/#\/schema\/person\/image\/\",\"url\":\"https:\/\/tuzlainfo.ba\/wp-content\/litespeed\/avatar\/aabad687af24844af817603ac1cbdc4f.jpg?ver=1777306975\",\"contentUrl\":\"https:\/\/tuzlainfo.ba\/wp-content\/litespeed\/avatar\/aabad687af24844af817603ac1cbdc4f.jpg?ver=1777306975\",\"caption\":\"nedim\"},\"description\":\"Tuzlainfo.ba pratite na dru\u0161tvenim mre\u017eama: Facebook, Instagram i Youtube. Svoje pri\u010de, upite i fotografije \u0161aljite na na\u0161u e-mail adresu.\"}]}<\/script>\n<!-- \/ Yoast SEO plugin. -->","yoast_head_json":{"title":"Dodik uporedio Izrael i BiH, \"zna\" i ko je tamo prvi ispalio rakete - TuzlaInfo.ba","robots":{"index":"index","follow":"follow","max-snippet":"max-snippet:-1","max-image-preview":"max-image-preview:large","max-video-preview":"max-video-preview:-1"},"canonical":"https:\/\/tuzlainfo.ba\/index.php\/bosna-i-hercegovina\/item\/137397-dodik-uporedio-izrael-i-bih-zna-i-ko-je-tamo-prvi-ispalio-rakete\/","og_locale":"bs_BA","og_type":"article","og_title":"Dodik uporedio Izrael i BiH, \"zna\" i ko je tamo prvi ispalio rakete - TuzlaInfo.ba","og_description":"Predsjedavaju\u0107i Predsjedni\u0161tva BiH Milorad Dodik smatra da veoma upe\u010datljiva istorija vezana za jevrejski narod govori&hellip;","og_url":"https:\/\/tuzlainfo.ba\/index.php\/bosna-i-hercegovina\/item\/137397-dodik-uporedio-izrael-i-bih-zna-i-ko-je-tamo-prvi-ispalio-rakete\/","og_site_name":"TuzlaInfo.ba","article_publisher":"https:\/\/www.facebook.com\/tuzlainfo.ba\/","article_published_time":"2021-05-12T14:24:57+00:00","article_modified_time":"2021-05-12T14:50:29+00:00","og_image":[{"width":1024,"height":742,"url":"https:\/\/tuzlainfo.ba\/wp-content\/uploads\/2021\/02\/sadrzaj_2021_20210201_1402_dodik.jpg","type":"image\/jpeg"}],"author":"nedim","twitter_card":"summary_large_image","twitter_misc":{"Written by":"nedim","Est. reading time":"1 minuta"},"schema":{"@context":"https:\/\/schema.org","@graph":[{"@type":"Article","@id":"https:\/\/tuzlainfo.ba\/index.php\/bosna-i-hercegovina\/item\/137397-dodik-uporedio-izrael-i-bih-zna-i-ko-je-tamo-prvi-ispalio-rakete\/#article","isPartOf":{"@id":"https:\/\/tuzlainfo.ba\/index.php\/bosna-i-hercegovina\/item\/137397-dodik-uporedio-izrael-i-bih-zna-i-ko-je-tamo-prvi-ispalio-rakete\/"},"author":{"name":"nedim","@id":"https:\/\/tuzlainfo.ba\/#\/schema\/person\/f434e20dc27ea133923aab08451b7f7f"},"headline":"Dodik uporedio Izrael i BiH, &#8220;zna&#8221; i ko je tamo prvi ispalio rakete","datePublished":"2021-05-12T14:24:57+00:00","dateModified":"2021-05-12T14:50:29+00:00","mainEntityOfPage":{"@id":"https:\/\/tuzlainfo.ba\/index.php\/bosna-i-hercegovina\/item\/137397-dodik-uporedio-izrael-i-bih-zna-i-ko-je-tamo-prvi-ispalio-rakete\/"},"wordCount":283,"commentCount":0,"publisher":{"@id":"https:\/\/tuzlainfo.ba\/#organization"},"image":{"@id":"https:\/\/tuzlainfo.ba\/index.php\/bosna-i-hercegovina\/item\/137397-dodik-uporedio-izrael-i-bih-zna-i-ko-je-tamo-prvi-ispalio-rakete\/#primaryimage"},"thumbnailUrl":"https:\/\/tuzlainfo.ba\/wp-content\/uploads\/2021\/02\/sadrzaj_2021_20210201_1402_dodik.jpg","keywords":["izrael","milorad dodik","Palestina"],"articleSection":["Bosna i Hercegovina"],"inLanguage":"bs-BA"},{"@type":"WebPage","@id":"https:\/\/tuzlainfo.ba\/index.php\/bosna-i-hercegovina\/item\/137397-dodik-uporedio-izrael-i-bih-zna-i-ko-je-tamo-prvi-ispalio-rakete\/","url":"https:\/\/tuzlainfo.ba\/index.php\/bosna-i-hercegovina\/item\/137397-dodik-uporedio-izrael-i-bih-zna-i-ko-je-tamo-prvi-ispalio-rakete\/","name":"Dodik uporedio Izrael i BiH, \"zna\" i ko je tamo prvi ispalio rakete - TuzlaInfo.ba","isPartOf":{"@id":"https:\/\/tuzlainfo.ba\/#website"},"primaryImageOfPage":{"@id":"https:\/\/tuzlainfo.ba\/index.php\/bosna-i-hercegovina\/item\/137397-dodik-uporedio-izrael-i-bih-zna-i-ko-je-tamo-prvi-ispalio-rakete\/#primaryimage"},"image":{"@id":"https:\/\/tuzlainfo.ba\/index.php\/bosna-i-hercegovina\/item\/137397-dodik-uporedio-izrael-i-bih-zna-i-ko-je-tamo-prvi-ispalio-rakete\/#primaryimage"},"thumbnailUrl":"https:\/\/tuzlainfo.ba\/wp-content\/uploads\/2021\/02\/sadrzaj_2021_20210201_1402_dodik.jpg","datePublished":"2021-05-12T14:24:57+00:00","dateModified":"2021-05-12T14:50:29+00:00","breadcrumb":{"@id":"https:\/\/tuzlainfo.ba\/index.php\/bosna-i-hercegovina\/item\/137397-dodik-uporedio-izrael-i-bih-zna-i-ko-je-tamo-prvi-ispalio-rakete\/#breadcrumb"},"inLanguage":"bs-BA","potentialAction":[{"@type":"ReadAction","target":["https:\/\/tuzlainfo.ba\/index.php\/bosna-i-hercegovina\/item\/137397-dodik-uporedio-izrael-i-bih-zna-i-ko-je-tamo-prvi-ispalio-rakete\/"]}]},{"@type":"ImageObject","inLanguage":"bs-BA","@id":"https:\/\/tuzlainfo.ba\/index.php\/bosna-i-hercegovina\/item\/137397-dodik-uporedio-izrael-i-bih-zna-i-ko-je-tamo-prvi-ispalio-rakete\/#primaryimage","url":"https:\/\/tuzlainfo.ba\/wp-content\/uploads\/2021\/02\/sadrzaj_2021_20210201_1402_dodik.jpg","contentUrl":"https:\/\/tuzlainfo.ba\/wp-content\/uploads\/2021\/02\/sadrzaj_2021_20210201_1402_dodik.jpg","width":1024,"height":742,"caption":"1402 dodik"},{"@type":"BreadcrumbList","@id":"https:\/\/tuzlainfo.ba\/index.php\/bosna-i-hercegovina\/item\/137397-dodik-uporedio-izrael-i-bih-zna-i-ko-je-tamo-prvi-ispalio-rakete\/#breadcrumb","itemListElement":[{"@type":"ListItem","position":1,"name":"Home","item":"https:\/\/tuzlainfo.ba\/"},{"@type":"ListItem","position":2,"name":"Dodik uporedio Izrael i BiH, &#8220;zna&#8221; i ko je tamo prvi ispalio rakete"}]},{"@type":"WebSite","@id":"https:\/\/tuzlainfo.ba\/#website","url":"https:\/\/tuzlainfo.ba\/","name":"TuzlaInfo.ba","description":"Tuzla info, gradski informator - Tuzla na dlanu","publisher":{"@id":"https:\/\/tuzlainfo.ba\/#organization"},"potentialAction":[{"@type":"SearchAction","target":{"@type":"EntryPoint","urlTemplate":"https:\/\/tuzlainfo.ba\/?s={search_term_string}"},"query-input":{"@type":"PropertyValueSpecification","valueRequired":true,"valueName":"search_term_string"}}],"inLanguage":"bs-BA"},{"@type":"Organization","@id":"https:\/\/tuzlainfo.ba\/#organization","name":"TuzlaInfo.ba","url":"https:\/\/tuzlainfo.ba\/","logo":{"@type":"ImageObject","inLanguage":"bs-BA","@id":"https:\/\/tuzlainfo.ba\/#\/schema\/logo\/image\/","url":"https:\/\/tuzlainfo.ba\/wp-content\/uploads\/2021\/03\/logo-ver-3-1.png","contentUrl":"https:\/\/tuzlainfo.ba\/wp-content\/uploads\/2021\/03\/logo-ver-3-1.png","width":350,"height":95,"caption":"TuzlaInfo.ba"},"image":{"@id":"https:\/\/tuzlainfo.ba\/#\/schema\/logo\/image\/"},"sameAs":["https:\/\/www.facebook.com\/tuzlainfo.ba\/"]},{"@type":"Person","@id":"https:\/\/tuzlainfo.ba\/#\/schema\/person\/f434e20dc27ea133923aab08451b7f7f","name":"nedim","image":{"@type":"ImageObject","inLanguage":"bs-BA","@id":"https:\/\/tuzlainfo.ba\/#\/schema\/person\/image\/","url":"https:\/\/tuzlainfo.ba\/wp-content\/litespeed\/avatar\/aabad687af24844af817603ac1cbdc4f.jpg?ver=1777306975","contentUrl":"https:\/\/tuzlainfo.ba\/wp-content\/litespeed\/avatar\/aabad687af24844af817603ac1cbdc4f.jpg?ver=1777306975","caption":"nedim"},"description":"Tuzlainfo.ba pratite na dru\u0161tvenim mre\u017eama: Facebook, Instagram i Youtube. Svoje pri\u010de, upite i fotografije \u0161aljite na na\u0161u e-mail adresu."}]}},"_links":{"self":[{"href":"https:\/\/tuzlainfo.ba\/index.php\/wp-json\/wp\/v2\/posts\/137397"}],"collection":[{"href":"https:\/\/tuzlainfo.ba\/index.php\/wp-json\/wp\/v2\/posts"}],"about":[{"href":"https:\/\/tuzlainfo.ba\/index.php\/wp-json\/wp\/v2\/types\/post"}],"author":[{"embeddable":true,"href":"https:\/\/tuzlainfo.ba\/index.php\/wp-json\/wp\/v2\/users\/2"}],"replies":[{"embeddable":true,"href":"https:\/\/tuzlainfo.ba\/index.php\/wp-json\/wp\/v2\/comments?post=137397"}],"version-history":[{"count":0,"href":"https:\/\/tuzlainfo.ba\/index.php\/wp-json\/wp\/v2\/posts\/137397\/revisions"}],"wp:featuredmedia":[{"embeddable":true,"href":"https:\/\/tuzlainfo.ba\/index.php\/wp-json\/wp\/v2\/media\/86483"}],"wp:attachment":[{"href":"https:\/\/tuzlainfo.ba\/index.php\/wp-json\/wp\/v2\/media?parent=137397"}],"wp:term":[{"taxonomy":"category","embeddable":true,"href":"https:\/\/tuzlainfo.ba\/index.php\/wp-json\/wp\/v2\/categories?post=137397"},{"taxonomy":"post_tag","embeddable":true,"href":"https:\/\/tuzlainfo.ba\/index.php\/wp-json\/wp\/v2\/tags?post=137397"}],"curies":[{"name":"wp","href":"https:\/\/api.w.org\/{rel}","templated":true}]}}