{"id":137314,"date":"2021-05-11T19:00:17","date_gmt":"2021-05-11T17:00:17","guid":{"rendered":"https:\/\/tuzlainfo.ba\/?p=137314"},"modified":"2021-05-11T14:14:32","modified_gmt":"2021-05-11T12:14:32","slug":"i-u-tk-prisutni-globalni-negativni-demografski-trendovi","status":"publish","type":"post","link":"https:\/\/tuzlainfo.ba\/index.php\/novosti\/item\/137314-i-u-tk-prisutni-globalni-negativni-demografski-trendovi\/","title":{"rendered":"I u TK prisutni globalni negativni demografski trendovi"},"content":{"rendered":"<p>Analizom demografskih pokazatelja za podru\u010dje Tuzlanskog kantona, vidljivo je da broj starih lica iz godine u godine raste, dok se ukupan broj stanovnika smanjuje. Bosna i Hercegovina, a samim tim i podru\u010dje Tuzlanskog kantona je u jo\u0161 ve\u0107em riziku od pove\u0107anja procenta zastupljenosti starijih u odnosu na ukupan broj stanovnika i zbog \u010dinjenice da sve vi\u0161e mladih napu\u0161ta Bosnu i Hercegovinu.<\/p>\n<p>Navedeni trend \u0107e se negativno odraziti na privredni i dru\u0161tveni razvoj, navodi se u Analizi socijalno-ekonomskog polo\u017eaja starih lica i penzionera\u00a0 koju je Vlada danas prihvatila. Kako se u Analizi navodi demografski pokazatelji ukazuju da je i u svjetskoj populaciji do\u0161lo do ubrzanog starenja, da je u ve\u0107ini regiona do\u0161lo do opadanja stope ferilieta, te produ\u017eenju \u017eivotnog vijeka, \u0161to vodi ka smanjenju broja djece i pove\u0107anju broja starijih. Uz navedeno, nedostaju odre\u0111eni pravni okviri kao i strate\u0161ki dokumenti za\u0161tite starih lica. Oni su jedna od najsiroma\u0161nijih kategorija stanovni\u0161tva i najranjiviji su na socijalnu isklju\u010denost, a stanje uzrokovano pandemijom je dodatno pove\u0107alo njihovu socijalnu isklju\u010denost.<\/p>\n<p>Stanje u oblasti penzionog sistema je donekle popravljeno, provo\u0111enjem Reforme penzionog sistema, ali je stanje i dalje nezadovoljavaju\u0107e zbog niskih penzija koje primaju penzioneri. Zbog niskih iznosa socijalnih davanja za pojedina prava, te nedovoljno razvijenih usluga socijalne za\u0161tite i stanje u ovoj oblasti tako\u0111er nije na zadovoljavaju\u0107em nivou. Na podru\u010dju Tuzlanskog kantona evidentan je i problem nedostatka ustanova za zbrinjavanje starih lica, kao i problem otvaranja privatnih ustanova za zbrinjavanje starih lica koje nemaju rje\u0161enje o ispunjavanju uslova za obavljanje djelatnosti socijalne za\u0161tite.<\/p>\n<p>Imaju\u0107i u vidu sve navedeno danas preporu\u010den niz mjera i aktivnosti koje se trebaju poduzeti, kako u institucijama Tuzlanskog kantona,\u00a0 tako i u institucijama na nivou gradova, op\u0107ina, te na nivou Federacije BiH kako bi se stanje u ovoj oblasti unaprijedilo i omogu\u0107ilo kvalitetno starenje.<\/p>\n","protected":false},"excerpt":{"rendered":"<p>Analizom demografskih pokazatelja za podru\u010dje Tuzlanskog kantona, vidljivo je da broj starih lica iz godine u godine raste, dok se ukupan broj stanovnika smanjuje. Bosna i Hercegovina, a samim tim i podru\u010dje Tuzlanskog kantona je u jo\u0161 ve\u0107em riziku od pove\u0107anja procenta zastupljenosti starijih u odnosu na ukupan broj stanovnika i zbog \u010dinjenice da sve [&hellip;]<\/p>\n","protected":false},"author":3,"featured_media":61072,"comment_status":"open","ping_status":"closed","sticky":false,"template":"","format":"standard","meta":{"footnotes":""},"categories":[12],"tags":[1136,527],"class_list":["post-137314","post","type-post","status-publish","format-standard","has-post-thumbnail","hentry","category-novosti","tag-negativni-demografski-trendovi","tag-tk"],"yoast_head":"<!-- This site is optimized with the Yoast SEO plugin v28.3 - https:\/\/yoast.com\/product\/yoast-seo-wordpress\/ -->\n<title>I u TK prisutni globalni negativni demografski trendovi<\/title>\n<meta name=\"robots\" content=\"index, follow, max-snippet:-1, max-image-preview:large, max-video-preview:-1\" \/>\n<link rel=\"canonical\" href=\"https:\/\/tuzlainfo.ba\/index.php\/novosti\/item\/137314-i-u-tk-prisutni-globalni-negativni-demografski-trendovi\/\" \/>\n<meta property=\"og:locale\" content=\"bs_BA\" \/>\n<meta property=\"og:type\" content=\"article\" \/>\n<meta property=\"og:title\" content=\"I u TK prisutni globalni negativni demografski trendovi\" \/>\n<meta property=\"og:description\" content=\"Analizom demografskih pokazatelja za podru\u010dje Tuzlanskog kantona, vidljivo je da broj starih lica iz godine u godine raste, dok se ukupan broj stanovnika smanjuje. Bosna i Hercegovina, a samim tim i podru\u010dje Tuzlanskog kantona je u jo\u0161 ve\u0107em riziku od pove\u0107anja procenta zastupljenosti starijih u odnosu na ukupan broj stanovnika i zbog \u010dinjenice da sve [&hellip;]\" \/>\n<meta property=\"og:url\" content=\"https:\/\/tuzlainfo.ba\/index.php\/novosti\/item\/137314-i-u-tk-prisutni-globalni-negativni-demografski-trendovi\/\" \/>\n<meta property=\"og:site_name\" content=\"TuzlaInfo.ba\" \/>\n<meta property=\"article:publisher\" content=\"https:\/\/www.facebook.com\/tuzlainfo.ba\/\" \/>\n<meta property=\"article:published_time\" content=\"2021-05-11T17:00:17+00:00\" \/>\n<meta property=\"og:image\" content=\"https:\/\/tuzlainfo.ba\/wp-content\/uploads\/2018\/03\/sadrzaj_2018_20180301_2203_penzioneri.jpg\" \/>\n\t<meta property=\"og:image:width\" content=\"770\" \/>\n\t<meta property=\"og:image:height\" content=\"496\" \/>\n\t<meta property=\"og:image:type\" content=\"image\/jpeg\" \/>\n<meta name=\"author\" content=\"admin2\" \/>\n<meta name=\"twitter:card\" content=\"summary_large_image\" \/>\n<meta name=\"twitter:label1\" content=\"Written by\" \/>\n\t<meta name=\"twitter:data1\" content=\"admin2\" \/>\n\t<meta name=\"twitter:label2\" content=\"Est. reading time\" \/>\n\t<meta name=\"twitter:data2\" content=\"2 minute\" \/>\n<script type=\"application\/ld+json\" class=\"yoast-schema-graph\">{\"@context\":\"https:\\\/\\\/schema.org\",\"@graph\":[{\"@type\":\"Article\",\"@id\":\"https:\\\/\\\/tuzlainfo.ba\\\/index.php\\\/novosti\\\/item\\\/137314-i-u-tk-prisutni-globalni-negativni-demografski-trendovi\\\/#article\",\"isPartOf\":{\"@id\":\"https:\\\/\\\/tuzlainfo.ba\\\/index.php\\\/novosti\\\/item\\\/137314-i-u-tk-prisutni-globalni-negativni-demografski-trendovi\\\/\"},\"author\":{\"name\":\"admin2\",\"@id\":\"https:\\\/\\\/tuzlainfo.ba\\\/#\\\/schema\\\/person\\\/f4ebe4fff27e68efb65fa7e18f8af372\"},\"headline\":\"I u TK prisutni globalni negativni demografski trendovi\",\"datePublished\":\"2021-05-11T17:00:17+00:00\",\"mainEntityOfPage\":{\"@id\":\"https:\\\/\\\/tuzlainfo.ba\\\/index.php\\\/novosti\\\/item\\\/137314-i-u-tk-prisutni-globalni-negativni-demografski-trendovi\\\/\"},\"wordCount\":334,\"commentCount\":0,\"publisher\":{\"@id\":\"https:\\\/\\\/tuzlainfo.ba\\\/#organization\"},\"image\":{\"@id\":\"https:\\\/\\\/tuzlainfo.ba\\\/index.php\\\/novosti\\\/item\\\/137314-i-u-tk-prisutni-globalni-negativni-demografski-trendovi\\\/#primaryimage\"},\"thumbnailUrl\":\"https:\\\/\\\/tuzlainfo.ba\\\/wp-content\\\/uploads\\\/2018\\\/03\\\/sadrzaj_2018_20180301_2203_penzioneri.jpg\",\"keywords\":[\"negativni demografski trendovi\",\"tk\"],\"articleSection\":[\"Novosti\"],\"inLanguage\":\"bs-BA\",\"copyrightYear\":\"2021\",\"copyrightHolder\":{\"@id\":\"https:\\\/\\\/tuzlainfo.ba\\\/#organization\"}},{\"@type\":\"WebPage\",\"@id\":\"https:\\\/\\\/tuzlainfo.ba\\\/index.php\\\/novosti\\\/item\\\/137314-i-u-tk-prisutni-globalni-negativni-demografski-trendovi\\\/\",\"url\":\"https:\\\/\\\/tuzlainfo.ba\\\/index.php\\\/novosti\\\/item\\\/137314-i-u-tk-prisutni-globalni-negativni-demografski-trendovi\\\/\",\"name\":\"I u TK prisutni globalni negativni demografski trendovi\",\"isPartOf\":{\"@id\":\"https:\\\/\\\/tuzlainfo.ba\\\/#website\"},\"primaryImageOfPage\":{\"@id\":\"https:\\\/\\\/tuzlainfo.ba\\\/index.php\\\/novosti\\\/item\\\/137314-i-u-tk-prisutni-globalni-negativni-demografski-trendovi\\\/#primaryimage\"},\"image\":{\"@id\":\"https:\\\/\\\/tuzlainfo.ba\\\/index.php\\\/novosti\\\/item\\\/137314-i-u-tk-prisutni-globalni-negativni-demografski-trendovi\\\/#primaryimage\"},\"thumbnailUrl\":\"https:\\\/\\\/tuzlainfo.ba\\\/wp-content\\\/uploads\\\/2018\\\/03\\\/sadrzaj_2018_20180301_2203_penzioneri.jpg\",\"datePublished\":\"2021-05-11T17:00:17+00:00\",\"breadcrumb\":{\"@id\":\"https:\\\/\\\/tuzlainfo.ba\\\/index.php\\\/novosti\\\/item\\\/137314-i-u-tk-prisutni-globalni-negativni-demografski-trendovi\\\/#breadcrumb\"},\"inLanguage\":\"bs-BA\",\"potentialAction\":[{\"@type\":\"ReadAction\",\"target\":[\"https:\\\/\\\/tuzlainfo.ba\\\/index.php\\\/novosti\\\/item\\\/137314-i-u-tk-prisutni-globalni-negativni-demografski-trendovi\\\/\"]}]},{\"@type\":\"ImageObject\",\"inLanguage\":\"bs-BA\",\"@id\":\"https:\\\/\\\/tuzlainfo.ba\\\/index.php\\\/novosti\\\/item\\\/137314-i-u-tk-prisutni-globalni-negativni-demografski-trendovi\\\/#primaryimage\",\"url\":\"https:\\\/\\\/tuzlainfo.ba\\\/wp-content\\\/uploads\\\/2018\\\/03\\\/sadrzaj_2018_20180301_2203_penzioneri.jpg\",\"contentUrl\":\"https:\\\/\\\/tuzlainfo.ba\\\/wp-content\\\/uploads\\\/2018\\\/03\\\/sadrzaj_2018_20180301_2203_penzioneri.jpg\",\"width\":770,\"height\":496,\"caption\":\"2203 penzioneri\"},{\"@type\":\"BreadcrumbList\",\"@id\":\"https:\\\/\\\/tuzlainfo.ba\\\/index.php\\\/novosti\\\/item\\\/137314-i-u-tk-prisutni-globalni-negativni-demografski-trendovi\\\/#breadcrumb\",\"itemListElement\":[{\"@type\":\"ListItem\",\"position\":1,\"name\":\"Home\",\"item\":\"https:\\\/\\\/tuzlainfo.ba\\\/\"},{\"@type\":\"ListItem\",\"position\":2,\"name\":\"I u TK prisutni globalni negativni demografski trendovi\"}]},{\"@type\":\"WebSite\",\"@id\":\"https:\\\/\\\/tuzlainfo.ba\\\/#website\",\"url\":\"https:\\\/\\\/tuzlainfo.ba\\\/\",\"name\":\"TuzlaInfo.ba\",\"description\":\"Tuzla info, gradski informator - Tuzla na dlanu\",\"publisher\":{\"@id\":\"https:\\\/\\\/tuzlainfo.ba\\\/#organization\"},\"potentialAction\":[{\"@type\":\"SearchAction\",\"target\":{\"@type\":\"EntryPoint\",\"urlTemplate\":\"https:\\\/\\\/tuzlainfo.ba\\\/?s={search_term_string}\"},\"query-input\":{\"@type\":\"PropertyValueSpecification\",\"valueRequired\":true,\"valueName\":\"search_term_string\"}}],\"inLanguage\":\"bs-BA\"},{\"@type\":\"Organization\",\"@id\":\"https:\\\/\\\/tuzlainfo.ba\\\/#organization\",\"name\":\"TuzlaInfo.ba\",\"url\":\"https:\\\/\\\/tuzlainfo.ba\\\/\",\"logo\":{\"@type\":\"ImageObject\",\"inLanguage\":\"bs-BA\",\"@id\":\"https:\\\/\\\/tuzlainfo.ba\\\/#\\\/schema\\\/logo\\\/image\\\/\",\"url\":\"https:\\\/\\\/tuzlainfo.ba\\\/wp-content\\\/uploads\\\/2021\\\/03\\\/logo-ver-3-1.png\",\"contentUrl\":\"https:\\\/\\\/tuzlainfo.ba\\\/wp-content\\\/uploads\\\/2021\\\/03\\\/logo-ver-3-1.png\",\"width\":350,\"height\":95,\"caption\":\"TuzlaInfo.ba\"},\"image\":{\"@id\":\"https:\\\/\\\/tuzlainfo.ba\\\/#\\\/schema\\\/logo\\\/image\\\/\"},\"sameAs\":[\"https:\\\/\\\/www.facebook.com\\\/tuzlainfo.ba\\\/\"]},{\"@type\":\"Person\",\"@id\":\"https:\\\/\\\/tuzlainfo.ba\\\/#\\\/schema\\\/person\\\/f4ebe4fff27e68efb65fa7e18f8af372\",\"name\":\"admin2\",\"image\":{\"@type\":\"ImageObject\",\"inLanguage\":\"bs-BA\",\"@id\":\"https:\\\/\\\/secure.gravatar.com\\\/avatar\\\/6474d9b45292367fa11d981175d83642ccdae059a6b7eabe5fed313d54ead5cb?s=96&d=mm&r=g\",\"url\":\"https:\\\/\\\/secure.gravatar.com\\\/avatar\\\/6474d9b45292367fa11d981175d83642ccdae059a6b7eabe5fed313d54ead5cb?s=96&d=mm&r=g\",\"contentUrl\":\"https:\\\/\\\/secure.gravatar.com\\\/avatar\\\/6474d9b45292367fa11d981175d83642ccdae059a6b7eabe5fed313d54ead5cb?s=96&d=mm&r=g\",\"caption\":\"admin2\"},\"description\":\"Tuzlainfo.ba pratite na dru\u0161tvenim mre\u017eama: Facebook, Instagram i Youtube. Svoje pri\u010de, upite i fotografije \u0161aljite na na\u0161u e-mail adresu.\",\"sameAs\":[\"admin\"]}]}<\/script>\n<!-- \/ Yoast SEO plugin. -->","yoast_head_json":{"title":"I u TK prisutni globalni negativni demografski trendovi","robots":{"index":"index","follow":"follow","max-snippet":"max-snippet:-1","max-image-preview":"max-image-preview:large","max-video-preview":"max-video-preview:-1"},"canonical":"https:\/\/tuzlainfo.ba\/index.php\/novosti\/item\/137314-i-u-tk-prisutni-globalni-negativni-demografski-trendovi\/","og_locale":"bs_BA","og_type":"article","og_title":"I u TK prisutni globalni negativni demografski trendovi","og_description":"Analizom demografskih pokazatelja za podru\u010dje Tuzlanskog kantona, vidljivo je da broj starih lica iz godine u godine raste, dok se ukupan broj stanovnika smanjuje. Bosna i Hercegovina, a samim tim i podru\u010dje Tuzlanskog kantona je u jo\u0161 ve\u0107em riziku od pove\u0107anja procenta zastupljenosti starijih u odnosu na ukupan broj stanovnika i zbog \u010dinjenice da sve [&hellip;]","og_url":"https:\/\/tuzlainfo.ba\/index.php\/novosti\/item\/137314-i-u-tk-prisutni-globalni-negativni-demografski-trendovi\/","og_site_name":"TuzlaInfo.ba","article_publisher":"https:\/\/www.facebook.com\/tuzlainfo.ba\/","article_published_time":"2021-05-11T17:00:17+00:00","og_image":[{"width":770,"height":496,"url":"https:\/\/tuzlainfo.ba\/wp-content\/uploads\/2018\/03\/sadrzaj_2018_20180301_2203_penzioneri.jpg","type":"image\/jpeg"}],"author":"admin2","twitter_card":"summary_large_image","twitter_misc":{"Written by":"admin2","Est. reading time":"2 minute"},"schema":{"@context":"https:\/\/schema.org","@graph":[{"@type":"Article","@id":"https:\/\/tuzlainfo.ba\/index.php\/novosti\/item\/137314-i-u-tk-prisutni-globalni-negativni-demografski-trendovi\/#article","isPartOf":{"@id":"https:\/\/tuzlainfo.ba\/index.php\/novosti\/item\/137314-i-u-tk-prisutni-globalni-negativni-demografski-trendovi\/"},"author":{"name":"admin2","@id":"https:\/\/tuzlainfo.ba\/#\/schema\/person\/f4ebe4fff27e68efb65fa7e18f8af372"},"headline":"I u TK prisutni globalni negativni demografski trendovi","datePublished":"2021-05-11T17:00:17+00:00","mainEntityOfPage":{"@id":"https:\/\/tuzlainfo.ba\/index.php\/novosti\/item\/137314-i-u-tk-prisutni-globalni-negativni-demografski-trendovi\/"},"wordCount":334,"commentCount":0,"publisher":{"@id":"https:\/\/tuzlainfo.ba\/#organization"},"image":{"@id":"https:\/\/tuzlainfo.ba\/index.php\/novosti\/item\/137314-i-u-tk-prisutni-globalni-negativni-demografski-trendovi\/#primaryimage"},"thumbnailUrl":"https:\/\/tuzlainfo.ba\/wp-content\/uploads\/2018\/03\/sadrzaj_2018_20180301_2203_penzioneri.jpg","keywords":["negativni demografski trendovi","tk"],"articleSection":["Novosti"],"inLanguage":"bs-BA","copyrightYear":"2021","copyrightHolder":{"@id":"https:\/\/tuzlainfo.ba\/#organization"}},{"@type":"WebPage","@id":"https:\/\/tuzlainfo.ba\/index.php\/novosti\/item\/137314-i-u-tk-prisutni-globalni-negativni-demografski-trendovi\/","url":"https:\/\/tuzlainfo.ba\/index.php\/novosti\/item\/137314-i-u-tk-prisutni-globalni-negativni-demografski-trendovi\/","name":"I u TK prisutni globalni negativni demografski trendovi","isPartOf":{"@id":"https:\/\/tuzlainfo.ba\/#website"},"primaryImageOfPage":{"@id":"https:\/\/tuzlainfo.ba\/index.php\/novosti\/item\/137314-i-u-tk-prisutni-globalni-negativni-demografski-trendovi\/#primaryimage"},"image":{"@id":"https:\/\/tuzlainfo.ba\/index.php\/novosti\/item\/137314-i-u-tk-prisutni-globalni-negativni-demografski-trendovi\/#primaryimage"},"thumbnailUrl":"https:\/\/tuzlainfo.ba\/wp-content\/uploads\/2018\/03\/sadrzaj_2018_20180301_2203_penzioneri.jpg","datePublished":"2021-05-11T17:00:17+00:00","breadcrumb":{"@id":"https:\/\/tuzlainfo.ba\/index.php\/novosti\/item\/137314-i-u-tk-prisutni-globalni-negativni-demografski-trendovi\/#breadcrumb"},"inLanguage":"bs-BA","potentialAction":[{"@type":"ReadAction","target":["https:\/\/tuzlainfo.ba\/index.php\/novosti\/item\/137314-i-u-tk-prisutni-globalni-negativni-demografski-trendovi\/"]}]},{"@type":"ImageObject","inLanguage":"bs-BA","@id":"https:\/\/tuzlainfo.ba\/index.php\/novosti\/item\/137314-i-u-tk-prisutni-globalni-negativni-demografski-trendovi\/#primaryimage","url":"https:\/\/tuzlainfo.ba\/wp-content\/uploads\/2018\/03\/sadrzaj_2018_20180301_2203_penzioneri.jpg","contentUrl":"https:\/\/tuzlainfo.ba\/wp-content\/uploads\/2018\/03\/sadrzaj_2018_20180301_2203_penzioneri.jpg","width":770,"height":496,"caption":"2203 penzioneri"},{"@type":"BreadcrumbList","@id":"https:\/\/tuzlainfo.ba\/index.php\/novosti\/item\/137314-i-u-tk-prisutni-globalni-negativni-demografski-trendovi\/#breadcrumb","itemListElement":[{"@type":"ListItem","position":1,"name":"Home","item":"https:\/\/tuzlainfo.ba\/"},{"@type":"ListItem","position":2,"name":"I u TK prisutni globalni negativni demografski trendovi"}]},{"@type":"WebSite","@id":"https:\/\/tuzlainfo.ba\/#website","url":"https:\/\/tuzlainfo.ba\/","name":"TuzlaInfo.ba","description":"Tuzla info, gradski informator - Tuzla na dlanu","publisher":{"@id":"https:\/\/tuzlainfo.ba\/#organization"},"potentialAction":[{"@type":"SearchAction","target":{"@type":"EntryPoint","urlTemplate":"https:\/\/tuzlainfo.ba\/?s={search_term_string}"},"query-input":{"@type":"PropertyValueSpecification","valueRequired":true,"valueName":"search_term_string"}}],"inLanguage":"bs-BA"},{"@type":"Organization","@id":"https:\/\/tuzlainfo.ba\/#organization","name":"TuzlaInfo.ba","url":"https:\/\/tuzlainfo.ba\/","logo":{"@type":"ImageObject","inLanguage":"bs-BA","@id":"https:\/\/tuzlainfo.ba\/#\/schema\/logo\/image\/","url":"https:\/\/tuzlainfo.ba\/wp-content\/uploads\/2021\/03\/logo-ver-3-1.png","contentUrl":"https:\/\/tuzlainfo.ba\/wp-content\/uploads\/2021\/03\/logo-ver-3-1.png","width":350,"height":95,"caption":"TuzlaInfo.ba"},"image":{"@id":"https:\/\/tuzlainfo.ba\/#\/schema\/logo\/image\/"},"sameAs":["https:\/\/www.facebook.com\/tuzlainfo.ba\/"]},{"@type":"Person","@id":"https:\/\/tuzlainfo.ba\/#\/schema\/person\/f4ebe4fff27e68efb65fa7e18f8af372","name":"admin2","image":{"@type":"ImageObject","inLanguage":"bs-BA","@id":"https:\/\/secure.gravatar.com\/avatar\/6474d9b45292367fa11d981175d83642ccdae059a6b7eabe5fed313d54ead5cb?s=96&d=mm&r=g","url":"https:\/\/secure.gravatar.com\/avatar\/6474d9b45292367fa11d981175d83642ccdae059a6b7eabe5fed313d54ead5cb?s=96&d=mm&r=g","contentUrl":"https:\/\/secure.gravatar.com\/avatar\/6474d9b45292367fa11d981175d83642ccdae059a6b7eabe5fed313d54ead5cb?s=96&d=mm&r=g","caption":"admin2"},"description":"Tuzlainfo.ba pratite na dru\u0161tvenim mre\u017eama: Facebook, Instagram i Youtube. Svoje pri\u010de, upite i fotografije \u0161aljite na na\u0161u e-mail adresu.","sameAs":["admin"]}]}},"_links":{"self":[{"href":"https:\/\/tuzlainfo.ba\/index.php\/wp-json\/wp\/v2\/posts\/137314","targetHints":{"allow":["GET"]}}],"collection":[{"href":"https:\/\/tuzlainfo.ba\/index.php\/wp-json\/wp\/v2\/posts"}],"about":[{"href":"https:\/\/tuzlainfo.ba\/index.php\/wp-json\/wp\/v2\/types\/post"}],"author":[{"embeddable":true,"href":"https:\/\/tuzlainfo.ba\/index.php\/wp-json\/wp\/v2\/users\/3"}],"replies":[{"embeddable":true,"href":"https:\/\/tuzlainfo.ba\/index.php\/wp-json\/wp\/v2\/comments?post=137314"}],"version-history":[{"count":0,"href":"https:\/\/tuzlainfo.ba\/index.php\/wp-json\/wp\/v2\/posts\/137314\/revisions"}],"wp:featuredmedia":[{"embeddable":true,"href":"https:\/\/tuzlainfo.ba\/index.php\/wp-json\/wp\/v2\/media\/61072"}],"wp:attachment":[{"href":"https:\/\/tuzlainfo.ba\/index.php\/wp-json\/wp\/v2\/media?parent=137314"}],"wp:term":[{"taxonomy":"category","embeddable":true,"href":"https:\/\/tuzlainfo.ba\/index.php\/wp-json\/wp\/v2\/categories?post=137314"},{"taxonomy":"post_tag","embeddable":true,"href":"https:\/\/tuzlainfo.ba\/index.php\/wp-json\/wp\/v2\/tags?post=137314"}],"curies":[{"name":"wp","href":"https:\/\/api.w.org\/{rel}","templated":true}]}}