{"id":136835,"date":"2021-05-05T16:49:10","date_gmt":"2021-05-05T14:49:10","guid":{"rendered":"https:\/\/tuzlainfo.ba\/?p=136835"},"modified":"2021-05-06T10:54:52","modified_gmt":"2021-05-06T08:54:52","slug":"aktivirana-web-platforma-za-prijavljivanje-za-vakcinaciju-u-tuzlanskom-kantonu","status":"publish","type":"post","link":"https:\/\/tuzlainfo.ba\/index.php\/novosti\/item\/136835-aktivirana-web-platforma-za-prijavljivanje-za-vakcinaciju-u-tuzlanskom-kantonu\/","title":{"rendered":"Aktivirana web platforma za prijavljivanje za vakcinaciju u Tuzlanskom kantonu"},"content":{"rendered":"<p>Web platforma koja olak\u0161ava proces prijavljivanja gra\u0111ana sa podru\u010dja Tuzlanskog kantona za vakcinaciju protiv Covid 19 pu\u0161tena je danas u rad i tim povodom je u Zavodu za javno zdravstvo TK konferencija za medije.<\/p>\n<p>Prijava za vakcinaciju potem online platforme obuhvata obavezan unos imena, prezimena, mati\u010dnog broja i broja telefona uz opciju unosa e-mail adrese. Nakon unosa podataka prijavljena osoba dobija obavijest putem viber aplikacije ili SMS-a da je registracija za vakcinaciju uspje\u0161no obavljena.<\/p>\n<p>\u201eOva platforma je zami\u0161ljena kao pomo\u0107 i veoma bitan alat u prijavljivanju \u0161to ve\u0107eg broja stanovnika TK za vakcinaciju protiv Covid 19 i slu\u017ei kao jedan olak\u0161ani mehanizam&#8221;, kazao je ovom prigodom ministar zdravstva TK Bo\u017eo Juri\u0107 naglasiv\u0161i da je prijava omogu\u0107ena \u201ene samo osiguranicima, dakle osobama koje su osigurane, nego i neosiguranim osobama koji su nastanjeni na teritoriju TK&#8221;.<\/p>\n<p>Rije\u010d je o timskom radu Ministarstva zdravstva Tuzlanskog kantona, Zavoda za javno zdravstvo TK, Zavoda zdravstvenog osiguranja TK i Univerzitetsko klini\u010dkog centra Tuzla i besplatnom softverskom rje\u0161enju firme Berg d.o.o. Sarajevo.<\/p>\n<p>\u201eVe\u0107 sat vremena nakon \u0161to smo aktivirali platformu na na\u0161oj web stranici imali smo 600 prijava, bez ikakve promocije&#8221;, kazala je direktorica ZJZ TK Majda Sarihod\u017ei\u0107.<\/p>\n<p>Ovom je prilikom istaknuto da platforma ne slu\u017ei samo za prijavu nego i za dalji menad\u017ement prijavljenih aplikanata u toku same vakcinacije i dalje izdavanja dokumentacije o vakcinaciji.<\/p>\n<p>\u201eOva platforma je povezana sa Zavodom zdravstvenom osiguranja TK na na\u010din da se svaka prijava za vakcinaciju proslje\u0111uje te se provjerava status prijavljenih, a onda se prijavljeni putem aplikacije usmjeravaju odgovaraju\u0107im timovima porodi\u010dne medicine i dobne skupine. Timovi porodi\u010dne medicine \u0107e onda pozivati prijavljene u zavosnosti od toga kojoj grupi prioriteta pripadaju&#8221; rekao je direktor ZZO TK Denis Husi\u0107.<\/p>\n<p>Budu\u0107i da pojedini gra\u0111ani ne koriste on line alate i ne slu\u017ee se ra\u010dunarskom tehnoligijom omogu\u0107ena je i prijava na druge na\u010dine, telefonskim putem ili putem timova porodi\u010dne medicine.<\/p>\n<p>Prijavu online putem mo\u017eete<a href=\"https:\/\/vakcine-tk.ezoblak.net\/\"><span style=\"color: #ff0000;\"><strong> uraditi OVDJE<\/strong><\/span><\/a>.<\/p>\n","protected":false},"excerpt":{"rendered":"<p>Web platforma koja olak\u0161ava proces prijavljivanja gra\u0111ana sa podru\u010dja Tuzlanskog kantona za vakcinaciju protiv Covid&hellip;<\/p>\n","protected":false},"author":2,"featured_media":136836,"comment_status":"open","ping_status":"closed","sticky":false,"template":"","format":"standard","meta":{"_acf_changed":false,"footnotes":""},"categories":[304,12,306],"tags":[1016,366,1017,1018],"acf":[],"yoast_head":"<!-- This site is optimized with the Yoast SEO plugin v23.5 - https:\/\/yoast.com\/wordpress\/plugins\/seo\/ -->\n<title>Aktivirana web platforma za prijavljivanje za vakcinaciju u Tuzlanskom kantonu - TuzlaInfo.ba<\/title>\n<meta name=\"robots\" content=\"index, follow, max-snippet:-1, max-image-preview:large, max-video-preview:-1\" \/>\n<link rel=\"canonical\" href=\"https:\/\/tuzlainfo.ba\/index.php\/novosti\/item\/136835-aktivirana-web-platforma-za-prijavljivanje-za-vakcinaciju-u-tuzlanskom-kantonu\/\" \/>\n<meta property=\"og:locale\" content=\"bs_BA\" \/>\n<meta property=\"og:type\" content=\"article\" \/>\n<meta property=\"og:title\" content=\"Aktivirana web platforma za prijavljivanje za vakcinaciju u Tuzlanskom kantonu - TuzlaInfo.ba\" \/>\n<meta property=\"og:description\" content=\"Web platforma koja olak\u0161ava proces prijavljivanja gra\u0111ana sa podru\u010dja Tuzlanskog kantona za vakcinaciju protiv Covid&hellip;\" \/>\n<meta property=\"og:url\" content=\"https:\/\/tuzlainfo.ba\/index.php\/novosti\/item\/136835-aktivirana-web-platforma-za-prijavljivanje-za-vakcinaciju-u-tuzlanskom-kantonu\/\" \/>\n<meta property=\"og:site_name\" content=\"TuzlaInfo.ba\" \/>\n<meta property=\"article:publisher\" content=\"https:\/\/www.facebook.com\/tuzlainfo.ba\/\" \/>\n<meta property=\"article:published_time\" content=\"2021-05-05T14:49:10+00:00\" \/>\n<meta property=\"article:modified_time\" content=\"2021-05-06T08:54:52+00:00\" \/>\n<meta property=\"og:image\" content=\"https:\/\/tuzlainfo.ba\/wp-content\/uploads\/2021\/05\/0505_platforma_vakcinacija.jpg\" \/>\n\t<meta property=\"og:image:width\" content=\"800\" \/>\n\t<meta property=\"og:image:height\" content=\"600\" \/>\n\t<meta property=\"og:image:type\" content=\"image\/jpeg\" \/>\n<meta name=\"author\" content=\"nedim\" \/>\n<meta name=\"twitter:card\" content=\"summary_large_image\" \/>\n<meta name=\"twitter:label1\" content=\"Written by\" \/>\n\t<meta name=\"twitter:data1\" content=\"nedim\" \/>\n\t<meta name=\"twitter:label2\" content=\"Est. reading time\" \/>\n\t<meta name=\"twitter:data2\" content=\"2 minute\" \/>\n<script type=\"application\/ld+json\" class=\"yoast-schema-graph\">{\"@context\":\"https:\/\/schema.org\",\"@graph\":[{\"@type\":\"Article\",\"@id\":\"https:\/\/tuzlainfo.ba\/index.php\/novosti\/item\/136835-aktivirana-web-platforma-za-prijavljivanje-za-vakcinaciju-u-tuzlanskom-kantonu\/#article\",\"isPartOf\":{\"@id\":\"https:\/\/tuzlainfo.ba\/index.php\/novosti\/item\/136835-aktivirana-web-platforma-za-prijavljivanje-za-vakcinaciju-u-tuzlanskom-kantonu\/\"},\"author\":{\"name\":\"nedim\",\"@id\":\"https:\/\/tuzlainfo.ba\/#\/schema\/person\/f434e20dc27ea133923aab08451b7f7f\"},\"headline\":\"Aktivirana web platforma za prijavljivanje za vakcinaciju u Tuzlanskom kantonu\",\"datePublished\":\"2021-05-05T14:49:10+00:00\",\"dateModified\":\"2021-05-06T08:54:52+00:00\",\"mainEntityOfPage\":{\"@id\":\"https:\/\/tuzlainfo.ba\/index.php\/novosti\/item\/136835-aktivirana-web-platforma-za-prijavljivanje-za-vakcinaciju-u-tuzlanskom-kantonu\/\"},\"wordCount\":354,\"commentCount\":0,\"publisher\":{\"@id\":\"https:\/\/tuzlainfo.ba\/#organization\"},\"image\":{\"@id\":\"https:\/\/tuzlainfo.ba\/index.php\/novosti\/item\/136835-aktivirana-web-platforma-za-prijavljivanje-za-vakcinaciju-u-tuzlanskom-kantonu\/#primaryimage\"},\"thumbnailUrl\":\"https:\/\/tuzlainfo.ba\/wp-content\/uploads\/2021\/05\/0505_platforma_vakcinacija.jpg\",\"keywords\":[\"prijava za vakcinaciju\",\"vakcinacija\",\"vakcinacija tuzla\",\"vakcinacinacija tk\"],\"articleSection\":[\"Istaknuto\",\"Novosti\",\"Preporu\u010dujemo\"],\"inLanguage\":\"bs-BA\"},{\"@type\":\"WebPage\",\"@id\":\"https:\/\/tuzlainfo.ba\/index.php\/novosti\/item\/136835-aktivirana-web-platforma-za-prijavljivanje-za-vakcinaciju-u-tuzlanskom-kantonu\/\",\"url\":\"https:\/\/tuzlainfo.ba\/index.php\/novosti\/item\/136835-aktivirana-web-platforma-za-prijavljivanje-za-vakcinaciju-u-tuzlanskom-kantonu\/\",\"name\":\"Aktivirana web platforma za prijavljivanje za vakcinaciju u Tuzlanskom kantonu - TuzlaInfo.ba\",\"isPartOf\":{\"@id\":\"https:\/\/tuzlainfo.ba\/#website\"},\"primaryImageOfPage\":{\"@id\":\"https:\/\/tuzlainfo.ba\/index.php\/novosti\/item\/136835-aktivirana-web-platforma-za-prijavljivanje-za-vakcinaciju-u-tuzlanskom-kantonu\/#primaryimage\"},\"image\":{\"@id\":\"https:\/\/tuzlainfo.ba\/index.php\/novosti\/item\/136835-aktivirana-web-platforma-za-prijavljivanje-za-vakcinaciju-u-tuzlanskom-kantonu\/#primaryimage\"},\"thumbnailUrl\":\"https:\/\/tuzlainfo.ba\/wp-content\/uploads\/2021\/05\/0505_platforma_vakcinacija.jpg\",\"datePublished\":\"2021-05-05T14:49:10+00:00\",\"dateModified\":\"2021-05-06T08:54:52+00:00\",\"breadcrumb\":{\"@id\":\"https:\/\/tuzlainfo.ba\/index.php\/novosti\/item\/136835-aktivirana-web-platforma-za-prijavljivanje-za-vakcinaciju-u-tuzlanskom-kantonu\/#breadcrumb\"},\"inLanguage\":\"bs-BA\",\"potentialAction\":[{\"@type\":\"ReadAction\",\"target\":[\"https:\/\/tuzlainfo.ba\/index.php\/novosti\/item\/136835-aktivirana-web-platforma-za-prijavljivanje-za-vakcinaciju-u-tuzlanskom-kantonu\/\"]}]},{\"@type\":\"ImageObject\",\"inLanguage\":\"bs-BA\",\"@id\":\"https:\/\/tuzlainfo.ba\/index.php\/novosti\/item\/136835-aktivirana-web-platforma-za-prijavljivanje-za-vakcinaciju-u-tuzlanskom-kantonu\/#primaryimage\",\"url\":\"https:\/\/tuzlainfo.ba\/wp-content\/uploads\/2021\/05\/0505_platforma_vakcinacija.jpg\",\"contentUrl\":\"https:\/\/tuzlainfo.ba\/wp-content\/uploads\/2021\/05\/0505_platforma_vakcinacija.jpg\",\"width\":800,\"height\":600},{\"@type\":\"BreadcrumbList\",\"@id\":\"https:\/\/tuzlainfo.ba\/index.php\/novosti\/item\/136835-aktivirana-web-platforma-za-prijavljivanje-za-vakcinaciju-u-tuzlanskom-kantonu\/#breadcrumb\",\"itemListElement\":[{\"@type\":\"ListItem\",\"position\":1,\"name\":\"Home\",\"item\":\"https:\/\/tuzlainfo.ba\/\"},{\"@type\":\"ListItem\",\"position\":2,\"name\":\"Aktivirana web platforma za prijavljivanje za vakcinaciju u Tuzlanskom kantonu\"}]},{\"@type\":\"WebSite\",\"@id\":\"https:\/\/tuzlainfo.ba\/#website\",\"url\":\"https:\/\/tuzlainfo.ba\/\",\"name\":\"TuzlaInfo.ba\",\"description\":\"Tuzla info, gradski informator - Tuzla na dlanu\",\"publisher\":{\"@id\":\"https:\/\/tuzlainfo.ba\/#organization\"},\"potentialAction\":[{\"@type\":\"SearchAction\",\"target\":{\"@type\":\"EntryPoint\",\"urlTemplate\":\"https:\/\/tuzlainfo.ba\/?s={search_term_string}\"},\"query-input\":{\"@type\":\"PropertyValueSpecification\",\"valueRequired\":true,\"valueName\":\"search_term_string\"}}],\"inLanguage\":\"bs-BA\"},{\"@type\":\"Organization\",\"@id\":\"https:\/\/tuzlainfo.ba\/#organization\",\"name\":\"TuzlaInfo.ba\",\"url\":\"https:\/\/tuzlainfo.ba\/\",\"logo\":{\"@type\":\"ImageObject\",\"inLanguage\":\"bs-BA\",\"@id\":\"https:\/\/tuzlainfo.ba\/#\/schema\/logo\/image\/\",\"url\":\"https:\/\/tuzlainfo.ba\/wp-content\/uploads\/2021\/03\/logo-ver-3-1.png\",\"contentUrl\":\"https:\/\/tuzlainfo.ba\/wp-content\/uploads\/2021\/03\/logo-ver-3-1.png\",\"width\":350,\"height\":95,\"caption\":\"TuzlaInfo.ba\"},\"image\":{\"@id\":\"https:\/\/tuzlainfo.ba\/#\/schema\/logo\/image\/\"},\"sameAs\":[\"https:\/\/www.facebook.com\/tuzlainfo.ba\/\"]},{\"@type\":\"Person\",\"@id\":\"https:\/\/tuzlainfo.ba\/#\/schema\/person\/f434e20dc27ea133923aab08451b7f7f\",\"name\":\"nedim\",\"image\":{\"@type\":\"ImageObject\",\"inLanguage\":\"bs-BA\",\"@id\":\"https:\/\/tuzlainfo.ba\/#\/schema\/person\/image\/\",\"url\":\"https:\/\/tuzlainfo.ba\/wp-content\/litespeed\/avatar\/aabad687af24844af817603ac1cbdc4f.jpg?ver=1776702173\",\"contentUrl\":\"https:\/\/tuzlainfo.ba\/wp-content\/litespeed\/avatar\/aabad687af24844af817603ac1cbdc4f.jpg?ver=1776702173\",\"caption\":\"nedim\"},\"description\":\"Tuzlainfo.ba pratite na dru\u0161tvenim mre\u017eama: Facebook, Instagram i Youtube. Svoje pri\u010de, upite i fotografije \u0161aljite na na\u0161u e-mail adresu.\"}]}<\/script>\n<!-- \/ Yoast SEO plugin. -->","yoast_head_json":{"title":"Aktivirana web platforma za prijavljivanje za vakcinaciju u Tuzlanskom kantonu - TuzlaInfo.ba","robots":{"index":"index","follow":"follow","max-snippet":"max-snippet:-1","max-image-preview":"max-image-preview:large","max-video-preview":"max-video-preview:-1"},"canonical":"https:\/\/tuzlainfo.ba\/index.php\/novosti\/item\/136835-aktivirana-web-platforma-za-prijavljivanje-za-vakcinaciju-u-tuzlanskom-kantonu\/","og_locale":"bs_BA","og_type":"article","og_title":"Aktivirana web platforma za prijavljivanje za vakcinaciju u Tuzlanskom kantonu - TuzlaInfo.ba","og_description":"Web platforma koja olak\u0161ava proces prijavljivanja gra\u0111ana sa podru\u010dja Tuzlanskog kantona za vakcinaciju protiv Covid&hellip;","og_url":"https:\/\/tuzlainfo.ba\/index.php\/novosti\/item\/136835-aktivirana-web-platforma-za-prijavljivanje-za-vakcinaciju-u-tuzlanskom-kantonu\/","og_site_name":"TuzlaInfo.ba","article_publisher":"https:\/\/www.facebook.com\/tuzlainfo.ba\/","article_published_time":"2021-05-05T14:49:10+00:00","article_modified_time":"2021-05-06T08:54:52+00:00","og_image":[{"width":800,"height":600,"url":"https:\/\/tuzlainfo.ba\/wp-content\/uploads\/2021\/05\/0505_platforma_vakcinacija.jpg","type":"image\/jpeg"}],"author":"nedim","twitter_card":"summary_large_image","twitter_misc":{"Written by":"nedim","Est. reading time":"2 minute"},"schema":{"@context":"https:\/\/schema.org","@graph":[{"@type":"Article","@id":"https:\/\/tuzlainfo.ba\/index.php\/novosti\/item\/136835-aktivirana-web-platforma-za-prijavljivanje-za-vakcinaciju-u-tuzlanskom-kantonu\/#article","isPartOf":{"@id":"https:\/\/tuzlainfo.ba\/index.php\/novosti\/item\/136835-aktivirana-web-platforma-za-prijavljivanje-za-vakcinaciju-u-tuzlanskom-kantonu\/"},"author":{"name":"nedim","@id":"https:\/\/tuzlainfo.ba\/#\/schema\/person\/f434e20dc27ea133923aab08451b7f7f"},"headline":"Aktivirana web platforma za prijavljivanje za vakcinaciju u Tuzlanskom kantonu","datePublished":"2021-05-05T14:49:10+00:00","dateModified":"2021-05-06T08:54:52+00:00","mainEntityOfPage":{"@id":"https:\/\/tuzlainfo.ba\/index.php\/novosti\/item\/136835-aktivirana-web-platforma-za-prijavljivanje-za-vakcinaciju-u-tuzlanskom-kantonu\/"},"wordCount":354,"commentCount":0,"publisher":{"@id":"https:\/\/tuzlainfo.ba\/#organization"},"image":{"@id":"https:\/\/tuzlainfo.ba\/index.php\/novosti\/item\/136835-aktivirana-web-platforma-za-prijavljivanje-za-vakcinaciju-u-tuzlanskom-kantonu\/#primaryimage"},"thumbnailUrl":"https:\/\/tuzlainfo.ba\/wp-content\/uploads\/2021\/05\/0505_platforma_vakcinacija.jpg","keywords":["prijava za vakcinaciju","vakcinacija","vakcinacija tuzla","vakcinacinacija tk"],"articleSection":["Istaknuto","Novosti","Preporu\u010dujemo"],"inLanguage":"bs-BA"},{"@type":"WebPage","@id":"https:\/\/tuzlainfo.ba\/index.php\/novosti\/item\/136835-aktivirana-web-platforma-za-prijavljivanje-za-vakcinaciju-u-tuzlanskom-kantonu\/","url":"https:\/\/tuzlainfo.ba\/index.php\/novosti\/item\/136835-aktivirana-web-platforma-za-prijavljivanje-za-vakcinaciju-u-tuzlanskom-kantonu\/","name":"Aktivirana web platforma za prijavljivanje za vakcinaciju u Tuzlanskom kantonu - TuzlaInfo.ba","isPartOf":{"@id":"https:\/\/tuzlainfo.ba\/#website"},"primaryImageOfPage":{"@id":"https:\/\/tuzlainfo.ba\/index.php\/novosti\/item\/136835-aktivirana-web-platforma-za-prijavljivanje-za-vakcinaciju-u-tuzlanskom-kantonu\/#primaryimage"},"image":{"@id":"https:\/\/tuzlainfo.ba\/index.php\/novosti\/item\/136835-aktivirana-web-platforma-za-prijavljivanje-za-vakcinaciju-u-tuzlanskom-kantonu\/#primaryimage"},"thumbnailUrl":"https:\/\/tuzlainfo.ba\/wp-content\/uploads\/2021\/05\/0505_platforma_vakcinacija.jpg","datePublished":"2021-05-05T14:49:10+00:00","dateModified":"2021-05-06T08:54:52+00:00","breadcrumb":{"@id":"https:\/\/tuzlainfo.ba\/index.php\/novosti\/item\/136835-aktivirana-web-platforma-za-prijavljivanje-za-vakcinaciju-u-tuzlanskom-kantonu\/#breadcrumb"},"inLanguage":"bs-BA","potentialAction":[{"@type":"ReadAction","target":["https:\/\/tuzlainfo.ba\/index.php\/novosti\/item\/136835-aktivirana-web-platforma-za-prijavljivanje-za-vakcinaciju-u-tuzlanskom-kantonu\/"]}]},{"@type":"ImageObject","inLanguage":"bs-BA","@id":"https:\/\/tuzlainfo.ba\/index.php\/novosti\/item\/136835-aktivirana-web-platforma-za-prijavljivanje-za-vakcinaciju-u-tuzlanskom-kantonu\/#primaryimage","url":"https:\/\/tuzlainfo.ba\/wp-content\/uploads\/2021\/05\/0505_platforma_vakcinacija.jpg","contentUrl":"https:\/\/tuzlainfo.ba\/wp-content\/uploads\/2021\/05\/0505_platforma_vakcinacija.jpg","width":800,"height":600},{"@type":"BreadcrumbList","@id":"https:\/\/tuzlainfo.ba\/index.php\/novosti\/item\/136835-aktivirana-web-platforma-za-prijavljivanje-za-vakcinaciju-u-tuzlanskom-kantonu\/#breadcrumb","itemListElement":[{"@type":"ListItem","position":1,"name":"Home","item":"https:\/\/tuzlainfo.ba\/"},{"@type":"ListItem","position":2,"name":"Aktivirana web platforma za prijavljivanje za vakcinaciju u Tuzlanskom kantonu"}]},{"@type":"WebSite","@id":"https:\/\/tuzlainfo.ba\/#website","url":"https:\/\/tuzlainfo.ba\/","name":"TuzlaInfo.ba","description":"Tuzla info, gradski informator - Tuzla na dlanu","publisher":{"@id":"https:\/\/tuzlainfo.ba\/#organization"},"potentialAction":[{"@type":"SearchAction","target":{"@type":"EntryPoint","urlTemplate":"https:\/\/tuzlainfo.ba\/?s={search_term_string}"},"query-input":{"@type":"PropertyValueSpecification","valueRequired":true,"valueName":"search_term_string"}}],"inLanguage":"bs-BA"},{"@type":"Organization","@id":"https:\/\/tuzlainfo.ba\/#organization","name":"TuzlaInfo.ba","url":"https:\/\/tuzlainfo.ba\/","logo":{"@type":"ImageObject","inLanguage":"bs-BA","@id":"https:\/\/tuzlainfo.ba\/#\/schema\/logo\/image\/","url":"https:\/\/tuzlainfo.ba\/wp-content\/uploads\/2021\/03\/logo-ver-3-1.png","contentUrl":"https:\/\/tuzlainfo.ba\/wp-content\/uploads\/2021\/03\/logo-ver-3-1.png","width":350,"height":95,"caption":"TuzlaInfo.ba"},"image":{"@id":"https:\/\/tuzlainfo.ba\/#\/schema\/logo\/image\/"},"sameAs":["https:\/\/www.facebook.com\/tuzlainfo.ba\/"]},{"@type":"Person","@id":"https:\/\/tuzlainfo.ba\/#\/schema\/person\/f434e20dc27ea133923aab08451b7f7f","name":"nedim","image":{"@type":"ImageObject","inLanguage":"bs-BA","@id":"https:\/\/tuzlainfo.ba\/#\/schema\/person\/image\/","url":"https:\/\/tuzlainfo.ba\/wp-content\/litespeed\/avatar\/aabad687af24844af817603ac1cbdc4f.jpg?ver=1776702173","contentUrl":"https:\/\/tuzlainfo.ba\/wp-content\/litespeed\/avatar\/aabad687af24844af817603ac1cbdc4f.jpg?ver=1776702173","caption":"nedim"},"description":"Tuzlainfo.ba pratite na dru\u0161tvenim mre\u017eama: Facebook, Instagram i Youtube. Svoje pri\u010de, upite i fotografije \u0161aljite na na\u0161u e-mail adresu."}]}},"_links":{"self":[{"href":"https:\/\/tuzlainfo.ba\/index.php\/wp-json\/wp\/v2\/posts\/136835"}],"collection":[{"href":"https:\/\/tuzlainfo.ba\/index.php\/wp-json\/wp\/v2\/posts"}],"about":[{"href":"https:\/\/tuzlainfo.ba\/index.php\/wp-json\/wp\/v2\/types\/post"}],"author":[{"embeddable":true,"href":"https:\/\/tuzlainfo.ba\/index.php\/wp-json\/wp\/v2\/users\/2"}],"replies":[{"embeddable":true,"href":"https:\/\/tuzlainfo.ba\/index.php\/wp-json\/wp\/v2\/comments?post=136835"}],"version-history":[{"count":0,"href":"https:\/\/tuzlainfo.ba\/index.php\/wp-json\/wp\/v2\/posts\/136835\/revisions"}],"wp:featuredmedia":[{"embeddable":true,"href":"https:\/\/tuzlainfo.ba\/index.php\/wp-json\/wp\/v2\/media\/136836"}],"wp:attachment":[{"href":"https:\/\/tuzlainfo.ba\/index.php\/wp-json\/wp\/v2\/media?parent=136835"}],"wp:term":[{"taxonomy":"category","embeddable":true,"href":"https:\/\/tuzlainfo.ba\/index.php\/wp-json\/wp\/v2\/categories?post=136835"},{"taxonomy":"post_tag","embeddable":true,"href":"https:\/\/tuzlainfo.ba\/index.php\/wp-json\/wp\/v2\/tags?post=136835"}],"curies":[{"name":"wp","href":"https:\/\/api.w.org\/{rel}","templated":true}]}}