{"id":136797,"date":"2021-05-05T10:25:32","date_gmt":"2021-05-05T08:25:32","guid":{"rendered":"https:\/\/tuzlainfo.ba\/?p=136797"},"modified":"2021-05-05T09:01:20","modified_gmt":"2021-05-05T07:01:20","slug":"enver-bijedic-o-ujedinjenju-pet-stranaka-projekat-je-inicirao-zeljko-komsic","status":"publish","type":"post","link":"https:\/\/tuzlainfo.ba\/index.php\/novosti\/item\/136797-enver-bijedic-o-ujedinjenju-pet-stranaka-projekat-je-inicirao-zeljko-komsic\/","title":{"rendered":"Enver BIjedi\u0107 o ujedinjenju pet stranaka: Projekat je inicirao \u017deljko Kom\u0161i\u0107"},"content":{"rendered":"<p>Enver Bijedi\u0107, predsjednik Socijaldemokrata BiH, za Mre\u017eu Federalne TV je govorio ko je inicirao formiranje novog politi\u010dkog bloka u BiH? Ho\u0107e li petorka DF, SD, SPD, Platforma za progres i GS nestati nakon nastanka novog politi\u010dkog GRA\u0110ANSKOG BLOKA. Ko \u0107e biti lider, jedan ili svi? Ho\u0107e li koalirati sa nacionalnim strankama i s kim sigurno ne\u0107e biti partneri, je li im jedini cilj, kao sarajevskoj i RS-ovoj opozicionoj trojci, sa politi\u010dke sceni skinuti SDA i SNSD?<\/p>\n<p>Za po\u010detak, ka\u017ee da je prije dva mjeseca dobio pismo od \u017deljka Kom\u0161i\u0107a za inicijativni sastanak u prostorijama DF-a.<\/p>\n<p>&#8220;Pozvani su Socijaldemokrate, Platforma za progres, Gra\u0111anski savez i SPD. Tada smo razgovarali o tome da li ima namjere da se zajedni\u010dki djeluje na izborima idu\u0107e godine. I namjere ima. Nai\u0161li smo na konsenzus da su svi za to, ali da formu u kojoj \u0107emo zajedno djelovati tek trebamo utvrditi. Nastavljeni su pregovori u smislu zajedni\u010dkog djelovanja i da se do\u0111e do kona\u010dne forme kako \u0107e to izgledati. Tu ima vi\u0161e modela. Prvi je da se ujedinimo u jedan politi\u010dki subjekt koji \u0107e imati novo ime, \u010diji \u0107e \u010dlanovi biti \u010dlanovi svih ovih pet dosada\u0161njih subjekata. Drugi je da se pravi neka vrsta koalicije gdje bi se predizborni koalicioni sporazum definisao. Tre\u0107i oblik je da svako nastupa za sebe pa da se onda to objedini na jedan, itd. Svi ti modeli imaju svoje prednosti i mane.&#8221;<\/p>\n<p>Navodi da su najbli\u017ei tome da se napravi novi politi\u010dki subjekt i da bi se postoje\u0107i subjekti ugasili.<\/p>\n<p>&#8220;Prije svega, nismo razgovarali ko \u0107e biti na \u010delu toga. Tu ima dosta kvalitetnih rje\u0161enja, ljudi koji imaju i politi\u010dko i \u017eivotno iskustvo. Ima vi\u0161e ljudi koji bi u svakom slu\u010daju mogli da zadovolje tu stvar. Ne vjerujem da te liderske pozicije mogu biti kamen spoticanja jer ova ideja oko pravljenja jednog velikog subjekta koji \u0107e biti nezaobilazan faktor na izborima 2022. Mi ako napravimo tu jednu veliku, sna\u017enu opciju, ona \u0107e biti nezaobilazan faktor idu\u0107e godine i bez na\u0161eg u\u010de\u0161\u0107a se ne\u0107e mo\u0107i kreirati nikakvi politi\u010dki procesi u ovom dijelu. Ni u Federaciji ni u dr\u017eavi. To bi trebalo da bude jedan sna\u017ean politi\u010dki faktor koji bi trebao da kreira politi\u010dku relnost na ovom dijelu. Kom\u0161i\u0107 je rekao odmah na po\u010detku evo, ja ne\u0107u biti predsjednik.&#8221;<\/p>\n<p>Bijedi\u0107 isti\u010de da je su\u0161tina da na\u0111u minimum dogovora oko politi\u010dkog djelovanja.<\/p>\n<p>&#8220;Tu imate i stranke centra i stranke ljevice. Zna\u010di ovo ne\u0107e biti krupna ljevica. Politi\u010dka orjentacija Platforme za progres je centar. I tu treba na\u0107i taj minimum oko \u010dega se mo\u017ee dogovoriti.&#8221;<\/p>\n<p>Svako ko je za cjelovitu, jedinstvenu, nedjeljivu dr\u017eavu BiH je na\u0161 potencijalni koalicioni partner<\/p>\n<p>Ka\u017ee da je njegov prijedlog bio da se gra\u0111anski blok zove SPD.<\/p>\n<p>&#8220;To uop\u0161te nije zvani\u010dan prijedlog. Ja sam nakon sastnak rekao neka se zove SPD. Ali ne Socijalna pravda i demokratija nego Socijalni progres i demokratija.&#8221;<\/p>\n<p>Na pitanje \u0161ta je cilj ujedinjenja ovih stranaka u gra\u0111anski blok odgovara: &#8220;Svjesni smo da je BiH u dubokoj krizi. Imamo prije svega zdravstvenu krizu, ekonomsku, privrednu, ustavnu krizu gdje ljudi negiraju Ustav BiH i za to niko ne snosi nikakve posljedice. Pa imate i pravosudnu krizu gdje najve\u0107i problemi dolaze iz segmenta pravosu\u0111a gdje se neke stvari subjektivno rje\u0161avaju. I mi kao odgovorni politi\u010dari iz ovih pet politi\u010dkih subjekata smo rekli da bi ovo trebao da bude odgovor na tu krizu. Zna\u010di formiranjemi pravljenje jednog jakog bi trebao da bude balans u formiranju svake vlasti nakon izbora idu\u0107e godine. Taj \u010detvrti stub, gra\u0111anski stub, koji bi trebao da bude dio vlasti idu\u0107e godine, bi mogao da bude balans izme\u0111u nacionalnih politika koje nisu sve iste. Mi ovdje u BiH imamo tri etnonacionalne politike ali zaista nisu sve iste. Ne mo\u017ee se govoriti da isto gledaju dr\u017eavu BiH i jedni i drugi i tre\u0107i. \u0160to se ti\u010de kriminala, korupcije, nepotizma, svi su isti. I SDA i SNSD i HDZ. Potpuno. Me\u0111utim, \u0161to se ti\u010de odnosa prema dr\u017eavi, cjelovitosti i o\u010duvanja BiH bilo bi nepravedno re\u0107i da su svi isti.&#8221;<\/p>\n<p>Bijedi\u0107 ka\u017ee da su njegovi stavovi da se sara\u0111uje sa svakim ko je za cjelovitu, jedinstvenu, nedjeljivu dr\u017eavu BiH.<\/p>\n<p>&#8220;Svako ko tako razmi\u0161lja je na\u0161 potencijalni koalicioni partner. Svako ko ka\u017ee da BiH nije njegova zemlja i da je ne priznaje, ja sa takvim \u010dovjekom ne mogu sjesti za sto. Kako \u0107emo se dogovarati o budu\u0107nosti, oko raspodjele nekih funkcija, nekog dijela vlasti, ako ti ne priznaje\u0161 ovu zemlju, a ja je priznajem, ja sam je branio 4 godine kao pripadnik Armije BiH. Ne mo\u017eemo da razgovaramo.&#8221;<\/p>\n<p>O HDZ-u isti\u010de da oni imaju najkomforniju ulogu u zemlji.<\/p>\n<p>&#8220;HDZ sa nekim aposlutnim brojem glasova, mo\u017eda 100-110.000 glasova koliko uzmu na izborima, dr\u017ee aposlutnu kontrolu u Domu naroda Parlamenta FBiH. Zna\u010di imaju tu dvotre\u0107insku ve\u0107inu i apsolutno kontroli\u0161u svaku odluku. I HDZ se pona\u0161a na na\u010din &#8220;pri\u010dajte vi \u0161ta god ho\u0107ete, bez nas se ne mo\u017ee ni\u0161ta rije\u0161iti&#8221;. I to je istina. Imaju kontrolu i zaista mogu da se tako komforno pona\u0161aju i da ucjenjuju.&#8221;<\/p>\n<p>&#8220;SBB nije dio trojke, nemaju svoje predstavnike u vlasti, ali podr\u017eavaju. Kakva je to politika, na \u0161ta \u0107e to iza\u0107i i kako to u budu\u0107nosti projektuju, vjerovatno da imaju ambicije da poslije politi\u010dki zajedno djeluju. Ali ako je sav politi\u010dki rad samo protiv SDA. Dobro, evo, sad nema SDA. \u0160ta dalje? Koga sad treba ru\u0161iti?&#8221;<\/p>\n<p>Isti\u010de da je sre\u0107a \u0161to je, u sudskim procesima, tu\u017eila\u0161tvo samo jedna stranka u procesu.<\/p>\n<p>&#8220;Sve ovo \u0161to meni rade je politi\u010dki monitrano, u to nema nikakve dileme. To je ne\u0161to \u0161to pro\u017eivljavam uz velike konsekvence. To je nezapam\u0107eno na ovim prostorima jo\u0161 od vremena Pa\u0161age Mand\u017ei\u0107a. Bitno je da svi u\u010desnici znaju da je to politi\u010dki montiran proces. I to olak\u0161ava, u svakom slu\u010daju. Ali, naravno da je teret. Valja mnogo vremena provesti da se doka\u017ee nevinost i ko \u0107e onda odgovarati? Za svu \u0161tetu koja mi je na\u010dinjena. Izgleda da u ovoj dr\u017eavi nema odgovora na to pitanje.&#8221;<\/p>\n<p>Ovaj razgovor prikazan je u magazinu Mre\u017ea. Sva izdanja emisije pogledajte\u00a0<strong><\/strong>.<\/p>\n<p>&nbsp;<\/p>\n","protected":false},"excerpt":{"rendered":"<p>Enver Bijedi\u0107, predsjednik Socijaldemokrata BiH, za Mre\u017eu Federalne TV je govorio ko je inicirao formiranje&hellip;<\/p>\n","protected":false},"author":2,"featured_media":84189,"comment_status":"open","ping_status":"closed","sticky":false,"template":"","format":"standard","meta":{"_acf_changed":false,"footnotes":""},"categories":[12],"tags":[1007,1008,863],"acf":[],"yoast_head":"<!-- This site is optimized with the Yoast SEO plugin v23.5 - https:\/\/yoast.com\/wordpress\/plugins\/seo\/ -->\n<title>Enver BIjedi\u0107 o ujedinjenju pet stranaka: Projekat je inicirao \u017deljko Kom\u0161i\u0107 - TuzlaInfo.ba<\/title>\n<meta name=\"robots\" content=\"index, follow, max-snippet:-1, max-image-preview:large, max-video-preview:-1\" \/>\n<link rel=\"canonical\" href=\"https:\/\/tuzlainfo.ba\/index.php\/novosti\/item\/136797-enver-bijedic-o-ujedinjenju-pet-stranaka-projekat-je-inicirao-zeljko-komsic\/\" \/>\n<meta property=\"og:locale\" content=\"bs_BA\" \/>\n<meta property=\"og:type\" content=\"article\" \/>\n<meta property=\"og:title\" content=\"Enver BIjedi\u0107 o ujedinjenju pet stranaka: Projekat je inicirao \u017deljko Kom\u0161i\u0107 - TuzlaInfo.ba\" \/>\n<meta property=\"og:description\" content=\"Enver Bijedi\u0107, predsjednik Socijaldemokrata BiH, za Mre\u017eu Federalne TV je govorio ko je inicirao formiranje&hellip;\" \/>\n<meta property=\"og:url\" content=\"https:\/\/tuzlainfo.ba\/index.php\/novosti\/item\/136797-enver-bijedic-o-ujedinjenju-pet-stranaka-projekat-je-inicirao-zeljko-komsic\/\" \/>\n<meta property=\"og:site_name\" content=\"TuzlaInfo.ba\" \/>\n<meta property=\"article:publisher\" content=\"https:\/\/www.facebook.com\/tuzlainfo.ba\/\" \/>\n<meta property=\"article:published_time\" content=\"2021-05-05T08:25:32+00:00\" \/>\n<meta property=\"article:modified_time\" content=\"2021-05-05T07:01:20+00:00\" \/>\n<meta property=\"og:image\" content=\"https:\/\/tuzlainfo.ba\/wp-content\/uploads\/2020\/11\/sadrzaj_2020_20201101_1511_bijedic.jpg\" \/>\n\t<meta property=\"og:image:width\" content=\"770\" \/>\n\t<meta property=\"og:image:height\" content=\"513\" \/>\n\t<meta property=\"og:image:type\" content=\"image\/jpeg\" \/>\n<meta name=\"author\" content=\"nedim\" \/>\n<meta name=\"twitter:card\" content=\"summary_large_image\" \/>\n<meta name=\"twitter:label1\" content=\"Written by\" \/>\n\t<meta name=\"twitter:data1\" content=\"nedim\" \/>\n\t<meta name=\"twitter:label2\" content=\"Est. reading time\" \/>\n\t<meta name=\"twitter:data2\" content=\"6 minuta\" \/>\n<script type=\"application\/ld+json\" class=\"yoast-schema-graph\">{\"@context\":\"https:\/\/schema.org\",\"@graph\":[{\"@type\":\"Article\",\"@id\":\"https:\/\/tuzlainfo.ba\/index.php\/novosti\/item\/136797-enver-bijedic-o-ujedinjenju-pet-stranaka-projekat-je-inicirao-zeljko-komsic\/#article\",\"isPartOf\":{\"@id\":\"https:\/\/tuzlainfo.ba\/index.php\/novosti\/item\/136797-enver-bijedic-o-ujedinjenju-pet-stranaka-projekat-je-inicirao-zeljko-komsic\/\"},\"author\":{\"name\":\"nedim\",\"@id\":\"https:\/\/tuzlainfo.ba\/#\/schema\/person\/f434e20dc27ea133923aab08451b7f7f\"},\"headline\":\"Enver BIjedi\u0107 o ujedinjenju pet stranaka: Projekat je inicirao \u017deljko Kom\u0161i\u0107\",\"datePublished\":\"2021-05-05T08:25:32+00:00\",\"dateModified\":\"2021-05-05T07:01:20+00:00\",\"mainEntityOfPage\":{\"@id\":\"https:\/\/tuzlainfo.ba\/index.php\/novosti\/item\/136797-enver-bijedic-o-ujedinjenju-pet-stranaka-projekat-je-inicirao-zeljko-komsic\/\"},\"wordCount\":1126,\"commentCount\":0,\"publisher\":{\"@id\":\"https:\/\/tuzlainfo.ba\/#organization\"},\"image\":{\"@id\":\"https:\/\/tuzlainfo.ba\/index.php\/novosti\/item\/136797-enver-bijedic-o-ujedinjenju-pet-stranaka-projekat-je-inicirao-zeljko-komsic\/#primaryimage\"},\"thumbnailUrl\":\"https:\/\/tuzlainfo.ba\/wp-content\/uploads\/2020\/11\/sadrzaj_2020_20201101_1511_bijedic.jpg\",\"keywords\":[\"enver bijedi\u0107\",\"spd\",\"\u017eeljko kom\u0161i\u0107\"],\"articleSection\":[\"Novosti\"],\"inLanguage\":\"bs-BA\"},{\"@type\":\"WebPage\",\"@id\":\"https:\/\/tuzlainfo.ba\/index.php\/novosti\/item\/136797-enver-bijedic-o-ujedinjenju-pet-stranaka-projekat-je-inicirao-zeljko-komsic\/\",\"url\":\"https:\/\/tuzlainfo.ba\/index.php\/novosti\/item\/136797-enver-bijedic-o-ujedinjenju-pet-stranaka-projekat-je-inicirao-zeljko-komsic\/\",\"name\":\"Enver BIjedi\u0107 o ujedinjenju pet stranaka: Projekat je inicirao \u017deljko Kom\u0161i\u0107 - TuzlaInfo.ba\",\"isPartOf\":{\"@id\":\"https:\/\/tuzlainfo.ba\/#website\"},\"primaryImageOfPage\":{\"@id\":\"https:\/\/tuzlainfo.ba\/index.php\/novosti\/item\/136797-enver-bijedic-o-ujedinjenju-pet-stranaka-projekat-je-inicirao-zeljko-komsic\/#primaryimage\"},\"image\":{\"@id\":\"https:\/\/tuzlainfo.ba\/index.php\/novosti\/item\/136797-enver-bijedic-o-ujedinjenju-pet-stranaka-projekat-je-inicirao-zeljko-komsic\/#primaryimage\"},\"thumbnailUrl\":\"https:\/\/tuzlainfo.ba\/wp-content\/uploads\/2020\/11\/sadrzaj_2020_20201101_1511_bijedic.jpg\",\"datePublished\":\"2021-05-05T08:25:32+00:00\",\"dateModified\":\"2021-05-05T07:01:20+00:00\",\"breadcrumb\":{\"@id\":\"https:\/\/tuzlainfo.ba\/index.php\/novosti\/item\/136797-enver-bijedic-o-ujedinjenju-pet-stranaka-projekat-je-inicirao-zeljko-komsic\/#breadcrumb\"},\"inLanguage\":\"bs-BA\",\"potentialAction\":[{\"@type\":\"ReadAction\",\"target\":[\"https:\/\/tuzlainfo.ba\/index.php\/novosti\/item\/136797-enver-bijedic-o-ujedinjenju-pet-stranaka-projekat-je-inicirao-zeljko-komsic\/\"]}]},{\"@type\":\"ImageObject\",\"inLanguage\":\"bs-BA\",\"@id\":\"https:\/\/tuzlainfo.ba\/index.php\/novosti\/item\/136797-enver-bijedic-o-ujedinjenju-pet-stranaka-projekat-je-inicirao-zeljko-komsic\/#primaryimage\",\"url\":\"https:\/\/tuzlainfo.ba\/wp-content\/uploads\/2020\/11\/sadrzaj_2020_20201101_1511_bijedic.jpg\",\"contentUrl\":\"https:\/\/tuzlainfo.ba\/wp-content\/uploads\/2020\/11\/sadrzaj_2020_20201101_1511_bijedic.jpg\",\"width\":770,\"height\":513,\"caption\":\"1511 bijedic\"},{\"@type\":\"BreadcrumbList\",\"@id\":\"https:\/\/tuzlainfo.ba\/index.php\/novosti\/item\/136797-enver-bijedic-o-ujedinjenju-pet-stranaka-projekat-je-inicirao-zeljko-komsic\/#breadcrumb\",\"itemListElement\":[{\"@type\":\"ListItem\",\"position\":1,\"name\":\"Home\",\"item\":\"https:\/\/tuzlainfo.ba\/\"},{\"@type\":\"ListItem\",\"position\":2,\"name\":\"Enver BIjedi\u0107 o ujedinjenju pet stranaka: Projekat je inicirao \u017deljko Kom\u0161i\u0107\"}]},{\"@type\":\"WebSite\",\"@id\":\"https:\/\/tuzlainfo.ba\/#website\",\"url\":\"https:\/\/tuzlainfo.ba\/\",\"name\":\"TuzlaInfo.ba\",\"description\":\"Tuzla info, gradski informator - Tuzla na dlanu\",\"publisher\":{\"@id\":\"https:\/\/tuzlainfo.ba\/#organization\"},\"potentialAction\":[{\"@type\":\"SearchAction\",\"target\":{\"@type\":\"EntryPoint\",\"urlTemplate\":\"https:\/\/tuzlainfo.ba\/?s={search_term_string}\"},\"query-input\":{\"@type\":\"PropertyValueSpecification\",\"valueRequired\":true,\"valueName\":\"search_term_string\"}}],\"inLanguage\":\"bs-BA\"},{\"@type\":\"Organization\",\"@id\":\"https:\/\/tuzlainfo.ba\/#organization\",\"name\":\"TuzlaInfo.ba\",\"url\":\"https:\/\/tuzlainfo.ba\/\",\"logo\":{\"@type\":\"ImageObject\",\"inLanguage\":\"bs-BA\",\"@id\":\"https:\/\/tuzlainfo.ba\/#\/schema\/logo\/image\/\",\"url\":\"https:\/\/tuzlainfo.ba\/wp-content\/uploads\/2021\/03\/logo-ver-3-1.png\",\"contentUrl\":\"https:\/\/tuzlainfo.ba\/wp-content\/uploads\/2021\/03\/logo-ver-3-1.png\",\"width\":350,\"height\":95,\"caption\":\"TuzlaInfo.ba\"},\"image\":{\"@id\":\"https:\/\/tuzlainfo.ba\/#\/schema\/logo\/image\/\"},\"sameAs\":[\"https:\/\/www.facebook.com\/tuzlainfo.ba\/\"]},{\"@type\":\"Person\",\"@id\":\"https:\/\/tuzlainfo.ba\/#\/schema\/person\/f434e20dc27ea133923aab08451b7f7f\",\"name\":\"nedim\",\"image\":{\"@type\":\"ImageObject\",\"inLanguage\":\"bs-BA\",\"@id\":\"https:\/\/tuzlainfo.ba\/#\/schema\/person\/image\/\",\"url\":\"https:\/\/tuzlainfo.ba\/wp-content\/litespeed\/avatar\/aabad687af24844af817603ac1cbdc4f.jpg?ver=1777306975\",\"contentUrl\":\"https:\/\/tuzlainfo.ba\/wp-content\/litespeed\/avatar\/aabad687af24844af817603ac1cbdc4f.jpg?ver=1777306975\",\"caption\":\"nedim\"},\"description\":\"Tuzlainfo.ba pratite na dru\u0161tvenim mre\u017eama: Facebook, Instagram i Youtube. Svoje pri\u010de, upite i fotografije \u0161aljite na na\u0161u e-mail adresu.\"}]}<\/script>\n<!-- \/ Yoast SEO plugin. -->","yoast_head_json":{"title":"Enver BIjedi\u0107 o ujedinjenju pet stranaka: Projekat je inicirao \u017deljko Kom\u0161i\u0107 - TuzlaInfo.ba","robots":{"index":"index","follow":"follow","max-snippet":"max-snippet:-1","max-image-preview":"max-image-preview:large","max-video-preview":"max-video-preview:-1"},"canonical":"https:\/\/tuzlainfo.ba\/index.php\/novosti\/item\/136797-enver-bijedic-o-ujedinjenju-pet-stranaka-projekat-je-inicirao-zeljko-komsic\/","og_locale":"bs_BA","og_type":"article","og_title":"Enver BIjedi\u0107 o ujedinjenju pet stranaka: Projekat je inicirao \u017deljko Kom\u0161i\u0107 - TuzlaInfo.ba","og_description":"Enver Bijedi\u0107, predsjednik Socijaldemokrata BiH, za Mre\u017eu Federalne TV je govorio ko je inicirao formiranje&hellip;","og_url":"https:\/\/tuzlainfo.ba\/index.php\/novosti\/item\/136797-enver-bijedic-o-ujedinjenju-pet-stranaka-projekat-je-inicirao-zeljko-komsic\/","og_site_name":"TuzlaInfo.ba","article_publisher":"https:\/\/www.facebook.com\/tuzlainfo.ba\/","article_published_time":"2021-05-05T08:25:32+00:00","article_modified_time":"2021-05-05T07:01:20+00:00","og_image":[{"width":770,"height":513,"url":"https:\/\/tuzlainfo.ba\/wp-content\/uploads\/2020\/11\/sadrzaj_2020_20201101_1511_bijedic.jpg","type":"image\/jpeg"}],"author":"nedim","twitter_card":"summary_large_image","twitter_misc":{"Written by":"nedim","Est. reading time":"6 minuta"},"schema":{"@context":"https:\/\/schema.org","@graph":[{"@type":"Article","@id":"https:\/\/tuzlainfo.ba\/index.php\/novosti\/item\/136797-enver-bijedic-o-ujedinjenju-pet-stranaka-projekat-je-inicirao-zeljko-komsic\/#article","isPartOf":{"@id":"https:\/\/tuzlainfo.ba\/index.php\/novosti\/item\/136797-enver-bijedic-o-ujedinjenju-pet-stranaka-projekat-je-inicirao-zeljko-komsic\/"},"author":{"name":"nedim","@id":"https:\/\/tuzlainfo.ba\/#\/schema\/person\/f434e20dc27ea133923aab08451b7f7f"},"headline":"Enver BIjedi\u0107 o ujedinjenju pet stranaka: Projekat je inicirao \u017deljko Kom\u0161i\u0107","datePublished":"2021-05-05T08:25:32+00:00","dateModified":"2021-05-05T07:01:20+00:00","mainEntityOfPage":{"@id":"https:\/\/tuzlainfo.ba\/index.php\/novosti\/item\/136797-enver-bijedic-o-ujedinjenju-pet-stranaka-projekat-je-inicirao-zeljko-komsic\/"},"wordCount":1126,"commentCount":0,"publisher":{"@id":"https:\/\/tuzlainfo.ba\/#organization"},"image":{"@id":"https:\/\/tuzlainfo.ba\/index.php\/novosti\/item\/136797-enver-bijedic-o-ujedinjenju-pet-stranaka-projekat-je-inicirao-zeljko-komsic\/#primaryimage"},"thumbnailUrl":"https:\/\/tuzlainfo.ba\/wp-content\/uploads\/2020\/11\/sadrzaj_2020_20201101_1511_bijedic.jpg","keywords":["enver bijedi\u0107","spd","\u017eeljko kom\u0161i\u0107"],"articleSection":["Novosti"],"inLanguage":"bs-BA"},{"@type":"WebPage","@id":"https:\/\/tuzlainfo.ba\/index.php\/novosti\/item\/136797-enver-bijedic-o-ujedinjenju-pet-stranaka-projekat-je-inicirao-zeljko-komsic\/","url":"https:\/\/tuzlainfo.ba\/index.php\/novosti\/item\/136797-enver-bijedic-o-ujedinjenju-pet-stranaka-projekat-je-inicirao-zeljko-komsic\/","name":"Enver BIjedi\u0107 o ujedinjenju pet stranaka: Projekat je inicirao \u017deljko Kom\u0161i\u0107 - TuzlaInfo.ba","isPartOf":{"@id":"https:\/\/tuzlainfo.ba\/#website"},"primaryImageOfPage":{"@id":"https:\/\/tuzlainfo.ba\/index.php\/novosti\/item\/136797-enver-bijedic-o-ujedinjenju-pet-stranaka-projekat-je-inicirao-zeljko-komsic\/#primaryimage"},"image":{"@id":"https:\/\/tuzlainfo.ba\/index.php\/novosti\/item\/136797-enver-bijedic-o-ujedinjenju-pet-stranaka-projekat-je-inicirao-zeljko-komsic\/#primaryimage"},"thumbnailUrl":"https:\/\/tuzlainfo.ba\/wp-content\/uploads\/2020\/11\/sadrzaj_2020_20201101_1511_bijedic.jpg","datePublished":"2021-05-05T08:25:32+00:00","dateModified":"2021-05-05T07:01:20+00:00","breadcrumb":{"@id":"https:\/\/tuzlainfo.ba\/index.php\/novosti\/item\/136797-enver-bijedic-o-ujedinjenju-pet-stranaka-projekat-je-inicirao-zeljko-komsic\/#breadcrumb"},"inLanguage":"bs-BA","potentialAction":[{"@type":"ReadAction","target":["https:\/\/tuzlainfo.ba\/index.php\/novosti\/item\/136797-enver-bijedic-o-ujedinjenju-pet-stranaka-projekat-je-inicirao-zeljko-komsic\/"]}]},{"@type":"ImageObject","inLanguage":"bs-BA","@id":"https:\/\/tuzlainfo.ba\/index.php\/novosti\/item\/136797-enver-bijedic-o-ujedinjenju-pet-stranaka-projekat-je-inicirao-zeljko-komsic\/#primaryimage","url":"https:\/\/tuzlainfo.ba\/wp-content\/uploads\/2020\/11\/sadrzaj_2020_20201101_1511_bijedic.jpg","contentUrl":"https:\/\/tuzlainfo.ba\/wp-content\/uploads\/2020\/11\/sadrzaj_2020_20201101_1511_bijedic.jpg","width":770,"height":513,"caption":"1511 bijedic"},{"@type":"BreadcrumbList","@id":"https:\/\/tuzlainfo.ba\/index.php\/novosti\/item\/136797-enver-bijedic-o-ujedinjenju-pet-stranaka-projekat-je-inicirao-zeljko-komsic\/#breadcrumb","itemListElement":[{"@type":"ListItem","position":1,"name":"Home","item":"https:\/\/tuzlainfo.ba\/"},{"@type":"ListItem","position":2,"name":"Enver BIjedi\u0107 o ujedinjenju pet stranaka: Projekat je inicirao \u017deljko Kom\u0161i\u0107"}]},{"@type":"WebSite","@id":"https:\/\/tuzlainfo.ba\/#website","url":"https:\/\/tuzlainfo.ba\/","name":"TuzlaInfo.ba","description":"Tuzla info, gradski informator - Tuzla na dlanu","publisher":{"@id":"https:\/\/tuzlainfo.ba\/#organization"},"potentialAction":[{"@type":"SearchAction","target":{"@type":"EntryPoint","urlTemplate":"https:\/\/tuzlainfo.ba\/?s={search_term_string}"},"query-input":{"@type":"PropertyValueSpecification","valueRequired":true,"valueName":"search_term_string"}}],"inLanguage":"bs-BA"},{"@type":"Organization","@id":"https:\/\/tuzlainfo.ba\/#organization","name":"TuzlaInfo.ba","url":"https:\/\/tuzlainfo.ba\/","logo":{"@type":"ImageObject","inLanguage":"bs-BA","@id":"https:\/\/tuzlainfo.ba\/#\/schema\/logo\/image\/","url":"https:\/\/tuzlainfo.ba\/wp-content\/uploads\/2021\/03\/logo-ver-3-1.png","contentUrl":"https:\/\/tuzlainfo.ba\/wp-content\/uploads\/2021\/03\/logo-ver-3-1.png","width":350,"height":95,"caption":"TuzlaInfo.ba"},"image":{"@id":"https:\/\/tuzlainfo.ba\/#\/schema\/logo\/image\/"},"sameAs":["https:\/\/www.facebook.com\/tuzlainfo.ba\/"]},{"@type":"Person","@id":"https:\/\/tuzlainfo.ba\/#\/schema\/person\/f434e20dc27ea133923aab08451b7f7f","name":"nedim","image":{"@type":"ImageObject","inLanguage":"bs-BA","@id":"https:\/\/tuzlainfo.ba\/#\/schema\/person\/image\/","url":"https:\/\/tuzlainfo.ba\/wp-content\/litespeed\/avatar\/aabad687af24844af817603ac1cbdc4f.jpg?ver=1777306975","contentUrl":"https:\/\/tuzlainfo.ba\/wp-content\/litespeed\/avatar\/aabad687af24844af817603ac1cbdc4f.jpg?ver=1777306975","caption":"nedim"},"description":"Tuzlainfo.ba pratite na dru\u0161tvenim mre\u017eama: Facebook, Instagram i Youtube. Svoje pri\u010de, upite i fotografije \u0161aljite na na\u0161u e-mail adresu."}]}},"_links":{"self":[{"href":"https:\/\/tuzlainfo.ba\/index.php\/wp-json\/wp\/v2\/posts\/136797"}],"collection":[{"href":"https:\/\/tuzlainfo.ba\/index.php\/wp-json\/wp\/v2\/posts"}],"about":[{"href":"https:\/\/tuzlainfo.ba\/index.php\/wp-json\/wp\/v2\/types\/post"}],"author":[{"embeddable":true,"href":"https:\/\/tuzlainfo.ba\/index.php\/wp-json\/wp\/v2\/users\/2"}],"replies":[{"embeddable":true,"href":"https:\/\/tuzlainfo.ba\/index.php\/wp-json\/wp\/v2\/comments?post=136797"}],"version-history":[{"count":0,"href":"https:\/\/tuzlainfo.ba\/index.php\/wp-json\/wp\/v2\/posts\/136797\/revisions"}],"wp:featuredmedia":[{"embeddable":true,"href":"https:\/\/tuzlainfo.ba\/index.php\/wp-json\/wp\/v2\/media\/84189"}],"wp:attachment":[{"href":"https:\/\/tuzlainfo.ba\/index.php\/wp-json\/wp\/v2\/media?parent=136797"}],"wp:term":[{"taxonomy":"category","embeddable":true,"href":"https:\/\/tuzlainfo.ba\/index.php\/wp-json\/wp\/v2\/categories?post=136797"},{"taxonomy":"post_tag","embeddable":true,"href":"https:\/\/tuzlainfo.ba\/index.php\/wp-json\/wp\/v2\/tags?post=136797"}],"curies":[{"name":"wp","href":"https:\/\/api.w.org\/{rel}","templated":true}]}}