{"id":136500,"date":"2021-04-29T17:00:03","date_gmt":"2021-04-29T15:00:03","guid":{"rendered":"https:\/\/tuzlainfo.ba\/?p=136500"},"modified":"2021-04-29T13:21:14","modified_gmt":"2021-04-29T11:21:14","slug":"fhmz-kako-nas-vrijeme-ocekuje-tokom-praznika","status":"publish","type":"post","link":"https:\/\/tuzlainfo.ba\/index.php\/bosna-i-hercegovina\/item\/136500-fhmz-kako-nas-vrijeme-ocekuje-tokom-praznika\/","title":{"rendered":"FHMZ: Kako nas vrijeme o\u010dekuje tokom praznika ?"},"content":{"rendered":"<p>Prema prognozi Federalnog hidrometeorolo\u0161kog zavoda BiH u petak, 30. aprila, u Bosni i Hercegovini \u0107e preovladavati sun\u010dano vrijeme uz umjerenu obla\u010dnost. Prolazna ki\u0161a mogu\u0107a u ranim jutarnjim satima. U poslijepodnevnim satima rijetko u Bosni je mogu\u0107 kratkotrajan lokalni pljusak, kao i vjetar, slab do umjerene ja\u010dine ju\u017enog i jugozapadnog smjera. Najni\u017ea jutarnja temperatura zraka ve\u0107inom izme\u0111u 8 i 14\u00b0C. Najvi\u0161a dnevna temperatura zraka uglavnom izme\u0111u 20 i 26\u00b0C.<\/p>\n<p>Prvog dana prvomajskih praznika, u subotu, 1. maja, u na\u0161oj zemlji o\u010dekuje se umjereno do prete\u017eno obla\u010dno vrijeme. U poslijepodnevnim i ve\u010dernjim satima se o\u010dekuju lokalni pljuskovi. Ja\u010di pljuskovi su u Hercegovini. Vjetar slab ju\u017enog smjera. Najni\u017ea jutarnja temperatura zraka ve\u0107inom izme\u0111u 8 i 13\u00b0C, na jugu zemlje do 16\u00b0C. Najvi\u0161a dnevna temperatura zraka uglavnom izme\u0111u 21 i 27\u00b0C.<\/p>\n<p>U nedjelju, 2.05.2021., U Bosni i Hercegovini u nedjelju, 2. maja, prognozira se umjereno do prete\u017eno obla\u010dno vrijeme. Prijepodne slaba ki\u0161a se o\u010dekuje na podru\u010dju Hercegovine, centralnim, zapadnim i jugozapadnim dijelovima Bosne. Vjetar umjerene ja\u010dine ju\u017enog i jugozapadnog smjera. Povremeno s jakim udarima juga. Najni\u017ea jutarnja temperatura zraka izme\u0111u 11 i 17\u00b0C. Najvi\u0161a dnevna temperatura zraka uglavnom izme\u0111u 21 i 27\u00b0C, saop\u0161teno je iz FHMZBiH.<\/p>\n<p>&nbsp;<\/p>\n","protected":false},"excerpt":{"rendered":"<p>Prema prognozi Federalnog hidrometeorolo\u0161kog zavoda BiH u petak, 30. aprila, u Bosni i Hercegovini \u0107e&hellip;<\/p>\n","protected":false},"author":3,"featured_media":86845,"comment_status":"open","ping_status":"closed","sticky":false,"template":"","format":"standard","meta":{"_acf_changed":false,"footnotes":""},"categories":[291,304],"tags":[912,911],"acf":[],"yoast_head":"<!-- This site is optimized with the Yoast SEO plugin v23.5 - https:\/\/yoast.com\/wordpress\/plugins\/seo\/ -->\n<title>FHMZ: Kako nas vrijeme o\u010dekuje tokom praznika ? - TuzlaInfo.ba<\/title>\n<meta name=\"robots\" content=\"index, follow, max-snippet:-1, max-image-preview:large, max-video-preview:-1\" \/>\n<link rel=\"canonical\" href=\"https:\/\/tuzlainfo.ba\/index.php\/bosna-i-hercegovina\/item\/136500-fhmz-kako-nas-vrijeme-ocekuje-tokom-praznika\/\" \/>\n<meta property=\"og:locale\" content=\"bs_BA\" \/>\n<meta property=\"og:type\" content=\"article\" \/>\n<meta property=\"og:title\" content=\"FHMZ: Kako nas vrijeme o\u010dekuje tokom praznika ? - TuzlaInfo.ba\" \/>\n<meta property=\"og:description\" content=\"Prema prognozi Federalnog hidrometeorolo\u0161kog zavoda BiH u petak, 30. aprila, u Bosni i Hercegovini \u0107e&hellip;\" \/>\n<meta property=\"og:url\" content=\"https:\/\/tuzlainfo.ba\/index.php\/bosna-i-hercegovina\/item\/136500-fhmz-kako-nas-vrijeme-ocekuje-tokom-praznika\/\" \/>\n<meta property=\"og:site_name\" content=\"TuzlaInfo.ba\" \/>\n<meta property=\"article:publisher\" content=\"https:\/\/www.facebook.com\/tuzlainfo.ba\/\" \/>\n<meta property=\"article:published_time\" content=\"2021-04-29T15:00:03+00:00\" \/>\n<meta property=\"article:modified_time\" content=\"2021-04-29T11:21:14+00:00\" \/>\n<meta property=\"og:image\" content=\"https:\/\/tuzlainfo.ba\/wp-content\/uploads\/2021\/02\/sadrzaj_2018_2018_01_Tuzla_2602_tuzla_krovovi.jpg\" \/>\n\t<meta property=\"og:image:width\" content=\"770\" \/>\n\t<meta property=\"og:image:height\" content=\"433\" \/>\n\t<meta property=\"og:image:type\" content=\"image\/jpeg\" \/>\n<meta name=\"author\" content=\"admin2\" \/>\n<meta name=\"twitter:card\" content=\"summary_large_image\" \/>\n<meta name=\"twitter:label1\" content=\"Written by\" \/>\n\t<meta name=\"twitter:data1\" content=\"admin2\" \/>\n\t<meta name=\"twitter:label2\" content=\"Est. reading time\" \/>\n\t<meta name=\"twitter:data2\" content=\"1 minuta\" \/>\n<script type=\"application\/ld+json\" class=\"yoast-schema-graph\">{\"@context\":\"https:\/\/schema.org\",\"@graph\":[{\"@type\":\"Article\",\"@id\":\"https:\/\/tuzlainfo.ba\/index.php\/bosna-i-hercegovina\/item\/136500-fhmz-kako-nas-vrijeme-ocekuje-tokom-praznika\/#article\",\"isPartOf\":{\"@id\":\"https:\/\/tuzlainfo.ba\/index.php\/bosna-i-hercegovina\/item\/136500-fhmz-kako-nas-vrijeme-ocekuje-tokom-praznika\/\"},\"author\":{\"name\":\"admin2\",\"@id\":\"https:\/\/tuzlainfo.ba\/#\/schema\/person\/f4ebe4fff27e68efb65fa7e18f8af372\"},\"headline\":\"FHMZ: Kako nas vrijeme o\u010dekuje tokom praznika ?\",\"datePublished\":\"2021-04-29T15:00:03+00:00\",\"dateModified\":\"2021-04-29T11:21:14+00:00\",\"mainEntityOfPage\":{\"@id\":\"https:\/\/tuzlainfo.ba\/index.php\/bosna-i-hercegovina\/item\/136500-fhmz-kako-nas-vrijeme-ocekuje-tokom-praznika\/\"},\"wordCount\":228,\"commentCount\":0,\"publisher\":{\"@id\":\"https:\/\/tuzlainfo.ba\/#organization\"},\"image\":{\"@id\":\"https:\/\/tuzlainfo.ba\/index.php\/bosna-i-hercegovina\/item\/136500-fhmz-kako-nas-vrijeme-ocekuje-tokom-praznika\/#primaryimage\"},\"thumbnailUrl\":\"https:\/\/tuzlainfo.ba\/wp-content\/uploads\/2021\/02\/sadrzaj_2018_2018_01_Tuzla_2602_tuzla_krovovi.jpg\",\"keywords\":[\"praznici\",\"vremenska progmoza\"],\"articleSection\":[\"Bosna i Hercegovina\",\"Istaknuto\"],\"inLanguage\":\"bs-BA\"},{\"@type\":\"WebPage\",\"@id\":\"https:\/\/tuzlainfo.ba\/index.php\/bosna-i-hercegovina\/item\/136500-fhmz-kako-nas-vrijeme-ocekuje-tokom-praznika\/\",\"url\":\"https:\/\/tuzlainfo.ba\/index.php\/bosna-i-hercegovina\/item\/136500-fhmz-kako-nas-vrijeme-ocekuje-tokom-praznika\/\",\"name\":\"FHMZ: Kako nas vrijeme o\u010dekuje tokom praznika ? - TuzlaInfo.ba\",\"isPartOf\":{\"@id\":\"https:\/\/tuzlainfo.ba\/#website\"},\"primaryImageOfPage\":{\"@id\":\"https:\/\/tuzlainfo.ba\/index.php\/bosna-i-hercegovina\/item\/136500-fhmz-kako-nas-vrijeme-ocekuje-tokom-praznika\/#primaryimage\"},\"image\":{\"@id\":\"https:\/\/tuzlainfo.ba\/index.php\/bosna-i-hercegovina\/item\/136500-fhmz-kako-nas-vrijeme-ocekuje-tokom-praznika\/#primaryimage\"},\"thumbnailUrl\":\"https:\/\/tuzlainfo.ba\/wp-content\/uploads\/2021\/02\/sadrzaj_2018_2018_01_Tuzla_2602_tuzla_krovovi.jpg\",\"datePublished\":\"2021-04-29T15:00:03+00:00\",\"dateModified\":\"2021-04-29T11:21:14+00:00\",\"breadcrumb\":{\"@id\":\"https:\/\/tuzlainfo.ba\/index.php\/bosna-i-hercegovina\/item\/136500-fhmz-kako-nas-vrijeme-ocekuje-tokom-praznika\/#breadcrumb\"},\"inLanguage\":\"bs-BA\",\"potentialAction\":[{\"@type\":\"ReadAction\",\"target\":[\"https:\/\/tuzlainfo.ba\/index.php\/bosna-i-hercegovina\/item\/136500-fhmz-kako-nas-vrijeme-ocekuje-tokom-praznika\/\"]}]},{\"@type\":\"ImageObject\",\"inLanguage\":\"bs-BA\",\"@id\":\"https:\/\/tuzlainfo.ba\/index.php\/bosna-i-hercegovina\/item\/136500-fhmz-kako-nas-vrijeme-ocekuje-tokom-praznika\/#primaryimage\",\"url\":\"https:\/\/tuzlainfo.ba\/wp-content\/uploads\/2021\/02\/sadrzaj_2018_2018_01_Tuzla_2602_tuzla_krovovi.jpg\",\"contentUrl\":\"https:\/\/tuzlainfo.ba\/wp-content\/uploads\/2021\/02\/sadrzaj_2018_2018_01_Tuzla_2602_tuzla_krovovi.jpg\",\"width\":770,\"height\":433,\"caption\":\"2602 tuzla krovovi\"},{\"@type\":\"BreadcrumbList\",\"@id\":\"https:\/\/tuzlainfo.ba\/index.php\/bosna-i-hercegovina\/item\/136500-fhmz-kako-nas-vrijeme-ocekuje-tokom-praznika\/#breadcrumb\",\"itemListElement\":[{\"@type\":\"ListItem\",\"position\":1,\"name\":\"Home\",\"item\":\"https:\/\/tuzlainfo.ba\/\"},{\"@type\":\"ListItem\",\"position\":2,\"name\":\"FHMZ: Kako nas vrijeme o\u010dekuje tokom praznika ?\"}]},{\"@type\":\"WebSite\",\"@id\":\"https:\/\/tuzlainfo.ba\/#website\",\"url\":\"https:\/\/tuzlainfo.ba\/\",\"name\":\"TuzlaInfo.ba\",\"description\":\"Tuzla info, gradski informator - Tuzla na dlanu\",\"publisher\":{\"@id\":\"https:\/\/tuzlainfo.ba\/#organization\"},\"potentialAction\":[{\"@type\":\"SearchAction\",\"target\":{\"@type\":\"EntryPoint\",\"urlTemplate\":\"https:\/\/tuzlainfo.ba\/?s={search_term_string}\"},\"query-input\":{\"@type\":\"PropertyValueSpecification\",\"valueRequired\":true,\"valueName\":\"search_term_string\"}}],\"inLanguage\":\"bs-BA\"},{\"@type\":\"Organization\",\"@id\":\"https:\/\/tuzlainfo.ba\/#organization\",\"name\":\"TuzlaInfo.ba\",\"url\":\"https:\/\/tuzlainfo.ba\/\",\"logo\":{\"@type\":\"ImageObject\",\"inLanguage\":\"bs-BA\",\"@id\":\"https:\/\/tuzlainfo.ba\/#\/schema\/logo\/image\/\",\"url\":\"https:\/\/tuzlainfo.ba\/wp-content\/uploads\/2021\/03\/logo-ver-3-1.png\",\"contentUrl\":\"https:\/\/tuzlainfo.ba\/wp-content\/uploads\/2021\/03\/logo-ver-3-1.png\",\"width\":350,\"height\":95,\"caption\":\"TuzlaInfo.ba\"},\"image\":{\"@id\":\"https:\/\/tuzlainfo.ba\/#\/schema\/logo\/image\/\"},\"sameAs\":[\"https:\/\/www.facebook.com\/tuzlainfo.ba\/\"]},{\"@type\":\"Person\",\"@id\":\"https:\/\/tuzlainfo.ba\/#\/schema\/person\/f4ebe4fff27e68efb65fa7e18f8af372\",\"name\":\"admin2\",\"image\":{\"@type\":\"ImageObject\",\"inLanguage\":\"bs-BA\",\"@id\":\"https:\/\/tuzlainfo.ba\/#\/schema\/person\/image\/\",\"url\":\"https:\/\/tuzlainfo.ba\/wp-content\/litespeed\/avatar\/8219eeb9a43cff2d096e773737736f62.jpg?ver=1777309398\",\"contentUrl\":\"https:\/\/tuzlainfo.ba\/wp-content\/litespeed\/avatar\/8219eeb9a43cff2d096e773737736f62.jpg?ver=1777309398\",\"caption\":\"admin2\"},\"description\":\"Tuzlainfo.ba pratite na dru\u0161tvenim mre\u017eama: Facebook, Instagram i Youtube. Svoje pri\u010de, upite i fotografije \u0161aljite na na\u0161u e-mail adresu.\",\"sameAs\":[\"admin\"]}]}<\/script>\n<!-- \/ Yoast SEO plugin. -->","yoast_head_json":{"title":"FHMZ: Kako nas vrijeme o\u010dekuje tokom praznika ? - TuzlaInfo.ba","robots":{"index":"index","follow":"follow","max-snippet":"max-snippet:-1","max-image-preview":"max-image-preview:large","max-video-preview":"max-video-preview:-1"},"canonical":"https:\/\/tuzlainfo.ba\/index.php\/bosna-i-hercegovina\/item\/136500-fhmz-kako-nas-vrijeme-ocekuje-tokom-praznika\/","og_locale":"bs_BA","og_type":"article","og_title":"FHMZ: Kako nas vrijeme o\u010dekuje tokom praznika ? - TuzlaInfo.ba","og_description":"Prema prognozi Federalnog hidrometeorolo\u0161kog zavoda BiH u petak, 30. aprila, u Bosni i Hercegovini \u0107e&hellip;","og_url":"https:\/\/tuzlainfo.ba\/index.php\/bosna-i-hercegovina\/item\/136500-fhmz-kako-nas-vrijeme-ocekuje-tokom-praznika\/","og_site_name":"TuzlaInfo.ba","article_publisher":"https:\/\/www.facebook.com\/tuzlainfo.ba\/","article_published_time":"2021-04-29T15:00:03+00:00","article_modified_time":"2021-04-29T11:21:14+00:00","og_image":[{"width":770,"height":433,"url":"https:\/\/tuzlainfo.ba\/wp-content\/uploads\/2021\/02\/sadrzaj_2018_2018_01_Tuzla_2602_tuzla_krovovi.jpg","type":"image\/jpeg"}],"author":"admin2","twitter_card":"summary_large_image","twitter_misc":{"Written by":"admin2","Est. reading time":"1 minuta"},"schema":{"@context":"https:\/\/schema.org","@graph":[{"@type":"Article","@id":"https:\/\/tuzlainfo.ba\/index.php\/bosna-i-hercegovina\/item\/136500-fhmz-kako-nas-vrijeme-ocekuje-tokom-praznika\/#article","isPartOf":{"@id":"https:\/\/tuzlainfo.ba\/index.php\/bosna-i-hercegovina\/item\/136500-fhmz-kako-nas-vrijeme-ocekuje-tokom-praznika\/"},"author":{"name":"admin2","@id":"https:\/\/tuzlainfo.ba\/#\/schema\/person\/f4ebe4fff27e68efb65fa7e18f8af372"},"headline":"FHMZ: Kako nas vrijeme o\u010dekuje tokom praznika ?","datePublished":"2021-04-29T15:00:03+00:00","dateModified":"2021-04-29T11:21:14+00:00","mainEntityOfPage":{"@id":"https:\/\/tuzlainfo.ba\/index.php\/bosna-i-hercegovina\/item\/136500-fhmz-kako-nas-vrijeme-ocekuje-tokom-praznika\/"},"wordCount":228,"commentCount":0,"publisher":{"@id":"https:\/\/tuzlainfo.ba\/#organization"},"image":{"@id":"https:\/\/tuzlainfo.ba\/index.php\/bosna-i-hercegovina\/item\/136500-fhmz-kako-nas-vrijeme-ocekuje-tokom-praznika\/#primaryimage"},"thumbnailUrl":"https:\/\/tuzlainfo.ba\/wp-content\/uploads\/2021\/02\/sadrzaj_2018_2018_01_Tuzla_2602_tuzla_krovovi.jpg","keywords":["praznici","vremenska progmoza"],"articleSection":["Bosna i Hercegovina","Istaknuto"],"inLanguage":"bs-BA"},{"@type":"WebPage","@id":"https:\/\/tuzlainfo.ba\/index.php\/bosna-i-hercegovina\/item\/136500-fhmz-kako-nas-vrijeme-ocekuje-tokom-praznika\/","url":"https:\/\/tuzlainfo.ba\/index.php\/bosna-i-hercegovina\/item\/136500-fhmz-kako-nas-vrijeme-ocekuje-tokom-praznika\/","name":"FHMZ: Kako nas vrijeme o\u010dekuje tokom praznika ? - TuzlaInfo.ba","isPartOf":{"@id":"https:\/\/tuzlainfo.ba\/#website"},"primaryImageOfPage":{"@id":"https:\/\/tuzlainfo.ba\/index.php\/bosna-i-hercegovina\/item\/136500-fhmz-kako-nas-vrijeme-ocekuje-tokom-praznika\/#primaryimage"},"image":{"@id":"https:\/\/tuzlainfo.ba\/index.php\/bosna-i-hercegovina\/item\/136500-fhmz-kako-nas-vrijeme-ocekuje-tokom-praznika\/#primaryimage"},"thumbnailUrl":"https:\/\/tuzlainfo.ba\/wp-content\/uploads\/2021\/02\/sadrzaj_2018_2018_01_Tuzla_2602_tuzla_krovovi.jpg","datePublished":"2021-04-29T15:00:03+00:00","dateModified":"2021-04-29T11:21:14+00:00","breadcrumb":{"@id":"https:\/\/tuzlainfo.ba\/index.php\/bosna-i-hercegovina\/item\/136500-fhmz-kako-nas-vrijeme-ocekuje-tokom-praznika\/#breadcrumb"},"inLanguage":"bs-BA","potentialAction":[{"@type":"ReadAction","target":["https:\/\/tuzlainfo.ba\/index.php\/bosna-i-hercegovina\/item\/136500-fhmz-kako-nas-vrijeme-ocekuje-tokom-praznika\/"]}]},{"@type":"ImageObject","inLanguage":"bs-BA","@id":"https:\/\/tuzlainfo.ba\/index.php\/bosna-i-hercegovina\/item\/136500-fhmz-kako-nas-vrijeme-ocekuje-tokom-praznika\/#primaryimage","url":"https:\/\/tuzlainfo.ba\/wp-content\/uploads\/2021\/02\/sadrzaj_2018_2018_01_Tuzla_2602_tuzla_krovovi.jpg","contentUrl":"https:\/\/tuzlainfo.ba\/wp-content\/uploads\/2021\/02\/sadrzaj_2018_2018_01_Tuzla_2602_tuzla_krovovi.jpg","width":770,"height":433,"caption":"2602 tuzla krovovi"},{"@type":"BreadcrumbList","@id":"https:\/\/tuzlainfo.ba\/index.php\/bosna-i-hercegovina\/item\/136500-fhmz-kako-nas-vrijeme-ocekuje-tokom-praznika\/#breadcrumb","itemListElement":[{"@type":"ListItem","position":1,"name":"Home","item":"https:\/\/tuzlainfo.ba\/"},{"@type":"ListItem","position":2,"name":"FHMZ: Kako nas vrijeme o\u010dekuje tokom praznika ?"}]},{"@type":"WebSite","@id":"https:\/\/tuzlainfo.ba\/#website","url":"https:\/\/tuzlainfo.ba\/","name":"TuzlaInfo.ba","description":"Tuzla info, gradski informator - Tuzla na dlanu","publisher":{"@id":"https:\/\/tuzlainfo.ba\/#organization"},"potentialAction":[{"@type":"SearchAction","target":{"@type":"EntryPoint","urlTemplate":"https:\/\/tuzlainfo.ba\/?s={search_term_string}"},"query-input":{"@type":"PropertyValueSpecification","valueRequired":true,"valueName":"search_term_string"}}],"inLanguage":"bs-BA"},{"@type":"Organization","@id":"https:\/\/tuzlainfo.ba\/#organization","name":"TuzlaInfo.ba","url":"https:\/\/tuzlainfo.ba\/","logo":{"@type":"ImageObject","inLanguage":"bs-BA","@id":"https:\/\/tuzlainfo.ba\/#\/schema\/logo\/image\/","url":"https:\/\/tuzlainfo.ba\/wp-content\/uploads\/2021\/03\/logo-ver-3-1.png","contentUrl":"https:\/\/tuzlainfo.ba\/wp-content\/uploads\/2021\/03\/logo-ver-3-1.png","width":350,"height":95,"caption":"TuzlaInfo.ba"},"image":{"@id":"https:\/\/tuzlainfo.ba\/#\/schema\/logo\/image\/"},"sameAs":["https:\/\/www.facebook.com\/tuzlainfo.ba\/"]},{"@type":"Person","@id":"https:\/\/tuzlainfo.ba\/#\/schema\/person\/f4ebe4fff27e68efb65fa7e18f8af372","name":"admin2","image":{"@type":"ImageObject","inLanguage":"bs-BA","@id":"https:\/\/tuzlainfo.ba\/#\/schema\/person\/image\/","url":"https:\/\/tuzlainfo.ba\/wp-content\/litespeed\/avatar\/8219eeb9a43cff2d096e773737736f62.jpg?ver=1777309398","contentUrl":"https:\/\/tuzlainfo.ba\/wp-content\/litespeed\/avatar\/8219eeb9a43cff2d096e773737736f62.jpg?ver=1777309398","caption":"admin2"},"description":"Tuzlainfo.ba pratite na dru\u0161tvenim mre\u017eama: Facebook, Instagram i Youtube. Svoje pri\u010de, upite i fotografije \u0161aljite na na\u0161u e-mail adresu.","sameAs":["admin"]}]}},"_links":{"self":[{"href":"https:\/\/tuzlainfo.ba\/index.php\/wp-json\/wp\/v2\/posts\/136500"}],"collection":[{"href":"https:\/\/tuzlainfo.ba\/index.php\/wp-json\/wp\/v2\/posts"}],"about":[{"href":"https:\/\/tuzlainfo.ba\/index.php\/wp-json\/wp\/v2\/types\/post"}],"author":[{"embeddable":true,"href":"https:\/\/tuzlainfo.ba\/index.php\/wp-json\/wp\/v2\/users\/3"}],"replies":[{"embeddable":true,"href":"https:\/\/tuzlainfo.ba\/index.php\/wp-json\/wp\/v2\/comments?post=136500"}],"version-history":[{"count":0,"href":"https:\/\/tuzlainfo.ba\/index.php\/wp-json\/wp\/v2\/posts\/136500\/revisions"}],"wp:featuredmedia":[{"embeddable":true,"href":"https:\/\/tuzlainfo.ba\/index.php\/wp-json\/wp\/v2\/media\/86845"}],"wp:attachment":[{"href":"https:\/\/tuzlainfo.ba\/index.php\/wp-json\/wp\/v2\/media?parent=136500"}],"wp:term":[{"taxonomy":"category","embeddable":true,"href":"https:\/\/tuzlainfo.ba\/index.php\/wp-json\/wp\/v2\/categories?post=136500"},{"taxonomy":"post_tag","embeddable":true,"href":"https:\/\/tuzlainfo.ba\/index.php\/wp-json\/wp\/v2\/tags?post=136500"}],"curies":[{"name":"wp","href":"https:\/\/api.w.org\/{rel}","templated":true}]}}