{"id":136437,"date":"2021-04-28T14:00:27","date_gmt":"2021-04-28T12:00:27","guid":{"rendered":"https:\/\/tuzlainfo.ba\/?p=136437"},"modified":"2021-04-28T15:10:30","modified_gmt":"2021-04-28T13:10:30","slug":"grad-tuzla-osigurana-podrska-za-poljoprivredu-u-budzetu-grada-za-2021-godinu","status":"publish","type":"post","link":"https:\/\/tuzlainfo.ba\/index.php\/novosti\/item\/136437-grad-tuzla-osigurana-podrska-za-poljoprivredu-u-budzetu-grada-za-2021-godinu\/","title":{"rendered":"Grad Tuzla: Osigurana podr\u0161ka za poljoprivredu u Bud\u017eetu Grada za 2021. godinu"},"content":{"rendered":"<p>Obavje\u0161tavaju se gra\u0111ani Tuzle, te obrtni\u010dke djelatnosti i privredna dru\u0161tva sa sjedi\u0161tem na podru\u010dju grada Tuzle, koji su prema prete\u017enoj djelatnosti razvrstani u oblasti poljoprivrede, da su i u teku\u0107oj 2021. godini, u Bud\u017eetu Grada Tuzle osigurana sredstva za podr\u0161ku primarne poljoprivredne proizvodnje.<\/p>\n<p>Time je nastavljen kontinuitet u provo\u0111enju politike Grada Tuzle i mjera usmjerenih na razvoj i o\u010duvanje dostignutog nivoa razvoja u oblasti poljoprivrede.<\/p>\n<p>Ove godine je planirano da se sredstva u Bud\u017eetu Grada Tuzle predvi\u0111ena za podr\u0161ku razvoja primarne poljoprivredne proizvodnje, realizuju u obliku nov\u010dane podr\u0161ke, koja \u0107e se odobriti korisnicima na osnovu podnesenog zahtjeva za sufinansiranje tro\u0161kova nanbavljenih sredstava i neophodnog repromaterijala za poljoprivrednu proizvodnju, za nabavke izvr\u0161ene u 2021. godini.<\/p>\n<p>Ovom prilikom bitno je ukazati zainteresiranim poljoprivrednim proizvo\u0111a\u010dima da uredno sa\u010duvaju finansijsku dokumentaciju za ve\u0107 izvr\u0161enu nabavku ili za nabavku repromaterijala ili sredstava koju \u0107e izvr\u0161iti u narednom periodu (ra\u010duni, fakture, ugovori o nabavci i isporuci sredstava i sl.), jer \u0107e se na osnovu navedene dokumentacije, uz ispunjavanje ostalih uslova, mo\u0107i ostvariti pravo na nov\u010dana sredstva iz Bud\u017eeta Grada Tuzle, za podr\u0161ku primarne poljoprivredne proizvodnje u 2021. godini,<\/p>\n<p>O datumu kada \u0107e zapo\u010deti prijem zahtjeva za odobravanje nov\u010dane podr\u0161ke u poljoprivredi iz sredstava Bud\u017eeta Grada Tuzle u 2021. godini zainteresirani poljoprivredni proizvo\u0111a\u010di \u0107e biti blagovremeno obavije\u0161teni.<\/p>\n<p>Za neophodna pitanja i informacije u oblasti poljoprivrede mo\u017eete se obratiti Slu\u017ebi za ekonomski razvoj, poduzetni\u0161tvo i poljoprivredu, putem telefona: 035\/307-386 i 035\/307-387, saop\u0161teno je iz Slu\u017ebe za ekonomski razvoj, poduzetni\u0161tvo i poljoprivredu.<\/p>\n<p>&nbsp;<\/p>\n","protected":false},"excerpt":{"rendered":"<p>Obavje\u0161tavaju se gra\u0111ani Tuzle, te obrtni\u010dke djelatnosti i privredna dru\u0161tva sa sjedi\u0161tem na podru\u010dju grada Tuzle, koji su prema prete\u017enoj djelatnosti razvrstani u oblasti poljoprivrede, da su i u teku\u0107oj 2021. godini, u Bud\u017eetu Grada Tuzle osigurana sredstva za podr\u0161ku primarne poljoprivredne proizvodnje. Time je nastavljen kontinuitet u provo\u0111enju politike Grada Tuzle i mjera usmjerenih [&hellip;]<\/p>\n","protected":false},"author":3,"featured_media":70332,"comment_status":"open","ping_status":"closed","sticky":false,"template":"","format":"standard","meta":{"footnotes":""},"categories":[12],"tags":[331,890],"class_list":["post-136437","post","type-post","status-publish","format-standard","has-post-thumbnail","hentry","category-novosti","tag-grad-tuzla","tag-podrska-poljoprivredi"],"yoast_head":"<!-- This site is optimized with the Yoast SEO plugin v28.4 - https:\/\/yoast.com\/product\/yoast-seo-wordpress\/ -->\n<title>Grad Tuzla: Osigurana podr\u0161ka za poljoprivredu u Bud\u017eetu Grada za 2021. godinu<\/title>\n<meta name=\"robots\" content=\"index, follow, max-snippet:-1, max-image-preview:large, max-video-preview:-1\" \/>\n<link rel=\"canonical\" href=\"https:\/\/tuzlainfo.ba\/index.php\/novosti\/item\/136437-grad-tuzla-osigurana-podrska-za-poljoprivredu-u-budzetu-grada-za-2021-godinu\/\" \/>\n<meta property=\"og:locale\" content=\"bs_BA\" \/>\n<meta property=\"og:type\" content=\"article\" \/>\n<meta property=\"og:title\" content=\"Grad Tuzla: Osigurana podr\u0161ka za poljoprivredu u Bud\u017eetu Grada za 2021. godinu\" \/>\n<meta property=\"og:description\" content=\"Obavje\u0161tavaju se gra\u0111ani Tuzle, te obrtni\u010dke djelatnosti i privredna dru\u0161tva sa sjedi\u0161tem na podru\u010dju grada Tuzle, koji su prema prete\u017enoj djelatnosti razvrstani u oblasti poljoprivrede, da su i u teku\u0107oj 2021. godini, u Bud\u017eetu Grada Tuzle osigurana sredstva za podr\u0161ku primarne poljoprivredne proizvodnje. Time je nastavljen kontinuitet u provo\u0111enju politike Grada Tuzle i mjera usmjerenih [&hellip;]\" \/>\n<meta property=\"og:url\" content=\"https:\/\/tuzlainfo.ba\/index.php\/novosti\/item\/136437-grad-tuzla-osigurana-podrska-za-poljoprivredu-u-budzetu-grada-za-2021-godinu\/\" \/>\n<meta property=\"og:site_name\" content=\"TuzlaInfo.ba\" \/>\n<meta property=\"article:publisher\" content=\"https:\/\/www.facebook.com\/tuzlainfo.ba\/\" \/>\n<meta property=\"article:published_time\" content=\"2021-04-28T12:00:27+00:00\" \/>\n<meta property=\"article:modified_time\" content=\"2021-04-28T13:10:30+00:00\" \/>\n<meta property=\"og:image\" content=\"https:\/\/tuzlainfo.ba\/wp-content\/uploads\/2019\/05\/sadrzaj_2019_20190101_01012019_grad_tuzla.jpg\" \/>\n\t<meta property=\"og:image:width\" content=\"770\" \/>\n\t<meta property=\"og:image:height\" content=\"553\" \/>\n\t<meta property=\"og:image:type\" content=\"image\/jpeg\" \/>\n<meta name=\"author\" content=\"admin2\" \/>\n<meta name=\"twitter:card\" content=\"summary_large_image\" \/>\n<meta name=\"twitter:label1\" content=\"Written by\" \/>\n\t<meta name=\"twitter:data1\" content=\"admin2\" \/>\n\t<meta name=\"twitter:label2\" content=\"Est. reading time\" \/>\n\t<meta name=\"twitter:data2\" content=\"1 minuta\" \/>\n<script type=\"application\/ld+json\" class=\"yoast-schema-graph\">{\"@context\":\"https:\\\/\\\/schema.org\",\"@graph\":[{\"@type\":\"Article\",\"@id\":\"https:\\\/\\\/tuzlainfo.ba\\\/index.php\\\/novosti\\\/item\\\/136437-grad-tuzla-osigurana-podrska-za-poljoprivredu-u-budzetu-grada-za-2021-godinu\\\/#article\",\"isPartOf\":{\"@id\":\"https:\\\/\\\/tuzlainfo.ba\\\/index.php\\\/novosti\\\/item\\\/136437-grad-tuzla-osigurana-podrska-za-poljoprivredu-u-budzetu-grada-za-2021-godinu\\\/\"},\"author\":{\"name\":\"admin2\",\"@id\":\"https:\\\/\\\/tuzlainfo.ba\\\/#\\\/schema\\\/person\\\/f4ebe4fff27e68efb65fa7e18f8af372\"},\"headline\":\"Grad Tuzla: Osigurana podr\u0161ka za poljoprivredu u Bud\u017eetu Grada za 2021. godinu\",\"datePublished\":\"2021-04-28T12:00:27+00:00\",\"dateModified\":\"2021-04-28T13:10:30+00:00\",\"mainEntityOfPage\":{\"@id\":\"https:\\\/\\\/tuzlainfo.ba\\\/index.php\\\/novosti\\\/item\\\/136437-grad-tuzla-osigurana-podrska-za-poljoprivredu-u-budzetu-grada-za-2021-godinu\\\/\"},\"wordCount\":295,\"commentCount\":0,\"publisher\":{\"@id\":\"https:\\\/\\\/tuzlainfo.ba\\\/#organization\"},\"image\":{\"@id\":\"https:\\\/\\\/tuzlainfo.ba\\\/index.php\\\/novosti\\\/item\\\/136437-grad-tuzla-osigurana-podrska-za-poljoprivredu-u-budzetu-grada-za-2021-godinu\\\/#primaryimage\"},\"thumbnailUrl\":\"https:\\\/\\\/tuzlainfo.ba\\\/wp-content\\\/uploads\\\/2019\\\/05\\\/sadrzaj_2019_20190101_01012019_grad_tuzla.jpg\",\"keywords\":[\"grad tuzla\",\"podr\u0161ka poljoprivredi\"],\"articleSection\":[\"Novosti\"],\"inLanguage\":\"bs-BA\",\"copyrightYear\":\"2021\",\"copyrightHolder\":{\"@id\":\"https:\\\/\\\/tuzlainfo.ba\\\/#organization\"}},{\"@type\":\"WebPage\",\"@id\":\"https:\\\/\\\/tuzlainfo.ba\\\/index.php\\\/novosti\\\/item\\\/136437-grad-tuzla-osigurana-podrska-za-poljoprivredu-u-budzetu-grada-za-2021-godinu\\\/\",\"url\":\"https:\\\/\\\/tuzlainfo.ba\\\/index.php\\\/novosti\\\/item\\\/136437-grad-tuzla-osigurana-podrska-za-poljoprivredu-u-budzetu-grada-za-2021-godinu\\\/\",\"name\":\"Grad Tuzla: Osigurana podr\u0161ka za poljoprivredu u Bud\u017eetu Grada za 2021. godinu\",\"isPartOf\":{\"@id\":\"https:\\\/\\\/tuzlainfo.ba\\\/#website\"},\"primaryImageOfPage\":{\"@id\":\"https:\\\/\\\/tuzlainfo.ba\\\/index.php\\\/novosti\\\/item\\\/136437-grad-tuzla-osigurana-podrska-za-poljoprivredu-u-budzetu-grada-za-2021-godinu\\\/#primaryimage\"},\"image\":{\"@id\":\"https:\\\/\\\/tuzlainfo.ba\\\/index.php\\\/novosti\\\/item\\\/136437-grad-tuzla-osigurana-podrska-za-poljoprivredu-u-budzetu-grada-za-2021-godinu\\\/#primaryimage\"},\"thumbnailUrl\":\"https:\\\/\\\/tuzlainfo.ba\\\/wp-content\\\/uploads\\\/2019\\\/05\\\/sadrzaj_2019_20190101_01012019_grad_tuzla.jpg\",\"datePublished\":\"2021-04-28T12:00:27+00:00\",\"dateModified\":\"2021-04-28T13:10:30+00:00\",\"breadcrumb\":{\"@id\":\"https:\\\/\\\/tuzlainfo.ba\\\/index.php\\\/novosti\\\/item\\\/136437-grad-tuzla-osigurana-podrska-za-poljoprivredu-u-budzetu-grada-za-2021-godinu\\\/#breadcrumb\"},\"inLanguage\":\"bs-BA\",\"potentialAction\":[{\"@type\":\"ReadAction\",\"target\":[\"https:\\\/\\\/tuzlainfo.ba\\\/index.php\\\/novosti\\\/item\\\/136437-grad-tuzla-osigurana-podrska-za-poljoprivredu-u-budzetu-grada-za-2021-godinu\\\/\"]}]},{\"@type\":\"ImageObject\",\"inLanguage\":\"bs-BA\",\"@id\":\"https:\\\/\\\/tuzlainfo.ba\\\/index.php\\\/novosti\\\/item\\\/136437-grad-tuzla-osigurana-podrska-za-poljoprivredu-u-budzetu-grada-za-2021-godinu\\\/#primaryimage\",\"url\":\"https:\\\/\\\/tuzlainfo.ba\\\/wp-content\\\/uploads\\\/2019\\\/05\\\/sadrzaj_2019_20190101_01012019_grad_tuzla.jpg\",\"contentUrl\":\"https:\\\/\\\/tuzlainfo.ba\\\/wp-content\\\/uploads\\\/2019\\\/05\\\/sadrzaj_2019_20190101_01012019_grad_tuzla.jpg\",\"width\":770,\"height\":553,\"caption\":\"01012019 grad tuzla\"},{\"@type\":\"BreadcrumbList\",\"@id\":\"https:\\\/\\\/tuzlainfo.ba\\\/index.php\\\/novosti\\\/item\\\/136437-grad-tuzla-osigurana-podrska-za-poljoprivredu-u-budzetu-grada-za-2021-godinu\\\/#breadcrumb\",\"itemListElement\":[{\"@type\":\"ListItem\",\"position\":1,\"name\":\"Home\",\"item\":\"https:\\\/\\\/tuzlainfo.ba\\\/\"},{\"@type\":\"ListItem\",\"position\":2,\"name\":\"Grad Tuzla: Osigurana podr\u0161ka za poljoprivredu u Bud\u017eetu Grada za 2021. godinu\"}]},{\"@type\":\"WebSite\",\"@id\":\"https:\\\/\\\/tuzlainfo.ba\\\/#website\",\"url\":\"https:\\\/\\\/tuzlainfo.ba\\\/\",\"name\":\"TuzlaInfo.ba\",\"description\":\"Tuzla info, gradski informator - Tuzla na dlanu\",\"publisher\":{\"@id\":\"https:\\\/\\\/tuzlainfo.ba\\\/#organization\"},\"potentialAction\":[{\"@type\":\"SearchAction\",\"target\":{\"@type\":\"EntryPoint\",\"urlTemplate\":\"https:\\\/\\\/tuzlainfo.ba\\\/?s={search_term_string}\"},\"query-input\":{\"@type\":\"PropertyValueSpecification\",\"valueRequired\":true,\"valueName\":\"search_term_string\"}}],\"inLanguage\":\"bs-BA\"},{\"@type\":\"Organization\",\"@id\":\"https:\\\/\\\/tuzlainfo.ba\\\/#organization\",\"name\":\"TuzlaInfo.ba\",\"url\":\"https:\\\/\\\/tuzlainfo.ba\\\/\",\"logo\":{\"@type\":\"ImageObject\",\"inLanguage\":\"bs-BA\",\"@id\":\"https:\\\/\\\/tuzlainfo.ba\\\/#\\\/schema\\\/logo\\\/image\\\/\",\"url\":\"https:\\\/\\\/tuzlainfo.ba\\\/wp-content\\\/uploads\\\/2021\\\/03\\\/logo-ver-3-1.png\",\"contentUrl\":\"https:\\\/\\\/tuzlainfo.ba\\\/wp-content\\\/uploads\\\/2021\\\/03\\\/logo-ver-3-1.png\",\"width\":350,\"height\":95,\"caption\":\"TuzlaInfo.ba\"},\"image\":{\"@id\":\"https:\\\/\\\/tuzlainfo.ba\\\/#\\\/schema\\\/logo\\\/image\\\/\"},\"sameAs\":[\"https:\\\/\\\/www.facebook.com\\\/tuzlainfo.ba\\\/\"]},{\"@type\":\"Person\",\"@id\":\"https:\\\/\\\/tuzlainfo.ba\\\/#\\\/schema\\\/person\\\/f4ebe4fff27e68efb65fa7e18f8af372\",\"name\":\"admin2\",\"image\":{\"@type\":\"ImageObject\",\"inLanguage\":\"bs-BA\",\"@id\":\"https:\\\/\\\/secure.gravatar.com\\\/avatar\\\/6474d9b45292367fa11d981175d83642ccdae059a6b7eabe5fed313d54ead5cb?s=96&d=mm&r=g\",\"url\":\"https:\\\/\\\/secure.gravatar.com\\\/avatar\\\/6474d9b45292367fa11d981175d83642ccdae059a6b7eabe5fed313d54ead5cb?s=96&d=mm&r=g\",\"contentUrl\":\"https:\\\/\\\/secure.gravatar.com\\\/avatar\\\/6474d9b45292367fa11d981175d83642ccdae059a6b7eabe5fed313d54ead5cb?s=96&d=mm&r=g\",\"caption\":\"admin2\"},\"description\":\"Tuzlainfo.ba pratite na dru\u0161tvenim mre\u017eama: Facebook, Instagram i Youtube. Svoje pri\u010de, upite i fotografije \u0161aljite na na\u0161u e-mail adresu.\",\"sameAs\":[\"admin\"]}]}<\/script>\n<!-- \/ Yoast SEO plugin. -->","yoast_head_json":{"title":"Grad Tuzla: Osigurana podr\u0161ka za poljoprivredu u Bud\u017eetu Grada za 2021. godinu","robots":{"index":"index","follow":"follow","max-snippet":"max-snippet:-1","max-image-preview":"max-image-preview:large","max-video-preview":"max-video-preview:-1"},"canonical":"https:\/\/tuzlainfo.ba\/index.php\/novosti\/item\/136437-grad-tuzla-osigurana-podrska-za-poljoprivredu-u-budzetu-grada-za-2021-godinu\/","og_locale":"bs_BA","og_type":"article","og_title":"Grad Tuzla: Osigurana podr\u0161ka za poljoprivredu u Bud\u017eetu Grada za 2021. godinu","og_description":"Obavje\u0161tavaju se gra\u0111ani Tuzle, te obrtni\u010dke djelatnosti i privredna dru\u0161tva sa sjedi\u0161tem na podru\u010dju grada Tuzle, koji su prema prete\u017enoj djelatnosti razvrstani u oblasti poljoprivrede, da su i u teku\u0107oj 2021. godini, u Bud\u017eetu Grada Tuzle osigurana sredstva za podr\u0161ku primarne poljoprivredne proizvodnje. Time je nastavljen kontinuitet u provo\u0111enju politike Grada Tuzle i mjera usmjerenih [&hellip;]","og_url":"https:\/\/tuzlainfo.ba\/index.php\/novosti\/item\/136437-grad-tuzla-osigurana-podrska-za-poljoprivredu-u-budzetu-grada-za-2021-godinu\/","og_site_name":"TuzlaInfo.ba","article_publisher":"https:\/\/www.facebook.com\/tuzlainfo.ba\/","article_published_time":"2021-04-28T12:00:27+00:00","article_modified_time":"2021-04-28T13:10:30+00:00","og_image":[{"width":770,"height":553,"url":"https:\/\/tuzlainfo.ba\/wp-content\/uploads\/2019\/05\/sadrzaj_2019_20190101_01012019_grad_tuzla.jpg","type":"image\/jpeg"}],"author":"admin2","twitter_card":"summary_large_image","twitter_misc":{"Written by":"admin2","Est. reading time":"1 minuta"},"schema":{"@context":"https:\/\/schema.org","@graph":[{"@type":"Article","@id":"https:\/\/tuzlainfo.ba\/index.php\/novosti\/item\/136437-grad-tuzla-osigurana-podrska-za-poljoprivredu-u-budzetu-grada-za-2021-godinu\/#article","isPartOf":{"@id":"https:\/\/tuzlainfo.ba\/index.php\/novosti\/item\/136437-grad-tuzla-osigurana-podrska-za-poljoprivredu-u-budzetu-grada-za-2021-godinu\/"},"author":{"name":"admin2","@id":"https:\/\/tuzlainfo.ba\/#\/schema\/person\/f4ebe4fff27e68efb65fa7e18f8af372"},"headline":"Grad Tuzla: Osigurana podr\u0161ka za poljoprivredu u Bud\u017eetu Grada za 2021. godinu","datePublished":"2021-04-28T12:00:27+00:00","dateModified":"2021-04-28T13:10:30+00:00","mainEntityOfPage":{"@id":"https:\/\/tuzlainfo.ba\/index.php\/novosti\/item\/136437-grad-tuzla-osigurana-podrska-za-poljoprivredu-u-budzetu-grada-za-2021-godinu\/"},"wordCount":295,"commentCount":0,"publisher":{"@id":"https:\/\/tuzlainfo.ba\/#organization"},"image":{"@id":"https:\/\/tuzlainfo.ba\/index.php\/novosti\/item\/136437-grad-tuzla-osigurana-podrska-za-poljoprivredu-u-budzetu-grada-za-2021-godinu\/#primaryimage"},"thumbnailUrl":"https:\/\/tuzlainfo.ba\/wp-content\/uploads\/2019\/05\/sadrzaj_2019_20190101_01012019_grad_tuzla.jpg","keywords":["grad tuzla","podr\u0161ka poljoprivredi"],"articleSection":["Novosti"],"inLanguage":"bs-BA","copyrightYear":"2021","copyrightHolder":{"@id":"https:\/\/tuzlainfo.ba\/#organization"}},{"@type":"WebPage","@id":"https:\/\/tuzlainfo.ba\/index.php\/novosti\/item\/136437-grad-tuzla-osigurana-podrska-za-poljoprivredu-u-budzetu-grada-za-2021-godinu\/","url":"https:\/\/tuzlainfo.ba\/index.php\/novosti\/item\/136437-grad-tuzla-osigurana-podrska-za-poljoprivredu-u-budzetu-grada-za-2021-godinu\/","name":"Grad Tuzla: Osigurana podr\u0161ka za poljoprivredu u Bud\u017eetu Grada za 2021. godinu","isPartOf":{"@id":"https:\/\/tuzlainfo.ba\/#website"},"primaryImageOfPage":{"@id":"https:\/\/tuzlainfo.ba\/index.php\/novosti\/item\/136437-grad-tuzla-osigurana-podrska-za-poljoprivredu-u-budzetu-grada-za-2021-godinu\/#primaryimage"},"image":{"@id":"https:\/\/tuzlainfo.ba\/index.php\/novosti\/item\/136437-grad-tuzla-osigurana-podrska-za-poljoprivredu-u-budzetu-grada-za-2021-godinu\/#primaryimage"},"thumbnailUrl":"https:\/\/tuzlainfo.ba\/wp-content\/uploads\/2019\/05\/sadrzaj_2019_20190101_01012019_grad_tuzla.jpg","datePublished":"2021-04-28T12:00:27+00:00","dateModified":"2021-04-28T13:10:30+00:00","breadcrumb":{"@id":"https:\/\/tuzlainfo.ba\/index.php\/novosti\/item\/136437-grad-tuzla-osigurana-podrska-za-poljoprivredu-u-budzetu-grada-za-2021-godinu\/#breadcrumb"},"inLanguage":"bs-BA","potentialAction":[{"@type":"ReadAction","target":["https:\/\/tuzlainfo.ba\/index.php\/novosti\/item\/136437-grad-tuzla-osigurana-podrska-za-poljoprivredu-u-budzetu-grada-za-2021-godinu\/"]}]},{"@type":"ImageObject","inLanguage":"bs-BA","@id":"https:\/\/tuzlainfo.ba\/index.php\/novosti\/item\/136437-grad-tuzla-osigurana-podrska-za-poljoprivredu-u-budzetu-grada-za-2021-godinu\/#primaryimage","url":"https:\/\/tuzlainfo.ba\/wp-content\/uploads\/2019\/05\/sadrzaj_2019_20190101_01012019_grad_tuzla.jpg","contentUrl":"https:\/\/tuzlainfo.ba\/wp-content\/uploads\/2019\/05\/sadrzaj_2019_20190101_01012019_grad_tuzla.jpg","width":770,"height":553,"caption":"01012019 grad tuzla"},{"@type":"BreadcrumbList","@id":"https:\/\/tuzlainfo.ba\/index.php\/novosti\/item\/136437-grad-tuzla-osigurana-podrska-za-poljoprivredu-u-budzetu-grada-za-2021-godinu\/#breadcrumb","itemListElement":[{"@type":"ListItem","position":1,"name":"Home","item":"https:\/\/tuzlainfo.ba\/"},{"@type":"ListItem","position":2,"name":"Grad Tuzla: Osigurana podr\u0161ka za poljoprivredu u Bud\u017eetu Grada za 2021. godinu"}]},{"@type":"WebSite","@id":"https:\/\/tuzlainfo.ba\/#website","url":"https:\/\/tuzlainfo.ba\/","name":"TuzlaInfo.ba","description":"Tuzla info, gradski informator - Tuzla na dlanu","publisher":{"@id":"https:\/\/tuzlainfo.ba\/#organization"},"potentialAction":[{"@type":"SearchAction","target":{"@type":"EntryPoint","urlTemplate":"https:\/\/tuzlainfo.ba\/?s={search_term_string}"},"query-input":{"@type":"PropertyValueSpecification","valueRequired":true,"valueName":"search_term_string"}}],"inLanguage":"bs-BA"},{"@type":"Organization","@id":"https:\/\/tuzlainfo.ba\/#organization","name":"TuzlaInfo.ba","url":"https:\/\/tuzlainfo.ba\/","logo":{"@type":"ImageObject","inLanguage":"bs-BA","@id":"https:\/\/tuzlainfo.ba\/#\/schema\/logo\/image\/","url":"https:\/\/tuzlainfo.ba\/wp-content\/uploads\/2021\/03\/logo-ver-3-1.png","contentUrl":"https:\/\/tuzlainfo.ba\/wp-content\/uploads\/2021\/03\/logo-ver-3-1.png","width":350,"height":95,"caption":"TuzlaInfo.ba"},"image":{"@id":"https:\/\/tuzlainfo.ba\/#\/schema\/logo\/image\/"},"sameAs":["https:\/\/www.facebook.com\/tuzlainfo.ba\/"]},{"@type":"Person","@id":"https:\/\/tuzlainfo.ba\/#\/schema\/person\/f4ebe4fff27e68efb65fa7e18f8af372","name":"admin2","image":{"@type":"ImageObject","inLanguage":"bs-BA","@id":"https:\/\/secure.gravatar.com\/avatar\/6474d9b45292367fa11d981175d83642ccdae059a6b7eabe5fed313d54ead5cb?s=96&d=mm&r=g","url":"https:\/\/secure.gravatar.com\/avatar\/6474d9b45292367fa11d981175d83642ccdae059a6b7eabe5fed313d54ead5cb?s=96&d=mm&r=g","contentUrl":"https:\/\/secure.gravatar.com\/avatar\/6474d9b45292367fa11d981175d83642ccdae059a6b7eabe5fed313d54ead5cb?s=96&d=mm&r=g","caption":"admin2"},"description":"Tuzlainfo.ba pratite na dru\u0161tvenim mre\u017eama: Facebook, Instagram i Youtube. Svoje pri\u010de, upite i fotografije \u0161aljite na na\u0161u e-mail adresu.","sameAs":["admin"]}]}},"_links":{"self":[{"href":"https:\/\/tuzlainfo.ba\/index.php\/wp-json\/wp\/v2\/posts\/136437","targetHints":{"allow":["GET"]}}],"collection":[{"href":"https:\/\/tuzlainfo.ba\/index.php\/wp-json\/wp\/v2\/posts"}],"about":[{"href":"https:\/\/tuzlainfo.ba\/index.php\/wp-json\/wp\/v2\/types\/post"}],"author":[{"embeddable":true,"href":"https:\/\/tuzlainfo.ba\/index.php\/wp-json\/wp\/v2\/users\/3"}],"replies":[{"embeddable":true,"href":"https:\/\/tuzlainfo.ba\/index.php\/wp-json\/wp\/v2\/comments?post=136437"}],"version-history":[{"count":0,"href":"https:\/\/tuzlainfo.ba\/index.php\/wp-json\/wp\/v2\/posts\/136437\/revisions"}],"wp:featuredmedia":[{"embeddable":true,"href":"https:\/\/tuzlainfo.ba\/index.php\/wp-json\/wp\/v2\/media\/70332"}],"wp:attachment":[{"href":"https:\/\/tuzlainfo.ba\/index.php\/wp-json\/wp\/v2\/media?parent=136437"}],"wp:term":[{"taxonomy":"category","embeddable":true,"href":"https:\/\/tuzlainfo.ba\/index.php\/wp-json\/wp\/v2\/categories?post=136437"},{"taxonomy":"post_tag","embeddable":true,"href":"https:\/\/tuzlainfo.ba\/index.php\/wp-json\/wp\/v2\/tags?post=136437"}],"curies":[{"name":"wp","href":"https:\/\/api.w.org\/{rel}","templated":true}]}}