{"id":136144,"date":"2021-04-23T21:43:32","date_gmt":"2021-04-23T19:43:32","guid":{"rendered":"https:\/\/tuzlainfo.ba\/?p=136144"},"modified":"2021-04-24T11:15:26","modified_gmt":"2021-04-24T09:15:26","slug":"ekspresno-smijenjen-menadzment-rtvtk-softic-najavio-tuzbu","status":"publish","type":"post","link":"https:\/\/tuzlainfo.ba\/index.php\/novosti\/item\/136144-ekspresno-smijenjen-menadzment-rtvtk-softic-najavio-tuzbu\/","title":{"rendered":"Ekspresno smijenjen menad\u017ement RTVTK, Softi\u0107 najavio tu\u017ebu"},"content":{"rendered":"<p>Kasim Softi\u0107 direktor Radio televizije Tuzlanskog kantona (RTV TK), Admira Baki\u0107 izvr\u0161na direktorica za program, te Hasan Jahi\u0107 izvr\u0161ni direktor za razvoj, danas su ekspresno, odlukom novoimenovanog Nadzornog odbora ove medijske ku\u0107e, smijenjeni sa svojih pozicija.<\/p>\n<p>Kako pi\u0161e portal <a href=\"https:\/\/politicki.ba\/news\/read\/16070\"><strong>politicki.ba<\/strong><\/a> \u010dlanovi Nadzornog odbora RTV TK, ina\u010de imenovani prije mjesec dana, danas su stigli na sastanak u zgradu Televizije kojeg su zakazali dan ranije, is\u010ditali dekret o smjeni, te bez validnih obrazlo\u017eenja, brzo se udaljili sa sastanka, a da su kolektiv Televizije ostavili bez imenovanja nove uprave.<\/p>\n<p>Za ovaj portal je Softi\u0107, koji je u mandatu koji traje jo\u0161 42 mjeseca, potvrdio da \u0107e bog svih nezakonitosti koje su ovim putem u\u010dinjene pravdu\u00a0 zatra\u017eiti sudskim putem.<\/p>\n<p>&nbsp;<\/p>\n","protected":false},"excerpt":{"rendered":"<p>Kasim Softi\u0107 direktor Radio televizije Tuzlanskog kantona (RTV TK), Admira Baki\u0107 izvr\u0161na direktorica za program,&hellip;<\/p>\n","protected":false},"author":2,"featured_media":136145,"comment_status":"open","ping_status":"closed","sticky":false,"template":"","format":"standard","meta":{"_acf_changed":false,"footnotes":""},"categories":[304,12,306],"tags":[806,414],"acf":[],"yoast_head":"<!-- This site is optimized with the Yoast SEO plugin v23.5 - https:\/\/yoast.com\/wordpress\/plugins\/seo\/ -->\n<title>Ekspresno smijenjen menad\u017ement RTVTK, Softi\u0107 najavio tu\u017ebu - TuzlaInfo.ba<\/title>\n<meta name=\"robots\" content=\"index, follow, max-snippet:-1, max-image-preview:large, max-video-preview:-1\" \/>\n<link rel=\"canonical\" href=\"https:\/\/tuzlainfo.ba\/index.php\/novosti\/item\/136144-ekspresno-smijenjen-menadzment-rtvtk-softic-najavio-tuzbu\/\" \/>\n<meta property=\"og:locale\" content=\"bs_BA\" \/>\n<meta property=\"og:type\" content=\"article\" \/>\n<meta property=\"og:title\" content=\"Ekspresno smijenjen menad\u017ement RTVTK, Softi\u0107 najavio tu\u017ebu - TuzlaInfo.ba\" \/>\n<meta property=\"og:description\" content=\"Kasim Softi\u0107 direktor Radio televizije Tuzlanskog kantona (RTV TK), Admira Baki\u0107 izvr\u0161na direktorica za program,&hellip;\" \/>\n<meta property=\"og:url\" content=\"https:\/\/tuzlainfo.ba\/index.php\/novosti\/item\/136144-ekspresno-smijenjen-menadzment-rtvtk-softic-najavio-tuzbu\/\" \/>\n<meta property=\"og:site_name\" content=\"TuzlaInfo.ba\" \/>\n<meta property=\"article:publisher\" content=\"https:\/\/www.facebook.com\/tuzlainfo.ba\/\" \/>\n<meta property=\"article:published_time\" content=\"2021-04-23T19:43:32+00:00\" \/>\n<meta property=\"article:modified_time\" content=\"2021-04-24T09:15:26+00:00\" \/>\n<meta property=\"og:image\" content=\"https:\/\/tuzlainfo.ba\/wp-content\/uploads\/2021\/04\/2304_kasim_softic.jpg\" \/>\n\t<meta property=\"og:image:width\" content=\"960\" \/>\n\t<meta property=\"og:image:height\" content=\"720\" \/>\n\t<meta property=\"og:image:type\" content=\"image\/jpeg\" \/>\n<meta name=\"author\" content=\"nedim\" \/>\n<meta name=\"twitter:card\" content=\"summary_large_image\" \/>\n<meta name=\"twitter:label1\" content=\"Written by\" \/>\n\t<meta name=\"twitter:data1\" content=\"nedim\" \/>\n\t<meta name=\"twitter:label2\" content=\"Est. reading time\" \/>\n\t<meta name=\"twitter:data2\" content=\"1 minuta\" \/>\n<script type=\"application\/ld+json\" class=\"yoast-schema-graph\">{\"@context\":\"https:\/\/schema.org\",\"@graph\":[{\"@type\":\"Article\",\"@id\":\"https:\/\/tuzlainfo.ba\/index.php\/novosti\/item\/136144-ekspresno-smijenjen-menadzment-rtvtk-softic-najavio-tuzbu\/#article\",\"isPartOf\":{\"@id\":\"https:\/\/tuzlainfo.ba\/index.php\/novosti\/item\/136144-ekspresno-smijenjen-menadzment-rtvtk-softic-najavio-tuzbu\/\"},\"author\":{\"name\":\"nedim\",\"@id\":\"https:\/\/tuzlainfo.ba\/#\/schema\/person\/f434e20dc27ea133923aab08451b7f7f\"},\"headline\":\"Ekspresno smijenjen menad\u017ement RTVTK, Softi\u0107 najavio tu\u017ebu\",\"datePublished\":\"2021-04-23T19:43:32+00:00\",\"dateModified\":\"2021-04-24T09:15:26+00:00\",\"mainEntityOfPage\":{\"@id\":\"https:\/\/tuzlainfo.ba\/index.php\/novosti\/item\/136144-ekspresno-smijenjen-menadzment-rtvtk-softic-najavio-tuzbu\/\"},\"wordCount\":134,\"commentCount\":0,\"publisher\":{\"@id\":\"https:\/\/tuzlainfo.ba\/#organization\"},\"image\":{\"@id\":\"https:\/\/tuzlainfo.ba\/index.php\/novosti\/item\/136144-ekspresno-smijenjen-menadzment-rtvtk-softic-najavio-tuzbu\/#primaryimage\"},\"thumbnailUrl\":\"https:\/\/tuzlainfo.ba\/wp-content\/uploads\/2021\/04\/2304_kasim_softic.jpg\",\"keywords\":[\"kasim softi\u0107\",\"RTVTK\"],\"articleSection\":[\"Istaknuto\",\"Novosti\",\"Preporu\u010dujemo\"],\"inLanguage\":\"bs-BA\"},{\"@type\":\"WebPage\",\"@id\":\"https:\/\/tuzlainfo.ba\/index.php\/novosti\/item\/136144-ekspresno-smijenjen-menadzment-rtvtk-softic-najavio-tuzbu\/\",\"url\":\"https:\/\/tuzlainfo.ba\/index.php\/novosti\/item\/136144-ekspresno-smijenjen-menadzment-rtvtk-softic-najavio-tuzbu\/\",\"name\":\"Ekspresno smijenjen menad\u017ement RTVTK, Softi\u0107 najavio tu\u017ebu - TuzlaInfo.ba\",\"isPartOf\":{\"@id\":\"https:\/\/tuzlainfo.ba\/#website\"},\"primaryImageOfPage\":{\"@id\":\"https:\/\/tuzlainfo.ba\/index.php\/novosti\/item\/136144-ekspresno-smijenjen-menadzment-rtvtk-softic-najavio-tuzbu\/#primaryimage\"},\"image\":{\"@id\":\"https:\/\/tuzlainfo.ba\/index.php\/novosti\/item\/136144-ekspresno-smijenjen-menadzment-rtvtk-softic-najavio-tuzbu\/#primaryimage\"},\"thumbnailUrl\":\"https:\/\/tuzlainfo.ba\/wp-content\/uploads\/2021\/04\/2304_kasim_softic.jpg\",\"datePublished\":\"2021-04-23T19:43:32+00:00\",\"dateModified\":\"2021-04-24T09:15:26+00:00\",\"breadcrumb\":{\"@id\":\"https:\/\/tuzlainfo.ba\/index.php\/novosti\/item\/136144-ekspresno-smijenjen-menadzment-rtvtk-softic-najavio-tuzbu\/#breadcrumb\"},\"inLanguage\":\"bs-BA\",\"potentialAction\":[{\"@type\":\"ReadAction\",\"target\":[\"https:\/\/tuzlainfo.ba\/index.php\/novosti\/item\/136144-ekspresno-smijenjen-menadzment-rtvtk-softic-najavio-tuzbu\/\"]}]},{\"@type\":\"ImageObject\",\"inLanguage\":\"bs-BA\",\"@id\":\"https:\/\/tuzlainfo.ba\/index.php\/novosti\/item\/136144-ekspresno-smijenjen-menadzment-rtvtk-softic-najavio-tuzbu\/#primaryimage\",\"url\":\"https:\/\/tuzlainfo.ba\/wp-content\/uploads\/2021\/04\/2304_kasim_softic.jpg\",\"contentUrl\":\"https:\/\/tuzlainfo.ba\/wp-content\/uploads\/2021\/04\/2304_kasim_softic.jpg\",\"width\":960,\"height\":720},{\"@type\":\"BreadcrumbList\",\"@id\":\"https:\/\/tuzlainfo.ba\/index.php\/novosti\/item\/136144-ekspresno-smijenjen-menadzment-rtvtk-softic-najavio-tuzbu\/#breadcrumb\",\"itemListElement\":[{\"@type\":\"ListItem\",\"position\":1,\"name\":\"Home\",\"item\":\"https:\/\/tuzlainfo.ba\/\"},{\"@type\":\"ListItem\",\"position\":2,\"name\":\"Ekspresno smijenjen menad\u017ement RTVTK, Softi\u0107 najavio tu\u017ebu\"}]},{\"@type\":\"WebSite\",\"@id\":\"https:\/\/tuzlainfo.ba\/#website\",\"url\":\"https:\/\/tuzlainfo.ba\/\",\"name\":\"TuzlaInfo.ba\",\"description\":\"Tuzla info, gradski informator - Tuzla na dlanu\",\"publisher\":{\"@id\":\"https:\/\/tuzlainfo.ba\/#organization\"},\"potentialAction\":[{\"@type\":\"SearchAction\",\"target\":{\"@type\":\"EntryPoint\",\"urlTemplate\":\"https:\/\/tuzlainfo.ba\/?s={search_term_string}\"},\"query-input\":{\"@type\":\"PropertyValueSpecification\",\"valueRequired\":true,\"valueName\":\"search_term_string\"}}],\"inLanguage\":\"bs-BA\"},{\"@type\":\"Organization\",\"@id\":\"https:\/\/tuzlainfo.ba\/#organization\",\"name\":\"TuzlaInfo.ba\",\"url\":\"https:\/\/tuzlainfo.ba\/\",\"logo\":{\"@type\":\"ImageObject\",\"inLanguage\":\"bs-BA\",\"@id\":\"https:\/\/tuzlainfo.ba\/#\/schema\/logo\/image\/\",\"url\":\"https:\/\/tuzlainfo.ba\/wp-content\/uploads\/2021\/03\/logo-ver-3-1.png\",\"contentUrl\":\"https:\/\/tuzlainfo.ba\/wp-content\/uploads\/2021\/03\/logo-ver-3-1.png\",\"width\":350,\"height\":95,\"caption\":\"TuzlaInfo.ba\"},\"image\":{\"@id\":\"https:\/\/tuzlainfo.ba\/#\/schema\/logo\/image\/\"},\"sameAs\":[\"https:\/\/www.facebook.com\/tuzlainfo.ba\/\"]},{\"@type\":\"Person\",\"@id\":\"https:\/\/tuzlainfo.ba\/#\/schema\/person\/f434e20dc27ea133923aab08451b7f7f\",\"name\":\"nedim\",\"image\":{\"@type\":\"ImageObject\",\"inLanguage\":\"bs-BA\",\"@id\":\"https:\/\/tuzlainfo.ba\/#\/schema\/person\/image\/\",\"url\":\"https:\/\/tuzlainfo.ba\/wp-content\/litespeed\/avatar\/aabad687af24844af817603ac1cbdc4f.jpg?ver=1776702173\",\"contentUrl\":\"https:\/\/tuzlainfo.ba\/wp-content\/litespeed\/avatar\/aabad687af24844af817603ac1cbdc4f.jpg?ver=1776702173\",\"caption\":\"nedim\"},\"description\":\"Tuzlainfo.ba pratite na dru\u0161tvenim mre\u017eama: Facebook, Instagram i Youtube. Svoje pri\u010de, upite i fotografije \u0161aljite na na\u0161u e-mail adresu.\"}]}<\/script>\n<!-- \/ Yoast SEO plugin. -->","yoast_head_json":{"title":"Ekspresno smijenjen menad\u017ement RTVTK, Softi\u0107 najavio tu\u017ebu - TuzlaInfo.ba","robots":{"index":"index","follow":"follow","max-snippet":"max-snippet:-1","max-image-preview":"max-image-preview:large","max-video-preview":"max-video-preview:-1"},"canonical":"https:\/\/tuzlainfo.ba\/index.php\/novosti\/item\/136144-ekspresno-smijenjen-menadzment-rtvtk-softic-najavio-tuzbu\/","og_locale":"bs_BA","og_type":"article","og_title":"Ekspresno smijenjen menad\u017ement RTVTK, Softi\u0107 najavio tu\u017ebu - TuzlaInfo.ba","og_description":"Kasim Softi\u0107 direktor Radio televizije Tuzlanskog kantona (RTV TK), Admira Baki\u0107 izvr\u0161na direktorica za program,&hellip;","og_url":"https:\/\/tuzlainfo.ba\/index.php\/novosti\/item\/136144-ekspresno-smijenjen-menadzment-rtvtk-softic-najavio-tuzbu\/","og_site_name":"TuzlaInfo.ba","article_publisher":"https:\/\/www.facebook.com\/tuzlainfo.ba\/","article_published_time":"2021-04-23T19:43:32+00:00","article_modified_time":"2021-04-24T09:15:26+00:00","og_image":[{"width":960,"height":720,"url":"https:\/\/tuzlainfo.ba\/wp-content\/uploads\/2021\/04\/2304_kasim_softic.jpg","type":"image\/jpeg"}],"author":"nedim","twitter_card":"summary_large_image","twitter_misc":{"Written by":"nedim","Est. reading time":"1 minuta"},"schema":{"@context":"https:\/\/schema.org","@graph":[{"@type":"Article","@id":"https:\/\/tuzlainfo.ba\/index.php\/novosti\/item\/136144-ekspresno-smijenjen-menadzment-rtvtk-softic-najavio-tuzbu\/#article","isPartOf":{"@id":"https:\/\/tuzlainfo.ba\/index.php\/novosti\/item\/136144-ekspresno-smijenjen-menadzment-rtvtk-softic-najavio-tuzbu\/"},"author":{"name":"nedim","@id":"https:\/\/tuzlainfo.ba\/#\/schema\/person\/f434e20dc27ea133923aab08451b7f7f"},"headline":"Ekspresno smijenjen menad\u017ement RTVTK, Softi\u0107 najavio tu\u017ebu","datePublished":"2021-04-23T19:43:32+00:00","dateModified":"2021-04-24T09:15:26+00:00","mainEntityOfPage":{"@id":"https:\/\/tuzlainfo.ba\/index.php\/novosti\/item\/136144-ekspresno-smijenjen-menadzment-rtvtk-softic-najavio-tuzbu\/"},"wordCount":134,"commentCount":0,"publisher":{"@id":"https:\/\/tuzlainfo.ba\/#organization"},"image":{"@id":"https:\/\/tuzlainfo.ba\/index.php\/novosti\/item\/136144-ekspresno-smijenjen-menadzment-rtvtk-softic-najavio-tuzbu\/#primaryimage"},"thumbnailUrl":"https:\/\/tuzlainfo.ba\/wp-content\/uploads\/2021\/04\/2304_kasim_softic.jpg","keywords":["kasim softi\u0107","RTVTK"],"articleSection":["Istaknuto","Novosti","Preporu\u010dujemo"],"inLanguage":"bs-BA"},{"@type":"WebPage","@id":"https:\/\/tuzlainfo.ba\/index.php\/novosti\/item\/136144-ekspresno-smijenjen-menadzment-rtvtk-softic-najavio-tuzbu\/","url":"https:\/\/tuzlainfo.ba\/index.php\/novosti\/item\/136144-ekspresno-smijenjen-menadzment-rtvtk-softic-najavio-tuzbu\/","name":"Ekspresno smijenjen menad\u017ement RTVTK, Softi\u0107 najavio tu\u017ebu - TuzlaInfo.ba","isPartOf":{"@id":"https:\/\/tuzlainfo.ba\/#website"},"primaryImageOfPage":{"@id":"https:\/\/tuzlainfo.ba\/index.php\/novosti\/item\/136144-ekspresno-smijenjen-menadzment-rtvtk-softic-najavio-tuzbu\/#primaryimage"},"image":{"@id":"https:\/\/tuzlainfo.ba\/index.php\/novosti\/item\/136144-ekspresno-smijenjen-menadzment-rtvtk-softic-najavio-tuzbu\/#primaryimage"},"thumbnailUrl":"https:\/\/tuzlainfo.ba\/wp-content\/uploads\/2021\/04\/2304_kasim_softic.jpg","datePublished":"2021-04-23T19:43:32+00:00","dateModified":"2021-04-24T09:15:26+00:00","breadcrumb":{"@id":"https:\/\/tuzlainfo.ba\/index.php\/novosti\/item\/136144-ekspresno-smijenjen-menadzment-rtvtk-softic-najavio-tuzbu\/#breadcrumb"},"inLanguage":"bs-BA","potentialAction":[{"@type":"ReadAction","target":["https:\/\/tuzlainfo.ba\/index.php\/novosti\/item\/136144-ekspresno-smijenjen-menadzment-rtvtk-softic-najavio-tuzbu\/"]}]},{"@type":"ImageObject","inLanguage":"bs-BA","@id":"https:\/\/tuzlainfo.ba\/index.php\/novosti\/item\/136144-ekspresno-smijenjen-menadzment-rtvtk-softic-najavio-tuzbu\/#primaryimage","url":"https:\/\/tuzlainfo.ba\/wp-content\/uploads\/2021\/04\/2304_kasim_softic.jpg","contentUrl":"https:\/\/tuzlainfo.ba\/wp-content\/uploads\/2021\/04\/2304_kasim_softic.jpg","width":960,"height":720},{"@type":"BreadcrumbList","@id":"https:\/\/tuzlainfo.ba\/index.php\/novosti\/item\/136144-ekspresno-smijenjen-menadzment-rtvtk-softic-najavio-tuzbu\/#breadcrumb","itemListElement":[{"@type":"ListItem","position":1,"name":"Home","item":"https:\/\/tuzlainfo.ba\/"},{"@type":"ListItem","position":2,"name":"Ekspresno smijenjen menad\u017ement RTVTK, Softi\u0107 najavio tu\u017ebu"}]},{"@type":"WebSite","@id":"https:\/\/tuzlainfo.ba\/#website","url":"https:\/\/tuzlainfo.ba\/","name":"TuzlaInfo.ba","description":"Tuzla info, gradski informator - Tuzla na dlanu","publisher":{"@id":"https:\/\/tuzlainfo.ba\/#organization"},"potentialAction":[{"@type":"SearchAction","target":{"@type":"EntryPoint","urlTemplate":"https:\/\/tuzlainfo.ba\/?s={search_term_string}"},"query-input":{"@type":"PropertyValueSpecification","valueRequired":true,"valueName":"search_term_string"}}],"inLanguage":"bs-BA"},{"@type":"Organization","@id":"https:\/\/tuzlainfo.ba\/#organization","name":"TuzlaInfo.ba","url":"https:\/\/tuzlainfo.ba\/","logo":{"@type":"ImageObject","inLanguage":"bs-BA","@id":"https:\/\/tuzlainfo.ba\/#\/schema\/logo\/image\/","url":"https:\/\/tuzlainfo.ba\/wp-content\/uploads\/2021\/03\/logo-ver-3-1.png","contentUrl":"https:\/\/tuzlainfo.ba\/wp-content\/uploads\/2021\/03\/logo-ver-3-1.png","width":350,"height":95,"caption":"TuzlaInfo.ba"},"image":{"@id":"https:\/\/tuzlainfo.ba\/#\/schema\/logo\/image\/"},"sameAs":["https:\/\/www.facebook.com\/tuzlainfo.ba\/"]},{"@type":"Person","@id":"https:\/\/tuzlainfo.ba\/#\/schema\/person\/f434e20dc27ea133923aab08451b7f7f","name":"nedim","image":{"@type":"ImageObject","inLanguage":"bs-BA","@id":"https:\/\/tuzlainfo.ba\/#\/schema\/person\/image\/","url":"https:\/\/tuzlainfo.ba\/wp-content\/litespeed\/avatar\/aabad687af24844af817603ac1cbdc4f.jpg?ver=1776702173","contentUrl":"https:\/\/tuzlainfo.ba\/wp-content\/litespeed\/avatar\/aabad687af24844af817603ac1cbdc4f.jpg?ver=1776702173","caption":"nedim"},"description":"Tuzlainfo.ba pratite na dru\u0161tvenim mre\u017eama: Facebook, Instagram i Youtube. Svoje pri\u010de, upite i fotografije \u0161aljite na na\u0161u e-mail adresu."}]}},"_links":{"self":[{"href":"https:\/\/tuzlainfo.ba\/index.php\/wp-json\/wp\/v2\/posts\/136144"}],"collection":[{"href":"https:\/\/tuzlainfo.ba\/index.php\/wp-json\/wp\/v2\/posts"}],"about":[{"href":"https:\/\/tuzlainfo.ba\/index.php\/wp-json\/wp\/v2\/types\/post"}],"author":[{"embeddable":true,"href":"https:\/\/tuzlainfo.ba\/index.php\/wp-json\/wp\/v2\/users\/2"}],"replies":[{"embeddable":true,"href":"https:\/\/tuzlainfo.ba\/index.php\/wp-json\/wp\/v2\/comments?post=136144"}],"version-history":[{"count":0,"href":"https:\/\/tuzlainfo.ba\/index.php\/wp-json\/wp\/v2\/posts\/136144\/revisions"}],"wp:featuredmedia":[{"embeddable":true,"href":"https:\/\/tuzlainfo.ba\/index.php\/wp-json\/wp\/v2\/media\/136145"}],"wp:attachment":[{"href":"https:\/\/tuzlainfo.ba\/index.php\/wp-json\/wp\/v2\/media?parent=136144"}],"wp:term":[{"taxonomy":"category","embeddable":true,"href":"https:\/\/tuzlainfo.ba\/index.php\/wp-json\/wp\/v2\/categories?post=136144"},{"taxonomy":"post_tag","embeddable":true,"href":"https:\/\/tuzlainfo.ba\/index.php\/wp-json\/wp\/v2\/tags?post=136144"}],"curies":[{"name":"wp","href":"https:\/\/api.w.org\/{rel}","templated":true}]}}