{"id":136082,"date":"2021-04-22T21:27:04","date_gmt":"2021-04-22T19:27:04","guid":{"rendered":"https:\/\/tuzlainfo.ba\/?p=136082"},"modified":"2021-04-22T21:27:04","modified_gmt":"2021-04-22T19:27:04","slug":"skandal-ili-nesporazum-stanivukovic-bio-ozvucen-na-sastanku-sa-vucicem","status":"publish","type":"post","link":"https:\/\/tuzlainfo.ba\/index.php\/bosna-i-hercegovina\/item\/136082-skandal-ili-nesporazum-stanivukovic-bio-ozvucen-na-sastanku-sa-vucicem\/","title":{"rendered":"Skandal ili nesporazum: Stanivukovi\u0107 bio &#8220;ozvu\u010den&#8221; na sastanku sa Vu\u010di\u0107em"},"content":{"rendered":"<p>Bubica koju je danas tokom sastanka sa rukovodstvom Republike Srpske i Srbije na svom odijelu imao Dra\u0161ko Stanivukovi\u0107, gradona\u010delnik Banjaluke izazvala je veliku polemiku.<\/p>\n<div class=\"clearfix bannerTijelo\"><\/div>\n<p>Stanivukovi\u0107 se danas u Banskom dvoru sastao sa Aleksandron Vu\u010di\u0107em, predsjednikom Srbije, Miloradom Dodikom, predsjedavaju\u0107im Predsjedni\u0161tva BiH i Mladenom Ili\u0107em predsjednikom Skup\u0161tine grada Banjaluka.<\/p>\n<p>Nakon \u0161to je primje\u0107ena bubica, Stanivukovi\u0107 je opomenut.<\/p>\n<p>Postoji vi\u0161e verzija pri\u010de, jedni tvrde da gradona\u010delnik nije bio ozvu\u010den, te da mu je ostala na reveru jer je prije sastanka bio na snimanju spota povodom Dana grada.<\/p>\n<p>Nezavani\u010dno saznajemo da je i Stanivukovi\u0107 prilikom opomene rekao da se bubica na odijelu na\u0161la slu\u010dajno, te da nije to namjerno uradio.<\/p>\n<p>Da li je je gradona\u010delnik Banjaluke htio da snimi razgovor tokom sastanka nije poznato, jer se zvani\u010dno oko ovog doga\u0111aja jo\u0161 uvijek niko nije oglasio, pi\u0161u Nezavisne novine.<\/p>\n<p>Predsjednica Republike Srpske \u017deljka Cvijanovi\u0107 izjavila je Srni da je nezamisliv dana\u0161nji skandal koji je izazvao gradona\u010delnik Banjaluke Dra\u0161ko Stanivukovi\u0107 kada je na sastanak sa rukovodstvima Srpske i Srbije u\u0161ao sa &#8220;bubicom&#8221;, isti\u010du\u0107i da je to blama\u017ea i Banjaluke i njenih gra\u0111ana.<\/p>\n<p>\u201cDa li je u pitanju samo bruka, nepo\u0161tovanje institucija i funkcionera Srbije i Srpske, ili je budalasta dje\u010dija igra spremljena za nastavak virtuelnog \u017eivota gradona\u010delnika jer o konkretnim stvarima ni\u0161ta ne zna, \u010demu smo danas svjedo\u010dili na sastanku sa gradona\u010delnikom, ili je posao obavljan za neku stranu slu\u017ebu, to se treba ispitati\u201d, istakla je Cvijanovi\u0107.<\/p>\n<p>Upitana da prokomentari\u0161e skandal sa &#8220;bubicom&#8221;, Cvijanovi\u0107 je rekla da je \u010dinjenica da je tako ne\u0161to nezamislivo u ozbiljnoj komunikaciji ozbiljnih ljudi i naglasila da je to bacilo tamnu sjenu na mno\u0161tvo lijepih dana\u0161njih doga\u0111aja i dobrih planova.<\/p>\n","protected":false},"excerpt":{"rendered":"<p>Bubica koju je danas tokom sastanka sa rukovodstvom Republike Srpske i Srbije na svom odijelu&hellip;<\/p>\n","protected":false},"author":2,"featured_media":136083,"comment_status":"open","ping_status":"closed","sticky":false,"template":"","format":"standard","meta":{"_acf_changed":false,"footnotes":""},"categories":[291],"tags":[589,778],"acf":[],"yoast_head":"<!-- This site is optimized with the Yoast SEO plugin v23.5 - https:\/\/yoast.com\/wordpress\/plugins\/seo\/ -->\n<title>Skandal ili nesporazum: Stanivukovi\u0107 bio &quot;ozvu\u010den&quot; na sastanku sa Vu\u010di\u0107em - TuzlaInfo.ba<\/title>\n<meta name=\"robots\" content=\"index, follow, max-snippet:-1, max-image-preview:large, max-video-preview:-1\" \/>\n<link rel=\"canonical\" href=\"https:\/\/tuzlainfo.ba\/index.php\/bosna-i-hercegovina\/item\/136082-skandal-ili-nesporazum-stanivukovic-bio-ozvucen-na-sastanku-sa-vucicem\/\" \/>\n<meta property=\"og:locale\" content=\"bs_BA\" \/>\n<meta property=\"og:type\" content=\"article\" \/>\n<meta property=\"og:title\" content=\"Skandal ili nesporazum: Stanivukovi\u0107 bio &quot;ozvu\u010den&quot; na sastanku sa Vu\u010di\u0107em - TuzlaInfo.ba\" \/>\n<meta property=\"og:description\" content=\"Bubica koju je danas tokom sastanka sa rukovodstvom Republike Srpske i Srbije na svom odijelu&hellip;\" \/>\n<meta property=\"og:url\" content=\"https:\/\/tuzlainfo.ba\/index.php\/bosna-i-hercegovina\/item\/136082-skandal-ili-nesporazum-stanivukovic-bio-ozvucen-na-sastanku-sa-vucicem\/\" \/>\n<meta property=\"og:site_name\" content=\"TuzlaInfo.ba\" \/>\n<meta property=\"article:publisher\" content=\"https:\/\/www.facebook.com\/tuzlainfo.ba\/\" \/>\n<meta property=\"article:published_time\" content=\"2021-04-22T19:27:04+00:00\" \/>\n<meta property=\"og:image\" content=\"https:\/\/tuzlainfo.ba\/wp-content\/uploads\/2021\/04\/2204_stanivukovic_vucic.jpg\" \/>\n\t<meta property=\"og:image:width\" content=\"1280\" \/>\n\t<meta property=\"og:image:height\" content=\"927\" \/>\n\t<meta property=\"og:image:type\" content=\"image\/jpeg\" \/>\n<meta name=\"author\" content=\"nedim\" \/>\n<meta name=\"twitter:card\" content=\"summary_large_image\" \/>\n<meta name=\"twitter:label1\" content=\"Written by\" \/>\n\t<meta name=\"twitter:data1\" content=\"nedim\" \/>\n\t<meta name=\"twitter:label2\" content=\"Est. reading time\" \/>\n\t<meta name=\"twitter:data2\" content=\"2 minute\" \/>\n<script type=\"application\/ld+json\" class=\"yoast-schema-graph\">{\"@context\":\"https:\/\/schema.org\",\"@graph\":[{\"@type\":\"Article\",\"@id\":\"https:\/\/tuzlainfo.ba\/index.php\/bosna-i-hercegovina\/item\/136082-skandal-ili-nesporazum-stanivukovic-bio-ozvucen-na-sastanku-sa-vucicem\/#article\",\"isPartOf\":{\"@id\":\"https:\/\/tuzlainfo.ba\/index.php\/bosna-i-hercegovina\/item\/136082-skandal-ili-nesporazum-stanivukovic-bio-ozvucen-na-sastanku-sa-vucicem\/\"},\"author\":{\"name\":\"nedim\",\"@id\":\"https:\/\/tuzlainfo.ba\/#\/schema\/person\/f434e20dc27ea133923aab08451b7f7f\"},\"headline\":\"Skandal ili nesporazum: Stanivukovi\u0107 bio &#8220;ozvu\u010den&#8221; na sastanku sa Vu\u010di\u0107em\",\"datePublished\":\"2021-04-22T19:27:04+00:00\",\"dateModified\":\"2021-04-22T19:27:04+00:00\",\"mainEntityOfPage\":{\"@id\":\"https:\/\/tuzlainfo.ba\/index.php\/bosna-i-hercegovina\/item\/136082-skandal-ili-nesporazum-stanivukovic-bio-ozvucen-na-sastanku-sa-vucicem\/\"},\"wordCount\":323,\"commentCount\":0,\"publisher\":{\"@id\":\"https:\/\/tuzlainfo.ba\/#organization\"},\"image\":{\"@id\":\"https:\/\/tuzlainfo.ba\/index.php\/bosna-i-hercegovina\/item\/136082-skandal-ili-nesporazum-stanivukovic-bio-ozvucen-na-sastanku-sa-vucicem\/#primaryimage\"},\"thumbnailUrl\":\"https:\/\/tuzlainfo.ba\/wp-content\/uploads\/2021\/04\/2204_stanivukovic_vucic.jpg\",\"keywords\":[\"banja luka\",\"dra\u0161ko stanivukovi\u0107\"],\"articleSection\":[\"Bosna i Hercegovina\"],\"inLanguage\":\"bs-BA\"},{\"@type\":\"WebPage\",\"@id\":\"https:\/\/tuzlainfo.ba\/index.php\/bosna-i-hercegovina\/item\/136082-skandal-ili-nesporazum-stanivukovic-bio-ozvucen-na-sastanku-sa-vucicem\/\",\"url\":\"https:\/\/tuzlainfo.ba\/index.php\/bosna-i-hercegovina\/item\/136082-skandal-ili-nesporazum-stanivukovic-bio-ozvucen-na-sastanku-sa-vucicem\/\",\"name\":\"Skandal ili nesporazum: Stanivukovi\u0107 bio \\\"ozvu\u010den\\\" na sastanku sa Vu\u010di\u0107em - TuzlaInfo.ba\",\"isPartOf\":{\"@id\":\"https:\/\/tuzlainfo.ba\/#website\"},\"primaryImageOfPage\":{\"@id\":\"https:\/\/tuzlainfo.ba\/index.php\/bosna-i-hercegovina\/item\/136082-skandal-ili-nesporazum-stanivukovic-bio-ozvucen-na-sastanku-sa-vucicem\/#primaryimage\"},\"image\":{\"@id\":\"https:\/\/tuzlainfo.ba\/index.php\/bosna-i-hercegovina\/item\/136082-skandal-ili-nesporazum-stanivukovic-bio-ozvucen-na-sastanku-sa-vucicem\/#primaryimage\"},\"thumbnailUrl\":\"https:\/\/tuzlainfo.ba\/wp-content\/uploads\/2021\/04\/2204_stanivukovic_vucic.jpg\",\"datePublished\":\"2021-04-22T19:27:04+00:00\",\"dateModified\":\"2021-04-22T19:27:04+00:00\",\"breadcrumb\":{\"@id\":\"https:\/\/tuzlainfo.ba\/index.php\/bosna-i-hercegovina\/item\/136082-skandal-ili-nesporazum-stanivukovic-bio-ozvucen-na-sastanku-sa-vucicem\/#breadcrumb\"},\"inLanguage\":\"bs-BA\",\"potentialAction\":[{\"@type\":\"ReadAction\",\"target\":[\"https:\/\/tuzlainfo.ba\/index.php\/bosna-i-hercegovina\/item\/136082-skandal-ili-nesporazum-stanivukovic-bio-ozvucen-na-sastanku-sa-vucicem\/\"]}]},{\"@type\":\"ImageObject\",\"inLanguage\":\"bs-BA\",\"@id\":\"https:\/\/tuzlainfo.ba\/index.php\/bosna-i-hercegovina\/item\/136082-skandal-ili-nesporazum-stanivukovic-bio-ozvucen-na-sastanku-sa-vucicem\/#primaryimage\",\"url\":\"https:\/\/tuzlainfo.ba\/wp-content\/uploads\/2021\/04\/2204_stanivukovic_vucic.jpg\",\"contentUrl\":\"https:\/\/tuzlainfo.ba\/wp-content\/uploads\/2021\/04\/2204_stanivukovic_vucic.jpg\",\"width\":1280,\"height\":927},{\"@type\":\"BreadcrumbList\",\"@id\":\"https:\/\/tuzlainfo.ba\/index.php\/bosna-i-hercegovina\/item\/136082-skandal-ili-nesporazum-stanivukovic-bio-ozvucen-na-sastanku-sa-vucicem\/#breadcrumb\",\"itemListElement\":[{\"@type\":\"ListItem\",\"position\":1,\"name\":\"Home\",\"item\":\"https:\/\/tuzlainfo.ba\/\"},{\"@type\":\"ListItem\",\"position\":2,\"name\":\"Skandal ili nesporazum: Stanivukovi\u0107 bio &#8220;ozvu\u010den&#8221; na sastanku sa Vu\u010di\u0107em\"}]},{\"@type\":\"WebSite\",\"@id\":\"https:\/\/tuzlainfo.ba\/#website\",\"url\":\"https:\/\/tuzlainfo.ba\/\",\"name\":\"TuzlaInfo.ba\",\"description\":\"Tuzla info, gradski informator - Tuzla na dlanu\",\"publisher\":{\"@id\":\"https:\/\/tuzlainfo.ba\/#organization\"},\"potentialAction\":[{\"@type\":\"SearchAction\",\"target\":{\"@type\":\"EntryPoint\",\"urlTemplate\":\"https:\/\/tuzlainfo.ba\/?s={search_term_string}\"},\"query-input\":{\"@type\":\"PropertyValueSpecification\",\"valueRequired\":true,\"valueName\":\"search_term_string\"}}],\"inLanguage\":\"bs-BA\"},{\"@type\":\"Organization\",\"@id\":\"https:\/\/tuzlainfo.ba\/#organization\",\"name\":\"TuzlaInfo.ba\",\"url\":\"https:\/\/tuzlainfo.ba\/\",\"logo\":{\"@type\":\"ImageObject\",\"inLanguage\":\"bs-BA\",\"@id\":\"https:\/\/tuzlainfo.ba\/#\/schema\/logo\/image\/\",\"url\":\"https:\/\/tuzlainfo.ba\/wp-content\/uploads\/2021\/03\/logo-ver-3-1.png\",\"contentUrl\":\"https:\/\/tuzlainfo.ba\/wp-content\/uploads\/2021\/03\/logo-ver-3-1.png\",\"width\":350,\"height\":95,\"caption\":\"TuzlaInfo.ba\"},\"image\":{\"@id\":\"https:\/\/tuzlainfo.ba\/#\/schema\/logo\/image\/\"},\"sameAs\":[\"https:\/\/www.facebook.com\/tuzlainfo.ba\/\"]},{\"@type\":\"Person\",\"@id\":\"https:\/\/tuzlainfo.ba\/#\/schema\/person\/f434e20dc27ea133923aab08451b7f7f\",\"name\":\"nedim\",\"image\":{\"@type\":\"ImageObject\",\"inLanguage\":\"bs-BA\",\"@id\":\"https:\/\/tuzlainfo.ba\/#\/schema\/person\/image\/\",\"url\":\"https:\/\/tuzlainfo.ba\/wp-content\/litespeed\/avatar\/aabad687af24844af817603ac1cbdc4f.jpg?ver=1777306975\",\"contentUrl\":\"https:\/\/tuzlainfo.ba\/wp-content\/litespeed\/avatar\/aabad687af24844af817603ac1cbdc4f.jpg?ver=1777306975\",\"caption\":\"nedim\"},\"description\":\"Tuzlainfo.ba pratite na dru\u0161tvenim mre\u017eama: Facebook, Instagram i Youtube. Svoje pri\u010de, upite i fotografije \u0161aljite na na\u0161u e-mail adresu.\"}]}<\/script>\n<!-- \/ Yoast SEO plugin. -->","yoast_head_json":{"title":"Skandal ili nesporazum: Stanivukovi\u0107 bio \"ozvu\u010den\" na sastanku sa Vu\u010di\u0107em - TuzlaInfo.ba","robots":{"index":"index","follow":"follow","max-snippet":"max-snippet:-1","max-image-preview":"max-image-preview:large","max-video-preview":"max-video-preview:-1"},"canonical":"https:\/\/tuzlainfo.ba\/index.php\/bosna-i-hercegovina\/item\/136082-skandal-ili-nesporazum-stanivukovic-bio-ozvucen-na-sastanku-sa-vucicem\/","og_locale":"bs_BA","og_type":"article","og_title":"Skandal ili nesporazum: Stanivukovi\u0107 bio \"ozvu\u010den\" na sastanku sa Vu\u010di\u0107em - TuzlaInfo.ba","og_description":"Bubica koju je danas tokom sastanka sa rukovodstvom Republike Srpske i Srbije na svom odijelu&hellip;","og_url":"https:\/\/tuzlainfo.ba\/index.php\/bosna-i-hercegovina\/item\/136082-skandal-ili-nesporazum-stanivukovic-bio-ozvucen-na-sastanku-sa-vucicem\/","og_site_name":"TuzlaInfo.ba","article_publisher":"https:\/\/www.facebook.com\/tuzlainfo.ba\/","article_published_time":"2021-04-22T19:27:04+00:00","og_image":[{"width":1280,"height":927,"url":"https:\/\/tuzlainfo.ba\/wp-content\/uploads\/2021\/04\/2204_stanivukovic_vucic.jpg","type":"image\/jpeg"}],"author":"nedim","twitter_card":"summary_large_image","twitter_misc":{"Written by":"nedim","Est. reading time":"2 minute"},"schema":{"@context":"https:\/\/schema.org","@graph":[{"@type":"Article","@id":"https:\/\/tuzlainfo.ba\/index.php\/bosna-i-hercegovina\/item\/136082-skandal-ili-nesporazum-stanivukovic-bio-ozvucen-na-sastanku-sa-vucicem\/#article","isPartOf":{"@id":"https:\/\/tuzlainfo.ba\/index.php\/bosna-i-hercegovina\/item\/136082-skandal-ili-nesporazum-stanivukovic-bio-ozvucen-na-sastanku-sa-vucicem\/"},"author":{"name":"nedim","@id":"https:\/\/tuzlainfo.ba\/#\/schema\/person\/f434e20dc27ea133923aab08451b7f7f"},"headline":"Skandal ili nesporazum: Stanivukovi\u0107 bio &#8220;ozvu\u010den&#8221; na sastanku sa Vu\u010di\u0107em","datePublished":"2021-04-22T19:27:04+00:00","dateModified":"2021-04-22T19:27:04+00:00","mainEntityOfPage":{"@id":"https:\/\/tuzlainfo.ba\/index.php\/bosna-i-hercegovina\/item\/136082-skandal-ili-nesporazum-stanivukovic-bio-ozvucen-na-sastanku-sa-vucicem\/"},"wordCount":323,"commentCount":0,"publisher":{"@id":"https:\/\/tuzlainfo.ba\/#organization"},"image":{"@id":"https:\/\/tuzlainfo.ba\/index.php\/bosna-i-hercegovina\/item\/136082-skandal-ili-nesporazum-stanivukovic-bio-ozvucen-na-sastanku-sa-vucicem\/#primaryimage"},"thumbnailUrl":"https:\/\/tuzlainfo.ba\/wp-content\/uploads\/2021\/04\/2204_stanivukovic_vucic.jpg","keywords":["banja luka","dra\u0161ko stanivukovi\u0107"],"articleSection":["Bosna i Hercegovina"],"inLanguage":"bs-BA"},{"@type":"WebPage","@id":"https:\/\/tuzlainfo.ba\/index.php\/bosna-i-hercegovina\/item\/136082-skandal-ili-nesporazum-stanivukovic-bio-ozvucen-na-sastanku-sa-vucicem\/","url":"https:\/\/tuzlainfo.ba\/index.php\/bosna-i-hercegovina\/item\/136082-skandal-ili-nesporazum-stanivukovic-bio-ozvucen-na-sastanku-sa-vucicem\/","name":"Skandal ili nesporazum: Stanivukovi\u0107 bio \"ozvu\u010den\" na sastanku sa Vu\u010di\u0107em - TuzlaInfo.ba","isPartOf":{"@id":"https:\/\/tuzlainfo.ba\/#website"},"primaryImageOfPage":{"@id":"https:\/\/tuzlainfo.ba\/index.php\/bosna-i-hercegovina\/item\/136082-skandal-ili-nesporazum-stanivukovic-bio-ozvucen-na-sastanku-sa-vucicem\/#primaryimage"},"image":{"@id":"https:\/\/tuzlainfo.ba\/index.php\/bosna-i-hercegovina\/item\/136082-skandal-ili-nesporazum-stanivukovic-bio-ozvucen-na-sastanku-sa-vucicem\/#primaryimage"},"thumbnailUrl":"https:\/\/tuzlainfo.ba\/wp-content\/uploads\/2021\/04\/2204_stanivukovic_vucic.jpg","datePublished":"2021-04-22T19:27:04+00:00","dateModified":"2021-04-22T19:27:04+00:00","breadcrumb":{"@id":"https:\/\/tuzlainfo.ba\/index.php\/bosna-i-hercegovina\/item\/136082-skandal-ili-nesporazum-stanivukovic-bio-ozvucen-na-sastanku-sa-vucicem\/#breadcrumb"},"inLanguage":"bs-BA","potentialAction":[{"@type":"ReadAction","target":["https:\/\/tuzlainfo.ba\/index.php\/bosna-i-hercegovina\/item\/136082-skandal-ili-nesporazum-stanivukovic-bio-ozvucen-na-sastanku-sa-vucicem\/"]}]},{"@type":"ImageObject","inLanguage":"bs-BA","@id":"https:\/\/tuzlainfo.ba\/index.php\/bosna-i-hercegovina\/item\/136082-skandal-ili-nesporazum-stanivukovic-bio-ozvucen-na-sastanku-sa-vucicem\/#primaryimage","url":"https:\/\/tuzlainfo.ba\/wp-content\/uploads\/2021\/04\/2204_stanivukovic_vucic.jpg","contentUrl":"https:\/\/tuzlainfo.ba\/wp-content\/uploads\/2021\/04\/2204_stanivukovic_vucic.jpg","width":1280,"height":927},{"@type":"BreadcrumbList","@id":"https:\/\/tuzlainfo.ba\/index.php\/bosna-i-hercegovina\/item\/136082-skandal-ili-nesporazum-stanivukovic-bio-ozvucen-na-sastanku-sa-vucicem\/#breadcrumb","itemListElement":[{"@type":"ListItem","position":1,"name":"Home","item":"https:\/\/tuzlainfo.ba\/"},{"@type":"ListItem","position":2,"name":"Skandal ili nesporazum: Stanivukovi\u0107 bio &#8220;ozvu\u010den&#8221; na sastanku sa Vu\u010di\u0107em"}]},{"@type":"WebSite","@id":"https:\/\/tuzlainfo.ba\/#website","url":"https:\/\/tuzlainfo.ba\/","name":"TuzlaInfo.ba","description":"Tuzla info, gradski informator - Tuzla na dlanu","publisher":{"@id":"https:\/\/tuzlainfo.ba\/#organization"},"potentialAction":[{"@type":"SearchAction","target":{"@type":"EntryPoint","urlTemplate":"https:\/\/tuzlainfo.ba\/?s={search_term_string}"},"query-input":{"@type":"PropertyValueSpecification","valueRequired":true,"valueName":"search_term_string"}}],"inLanguage":"bs-BA"},{"@type":"Organization","@id":"https:\/\/tuzlainfo.ba\/#organization","name":"TuzlaInfo.ba","url":"https:\/\/tuzlainfo.ba\/","logo":{"@type":"ImageObject","inLanguage":"bs-BA","@id":"https:\/\/tuzlainfo.ba\/#\/schema\/logo\/image\/","url":"https:\/\/tuzlainfo.ba\/wp-content\/uploads\/2021\/03\/logo-ver-3-1.png","contentUrl":"https:\/\/tuzlainfo.ba\/wp-content\/uploads\/2021\/03\/logo-ver-3-1.png","width":350,"height":95,"caption":"TuzlaInfo.ba"},"image":{"@id":"https:\/\/tuzlainfo.ba\/#\/schema\/logo\/image\/"},"sameAs":["https:\/\/www.facebook.com\/tuzlainfo.ba\/"]},{"@type":"Person","@id":"https:\/\/tuzlainfo.ba\/#\/schema\/person\/f434e20dc27ea133923aab08451b7f7f","name":"nedim","image":{"@type":"ImageObject","inLanguage":"bs-BA","@id":"https:\/\/tuzlainfo.ba\/#\/schema\/person\/image\/","url":"https:\/\/tuzlainfo.ba\/wp-content\/litespeed\/avatar\/aabad687af24844af817603ac1cbdc4f.jpg?ver=1777306975","contentUrl":"https:\/\/tuzlainfo.ba\/wp-content\/litespeed\/avatar\/aabad687af24844af817603ac1cbdc4f.jpg?ver=1777306975","caption":"nedim"},"description":"Tuzlainfo.ba pratite na dru\u0161tvenim mre\u017eama: Facebook, Instagram i Youtube. Svoje pri\u010de, upite i fotografije \u0161aljite na na\u0161u e-mail adresu."}]}},"_links":{"self":[{"href":"https:\/\/tuzlainfo.ba\/index.php\/wp-json\/wp\/v2\/posts\/136082"}],"collection":[{"href":"https:\/\/tuzlainfo.ba\/index.php\/wp-json\/wp\/v2\/posts"}],"about":[{"href":"https:\/\/tuzlainfo.ba\/index.php\/wp-json\/wp\/v2\/types\/post"}],"author":[{"embeddable":true,"href":"https:\/\/tuzlainfo.ba\/index.php\/wp-json\/wp\/v2\/users\/2"}],"replies":[{"embeddable":true,"href":"https:\/\/tuzlainfo.ba\/index.php\/wp-json\/wp\/v2\/comments?post=136082"}],"version-history":[{"count":0,"href":"https:\/\/tuzlainfo.ba\/index.php\/wp-json\/wp\/v2\/posts\/136082\/revisions"}],"wp:featuredmedia":[{"embeddable":true,"href":"https:\/\/tuzlainfo.ba\/index.php\/wp-json\/wp\/v2\/media\/136083"}],"wp:attachment":[{"href":"https:\/\/tuzlainfo.ba\/index.php\/wp-json\/wp\/v2\/media?parent=136082"}],"wp:term":[{"taxonomy":"category","embeddable":true,"href":"https:\/\/tuzlainfo.ba\/index.php\/wp-json\/wp\/v2\/categories?post=136082"},{"taxonomy":"post_tag","embeddable":true,"href":"https:\/\/tuzlainfo.ba\/index.php\/wp-json\/wp\/v2\/tags?post=136082"}],"curies":[{"name":"wp","href":"https:\/\/api.w.org\/{rel}","templated":true}]}}