{"id":136080,"date":"2021-04-22T21:14:00","date_gmt":"2021-04-22T19:14:00","guid":{"rendered":"https:\/\/tuzlainfo.ba\/?p=136080"},"modified":"2021-04-22T21:14:00","modified_gmt":"2021-04-22T19:14:00","slug":"bisera-turkovic-o-tome-da-im-nije-ugodno-u-bih-pricaju-oni-koji-godinama-blokiraju-njen-napredak","status":"publish","type":"post","link":"https:\/\/tuzlainfo.ba\/index.php\/bosna-i-hercegovina\/item\/136080-bisera-turkovic-o-tome-da-im-nije-ugodno-u-bih-pricaju-oni-koji-godinama-blokiraju-njen-napredak\/","title":{"rendered":"Bisera Turkovi\u0107: O tome da im nije ugodno u BiH pri\u010daju oni koji godinama blokiraju njen napredak"},"content":{"rendered":"<div dir=\"auto\">Na dana\u0161nje izjave zvani\u010dnika Republike Srbije i entiteta Republika Srpska, reagovala je i Bisera Turkovi\u0107 ministrica vanjskih poslova Bosne i Hercegovine,.<\/div>\n<div dir=\"auto\"><\/div>\n<div dir=\"auto\"><\/div>\n<div dir=\"auto\">&#8211; BiH je apsolutno otvorena za svaku vrstu i ekonomske, razvojne saradnje sa Srbijom i tu nema nikakve dileme. Vjerujemo i da otvorena pitanja mo\u017eemo rije\u0161iti dijalogom i u tom smislu imamo redovne kontakte sa srbijanskim zvani\u010dnicima. Svi projekti koji \u0107e donijeti interes gra\u0111anima, uklju\u010duju\u0107i autoputeve, prometno povezivanje, \u017eeljeznice, slobodna trgovina nisu sporni niti ih se u Sarajevu blokira. Naprotiv, aktivno se radi na mnogima, uklju\u010duju\u0107i i pitanje izgradnje autoputa Sarajevo-Beograd &#8211; istakal je Turkovi\u0107eva koja je pored toga naglasila nekoliko \u010dinjenica_<\/div>\n<div dir=\"auto\"><\/div>\n<div dir=\"auto\">Ista politika koja i danas govori da nije za sukob ali da ne mo\u017ee u BiH prona\u0107i svoj interes, kontinuirano i godinama radi na tome da BiH ne bude funkcionalna i uspje\u0161na, blokira evropske reforme, bud\u017eete, projekte, nerijetko i institucije, koristi mehanizme za opstrukciju gdje god to mo\u017ee, blokirali su godinama povratak raseljenih, povratnici \u017eive u atmosferi straha u RS gdje se slave ratni zlo\u010dinci, negira se Bosanski jezik, svako malo se desi neki napad na povratnike, na d\u017eamiju itd., da bi onda na kraju govorili \u201cda im nije komotno u toj BiH i da treba pri\u010dati o mirnom razlazu\u201d.<\/div>\n<div class=\"o9v6fnle cxmmr5t8 oygrvhab hcukyx3x c1et5uql ii04i59q\">\n<div dir=\"auto\"><\/div>\n<div dir=\"auto\"><\/div>\n<div dir=\"auto\">Ja ih pozivam da prestanu sa takvom politikom, da prestanu sa blokadama, opstrukcijama i politiziranjem i da zajedni\u010dki radimo na ekonomskom i svakom drugom boljitku, da ispunjavamo evropske standarde, da zavr\u0161imo posao na 14 klju\u010dnih prioriteta EU i krenemo ka \u010dlanstvu, pa \u0107e vidjeti kako \u0107e im biti lijepo i komotno u njihovoj domovini Bosni i Hercegovini.<\/div>\n<\/div>\n<div class=\"o9v6fnle cxmmr5t8 oygrvhab hcukyx3x c1et5uql ii04i59q\">\n<div dir=\"auto\">Koliko god Dodik mo\u017eda \u017eelio ne\u0161to drugo, BiH je njegova domovina.<\/div>\n<\/div>\n<div class=\"o9v6fnle cxmmr5t8 oygrvhab hcukyx3x c1et5uql ii04i59q\">\n<div dir=\"auto\"><\/div>\n<div dir=\"auto\"><\/div>\n<div dir=\"auto\">Tada ne\u0107e biti primorani da uzimaju skupe zajmove \u0161irom svijeta i zadu\u017euju se kako bi izbjegli bankrot entitetskih vlasti. Jaka BiH je interes i srpskog naroda i gra\u0111ana koje \u017eive ovdje, jer samo takva dr\u017eava mo\u017ee i\u0107i putem napretka, ekonomskog progresa i \u010dlanstva u EU. Tada \u0107e mo\u017eda Dodik mo\u0107i uzvratiti pomo\u0107 Srbiji i ne\u0107e morati \u010dekati da Vu\u010di\u0107 pomogne siroma\u0161ne op\u0107ine. Funkcionalnija i ja\u010da BiH \u0107e sigurno bolje sara\u0111ivati sa Srbijom.<\/div>\n<\/div>\n<div class=\"o9v6fnle cxmmr5t8 oygrvhab hcukyx3x c1et5uql ii04i59q\">\n<div dir=\"auto\"><\/div>\n<div dir=\"auto\"><\/div>\n<div dir=\"auto\">Dodik treba biti iskren i re\u0107i svom narodu da politika kojom \u017eeli oslabiti Bosnu i Hercegovinu najvi\u0161e \u0161teti manjem entitetu i ljudima koji tamo \u017eive i skupo ih ko\u0161ta.<\/div>\n<\/div>\n<div class=\"o9v6fnle cxmmr5t8 oygrvhab hcukyx3x c1et5uql ii04i59q\">\n<div dir=\"auto\"><\/div>\n<div dir=\"auto\"><\/div>\n<div dir=\"auto\">Primjerice, blokirali su dogovor BiH sa Me\u0111unarodnim monetarnim fondom, gdje su svi, pa i RS mogli dobiti mnogo povoljnija sredstva od prodaje obveznica na berzi. A, razlog odbijanja je obi\u010dna politizacija i odbijanje jedne tehni\u010dke reforme, za koju tvrde da je rije\u010d o preno\u0161enju nadle\u017enosti na BiH. Ta odluka \u0107e RS ko\u0161tati desetine miliona maraka koje \u0107e biti pla\u0107ene u vi\u0161im kamatama, a platit \u0107e ih stanovni\u0161tvo RS &#8211; navela je Bisera Turkovi\u0107.<\/div>\n<\/div>\n","protected":false},"excerpt":{"rendered":"<p>Na dana\u0161nje izjave zvani\u010dnika Republike Srbije i entiteta Republika Srpska, reagovala je i Bisera Turkovi\u0107&hellip;<\/p>\n","protected":false},"author":2,"featured_media":87018,"comment_status":"open","ping_status":"closed","sticky":false,"template":"","format":"standard","meta":{"_acf_changed":false,"footnotes":""},"categories":[291],"tags":[744],"acf":[],"yoast_head":"<!-- This site is optimized with the Yoast SEO plugin v23.5 - https:\/\/yoast.com\/wordpress\/plugins\/seo\/ -->\n<title>Bisera Turkovi\u0107: O tome da im nije ugodno u BiH pri\u010daju oni koji godinama blokiraju njen napredak - TuzlaInfo.ba<\/title>\n<meta name=\"robots\" content=\"index, follow, max-snippet:-1, max-image-preview:large, max-video-preview:-1\" \/>\n<link rel=\"canonical\" href=\"https:\/\/tuzlainfo.ba\/index.php\/bosna-i-hercegovina\/item\/136080-bisera-turkovic-o-tome-da-im-nije-ugodno-u-bih-pricaju-oni-koji-godinama-blokiraju-njen-napredak\/\" \/>\n<meta property=\"og:locale\" content=\"bs_BA\" \/>\n<meta property=\"og:type\" content=\"article\" \/>\n<meta property=\"og:title\" content=\"Bisera Turkovi\u0107: O tome da im nije ugodno u BiH pri\u010daju oni koji godinama blokiraju njen napredak - TuzlaInfo.ba\" \/>\n<meta property=\"og:description\" content=\"Na dana\u0161nje izjave zvani\u010dnika Republike Srbije i entiteta Republika Srpska, reagovala je i Bisera Turkovi\u0107&hellip;\" \/>\n<meta property=\"og:url\" content=\"https:\/\/tuzlainfo.ba\/index.php\/bosna-i-hercegovina\/item\/136080-bisera-turkovic-o-tome-da-im-nije-ugodno-u-bih-pricaju-oni-koji-godinama-blokiraju-njen-napredak\/\" \/>\n<meta property=\"og:site_name\" content=\"TuzlaInfo.ba\" \/>\n<meta property=\"article:publisher\" content=\"https:\/\/www.facebook.com\/tuzlainfo.ba\/\" \/>\n<meta property=\"article:published_time\" content=\"2021-04-22T19:14:00+00:00\" \/>\n<meta property=\"og:image\" content=\"https:\/\/tuzlainfo.ba\/wp-content\/uploads\/2021\/03\/sadrzaj_2021_20210301_0303_bisera.jpg\" \/>\n\t<meta property=\"og:image:width\" content=\"770\" \/>\n\t<meta property=\"og:image:height\" content=\"525\" \/>\n\t<meta property=\"og:image:type\" content=\"image\/jpeg\" \/>\n<meta name=\"author\" content=\"nedim\" \/>\n<meta name=\"twitter:card\" content=\"summary_large_image\" \/>\n<meta name=\"twitter:label1\" content=\"Written by\" \/>\n\t<meta name=\"twitter:data1\" content=\"nedim\" \/>\n\t<meta name=\"twitter:label2\" content=\"Est. reading time\" \/>\n\t<meta name=\"twitter:data2\" content=\"2 minute\" \/>\n<script type=\"application\/ld+json\" class=\"yoast-schema-graph\">{\"@context\":\"https:\/\/schema.org\",\"@graph\":[{\"@type\":\"Article\",\"@id\":\"https:\/\/tuzlainfo.ba\/index.php\/bosna-i-hercegovina\/item\/136080-bisera-turkovic-o-tome-da-im-nije-ugodno-u-bih-pricaju-oni-koji-godinama-blokiraju-njen-napredak\/#article\",\"isPartOf\":{\"@id\":\"https:\/\/tuzlainfo.ba\/index.php\/bosna-i-hercegovina\/item\/136080-bisera-turkovic-o-tome-da-im-nije-ugodno-u-bih-pricaju-oni-koji-godinama-blokiraju-njen-napredak\/\"},\"author\":{\"name\":\"nedim\",\"@id\":\"https:\/\/tuzlainfo.ba\/#\/schema\/person\/f434e20dc27ea133923aab08451b7f7f\"},\"headline\":\"Bisera Turkovi\u0107: O tome da im nije ugodno u BiH pri\u010daju oni koji godinama blokiraju njen napredak\",\"datePublished\":\"2021-04-22T19:14:00+00:00\",\"dateModified\":\"2021-04-22T19:14:00+00:00\",\"mainEntityOfPage\":{\"@id\":\"https:\/\/tuzlainfo.ba\/index.php\/bosna-i-hercegovina\/item\/136080-bisera-turkovic-o-tome-da-im-nije-ugodno-u-bih-pricaju-oni-koji-godinama-blokiraju-njen-napredak\/\"},\"wordCount\":512,\"commentCount\":0,\"publisher\":{\"@id\":\"https:\/\/tuzlainfo.ba\/#organization\"},\"image\":{\"@id\":\"https:\/\/tuzlainfo.ba\/index.php\/bosna-i-hercegovina\/item\/136080-bisera-turkovic-o-tome-da-im-nije-ugodno-u-bih-pricaju-oni-koji-godinama-blokiraju-njen-napredak\/#primaryimage\"},\"thumbnailUrl\":\"https:\/\/tuzlainfo.ba\/wp-content\/uploads\/2021\/03\/sadrzaj_2021_20210301_0303_bisera.jpg\",\"keywords\":[\"bisera turkovi\u0107\"],\"articleSection\":[\"Bosna i Hercegovina\"],\"inLanguage\":\"bs-BA\"},{\"@type\":\"WebPage\",\"@id\":\"https:\/\/tuzlainfo.ba\/index.php\/bosna-i-hercegovina\/item\/136080-bisera-turkovic-o-tome-da-im-nije-ugodno-u-bih-pricaju-oni-koji-godinama-blokiraju-njen-napredak\/\",\"url\":\"https:\/\/tuzlainfo.ba\/index.php\/bosna-i-hercegovina\/item\/136080-bisera-turkovic-o-tome-da-im-nije-ugodno-u-bih-pricaju-oni-koji-godinama-blokiraju-njen-napredak\/\",\"name\":\"Bisera Turkovi\u0107: O tome da im nije ugodno u BiH pri\u010daju oni koji godinama blokiraju njen napredak - TuzlaInfo.ba\",\"isPartOf\":{\"@id\":\"https:\/\/tuzlainfo.ba\/#website\"},\"primaryImageOfPage\":{\"@id\":\"https:\/\/tuzlainfo.ba\/index.php\/bosna-i-hercegovina\/item\/136080-bisera-turkovic-o-tome-da-im-nije-ugodno-u-bih-pricaju-oni-koji-godinama-blokiraju-njen-napredak\/#primaryimage\"},\"image\":{\"@id\":\"https:\/\/tuzlainfo.ba\/index.php\/bosna-i-hercegovina\/item\/136080-bisera-turkovic-o-tome-da-im-nije-ugodno-u-bih-pricaju-oni-koji-godinama-blokiraju-njen-napredak\/#primaryimage\"},\"thumbnailUrl\":\"https:\/\/tuzlainfo.ba\/wp-content\/uploads\/2021\/03\/sadrzaj_2021_20210301_0303_bisera.jpg\",\"datePublished\":\"2021-04-22T19:14:00+00:00\",\"dateModified\":\"2021-04-22T19:14:00+00:00\",\"breadcrumb\":{\"@id\":\"https:\/\/tuzlainfo.ba\/index.php\/bosna-i-hercegovina\/item\/136080-bisera-turkovic-o-tome-da-im-nije-ugodno-u-bih-pricaju-oni-koji-godinama-blokiraju-njen-napredak\/#breadcrumb\"},\"inLanguage\":\"bs-BA\",\"potentialAction\":[{\"@type\":\"ReadAction\",\"target\":[\"https:\/\/tuzlainfo.ba\/index.php\/bosna-i-hercegovina\/item\/136080-bisera-turkovic-o-tome-da-im-nije-ugodno-u-bih-pricaju-oni-koji-godinama-blokiraju-njen-napredak\/\"]}]},{\"@type\":\"ImageObject\",\"inLanguage\":\"bs-BA\",\"@id\":\"https:\/\/tuzlainfo.ba\/index.php\/bosna-i-hercegovina\/item\/136080-bisera-turkovic-o-tome-da-im-nije-ugodno-u-bih-pricaju-oni-koji-godinama-blokiraju-njen-napredak\/#primaryimage\",\"url\":\"https:\/\/tuzlainfo.ba\/wp-content\/uploads\/2021\/03\/sadrzaj_2021_20210301_0303_bisera.jpg\",\"contentUrl\":\"https:\/\/tuzlainfo.ba\/wp-content\/uploads\/2021\/03\/sadrzaj_2021_20210301_0303_bisera.jpg\",\"width\":770,\"height\":525,\"caption\":\"0303 bisera\"},{\"@type\":\"BreadcrumbList\",\"@id\":\"https:\/\/tuzlainfo.ba\/index.php\/bosna-i-hercegovina\/item\/136080-bisera-turkovic-o-tome-da-im-nije-ugodno-u-bih-pricaju-oni-koji-godinama-blokiraju-njen-napredak\/#breadcrumb\",\"itemListElement\":[{\"@type\":\"ListItem\",\"position\":1,\"name\":\"Home\",\"item\":\"https:\/\/tuzlainfo.ba\/\"},{\"@type\":\"ListItem\",\"position\":2,\"name\":\"Bisera Turkovi\u0107: O tome da im nije ugodno u BiH pri\u010daju oni koji godinama blokiraju njen napredak\"}]},{\"@type\":\"WebSite\",\"@id\":\"https:\/\/tuzlainfo.ba\/#website\",\"url\":\"https:\/\/tuzlainfo.ba\/\",\"name\":\"TuzlaInfo.ba\",\"description\":\"Tuzla info, gradski informator - Tuzla na dlanu\",\"publisher\":{\"@id\":\"https:\/\/tuzlainfo.ba\/#organization\"},\"potentialAction\":[{\"@type\":\"SearchAction\",\"target\":{\"@type\":\"EntryPoint\",\"urlTemplate\":\"https:\/\/tuzlainfo.ba\/?s={search_term_string}\"},\"query-input\":{\"@type\":\"PropertyValueSpecification\",\"valueRequired\":true,\"valueName\":\"search_term_string\"}}],\"inLanguage\":\"bs-BA\"},{\"@type\":\"Organization\",\"@id\":\"https:\/\/tuzlainfo.ba\/#organization\",\"name\":\"TuzlaInfo.ba\",\"url\":\"https:\/\/tuzlainfo.ba\/\",\"logo\":{\"@type\":\"ImageObject\",\"inLanguage\":\"bs-BA\",\"@id\":\"https:\/\/tuzlainfo.ba\/#\/schema\/logo\/image\/\",\"url\":\"https:\/\/tuzlainfo.ba\/wp-content\/uploads\/2021\/03\/logo-ver-3-1.png\",\"contentUrl\":\"https:\/\/tuzlainfo.ba\/wp-content\/uploads\/2021\/03\/logo-ver-3-1.png\",\"width\":350,\"height\":95,\"caption\":\"TuzlaInfo.ba\"},\"image\":{\"@id\":\"https:\/\/tuzlainfo.ba\/#\/schema\/logo\/image\/\"},\"sameAs\":[\"https:\/\/www.facebook.com\/tuzlainfo.ba\/\"]},{\"@type\":\"Person\",\"@id\":\"https:\/\/tuzlainfo.ba\/#\/schema\/person\/f434e20dc27ea133923aab08451b7f7f\",\"name\":\"nedim\",\"image\":{\"@type\":\"ImageObject\",\"inLanguage\":\"bs-BA\",\"@id\":\"https:\/\/tuzlainfo.ba\/#\/schema\/person\/image\/\",\"url\":\"https:\/\/tuzlainfo.ba\/wp-content\/litespeed\/avatar\/aabad687af24844af817603ac1cbdc4f.jpg?ver=1776702173\",\"contentUrl\":\"https:\/\/tuzlainfo.ba\/wp-content\/litespeed\/avatar\/aabad687af24844af817603ac1cbdc4f.jpg?ver=1776702173\",\"caption\":\"nedim\"},\"description\":\"Tuzlainfo.ba pratite na dru\u0161tvenim mre\u017eama: Facebook, Instagram i Youtube. Svoje pri\u010de, upite i fotografije \u0161aljite na na\u0161u e-mail adresu.\"}]}<\/script>\n<!-- \/ Yoast SEO plugin. -->","yoast_head_json":{"title":"Bisera Turkovi\u0107: O tome da im nije ugodno u BiH pri\u010daju oni koji godinama blokiraju njen napredak - TuzlaInfo.ba","robots":{"index":"index","follow":"follow","max-snippet":"max-snippet:-1","max-image-preview":"max-image-preview:large","max-video-preview":"max-video-preview:-1"},"canonical":"https:\/\/tuzlainfo.ba\/index.php\/bosna-i-hercegovina\/item\/136080-bisera-turkovic-o-tome-da-im-nije-ugodno-u-bih-pricaju-oni-koji-godinama-blokiraju-njen-napredak\/","og_locale":"bs_BA","og_type":"article","og_title":"Bisera Turkovi\u0107: O tome da im nije ugodno u BiH pri\u010daju oni koji godinama blokiraju njen napredak - TuzlaInfo.ba","og_description":"Na dana\u0161nje izjave zvani\u010dnika Republike Srbije i entiteta Republika Srpska, reagovala je i Bisera Turkovi\u0107&hellip;","og_url":"https:\/\/tuzlainfo.ba\/index.php\/bosna-i-hercegovina\/item\/136080-bisera-turkovic-o-tome-da-im-nije-ugodno-u-bih-pricaju-oni-koji-godinama-blokiraju-njen-napredak\/","og_site_name":"TuzlaInfo.ba","article_publisher":"https:\/\/www.facebook.com\/tuzlainfo.ba\/","article_published_time":"2021-04-22T19:14:00+00:00","og_image":[{"width":770,"height":525,"url":"https:\/\/tuzlainfo.ba\/wp-content\/uploads\/2021\/03\/sadrzaj_2021_20210301_0303_bisera.jpg","type":"image\/jpeg"}],"author":"nedim","twitter_card":"summary_large_image","twitter_misc":{"Written by":"nedim","Est. reading time":"2 minute"},"schema":{"@context":"https:\/\/schema.org","@graph":[{"@type":"Article","@id":"https:\/\/tuzlainfo.ba\/index.php\/bosna-i-hercegovina\/item\/136080-bisera-turkovic-o-tome-da-im-nije-ugodno-u-bih-pricaju-oni-koji-godinama-blokiraju-njen-napredak\/#article","isPartOf":{"@id":"https:\/\/tuzlainfo.ba\/index.php\/bosna-i-hercegovina\/item\/136080-bisera-turkovic-o-tome-da-im-nije-ugodno-u-bih-pricaju-oni-koji-godinama-blokiraju-njen-napredak\/"},"author":{"name":"nedim","@id":"https:\/\/tuzlainfo.ba\/#\/schema\/person\/f434e20dc27ea133923aab08451b7f7f"},"headline":"Bisera Turkovi\u0107: O tome da im nije ugodno u BiH pri\u010daju oni koji godinama blokiraju njen napredak","datePublished":"2021-04-22T19:14:00+00:00","dateModified":"2021-04-22T19:14:00+00:00","mainEntityOfPage":{"@id":"https:\/\/tuzlainfo.ba\/index.php\/bosna-i-hercegovina\/item\/136080-bisera-turkovic-o-tome-da-im-nije-ugodno-u-bih-pricaju-oni-koji-godinama-blokiraju-njen-napredak\/"},"wordCount":512,"commentCount":0,"publisher":{"@id":"https:\/\/tuzlainfo.ba\/#organization"},"image":{"@id":"https:\/\/tuzlainfo.ba\/index.php\/bosna-i-hercegovina\/item\/136080-bisera-turkovic-o-tome-da-im-nije-ugodno-u-bih-pricaju-oni-koji-godinama-blokiraju-njen-napredak\/#primaryimage"},"thumbnailUrl":"https:\/\/tuzlainfo.ba\/wp-content\/uploads\/2021\/03\/sadrzaj_2021_20210301_0303_bisera.jpg","keywords":["bisera turkovi\u0107"],"articleSection":["Bosna i Hercegovina"],"inLanguage":"bs-BA"},{"@type":"WebPage","@id":"https:\/\/tuzlainfo.ba\/index.php\/bosna-i-hercegovina\/item\/136080-bisera-turkovic-o-tome-da-im-nije-ugodno-u-bih-pricaju-oni-koji-godinama-blokiraju-njen-napredak\/","url":"https:\/\/tuzlainfo.ba\/index.php\/bosna-i-hercegovina\/item\/136080-bisera-turkovic-o-tome-da-im-nije-ugodno-u-bih-pricaju-oni-koji-godinama-blokiraju-njen-napredak\/","name":"Bisera Turkovi\u0107: O tome da im nije ugodno u BiH pri\u010daju oni koji godinama blokiraju njen napredak - TuzlaInfo.ba","isPartOf":{"@id":"https:\/\/tuzlainfo.ba\/#website"},"primaryImageOfPage":{"@id":"https:\/\/tuzlainfo.ba\/index.php\/bosna-i-hercegovina\/item\/136080-bisera-turkovic-o-tome-da-im-nije-ugodno-u-bih-pricaju-oni-koji-godinama-blokiraju-njen-napredak\/#primaryimage"},"image":{"@id":"https:\/\/tuzlainfo.ba\/index.php\/bosna-i-hercegovina\/item\/136080-bisera-turkovic-o-tome-da-im-nije-ugodno-u-bih-pricaju-oni-koji-godinama-blokiraju-njen-napredak\/#primaryimage"},"thumbnailUrl":"https:\/\/tuzlainfo.ba\/wp-content\/uploads\/2021\/03\/sadrzaj_2021_20210301_0303_bisera.jpg","datePublished":"2021-04-22T19:14:00+00:00","dateModified":"2021-04-22T19:14:00+00:00","breadcrumb":{"@id":"https:\/\/tuzlainfo.ba\/index.php\/bosna-i-hercegovina\/item\/136080-bisera-turkovic-o-tome-da-im-nije-ugodno-u-bih-pricaju-oni-koji-godinama-blokiraju-njen-napredak\/#breadcrumb"},"inLanguage":"bs-BA","potentialAction":[{"@type":"ReadAction","target":["https:\/\/tuzlainfo.ba\/index.php\/bosna-i-hercegovina\/item\/136080-bisera-turkovic-o-tome-da-im-nije-ugodno-u-bih-pricaju-oni-koji-godinama-blokiraju-njen-napredak\/"]}]},{"@type":"ImageObject","inLanguage":"bs-BA","@id":"https:\/\/tuzlainfo.ba\/index.php\/bosna-i-hercegovina\/item\/136080-bisera-turkovic-o-tome-da-im-nije-ugodno-u-bih-pricaju-oni-koji-godinama-blokiraju-njen-napredak\/#primaryimage","url":"https:\/\/tuzlainfo.ba\/wp-content\/uploads\/2021\/03\/sadrzaj_2021_20210301_0303_bisera.jpg","contentUrl":"https:\/\/tuzlainfo.ba\/wp-content\/uploads\/2021\/03\/sadrzaj_2021_20210301_0303_bisera.jpg","width":770,"height":525,"caption":"0303 bisera"},{"@type":"BreadcrumbList","@id":"https:\/\/tuzlainfo.ba\/index.php\/bosna-i-hercegovina\/item\/136080-bisera-turkovic-o-tome-da-im-nije-ugodno-u-bih-pricaju-oni-koji-godinama-blokiraju-njen-napredak\/#breadcrumb","itemListElement":[{"@type":"ListItem","position":1,"name":"Home","item":"https:\/\/tuzlainfo.ba\/"},{"@type":"ListItem","position":2,"name":"Bisera Turkovi\u0107: O tome da im nije ugodno u BiH pri\u010daju oni koji godinama blokiraju njen napredak"}]},{"@type":"WebSite","@id":"https:\/\/tuzlainfo.ba\/#website","url":"https:\/\/tuzlainfo.ba\/","name":"TuzlaInfo.ba","description":"Tuzla info, gradski informator - Tuzla na dlanu","publisher":{"@id":"https:\/\/tuzlainfo.ba\/#organization"},"potentialAction":[{"@type":"SearchAction","target":{"@type":"EntryPoint","urlTemplate":"https:\/\/tuzlainfo.ba\/?s={search_term_string}"},"query-input":{"@type":"PropertyValueSpecification","valueRequired":true,"valueName":"search_term_string"}}],"inLanguage":"bs-BA"},{"@type":"Organization","@id":"https:\/\/tuzlainfo.ba\/#organization","name":"TuzlaInfo.ba","url":"https:\/\/tuzlainfo.ba\/","logo":{"@type":"ImageObject","inLanguage":"bs-BA","@id":"https:\/\/tuzlainfo.ba\/#\/schema\/logo\/image\/","url":"https:\/\/tuzlainfo.ba\/wp-content\/uploads\/2021\/03\/logo-ver-3-1.png","contentUrl":"https:\/\/tuzlainfo.ba\/wp-content\/uploads\/2021\/03\/logo-ver-3-1.png","width":350,"height":95,"caption":"TuzlaInfo.ba"},"image":{"@id":"https:\/\/tuzlainfo.ba\/#\/schema\/logo\/image\/"},"sameAs":["https:\/\/www.facebook.com\/tuzlainfo.ba\/"]},{"@type":"Person","@id":"https:\/\/tuzlainfo.ba\/#\/schema\/person\/f434e20dc27ea133923aab08451b7f7f","name":"nedim","image":{"@type":"ImageObject","inLanguage":"bs-BA","@id":"https:\/\/tuzlainfo.ba\/#\/schema\/person\/image\/","url":"https:\/\/tuzlainfo.ba\/wp-content\/litespeed\/avatar\/aabad687af24844af817603ac1cbdc4f.jpg?ver=1776702173","contentUrl":"https:\/\/tuzlainfo.ba\/wp-content\/litespeed\/avatar\/aabad687af24844af817603ac1cbdc4f.jpg?ver=1776702173","caption":"nedim"},"description":"Tuzlainfo.ba pratite na dru\u0161tvenim mre\u017eama: Facebook, Instagram i Youtube. Svoje pri\u010de, upite i fotografije \u0161aljite na na\u0161u e-mail adresu."}]}},"_links":{"self":[{"href":"https:\/\/tuzlainfo.ba\/index.php\/wp-json\/wp\/v2\/posts\/136080"}],"collection":[{"href":"https:\/\/tuzlainfo.ba\/index.php\/wp-json\/wp\/v2\/posts"}],"about":[{"href":"https:\/\/tuzlainfo.ba\/index.php\/wp-json\/wp\/v2\/types\/post"}],"author":[{"embeddable":true,"href":"https:\/\/tuzlainfo.ba\/index.php\/wp-json\/wp\/v2\/users\/2"}],"replies":[{"embeddable":true,"href":"https:\/\/tuzlainfo.ba\/index.php\/wp-json\/wp\/v2\/comments?post=136080"}],"version-history":[{"count":0,"href":"https:\/\/tuzlainfo.ba\/index.php\/wp-json\/wp\/v2\/posts\/136080\/revisions"}],"wp:featuredmedia":[{"embeddable":true,"href":"https:\/\/tuzlainfo.ba\/index.php\/wp-json\/wp\/v2\/media\/87018"}],"wp:attachment":[{"href":"https:\/\/tuzlainfo.ba\/index.php\/wp-json\/wp\/v2\/media?parent=136080"}],"wp:term":[{"taxonomy":"category","embeddable":true,"href":"https:\/\/tuzlainfo.ba\/index.php\/wp-json\/wp\/v2\/categories?post=136080"},{"taxonomy":"post_tag","embeddable":true,"href":"https:\/\/tuzlainfo.ba\/index.php\/wp-json\/wp\/v2\/tags?post=136080"}],"curies":[{"name":"wp","href":"https:\/\/api.w.org\/{rel}","templated":true}]}}