{"id":136037,"date":"2021-04-22T10:32:13","date_gmt":"2021-04-22T08:32:13","guid":{"rendered":"https:\/\/tuzlainfo.ba\/?p=136037"},"modified":"2021-04-22T10:32:50","modified_gmt":"2021-04-22T08:32:50","slug":"za-sta-se-sprema-aleksandar-vucic-srbija-u-jeku-krize-izdvaja-dvostruko-vise-novca-za-naoruzanje","status":"publish","type":"post","link":"https:\/\/tuzlainfo.ba\/index.php\/clanci\/sa-svih-strana\/item\/136037-za-sta-se-sprema-aleksandar-vucic-srbija-u-jeku-krize-izdvaja-dvostruko-vise-novca-za-naoruzanje\/","title":{"rendered":"Za \u0161ta se sprema Aleksandar Vu\u010di\u0107: Srbija u jeku krize izdvaja dvostruko vi\u0161e novca za naoru\u017eanje"},"content":{"rendered":"<p>Nedavnim rebalansom bud\u017eeta Vlada Srbije uspjela je da iznenadi \u010dak i ekonomsku javnost u zemlji.<\/p>\n<p>Glavni razlog je svakako u pove\u0107anju bud\u017eetskog deficita i dodatnom zadu\u017eivanju kojim \u0107e javni dug porasti do 30 milijardi eura. Originalnim prijedlogom bud\u017eeta iz decembra bilo je planirano zadu\u017eenje od blizu milijardu i po eura. Rebalansom u aprilu zadu\u017eenje je pove\u0107ano vi\u0161e nego duplo, na tri i po milijarde, javlja &#8220;Glas Amerike&#8221;.<\/p>\n<p>Kako ka\u017eu ekonomisti \u2013 dio tih mjera je opravdan. S druge strane, vlast kao da poku\u0161ava da se umili svim gra\u0111anima. Svim penzionerima ili svim privrednim akterima neselektivnim dijeljenjem novca, ka\u017ee novinar &#8220;Novog magazina&#8221; Mijat Laki\u0107evi\u0107.<\/p>\n<p>&#8220;Ne treba zaboraviti, sve to \u0161to \u0107e dr\u017eava sad da se zadu\u017ei da bi podijelila pare nama, odnosno gra\u0111anima i privredi, zapravo, to \u0107emo mi morati da vratimo. Prosto, tu se vi\u0161e ne biraju sredstva da bi se kupili glasovi.&#8221;<\/p>\n<p><span style=\"font-size: 14pt;\"><strong>Srbija izdvaja vi\u0161e za vojsku od okru\u017eenja<\/strong><\/span><\/p>\n<p>Glavni ekomista Fiskalnog savjeta Danko Br\u010derevi\u0107 izbjegava da daje politi\u010dke ocjene. Isti\u010de da je Fiskalni savjet u svojoj ocjeni rebalansa bud\u017eeta ukazao na to da bi Vlada trebalo da objasni za\u0161to ovim rebalansom dolazi do velikog pove\u0107anja rashoda u nabavci naoru\u017eanja. Srbija je i prije ovog rebalansa dva do tri puta puta vi\u0161e izdvajala za vojsku od zemalja Centralne i Isto\u010dne Evrope, ka\u017ee Br\u010derevi\u0107.<\/p>\n<p>\u201cSad imamo dupliranje izdvajanja za naoru\u017eavanje vojske. Tako da smo mi sa nekih 0,6-0,7 posto BDP-a koji su bili planirani originalnim bud\u017eetom, koji su ve\u0107 veoma veliki, sada preko 1 posto, blizu 1,5 posto BDP-a za te namjene. To je ne\u0161to za \u0161ta nije lako na\u0107i obja\u0161njenje. Prvo, za\u0161to se to nije znalo prije dva mjeseca? \u0160ta se to desilo u me\u0111uvremenu da se ta izdvajanja pove\u0107aju? I drugo, da li je u ovoj krizi zaista to bio prioritet\u201d<strong>,<\/strong>\u00a0pita Br\u010derevi\u0107.<\/p>\n<p>Zadu\u017eivanje od 300 miliona eura za vojsku jo\u0161 je jedan dokaz neracionalnog pona\u0161anja vlasti. Pitanje je, po mi\u0161ljenju Laki\u0107evi\u0107a, da li je Vojsci Srbije, kakva je sada, potrebno to naoru\u017eanje. Ima \u010dak rezona da se kre\u0161e vojni bud\u017eet. Ka\u017ee to sagovornik\u00a0<a href=\"https:\/\/www.glasamerike.net\/a\/srbija-rebalans-naoru%C5%BEanje-pomo%C4%87-zadu%C5%BEenje-spoljni-dug\/5861956.html\" target=\"_blank\" rel=\"noopener\">&#8220;Glasa Amerike&#8221; te d<\/a>odaje:<\/p>\n<p>\u201cProsto nekad imam utisak da i ta kupovina oru\u017eja, zapravo, nije izazvana doma\u0107im potrebama i potrebama vojske nego nekim dilovima koji se sklapaju na spoljnopoliti\u010dkom planu. Dakle, to je da bismo zadovoljili neke Ruse ili Bjeloruse ili ne znam ve\u0107 koga. I onda su tu, naravno, i na\u0161e firme koje \u0107e u to da se ugrade.\u201d<\/p>\n<p>Po mi\u0161ljenju Laki\u0107evi\u0107a, u bud\u017eetu je sporan i prijedlog o pove\u0107anja plata u javnom sektoru. Za Br\u010derevi\u0107a je veliko pitanje za\u0161to je Srbija svim gra\u0111anima dijelila iste sume takozvanog helikopter-novca, prvo po 100 eura pro\u0161le godine, a ada 30 plus 30 eura.<\/p>\n<p><span style=\"font-size: 14pt;\"><strong>Ni SAD ne dijeli novac bogatima<\/strong><\/span><\/p>\n<p>\u201cAmerika najbogatijima ne daje novac. Amerika vi\u0161e daje onima koji su siroma\u0161niji, koji imaju vi\u0161e izdr\u017eavanih lica. Mi dajemo jednako i bogatima i siroma\u0161nima. To je rasipanje sredstava na jednu vrlo kontroverznu politiku.\u201d<\/p>\n<p>Srbija je jedina zemlja u Evropi koja je i u prvom talasu pomo\u0107i pro\u0161le godine davala svim gra\u0111anima iste svote novca. Dok je u slu\u010daju pomo\u0107i privredi bilo zemalja koje su tada, sli\u010dno Srbiji, neselektivno dijelile novac privrednicima.<\/p>\n<p>Sada to niko nije uradio. U Srbiji nema opravdanja da se poma\u017eu i oni sektori koji u vrijeme pandemije zara\u0111uju vi\u0161e nego prije. Isti\u010de ovo Danko Br\u010derevi\u0107. Kao primjer navodi dostavne slu\u017ebe ili apoteke.<\/p>\n<p>\u201cEvo, sad je april 2021. godine. Dostupni su finansijski podaci preduze\u0107a za pro\u0161lu godinu. Vi mo\u017eete ta\u010dno da vidite kome je promet pao, kome promet nije pao i onda vrlo jednostavno da novac usmjeravate tamo gdje treba, a ne da dajete tamo gdje zaista nema potrebe, da se svi zadu\u017eujemo i da dajemo novac onima kojima nije neophodan.\u201d<\/p>\n<p>Op\u0161irnije na portalu\u00a0<a href=\"https:\/\/www.glasamerike.net\/a\/srbija-rebalans-naoru%C5%BEanje-pomo%C4%87-zadu%C5%BEenje-spoljni-dug\/5861956.html\" target=\"_blank\" rel=\"noopener\">&#8220;Glas Amerike&#8221;.<\/a><\/p>\n","protected":false},"excerpt":{"rendered":"<p>Nedavnim rebalansom bud\u017eeta Vlada Srbije uspjela je da iznenadi \u010dak i ekonomsku javnost u zemlji.&hellip;<\/p>\n","protected":false},"author":2,"featured_media":136039,"comment_status":"open","ping_status":"closed","sticky":false,"template":"","format":"standard","meta":{"_acf_changed":false,"footnotes":""},"categories":[16],"tags":[309,760,308],"acf":[],"yoast_head":"<!-- This site is optimized with the Yoast SEO plugin v23.5 - https:\/\/yoast.com\/wordpress\/plugins\/seo\/ -->\n<title>Za \u0161ta se sprema Aleksandar Vu\u010di\u0107: Srbija u jeku krize izdvaja dvostruko vi\u0161e novca za naoru\u017eanje - TuzlaInfo.ba<\/title>\n<meta name=\"robots\" content=\"index, follow, max-snippet:-1, max-image-preview:large, max-video-preview:-1\" \/>\n<link rel=\"canonical\" href=\"https:\/\/tuzlainfo.ba\/index.php\/clanci\/sa-svih-strana\/item\/136037-za-sta-se-sprema-aleksandar-vucic-srbija-u-jeku-krize-izdvaja-dvostruko-vise-novca-za-naoruzanje\/\" \/>\n<meta property=\"og:locale\" content=\"bs_BA\" \/>\n<meta property=\"og:type\" content=\"article\" \/>\n<meta property=\"og:title\" content=\"Za \u0161ta se sprema Aleksandar Vu\u010di\u0107: Srbija u jeku krize izdvaja dvostruko vi\u0161e novca za naoru\u017eanje - TuzlaInfo.ba\" \/>\n<meta property=\"og:description\" content=\"Nedavnim rebalansom bud\u017eeta Vlada Srbije uspjela je da iznenadi \u010dak i ekonomsku javnost u zemlji.&hellip;\" \/>\n<meta property=\"og:url\" content=\"https:\/\/tuzlainfo.ba\/index.php\/clanci\/sa-svih-strana\/item\/136037-za-sta-se-sprema-aleksandar-vucic-srbija-u-jeku-krize-izdvaja-dvostruko-vise-novca-za-naoruzanje\/\" \/>\n<meta property=\"og:site_name\" content=\"TuzlaInfo.ba\" \/>\n<meta property=\"article:publisher\" content=\"https:\/\/www.facebook.com\/tuzlainfo.ba\/\" \/>\n<meta property=\"article:published_time\" content=\"2021-04-22T08:32:13+00:00\" \/>\n<meta property=\"article:modified_time\" content=\"2021-04-22T08:32:50+00:00\" \/>\n<meta property=\"og:image\" content=\"https:\/\/tuzlainfo.ba\/wp-content\/uploads\/2021\/04\/2204_vucic_vojnavjezba.jpg\" \/>\n\t<meta property=\"og:image:width\" content=\"1200\" \/>\n\t<meta property=\"og:image:height\" content=\"1012\" \/>\n\t<meta property=\"og:image:type\" content=\"image\/jpeg\" \/>\n<meta name=\"author\" content=\"nedim\" \/>\n<meta name=\"twitter:card\" content=\"summary_large_image\" \/>\n<meta name=\"twitter:label1\" content=\"Written by\" \/>\n\t<meta name=\"twitter:data1\" content=\"nedim\" \/>\n\t<meta name=\"twitter:label2\" content=\"Est. reading time\" \/>\n\t<meta name=\"twitter:data2\" content=\"3 minute\" \/>\n<script type=\"application\/ld+json\" class=\"yoast-schema-graph\">{\"@context\":\"https:\/\/schema.org\",\"@graph\":[{\"@type\":\"Article\",\"@id\":\"https:\/\/tuzlainfo.ba\/index.php\/clanci\/sa-svih-strana\/item\/136037-za-sta-se-sprema-aleksandar-vucic-srbija-u-jeku-krize-izdvaja-dvostruko-vise-novca-za-naoruzanje\/#article\",\"isPartOf\":{\"@id\":\"https:\/\/tuzlainfo.ba\/index.php\/clanci\/sa-svih-strana\/item\/136037-za-sta-se-sprema-aleksandar-vucic-srbija-u-jeku-krize-izdvaja-dvostruko-vise-novca-za-naoruzanje\/\"},\"author\":{\"name\":\"nedim\",\"@id\":\"https:\/\/tuzlainfo.ba\/#\/schema\/person\/f434e20dc27ea133923aab08451b7f7f\"},\"headline\":\"Za \u0161ta se sprema Aleksandar Vu\u010di\u0107: Srbija u jeku krize izdvaja dvostruko vi\u0161e novca za naoru\u017eanje\",\"datePublished\":\"2021-04-22T08:32:13+00:00\",\"dateModified\":\"2021-04-22T08:32:50+00:00\",\"mainEntityOfPage\":{\"@id\":\"https:\/\/tuzlainfo.ba\/index.php\/clanci\/sa-svih-strana\/item\/136037-za-sta-se-sprema-aleksandar-vucic-srbija-u-jeku-krize-izdvaja-dvostruko-vise-novca-za-naoruzanje\/\"},\"wordCount\":708,\"commentCount\":0,\"publisher\":{\"@id\":\"https:\/\/tuzlainfo.ba\/#organization\"},\"image\":{\"@id\":\"https:\/\/tuzlainfo.ba\/index.php\/clanci\/sa-svih-strana\/item\/136037-za-sta-se-sprema-aleksandar-vucic-srbija-u-jeku-krize-izdvaja-dvostruko-vise-novca-za-naoruzanje\/#primaryimage\"},\"thumbnailUrl\":\"https:\/\/tuzlainfo.ba\/wp-content\/uploads\/2021\/04\/2204_vucic_vojnavjezba.jpg\",\"keywords\":[\"srbija\",\"vojska\",\"vu\u010di\u0107\"],\"articleSection\":[\"Sa svih strana\"],\"inLanguage\":\"bs-BA\"},{\"@type\":\"WebPage\",\"@id\":\"https:\/\/tuzlainfo.ba\/index.php\/clanci\/sa-svih-strana\/item\/136037-za-sta-se-sprema-aleksandar-vucic-srbija-u-jeku-krize-izdvaja-dvostruko-vise-novca-za-naoruzanje\/\",\"url\":\"https:\/\/tuzlainfo.ba\/index.php\/clanci\/sa-svih-strana\/item\/136037-za-sta-se-sprema-aleksandar-vucic-srbija-u-jeku-krize-izdvaja-dvostruko-vise-novca-za-naoruzanje\/\",\"name\":\"Za \u0161ta se sprema Aleksandar Vu\u010di\u0107: Srbija u jeku krize izdvaja dvostruko vi\u0161e novca za naoru\u017eanje - TuzlaInfo.ba\",\"isPartOf\":{\"@id\":\"https:\/\/tuzlainfo.ba\/#website\"},\"primaryImageOfPage\":{\"@id\":\"https:\/\/tuzlainfo.ba\/index.php\/clanci\/sa-svih-strana\/item\/136037-za-sta-se-sprema-aleksandar-vucic-srbija-u-jeku-krize-izdvaja-dvostruko-vise-novca-za-naoruzanje\/#primaryimage\"},\"image\":{\"@id\":\"https:\/\/tuzlainfo.ba\/index.php\/clanci\/sa-svih-strana\/item\/136037-za-sta-se-sprema-aleksandar-vucic-srbija-u-jeku-krize-izdvaja-dvostruko-vise-novca-za-naoruzanje\/#primaryimage\"},\"thumbnailUrl\":\"https:\/\/tuzlainfo.ba\/wp-content\/uploads\/2021\/04\/2204_vucic_vojnavjezba.jpg\",\"datePublished\":\"2021-04-22T08:32:13+00:00\",\"dateModified\":\"2021-04-22T08:32:50+00:00\",\"breadcrumb\":{\"@id\":\"https:\/\/tuzlainfo.ba\/index.php\/clanci\/sa-svih-strana\/item\/136037-za-sta-se-sprema-aleksandar-vucic-srbija-u-jeku-krize-izdvaja-dvostruko-vise-novca-za-naoruzanje\/#breadcrumb\"},\"inLanguage\":\"bs-BA\",\"potentialAction\":[{\"@type\":\"ReadAction\",\"target\":[\"https:\/\/tuzlainfo.ba\/index.php\/clanci\/sa-svih-strana\/item\/136037-za-sta-se-sprema-aleksandar-vucic-srbija-u-jeku-krize-izdvaja-dvostruko-vise-novca-za-naoruzanje\/\"]}]},{\"@type\":\"ImageObject\",\"inLanguage\":\"bs-BA\",\"@id\":\"https:\/\/tuzlainfo.ba\/index.php\/clanci\/sa-svih-strana\/item\/136037-za-sta-se-sprema-aleksandar-vucic-srbija-u-jeku-krize-izdvaja-dvostruko-vise-novca-za-naoruzanje\/#primaryimage\",\"url\":\"https:\/\/tuzlainfo.ba\/wp-content\/uploads\/2021\/04\/2204_vucic_vojnavjezba.jpg\",\"contentUrl\":\"https:\/\/tuzlainfo.ba\/wp-content\/uploads\/2021\/04\/2204_vucic_vojnavjezba.jpg\",\"width\":1200,\"height\":1012},{\"@type\":\"BreadcrumbList\",\"@id\":\"https:\/\/tuzlainfo.ba\/index.php\/clanci\/sa-svih-strana\/item\/136037-za-sta-se-sprema-aleksandar-vucic-srbija-u-jeku-krize-izdvaja-dvostruko-vise-novca-za-naoruzanje\/#breadcrumb\",\"itemListElement\":[{\"@type\":\"ListItem\",\"position\":1,\"name\":\"Home\",\"item\":\"https:\/\/tuzlainfo.ba\/\"},{\"@type\":\"ListItem\",\"position\":2,\"name\":\"Za \u0161ta se sprema Aleksandar Vu\u010di\u0107: Srbija u jeku krize izdvaja dvostruko vi\u0161e novca za naoru\u017eanje\"}]},{\"@type\":\"WebSite\",\"@id\":\"https:\/\/tuzlainfo.ba\/#website\",\"url\":\"https:\/\/tuzlainfo.ba\/\",\"name\":\"TuzlaInfo.ba\",\"description\":\"Tuzla info, gradski informator - Tuzla na dlanu\",\"publisher\":{\"@id\":\"https:\/\/tuzlainfo.ba\/#organization\"},\"potentialAction\":[{\"@type\":\"SearchAction\",\"target\":{\"@type\":\"EntryPoint\",\"urlTemplate\":\"https:\/\/tuzlainfo.ba\/?s={search_term_string}\"},\"query-input\":{\"@type\":\"PropertyValueSpecification\",\"valueRequired\":true,\"valueName\":\"search_term_string\"}}],\"inLanguage\":\"bs-BA\"},{\"@type\":\"Organization\",\"@id\":\"https:\/\/tuzlainfo.ba\/#organization\",\"name\":\"TuzlaInfo.ba\",\"url\":\"https:\/\/tuzlainfo.ba\/\",\"logo\":{\"@type\":\"ImageObject\",\"inLanguage\":\"bs-BA\",\"@id\":\"https:\/\/tuzlainfo.ba\/#\/schema\/logo\/image\/\",\"url\":\"https:\/\/tuzlainfo.ba\/wp-content\/uploads\/2021\/03\/logo-ver-3-1.png\",\"contentUrl\":\"https:\/\/tuzlainfo.ba\/wp-content\/uploads\/2021\/03\/logo-ver-3-1.png\",\"width\":350,\"height\":95,\"caption\":\"TuzlaInfo.ba\"},\"image\":{\"@id\":\"https:\/\/tuzlainfo.ba\/#\/schema\/logo\/image\/\"},\"sameAs\":[\"https:\/\/www.facebook.com\/tuzlainfo.ba\/\"]},{\"@type\":\"Person\",\"@id\":\"https:\/\/tuzlainfo.ba\/#\/schema\/person\/f434e20dc27ea133923aab08451b7f7f\",\"name\":\"nedim\",\"image\":{\"@type\":\"ImageObject\",\"inLanguage\":\"bs-BA\",\"@id\":\"https:\/\/tuzlainfo.ba\/#\/schema\/person\/image\/\",\"url\":\"https:\/\/tuzlainfo.ba\/wp-content\/litespeed\/avatar\/aabad687af24844af817603ac1cbdc4f.jpg?ver=1776702173\",\"contentUrl\":\"https:\/\/tuzlainfo.ba\/wp-content\/litespeed\/avatar\/aabad687af24844af817603ac1cbdc4f.jpg?ver=1776702173\",\"caption\":\"nedim\"},\"description\":\"Tuzlainfo.ba pratite na dru\u0161tvenim mre\u017eama: Facebook, Instagram i Youtube. Svoje pri\u010de, upite i fotografije \u0161aljite na na\u0161u e-mail adresu.\"}]}<\/script>\n<!-- \/ Yoast SEO plugin. -->","yoast_head_json":{"title":"Za \u0161ta se sprema Aleksandar Vu\u010di\u0107: Srbija u jeku krize izdvaja dvostruko vi\u0161e novca za naoru\u017eanje - TuzlaInfo.ba","robots":{"index":"index","follow":"follow","max-snippet":"max-snippet:-1","max-image-preview":"max-image-preview:large","max-video-preview":"max-video-preview:-1"},"canonical":"https:\/\/tuzlainfo.ba\/index.php\/clanci\/sa-svih-strana\/item\/136037-za-sta-se-sprema-aleksandar-vucic-srbija-u-jeku-krize-izdvaja-dvostruko-vise-novca-za-naoruzanje\/","og_locale":"bs_BA","og_type":"article","og_title":"Za \u0161ta se sprema Aleksandar Vu\u010di\u0107: Srbija u jeku krize izdvaja dvostruko vi\u0161e novca za naoru\u017eanje - TuzlaInfo.ba","og_description":"Nedavnim rebalansom bud\u017eeta Vlada Srbije uspjela je da iznenadi \u010dak i ekonomsku javnost u zemlji.&hellip;","og_url":"https:\/\/tuzlainfo.ba\/index.php\/clanci\/sa-svih-strana\/item\/136037-za-sta-se-sprema-aleksandar-vucic-srbija-u-jeku-krize-izdvaja-dvostruko-vise-novca-za-naoruzanje\/","og_site_name":"TuzlaInfo.ba","article_publisher":"https:\/\/www.facebook.com\/tuzlainfo.ba\/","article_published_time":"2021-04-22T08:32:13+00:00","article_modified_time":"2021-04-22T08:32:50+00:00","og_image":[{"width":1200,"height":1012,"url":"https:\/\/tuzlainfo.ba\/wp-content\/uploads\/2021\/04\/2204_vucic_vojnavjezba.jpg","type":"image\/jpeg"}],"author":"nedim","twitter_card":"summary_large_image","twitter_misc":{"Written by":"nedim","Est. reading time":"3 minute"},"schema":{"@context":"https:\/\/schema.org","@graph":[{"@type":"Article","@id":"https:\/\/tuzlainfo.ba\/index.php\/clanci\/sa-svih-strana\/item\/136037-za-sta-se-sprema-aleksandar-vucic-srbija-u-jeku-krize-izdvaja-dvostruko-vise-novca-za-naoruzanje\/#article","isPartOf":{"@id":"https:\/\/tuzlainfo.ba\/index.php\/clanci\/sa-svih-strana\/item\/136037-za-sta-se-sprema-aleksandar-vucic-srbija-u-jeku-krize-izdvaja-dvostruko-vise-novca-za-naoruzanje\/"},"author":{"name":"nedim","@id":"https:\/\/tuzlainfo.ba\/#\/schema\/person\/f434e20dc27ea133923aab08451b7f7f"},"headline":"Za \u0161ta se sprema Aleksandar Vu\u010di\u0107: Srbija u jeku krize izdvaja dvostruko vi\u0161e novca za naoru\u017eanje","datePublished":"2021-04-22T08:32:13+00:00","dateModified":"2021-04-22T08:32:50+00:00","mainEntityOfPage":{"@id":"https:\/\/tuzlainfo.ba\/index.php\/clanci\/sa-svih-strana\/item\/136037-za-sta-se-sprema-aleksandar-vucic-srbija-u-jeku-krize-izdvaja-dvostruko-vise-novca-za-naoruzanje\/"},"wordCount":708,"commentCount":0,"publisher":{"@id":"https:\/\/tuzlainfo.ba\/#organization"},"image":{"@id":"https:\/\/tuzlainfo.ba\/index.php\/clanci\/sa-svih-strana\/item\/136037-za-sta-se-sprema-aleksandar-vucic-srbija-u-jeku-krize-izdvaja-dvostruko-vise-novca-za-naoruzanje\/#primaryimage"},"thumbnailUrl":"https:\/\/tuzlainfo.ba\/wp-content\/uploads\/2021\/04\/2204_vucic_vojnavjezba.jpg","keywords":["srbija","vojska","vu\u010di\u0107"],"articleSection":["Sa svih strana"],"inLanguage":"bs-BA"},{"@type":"WebPage","@id":"https:\/\/tuzlainfo.ba\/index.php\/clanci\/sa-svih-strana\/item\/136037-za-sta-se-sprema-aleksandar-vucic-srbija-u-jeku-krize-izdvaja-dvostruko-vise-novca-za-naoruzanje\/","url":"https:\/\/tuzlainfo.ba\/index.php\/clanci\/sa-svih-strana\/item\/136037-za-sta-se-sprema-aleksandar-vucic-srbija-u-jeku-krize-izdvaja-dvostruko-vise-novca-za-naoruzanje\/","name":"Za \u0161ta se sprema Aleksandar Vu\u010di\u0107: Srbija u jeku krize izdvaja dvostruko vi\u0161e novca za naoru\u017eanje - TuzlaInfo.ba","isPartOf":{"@id":"https:\/\/tuzlainfo.ba\/#website"},"primaryImageOfPage":{"@id":"https:\/\/tuzlainfo.ba\/index.php\/clanci\/sa-svih-strana\/item\/136037-za-sta-se-sprema-aleksandar-vucic-srbija-u-jeku-krize-izdvaja-dvostruko-vise-novca-za-naoruzanje\/#primaryimage"},"image":{"@id":"https:\/\/tuzlainfo.ba\/index.php\/clanci\/sa-svih-strana\/item\/136037-za-sta-se-sprema-aleksandar-vucic-srbija-u-jeku-krize-izdvaja-dvostruko-vise-novca-za-naoruzanje\/#primaryimage"},"thumbnailUrl":"https:\/\/tuzlainfo.ba\/wp-content\/uploads\/2021\/04\/2204_vucic_vojnavjezba.jpg","datePublished":"2021-04-22T08:32:13+00:00","dateModified":"2021-04-22T08:32:50+00:00","breadcrumb":{"@id":"https:\/\/tuzlainfo.ba\/index.php\/clanci\/sa-svih-strana\/item\/136037-za-sta-se-sprema-aleksandar-vucic-srbija-u-jeku-krize-izdvaja-dvostruko-vise-novca-za-naoruzanje\/#breadcrumb"},"inLanguage":"bs-BA","potentialAction":[{"@type":"ReadAction","target":["https:\/\/tuzlainfo.ba\/index.php\/clanci\/sa-svih-strana\/item\/136037-za-sta-se-sprema-aleksandar-vucic-srbija-u-jeku-krize-izdvaja-dvostruko-vise-novca-za-naoruzanje\/"]}]},{"@type":"ImageObject","inLanguage":"bs-BA","@id":"https:\/\/tuzlainfo.ba\/index.php\/clanci\/sa-svih-strana\/item\/136037-za-sta-se-sprema-aleksandar-vucic-srbija-u-jeku-krize-izdvaja-dvostruko-vise-novca-za-naoruzanje\/#primaryimage","url":"https:\/\/tuzlainfo.ba\/wp-content\/uploads\/2021\/04\/2204_vucic_vojnavjezba.jpg","contentUrl":"https:\/\/tuzlainfo.ba\/wp-content\/uploads\/2021\/04\/2204_vucic_vojnavjezba.jpg","width":1200,"height":1012},{"@type":"BreadcrumbList","@id":"https:\/\/tuzlainfo.ba\/index.php\/clanci\/sa-svih-strana\/item\/136037-za-sta-se-sprema-aleksandar-vucic-srbija-u-jeku-krize-izdvaja-dvostruko-vise-novca-za-naoruzanje\/#breadcrumb","itemListElement":[{"@type":"ListItem","position":1,"name":"Home","item":"https:\/\/tuzlainfo.ba\/"},{"@type":"ListItem","position":2,"name":"Za \u0161ta se sprema Aleksandar Vu\u010di\u0107: Srbija u jeku krize izdvaja dvostruko vi\u0161e novca za naoru\u017eanje"}]},{"@type":"WebSite","@id":"https:\/\/tuzlainfo.ba\/#website","url":"https:\/\/tuzlainfo.ba\/","name":"TuzlaInfo.ba","description":"Tuzla info, gradski informator - Tuzla na dlanu","publisher":{"@id":"https:\/\/tuzlainfo.ba\/#organization"},"potentialAction":[{"@type":"SearchAction","target":{"@type":"EntryPoint","urlTemplate":"https:\/\/tuzlainfo.ba\/?s={search_term_string}"},"query-input":{"@type":"PropertyValueSpecification","valueRequired":true,"valueName":"search_term_string"}}],"inLanguage":"bs-BA"},{"@type":"Organization","@id":"https:\/\/tuzlainfo.ba\/#organization","name":"TuzlaInfo.ba","url":"https:\/\/tuzlainfo.ba\/","logo":{"@type":"ImageObject","inLanguage":"bs-BA","@id":"https:\/\/tuzlainfo.ba\/#\/schema\/logo\/image\/","url":"https:\/\/tuzlainfo.ba\/wp-content\/uploads\/2021\/03\/logo-ver-3-1.png","contentUrl":"https:\/\/tuzlainfo.ba\/wp-content\/uploads\/2021\/03\/logo-ver-3-1.png","width":350,"height":95,"caption":"TuzlaInfo.ba"},"image":{"@id":"https:\/\/tuzlainfo.ba\/#\/schema\/logo\/image\/"},"sameAs":["https:\/\/www.facebook.com\/tuzlainfo.ba\/"]},{"@type":"Person","@id":"https:\/\/tuzlainfo.ba\/#\/schema\/person\/f434e20dc27ea133923aab08451b7f7f","name":"nedim","image":{"@type":"ImageObject","inLanguage":"bs-BA","@id":"https:\/\/tuzlainfo.ba\/#\/schema\/person\/image\/","url":"https:\/\/tuzlainfo.ba\/wp-content\/litespeed\/avatar\/aabad687af24844af817603ac1cbdc4f.jpg?ver=1776702173","contentUrl":"https:\/\/tuzlainfo.ba\/wp-content\/litespeed\/avatar\/aabad687af24844af817603ac1cbdc4f.jpg?ver=1776702173","caption":"nedim"},"description":"Tuzlainfo.ba pratite na dru\u0161tvenim mre\u017eama: Facebook, Instagram i Youtube. Svoje pri\u010de, upite i fotografije \u0161aljite na na\u0161u e-mail adresu."}]}},"_links":{"self":[{"href":"https:\/\/tuzlainfo.ba\/index.php\/wp-json\/wp\/v2\/posts\/136037"}],"collection":[{"href":"https:\/\/tuzlainfo.ba\/index.php\/wp-json\/wp\/v2\/posts"}],"about":[{"href":"https:\/\/tuzlainfo.ba\/index.php\/wp-json\/wp\/v2\/types\/post"}],"author":[{"embeddable":true,"href":"https:\/\/tuzlainfo.ba\/index.php\/wp-json\/wp\/v2\/users\/2"}],"replies":[{"embeddable":true,"href":"https:\/\/tuzlainfo.ba\/index.php\/wp-json\/wp\/v2\/comments?post=136037"}],"version-history":[{"count":0,"href":"https:\/\/tuzlainfo.ba\/index.php\/wp-json\/wp\/v2\/posts\/136037\/revisions"}],"wp:featuredmedia":[{"embeddable":true,"href":"https:\/\/tuzlainfo.ba\/index.php\/wp-json\/wp\/v2\/media\/136039"}],"wp:attachment":[{"href":"https:\/\/tuzlainfo.ba\/index.php\/wp-json\/wp\/v2\/media?parent=136037"}],"wp:term":[{"taxonomy":"category","embeddable":true,"href":"https:\/\/tuzlainfo.ba\/index.php\/wp-json\/wp\/v2\/categories?post=136037"},{"taxonomy":"post_tag","embeddable":true,"href":"https:\/\/tuzlainfo.ba\/index.php\/wp-json\/wp\/v2\/tags?post=136037"}],"curies":[{"name":"wp","href":"https:\/\/api.w.org\/{rel}","templated":true}]}}