{"id":136026,"date":"2021-04-22T09:43:27","date_gmt":"2021-04-22T07:43:27","guid":{"rendered":"https:\/\/tuzlainfo.ba\/?p=136026"},"modified":"2021-04-22T09:43:27","modified_gmt":"2021-04-22T07:43:27","slug":"oskar-na-bht-uz-cjelovecernji-program-dodjele-najprestiznije-filmske-nagrade","status":"publish","type":"post","link":"https:\/\/tuzlainfo.ba\/index.php\/magazin\/item\/136026-oskar-na-bht-uz-cjelovecernji-program-dodjele-najprestiznije-filmske-nagrade\/","title":{"rendered":"&#8220;Oskar na BHT&#8221; uz cjelove\u010dernji program dodjele najpresti\u017enije filmske nagrade"},"content":{"rendered":"<p>U nedjelju 25. aprila gledatelji Televizije Bosne i Hercegovine, mo\u0107i \u0107e pratiti kompletan prijenos cjelove\u010dernjeg programa dodjele najpresti\u017enije filmske nagrade Oskar u okviru specijalnog programa BHT1 <strong>\u201cNo\u0107 Oscara\u201d koji po\u010dinje od 20,00 sati<\/strong>.<\/p>\n<div>\n<div>\n<p>U okviru Specijalnog programa \u201cNo\u0107 Oscara\u201d gledatelji BHT1 \u0107e ve\u0107 u 20,30 sati mo\u0107i pogledati<strong> film Ni\u010dija zemlja reditelja Danisa Tanovi\u0107a<\/strong> koji je BiH donio najpresti\u017eniju filmsku nagradu Oskar.<\/p>\n<p>U no\u0107i Oskara gledatelji BHT1 mo\u0107i \u0107e u\u017eivo pratiti de\u0161avanja sa Red Carpeta koji po\u010dinje 30 minuta iza pono\u0107i, dodjelu nagrada Oskar od 2 do 5 sati, te Oscar Show koji koji je planiran odmah nakon dodjele nagrada.<\/p>\n<p>Kroz cjelove\u010derni prenos u\u017eivo vodit \u0107e vas Maja Miralem i Mediha Adrovi\u0107.<\/p>\n<p><img fetchpriority=\"high\" decoding=\"async\" class=\"alignnone  wp-image-136028\" src=\"https:\/\/tuzlainfo.ba\/wp-content\/uploads\/2021\/04\/mediha-adrovic-foto--300x300.jpeg\" alt=\"\" width=\"270\" height=\"270\" srcset=\"https:\/\/tuzlainfo.ba\/wp-content\/uploads\/2021\/04\/mediha-adrovic-foto--300x300.jpeg 300w, https:\/\/tuzlainfo.ba\/wp-content\/uploads\/2021\/04\/mediha-adrovic-foto--150x150.jpeg 150w, https:\/\/tuzlainfo.ba\/wp-content\/uploads\/2021\/04\/mediha-adrovic-foto--45x45.jpeg 45w, https:\/\/tuzlainfo.ba\/wp-content\/uploads\/2021\/04\/mediha-adrovic-foto-.jpeg 480w\" sizes=\"(max-width: 270px) 100vw, 270px\" \/> <img decoding=\"async\" class=\"alignnone  wp-image-136029\" src=\"https:\/\/tuzlainfo.ba\/wp-content\/uploads\/2021\/04\/maja-miralem-foto-300x199.jpg\" alt=\"\" width=\"407\" height=\"270\" srcset=\"https:\/\/tuzlainfo.ba\/wp-content\/uploads\/2021\/04\/maja-miralem-foto-300x199.jpg 300w, https:\/\/tuzlainfo.ba\/wp-content\/uploads\/2021\/04\/maja-miralem-foto-1024x681.jpg 1024w, https:\/\/tuzlainfo.ba\/wp-content\/uploads\/2021\/04\/maja-miralem-foto-768x511.jpg 768w, https:\/\/tuzlainfo.ba\/wp-content\/uploads\/2021\/04\/maja-miralem-foto-1536x1021.jpg 1536w, https:\/\/tuzlainfo.ba\/wp-content\/uploads\/2021\/04\/maja-miralem-foto-2048x1362.jpg 2048w, https:\/\/tuzlainfo.ba\/wp-content\/uploads\/2021\/04\/maja-miralem-foto-1920x1277.jpg 1920w, https:\/\/tuzlainfo.ba\/wp-content\/uploads\/2021\/04\/maja-miralem-foto-1170x778.jpg 1170w, https:\/\/tuzlainfo.ba\/wp-content\/uploads\/2021\/04\/maja-miralem-foto-780x516.jpg 780w, https:\/\/tuzlainfo.ba\/wp-content\/uploads\/2021\/04\/maja-miralem-foto-585x389.jpg 585w, https:\/\/tuzlainfo.ba\/wp-content\/uploads\/2021\/04\/maja-miralem-foto-263x175.jpg 263w, https:\/\/tuzlainfo.ba\/wp-content\/uploads\/2021\/04\/maja-miralem-foto-150x100.jpg 150w, https:\/\/tuzlainfo.ba\/wp-content\/uploads\/2021\/04\/maja-miralem-foto-500x332.jpg 500w, https:\/\/tuzlainfo.ba\/wp-content\/uploads\/2021\/04\/maja-miralem-foto-120x80.jpg 120w\" sizes=\"(max-width: 407px) 100vw, 407px\" \/><\/p>\n<p>U nedjelju u 15,45 sati uo\u010di dodjele nagrade Oskar, za koju je nominiran i film bosanskohercegova\u010dke redateljice Jasmile \u017dbani\u0107 \u201eQuo vadis, Aida\u201c reemitiramo <strong>intervju sa Jasmilom \u017dbani\u0107<\/strong> snimljenog u Stocu. Koproducent filma je i BHRT. Redateljica \u017dbani\u0107 sa Majom Miralem govori o medijskoj \u0161utnji tokom procesa rada na filmu, nagradama, ali i novim projektima.<\/p>\n<p>Dan prije dodjele nagrade Oskar, u subotu 24. aprila u 22 sata, pogledajte <strong>reprizu reporta\u017ee\u00a0\u201cIza scene: Quo vadis, Aida?\u201c,<\/strong> autorice Medihe Adrovi\u0107, u kojoj donosimo sve o filmu, gluma\u010dkoj postavi, ali i izazovima sa kojima se susretala ekipa tokom snimanja filma.<\/p>\n<\/div>\n<\/div>\n","protected":false},"excerpt":{"rendered":"<p>U nedjelju 25. aprila gledatelji Televizije Bosne i Hercegovine, mo\u0107i \u0107e pratiti kompletan prijenos cjelove\u010dernjeg&hellip;<\/p>\n","protected":false},"author":2,"featured_media":136027,"comment_status":"open","ping_status":"closed","sticky":false,"template":"","format":"standard","meta":{"_acf_changed":false,"footnotes":""},"categories":[292],"tags":[754,755,756,625],"acf":[],"yoast_head":"<!-- This site is optimized with the Yoast SEO plugin v23.5 - https:\/\/yoast.com\/wordpress\/plugins\/seo\/ -->\n<title>&quot;Oskar na BHT&quot; uz cjelove\u010dernji program dodjele najpresti\u017enije filmske nagrade - TuzlaInfo.ba<\/title>\n<meta name=\"robots\" content=\"index, follow, max-snippet:-1, max-image-preview:large, max-video-preview:-1\" \/>\n<link rel=\"canonical\" href=\"https:\/\/tuzlainfo.ba\/index.php\/magazin\/item\/136026-oskar-na-bht-uz-cjelovecernji-program-dodjele-najprestiznije-filmske-nagrade\/\" \/>\n<meta property=\"og:locale\" content=\"bs_BA\" \/>\n<meta property=\"og:type\" content=\"article\" \/>\n<meta property=\"og:title\" content=\"&quot;Oskar na BHT&quot; uz cjelove\u010dernji program dodjele najpresti\u017enije filmske nagrade - TuzlaInfo.ba\" \/>\n<meta property=\"og:description\" content=\"U nedjelju 25. aprila gledatelji Televizije Bosne i Hercegovine, mo\u0107i \u0107e pratiti kompletan prijenos cjelove\u010dernjeg&hellip;\" \/>\n<meta property=\"og:url\" content=\"https:\/\/tuzlainfo.ba\/index.php\/magazin\/item\/136026-oskar-na-bht-uz-cjelovecernji-program-dodjele-najprestiznije-filmske-nagrade\/\" \/>\n<meta property=\"og:site_name\" content=\"TuzlaInfo.ba\" \/>\n<meta property=\"article:publisher\" content=\"https:\/\/www.facebook.com\/tuzlainfo.ba\/\" \/>\n<meta property=\"article:published_time\" content=\"2021-04-22T07:43:27+00:00\" \/>\n<meta property=\"og:image\" content=\"https:\/\/tuzlainfo.ba\/wp-content\/uploads\/2021\/04\/2204_oscar.jpg\" \/>\n\t<meta property=\"og:image:width\" content=\"1200\" \/>\n\t<meta property=\"og:image:height\" content=\"632\" \/>\n\t<meta property=\"og:image:type\" content=\"image\/jpeg\" \/>\n<meta name=\"author\" content=\"nedim\" \/>\n<meta name=\"twitter:card\" content=\"summary_large_image\" \/>\n<meta name=\"twitter:label1\" content=\"Written by\" \/>\n\t<meta name=\"twitter:data1\" content=\"nedim\" \/>\n\t<meta name=\"twitter:label2\" content=\"Est. reading time\" \/>\n\t<meta name=\"twitter:data2\" content=\"1 minuta\" \/>\n<script type=\"application\/ld+json\" class=\"yoast-schema-graph\">{\"@context\":\"https:\/\/schema.org\",\"@graph\":[{\"@type\":\"Article\",\"@id\":\"https:\/\/tuzlainfo.ba\/index.php\/magazin\/item\/136026-oskar-na-bht-uz-cjelovecernji-program-dodjele-najprestiznije-filmske-nagrade\/#article\",\"isPartOf\":{\"@id\":\"https:\/\/tuzlainfo.ba\/index.php\/magazin\/item\/136026-oskar-na-bht-uz-cjelovecernji-program-dodjele-najprestiznije-filmske-nagrade\/\"},\"author\":{\"name\":\"nedim\",\"@id\":\"https:\/\/tuzlainfo.ba\/#\/schema\/person\/f434e20dc27ea133923aab08451b7f7f\"},\"headline\":\"&#8220;Oskar na BHT&#8221; uz cjelove\u010dernji program dodjele najpresti\u017enije filmske nagrade\",\"datePublished\":\"2021-04-22T07:43:27+00:00\",\"dateModified\":\"2021-04-22T07:43:27+00:00\",\"mainEntityOfPage\":{\"@id\":\"https:\/\/tuzlainfo.ba\/index.php\/magazin\/item\/136026-oskar-na-bht-uz-cjelovecernji-program-dodjele-najprestiznije-filmske-nagrade\/\"},\"wordCount\":231,\"commentCount\":0,\"publisher\":{\"@id\":\"https:\/\/tuzlainfo.ba\/#organization\"},\"image\":{\"@id\":\"https:\/\/tuzlainfo.ba\/index.php\/magazin\/item\/136026-oskar-na-bht-uz-cjelovecernji-program-dodjele-najprestiznije-filmske-nagrade\/#primaryimage\"},\"thumbnailUrl\":\"https:\/\/tuzlainfo.ba\/wp-content\/uploads\/2021\/04\/2204_oscar.jpg\",\"keywords\":[\"bhrt\",\"maja miralem\",\"mediha adrovi\u0107\",\"oskar\"],\"articleSection\":[\"Magazin\"],\"inLanguage\":\"bs-BA\"},{\"@type\":\"WebPage\",\"@id\":\"https:\/\/tuzlainfo.ba\/index.php\/magazin\/item\/136026-oskar-na-bht-uz-cjelovecernji-program-dodjele-najprestiznije-filmske-nagrade\/\",\"url\":\"https:\/\/tuzlainfo.ba\/index.php\/magazin\/item\/136026-oskar-na-bht-uz-cjelovecernji-program-dodjele-najprestiznije-filmske-nagrade\/\",\"name\":\"\\\"Oskar na BHT\\\" uz cjelove\u010dernji program dodjele najpresti\u017enije filmske nagrade - TuzlaInfo.ba\",\"isPartOf\":{\"@id\":\"https:\/\/tuzlainfo.ba\/#website\"},\"primaryImageOfPage\":{\"@id\":\"https:\/\/tuzlainfo.ba\/index.php\/magazin\/item\/136026-oskar-na-bht-uz-cjelovecernji-program-dodjele-najprestiznije-filmske-nagrade\/#primaryimage\"},\"image\":{\"@id\":\"https:\/\/tuzlainfo.ba\/index.php\/magazin\/item\/136026-oskar-na-bht-uz-cjelovecernji-program-dodjele-najprestiznije-filmske-nagrade\/#primaryimage\"},\"thumbnailUrl\":\"https:\/\/tuzlainfo.ba\/wp-content\/uploads\/2021\/04\/2204_oscar.jpg\",\"datePublished\":\"2021-04-22T07:43:27+00:00\",\"dateModified\":\"2021-04-22T07:43:27+00:00\",\"breadcrumb\":{\"@id\":\"https:\/\/tuzlainfo.ba\/index.php\/magazin\/item\/136026-oskar-na-bht-uz-cjelovecernji-program-dodjele-najprestiznije-filmske-nagrade\/#breadcrumb\"},\"inLanguage\":\"bs-BA\",\"potentialAction\":[{\"@type\":\"ReadAction\",\"target\":[\"https:\/\/tuzlainfo.ba\/index.php\/magazin\/item\/136026-oskar-na-bht-uz-cjelovecernji-program-dodjele-najprestiznije-filmske-nagrade\/\"]}]},{\"@type\":\"ImageObject\",\"inLanguage\":\"bs-BA\",\"@id\":\"https:\/\/tuzlainfo.ba\/index.php\/magazin\/item\/136026-oskar-na-bht-uz-cjelovecernji-program-dodjele-najprestiznije-filmske-nagrade\/#primaryimage\",\"url\":\"https:\/\/tuzlainfo.ba\/wp-content\/uploads\/2021\/04\/2204_oscar.jpg\",\"contentUrl\":\"https:\/\/tuzlainfo.ba\/wp-content\/uploads\/2021\/04\/2204_oscar.jpg\",\"width\":1200,\"height\":632},{\"@type\":\"BreadcrumbList\",\"@id\":\"https:\/\/tuzlainfo.ba\/index.php\/magazin\/item\/136026-oskar-na-bht-uz-cjelovecernji-program-dodjele-najprestiznije-filmske-nagrade\/#breadcrumb\",\"itemListElement\":[{\"@type\":\"ListItem\",\"position\":1,\"name\":\"Home\",\"item\":\"https:\/\/tuzlainfo.ba\/\"},{\"@type\":\"ListItem\",\"position\":2,\"name\":\"&#8220;Oskar na BHT&#8221; uz cjelove\u010dernji program dodjele najpresti\u017enije filmske nagrade\"}]},{\"@type\":\"WebSite\",\"@id\":\"https:\/\/tuzlainfo.ba\/#website\",\"url\":\"https:\/\/tuzlainfo.ba\/\",\"name\":\"TuzlaInfo.ba\",\"description\":\"Tuzla info, gradski informator - Tuzla na dlanu\",\"publisher\":{\"@id\":\"https:\/\/tuzlainfo.ba\/#organization\"},\"potentialAction\":[{\"@type\":\"SearchAction\",\"target\":{\"@type\":\"EntryPoint\",\"urlTemplate\":\"https:\/\/tuzlainfo.ba\/?s={search_term_string}\"},\"query-input\":{\"@type\":\"PropertyValueSpecification\",\"valueRequired\":true,\"valueName\":\"search_term_string\"}}],\"inLanguage\":\"bs-BA\"},{\"@type\":\"Organization\",\"@id\":\"https:\/\/tuzlainfo.ba\/#organization\",\"name\":\"TuzlaInfo.ba\",\"url\":\"https:\/\/tuzlainfo.ba\/\",\"logo\":{\"@type\":\"ImageObject\",\"inLanguage\":\"bs-BA\",\"@id\":\"https:\/\/tuzlainfo.ba\/#\/schema\/logo\/image\/\",\"url\":\"https:\/\/tuzlainfo.ba\/wp-content\/uploads\/2021\/03\/logo-ver-3-1.png\",\"contentUrl\":\"https:\/\/tuzlainfo.ba\/wp-content\/uploads\/2021\/03\/logo-ver-3-1.png\",\"width\":350,\"height\":95,\"caption\":\"TuzlaInfo.ba\"},\"image\":{\"@id\":\"https:\/\/tuzlainfo.ba\/#\/schema\/logo\/image\/\"},\"sameAs\":[\"https:\/\/www.facebook.com\/tuzlainfo.ba\/\"]},{\"@type\":\"Person\",\"@id\":\"https:\/\/tuzlainfo.ba\/#\/schema\/person\/f434e20dc27ea133923aab08451b7f7f\",\"name\":\"nedim\",\"image\":{\"@type\":\"ImageObject\",\"inLanguage\":\"bs-BA\",\"@id\":\"https:\/\/tuzlainfo.ba\/#\/schema\/person\/image\/\",\"url\":\"https:\/\/tuzlainfo.ba\/wp-content\/litespeed\/avatar\/aabad687af24844af817603ac1cbdc4f.jpg?ver=1777306975\",\"contentUrl\":\"https:\/\/tuzlainfo.ba\/wp-content\/litespeed\/avatar\/aabad687af24844af817603ac1cbdc4f.jpg?ver=1777306975\",\"caption\":\"nedim\"},\"description\":\"Tuzlainfo.ba pratite na dru\u0161tvenim mre\u017eama: Facebook, Instagram i Youtube. Svoje pri\u010de, upite i fotografije \u0161aljite na na\u0161u e-mail adresu.\"}]}<\/script>\n<!-- \/ Yoast SEO plugin. -->","yoast_head_json":{"title":"\"Oskar na BHT\" uz cjelove\u010dernji program dodjele najpresti\u017enije filmske nagrade - TuzlaInfo.ba","robots":{"index":"index","follow":"follow","max-snippet":"max-snippet:-1","max-image-preview":"max-image-preview:large","max-video-preview":"max-video-preview:-1"},"canonical":"https:\/\/tuzlainfo.ba\/index.php\/magazin\/item\/136026-oskar-na-bht-uz-cjelovecernji-program-dodjele-najprestiznije-filmske-nagrade\/","og_locale":"bs_BA","og_type":"article","og_title":"\"Oskar na BHT\" uz cjelove\u010dernji program dodjele najpresti\u017enije filmske nagrade - TuzlaInfo.ba","og_description":"U nedjelju 25. aprila gledatelji Televizije Bosne i Hercegovine, mo\u0107i \u0107e pratiti kompletan prijenos cjelove\u010dernjeg&hellip;","og_url":"https:\/\/tuzlainfo.ba\/index.php\/magazin\/item\/136026-oskar-na-bht-uz-cjelovecernji-program-dodjele-najprestiznije-filmske-nagrade\/","og_site_name":"TuzlaInfo.ba","article_publisher":"https:\/\/www.facebook.com\/tuzlainfo.ba\/","article_published_time":"2021-04-22T07:43:27+00:00","og_image":[{"width":1200,"height":632,"url":"https:\/\/tuzlainfo.ba\/wp-content\/uploads\/2021\/04\/2204_oscar.jpg","type":"image\/jpeg"}],"author":"nedim","twitter_card":"summary_large_image","twitter_misc":{"Written by":"nedim","Est. reading time":"1 minuta"},"schema":{"@context":"https:\/\/schema.org","@graph":[{"@type":"Article","@id":"https:\/\/tuzlainfo.ba\/index.php\/magazin\/item\/136026-oskar-na-bht-uz-cjelovecernji-program-dodjele-najprestiznije-filmske-nagrade\/#article","isPartOf":{"@id":"https:\/\/tuzlainfo.ba\/index.php\/magazin\/item\/136026-oskar-na-bht-uz-cjelovecernji-program-dodjele-najprestiznije-filmske-nagrade\/"},"author":{"name":"nedim","@id":"https:\/\/tuzlainfo.ba\/#\/schema\/person\/f434e20dc27ea133923aab08451b7f7f"},"headline":"&#8220;Oskar na BHT&#8221; uz cjelove\u010dernji program dodjele najpresti\u017enije filmske nagrade","datePublished":"2021-04-22T07:43:27+00:00","dateModified":"2021-04-22T07:43:27+00:00","mainEntityOfPage":{"@id":"https:\/\/tuzlainfo.ba\/index.php\/magazin\/item\/136026-oskar-na-bht-uz-cjelovecernji-program-dodjele-najprestiznije-filmske-nagrade\/"},"wordCount":231,"commentCount":0,"publisher":{"@id":"https:\/\/tuzlainfo.ba\/#organization"},"image":{"@id":"https:\/\/tuzlainfo.ba\/index.php\/magazin\/item\/136026-oskar-na-bht-uz-cjelovecernji-program-dodjele-najprestiznije-filmske-nagrade\/#primaryimage"},"thumbnailUrl":"https:\/\/tuzlainfo.ba\/wp-content\/uploads\/2021\/04\/2204_oscar.jpg","keywords":["bhrt","maja miralem","mediha adrovi\u0107","oskar"],"articleSection":["Magazin"],"inLanguage":"bs-BA"},{"@type":"WebPage","@id":"https:\/\/tuzlainfo.ba\/index.php\/magazin\/item\/136026-oskar-na-bht-uz-cjelovecernji-program-dodjele-najprestiznije-filmske-nagrade\/","url":"https:\/\/tuzlainfo.ba\/index.php\/magazin\/item\/136026-oskar-na-bht-uz-cjelovecernji-program-dodjele-najprestiznije-filmske-nagrade\/","name":"\"Oskar na BHT\" uz cjelove\u010dernji program dodjele najpresti\u017enije filmske nagrade - TuzlaInfo.ba","isPartOf":{"@id":"https:\/\/tuzlainfo.ba\/#website"},"primaryImageOfPage":{"@id":"https:\/\/tuzlainfo.ba\/index.php\/magazin\/item\/136026-oskar-na-bht-uz-cjelovecernji-program-dodjele-najprestiznije-filmske-nagrade\/#primaryimage"},"image":{"@id":"https:\/\/tuzlainfo.ba\/index.php\/magazin\/item\/136026-oskar-na-bht-uz-cjelovecernji-program-dodjele-najprestiznije-filmske-nagrade\/#primaryimage"},"thumbnailUrl":"https:\/\/tuzlainfo.ba\/wp-content\/uploads\/2021\/04\/2204_oscar.jpg","datePublished":"2021-04-22T07:43:27+00:00","dateModified":"2021-04-22T07:43:27+00:00","breadcrumb":{"@id":"https:\/\/tuzlainfo.ba\/index.php\/magazin\/item\/136026-oskar-na-bht-uz-cjelovecernji-program-dodjele-najprestiznije-filmske-nagrade\/#breadcrumb"},"inLanguage":"bs-BA","potentialAction":[{"@type":"ReadAction","target":["https:\/\/tuzlainfo.ba\/index.php\/magazin\/item\/136026-oskar-na-bht-uz-cjelovecernji-program-dodjele-najprestiznije-filmske-nagrade\/"]}]},{"@type":"ImageObject","inLanguage":"bs-BA","@id":"https:\/\/tuzlainfo.ba\/index.php\/magazin\/item\/136026-oskar-na-bht-uz-cjelovecernji-program-dodjele-najprestiznije-filmske-nagrade\/#primaryimage","url":"https:\/\/tuzlainfo.ba\/wp-content\/uploads\/2021\/04\/2204_oscar.jpg","contentUrl":"https:\/\/tuzlainfo.ba\/wp-content\/uploads\/2021\/04\/2204_oscar.jpg","width":1200,"height":632},{"@type":"BreadcrumbList","@id":"https:\/\/tuzlainfo.ba\/index.php\/magazin\/item\/136026-oskar-na-bht-uz-cjelovecernji-program-dodjele-najprestiznije-filmske-nagrade\/#breadcrumb","itemListElement":[{"@type":"ListItem","position":1,"name":"Home","item":"https:\/\/tuzlainfo.ba\/"},{"@type":"ListItem","position":2,"name":"&#8220;Oskar na BHT&#8221; uz cjelove\u010dernji program dodjele najpresti\u017enije filmske nagrade"}]},{"@type":"WebSite","@id":"https:\/\/tuzlainfo.ba\/#website","url":"https:\/\/tuzlainfo.ba\/","name":"TuzlaInfo.ba","description":"Tuzla info, gradski informator - Tuzla na dlanu","publisher":{"@id":"https:\/\/tuzlainfo.ba\/#organization"},"potentialAction":[{"@type":"SearchAction","target":{"@type":"EntryPoint","urlTemplate":"https:\/\/tuzlainfo.ba\/?s={search_term_string}"},"query-input":{"@type":"PropertyValueSpecification","valueRequired":true,"valueName":"search_term_string"}}],"inLanguage":"bs-BA"},{"@type":"Organization","@id":"https:\/\/tuzlainfo.ba\/#organization","name":"TuzlaInfo.ba","url":"https:\/\/tuzlainfo.ba\/","logo":{"@type":"ImageObject","inLanguage":"bs-BA","@id":"https:\/\/tuzlainfo.ba\/#\/schema\/logo\/image\/","url":"https:\/\/tuzlainfo.ba\/wp-content\/uploads\/2021\/03\/logo-ver-3-1.png","contentUrl":"https:\/\/tuzlainfo.ba\/wp-content\/uploads\/2021\/03\/logo-ver-3-1.png","width":350,"height":95,"caption":"TuzlaInfo.ba"},"image":{"@id":"https:\/\/tuzlainfo.ba\/#\/schema\/logo\/image\/"},"sameAs":["https:\/\/www.facebook.com\/tuzlainfo.ba\/"]},{"@type":"Person","@id":"https:\/\/tuzlainfo.ba\/#\/schema\/person\/f434e20dc27ea133923aab08451b7f7f","name":"nedim","image":{"@type":"ImageObject","inLanguage":"bs-BA","@id":"https:\/\/tuzlainfo.ba\/#\/schema\/person\/image\/","url":"https:\/\/tuzlainfo.ba\/wp-content\/litespeed\/avatar\/aabad687af24844af817603ac1cbdc4f.jpg?ver=1777306975","contentUrl":"https:\/\/tuzlainfo.ba\/wp-content\/litespeed\/avatar\/aabad687af24844af817603ac1cbdc4f.jpg?ver=1777306975","caption":"nedim"},"description":"Tuzlainfo.ba pratite na dru\u0161tvenim mre\u017eama: Facebook, Instagram i Youtube. Svoje pri\u010de, upite i fotografije \u0161aljite na na\u0161u e-mail adresu."}]}},"_links":{"self":[{"href":"https:\/\/tuzlainfo.ba\/index.php\/wp-json\/wp\/v2\/posts\/136026"}],"collection":[{"href":"https:\/\/tuzlainfo.ba\/index.php\/wp-json\/wp\/v2\/posts"}],"about":[{"href":"https:\/\/tuzlainfo.ba\/index.php\/wp-json\/wp\/v2\/types\/post"}],"author":[{"embeddable":true,"href":"https:\/\/tuzlainfo.ba\/index.php\/wp-json\/wp\/v2\/users\/2"}],"replies":[{"embeddable":true,"href":"https:\/\/tuzlainfo.ba\/index.php\/wp-json\/wp\/v2\/comments?post=136026"}],"version-history":[{"count":0,"href":"https:\/\/tuzlainfo.ba\/index.php\/wp-json\/wp\/v2\/posts\/136026\/revisions"}],"wp:featuredmedia":[{"embeddable":true,"href":"https:\/\/tuzlainfo.ba\/index.php\/wp-json\/wp\/v2\/media\/136027"}],"wp:attachment":[{"href":"https:\/\/tuzlainfo.ba\/index.php\/wp-json\/wp\/v2\/media?parent=136026"}],"wp:term":[{"taxonomy":"category","embeddable":true,"href":"https:\/\/tuzlainfo.ba\/index.php\/wp-json\/wp\/v2\/categories?post=136026"},{"taxonomy":"post_tag","embeddable":true,"href":"https:\/\/tuzlainfo.ba\/index.php\/wp-json\/wp\/v2\/tags?post=136026"}],"curies":[{"name":"wp","href":"https:\/\/api.w.org\/{rel}","templated":true}]}}