{"id":135934,"date":"2021-04-20T18:25:54","date_gmt":"2021-04-20T16:25:54","guid":{"rendered":"https:\/\/tuzlainfo.ba\/?p=135934"},"modified":"2021-04-20T16:30:51","modified_gmt":"2021-04-20T14:30:51","slug":"jusufovic-covid-pacijenti-i-nakon-20-dana-hospitalizacije-budu-pozitivni","status":"publish","type":"post","link":"https:\/\/tuzlainfo.ba\/index.php\/novosti\/item\/135934-jusufovic-covid-pacijenti-i-nakon-20-dana-hospitalizacije-budu-pozitivni\/","title":{"rendered":"Jusufovi\u0107: Covid pacijenti i nakon 20 dana hospitalizacije budu pozitivni"},"content":{"rendered":"<p>Blagi porast broja oboljelih, procenta pozitivnih i broja hospitaliziranih u covid bolnicama Univerzitetskog klini\u010dkog centra u Tuzli oslikavaju epidemiolo\u0161ku situaciju na ovom podru\u010dju, za koju nadle\u017eni ka\u017eu da je karakterizira stabilnost.<\/p>\n<p>Zbog specifi\u010dnosti oboljenja odre\u0111enih pacijenata otvorena je i \u010detvrta covid bolnica, dok je u UKC-u dozvoljno izvo\u0111enje hladnog operativnog programa u op\u0107oj anesteziji \u0161to do prije nekoliko dana nije bio slu\u010daj &#8211; pi\u0161e <a href=\"https:\/\/federalna.ba\/stabilnost-epidemioloske-situacije-u-tk-uprkos-velikom-broju-hospitaliziranih-wh7xl\"><strong>Federalna.ba<\/strong><\/a>.<\/p>\n<p>Iako ozbiljna i kompleksna, epidemiolo\u0161ka situacija na podru\u010dju Tuzlanskog kantona nije alarmantna i nema razloga za paniku. U protekla 24 sata evidentirano je 111 novoboljelih na osnovu testiranih 400 uzoraka. Od toga u Tuzli 70 novozara\u017eenih.<\/p>\n<p>\u201cBroj hospitaliziranih pacijenata na UKC-u Tuzla je konstantno visok. Preko 230 pacijenata je hospitalizirano\u201d, kazao je dr. Bo\u017eo Juri\u0107, ministar zdravstva TK.<\/p>\n<p>Ono \u0161to je tako\u0111er primijetno u posljednje vrijeme na podru\u010dju Tuzlanskog kantona je visok procenat smrtnosti. U protekla 24 sata registrovano je 12 smrtnih slu\u010dajeva od posljedica koronavirusa.<\/p>\n<p>\u201eNa\u017ealost to je \u010dinjenica u ovom tre\u0107em valu. Primijetili smo da i nakon 20 i ne\u0161to dana hospitalizacije i lije\u010denja da PCR testovi na kontroli budu pozitivni\u201c, rekao je prof. dr. Vahid Jusufovi\u0107, generalni direktor UKC Tuzla.<\/p>\n<p>Imaju\u0107i u vidu specifi\u010dnosti oboljenja nekih pacijenata, u sklopu UKC-a otvorena je i \u010detvrta covid bolnica.<\/p>\n<p>\u201eMi smo ve\u0107 prije tri- \u010detiri mjeseca ve\u0107 imali spremne kapacitete na Klinici za psihijatrijske bolesti gdje je do sada bilo eventualno jedan do dva pacijenta u izolaciji. Me\u0111utim sad imamo osam hospitaliziranih psihijatrijskih pacijenata\u201c, dodao je prof. dr. Jusufovi\u0107.<\/p>\n<p><img fetchpriority=\"high\" decoding=\"async\" class=\"aligncenter wp-image-83136 size-full\" src=\"https:\/\/tuzlainfo.ba\/wp-content\/uploads\/2020\/10\/sadrzaj_2020_20200101_01012020_vahid_jusufovic.jpg\" alt=\"01012020 vahid jusufovic\" width=\"770\" height=\"511\" srcset=\"https:\/\/tuzlainfo.ba\/wp-content\/uploads\/2020\/10\/sadrzaj_2020_20200101_01012020_vahid_jusufovic.jpg 770w, https:\/\/tuzlainfo.ba\/wp-content\/uploads\/2020\/10\/sadrzaj_2020_20200101_01012020_vahid_jusufovic-300x199.jpg 300w, https:\/\/tuzlainfo.ba\/wp-content\/uploads\/2020\/10\/sadrzaj_2020_20200101_01012020_vahid_jusufovic-768x510.jpg 768w, https:\/\/tuzlainfo.ba\/wp-content\/uploads\/2020\/10\/sadrzaj_2020_20200101_01012020_vahid_jusufovic-585x388.jpg 585w, https:\/\/tuzlainfo.ba\/wp-content\/uploads\/2020\/10\/sadrzaj_2020_20200101_01012020_vahid_jusufovic-263x175.jpg 263w, https:\/\/tuzlainfo.ba\/wp-content\/uploads\/2020\/10\/sadrzaj_2020_20200101_01012020_vahid_jusufovic-150x100.jpg 150w, https:\/\/tuzlainfo.ba\/wp-content\/uploads\/2020\/10\/sadrzaj_2020_20200101_01012020_vahid_jusufovic-500x332.jpg 500w\" sizes=\"(max-width: 770px) 100vw, 770px\" \/><\/p>\n<p>U svim javnim i privatnim zdravstvenim ustanovama bolni\u010dkog nivoa na podru\u010dju Tuzlanskog kantona dozvoljeno je izvo\u0111enje hladnog operativnog programa u op\u0107oj anesteziji.<\/p>\n<p>\u201eU skladu sa kadrovskim i epidemiolo\u0161kim mogu\u0107nostima i navedeno je da taj opseg operativnih zahvata bude do 30 posto redovnog kapaciteta\u201c, kazao je dr. Bo\u017eo Juri\u0107, ministar zdravstva TK.<\/p>\n<p>Kada je u pitanju kontrola pridr\u017eavanja epidemiolo\u0161kih mjera na podru\u010dju Tuzlanskog kantona u proteklom periodu, nadle\u017eni su konstatovali da sve vi\u0161e gra\u0111ana i subjekata nadzora po\u0161tuje propisane mjere.<\/p>\n","protected":false},"excerpt":{"rendered":"<p>Blagi porast broja oboljelih, procenta pozitivnih i broja hospitaliziranih u covid bolnicama Univerzitetskog klini\u010dkog centra&hellip;<\/p>\n","protected":false},"author":2,"featured_media":87499,"comment_status":"open","ping_status":"closed","sticky":false,"template":"","format":"standard","meta":{"_acf_changed":false,"footnotes":""},"categories":[304,12],"tags":[428,407,458,717],"acf":[],"yoast_head":"<!-- This site is optimized with the Yoast SEO plugin v23.5 - https:\/\/yoast.com\/wordpress\/plugins\/seo\/ -->\n<title>Jusufovi\u0107: Covid pacijenti i nakon 20 dana hospitalizacije budu pozitivni - TuzlaInfo.ba<\/title>\n<meta name=\"robots\" content=\"index, follow, max-snippet:-1, max-image-preview:large, max-video-preview:-1\" \/>\n<link rel=\"canonical\" href=\"https:\/\/tuzlainfo.ba\/index.php\/novosti\/item\/135934-jusufovic-covid-pacijenti-i-nakon-20-dana-hospitalizacije-budu-pozitivni\/\" \/>\n<meta property=\"og:locale\" content=\"bs_BA\" \/>\n<meta property=\"og:type\" content=\"article\" \/>\n<meta property=\"og:title\" content=\"Jusufovi\u0107: Covid pacijenti i nakon 20 dana hospitalizacije budu pozitivni - TuzlaInfo.ba\" \/>\n<meta property=\"og:description\" content=\"Blagi porast broja oboljelih, procenta pozitivnih i broja hospitaliziranih u covid bolnicama Univerzitetskog klini\u010dkog centra&hellip;\" \/>\n<meta property=\"og:url\" content=\"https:\/\/tuzlainfo.ba\/index.php\/novosti\/item\/135934-jusufovic-covid-pacijenti-i-nakon-20-dana-hospitalizacije-budu-pozitivni\/\" \/>\n<meta property=\"og:site_name\" content=\"TuzlaInfo.ba\" \/>\n<meta property=\"article:publisher\" content=\"https:\/\/www.facebook.com\/tuzlainfo.ba\/\" \/>\n<meta property=\"article:published_time\" content=\"2021-04-20T16:25:54+00:00\" \/>\n<meta property=\"article:modified_time\" content=\"2021-04-20T14:30:51+00:00\" \/>\n<meta property=\"og:image\" content=\"https:\/\/tuzlainfo.ba\/wp-content\/uploads\/2021\/03\/sadrzaj_2021_20210301_1903_covid_bolnica.jpg\" \/>\n\t<meta property=\"og:image:width\" content=\"770\" \/>\n\t<meta property=\"og:image:height\" content=\"471\" \/>\n\t<meta property=\"og:image:type\" content=\"image\/jpeg\" \/>\n<meta name=\"author\" content=\"nedim\" \/>\n<meta name=\"twitter:card\" content=\"summary_large_image\" \/>\n<meta name=\"twitter:label1\" content=\"Written by\" \/>\n\t<meta name=\"twitter:data1\" content=\"nedim\" \/>\n\t<meta name=\"twitter:label2\" content=\"Est. reading time\" \/>\n\t<meta name=\"twitter:data2\" content=\"2 minute\" \/>\n<script type=\"application\/ld+json\" class=\"yoast-schema-graph\">{\"@context\":\"https:\/\/schema.org\",\"@graph\":[{\"@type\":\"Article\",\"@id\":\"https:\/\/tuzlainfo.ba\/index.php\/novosti\/item\/135934-jusufovic-covid-pacijenti-i-nakon-20-dana-hospitalizacije-budu-pozitivni\/#article\",\"isPartOf\":{\"@id\":\"https:\/\/tuzlainfo.ba\/index.php\/novosti\/item\/135934-jusufovic-covid-pacijenti-i-nakon-20-dana-hospitalizacije-budu-pozitivni\/\"},\"author\":{\"name\":\"nedim\",\"@id\":\"https:\/\/tuzlainfo.ba\/#\/schema\/person\/f434e20dc27ea133923aab08451b7f7f\"},\"headline\":\"Jusufovi\u0107: Covid pacijenti i nakon 20 dana hospitalizacije budu pozitivni\",\"datePublished\":\"2021-04-20T16:25:54+00:00\",\"dateModified\":\"2021-04-20T14:30:51+00:00\",\"mainEntityOfPage\":{\"@id\":\"https:\/\/tuzlainfo.ba\/index.php\/novosti\/item\/135934-jusufovic-covid-pacijenti-i-nakon-20-dana-hospitalizacije-budu-pozitivni\/\"},\"wordCount\":363,\"commentCount\":0,\"publisher\":{\"@id\":\"https:\/\/tuzlainfo.ba\/#organization\"},\"image\":{\"@id\":\"https:\/\/tuzlainfo.ba\/index.php\/novosti\/item\/135934-jusufovic-covid-pacijenti-i-nakon-20-dana-hospitalizacije-budu-pozitivni\/#primaryimage\"},\"thumbnailUrl\":\"https:\/\/tuzlainfo.ba\/wp-content\/uploads\/2021\/03\/sadrzaj_2021_20210301_1903_covid_bolnica.jpg\",\"keywords\":[\"bo\u017eo juri\u0107\",\"covid\",\"ukc tuzla\",\"vahid jusufovi\u0107\"],\"articleSection\":[\"Istaknuto\",\"Novosti\"],\"inLanguage\":\"bs-BA\"},{\"@type\":\"WebPage\",\"@id\":\"https:\/\/tuzlainfo.ba\/index.php\/novosti\/item\/135934-jusufovic-covid-pacijenti-i-nakon-20-dana-hospitalizacije-budu-pozitivni\/\",\"url\":\"https:\/\/tuzlainfo.ba\/index.php\/novosti\/item\/135934-jusufovic-covid-pacijenti-i-nakon-20-dana-hospitalizacije-budu-pozitivni\/\",\"name\":\"Jusufovi\u0107: Covid pacijenti i nakon 20 dana hospitalizacije budu pozitivni - TuzlaInfo.ba\",\"isPartOf\":{\"@id\":\"https:\/\/tuzlainfo.ba\/#website\"},\"primaryImageOfPage\":{\"@id\":\"https:\/\/tuzlainfo.ba\/index.php\/novosti\/item\/135934-jusufovic-covid-pacijenti-i-nakon-20-dana-hospitalizacije-budu-pozitivni\/#primaryimage\"},\"image\":{\"@id\":\"https:\/\/tuzlainfo.ba\/index.php\/novosti\/item\/135934-jusufovic-covid-pacijenti-i-nakon-20-dana-hospitalizacije-budu-pozitivni\/#primaryimage\"},\"thumbnailUrl\":\"https:\/\/tuzlainfo.ba\/wp-content\/uploads\/2021\/03\/sadrzaj_2021_20210301_1903_covid_bolnica.jpg\",\"datePublished\":\"2021-04-20T16:25:54+00:00\",\"dateModified\":\"2021-04-20T14:30:51+00:00\",\"breadcrumb\":{\"@id\":\"https:\/\/tuzlainfo.ba\/index.php\/novosti\/item\/135934-jusufovic-covid-pacijenti-i-nakon-20-dana-hospitalizacije-budu-pozitivni\/#breadcrumb\"},\"inLanguage\":\"bs-BA\",\"potentialAction\":[{\"@type\":\"ReadAction\",\"target\":[\"https:\/\/tuzlainfo.ba\/index.php\/novosti\/item\/135934-jusufovic-covid-pacijenti-i-nakon-20-dana-hospitalizacije-budu-pozitivni\/\"]}]},{\"@type\":\"ImageObject\",\"inLanguage\":\"bs-BA\",\"@id\":\"https:\/\/tuzlainfo.ba\/index.php\/novosti\/item\/135934-jusufovic-covid-pacijenti-i-nakon-20-dana-hospitalizacije-budu-pozitivni\/#primaryimage\",\"url\":\"https:\/\/tuzlainfo.ba\/wp-content\/uploads\/2021\/03\/sadrzaj_2021_20210301_1903_covid_bolnica.jpg\",\"contentUrl\":\"https:\/\/tuzlainfo.ba\/wp-content\/uploads\/2021\/03\/sadrzaj_2021_20210301_1903_covid_bolnica.jpg\",\"width\":770,\"height\":471,\"caption\":\"Foto: Ilustracija\"},{\"@type\":\"BreadcrumbList\",\"@id\":\"https:\/\/tuzlainfo.ba\/index.php\/novosti\/item\/135934-jusufovic-covid-pacijenti-i-nakon-20-dana-hospitalizacije-budu-pozitivni\/#breadcrumb\",\"itemListElement\":[{\"@type\":\"ListItem\",\"position\":1,\"name\":\"Home\",\"item\":\"https:\/\/tuzlainfo.ba\/\"},{\"@type\":\"ListItem\",\"position\":2,\"name\":\"Jusufovi\u0107: Covid pacijenti i nakon 20 dana hospitalizacije budu pozitivni\"}]},{\"@type\":\"WebSite\",\"@id\":\"https:\/\/tuzlainfo.ba\/#website\",\"url\":\"https:\/\/tuzlainfo.ba\/\",\"name\":\"TuzlaInfo.ba\",\"description\":\"Tuzla info, gradski informator - Tuzla na dlanu\",\"publisher\":{\"@id\":\"https:\/\/tuzlainfo.ba\/#organization\"},\"potentialAction\":[{\"@type\":\"SearchAction\",\"target\":{\"@type\":\"EntryPoint\",\"urlTemplate\":\"https:\/\/tuzlainfo.ba\/?s={search_term_string}\"},\"query-input\":{\"@type\":\"PropertyValueSpecification\",\"valueRequired\":true,\"valueName\":\"search_term_string\"}}],\"inLanguage\":\"bs-BA\"},{\"@type\":\"Organization\",\"@id\":\"https:\/\/tuzlainfo.ba\/#organization\",\"name\":\"TuzlaInfo.ba\",\"url\":\"https:\/\/tuzlainfo.ba\/\",\"logo\":{\"@type\":\"ImageObject\",\"inLanguage\":\"bs-BA\",\"@id\":\"https:\/\/tuzlainfo.ba\/#\/schema\/logo\/image\/\",\"url\":\"https:\/\/tuzlainfo.ba\/wp-content\/uploads\/2021\/03\/logo-ver-3-1.png\",\"contentUrl\":\"https:\/\/tuzlainfo.ba\/wp-content\/uploads\/2021\/03\/logo-ver-3-1.png\",\"width\":350,\"height\":95,\"caption\":\"TuzlaInfo.ba\"},\"image\":{\"@id\":\"https:\/\/tuzlainfo.ba\/#\/schema\/logo\/image\/\"},\"sameAs\":[\"https:\/\/www.facebook.com\/tuzlainfo.ba\/\"]},{\"@type\":\"Person\",\"@id\":\"https:\/\/tuzlainfo.ba\/#\/schema\/person\/f434e20dc27ea133923aab08451b7f7f\",\"name\":\"nedim\",\"image\":{\"@type\":\"ImageObject\",\"inLanguage\":\"bs-BA\",\"@id\":\"https:\/\/tuzlainfo.ba\/#\/schema\/person\/image\/\",\"url\":\"https:\/\/tuzlainfo.ba\/wp-content\/litespeed\/avatar\/aabad687af24844af817603ac1cbdc4f.jpg?ver=1776702173\",\"contentUrl\":\"https:\/\/tuzlainfo.ba\/wp-content\/litespeed\/avatar\/aabad687af24844af817603ac1cbdc4f.jpg?ver=1776702173\",\"caption\":\"nedim\"},\"description\":\"Tuzlainfo.ba pratite na dru\u0161tvenim mre\u017eama: Facebook, Instagram i Youtube. Svoje pri\u010de, upite i fotografije \u0161aljite na na\u0161u e-mail adresu.\"}]}<\/script>\n<!-- \/ Yoast SEO plugin. -->","yoast_head_json":{"title":"Jusufovi\u0107: Covid pacijenti i nakon 20 dana hospitalizacije budu pozitivni - TuzlaInfo.ba","robots":{"index":"index","follow":"follow","max-snippet":"max-snippet:-1","max-image-preview":"max-image-preview:large","max-video-preview":"max-video-preview:-1"},"canonical":"https:\/\/tuzlainfo.ba\/index.php\/novosti\/item\/135934-jusufovic-covid-pacijenti-i-nakon-20-dana-hospitalizacije-budu-pozitivni\/","og_locale":"bs_BA","og_type":"article","og_title":"Jusufovi\u0107: Covid pacijenti i nakon 20 dana hospitalizacije budu pozitivni - TuzlaInfo.ba","og_description":"Blagi porast broja oboljelih, procenta pozitivnih i broja hospitaliziranih u covid bolnicama Univerzitetskog klini\u010dkog centra&hellip;","og_url":"https:\/\/tuzlainfo.ba\/index.php\/novosti\/item\/135934-jusufovic-covid-pacijenti-i-nakon-20-dana-hospitalizacije-budu-pozitivni\/","og_site_name":"TuzlaInfo.ba","article_publisher":"https:\/\/www.facebook.com\/tuzlainfo.ba\/","article_published_time":"2021-04-20T16:25:54+00:00","article_modified_time":"2021-04-20T14:30:51+00:00","og_image":[{"width":770,"height":471,"url":"https:\/\/tuzlainfo.ba\/wp-content\/uploads\/2021\/03\/sadrzaj_2021_20210301_1903_covid_bolnica.jpg","type":"image\/jpeg"}],"author":"nedim","twitter_card":"summary_large_image","twitter_misc":{"Written by":"nedim","Est. reading time":"2 minute"},"schema":{"@context":"https:\/\/schema.org","@graph":[{"@type":"Article","@id":"https:\/\/tuzlainfo.ba\/index.php\/novosti\/item\/135934-jusufovic-covid-pacijenti-i-nakon-20-dana-hospitalizacije-budu-pozitivni\/#article","isPartOf":{"@id":"https:\/\/tuzlainfo.ba\/index.php\/novosti\/item\/135934-jusufovic-covid-pacijenti-i-nakon-20-dana-hospitalizacije-budu-pozitivni\/"},"author":{"name":"nedim","@id":"https:\/\/tuzlainfo.ba\/#\/schema\/person\/f434e20dc27ea133923aab08451b7f7f"},"headline":"Jusufovi\u0107: Covid pacijenti i nakon 20 dana hospitalizacije budu pozitivni","datePublished":"2021-04-20T16:25:54+00:00","dateModified":"2021-04-20T14:30:51+00:00","mainEntityOfPage":{"@id":"https:\/\/tuzlainfo.ba\/index.php\/novosti\/item\/135934-jusufovic-covid-pacijenti-i-nakon-20-dana-hospitalizacije-budu-pozitivni\/"},"wordCount":363,"commentCount":0,"publisher":{"@id":"https:\/\/tuzlainfo.ba\/#organization"},"image":{"@id":"https:\/\/tuzlainfo.ba\/index.php\/novosti\/item\/135934-jusufovic-covid-pacijenti-i-nakon-20-dana-hospitalizacije-budu-pozitivni\/#primaryimage"},"thumbnailUrl":"https:\/\/tuzlainfo.ba\/wp-content\/uploads\/2021\/03\/sadrzaj_2021_20210301_1903_covid_bolnica.jpg","keywords":["bo\u017eo juri\u0107","covid","ukc tuzla","vahid jusufovi\u0107"],"articleSection":["Istaknuto","Novosti"],"inLanguage":"bs-BA"},{"@type":"WebPage","@id":"https:\/\/tuzlainfo.ba\/index.php\/novosti\/item\/135934-jusufovic-covid-pacijenti-i-nakon-20-dana-hospitalizacije-budu-pozitivni\/","url":"https:\/\/tuzlainfo.ba\/index.php\/novosti\/item\/135934-jusufovic-covid-pacijenti-i-nakon-20-dana-hospitalizacije-budu-pozitivni\/","name":"Jusufovi\u0107: Covid pacijenti i nakon 20 dana hospitalizacije budu pozitivni - TuzlaInfo.ba","isPartOf":{"@id":"https:\/\/tuzlainfo.ba\/#website"},"primaryImageOfPage":{"@id":"https:\/\/tuzlainfo.ba\/index.php\/novosti\/item\/135934-jusufovic-covid-pacijenti-i-nakon-20-dana-hospitalizacije-budu-pozitivni\/#primaryimage"},"image":{"@id":"https:\/\/tuzlainfo.ba\/index.php\/novosti\/item\/135934-jusufovic-covid-pacijenti-i-nakon-20-dana-hospitalizacije-budu-pozitivni\/#primaryimage"},"thumbnailUrl":"https:\/\/tuzlainfo.ba\/wp-content\/uploads\/2021\/03\/sadrzaj_2021_20210301_1903_covid_bolnica.jpg","datePublished":"2021-04-20T16:25:54+00:00","dateModified":"2021-04-20T14:30:51+00:00","breadcrumb":{"@id":"https:\/\/tuzlainfo.ba\/index.php\/novosti\/item\/135934-jusufovic-covid-pacijenti-i-nakon-20-dana-hospitalizacije-budu-pozitivni\/#breadcrumb"},"inLanguage":"bs-BA","potentialAction":[{"@type":"ReadAction","target":["https:\/\/tuzlainfo.ba\/index.php\/novosti\/item\/135934-jusufovic-covid-pacijenti-i-nakon-20-dana-hospitalizacije-budu-pozitivni\/"]}]},{"@type":"ImageObject","inLanguage":"bs-BA","@id":"https:\/\/tuzlainfo.ba\/index.php\/novosti\/item\/135934-jusufovic-covid-pacijenti-i-nakon-20-dana-hospitalizacije-budu-pozitivni\/#primaryimage","url":"https:\/\/tuzlainfo.ba\/wp-content\/uploads\/2021\/03\/sadrzaj_2021_20210301_1903_covid_bolnica.jpg","contentUrl":"https:\/\/tuzlainfo.ba\/wp-content\/uploads\/2021\/03\/sadrzaj_2021_20210301_1903_covid_bolnica.jpg","width":770,"height":471,"caption":"Foto: Ilustracija"},{"@type":"BreadcrumbList","@id":"https:\/\/tuzlainfo.ba\/index.php\/novosti\/item\/135934-jusufovic-covid-pacijenti-i-nakon-20-dana-hospitalizacije-budu-pozitivni\/#breadcrumb","itemListElement":[{"@type":"ListItem","position":1,"name":"Home","item":"https:\/\/tuzlainfo.ba\/"},{"@type":"ListItem","position":2,"name":"Jusufovi\u0107: Covid pacijenti i nakon 20 dana hospitalizacije budu pozitivni"}]},{"@type":"WebSite","@id":"https:\/\/tuzlainfo.ba\/#website","url":"https:\/\/tuzlainfo.ba\/","name":"TuzlaInfo.ba","description":"Tuzla info, gradski informator - Tuzla na dlanu","publisher":{"@id":"https:\/\/tuzlainfo.ba\/#organization"},"potentialAction":[{"@type":"SearchAction","target":{"@type":"EntryPoint","urlTemplate":"https:\/\/tuzlainfo.ba\/?s={search_term_string}"},"query-input":{"@type":"PropertyValueSpecification","valueRequired":true,"valueName":"search_term_string"}}],"inLanguage":"bs-BA"},{"@type":"Organization","@id":"https:\/\/tuzlainfo.ba\/#organization","name":"TuzlaInfo.ba","url":"https:\/\/tuzlainfo.ba\/","logo":{"@type":"ImageObject","inLanguage":"bs-BA","@id":"https:\/\/tuzlainfo.ba\/#\/schema\/logo\/image\/","url":"https:\/\/tuzlainfo.ba\/wp-content\/uploads\/2021\/03\/logo-ver-3-1.png","contentUrl":"https:\/\/tuzlainfo.ba\/wp-content\/uploads\/2021\/03\/logo-ver-3-1.png","width":350,"height":95,"caption":"TuzlaInfo.ba"},"image":{"@id":"https:\/\/tuzlainfo.ba\/#\/schema\/logo\/image\/"},"sameAs":["https:\/\/www.facebook.com\/tuzlainfo.ba\/"]},{"@type":"Person","@id":"https:\/\/tuzlainfo.ba\/#\/schema\/person\/f434e20dc27ea133923aab08451b7f7f","name":"nedim","image":{"@type":"ImageObject","inLanguage":"bs-BA","@id":"https:\/\/tuzlainfo.ba\/#\/schema\/person\/image\/","url":"https:\/\/tuzlainfo.ba\/wp-content\/litespeed\/avatar\/aabad687af24844af817603ac1cbdc4f.jpg?ver=1776702173","contentUrl":"https:\/\/tuzlainfo.ba\/wp-content\/litespeed\/avatar\/aabad687af24844af817603ac1cbdc4f.jpg?ver=1776702173","caption":"nedim"},"description":"Tuzlainfo.ba pratite na dru\u0161tvenim mre\u017eama: Facebook, Instagram i Youtube. Svoje pri\u010de, upite i fotografije \u0161aljite na na\u0161u e-mail adresu."}]}},"_links":{"self":[{"href":"https:\/\/tuzlainfo.ba\/index.php\/wp-json\/wp\/v2\/posts\/135934"}],"collection":[{"href":"https:\/\/tuzlainfo.ba\/index.php\/wp-json\/wp\/v2\/posts"}],"about":[{"href":"https:\/\/tuzlainfo.ba\/index.php\/wp-json\/wp\/v2\/types\/post"}],"author":[{"embeddable":true,"href":"https:\/\/tuzlainfo.ba\/index.php\/wp-json\/wp\/v2\/users\/2"}],"replies":[{"embeddable":true,"href":"https:\/\/tuzlainfo.ba\/index.php\/wp-json\/wp\/v2\/comments?post=135934"}],"version-history":[{"count":0,"href":"https:\/\/tuzlainfo.ba\/index.php\/wp-json\/wp\/v2\/posts\/135934\/revisions"}],"wp:featuredmedia":[{"embeddable":true,"href":"https:\/\/tuzlainfo.ba\/index.php\/wp-json\/wp\/v2\/media\/87499"}],"wp:attachment":[{"href":"https:\/\/tuzlainfo.ba\/index.php\/wp-json\/wp\/v2\/media?parent=135934"}],"wp:term":[{"taxonomy":"category","embeddable":true,"href":"https:\/\/tuzlainfo.ba\/index.php\/wp-json\/wp\/v2\/categories?post=135934"},{"taxonomy":"post_tag","embeddable":true,"href":"https:\/\/tuzlainfo.ba\/index.php\/wp-json\/wp\/v2\/tags?post=135934"}],"curies":[{"name":"wp","href":"https:\/\/api.w.org\/{rel}","templated":true}]}}