{"id":135926,"date":"2021-04-20T16:27:29","date_gmt":"2021-04-20T14:27:29","guid":{"rendered":"https:\/\/tuzlainfo.ba\/?p=135926"},"modified":"2021-04-20T15:28:57","modified_gmt":"2021-04-20T13:28:57","slug":"tk-omogucen-moratorij-za-dio-korisnika-kredita-za-stambeno-zbrinjavanje-boraca","status":"publish","type":"post","link":"https:\/\/tuzlainfo.ba\/index.php\/novosti\/item\/135926-tk-omogucen-moratorij-za-dio-korisnika-kredita-za-stambeno-zbrinjavanje-boraca\/","title":{"rendered":"TK: Omogu\u0107en moratorij za dio korisnika kredita za stambeno zbrinjavanje boraca"},"content":{"rendered":"<p>Na danas odr\u017eanoj sjednici Vlada Tuzlanskog kantona je utvrdila uslove, na\u010din i postupak ostvarivanja prava na privremene mjere za oporavak od negativnih ekonomskih posljedica uzrokovanih pandemijom\u00a0 korona virusa za korisnike kredita za stambeno zbrinjavanje boraca i \u010dlanova njihovih porodica.<\/p>\n<p>Ovim je predvi\u0111eno da borci i \u010dlanovi njihovih porodica, koji su korisnici kredita za stambeno zbrinjavanje po projektima Ministarstva za bora\u010dka pitanja Tuzlanskog kantona i imaju zaklju\u010dene ugovore sa poslovnom bankom mogu koristiti moratorij, odnosno\u00a0 odgodu u otplati kreditnih obaveza na rok do 12 mjeseci od dana podno\u0161enja zahtjeva, zatim produ\u017eenje krajnjeg roka za otplatu kredita na rok maksimalno do 12 mjeseci od dana podno\u0161enja zahtjeva, prilago\u0111avanje plana otplate srazmjerno smanjenju prihoda doma\u0107instva uz makismalno produ\u017eenje roka do 12 mjeseci od dana podno\u0161enja zahtjeva, te kombinaciju mjera, tipa moratorij sa produ\u017eenjem roka otplate i sli\u010dno.<\/p>\n<p>Tako\u0111er, korisnici kredita mogu koristiti i mjeru prestanka utu\u017eivanja lica u periodu dok traje pandemija na rok maksimalno do 12 mjeseci od dana stupanja na snagu ove odluke, odlaganje izvr\u0161enja u skladu sa odredbama Zakona o izvr\u0161nom postupku na rok maksimalno do 12 mjeseci, te prestanak obra\u010dunavanja i naplate zateznih kamata u periodu dok traje pandemija, a maksimalno do 12 mjeseci od dana stupanja na snagu ove odluke.<\/p>\n<p>Pravo na kori\u0161tenje ovih privremenih mjera mogu koristiti osobe u slu\u010daju da su on ili supru\u017enik ostali bez posla, uslijed \u010dega je smanjena plate\u017ena sposobnosti nisu u stanju ispunjavati preuzete obaveze po osnovu zaklju\u010denih ugovora,da on ili supru\u017enik imaju smanjena primanja, uslijed \u010dega je smanjena plate\u017ena sposobnost i nisu u stanju ispunjavati preuzete obaveze po osnovu zaklju\u010denih ugovora ida je visina mjese\u010dnih prihoda nakon umanjenja obaveza po zaklju\u010denom kreditu, po \u010dlanu doma\u0107instva manja od 50% prosje\u010dne neto pla\u0107e ostvarene u prethodnoj godini na podru\u010dju Federacije Bosne i Hercegovine, prema podacima Zavoda za statistiku u Federaciji Bosne i Hercegovine.<\/p>\n<p>Kako se u dana\u0161njem materijalu navodi, od ukupno 191 korisnika kredita, njih desetak su se javili sa problemima u otplati kredita, te Vlada na ovaj na\u010din nastoji da, u saradnji sa bankama, pomogne pripadnicima bora\u010dke populacije koji su se, ne svojom krivicom na\u0161li u veoma te\u0161koj socijalnoj situaciji.<\/p>\n","protected":false},"excerpt":{"rendered":"<p>Na danas odr\u017eanoj sjednici Vlada Tuzlanskog kantona je utvrdila uslove, na\u010din i postupak ostvarivanja prava&hellip;<\/p>\n","protected":false},"author":2,"featured_media":79634,"comment_status":"open","ping_status":"closed","sticky":false,"template":"","format":"standard","meta":{"_acf_changed":false,"footnotes":""},"categories":[12],"tags":[538,713,714,360],"acf":[],"yoast_head":"<!-- This site is optimized with the Yoast SEO plugin v23.5 - https:\/\/yoast.com\/wordpress\/plugins\/seo\/ -->\n<title>TK: Omogu\u0107en moratorij za dio korisnika kredita za stambeno zbrinjavanje boraca - TuzlaInfo.ba<\/title>\n<meta name=\"robots\" content=\"index, follow, max-snippet:-1, max-image-preview:large, max-video-preview:-1\" \/>\n<link rel=\"canonical\" href=\"https:\/\/tuzlainfo.ba\/index.php\/novosti\/item\/135926-tk-omogucen-moratorij-za-dio-korisnika-kredita-za-stambeno-zbrinjavanje-boraca\/\" \/>\n<meta property=\"og:locale\" content=\"bs_BA\" \/>\n<meta property=\"og:type\" content=\"article\" \/>\n<meta property=\"og:title\" content=\"TK: Omogu\u0107en moratorij za dio korisnika kredita za stambeno zbrinjavanje boraca - TuzlaInfo.ba\" \/>\n<meta property=\"og:description\" content=\"Na danas odr\u017eanoj sjednici Vlada Tuzlanskog kantona je utvrdila uslove, na\u010din i postupak ostvarivanja prava&hellip;\" \/>\n<meta property=\"og:url\" content=\"https:\/\/tuzlainfo.ba\/index.php\/novosti\/item\/135926-tk-omogucen-moratorij-za-dio-korisnika-kredita-za-stambeno-zbrinjavanje-boraca\/\" \/>\n<meta property=\"og:site_name\" content=\"TuzlaInfo.ba\" \/>\n<meta property=\"article:publisher\" content=\"https:\/\/www.facebook.com\/tuzlainfo.ba\/\" \/>\n<meta property=\"article:published_time\" content=\"2021-04-20T14:27:29+00:00\" \/>\n<meta property=\"article:modified_time\" content=\"2021-04-20T13:28:57+00:00\" \/>\n<meta property=\"og:image\" content=\"https:\/\/tuzlainfo.ba\/wp-content\/uploads\/2020\/05\/sadrzaj_2020_20200101_0101_2020_Tuzla_dron.jpg\" \/>\n\t<meta property=\"og:image:width\" content=\"770\" \/>\n\t<meta property=\"og:image:height\" content=\"498\" \/>\n\t<meta property=\"og:image:type\" content=\"image\/jpeg\" \/>\n<meta name=\"author\" content=\"nedim\" \/>\n<meta name=\"twitter:card\" content=\"summary_large_image\" \/>\n<meta name=\"twitter:label1\" content=\"Written by\" \/>\n\t<meta name=\"twitter:data1\" content=\"nedim\" \/>\n\t<meta name=\"twitter:label2\" content=\"Est. reading time\" \/>\n\t<meta name=\"twitter:data2\" content=\"2 minute\" \/>\n<script type=\"application\/ld+json\" class=\"yoast-schema-graph\">{\"@context\":\"https:\/\/schema.org\",\"@graph\":[{\"@type\":\"Article\",\"@id\":\"https:\/\/tuzlainfo.ba\/index.php\/novosti\/item\/135926-tk-omogucen-moratorij-za-dio-korisnika-kredita-za-stambeno-zbrinjavanje-boraca\/#article\",\"isPartOf\":{\"@id\":\"https:\/\/tuzlainfo.ba\/index.php\/novosti\/item\/135926-tk-omogucen-moratorij-za-dio-korisnika-kredita-za-stambeno-zbrinjavanje-boraca\/\"},\"author\":{\"name\":\"nedim\",\"@id\":\"https:\/\/tuzlainfo.ba\/#\/schema\/person\/f434e20dc27ea133923aab08451b7f7f\"},\"headline\":\"TK: Omogu\u0107en moratorij za dio korisnika kredita za stambeno zbrinjavanje boraca\",\"datePublished\":\"2021-04-20T14:27:29+00:00\",\"dateModified\":\"2021-04-20T13:28:57+00:00\",\"mainEntityOfPage\":{\"@id\":\"https:\/\/tuzlainfo.ba\/index.php\/novosti\/item\/135926-tk-omogucen-moratorij-za-dio-korisnika-kredita-za-stambeno-zbrinjavanje-boraca\/\"},\"wordCount\":391,\"commentCount\":0,\"publisher\":{\"@id\":\"https:\/\/tuzlainfo.ba\/#organization\"},\"image\":{\"@id\":\"https:\/\/tuzlainfo.ba\/index.php\/novosti\/item\/135926-tk-omogucen-moratorij-za-dio-korisnika-kredita-za-stambeno-zbrinjavanje-boraca\/#primaryimage\"},\"thumbnailUrl\":\"https:\/\/tuzlainfo.ba\/wp-content\/uploads\/2020\/05\/sadrzaj_2020_20200101_0101_2020_Tuzla_dron.jpg\",\"keywords\":[\"bora\u010dka populacija\",\"kredit\",\"moratorij\",\"tuzlanski kanton\"],\"articleSection\":[\"Novosti\"],\"inLanguage\":\"bs-BA\"},{\"@type\":\"WebPage\",\"@id\":\"https:\/\/tuzlainfo.ba\/index.php\/novosti\/item\/135926-tk-omogucen-moratorij-za-dio-korisnika-kredita-za-stambeno-zbrinjavanje-boraca\/\",\"url\":\"https:\/\/tuzlainfo.ba\/index.php\/novosti\/item\/135926-tk-omogucen-moratorij-za-dio-korisnika-kredita-za-stambeno-zbrinjavanje-boraca\/\",\"name\":\"TK: Omogu\u0107en moratorij za dio korisnika kredita za stambeno zbrinjavanje boraca - TuzlaInfo.ba\",\"isPartOf\":{\"@id\":\"https:\/\/tuzlainfo.ba\/#website\"},\"primaryImageOfPage\":{\"@id\":\"https:\/\/tuzlainfo.ba\/index.php\/novosti\/item\/135926-tk-omogucen-moratorij-za-dio-korisnika-kredita-za-stambeno-zbrinjavanje-boraca\/#primaryimage\"},\"image\":{\"@id\":\"https:\/\/tuzlainfo.ba\/index.php\/novosti\/item\/135926-tk-omogucen-moratorij-za-dio-korisnika-kredita-za-stambeno-zbrinjavanje-boraca\/#primaryimage\"},\"thumbnailUrl\":\"https:\/\/tuzlainfo.ba\/wp-content\/uploads\/2020\/05\/sadrzaj_2020_20200101_0101_2020_Tuzla_dron.jpg\",\"datePublished\":\"2021-04-20T14:27:29+00:00\",\"dateModified\":\"2021-04-20T13:28:57+00:00\",\"breadcrumb\":{\"@id\":\"https:\/\/tuzlainfo.ba\/index.php\/novosti\/item\/135926-tk-omogucen-moratorij-za-dio-korisnika-kredita-za-stambeno-zbrinjavanje-boraca\/#breadcrumb\"},\"inLanguage\":\"bs-BA\",\"potentialAction\":[{\"@type\":\"ReadAction\",\"target\":[\"https:\/\/tuzlainfo.ba\/index.php\/novosti\/item\/135926-tk-omogucen-moratorij-za-dio-korisnika-kredita-za-stambeno-zbrinjavanje-boraca\/\"]}]},{\"@type\":\"ImageObject\",\"inLanguage\":\"bs-BA\",\"@id\":\"https:\/\/tuzlainfo.ba\/index.php\/novosti\/item\/135926-tk-omogucen-moratorij-za-dio-korisnika-kredita-za-stambeno-zbrinjavanje-boraca\/#primaryimage\",\"url\":\"https:\/\/tuzlainfo.ba\/wp-content\/uploads\/2020\/05\/sadrzaj_2020_20200101_0101_2020_Tuzla_dron.jpg\",\"contentUrl\":\"https:\/\/tuzlainfo.ba\/wp-content\/uploads\/2020\/05\/sadrzaj_2020_20200101_0101_2020_Tuzla_dron.jpg\",\"width\":770,\"height\":498,\"caption\":\"0101 2020 Tuzla dron\"},{\"@type\":\"BreadcrumbList\",\"@id\":\"https:\/\/tuzlainfo.ba\/index.php\/novosti\/item\/135926-tk-omogucen-moratorij-za-dio-korisnika-kredita-za-stambeno-zbrinjavanje-boraca\/#breadcrumb\",\"itemListElement\":[{\"@type\":\"ListItem\",\"position\":1,\"name\":\"Home\",\"item\":\"https:\/\/tuzlainfo.ba\/\"},{\"@type\":\"ListItem\",\"position\":2,\"name\":\"TK: Omogu\u0107en moratorij za dio korisnika kredita za stambeno zbrinjavanje boraca\"}]},{\"@type\":\"WebSite\",\"@id\":\"https:\/\/tuzlainfo.ba\/#website\",\"url\":\"https:\/\/tuzlainfo.ba\/\",\"name\":\"TuzlaInfo.ba\",\"description\":\"Tuzla info, gradski informator - Tuzla na dlanu\",\"publisher\":{\"@id\":\"https:\/\/tuzlainfo.ba\/#organization\"},\"potentialAction\":[{\"@type\":\"SearchAction\",\"target\":{\"@type\":\"EntryPoint\",\"urlTemplate\":\"https:\/\/tuzlainfo.ba\/?s={search_term_string}\"},\"query-input\":{\"@type\":\"PropertyValueSpecification\",\"valueRequired\":true,\"valueName\":\"search_term_string\"}}],\"inLanguage\":\"bs-BA\"},{\"@type\":\"Organization\",\"@id\":\"https:\/\/tuzlainfo.ba\/#organization\",\"name\":\"TuzlaInfo.ba\",\"url\":\"https:\/\/tuzlainfo.ba\/\",\"logo\":{\"@type\":\"ImageObject\",\"inLanguage\":\"bs-BA\",\"@id\":\"https:\/\/tuzlainfo.ba\/#\/schema\/logo\/image\/\",\"url\":\"https:\/\/tuzlainfo.ba\/wp-content\/uploads\/2021\/03\/logo-ver-3-1.png\",\"contentUrl\":\"https:\/\/tuzlainfo.ba\/wp-content\/uploads\/2021\/03\/logo-ver-3-1.png\",\"width\":350,\"height\":95,\"caption\":\"TuzlaInfo.ba\"},\"image\":{\"@id\":\"https:\/\/tuzlainfo.ba\/#\/schema\/logo\/image\/\"},\"sameAs\":[\"https:\/\/www.facebook.com\/tuzlainfo.ba\/\"]},{\"@type\":\"Person\",\"@id\":\"https:\/\/tuzlainfo.ba\/#\/schema\/person\/f434e20dc27ea133923aab08451b7f7f\",\"name\":\"nedim\",\"image\":{\"@type\":\"ImageObject\",\"inLanguage\":\"bs-BA\",\"@id\":\"https:\/\/tuzlainfo.ba\/#\/schema\/person\/image\/\",\"url\":\"https:\/\/tuzlainfo.ba\/wp-content\/litespeed\/avatar\/aabad687af24844af817603ac1cbdc4f.jpg?ver=1776702173\",\"contentUrl\":\"https:\/\/tuzlainfo.ba\/wp-content\/litespeed\/avatar\/aabad687af24844af817603ac1cbdc4f.jpg?ver=1776702173\",\"caption\":\"nedim\"},\"description\":\"Tuzlainfo.ba pratite na dru\u0161tvenim mre\u017eama: Facebook, Instagram i Youtube. Svoje pri\u010de, upite i fotografije \u0161aljite na na\u0161u e-mail adresu.\"}]}<\/script>\n<!-- \/ Yoast SEO plugin. -->","yoast_head_json":{"title":"TK: Omogu\u0107en moratorij za dio korisnika kredita za stambeno zbrinjavanje boraca - TuzlaInfo.ba","robots":{"index":"index","follow":"follow","max-snippet":"max-snippet:-1","max-image-preview":"max-image-preview:large","max-video-preview":"max-video-preview:-1"},"canonical":"https:\/\/tuzlainfo.ba\/index.php\/novosti\/item\/135926-tk-omogucen-moratorij-za-dio-korisnika-kredita-za-stambeno-zbrinjavanje-boraca\/","og_locale":"bs_BA","og_type":"article","og_title":"TK: Omogu\u0107en moratorij za dio korisnika kredita za stambeno zbrinjavanje boraca - TuzlaInfo.ba","og_description":"Na danas odr\u017eanoj sjednici Vlada Tuzlanskog kantona je utvrdila uslove, na\u010din i postupak ostvarivanja prava&hellip;","og_url":"https:\/\/tuzlainfo.ba\/index.php\/novosti\/item\/135926-tk-omogucen-moratorij-za-dio-korisnika-kredita-za-stambeno-zbrinjavanje-boraca\/","og_site_name":"TuzlaInfo.ba","article_publisher":"https:\/\/www.facebook.com\/tuzlainfo.ba\/","article_published_time":"2021-04-20T14:27:29+00:00","article_modified_time":"2021-04-20T13:28:57+00:00","og_image":[{"width":770,"height":498,"url":"https:\/\/tuzlainfo.ba\/wp-content\/uploads\/2020\/05\/sadrzaj_2020_20200101_0101_2020_Tuzla_dron.jpg","type":"image\/jpeg"}],"author":"nedim","twitter_card":"summary_large_image","twitter_misc":{"Written by":"nedim","Est. reading time":"2 minute"},"schema":{"@context":"https:\/\/schema.org","@graph":[{"@type":"Article","@id":"https:\/\/tuzlainfo.ba\/index.php\/novosti\/item\/135926-tk-omogucen-moratorij-za-dio-korisnika-kredita-za-stambeno-zbrinjavanje-boraca\/#article","isPartOf":{"@id":"https:\/\/tuzlainfo.ba\/index.php\/novosti\/item\/135926-tk-omogucen-moratorij-za-dio-korisnika-kredita-za-stambeno-zbrinjavanje-boraca\/"},"author":{"name":"nedim","@id":"https:\/\/tuzlainfo.ba\/#\/schema\/person\/f434e20dc27ea133923aab08451b7f7f"},"headline":"TK: Omogu\u0107en moratorij za dio korisnika kredita za stambeno zbrinjavanje boraca","datePublished":"2021-04-20T14:27:29+00:00","dateModified":"2021-04-20T13:28:57+00:00","mainEntityOfPage":{"@id":"https:\/\/tuzlainfo.ba\/index.php\/novosti\/item\/135926-tk-omogucen-moratorij-za-dio-korisnika-kredita-za-stambeno-zbrinjavanje-boraca\/"},"wordCount":391,"commentCount":0,"publisher":{"@id":"https:\/\/tuzlainfo.ba\/#organization"},"image":{"@id":"https:\/\/tuzlainfo.ba\/index.php\/novosti\/item\/135926-tk-omogucen-moratorij-za-dio-korisnika-kredita-za-stambeno-zbrinjavanje-boraca\/#primaryimage"},"thumbnailUrl":"https:\/\/tuzlainfo.ba\/wp-content\/uploads\/2020\/05\/sadrzaj_2020_20200101_0101_2020_Tuzla_dron.jpg","keywords":["bora\u010dka populacija","kredit","moratorij","tuzlanski kanton"],"articleSection":["Novosti"],"inLanguage":"bs-BA"},{"@type":"WebPage","@id":"https:\/\/tuzlainfo.ba\/index.php\/novosti\/item\/135926-tk-omogucen-moratorij-za-dio-korisnika-kredita-za-stambeno-zbrinjavanje-boraca\/","url":"https:\/\/tuzlainfo.ba\/index.php\/novosti\/item\/135926-tk-omogucen-moratorij-za-dio-korisnika-kredita-za-stambeno-zbrinjavanje-boraca\/","name":"TK: Omogu\u0107en moratorij za dio korisnika kredita za stambeno zbrinjavanje boraca - TuzlaInfo.ba","isPartOf":{"@id":"https:\/\/tuzlainfo.ba\/#website"},"primaryImageOfPage":{"@id":"https:\/\/tuzlainfo.ba\/index.php\/novosti\/item\/135926-tk-omogucen-moratorij-za-dio-korisnika-kredita-za-stambeno-zbrinjavanje-boraca\/#primaryimage"},"image":{"@id":"https:\/\/tuzlainfo.ba\/index.php\/novosti\/item\/135926-tk-omogucen-moratorij-za-dio-korisnika-kredita-za-stambeno-zbrinjavanje-boraca\/#primaryimage"},"thumbnailUrl":"https:\/\/tuzlainfo.ba\/wp-content\/uploads\/2020\/05\/sadrzaj_2020_20200101_0101_2020_Tuzla_dron.jpg","datePublished":"2021-04-20T14:27:29+00:00","dateModified":"2021-04-20T13:28:57+00:00","breadcrumb":{"@id":"https:\/\/tuzlainfo.ba\/index.php\/novosti\/item\/135926-tk-omogucen-moratorij-za-dio-korisnika-kredita-za-stambeno-zbrinjavanje-boraca\/#breadcrumb"},"inLanguage":"bs-BA","potentialAction":[{"@type":"ReadAction","target":["https:\/\/tuzlainfo.ba\/index.php\/novosti\/item\/135926-tk-omogucen-moratorij-za-dio-korisnika-kredita-za-stambeno-zbrinjavanje-boraca\/"]}]},{"@type":"ImageObject","inLanguage":"bs-BA","@id":"https:\/\/tuzlainfo.ba\/index.php\/novosti\/item\/135926-tk-omogucen-moratorij-za-dio-korisnika-kredita-za-stambeno-zbrinjavanje-boraca\/#primaryimage","url":"https:\/\/tuzlainfo.ba\/wp-content\/uploads\/2020\/05\/sadrzaj_2020_20200101_0101_2020_Tuzla_dron.jpg","contentUrl":"https:\/\/tuzlainfo.ba\/wp-content\/uploads\/2020\/05\/sadrzaj_2020_20200101_0101_2020_Tuzla_dron.jpg","width":770,"height":498,"caption":"0101 2020 Tuzla dron"},{"@type":"BreadcrumbList","@id":"https:\/\/tuzlainfo.ba\/index.php\/novosti\/item\/135926-tk-omogucen-moratorij-za-dio-korisnika-kredita-za-stambeno-zbrinjavanje-boraca\/#breadcrumb","itemListElement":[{"@type":"ListItem","position":1,"name":"Home","item":"https:\/\/tuzlainfo.ba\/"},{"@type":"ListItem","position":2,"name":"TK: Omogu\u0107en moratorij za dio korisnika kredita za stambeno zbrinjavanje boraca"}]},{"@type":"WebSite","@id":"https:\/\/tuzlainfo.ba\/#website","url":"https:\/\/tuzlainfo.ba\/","name":"TuzlaInfo.ba","description":"Tuzla info, gradski informator - Tuzla na dlanu","publisher":{"@id":"https:\/\/tuzlainfo.ba\/#organization"},"potentialAction":[{"@type":"SearchAction","target":{"@type":"EntryPoint","urlTemplate":"https:\/\/tuzlainfo.ba\/?s={search_term_string}"},"query-input":{"@type":"PropertyValueSpecification","valueRequired":true,"valueName":"search_term_string"}}],"inLanguage":"bs-BA"},{"@type":"Organization","@id":"https:\/\/tuzlainfo.ba\/#organization","name":"TuzlaInfo.ba","url":"https:\/\/tuzlainfo.ba\/","logo":{"@type":"ImageObject","inLanguage":"bs-BA","@id":"https:\/\/tuzlainfo.ba\/#\/schema\/logo\/image\/","url":"https:\/\/tuzlainfo.ba\/wp-content\/uploads\/2021\/03\/logo-ver-3-1.png","contentUrl":"https:\/\/tuzlainfo.ba\/wp-content\/uploads\/2021\/03\/logo-ver-3-1.png","width":350,"height":95,"caption":"TuzlaInfo.ba"},"image":{"@id":"https:\/\/tuzlainfo.ba\/#\/schema\/logo\/image\/"},"sameAs":["https:\/\/www.facebook.com\/tuzlainfo.ba\/"]},{"@type":"Person","@id":"https:\/\/tuzlainfo.ba\/#\/schema\/person\/f434e20dc27ea133923aab08451b7f7f","name":"nedim","image":{"@type":"ImageObject","inLanguage":"bs-BA","@id":"https:\/\/tuzlainfo.ba\/#\/schema\/person\/image\/","url":"https:\/\/tuzlainfo.ba\/wp-content\/litespeed\/avatar\/aabad687af24844af817603ac1cbdc4f.jpg?ver=1776702173","contentUrl":"https:\/\/tuzlainfo.ba\/wp-content\/litespeed\/avatar\/aabad687af24844af817603ac1cbdc4f.jpg?ver=1776702173","caption":"nedim"},"description":"Tuzlainfo.ba pratite na dru\u0161tvenim mre\u017eama: Facebook, Instagram i Youtube. Svoje pri\u010de, upite i fotografije \u0161aljite na na\u0161u e-mail adresu."}]}},"_links":{"self":[{"href":"https:\/\/tuzlainfo.ba\/index.php\/wp-json\/wp\/v2\/posts\/135926"}],"collection":[{"href":"https:\/\/tuzlainfo.ba\/index.php\/wp-json\/wp\/v2\/posts"}],"about":[{"href":"https:\/\/tuzlainfo.ba\/index.php\/wp-json\/wp\/v2\/types\/post"}],"author":[{"embeddable":true,"href":"https:\/\/tuzlainfo.ba\/index.php\/wp-json\/wp\/v2\/users\/2"}],"replies":[{"embeddable":true,"href":"https:\/\/tuzlainfo.ba\/index.php\/wp-json\/wp\/v2\/comments?post=135926"}],"version-history":[{"count":0,"href":"https:\/\/tuzlainfo.ba\/index.php\/wp-json\/wp\/v2\/posts\/135926\/revisions"}],"wp:featuredmedia":[{"embeddable":true,"href":"https:\/\/tuzlainfo.ba\/index.php\/wp-json\/wp\/v2\/media\/79634"}],"wp:attachment":[{"href":"https:\/\/tuzlainfo.ba\/index.php\/wp-json\/wp\/v2\/media?parent=135926"}],"wp:term":[{"taxonomy":"category","embeddable":true,"href":"https:\/\/tuzlainfo.ba\/index.php\/wp-json\/wp\/v2\/categories?post=135926"},{"taxonomy":"post_tag","embeddable":true,"href":"https:\/\/tuzlainfo.ba\/index.php\/wp-json\/wp\/v2\/tags?post=135926"}],"curies":[{"name":"wp","href":"https:\/\/api.w.org\/{rel}","templated":true}]}}