{"id":135907,"date":"2021-04-20T15:00:45","date_gmt":"2021-04-20T13:00:45","guid":{"rendered":"https:\/\/tuzlainfo.ba\/?p=135907"},"modified":"2021-04-20T13:47:52","modified_gmt":"2021-04-20T11:47:52","slug":"tuzla-federalna-uprava-policije-saslusava-tuzioce-tuzilastva-tk","status":"publish","type":"post","link":"https:\/\/tuzlainfo.ba\/index.php\/novosti\/item\/135907-tuzla-federalna-uprava-policije-saslusava-tuzioce-tuzilastva-tk\/","title":{"rendered":"Tuzla: Federalna uprava policije saslu\u0161ava tu\u017eioce Tu\u017eila\u0161tva TK"},"content":{"rendered":"<p>Pripadnici Federalne uprave policije postupaju\u0107i prema zahtjevu Tu\u017eila\u0161tva Kantona Sarajevo, saslu\u0161at \u0107e danas i sutra skoro sve tu\u017eioce i pojedine uposlenike Tu\u017eila\u0161tva Tuzlanskog kantona (TK), saznaje \u201eDnevni avaz\u201c.<\/p>\n<p>Radi se o vi\u0161e od 27 tu\u017eilaca Tu\u017eila\u0161tva TK. Me\u0111u njima je i zamjenica glavnog tu\u017eioca Mirzeta Begi\u0107. Ova informacija potvr\u0111ena je iz FUP-a i Tu\u017eila\u0161tva KS. Njihovo saslu\u0161anje po\u010delo je jutros u pola devet. Ve\u0107 su u prostorijama FUP-a, kako se saznaje, \u010detiri tu\u017eiteljice.<\/p>\n<p>Tako je danas planirano saslu\u0161anje, osim tu\u017eiteljice Begi\u0107 i tu\u017eitelja Nihada Halil\u010devi\u0107a, ina\u010de \u0161efa Odsjeka za kriminal i korupciju, i Jasmine Mujezinovi\u0107, Lejle Gazibegovi\u0107-Begovi\u0107, Dra\u017eena Mili\u0107evi\u0107a, Sa\u0161e Erakovi\u0107a\u2026<\/p>\n<p>Zakazano je i saslu\u0161anje tu\u017eioca Dalibora Bingasa te jo\u0161 desetine tu\u017eilaca.<\/p>\n<p>Nezvani\u010dno, istraga je vezana za postupanje Kolegija tu\u017eilaca TK. Ta\u010dnije, o tome ko je iz kojeg predmeta morao, a nije bio izuzet. Navodno, ova saslu\u0161anja imaju veze s istragom koja se odnosi na dr\u017eavnog poslanika Envera Bijedi\u0107a.<\/p>\n<p>Ove tu\u017eioce prijavio je jedan njihov kolega. Tako \u0107e za dva dana FUP saslu\u0161ati kompletno Tu\u017eila\u0161tvo TK.<\/p>\n<p>Iskaze \u0107e dati skoro svi osim glavnog tu\u017eioca Tomislava Ljubi\u0107a i \u0106azima Serhatli\u0107a.<\/p>\n<p>Me\u0111u pozvanim uposlenicima da daju iskaz je i portparol Tu\u017eila\u0161tva Admir Arnautovi\u0107. Iskaz \u0107e dati i daktilografkinja Suzana Kahrimanovi\u0107, kao i \u0161efica pisarnice Sabina Imamovi\u0107.<\/p>\n<p>Izvor: Dnevni avaz<\/p>\n","protected":false},"excerpt":{"rendered":"<p>Pripadnici Federalne uprave policije postupaju\u0107i prema zahtjevu Tu\u017eila\u0161tva Kantona Sarajevo, saslu\u0161at \u0107e danas i sutra&hellip;<\/p>\n","protected":false},"author":3,"featured_media":135908,"comment_status":"open","ping_status":"closed","sticky":false,"template":"","format":"standard","meta":{"_acf_changed":false,"footnotes":""},"categories":[304,12],"tags":[703,704],"acf":[],"yoast_head":"<!-- This site is optimized with the Yoast SEO plugin v23.5 - https:\/\/yoast.com\/wordpress\/plugins\/seo\/ -->\n<title>Tuzla: Federalna uprava policije saslu\u0161ava tu\u017eioce Tu\u017eila\u0161tva TK - TuzlaInfo.ba<\/title>\n<meta name=\"robots\" content=\"index, follow, max-snippet:-1, max-image-preview:large, max-video-preview:-1\" \/>\n<link rel=\"canonical\" href=\"https:\/\/tuzlainfo.ba\/index.php\/novosti\/item\/135907-tuzla-federalna-uprava-policije-saslusava-tuzioce-tuzilastva-tk\/\" \/>\n<meta property=\"og:locale\" content=\"bs_BA\" \/>\n<meta property=\"og:type\" content=\"article\" \/>\n<meta property=\"og:title\" content=\"Tuzla: Federalna uprava policije saslu\u0161ava tu\u017eioce Tu\u017eila\u0161tva TK - TuzlaInfo.ba\" \/>\n<meta property=\"og:description\" content=\"Pripadnici Federalne uprave policije postupaju\u0107i prema zahtjevu Tu\u017eila\u0161tva Kantona Sarajevo, saslu\u0161at \u0107e danas i sutra&hellip;\" \/>\n<meta property=\"og:url\" content=\"https:\/\/tuzlainfo.ba\/index.php\/novosti\/item\/135907-tuzla-federalna-uprava-policije-saslusava-tuzioce-tuzilastva-tk\/\" \/>\n<meta property=\"og:site_name\" content=\"TuzlaInfo.ba\" \/>\n<meta property=\"article:publisher\" content=\"https:\/\/www.facebook.com\/tuzlainfo.ba\/\" \/>\n<meta property=\"article:published_time\" content=\"2021-04-20T13:00:45+00:00\" \/>\n<meta property=\"article:modified_time\" content=\"2021-04-20T11:47:52+00:00\" \/>\n<meta property=\"og:image\" content=\"https:\/\/tuzlainfo.ba\/wp-content\/uploads\/2021\/04\/2004_saslusanje-tuzioci.jpg\" \/>\n\t<meta property=\"og:image:width\" content=\"800\" \/>\n\t<meta property=\"og:image:height\" content=\"496\" \/>\n\t<meta property=\"og:image:type\" content=\"image\/jpeg\" \/>\n<meta name=\"author\" content=\"admin2\" \/>\n<meta name=\"twitter:card\" content=\"summary_large_image\" \/>\n<meta name=\"twitter:label1\" content=\"Written by\" \/>\n\t<meta name=\"twitter:data1\" content=\"admin2\" \/>\n\t<meta name=\"twitter:label2\" content=\"Est. reading time\" \/>\n\t<meta name=\"twitter:data2\" content=\"1 minuta\" \/>\n<script type=\"application\/ld+json\" class=\"yoast-schema-graph\">{\"@context\":\"https:\/\/schema.org\",\"@graph\":[{\"@type\":\"Article\",\"@id\":\"https:\/\/tuzlainfo.ba\/index.php\/novosti\/item\/135907-tuzla-federalna-uprava-policije-saslusava-tuzioce-tuzilastva-tk\/#article\",\"isPartOf\":{\"@id\":\"https:\/\/tuzlainfo.ba\/index.php\/novosti\/item\/135907-tuzla-federalna-uprava-policije-saslusava-tuzioce-tuzilastva-tk\/\"},\"author\":{\"name\":\"admin2\",\"@id\":\"https:\/\/tuzlainfo.ba\/#\/schema\/person\/f4ebe4fff27e68efb65fa7e18f8af372\"},\"headline\":\"Tuzla: Federalna uprava policije saslu\u0161ava tu\u017eioce Tu\u017eila\u0161tva TK\",\"datePublished\":\"2021-04-20T13:00:45+00:00\",\"dateModified\":\"2021-04-20T11:47:52+00:00\",\"mainEntityOfPage\":{\"@id\":\"https:\/\/tuzlainfo.ba\/index.php\/novosti\/item\/135907-tuzla-federalna-uprava-policije-saslusava-tuzioce-tuzilastva-tk\/\"},\"wordCount\":268,\"commentCount\":0,\"publisher\":{\"@id\":\"https:\/\/tuzlainfo.ba\/#organization\"},\"image\":{\"@id\":\"https:\/\/tuzlainfo.ba\/index.php\/novosti\/item\/135907-tuzla-federalna-uprava-policije-saslusava-tuzioce-tuzilastva-tk\/#primaryimage\"},\"thumbnailUrl\":\"https:\/\/tuzlainfo.ba\/wp-content\/uploads\/2021\/04\/2004_saslusanje-tuzioci.jpg\",\"keywords\":[\"saslu\u0161anje\",\"tu\u017eioci tk\"],\"articleSection\":[\"Istaknuto\",\"Novosti\"],\"inLanguage\":\"bs-BA\"},{\"@type\":\"WebPage\",\"@id\":\"https:\/\/tuzlainfo.ba\/index.php\/novosti\/item\/135907-tuzla-federalna-uprava-policije-saslusava-tuzioce-tuzilastva-tk\/\",\"url\":\"https:\/\/tuzlainfo.ba\/index.php\/novosti\/item\/135907-tuzla-federalna-uprava-policije-saslusava-tuzioce-tuzilastva-tk\/\",\"name\":\"Tuzla: Federalna uprava policije saslu\u0161ava tu\u017eioce Tu\u017eila\u0161tva TK - TuzlaInfo.ba\",\"isPartOf\":{\"@id\":\"https:\/\/tuzlainfo.ba\/#website\"},\"primaryImageOfPage\":{\"@id\":\"https:\/\/tuzlainfo.ba\/index.php\/novosti\/item\/135907-tuzla-federalna-uprava-policije-saslusava-tuzioce-tuzilastva-tk\/#primaryimage\"},\"image\":{\"@id\":\"https:\/\/tuzlainfo.ba\/index.php\/novosti\/item\/135907-tuzla-federalna-uprava-policije-saslusava-tuzioce-tuzilastva-tk\/#primaryimage\"},\"thumbnailUrl\":\"https:\/\/tuzlainfo.ba\/wp-content\/uploads\/2021\/04\/2004_saslusanje-tuzioci.jpg\",\"datePublished\":\"2021-04-20T13:00:45+00:00\",\"dateModified\":\"2021-04-20T11:47:52+00:00\",\"breadcrumb\":{\"@id\":\"https:\/\/tuzlainfo.ba\/index.php\/novosti\/item\/135907-tuzla-federalna-uprava-policije-saslusava-tuzioce-tuzilastva-tk\/#breadcrumb\"},\"inLanguage\":\"bs-BA\",\"potentialAction\":[{\"@type\":\"ReadAction\",\"target\":[\"https:\/\/tuzlainfo.ba\/index.php\/novosti\/item\/135907-tuzla-federalna-uprava-policije-saslusava-tuzioce-tuzilastva-tk\/\"]}]},{\"@type\":\"ImageObject\",\"inLanguage\":\"bs-BA\",\"@id\":\"https:\/\/tuzlainfo.ba\/index.php\/novosti\/item\/135907-tuzla-federalna-uprava-policije-saslusava-tuzioce-tuzilastva-tk\/#primaryimage\",\"url\":\"https:\/\/tuzlainfo.ba\/wp-content\/uploads\/2021\/04\/2004_saslusanje-tuzioci.jpg\",\"contentUrl\":\"https:\/\/tuzlainfo.ba\/wp-content\/uploads\/2021\/04\/2004_saslusanje-tuzioci.jpg\",\"width\":800,\"height\":496},{\"@type\":\"BreadcrumbList\",\"@id\":\"https:\/\/tuzlainfo.ba\/index.php\/novosti\/item\/135907-tuzla-federalna-uprava-policije-saslusava-tuzioce-tuzilastva-tk\/#breadcrumb\",\"itemListElement\":[{\"@type\":\"ListItem\",\"position\":1,\"name\":\"Home\",\"item\":\"https:\/\/tuzlainfo.ba\/\"},{\"@type\":\"ListItem\",\"position\":2,\"name\":\"Tuzla: Federalna uprava policije saslu\u0161ava tu\u017eioce Tu\u017eila\u0161tva TK\"}]},{\"@type\":\"WebSite\",\"@id\":\"https:\/\/tuzlainfo.ba\/#website\",\"url\":\"https:\/\/tuzlainfo.ba\/\",\"name\":\"TuzlaInfo.ba\",\"description\":\"Tuzla info, gradski informator - Tuzla na dlanu\",\"publisher\":{\"@id\":\"https:\/\/tuzlainfo.ba\/#organization\"},\"potentialAction\":[{\"@type\":\"SearchAction\",\"target\":{\"@type\":\"EntryPoint\",\"urlTemplate\":\"https:\/\/tuzlainfo.ba\/?s={search_term_string}\"},\"query-input\":{\"@type\":\"PropertyValueSpecification\",\"valueRequired\":true,\"valueName\":\"search_term_string\"}}],\"inLanguage\":\"bs-BA\"},{\"@type\":\"Organization\",\"@id\":\"https:\/\/tuzlainfo.ba\/#organization\",\"name\":\"TuzlaInfo.ba\",\"url\":\"https:\/\/tuzlainfo.ba\/\",\"logo\":{\"@type\":\"ImageObject\",\"inLanguage\":\"bs-BA\",\"@id\":\"https:\/\/tuzlainfo.ba\/#\/schema\/logo\/image\/\",\"url\":\"https:\/\/tuzlainfo.ba\/wp-content\/uploads\/2021\/03\/logo-ver-3-1.png\",\"contentUrl\":\"https:\/\/tuzlainfo.ba\/wp-content\/uploads\/2021\/03\/logo-ver-3-1.png\",\"width\":350,\"height\":95,\"caption\":\"TuzlaInfo.ba\"},\"image\":{\"@id\":\"https:\/\/tuzlainfo.ba\/#\/schema\/logo\/image\/\"},\"sameAs\":[\"https:\/\/www.facebook.com\/tuzlainfo.ba\/\"]},{\"@type\":\"Person\",\"@id\":\"https:\/\/tuzlainfo.ba\/#\/schema\/person\/f4ebe4fff27e68efb65fa7e18f8af372\",\"name\":\"admin2\",\"image\":{\"@type\":\"ImageObject\",\"inLanguage\":\"bs-BA\",\"@id\":\"https:\/\/tuzlainfo.ba\/#\/schema\/person\/image\/\",\"url\":\"https:\/\/tuzlainfo.ba\/wp-content\/litespeed\/avatar\/8219eeb9a43cff2d096e773737736f62.jpg?ver=1777309398\",\"contentUrl\":\"https:\/\/tuzlainfo.ba\/wp-content\/litespeed\/avatar\/8219eeb9a43cff2d096e773737736f62.jpg?ver=1777309398\",\"caption\":\"admin2\"},\"description\":\"Tuzlainfo.ba pratite na dru\u0161tvenim mre\u017eama: Facebook, Instagram i Youtube. Svoje pri\u010de, upite i fotografije \u0161aljite na na\u0161u e-mail adresu.\",\"sameAs\":[\"admin\"]}]}<\/script>\n<!-- \/ Yoast SEO plugin. -->","yoast_head_json":{"title":"Tuzla: Federalna uprava policije saslu\u0161ava tu\u017eioce Tu\u017eila\u0161tva TK - TuzlaInfo.ba","robots":{"index":"index","follow":"follow","max-snippet":"max-snippet:-1","max-image-preview":"max-image-preview:large","max-video-preview":"max-video-preview:-1"},"canonical":"https:\/\/tuzlainfo.ba\/index.php\/novosti\/item\/135907-tuzla-federalna-uprava-policije-saslusava-tuzioce-tuzilastva-tk\/","og_locale":"bs_BA","og_type":"article","og_title":"Tuzla: Federalna uprava policije saslu\u0161ava tu\u017eioce Tu\u017eila\u0161tva TK - TuzlaInfo.ba","og_description":"Pripadnici Federalne uprave policije postupaju\u0107i prema zahtjevu Tu\u017eila\u0161tva Kantona Sarajevo, saslu\u0161at \u0107e danas i sutra&hellip;","og_url":"https:\/\/tuzlainfo.ba\/index.php\/novosti\/item\/135907-tuzla-federalna-uprava-policije-saslusava-tuzioce-tuzilastva-tk\/","og_site_name":"TuzlaInfo.ba","article_publisher":"https:\/\/www.facebook.com\/tuzlainfo.ba\/","article_published_time":"2021-04-20T13:00:45+00:00","article_modified_time":"2021-04-20T11:47:52+00:00","og_image":[{"width":800,"height":496,"url":"https:\/\/tuzlainfo.ba\/wp-content\/uploads\/2021\/04\/2004_saslusanje-tuzioci.jpg","type":"image\/jpeg"}],"author":"admin2","twitter_card":"summary_large_image","twitter_misc":{"Written by":"admin2","Est. reading time":"1 minuta"},"schema":{"@context":"https:\/\/schema.org","@graph":[{"@type":"Article","@id":"https:\/\/tuzlainfo.ba\/index.php\/novosti\/item\/135907-tuzla-federalna-uprava-policije-saslusava-tuzioce-tuzilastva-tk\/#article","isPartOf":{"@id":"https:\/\/tuzlainfo.ba\/index.php\/novosti\/item\/135907-tuzla-federalna-uprava-policije-saslusava-tuzioce-tuzilastva-tk\/"},"author":{"name":"admin2","@id":"https:\/\/tuzlainfo.ba\/#\/schema\/person\/f4ebe4fff27e68efb65fa7e18f8af372"},"headline":"Tuzla: Federalna uprava policije saslu\u0161ava tu\u017eioce Tu\u017eila\u0161tva TK","datePublished":"2021-04-20T13:00:45+00:00","dateModified":"2021-04-20T11:47:52+00:00","mainEntityOfPage":{"@id":"https:\/\/tuzlainfo.ba\/index.php\/novosti\/item\/135907-tuzla-federalna-uprava-policije-saslusava-tuzioce-tuzilastva-tk\/"},"wordCount":268,"commentCount":0,"publisher":{"@id":"https:\/\/tuzlainfo.ba\/#organization"},"image":{"@id":"https:\/\/tuzlainfo.ba\/index.php\/novosti\/item\/135907-tuzla-federalna-uprava-policije-saslusava-tuzioce-tuzilastva-tk\/#primaryimage"},"thumbnailUrl":"https:\/\/tuzlainfo.ba\/wp-content\/uploads\/2021\/04\/2004_saslusanje-tuzioci.jpg","keywords":["saslu\u0161anje","tu\u017eioci tk"],"articleSection":["Istaknuto","Novosti"],"inLanguage":"bs-BA"},{"@type":"WebPage","@id":"https:\/\/tuzlainfo.ba\/index.php\/novosti\/item\/135907-tuzla-federalna-uprava-policije-saslusava-tuzioce-tuzilastva-tk\/","url":"https:\/\/tuzlainfo.ba\/index.php\/novosti\/item\/135907-tuzla-federalna-uprava-policije-saslusava-tuzioce-tuzilastva-tk\/","name":"Tuzla: Federalna uprava policije saslu\u0161ava tu\u017eioce Tu\u017eila\u0161tva TK - TuzlaInfo.ba","isPartOf":{"@id":"https:\/\/tuzlainfo.ba\/#website"},"primaryImageOfPage":{"@id":"https:\/\/tuzlainfo.ba\/index.php\/novosti\/item\/135907-tuzla-federalna-uprava-policije-saslusava-tuzioce-tuzilastva-tk\/#primaryimage"},"image":{"@id":"https:\/\/tuzlainfo.ba\/index.php\/novosti\/item\/135907-tuzla-federalna-uprava-policije-saslusava-tuzioce-tuzilastva-tk\/#primaryimage"},"thumbnailUrl":"https:\/\/tuzlainfo.ba\/wp-content\/uploads\/2021\/04\/2004_saslusanje-tuzioci.jpg","datePublished":"2021-04-20T13:00:45+00:00","dateModified":"2021-04-20T11:47:52+00:00","breadcrumb":{"@id":"https:\/\/tuzlainfo.ba\/index.php\/novosti\/item\/135907-tuzla-federalna-uprava-policije-saslusava-tuzioce-tuzilastva-tk\/#breadcrumb"},"inLanguage":"bs-BA","potentialAction":[{"@type":"ReadAction","target":["https:\/\/tuzlainfo.ba\/index.php\/novosti\/item\/135907-tuzla-federalna-uprava-policije-saslusava-tuzioce-tuzilastva-tk\/"]}]},{"@type":"ImageObject","inLanguage":"bs-BA","@id":"https:\/\/tuzlainfo.ba\/index.php\/novosti\/item\/135907-tuzla-federalna-uprava-policije-saslusava-tuzioce-tuzilastva-tk\/#primaryimage","url":"https:\/\/tuzlainfo.ba\/wp-content\/uploads\/2021\/04\/2004_saslusanje-tuzioci.jpg","contentUrl":"https:\/\/tuzlainfo.ba\/wp-content\/uploads\/2021\/04\/2004_saslusanje-tuzioci.jpg","width":800,"height":496},{"@type":"BreadcrumbList","@id":"https:\/\/tuzlainfo.ba\/index.php\/novosti\/item\/135907-tuzla-federalna-uprava-policije-saslusava-tuzioce-tuzilastva-tk\/#breadcrumb","itemListElement":[{"@type":"ListItem","position":1,"name":"Home","item":"https:\/\/tuzlainfo.ba\/"},{"@type":"ListItem","position":2,"name":"Tuzla: Federalna uprava policije saslu\u0161ava tu\u017eioce Tu\u017eila\u0161tva TK"}]},{"@type":"WebSite","@id":"https:\/\/tuzlainfo.ba\/#website","url":"https:\/\/tuzlainfo.ba\/","name":"TuzlaInfo.ba","description":"Tuzla info, gradski informator - Tuzla na dlanu","publisher":{"@id":"https:\/\/tuzlainfo.ba\/#organization"},"potentialAction":[{"@type":"SearchAction","target":{"@type":"EntryPoint","urlTemplate":"https:\/\/tuzlainfo.ba\/?s={search_term_string}"},"query-input":{"@type":"PropertyValueSpecification","valueRequired":true,"valueName":"search_term_string"}}],"inLanguage":"bs-BA"},{"@type":"Organization","@id":"https:\/\/tuzlainfo.ba\/#organization","name":"TuzlaInfo.ba","url":"https:\/\/tuzlainfo.ba\/","logo":{"@type":"ImageObject","inLanguage":"bs-BA","@id":"https:\/\/tuzlainfo.ba\/#\/schema\/logo\/image\/","url":"https:\/\/tuzlainfo.ba\/wp-content\/uploads\/2021\/03\/logo-ver-3-1.png","contentUrl":"https:\/\/tuzlainfo.ba\/wp-content\/uploads\/2021\/03\/logo-ver-3-1.png","width":350,"height":95,"caption":"TuzlaInfo.ba"},"image":{"@id":"https:\/\/tuzlainfo.ba\/#\/schema\/logo\/image\/"},"sameAs":["https:\/\/www.facebook.com\/tuzlainfo.ba\/"]},{"@type":"Person","@id":"https:\/\/tuzlainfo.ba\/#\/schema\/person\/f4ebe4fff27e68efb65fa7e18f8af372","name":"admin2","image":{"@type":"ImageObject","inLanguage":"bs-BA","@id":"https:\/\/tuzlainfo.ba\/#\/schema\/person\/image\/","url":"https:\/\/tuzlainfo.ba\/wp-content\/litespeed\/avatar\/8219eeb9a43cff2d096e773737736f62.jpg?ver=1777309398","contentUrl":"https:\/\/tuzlainfo.ba\/wp-content\/litespeed\/avatar\/8219eeb9a43cff2d096e773737736f62.jpg?ver=1777309398","caption":"admin2"},"description":"Tuzlainfo.ba pratite na dru\u0161tvenim mre\u017eama: Facebook, Instagram i Youtube. Svoje pri\u010de, upite i fotografije \u0161aljite na na\u0161u e-mail adresu.","sameAs":["admin"]}]}},"_links":{"self":[{"href":"https:\/\/tuzlainfo.ba\/index.php\/wp-json\/wp\/v2\/posts\/135907"}],"collection":[{"href":"https:\/\/tuzlainfo.ba\/index.php\/wp-json\/wp\/v2\/posts"}],"about":[{"href":"https:\/\/tuzlainfo.ba\/index.php\/wp-json\/wp\/v2\/types\/post"}],"author":[{"embeddable":true,"href":"https:\/\/tuzlainfo.ba\/index.php\/wp-json\/wp\/v2\/users\/3"}],"replies":[{"embeddable":true,"href":"https:\/\/tuzlainfo.ba\/index.php\/wp-json\/wp\/v2\/comments?post=135907"}],"version-history":[{"count":0,"href":"https:\/\/tuzlainfo.ba\/index.php\/wp-json\/wp\/v2\/posts\/135907\/revisions"}],"wp:featuredmedia":[{"embeddable":true,"href":"https:\/\/tuzlainfo.ba\/index.php\/wp-json\/wp\/v2\/media\/135908"}],"wp:attachment":[{"href":"https:\/\/tuzlainfo.ba\/index.php\/wp-json\/wp\/v2\/media?parent=135907"}],"wp:term":[{"taxonomy":"category","embeddable":true,"href":"https:\/\/tuzlainfo.ba\/index.php\/wp-json\/wp\/v2\/categories?post=135907"},{"taxonomy":"post_tag","embeddable":true,"href":"https:\/\/tuzlainfo.ba\/index.php\/wp-json\/wp\/v2\/tags?post=135907"}],"curies":[{"name":"wp","href":"https:\/\/api.w.org\/{rel}","templated":true}]}}