{"id":135749,"date":"2021-04-18T09:17:09","date_gmt":"2021-04-18T07:17:09","guid":{"rendered":"https:\/\/tuzlainfo.ba\/?p=135749"},"modified":"2021-04-18T09:17:09","modified_gmt":"2021-04-18T07:17:09","slug":"za-i-protiv-skolarci-u-tk-se-od-sutra-vracaju-u-skolske-klupe","status":"publish","type":"post","link":"https:\/\/tuzlainfo.ba\/index.php\/novosti\/item\/135749-za-i-protiv-skolarci-u-tk-se-od-sutra-vracaju-u-skolske-klupe\/","title":{"rendered":"Za i protiv: \u0160kolarci u TK se od sutra vra\u0107aju u \u0161kolske klupe"},"content":{"rendered":"<p>Prema zaklju\u010dku Kriznog \u0161taba kojeg je potvrdila Vlada, u\u010denici u Tuzlanskom kantonu od ponedjeljka vra\u0107aju se u \u0161kolske klupe. Nakon odluke, usijedilo je potpisivanje online peticije nezadovoljnih gra\u0111ana.<\/p>\n<p><strong>BHRT<\/strong> je u svom prilogu poku\u0161ao saznati ko su potpisnici, a ko se protivi online nastavi.<\/p>\n<p>Od ponedjeljka \u0107e se u \u0161kolama i na fakultetima odr\u017eavati nastava po ranijem sistemu \u2013 kombinovana.<\/p>\n<p><strong>BO\u017dO JURI\u0106, ministar zdravstva Tuzlanskog kantona<\/strong><\/p>\n<p>\u201eGdje smo dali mogu\u0107nost da se nastava u pojedinim \u0161kolama obustavi, ukoliko u tim \u0161kolama do\u0111e do porasta broja oboljelih nastavnika ili u\u010denika.\u201d<\/p>\n<p>Odluka je nai\u0161la na negodovanje, barem prema online peticiji koja do sada ima oko 13.000 potpisnika. Kreator peticije predstavlja se kao \u201eLik anonimus\u201c. No, poku\u0161ali smo odgovore dobiti od onih roditelja koji su podr\u017eavali komentarima na dru\u0161tvenim mre\u017eama. Na na\u0161e pitanje da pred kamerom pojasne za\u0161to \u017eele online nastavu, pojedini su potpuno ignorisali upit, ostali odbili.<\/p>\n<p><strong>FIKRET VRTAGI\u0106, pomo\u0107nik ministra obrazovanja i nauke TK<\/strong><\/p>\n<p>\u201eMi ne mo\u017eemo po peticijama odlu\u010divati. Mi radimo po odlukama Vlade, kakve odluke Vlada, donese mi ih realiziramo.\u201c<\/p>\n<p>Za majku Eminu, \u010dija djeca su u grupama koje su i do sada boravile u \u0161koli, od velikog je zna\u010daja takav na\u010din obrazovanja. Napominje da online proces ima mnogo nedostataka, \u0161to mo\u017ee ostaviti trajne posljedice. Sli\u010dnog stava je i profesor koji je i sam roditelj. Kako ka\u017ee, svako ko je protiv online nastave bude ozna\u010den kao neko ko uti\u010de na \u0161irenje virusa, \u0161to je i za djecu optere\u0107uju\u0107e.<\/p>\n<p><strong>EMINA HUSEJNOVI\u0106, majka<\/strong><\/p>\n<p>\u201eRecimo ju\u010der mi je prijateljica pri\u010dala kako ju je k\u0107erka nazvala na posao pla\u010du\u0107i jer joj je test iz informatike koji je trajao 10 minuta, koji je ona zavr\u0161ila, u momentu kad je kliknula send, poni\u0161ten i vra\u0107en prazan. Ona je morala ponovo da ga uradi, nije stigla, naravno, uraditi do kraja i dobila je trojku.\u201c<\/p>\n<p><strong>EMIR D\u017dAMBEGOVI\u0106, nastavnik i roditelj u\u010denika<\/strong><\/p>\n<p>\u201eZa mene je klju\u010dni problem \u0161to se zanemaruje to da je \u0161kola odgojno-obrazovna institucija. To zna\u010di da mi ne mo\u017eemo samo isporu\u010diti odre\u0111enu koli\u010dinu znanja koju djeca trebaju nabubati, popuniti online kao u nekom kvizu, nego imamo taj odgojni karakter gdje mi na djecu uti\u010demo, oni se socijalizuju.\u201c<\/p>\n<p><iframe title=\"TK: Ko se protivi online nastavi?\" width=\"1170\" height=\"658\" src=\"https:\/\/www.youtube.com\/embed\/7c5x6ncDmzo?feature=oembed\" frameborder=\"0\" allow=\"accelerometer; autoplay; clipboard-write; encrypted-media; gyroscope; picture-in-picture\" allowfullscreen><\/iframe><\/p>\n<p>Emina podsje\u0107a da i trenutni redovni proces ima nedostataka, \u0161to uti\u010de na obrazovanje.<\/p>\n<p><strong>EMINA HUSEJNOVI\u0106, majka<\/strong><\/p>\n<p>\u201eRecimo moje dijete, koje je prvi razred osnovne \u0161kole, u \u0161koli provodi samo sat vremena. U roku od sat vremena treba da obradi gradivo iz dva predmeta. Vrlo \u010desto ne sti\u017eu da obrade gradivo koje je za taj \u010das predvi\u0111eno.\u201c<\/p>\n<p>Epidemio\u0161ka situacija u Tuzlanskom kantonu je slo\u017eena, a na\u0161i sagovornici postavljaju pitanje da li \u0107e djeca biti vi\u0161e za\u0161ti\u0107ena tokom online nastave, budu\u0107i da i roditelji odlaze na posao, mali\u0161ani u vrti\u0107e, a objekti su otvoreni? Kakve generacije mo\u017eemo o\u010dekivati, u vremenu kada se najve\u0107e bitke za prava vode uglavnom po dru\u0161tvenim mre\u017eama, odnosno online?<\/p>\n<p><strong>Izvor: <a href=\"https:\/\/bhrt.ba\/tk-od-ponedjeljka-ucenici-u-skolskim-klupama\/\">BHRT<\/a><\/strong><\/p>\n","protected":false},"excerpt":{"rendered":"<p>Prema zaklju\u010dku Kriznog \u0161taba kojeg je potvrdila Vlada, u\u010denici u Tuzlanskom kantonu od ponedjeljka vra\u0107aju&hellip;<\/p>\n","protected":false},"author":2,"featured_media":83754,"comment_status":"open","ping_status":"closed","sticky":false,"template":"","format":"standard","meta":{"_acf_changed":false,"footnotes":""},"categories":[304,12],"tags":[428,637,360],"acf":[],"yoast_head":"<!-- This site is optimized with the Yoast SEO plugin v23.5 - https:\/\/yoast.com\/wordpress\/plugins\/seo\/ -->\n<title>Za i protiv: \u0160kolarci u TK se od sutra vra\u0107aju u \u0161kolske klupe - TuzlaInfo.ba<\/title>\n<meta name=\"robots\" content=\"index, follow, max-snippet:-1, max-image-preview:large, max-video-preview:-1\" \/>\n<link rel=\"canonical\" href=\"https:\/\/tuzlainfo.ba\/index.php\/novosti\/item\/135749-za-i-protiv-skolarci-u-tk-se-od-sutra-vracaju-u-skolske-klupe\/\" \/>\n<meta property=\"og:locale\" content=\"bs_BA\" \/>\n<meta property=\"og:type\" content=\"article\" \/>\n<meta property=\"og:title\" content=\"Za i protiv: \u0160kolarci u TK se od sutra vra\u0107aju u \u0161kolske klupe - TuzlaInfo.ba\" \/>\n<meta property=\"og:description\" content=\"Prema zaklju\u010dku Kriznog \u0161taba kojeg je potvrdila Vlada, u\u010denici u Tuzlanskom kantonu od ponedjeljka vra\u0107aju&hellip;\" \/>\n<meta property=\"og:url\" content=\"https:\/\/tuzlainfo.ba\/index.php\/novosti\/item\/135749-za-i-protiv-skolarci-u-tk-se-od-sutra-vracaju-u-skolske-klupe\/\" \/>\n<meta property=\"og:site_name\" content=\"TuzlaInfo.ba\" \/>\n<meta property=\"article:publisher\" content=\"https:\/\/www.facebook.com\/tuzlainfo.ba\/\" \/>\n<meta property=\"article:published_time\" content=\"2021-04-18T07:17:09+00:00\" \/>\n<meta property=\"og:image\" content=\"https:\/\/tuzlainfo.ba\/wp-content\/uploads\/2020\/10\/sadrzaj_2020_20200101_01012020_skola_covid.jpg\" \/>\n\t<meta property=\"og:image:width\" content=\"770\" \/>\n\t<meta property=\"og:image:height\" content=\"513\" \/>\n\t<meta property=\"og:image:type\" content=\"image\/jpeg\" \/>\n<meta name=\"author\" content=\"nedim\" \/>\n<meta name=\"twitter:card\" content=\"summary_large_image\" \/>\n<meta name=\"twitter:label1\" content=\"Written by\" \/>\n\t<meta name=\"twitter:data1\" content=\"nedim\" \/>\n\t<meta name=\"twitter:label2\" content=\"Est. reading time\" \/>\n\t<meta name=\"twitter:data2\" content=\"3 minute\" \/>\n<script type=\"application\/ld+json\" class=\"yoast-schema-graph\">{\"@context\":\"https:\/\/schema.org\",\"@graph\":[{\"@type\":\"Article\",\"@id\":\"https:\/\/tuzlainfo.ba\/index.php\/novosti\/item\/135749-za-i-protiv-skolarci-u-tk-se-od-sutra-vracaju-u-skolske-klupe\/#article\",\"isPartOf\":{\"@id\":\"https:\/\/tuzlainfo.ba\/index.php\/novosti\/item\/135749-za-i-protiv-skolarci-u-tk-se-od-sutra-vracaju-u-skolske-klupe\/\"},\"author\":{\"name\":\"nedim\",\"@id\":\"https:\/\/tuzlainfo.ba\/#\/schema\/person\/f434e20dc27ea133923aab08451b7f7f\"},\"headline\":\"Za i protiv: \u0160kolarci u TK se od sutra vra\u0107aju u \u0161kolske klupe\",\"datePublished\":\"2021-04-18T07:17:09+00:00\",\"dateModified\":\"2021-04-18T07:17:09+00:00\",\"mainEntityOfPage\":{\"@id\":\"https:\/\/tuzlainfo.ba\/index.php\/novosti\/item\/135749-za-i-protiv-skolarci-u-tk-se-od-sutra-vracaju-u-skolske-klupe\/\"},\"wordCount\":549,\"commentCount\":0,\"publisher\":{\"@id\":\"https:\/\/tuzlainfo.ba\/#organization\"},\"image\":{\"@id\":\"https:\/\/tuzlainfo.ba\/index.php\/novosti\/item\/135749-za-i-protiv-skolarci-u-tk-se-od-sutra-vracaju-u-skolske-klupe\/#primaryimage\"},\"thumbnailUrl\":\"https:\/\/tuzlainfo.ba\/wp-content\/uploads\/2020\/10\/sadrzaj_2020_20200101_01012020_skola_covid.jpg\",\"keywords\":[\"bo\u017eo juri\u0107\",\"\u0161kola\",\"tuzlanski kanton\"],\"articleSection\":[\"Istaknuto\",\"Novosti\"],\"inLanguage\":\"bs-BA\"},{\"@type\":\"WebPage\",\"@id\":\"https:\/\/tuzlainfo.ba\/index.php\/novosti\/item\/135749-za-i-protiv-skolarci-u-tk-se-od-sutra-vracaju-u-skolske-klupe\/\",\"url\":\"https:\/\/tuzlainfo.ba\/index.php\/novosti\/item\/135749-za-i-protiv-skolarci-u-tk-se-od-sutra-vracaju-u-skolske-klupe\/\",\"name\":\"Za i protiv: \u0160kolarci u TK se od sutra vra\u0107aju u \u0161kolske klupe - TuzlaInfo.ba\",\"isPartOf\":{\"@id\":\"https:\/\/tuzlainfo.ba\/#website\"},\"primaryImageOfPage\":{\"@id\":\"https:\/\/tuzlainfo.ba\/index.php\/novosti\/item\/135749-za-i-protiv-skolarci-u-tk-se-od-sutra-vracaju-u-skolske-klupe\/#primaryimage\"},\"image\":{\"@id\":\"https:\/\/tuzlainfo.ba\/index.php\/novosti\/item\/135749-za-i-protiv-skolarci-u-tk-se-od-sutra-vracaju-u-skolske-klupe\/#primaryimage\"},\"thumbnailUrl\":\"https:\/\/tuzlainfo.ba\/wp-content\/uploads\/2020\/10\/sadrzaj_2020_20200101_01012020_skola_covid.jpg\",\"datePublished\":\"2021-04-18T07:17:09+00:00\",\"dateModified\":\"2021-04-18T07:17:09+00:00\",\"breadcrumb\":{\"@id\":\"https:\/\/tuzlainfo.ba\/index.php\/novosti\/item\/135749-za-i-protiv-skolarci-u-tk-se-od-sutra-vracaju-u-skolske-klupe\/#breadcrumb\"},\"inLanguage\":\"bs-BA\",\"potentialAction\":[{\"@type\":\"ReadAction\",\"target\":[\"https:\/\/tuzlainfo.ba\/index.php\/novosti\/item\/135749-za-i-protiv-skolarci-u-tk-se-od-sutra-vracaju-u-skolske-klupe\/\"]}]},{\"@type\":\"ImageObject\",\"inLanguage\":\"bs-BA\",\"@id\":\"https:\/\/tuzlainfo.ba\/index.php\/novosti\/item\/135749-za-i-protiv-skolarci-u-tk-se-od-sutra-vracaju-u-skolske-klupe\/#primaryimage\",\"url\":\"https:\/\/tuzlainfo.ba\/wp-content\/uploads\/2020\/10\/sadrzaj_2020_20200101_01012020_skola_covid.jpg\",\"contentUrl\":\"https:\/\/tuzlainfo.ba\/wp-content\/uploads\/2020\/10\/sadrzaj_2020_20200101_01012020_skola_covid.jpg\",\"width\":770,\"height\":513,\"caption\":\"01012020 skola covid\"},{\"@type\":\"BreadcrumbList\",\"@id\":\"https:\/\/tuzlainfo.ba\/index.php\/novosti\/item\/135749-za-i-protiv-skolarci-u-tk-se-od-sutra-vracaju-u-skolske-klupe\/#breadcrumb\",\"itemListElement\":[{\"@type\":\"ListItem\",\"position\":1,\"name\":\"Home\",\"item\":\"https:\/\/tuzlainfo.ba\/\"},{\"@type\":\"ListItem\",\"position\":2,\"name\":\"Za i protiv: \u0160kolarci u TK se od sutra vra\u0107aju u \u0161kolske klupe\"}]},{\"@type\":\"WebSite\",\"@id\":\"https:\/\/tuzlainfo.ba\/#website\",\"url\":\"https:\/\/tuzlainfo.ba\/\",\"name\":\"TuzlaInfo.ba\",\"description\":\"Tuzla info, gradski informator - Tuzla na dlanu\",\"publisher\":{\"@id\":\"https:\/\/tuzlainfo.ba\/#organization\"},\"potentialAction\":[{\"@type\":\"SearchAction\",\"target\":{\"@type\":\"EntryPoint\",\"urlTemplate\":\"https:\/\/tuzlainfo.ba\/?s={search_term_string}\"},\"query-input\":{\"@type\":\"PropertyValueSpecification\",\"valueRequired\":true,\"valueName\":\"search_term_string\"}}],\"inLanguage\":\"bs-BA\"},{\"@type\":\"Organization\",\"@id\":\"https:\/\/tuzlainfo.ba\/#organization\",\"name\":\"TuzlaInfo.ba\",\"url\":\"https:\/\/tuzlainfo.ba\/\",\"logo\":{\"@type\":\"ImageObject\",\"inLanguage\":\"bs-BA\",\"@id\":\"https:\/\/tuzlainfo.ba\/#\/schema\/logo\/image\/\",\"url\":\"https:\/\/tuzlainfo.ba\/wp-content\/uploads\/2021\/03\/logo-ver-3-1.png\",\"contentUrl\":\"https:\/\/tuzlainfo.ba\/wp-content\/uploads\/2021\/03\/logo-ver-3-1.png\",\"width\":350,\"height\":95,\"caption\":\"TuzlaInfo.ba\"},\"image\":{\"@id\":\"https:\/\/tuzlainfo.ba\/#\/schema\/logo\/image\/\"},\"sameAs\":[\"https:\/\/www.facebook.com\/tuzlainfo.ba\/\"]},{\"@type\":\"Person\",\"@id\":\"https:\/\/tuzlainfo.ba\/#\/schema\/person\/f434e20dc27ea133923aab08451b7f7f\",\"name\":\"nedim\",\"image\":{\"@type\":\"ImageObject\",\"inLanguage\":\"bs-BA\",\"@id\":\"https:\/\/tuzlainfo.ba\/#\/schema\/person\/image\/\",\"url\":\"https:\/\/tuzlainfo.ba\/wp-content\/litespeed\/avatar\/aabad687af24844af817603ac1cbdc4f.jpg?ver=1776702173\",\"contentUrl\":\"https:\/\/tuzlainfo.ba\/wp-content\/litespeed\/avatar\/aabad687af24844af817603ac1cbdc4f.jpg?ver=1776702173\",\"caption\":\"nedim\"},\"description\":\"Tuzlainfo.ba pratite na dru\u0161tvenim mre\u017eama: Facebook, Instagram i Youtube. Svoje pri\u010de, upite i fotografije \u0161aljite na na\u0161u e-mail adresu.\"}]}<\/script>\n<!-- \/ Yoast SEO plugin. -->","yoast_head_json":{"title":"Za i protiv: \u0160kolarci u TK se od sutra vra\u0107aju u \u0161kolske klupe - TuzlaInfo.ba","robots":{"index":"index","follow":"follow","max-snippet":"max-snippet:-1","max-image-preview":"max-image-preview:large","max-video-preview":"max-video-preview:-1"},"canonical":"https:\/\/tuzlainfo.ba\/index.php\/novosti\/item\/135749-za-i-protiv-skolarci-u-tk-se-od-sutra-vracaju-u-skolske-klupe\/","og_locale":"bs_BA","og_type":"article","og_title":"Za i protiv: \u0160kolarci u TK se od sutra vra\u0107aju u \u0161kolske klupe - TuzlaInfo.ba","og_description":"Prema zaklju\u010dku Kriznog \u0161taba kojeg je potvrdila Vlada, u\u010denici u Tuzlanskom kantonu od ponedjeljka vra\u0107aju&hellip;","og_url":"https:\/\/tuzlainfo.ba\/index.php\/novosti\/item\/135749-za-i-protiv-skolarci-u-tk-se-od-sutra-vracaju-u-skolske-klupe\/","og_site_name":"TuzlaInfo.ba","article_publisher":"https:\/\/www.facebook.com\/tuzlainfo.ba\/","article_published_time":"2021-04-18T07:17:09+00:00","og_image":[{"width":770,"height":513,"url":"https:\/\/tuzlainfo.ba\/wp-content\/uploads\/2020\/10\/sadrzaj_2020_20200101_01012020_skola_covid.jpg","type":"image\/jpeg"}],"author":"nedim","twitter_card":"summary_large_image","twitter_misc":{"Written by":"nedim","Est. reading time":"3 minute"},"schema":{"@context":"https:\/\/schema.org","@graph":[{"@type":"Article","@id":"https:\/\/tuzlainfo.ba\/index.php\/novosti\/item\/135749-za-i-protiv-skolarci-u-tk-se-od-sutra-vracaju-u-skolske-klupe\/#article","isPartOf":{"@id":"https:\/\/tuzlainfo.ba\/index.php\/novosti\/item\/135749-za-i-protiv-skolarci-u-tk-se-od-sutra-vracaju-u-skolske-klupe\/"},"author":{"name":"nedim","@id":"https:\/\/tuzlainfo.ba\/#\/schema\/person\/f434e20dc27ea133923aab08451b7f7f"},"headline":"Za i protiv: \u0160kolarci u TK se od sutra vra\u0107aju u \u0161kolske klupe","datePublished":"2021-04-18T07:17:09+00:00","dateModified":"2021-04-18T07:17:09+00:00","mainEntityOfPage":{"@id":"https:\/\/tuzlainfo.ba\/index.php\/novosti\/item\/135749-za-i-protiv-skolarci-u-tk-se-od-sutra-vracaju-u-skolske-klupe\/"},"wordCount":549,"commentCount":0,"publisher":{"@id":"https:\/\/tuzlainfo.ba\/#organization"},"image":{"@id":"https:\/\/tuzlainfo.ba\/index.php\/novosti\/item\/135749-za-i-protiv-skolarci-u-tk-se-od-sutra-vracaju-u-skolske-klupe\/#primaryimage"},"thumbnailUrl":"https:\/\/tuzlainfo.ba\/wp-content\/uploads\/2020\/10\/sadrzaj_2020_20200101_01012020_skola_covid.jpg","keywords":["bo\u017eo juri\u0107","\u0161kola","tuzlanski kanton"],"articleSection":["Istaknuto","Novosti"],"inLanguage":"bs-BA"},{"@type":"WebPage","@id":"https:\/\/tuzlainfo.ba\/index.php\/novosti\/item\/135749-za-i-protiv-skolarci-u-tk-se-od-sutra-vracaju-u-skolske-klupe\/","url":"https:\/\/tuzlainfo.ba\/index.php\/novosti\/item\/135749-za-i-protiv-skolarci-u-tk-se-od-sutra-vracaju-u-skolske-klupe\/","name":"Za i protiv: \u0160kolarci u TK se od sutra vra\u0107aju u \u0161kolske klupe - TuzlaInfo.ba","isPartOf":{"@id":"https:\/\/tuzlainfo.ba\/#website"},"primaryImageOfPage":{"@id":"https:\/\/tuzlainfo.ba\/index.php\/novosti\/item\/135749-za-i-protiv-skolarci-u-tk-se-od-sutra-vracaju-u-skolske-klupe\/#primaryimage"},"image":{"@id":"https:\/\/tuzlainfo.ba\/index.php\/novosti\/item\/135749-za-i-protiv-skolarci-u-tk-se-od-sutra-vracaju-u-skolske-klupe\/#primaryimage"},"thumbnailUrl":"https:\/\/tuzlainfo.ba\/wp-content\/uploads\/2020\/10\/sadrzaj_2020_20200101_01012020_skola_covid.jpg","datePublished":"2021-04-18T07:17:09+00:00","dateModified":"2021-04-18T07:17:09+00:00","breadcrumb":{"@id":"https:\/\/tuzlainfo.ba\/index.php\/novosti\/item\/135749-za-i-protiv-skolarci-u-tk-se-od-sutra-vracaju-u-skolske-klupe\/#breadcrumb"},"inLanguage":"bs-BA","potentialAction":[{"@type":"ReadAction","target":["https:\/\/tuzlainfo.ba\/index.php\/novosti\/item\/135749-za-i-protiv-skolarci-u-tk-se-od-sutra-vracaju-u-skolske-klupe\/"]}]},{"@type":"ImageObject","inLanguage":"bs-BA","@id":"https:\/\/tuzlainfo.ba\/index.php\/novosti\/item\/135749-za-i-protiv-skolarci-u-tk-se-od-sutra-vracaju-u-skolske-klupe\/#primaryimage","url":"https:\/\/tuzlainfo.ba\/wp-content\/uploads\/2020\/10\/sadrzaj_2020_20200101_01012020_skola_covid.jpg","contentUrl":"https:\/\/tuzlainfo.ba\/wp-content\/uploads\/2020\/10\/sadrzaj_2020_20200101_01012020_skola_covid.jpg","width":770,"height":513,"caption":"01012020 skola covid"},{"@type":"BreadcrumbList","@id":"https:\/\/tuzlainfo.ba\/index.php\/novosti\/item\/135749-za-i-protiv-skolarci-u-tk-se-od-sutra-vracaju-u-skolske-klupe\/#breadcrumb","itemListElement":[{"@type":"ListItem","position":1,"name":"Home","item":"https:\/\/tuzlainfo.ba\/"},{"@type":"ListItem","position":2,"name":"Za i protiv: \u0160kolarci u TK se od sutra vra\u0107aju u \u0161kolske klupe"}]},{"@type":"WebSite","@id":"https:\/\/tuzlainfo.ba\/#website","url":"https:\/\/tuzlainfo.ba\/","name":"TuzlaInfo.ba","description":"Tuzla info, gradski informator - Tuzla na dlanu","publisher":{"@id":"https:\/\/tuzlainfo.ba\/#organization"},"potentialAction":[{"@type":"SearchAction","target":{"@type":"EntryPoint","urlTemplate":"https:\/\/tuzlainfo.ba\/?s={search_term_string}"},"query-input":{"@type":"PropertyValueSpecification","valueRequired":true,"valueName":"search_term_string"}}],"inLanguage":"bs-BA"},{"@type":"Organization","@id":"https:\/\/tuzlainfo.ba\/#organization","name":"TuzlaInfo.ba","url":"https:\/\/tuzlainfo.ba\/","logo":{"@type":"ImageObject","inLanguage":"bs-BA","@id":"https:\/\/tuzlainfo.ba\/#\/schema\/logo\/image\/","url":"https:\/\/tuzlainfo.ba\/wp-content\/uploads\/2021\/03\/logo-ver-3-1.png","contentUrl":"https:\/\/tuzlainfo.ba\/wp-content\/uploads\/2021\/03\/logo-ver-3-1.png","width":350,"height":95,"caption":"TuzlaInfo.ba"},"image":{"@id":"https:\/\/tuzlainfo.ba\/#\/schema\/logo\/image\/"},"sameAs":["https:\/\/www.facebook.com\/tuzlainfo.ba\/"]},{"@type":"Person","@id":"https:\/\/tuzlainfo.ba\/#\/schema\/person\/f434e20dc27ea133923aab08451b7f7f","name":"nedim","image":{"@type":"ImageObject","inLanguage":"bs-BA","@id":"https:\/\/tuzlainfo.ba\/#\/schema\/person\/image\/","url":"https:\/\/tuzlainfo.ba\/wp-content\/litespeed\/avatar\/aabad687af24844af817603ac1cbdc4f.jpg?ver=1776702173","contentUrl":"https:\/\/tuzlainfo.ba\/wp-content\/litespeed\/avatar\/aabad687af24844af817603ac1cbdc4f.jpg?ver=1776702173","caption":"nedim"},"description":"Tuzlainfo.ba pratite na dru\u0161tvenim mre\u017eama: Facebook, Instagram i Youtube. Svoje pri\u010de, upite i fotografije \u0161aljite na na\u0161u e-mail adresu."}]}},"_links":{"self":[{"href":"https:\/\/tuzlainfo.ba\/index.php\/wp-json\/wp\/v2\/posts\/135749"}],"collection":[{"href":"https:\/\/tuzlainfo.ba\/index.php\/wp-json\/wp\/v2\/posts"}],"about":[{"href":"https:\/\/tuzlainfo.ba\/index.php\/wp-json\/wp\/v2\/types\/post"}],"author":[{"embeddable":true,"href":"https:\/\/tuzlainfo.ba\/index.php\/wp-json\/wp\/v2\/users\/2"}],"replies":[{"embeddable":true,"href":"https:\/\/tuzlainfo.ba\/index.php\/wp-json\/wp\/v2\/comments?post=135749"}],"version-history":[{"count":0,"href":"https:\/\/tuzlainfo.ba\/index.php\/wp-json\/wp\/v2\/posts\/135749\/revisions"}],"wp:featuredmedia":[{"embeddable":true,"href":"https:\/\/tuzlainfo.ba\/index.php\/wp-json\/wp\/v2\/media\/83754"}],"wp:attachment":[{"href":"https:\/\/tuzlainfo.ba\/index.php\/wp-json\/wp\/v2\/media?parent=135749"}],"wp:term":[{"taxonomy":"category","embeddable":true,"href":"https:\/\/tuzlainfo.ba\/index.php\/wp-json\/wp\/v2\/categories?post=135749"},{"taxonomy":"post_tag","embeddable":true,"href":"https:\/\/tuzlainfo.ba\/index.php\/wp-json\/wp\/v2\/tags?post=135749"}],"curies":[{"name":"wp","href":"https:\/\/api.w.org\/{rel}","templated":true}]}}