{"id":135498,"date":"2021-04-14T17:00:55","date_gmt":"2021-04-14T15:00:55","guid":{"rendered":"https:\/\/tuzlainfo.ba\/?p=135498"},"modified":"2021-04-14T15:15:35","modified_gmt":"2021-04-14T13:15:35","slug":"dan-arbih-delegacija-vlade-tk-i-borackih-udruzenja-polozila-cvijece-na-kovacima","status":"publish","type":"post","link":"https:\/\/tuzlainfo.ba\/index.php\/novosti\/item\/135498-dan-arbih-delegacija-vlade-tk-i-borackih-udruzenja-polozila-cvijece-na-kovacima\/","title":{"rendered":"Dan ARBIH: Delegacija Vlade TK i bora\u010dkih udru\u017eenja polo\u017eila cvije\u0107e na Kova\u010dima"},"content":{"rendered":"<p>Povodom 15. aprila, godi\u0161njice osnivanja Armije Republike Bosni i Hercegovine, premijer Tuzlanskog kantona Kadrija Hod\u017ei\u0107 i ministar za bora\u010dka pitanja Fedahija Ahmetovi\u0107 danas su, sa delegacijom bora\u010dkih saveza i udru\u017eenja, polo\u017eili cvije\u0107e i odali po\u010dast na mezarima prvog predsjednika Republike Bosne i Hercegovine Alije Izetbegovi\u0107a, generala Rasima Deli\u0107a i poginulih pripadnika ARBiH u Memorijalnom centru \u201eKova\u010di\u201c u Sarajevu.<\/p>\n<p>Ovom prilikom premijer Hod\u017ei\u0107 je uputio zahvalu i \u010destitku svim biv\u0161im pripadnicima Armije Republike BiH.<\/p>\n<p>\u201ePro\u0161lo je 29 godina kako je Bosna i Hercegovina od slabo naoru\u017eane dobila respektabilnu vojnu formaciju koja je spremna braniti domovinu. Sje\u0107anje na herojsku i \u010dasnu borbu Armije RBiH, na njene najbolje sinove, obaveza je svih patriota i onih koji Bosnu i Hercegovinu do\u017eivljavaju kao domovinu.\u00a0 U cilju o\u010duvanja tradicije odbrane potrebno je jo\u0161 jednom podsjetiti da je Armija Republike Bosne i Hercegovine iznikla u vremenu velikog isku\u0161enja. U tom izuzetno te\u0161kom vremenu ona je predstavljala odgovor patriota na agresiju kojoj su se oduprli bosanski sinovi, i u redovima multietni\u010dke bosanskohercegova\u010dke armije, borili se za odbranu domovine i svih njenih naroda.<\/p>\n<p>Demobilisanim borcima Armije BiH, ratnim vojnim invalidima i svim gra\u0111anima koji su sudjelovali u odbrani na\u0161e domovine upu\u0107ujem \u010destitke povodom 29. godi\u0161njice osnivanja Armije, uz podsje\u0107anje da neizmjernu zahvalnost dugujemo svim onima koji su na tom putu izgubili \u017eivote.\u201d<\/p>\n<p>Istovremeno sa polaganjem cvije\u0107a i odavanjem po\u010dasti na \u201eKova\u010dima\u201c delegacije Vlade Tuzlanskog kantona i bora\u010dkih saveza i udru\u017eenja polo\u017eile su cvije\u0107e i odale po\u010dasti u Memorijalnom centru u Poto\u010darima, na mezarjima Memi\u0107i u Kalesiji, Veljaci u Bratuncu i mezarju u Rahi\u0107u, te spomen obilje\u017ejima na Husinu i centralnom spomen obilje\u017eju u Br\u010dkom.<\/p>\n","protected":false},"excerpt":{"rendered":"<p>Povodom 15. aprila, godi\u0161njice osnivanja Armije Republike Bosni i Hercegovine, premijer Tuzlanskog kantona Kadrija Hod\u017ei\u0107&hellip;<\/p>\n","protected":false},"author":3,"featured_media":135500,"comment_status":"open","ping_status":"closed","sticky":false,"template":"","format":"standard","meta":{"_acf_changed":false,"footnotes":""},"categories":[12],"tags":[550,549,336],"acf":[],"yoast_head":"<!-- This site is optimized with the Yoast SEO plugin v23.5 - https:\/\/yoast.com\/wordpress\/plugins\/seo\/ -->\n<title>Dan ARBIH: Delegacija Vlade TK i bora\u010dkih udru\u017eenja polo\u017eila cvije\u0107e na Kova\u010dima - TuzlaInfo.ba<\/title>\n<meta name=\"robots\" content=\"index, follow, max-snippet:-1, max-image-preview:large, max-video-preview:-1\" \/>\n<link rel=\"canonical\" href=\"https:\/\/tuzlainfo.ba\/index.php\/novosti\/item\/135498-dan-arbih-delegacija-vlade-tk-i-borackih-udruzenja-polozila-cvijece-na-kovacima\/\" \/>\n<meta property=\"og:locale\" content=\"bs_BA\" \/>\n<meta property=\"og:type\" content=\"article\" \/>\n<meta property=\"og:title\" content=\"Dan ARBIH: Delegacija Vlade TK i bora\u010dkih udru\u017eenja polo\u017eila cvije\u0107e na Kova\u010dima - TuzlaInfo.ba\" \/>\n<meta property=\"og:description\" content=\"Povodom 15. aprila, godi\u0161njice osnivanja Armije Republike Bosni i Hercegovine, premijer Tuzlanskog kantona Kadrija Hod\u017ei\u0107&hellip;\" \/>\n<meta property=\"og:url\" content=\"https:\/\/tuzlainfo.ba\/index.php\/novosti\/item\/135498-dan-arbih-delegacija-vlade-tk-i-borackih-udruzenja-polozila-cvijece-na-kovacima\/\" \/>\n<meta property=\"og:site_name\" content=\"TuzlaInfo.ba\" \/>\n<meta property=\"article:publisher\" content=\"https:\/\/www.facebook.com\/tuzlainfo.ba\/\" \/>\n<meta property=\"article:published_time\" content=\"2021-04-14T15:00:55+00:00\" \/>\n<meta property=\"article:modified_time\" content=\"2021-04-14T13:15:35+00:00\" \/>\n<meta property=\"og:image\" content=\"https:\/\/tuzlainfo.ba\/wp-content\/uploads\/2021\/04\/1404-dan-armije.jpg\" \/>\n\t<meta property=\"og:image:width\" content=\"800\" \/>\n\t<meta property=\"og:image:height\" content=\"389\" \/>\n\t<meta property=\"og:image:type\" content=\"image\/jpeg\" \/>\n<meta name=\"author\" content=\"admin2\" \/>\n<meta name=\"twitter:card\" content=\"summary_large_image\" \/>\n<meta name=\"twitter:label1\" content=\"Written by\" \/>\n\t<meta name=\"twitter:data1\" content=\"admin2\" \/>\n\t<meta name=\"twitter:label2\" content=\"Est. reading time\" \/>\n\t<meta name=\"twitter:data2\" content=\"2 minute\" \/>\n<script type=\"application\/ld+json\" class=\"yoast-schema-graph\">{\"@context\":\"https:\/\/schema.org\",\"@graph\":[{\"@type\":\"Article\",\"@id\":\"https:\/\/tuzlainfo.ba\/index.php\/novosti\/item\/135498-dan-arbih-delegacija-vlade-tk-i-borackih-udruzenja-polozila-cvijece-na-kovacima\/#article\",\"isPartOf\":{\"@id\":\"https:\/\/tuzlainfo.ba\/index.php\/novosti\/item\/135498-dan-arbih-delegacija-vlade-tk-i-borackih-udruzenja-polozila-cvijece-na-kovacima\/\"},\"author\":{\"name\":\"admin2\",\"@id\":\"https:\/\/tuzlainfo.ba\/#\/schema\/person\/f4ebe4fff27e68efb65fa7e18f8af372\"},\"headline\":\"Dan ARBIH: Delegacija Vlade TK i bora\u010dkih udru\u017eenja polo\u017eila cvije\u0107e na Kova\u010dima\",\"datePublished\":\"2021-04-14T15:00:55+00:00\",\"dateModified\":\"2021-04-14T13:15:35+00:00\",\"mainEntityOfPage\":{\"@id\":\"https:\/\/tuzlainfo.ba\/index.php\/novosti\/item\/135498-dan-arbih-delegacija-vlade-tk-i-borackih-udruzenja-polozila-cvijece-na-kovacima\/\"},\"wordCount\":320,\"commentCount\":0,\"publisher\":{\"@id\":\"https:\/\/tuzlainfo.ba\/#organization\"},\"image\":{\"@id\":\"https:\/\/tuzlainfo.ba\/index.php\/novosti\/item\/135498-dan-arbih-delegacija-vlade-tk-i-borackih-udruzenja-polozila-cvijece-na-kovacima\/#primaryimage\"},\"thumbnailUrl\":\"https:\/\/tuzlainfo.ba\/wp-content\/uploads\/2021\/04\/1404-dan-armije.jpg\",\"keywords\":[\"alija izetbegovi\u0107\",\"kova\u010di\",\"vlada tk\"],\"articleSection\":[\"Novosti\"],\"inLanguage\":\"bs-BA\"},{\"@type\":\"WebPage\",\"@id\":\"https:\/\/tuzlainfo.ba\/index.php\/novosti\/item\/135498-dan-arbih-delegacija-vlade-tk-i-borackih-udruzenja-polozila-cvijece-na-kovacima\/\",\"url\":\"https:\/\/tuzlainfo.ba\/index.php\/novosti\/item\/135498-dan-arbih-delegacija-vlade-tk-i-borackih-udruzenja-polozila-cvijece-na-kovacima\/\",\"name\":\"Dan ARBIH: Delegacija Vlade TK i bora\u010dkih udru\u017eenja polo\u017eila cvije\u0107e na Kova\u010dima - TuzlaInfo.ba\",\"isPartOf\":{\"@id\":\"https:\/\/tuzlainfo.ba\/#website\"},\"primaryImageOfPage\":{\"@id\":\"https:\/\/tuzlainfo.ba\/index.php\/novosti\/item\/135498-dan-arbih-delegacija-vlade-tk-i-borackih-udruzenja-polozila-cvijece-na-kovacima\/#primaryimage\"},\"image\":{\"@id\":\"https:\/\/tuzlainfo.ba\/index.php\/novosti\/item\/135498-dan-arbih-delegacija-vlade-tk-i-borackih-udruzenja-polozila-cvijece-na-kovacima\/#primaryimage\"},\"thumbnailUrl\":\"https:\/\/tuzlainfo.ba\/wp-content\/uploads\/2021\/04\/1404-dan-armije.jpg\",\"datePublished\":\"2021-04-14T15:00:55+00:00\",\"dateModified\":\"2021-04-14T13:15:35+00:00\",\"breadcrumb\":{\"@id\":\"https:\/\/tuzlainfo.ba\/index.php\/novosti\/item\/135498-dan-arbih-delegacija-vlade-tk-i-borackih-udruzenja-polozila-cvijece-na-kovacima\/#breadcrumb\"},\"inLanguage\":\"bs-BA\",\"potentialAction\":[{\"@type\":\"ReadAction\",\"target\":[\"https:\/\/tuzlainfo.ba\/index.php\/novosti\/item\/135498-dan-arbih-delegacija-vlade-tk-i-borackih-udruzenja-polozila-cvijece-na-kovacima\/\"]}]},{\"@type\":\"ImageObject\",\"inLanguage\":\"bs-BA\",\"@id\":\"https:\/\/tuzlainfo.ba\/index.php\/novosti\/item\/135498-dan-arbih-delegacija-vlade-tk-i-borackih-udruzenja-polozila-cvijece-na-kovacima\/#primaryimage\",\"url\":\"https:\/\/tuzlainfo.ba\/wp-content\/uploads\/2021\/04\/1404-dan-armije.jpg\",\"contentUrl\":\"https:\/\/tuzlainfo.ba\/wp-content\/uploads\/2021\/04\/1404-dan-armije.jpg\",\"width\":800,\"height\":389},{\"@type\":\"BreadcrumbList\",\"@id\":\"https:\/\/tuzlainfo.ba\/index.php\/novosti\/item\/135498-dan-arbih-delegacija-vlade-tk-i-borackih-udruzenja-polozila-cvijece-na-kovacima\/#breadcrumb\",\"itemListElement\":[{\"@type\":\"ListItem\",\"position\":1,\"name\":\"Home\",\"item\":\"https:\/\/tuzlainfo.ba\/\"},{\"@type\":\"ListItem\",\"position\":2,\"name\":\"Dan ARBIH: Delegacija Vlade TK i bora\u010dkih udru\u017eenja polo\u017eila cvije\u0107e na Kova\u010dima\"}]},{\"@type\":\"WebSite\",\"@id\":\"https:\/\/tuzlainfo.ba\/#website\",\"url\":\"https:\/\/tuzlainfo.ba\/\",\"name\":\"TuzlaInfo.ba\",\"description\":\"Tuzla info, gradski informator - Tuzla na dlanu\",\"publisher\":{\"@id\":\"https:\/\/tuzlainfo.ba\/#organization\"},\"potentialAction\":[{\"@type\":\"SearchAction\",\"target\":{\"@type\":\"EntryPoint\",\"urlTemplate\":\"https:\/\/tuzlainfo.ba\/?s={search_term_string}\"},\"query-input\":{\"@type\":\"PropertyValueSpecification\",\"valueRequired\":true,\"valueName\":\"search_term_string\"}}],\"inLanguage\":\"bs-BA\"},{\"@type\":\"Organization\",\"@id\":\"https:\/\/tuzlainfo.ba\/#organization\",\"name\":\"TuzlaInfo.ba\",\"url\":\"https:\/\/tuzlainfo.ba\/\",\"logo\":{\"@type\":\"ImageObject\",\"inLanguage\":\"bs-BA\",\"@id\":\"https:\/\/tuzlainfo.ba\/#\/schema\/logo\/image\/\",\"url\":\"https:\/\/tuzlainfo.ba\/wp-content\/uploads\/2021\/03\/logo-ver-3-1.png\",\"contentUrl\":\"https:\/\/tuzlainfo.ba\/wp-content\/uploads\/2021\/03\/logo-ver-3-1.png\",\"width\":350,\"height\":95,\"caption\":\"TuzlaInfo.ba\"},\"image\":{\"@id\":\"https:\/\/tuzlainfo.ba\/#\/schema\/logo\/image\/\"},\"sameAs\":[\"https:\/\/www.facebook.com\/tuzlainfo.ba\/\"]},{\"@type\":\"Person\",\"@id\":\"https:\/\/tuzlainfo.ba\/#\/schema\/person\/f4ebe4fff27e68efb65fa7e18f8af372\",\"name\":\"admin2\",\"image\":{\"@type\":\"ImageObject\",\"inLanguage\":\"bs-BA\",\"@id\":\"https:\/\/tuzlainfo.ba\/#\/schema\/person\/image\/\",\"url\":\"https:\/\/tuzlainfo.ba\/wp-content\/litespeed\/avatar\/8219eeb9a43cff2d096e773737736f62.jpg?ver=1776704580\",\"contentUrl\":\"https:\/\/tuzlainfo.ba\/wp-content\/litespeed\/avatar\/8219eeb9a43cff2d096e773737736f62.jpg?ver=1776704580\",\"caption\":\"admin2\"},\"description\":\"Tuzlainfo.ba pratite na dru\u0161tvenim mre\u017eama: Facebook, Instagram i Youtube. Svoje pri\u010de, upite i fotografije \u0161aljite na na\u0161u e-mail adresu.\",\"sameAs\":[\"admin\"]}]}<\/script>\n<!-- \/ Yoast SEO plugin. -->","yoast_head_json":{"title":"Dan ARBIH: Delegacija Vlade TK i bora\u010dkih udru\u017eenja polo\u017eila cvije\u0107e na Kova\u010dima - TuzlaInfo.ba","robots":{"index":"index","follow":"follow","max-snippet":"max-snippet:-1","max-image-preview":"max-image-preview:large","max-video-preview":"max-video-preview:-1"},"canonical":"https:\/\/tuzlainfo.ba\/index.php\/novosti\/item\/135498-dan-arbih-delegacija-vlade-tk-i-borackih-udruzenja-polozila-cvijece-na-kovacima\/","og_locale":"bs_BA","og_type":"article","og_title":"Dan ARBIH: Delegacija Vlade TK i bora\u010dkih udru\u017eenja polo\u017eila cvije\u0107e na Kova\u010dima - TuzlaInfo.ba","og_description":"Povodom 15. aprila, godi\u0161njice osnivanja Armije Republike Bosni i Hercegovine, premijer Tuzlanskog kantona Kadrija Hod\u017ei\u0107&hellip;","og_url":"https:\/\/tuzlainfo.ba\/index.php\/novosti\/item\/135498-dan-arbih-delegacija-vlade-tk-i-borackih-udruzenja-polozila-cvijece-na-kovacima\/","og_site_name":"TuzlaInfo.ba","article_publisher":"https:\/\/www.facebook.com\/tuzlainfo.ba\/","article_published_time":"2021-04-14T15:00:55+00:00","article_modified_time":"2021-04-14T13:15:35+00:00","og_image":[{"width":800,"height":389,"url":"https:\/\/tuzlainfo.ba\/wp-content\/uploads\/2021\/04\/1404-dan-armije.jpg","type":"image\/jpeg"}],"author":"admin2","twitter_card":"summary_large_image","twitter_misc":{"Written by":"admin2","Est. reading time":"2 minute"},"schema":{"@context":"https:\/\/schema.org","@graph":[{"@type":"Article","@id":"https:\/\/tuzlainfo.ba\/index.php\/novosti\/item\/135498-dan-arbih-delegacija-vlade-tk-i-borackih-udruzenja-polozila-cvijece-na-kovacima\/#article","isPartOf":{"@id":"https:\/\/tuzlainfo.ba\/index.php\/novosti\/item\/135498-dan-arbih-delegacija-vlade-tk-i-borackih-udruzenja-polozila-cvijece-na-kovacima\/"},"author":{"name":"admin2","@id":"https:\/\/tuzlainfo.ba\/#\/schema\/person\/f4ebe4fff27e68efb65fa7e18f8af372"},"headline":"Dan ARBIH: Delegacija Vlade TK i bora\u010dkih udru\u017eenja polo\u017eila cvije\u0107e na Kova\u010dima","datePublished":"2021-04-14T15:00:55+00:00","dateModified":"2021-04-14T13:15:35+00:00","mainEntityOfPage":{"@id":"https:\/\/tuzlainfo.ba\/index.php\/novosti\/item\/135498-dan-arbih-delegacija-vlade-tk-i-borackih-udruzenja-polozila-cvijece-na-kovacima\/"},"wordCount":320,"commentCount":0,"publisher":{"@id":"https:\/\/tuzlainfo.ba\/#organization"},"image":{"@id":"https:\/\/tuzlainfo.ba\/index.php\/novosti\/item\/135498-dan-arbih-delegacija-vlade-tk-i-borackih-udruzenja-polozila-cvijece-na-kovacima\/#primaryimage"},"thumbnailUrl":"https:\/\/tuzlainfo.ba\/wp-content\/uploads\/2021\/04\/1404-dan-armije.jpg","keywords":["alija izetbegovi\u0107","kova\u010di","vlada tk"],"articleSection":["Novosti"],"inLanguage":"bs-BA"},{"@type":"WebPage","@id":"https:\/\/tuzlainfo.ba\/index.php\/novosti\/item\/135498-dan-arbih-delegacija-vlade-tk-i-borackih-udruzenja-polozila-cvijece-na-kovacima\/","url":"https:\/\/tuzlainfo.ba\/index.php\/novosti\/item\/135498-dan-arbih-delegacija-vlade-tk-i-borackih-udruzenja-polozila-cvijece-na-kovacima\/","name":"Dan ARBIH: Delegacija Vlade TK i bora\u010dkih udru\u017eenja polo\u017eila cvije\u0107e na Kova\u010dima - TuzlaInfo.ba","isPartOf":{"@id":"https:\/\/tuzlainfo.ba\/#website"},"primaryImageOfPage":{"@id":"https:\/\/tuzlainfo.ba\/index.php\/novosti\/item\/135498-dan-arbih-delegacija-vlade-tk-i-borackih-udruzenja-polozila-cvijece-na-kovacima\/#primaryimage"},"image":{"@id":"https:\/\/tuzlainfo.ba\/index.php\/novosti\/item\/135498-dan-arbih-delegacija-vlade-tk-i-borackih-udruzenja-polozila-cvijece-na-kovacima\/#primaryimage"},"thumbnailUrl":"https:\/\/tuzlainfo.ba\/wp-content\/uploads\/2021\/04\/1404-dan-armije.jpg","datePublished":"2021-04-14T15:00:55+00:00","dateModified":"2021-04-14T13:15:35+00:00","breadcrumb":{"@id":"https:\/\/tuzlainfo.ba\/index.php\/novosti\/item\/135498-dan-arbih-delegacija-vlade-tk-i-borackih-udruzenja-polozila-cvijece-na-kovacima\/#breadcrumb"},"inLanguage":"bs-BA","potentialAction":[{"@type":"ReadAction","target":["https:\/\/tuzlainfo.ba\/index.php\/novosti\/item\/135498-dan-arbih-delegacija-vlade-tk-i-borackih-udruzenja-polozila-cvijece-na-kovacima\/"]}]},{"@type":"ImageObject","inLanguage":"bs-BA","@id":"https:\/\/tuzlainfo.ba\/index.php\/novosti\/item\/135498-dan-arbih-delegacija-vlade-tk-i-borackih-udruzenja-polozila-cvijece-na-kovacima\/#primaryimage","url":"https:\/\/tuzlainfo.ba\/wp-content\/uploads\/2021\/04\/1404-dan-armije.jpg","contentUrl":"https:\/\/tuzlainfo.ba\/wp-content\/uploads\/2021\/04\/1404-dan-armije.jpg","width":800,"height":389},{"@type":"BreadcrumbList","@id":"https:\/\/tuzlainfo.ba\/index.php\/novosti\/item\/135498-dan-arbih-delegacija-vlade-tk-i-borackih-udruzenja-polozila-cvijece-na-kovacima\/#breadcrumb","itemListElement":[{"@type":"ListItem","position":1,"name":"Home","item":"https:\/\/tuzlainfo.ba\/"},{"@type":"ListItem","position":2,"name":"Dan ARBIH: Delegacija Vlade TK i bora\u010dkih udru\u017eenja polo\u017eila cvije\u0107e na Kova\u010dima"}]},{"@type":"WebSite","@id":"https:\/\/tuzlainfo.ba\/#website","url":"https:\/\/tuzlainfo.ba\/","name":"TuzlaInfo.ba","description":"Tuzla info, gradski informator - Tuzla na dlanu","publisher":{"@id":"https:\/\/tuzlainfo.ba\/#organization"},"potentialAction":[{"@type":"SearchAction","target":{"@type":"EntryPoint","urlTemplate":"https:\/\/tuzlainfo.ba\/?s={search_term_string}"},"query-input":{"@type":"PropertyValueSpecification","valueRequired":true,"valueName":"search_term_string"}}],"inLanguage":"bs-BA"},{"@type":"Organization","@id":"https:\/\/tuzlainfo.ba\/#organization","name":"TuzlaInfo.ba","url":"https:\/\/tuzlainfo.ba\/","logo":{"@type":"ImageObject","inLanguage":"bs-BA","@id":"https:\/\/tuzlainfo.ba\/#\/schema\/logo\/image\/","url":"https:\/\/tuzlainfo.ba\/wp-content\/uploads\/2021\/03\/logo-ver-3-1.png","contentUrl":"https:\/\/tuzlainfo.ba\/wp-content\/uploads\/2021\/03\/logo-ver-3-1.png","width":350,"height":95,"caption":"TuzlaInfo.ba"},"image":{"@id":"https:\/\/tuzlainfo.ba\/#\/schema\/logo\/image\/"},"sameAs":["https:\/\/www.facebook.com\/tuzlainfo.ba\/"]},{"@type":"Person","@id":"https:\/\/tuzlainfo.ba\/#\/schema\/person\/f4ebe4fff27e68efb65fa7e18f8af372","name":"admin2","image":{"@type":"ImageObject","inLanguage":"bs-BA","@id":"https:\/\/tuzlainfo.ba\/#\/schema\/person\/image\/","url":"https:\/\/tuzlainfo.ba\/wp-content\/litespeed\/avatar\/8219eeb9a43cff2d096e773737736f62.jpg?ver=1776704580","contentUrl":"https:\/\/tuzlainfo.ba\/wp-content\/litespeed\/avatar\/8219eeb9a43cff2d096e773737736f62.jpg?ver=1776704580","caption":"admin2"},"description":"Tuzlainfo.ba pratite na dru\u0161tvenim mre\u017eama: Facebook, Instagram i Youtube. Svoje pri\u010de, upite i fotografije \u0161aljite na na\u0161u e-mail adresu.","sameAs":["admin"]}]}},"_links":{"self":[{"href":"https:\/\/tuzlainfo.ba\/index.php\/wp-json\/wp\/v2\/posts\/135498"}],"collection":[{"href":"https:\/\/tuzlainfo.ba\/index.php\/wp-json\/wp\/v2\/posts"}],"about":[{"href":"https:\/\/tuzlainfo.ba\/index.php\/wp-json\/wp\/v2\/types\/post"}],"author":[{"embeddable":true,"href":"https:\/\/tuzlainfo.ba\/index.php\/wp-json\/wp\/v2\/users\/3"}],"replies":[{"embeddable":true,"href":"https:\/\/tuzlainfo.ba\/index.php\/wp-json\/wp\/v2\/comments?post=135498"}],"version-history":[{"count":0,"href":"https:\/\/tuzlainfo.ba\/index.php\/wp-json\/wp\/v2\/posts\/135498\/revisions"}],"wp:featuredmedia":[{"embeddable":true,"href":"https:\/\/tuzlainfo.ba\/index.php\/wp-json\/wp\/v2\/media\/135500"}],"wp:attachment":[{"href":"https:\/\/tuzlainfo.ba\/index.php\/wp-json\/wp\/v2\/media?parent=135498"}],"wp:term":[{"taxonomy":"category","embeddable":true,"href":"https:\/\/tuzlainfo.ba\/index.php\/wp-json\/wp\/v2\/categories?post=135498"},{"taxonomy":"post_tag","embeddable":true,"href":"https:\/\/tuzlainfo.ba\/index.php\/wp-json\/wp\/v2\/tags?post=135498"}],"curies":[{"name":"wp","href":"https:\/\/api.w.org\/{rel}","templated":true}]}}