{"id":135432,"date":"2021-04-13T14:30:14","date_gmt":"2021-04-13T12:30:14","guid":{"rendered":"https:\/\/tuzlainfo.ba\/?p=135432"},"modified":"2021-04-13T15:05:49","modified_gmt":"2021-04-13T13:05:49","slug":"pripreme-za-masovnu-vakcinaciju-u-tk-koristit-ce-se-ambulante-prostori-mz-a-dvorane","status":"publish","type":"post","link":"https:\/\/tuzlainfo.ba\/index.php\/novosti\/item\/135432-pripreme-za-masovnu-vakcinaciju-u-tk-koristit-ce-se-ambulante-prostori-mz-a-dvorane\/","title":{"rendered":"Pripreme za masovnu vakcinaciju u TK: Koristit \u0107e se ambulante, prostori MZ-a, dvorane&#8230;"},"content":{"rendered":"<p>Pripreme za po\u010detak masovne imunizacije gra\u0111ana na podru\u010dju Tuzlanskog kantona bile su tema dana\u0161njeg sastanka premijera Tuzlanskog kantona Kadrije Hod\u017ei\u0107a, ministra zdravstva Bo\u017ee Juri\u0107a i direktorice Zavoda za javno zdravstvo TK Majde Sarihod\u017ei\u0107 sa gradona\u010delnicima, na\u010delnicima op\u0107ina i predstavnicima jedinica lokalne samouprave sa podru\u010dja Tuzlanskog kantona.<\/p>\n<p>\u201eSastanak smo uprili\u010dili kako bi smo svi zajedno, koordinirano i slo\u017eno pristupili pripremama za masovnu imunizaciju, odnosno vakcinaciju na\u0161ih gra\u0111ana, onda kada dobijemo dovoljnu koli\u010dinu vakcina. Nemamo pravo da ne uspijemo. Ovaj proces moramo podjednako dobro provesti u svim sredinama jer neuspjeh i u jednoj od lokalnih zajednica zna\u010dit \u0107e na\u0161 zajedni\u010dki neuspjeh\u201c, rekao je danas premijer Hod\u017ei\u0107.<\/p>\n<p><img fetchpriority=\"high\" decoding=\"async\" class=\"alignnone wp-image-135419 size-full\" src=\"https:\/\/tuzlainfo.ba\/wp-content\/uploads\/2021\/04\/1304_krizni_sasatanak.jpg\" alt=\"\" width=\"1200\" height=\"752\" srcset=\"https:\/\/tuzlainfo.ba\/wp-content\/uploads\/2021\/04\/1304_krizni_sasatanak.jpg 1200w, https:\/\/tuzlainfo.ba\/wp-content\/uploads\/2021\/04\/1304_krizni_sasatanak-300x188.jpg 300w, https:\/\/tuzlainfo.ba\/wp-content\/uploads\/2021\/04\/1304_krizni_sasatanak-1024x642.jpg 1024w, https:\/\/tuzlainfo.ba\/wp-content\/uploads\/2021\/04\/1304_krizni_sasatanak-768x481.jpg 768w, https:\/\/tuzlainfo.ba\/wp-content\/uploads\/2021\/04\/1304_krizni_sasatanak-1170x733.jpg 1170w, https:\/\/tuzlainfo.ba\/wp-content\/uploads\/2021\/04\/1304_krizni_sasatanak-585x367.jpg 585w, https:\/\/tuzlainfo.ba\/wp-content\/uploads\/2021\/04\/1304_krizni_sasatanak-150x94.jpg 150w, https:\/\/tuzlainfo.ba\/wp-content\/uploads\/2021\/04\/1304_krizni_sasatanak-500x313.jpg 500w\" sizes=\"(max-width: 1200px) 100vw, 1200px\" \/><\/p>\n<p>Ovaj projekat je ogroman u dvije dimenzije, jedna je broj stanovni\u0161tva koje treba da pro\u0111e kroz ovaj proces, a druga je veliki zna\u010daj uspje\u0161ne realizacije ovog projekta, re\u010deno je danas. Zakonom o zdravstvenoj za\u0161titi u FBiH predvi\u0111eno da zdravstvena za\u0161tita na primarnom nivou, izme\u0111u ostalog, obuhvata i imunizaciju protiv zaraznih bolesti, te \u0107e te\u017ei\u0161te provedbe ovih aktivnosti biti oslonjeno na domove zdravlja na podru\u010dju na\u0161eg kantona.<\/p>\n<p>\u201eU skladu sa mogu\u0107nostima i koli\u010dinom vakcina koje smo dobivali, do sada smo provodili aktivnosti na vakcinaciji prioritetnih grupa, prije svih medicinskih radnika, i te aktivnosti su provo\u0111ene u prostorijama domova zdravlja ili drugih zdravstvenih ustanova. Me\u0111utim, kada budemo po\u010deli sa masovnom vakcinacijom domovi zdravlja i ambulante \u0107e biti premale da prime tu koli\u010dinu stanovni\u0161tva, te smo razmatrali otvaranje punktova za vakcinaciju izvan domova zdravlja\u201c, kazala je direktorica Sarihod\u017ei\u0107 isti\u010du\u0107i da su vakcine, koje su do sada pristigle na podru\u010dje na\u0161eg kantona, potro\u0161ene na vakcinaciju prioritetnih grupa.<\/p>\n<p>\u201eMi ve\u0107 sutra o\u010dekujemo novi kontingent vakcine kineskog proizvo\u0111a\u010da od 1.790 vakcina koje \u0107e biti distribuirane po domovima zdravlja. Tim vakcinama \u0107e se u nekim ve\u0107im lokalnim zajednicama nastaviti vakcinacija zdravstvenog osoblja, dok \u0107e u nekim op\u0107inama zapo\u010deti i vakcinacija gra\u0111ana starijih od 60 godina\u201c, zaklju\u010dila je direktorica Sarihod\u017ei\u0107.<\/p>\n<p>\u201ePlan vakcinacije odredio je Federalni zavod za javno zdravstvo i dostavljen je nama da ga realiziramo sa domovima zdravlja, kao ustanovama primarne zdravstvene za\u0161tite i izravnim nosiocima procesa vakcinacije. Imaju\u0107i u vidu da su Tuzlanski kanton i kantonalne institucije u ovom slu\u010daju koordiniraju\u0107i faktor, ukoliko u odre\u0111enom momentu dobijemo ve\u0107u koli\u010dinu vakcina morat \u0107emo brzo reagirati i koordinirati sa lokalnim zajednicama. Upravo to je tema dana\u0161njeg sastanka da izna\u0111emo potencijalne lokacije i tehni\u010dka rje\u0161enja za masovnu imunizaciju na terenu, s obzirom da su to aktivnosti koje se ne mogu provesti samo u okvirima medicinske struke, nego je potreban anga\u017eman \u0161ire dru\u0161tvene zajednice\u201c, rekao je ministar Juri\u0107.<\/p>\n<p><img decoding=\"async\" class=\"alignnone wp-image-135424 size-full\" src=\"https:\/\/tuzlainfo.ba\/wp-content\/uploads\/2021\/04\/IMG_9487.jpg\" alt=\"\" width=\"1200\" height=\"675\" srcset=\"https:\/\/tuzlainfo.ba\/wp-content\/uploads\/2021\/04\/IMG_9487.jpg 1200w, https:\/\/tuzlainfo.ba\/wp-content\/uploads\/2021\/04\/IMG_9487-300x169.jpg 300w, https:\/\/tuzlainfo.ba\/wp-content\/uploads\/2021\/04\/IMG_9487-1024x576.jpg 1024w, https:\/\/tuzlainfo.ba\/wp-content\/uploads\/2021\/04\/IMG_9487-768x432.jpg 768w, https:\/\/tuzlainfo.ba\/wp-content\/uploads\/2021\/04\/IMG_9487-1170x658.jpg 1170w, https:\/\/tuzlainfo.ba\/wp-content\/uploads\/2021\/04\/IMG_9487-585x329.jpg 585w, https:\/\/tuzlainfo.ba\/wp-content\/uploads\/2021\/04\/IMG_9487-150x84.jpg 150w, https:\/\/tuzlainfo.ba\/wp-content\/uploads\/2021\/04\/IMG_9487-500x281.jpg 500w\" sizes=\"(max-width: 1200px) 100vw, 1200px\" \/><\/p>\n<p>\u201eKada do\u0111emo do faze masovne imunizacije i kada budemo imali veliki broj vakcina, u Tuzli smo predlo\u017eili da se vakcinacija obavi u velikoj dvorani Sportsko privredno kulturnog centra Mejdan. Mi smo sa vakcinacijom po\u010deli u Domu zdravlja gdje je vakcinisano oko 450 zdravstvenih radnika. Izvr\u0161ena je i vakcinacija u privatnim ordinacijama s izuzetkom u Bajer klinici i Plavoj poliklinici koji su sami organizirali vakcinaciju svojih uposlenika. Zatim, vakcinisani su \u0161ti\u0107enici i osoblje JU Dom penzionera i u dvije privatne institucije ovog tipa i sutra treba da po\u010dne vakcinacija na\u0161ih sugra\u0111ana koji imaju vi\u0161e od 75 godina starosti\u201c, rije\u010di su gradona\u010delnika Tuzle Jasmina Imamovi\u0107a, koji je ovom prilikom dodao i da je odre\u0111eno 6 ambulanti u kojima ima vi\u0161e mjesta za vakcinisanje i jedan objekat mjesne zajednice. \u201eImamo i prostore 40 mjesnih zajednica tako da \u0107emo, kako se bude pove\u0107avao broj vakcina, tako \u0107emo koristiti prostore mjesnih zajednica, a na kraju kada to bude koli\u010dina vakcina da se mo\u017ee krenuti u zaista masovnu vakcinaciju stavit \u0107emo na raspolaganje i veliku dvoranu SKPC Mejdan\u201c, zaklju\u010dio je gradona\u010delnik Imamovi\u0107.<\/p>\n<p>Tuzlanski kanton i sve kantonalne institucije \u0107e stajati na raspolaganju da pomognu u realizaciji svih neophodnih aktivnosti, ali aktivnosti koje slijede u narednom periodu prije svega su odgovornost ustanova primarne zdravstvene za\u0161tite, re\u010deno je tokom dana\u0161njeg sastanka.<\/p>\n","protected":false},"excerpt":{"rendered":"<p>Pripreme za po\u010detak masovne imunizacije gra\u0111ana na podru\u010dju Tuzlanskog kantona bile su tema dana\u0161njeg sastanka&hellip;<\/p>\n","protected":false},"author":2,"featured_media":135421,"comment_status":"open","ping_status":"closed","sticky":false,"template":"","format":"standard","meta":{"_acf_changed":false,"footnotes":""},"categories":[304,12],"tags":[428,531,530,366],"acf":[],"yoast_head":"<!-- This site is optimized with the Yoast SEO plugin v23.5 - https:\/\/yoast.com\/wordpress\/plugins\/seo\/ -->\n<title>Pripreme za masovnu vakcinaciju u TK: Koristit \u0107e se ambulante, prostori MZ-a, dvorane... - TuzlaInfo.ba<\/title>\n<meta name=\"robots\" content=\"index, follow, max-snippet:-1, max-image-preview:large, max-video-preview:-1\" \/>\n<link rel=\"canonical\" href=\"https:\/\/tuzlainfo.ba\/index.php\/novosti\/item\/135432-pripreme-za-masovnu-vakcinaciju-u-tk-koristit-ce-se-ambulante-prostori-mz-a-dvorane\/\" \/>\n<meta property=\"og:locale\" content=\"bs_BA\" \/>\n<meta property=\"og:type\" content=\"article\" \/>\n<meta property=\"og:title\" content=\"Pripreme za masovnu vakcinaciju u TK: Koristit \u0107e se ambulante, prostori MZ-a, dvorane... - TuzlaInfo.ba\" \/>\n<meta property=\"og:description\" content=\"Pripreme za po\u010detak masovne imunizacije gra\u0111ana na podru\u010dju Tuzlanskog kantona bile su tema dana\u0161njeg sastanka&hellip;\" \/>\n<meta property=\"og:url\" content=\"https:\/\/tuzlainfo.ba\/index.php\/novosti\/item\/135432-pripreme-za-masovnu-vakcinaciju-u-tk-koristit-ce-se-ambulante-prostori-mz-a-dvorane\/\" \/>\n<meta property=\"og:site_name\" content=\"TuzlaInfo.ba\" \/>\n<meta property=\"article:publisher\" content=\"https:\/\/www.facebook.com\/tuzlainfo.ba\/\" \/>\n<meta property=\"article:published_time\" content=\"2021-04-13T12:30:14+00:00\" \/>\n<meta property=\"article:modified_time\" content=\"2021-04-13T13:05:49+00:00\" \/>\n<meta property=\"og:image\" content=\"https:\/\/tuzlainfo.ba\/wp-content\/uploads\/2021\/04\/1304_sastanak_nacelnici.jpg\" \/>\n\t<meta property=\"og:image:width\" content=\"1200\" \/>\n\t<meta property=\"og:image:height\" content=\"715\" \/>\n\t<meta property=\"og:image:type\" content=\"image\/jpeg\" \/>\n<meta name=\"author\" content=\"nedim\" \/>\n<meta name=\"twitter:card\" content=\"summary_large_image\" \/>\n<meta name=\"twitter:label1\" content=\"Written by\" \/>\n\t<meta name=\"twitter:data1\" content=\"nedim\" \/>\n\t<meta name=\"twitter:label2\" content=\"Est. reading time\" \/>\n\t<meta name=\"twitter:data2\" content=\"4 minute\" \/>\n<script type=\"application\/ld+json\" class=\"yoast-schema-graph\">{\"@context\":\"https:\/\/schema.org\",\"@graph\":[{\"@type\":\"Article\",\"@id\":\"https:\/\/tuzlainfo.ba\/index.php\/novosti\/item\/135432-pripreme-za-masovnu-vakcinaciju-u-tk-koristit-ce-se-ambulante-prostori-mz-a-dvorane\/#article\",\"isPartOf\":{\"@id\":\"https:\/\/tuzlainfo.ba\/index.php\/novosti\/item\/135432-pripreme-za-masovnu-vakcinaciju-u-tk-koristit-ce-se-ambulante-prostori-mz-a-dvorane\/\"},\"author\":{\"name\":\"nedim\",\"@id\":\"https:\/\/tuzlainfo.ba\/#\/schema\/person\/f434e20dc27ea133923aab08451b7f7f\"},\"headline\":\"Pripreme za masovnu vakcinaciju u TK: Koristit \u0107e se ambulante, prostori MZ-a, dvorane&#8230;\",\"datePublished\":\"2021-04-13T12:30:14+00:00\",\"dateModified\":\"2021-04-13T13:05:49+00:00\",\"mainEntityOfPage\":{\"@id\":\"https:\/\/tuzlainfo.ba\/index.php\/novosti\/item\/135432-pripreme-za-masovnu-vakcinaciju-u-tk-koristit-ce-se-ambulante-prostori-mz-a-dvorane\/\"},\"wordCount\":723,\"commentCount\":0,\"publisher\":{\"@id\":\"https:\/\/tuzlainfo.ba\/#organization\"},\"image\":{\"@id\":\"https:\/\/tuzlainfo.ba\/index.php\/novosti\/item\/135432-pripreme-za-masovnu-vakcinaciju-u-tk-koristit-ce-se-ambulante-prostori-mz-a-dvorane\/#primaryimage\"},\"thumbnailUrl\":\"https:\/\/tuzlainfo.ba\/wp-content\/uploads\/2021\/04\/1304_sastanak_nacelnici.jpg\",\"keywords\":[\"bo\u017eo juri\u0107\",\"jasmin imamovi\u0107\",\"tuzlanki kanton\",\"vakcinacija\"],\"articleSection\":[\"Istaknuto\",\"Novosti\"],\"inLanguage\":\"bs-BA\"},{\"@type\":\"WebPage\",\"@id\":\"https:\/\/tuzlainfo.ba\/index.php\/novosti\/item\/135432-pripreme-za-masovnu-vakcinaciju-u-tk-koristit-ce-se-ambulante-prostori-mz-a-dvorane\/\",\"url\":\"https:\/\/tuzlainfo.ba\/index.php\/novosti\/item\/135432-pripreme-za-masovnu-vakcinaciju-u-tk-koristit-ce-se-ambulante-prostori-mz-a-dvorane\/\",\"name\":\"Pripreme za masovnu vakcinaciju u TK: Koristit \u0107e se ambulante, prostori MZ-a, dvorane... - TuzlaInfo.ba\",\"isPartOf\":{\"@id\":\"https:\/\/tuzlainfo.ba\/#website\"},\"primaryImageOfPage\":{\"@id\":\"https:\/\/tuzlainfo.ba\/index.php\/novosti\/item\/135432-pripreme-za-masovnu-vakcinaciju-u-tk-koristit-ce-se-ambulante-prostori-mz-a-dvorane\/#primaryimage\"},\"image\":{\"@id\":\"https:\/\/tuzlainfo.ba\/index.php\/novosti\/item\/135432-pripreme-za-masovnu-vakcinaciju-u-tk-koristit-ce-se-ambulante-prostori-mz-a-dvorane\/#primaryimage\"},\"thumbnailUrl\":\"https:\/\/tuzlainfo.ba\/wp-content\/uploads\/2021\/04\/1304_sastanak_nacelnici.jpg\",\"datePublished\":\"2021-04-13T12:30:14+00:00\",\"dateModified\":\"2021-04-13T13:05:49+00:00\",\"breadcrumb\":{\"@id\":\"https:\/\/tuzlainfo.ba\/index.php\/novosti\/item\/135432-pripreme-za-masovnu-vakcinaciju-u-tk-koristit-ce-se-ambulante-prostori-mz-a-dvorane\/#breadcrumb\"},\"inLanguage\":\"bs-BA\",\"potentialAction\":[{\"@type\":\"ReadAction\",\"target\":[\"https:\/\/tuzlainfo.ba\/index.php\/novosti\/item\/135432-pripreme-za-masovnu-vakcinaciju-u-tk-koristit-ce-se-ambulante-prostori-mz-a-dvorane\/\"]}]},{\"@type\":\"ImageObject\",\"inLanguage\":\"bs-BA\",\"@id\":\"https:\/\/tuzlainfo.ba\/index.php\/novosti\/item\/135432-pripreme-za-masovnu-vakcinaciju-u-tk-koristit-ce-se-ambulante-prostori-mz-a-dvorane\/#primaryimage\",\"url\":\"https:\/\/tuzlainfo.ba\/wp-content\/uploads\/2021\/04\/1304_sastanak_nacelnici.jpg\",\"contentUrl\":\"https:\/\/tuzlainfo.ba\/wp-content\/uploads\/2021\/04\/1304_sastanak_nacelnici.jpg\",\"width\":1200,\"height\":715},{\"@type\":\"BreadcrumbList\",\"@id\":\"https:\/\/tuzlainfo.ba\/index.php\/novosti\/item\/135432-pripreme-za-masovnu-vakcinaciju-u-tk-koristit-ce-se-ambulante-prostori-mz-a-dvorane\/#breadcrumb\",\"itemListElement\":[{\"@type\":\"ListItem\",\"position\":1,\"name\":\"Home\",\"item\":\"https:\/\/tuzlainfo.ba\/\"},{\"@type\":\"ListItem\",\"position\":2,\"name\":\"Pripreme za masovnu vakcinaciju u TK: Koristit \u0107e se ambulante, prostori MZ-a, dvorane&#8230;\"}]},{\"@type\":\"WebSite\",\"@id\":\"https:\/\/tuzlainfo.ba\/#website\",\"url\":\"https:\/\/tuzlainfo.ba\/\",\"name\":\"TuzlaInfo.ba\",\"description\":\"Tuzla info, gradski informator - Tuzla na dlanu\",\"publisher\":{\"@id\":\"https:\/\/tuzlainfo.ba\/#organization\"},\"potentialAction\":[{\"@type\":\"SearchAction\",\"target\":{\"@type\":\"EntryPoint\",\"urlTemplate\":\"https:\/\/tuzlainfo.ba\/?s={search_term_string}\"},\"query-input\":{\"@type\":\"PropertyValueSpecification\",\"valueRequired\":true,\"valueName\":\"search_term_string\"}}],\"inLanguage\":\"bs-BA\"},{\"@type\":\"Organization\",\"@id\":\"https:\/\/tuzlainfo.ba\/#organization\",\"name\":\"TuzlaInfo.ba\",\"url\":\"https:\/\/tuzlainfo.ba\/\",\"logo\":{\"@type\":\"ImageObject\",\"inLanguage\":\"bs-BA\",\"@id\":\"https:\/\/tuzlainfo.ba\/#\/schema\/logo\/image\/\",\"url\":\"https:\/\/tuzlainfo.ba\/wp-content\/uploads\/2021\/03\/logo-ver-3-1.png\",\"contentUrl\":\"https:\/\/tuzlainfo.ba\/wp-content\/uploads\/2021\/03\/logo-ver-3-1.png\",\"width\":350,\"height\":95,\"caption\":\"TuzlaInfo.ba\"},\"image\":{\"@id\":\"https:\/\/tuzlainfo.ba\/#\/schema\/logo\/image\/\"},\"sameAs\":[\"https:\/\/www.facebook.com\/tuzlainfo.ba\/\"]},{\"@type\":\"Person\",\"@id\":\"https:\/\/tuzlainfo.ba\/#\/schema\/person\/f434e20dc27ea133923aab08451b7f7f\",\"name\":\"nedim\",\"image\":{\"@type\":\"ImageObject\",\"inLanguage\":\"bs-BA\",\"@id\":\"https:\/\/tuzlainfo.ba\/#\/schema\/person\/image\/\",\"url\":\"https:\/\/tuzlainfo.ba\/wp-content\/litespeed\/avatar\/aabad687af24844af817603ac1cbdc4f.jpg?ver=1776702173\",\"contentUrl\":\"https:\/\/tuzlainfo.ba\/wp-content\/litespeed\/avatar\/aabad687af24844af817603ac1cbdc4f.jpg?ver=1776702173\",\"caption\":\"nedim\"},\"description\":\"Tuzlainfo.ba pratite na dru\u0161tvenim mre\u017eama: Facebook, Instagram i Youtube. Svoje pri\u010de, upite i fotografije \u0161aljite na na\u0161u e-mail adresu.\"}]}<\/script>\n<!-- \/ Yoast SEO plugin. -->","yoast_head_json":{"title":"Pripreme za masovnu vakcinaciju u TK: Koristit \u0107e se ambulante, prostori MZ-a, dvorane... - TuzlaInfo.ba","robots":{"index":"index","follow":"follow","max-snippet":"max-snippet:-1","max-image-preview":"max-image-preview:large","max-video-preview":"max-video-preview:-1"},"canonical":"https:\/\/tuzlainfo.ba\/index.php\/novosti\/item\/135432-pripreme-za-masovnu-vakcinaciju-u-tk-koristit-ce-se-ambulante-prostori-mz-a-dvorane\/","og_locale":"bs_BA","og_type":"article","og_title":"Pripreme za masovnu vakcinaciju u TK: Koristit \u0107e se ambulante, prostori MZ-a, dvorane... - TuzlaInfo.ba","og_description":"Pripreme za po\u010detak masovne imunizacije gra\u0111ana na podru\u010dju Tuzlanskog kantona bile su tema dana\u0161njeg sastanka&hellip;","og_url":"https:\/\/tuzlainfo.ba\/index.php\/novosti\/item\/135432-pripreme-za-masovnu-vakcinaciju-u-tk-koristit-ce-se-ambulante-prostori-mz-a-dvorane\/","og_site_name":"TuzlaInfo.ba","article_publisher":"https:\/\/www.facebook.com\/tuzlainfo.ba\/","article_published_time":"2021-04-13T12:30:14+00:00","article_modified_time":"2021-04-13T13:05:49+00:00","og_image":[{"width":1200,"height":715,"url":"https:\/\/tuzlainfo.ba\/wp-content\/uploads\/2021\/04\/1304_sastanak_nacelnici.jpg","type":"image\/jpeg"}],"author":"nedim","twitter_card":"summary_large_image","twitter_misc":{"Written by":"nedim","Est. reading time":"4 minute"},"schema":{"@context":"https:\/\/schema.org","@graph":[{"@type":"Article","@id":"https:\/\/tuzlainfo.ba\/index.php\/novosti\/item\/135432-pripreme-za-masovnu-vakcinaciju-u-tk-koristit-ce-se-ambulante-prostori-mz-a-dvorane\/#article","isPartOf":{"@id":"https:\/\/tuzlainfo.ba\/index.php\/novosti\/item\/135432-pripreme-za-masovnu-vakcinaciju-u-tk-koristit-ce-se-ambulante-prostori-mz-a-dvorane\/"},"author":{"name":"nedim","@id":"https:\/\/tuzlainfo.ba\/#\/schema\/person\/f434e20dc27ea133923aab08451b7f7f"},"headline":"Pripreme za masovnu vakcinaciju u TK: Koristit \u0107e se ambulante, prostori MZ-a, dvorane&#8230;","datePublished":"2021-04-13T12:30:14+00:00","dateModified":"2021-04-13T13:05:49+00:00","mainEntityOfPage":{"@id":"https:\/\/tuzlainfo.ba\/index.php\/novosti\/item\/135432-pripreme-za-masovnu-vakcinaciju-u-tk-koristit-ce-se-ambulante-prostori-mz-a-dvorane\/"},"wordCount":723,"commentCount":0,"publisher":{"@id":"https:\/\/tuzlainfo.ba\/#organization"},"image":{"@id":"https:\/\/tuzlainfo.ba\/index.php\/novosti\/item\/135432-pripreme-za-masovnu-vakcinaciju-u-tk-koristit-ce-se-ambulante-prostori-mz-a-dvorane\/#primaryimage"},"thumbnailUrl":"https:\/\/tuzlainfo.ba\/wp-content\/uploads\/2021\/04\/1304_sastanak_nacelnici.jpg","keywords":["bo\u017eo juri\u0107","jasmin imamovi\u0107","tuzlanki kanton","vakcinacija"],"articleSection":["Istaknuto","Novosti"],"inLanguage":"bs-BA"},{"@type":"WebPage","@id":"https:\/\/tuzlainfo.ba\/index.php\/novosti\/item\/135432-pripreme-za-masovnu-vakcinaciju-u-tk-koristit-ce-se-ambulante-prostori-mz-a-dvorane\/","url":"https:\/\/tuzlainfo.ba\/index.php\/novosti\/item\/135432-pripreme-za-masovnu-vakcinaciju-u-tk-koristit-ce-se-ambulante-prostori-mz-a-dvorane\/","name":"Pripreme za masovnu vakcinaciju u TK: Koristit \u0107e se ambulante, prostori MZ-a, dvorane... - TuzlaInfo.ba","isPartOf":{"@id":"https:\/\/tuzlainfo.ba\/#website"},"primaryImageOfPage":{"@id":"https:\/\/tuzlainfo.ba\/index.php\/novosti\/item\/135432-pripreme-za-masovnu-vakcinaciju-u-tk-koristit-ce-se-ambulante-prostori-mz-a-dvorane\/#primaryimage"},"image":{"@id":"https:\/\/tuzlainfo.ba\/index.php\/novosti\/item\/135432-pripreme-za-masovnu-vakcinaciju-u-tk-koristit-ce-se-ambulante-prostori-mz-a-dvorane\/#primaryimage"},"thumbnailUrl":"https:\/\/tuzlainfo.ba\/wp-content\/uploads\/2021\/04\/1304_sastanak_nacelnici.jpg","datePublished":"2021-04-13T12:30:14+00:00","dateModified":"2021-04-13T13:05:49+00:00","breadcrumb":{"@id":"https:\/\/tuzlainfo.ba\/index.php\/novosti\/item\/135432-pripreme-za-masovnu-vakcinaciju-u-tk-koristit-ce-se-ambulante-prostori-mz-a-dvorane\/#breadcrumb"},"inLanguage":"bs-BA","potentialAction":[{"@type":"ReadAction","target":["https:\/\/tuzlainfo.ba\/index.php\/novosti\/item\/135432-pripreme-za-masovnu-vakcinaciju-u-tk-koristit-ce-se-ambulante-prostori-mz-a-dvorane\/"]}]},{"@type":"ImageObject","inLanguage":"bs-BA","@id":"https:\/\/tuzlainfo.ba\/index.php\/novosti\/item\/135432-pripreme-za-masovnu-vakcinaciju-u-tk-koristit-ce-se-ambulante-prostori-mz-a-dvorane\/#primaryimage","url":"https:\/\/tuzlainfo.ba\/wp-content\/uploads\/2021\/04\/1304_sastanak_nacelnici.jpg","contentUrl":"https:\/\/tuzlainfo.ba\/wp-content\/uploads\/2021\/04\/1304_sastanak_nacelnici.jpg","width":1200,"height":715},{"@type":"BreadcrumbList","@id":"https:\/\/tuzlainfo.ba\/index.php\/novosti\/item\/135432-pripreme-za-masovnu-vakcinaciju-u-tk-koristit-ce-se-ambulante-prostori-mz-a-dvorane\/#breadcrumb","itemListElement":[{"@type":"ListItem","position":1,"name":"Home","item":"https:\/\/tuzlainfo.ba\/"},{"@type":"ListItem","position":2,"name":"Pripreme za masovnu vakcinaciju u TK: Koristit \u0107e se ambulante, prostori MZ-a, dvorane&#8230;"}]},{"@type":"WebSite","@id":"https:\/\/tuzlainfo.ba\/#website","url":"https:\/\/tuzlainfo.ba\/","name":"TuzlaInfo.ba","description":"Tuzla info, gradski informator - Tuzla na dlanu","publisher":{"@id":"https:\/\/tuzlainfo.ba\/#organization"},"potentialAction":[{"@type":"SearchAction","target":{"@type":"EntryPoint","urlTemplate":"https:\/\/tuzlainfo.ba\/?s={search_term_string}"},"query-input":{"@type":"PropertyValueSpecification","valueRequired":true,"valueName":"search_term_string"}}],"inLanguage":"bs-BA"},{"@type":"Organization","@id":"https:\/\/tuzlainfo.ba\/#organization","name":"TuzlaInfo.ba","url":"https:\/\/tuzlainfo.ba\/","logo":{"@type":"ImageObject","inLanguage":"bs-BA","@id":"https:\/\/tuzlainfo.ba\/#\/schema\/logo\/image\/","url":"https:\/\/tuzlainfo.ba\/wp-content\/uploads\/2021\/03\/logo-ver-3-1.png","contentUrl":"https:\/\/tuzlainfo.ba\/wp-content\/uploads\/2021\/03\/logo-ver-3-1.png","width":350,"height":95,"caption":"TuzlaInfo.ba"},"image":{"@id":"https:\/\/tuzlainfo.ba\/#\/schema\/logo\/image\/"},"sameAs":["https:\/\/www.facebook.com\/tuzlainfo.ba\/"]},{"@type":"Person","@id":"https:\/\/tuzlainfo.ba\/#\/schema\/person\/f434e20dc27ea133923aab08451b7f7f","name":"nedim","image":{"@type":"ImageObject","inLanguage":"bs-BA","@id":"https:\/\/tuzlainfo.ba\/#\/schema\/person\/image\/","url":"https:\/\/tuzlainfo.ba\/wp-content\/litespeed\/avatar\/aabad687af24844af817603ac1cbdc4f.jpg?ver=1776702173","contentUrl":"https:\/\/tuzlainfo.ba\/wp-content\/litespeed\/avatar\/aabad687af24844af817603ac1cbdc4f.jpg?ver=1776702173","caption":"nedim"},"description":"Tuzlainfo.ba pratite na dru\u0161tvenim mre\u017eama: Facebook, Instagram i Youtube. Svoje pri\u010de, upite i fotografije \u0161aljite na na\u0161u e-mail adresu."}]}},"_links":{"self":[{"href":"https:\/\/tuzlainfo.ba\/index.php\/wp-json\/wp\/v2\/posts\/135432"}],"collection":[{"href":"https:\/\/tuzlainfo.ba\/index.php\/wp-json\/wp\/v2\/posts"}],"about":[{"href":"https:\/\/tuzlainfo.ba\/index.php\/wp-json\/wp\/v2\/types\/post"}],"author":[{"embeddable":true,"href":"https:\/\/tuzlainfo.ba\/index.php\/wp-json\/wp\/v2\/users\/2"}],"replies":[{"embeddable":true,"href":"https:\/\/tuzlainfo.ba\/index.php\/wp-json\/wp\/v2\/comments?post=135432"}],"version-history":[{"count":0,"href":"https:\/\/tuzlainfo.ba\/index.php\/wp-json\/wp\/v2\/posts\/135432\/revisions"}],"wp:featuredmedia":[{"embeddable":true,"href":"https:\/\/tuzlainfo.ba\/index.php\/wp-json\/wp\/v2\/media\/135421"}],"wp:attachment":[{"href":"https:\/\/tuzlainfo.ba\/index.php\/wp-json\/wp\/v2\/media?parent=135432"}],"wp:term":[{"taxonomy":"category","embeddable":true,"href":"https:\/\/tuzlainfo.ba\/index.php\/wp-json\/wp\/v2\/categories?post=135432"},{"taxonomy":"post_tag","embeddable":true,"href":"https:\/\/tuzlainfo.ba\/index.php\/wp-json\/wp\/v2\/tags?post=135432"}],"curies":[{"name":"wp","href":"https:\/\/api.w.org\/{rel}","templated":true}]}}