{"id":135170,"date":"2021-04-09T17:45:29","date_gmt":"2021-04-09T15:45:29","guid":{"rendered":"https:\/\/tuzlainfo.ba\/?p=135170"},"modified":"2021-04-09T15:02:57","modified_gmt":"2021-04-09T13:02:57","slug":"investicija-vrijedna-150-000-km-na-rtv-tk-svecano-pustena-u-rad-hd-oprema","status":"publish","type":"post","link":"https:\/\/tuzlainfo.ba\/index.php\/novosti\/item\/135170-investicija-vrijedna-150-000-km-na-rtv-tk-svecano-pustena-u-rad-hd-oprema\/","title":{"rendered":"Investicija vrijedna 150.000 KM: Na RTV TK sve\u010dano pu\u0161tena u rad HD oprema"},"content":{"rendered":"<p>Danas je sve\u010dano u rad pu\u0161tena oprema visoke rezolucije (HD), \u010dime je omogu\u0107eno emitovanje savremenog i modernog medijskog signala. Ovom doga\u0111aju prisustvovali su predsjednik Skup\u0161tine TK Sla\u0111an Ili\u0107 i premijer Kantona Kadrija Hod\u017ei\u0107. Uspjeh je ve\u0107i samim tim \u0161to je postignut u vremenu pandemije.<\/p>\n<p>\u201eOno \u0161to se posti\u017ee ovim projektom, jeste to da se uklapamo u svjetske trendove, da koliko je to mogu\u0107e idemo u korak sa svjetskom tehnologijom, da i mi na podru\u010dju TK kao i gra\u0111ani u razvijenim zemljama svijeta imamo pristup tim tehnologijama. Ponavljam da je uspjeh samim tim ve\u0107i s obzirom na situaciju u kojoj se nalazimo, i jo\u0161 jednom \u010destitke za ovaj uspjeh ali i za po\u0161tovanje svih ovih mjera. I koristim priliku da jo\u0161 jednom pozovem sve gra\u0111ana da maksimalno po\u0161tujemo mjere kako bismo se mogli posvetiti nekim drugim stvarima prvo da spasimo \u017eivote gra\u0111ana a onda da se posvetimo stvarima poput ove\u201c, kazao je predsjednik Skup\u0161tine TK Sla\u0111an Ili\u0107.<\/p>\n<p>U ime Vlade TK \u010destitke kolektivu uputio je premijer Kadrija Hod\u017ei\u0107.<\/p>\n<p>\u201eOvaj projekat na zna\u010dajan na\u010din uklapa RTVTK u svjetske medijske trendove. To nam je sad u ovom momentu jako bitno, ne samo zato \u0161to se pove\u0107ava kvalitet slike, rezolucija itd, nego zato \u0161to otvaramo prostor za pobolj\u0161avanje programa uop\u0107e\u201c, rekao je premijer Hod\u017ei\u0107.<\/p>\n<p>Direktor RTV TK Kasim Softi\u0107 istakao je da su brojni benefiti prelaska na ovaj na\u010din rada i emitiranja. Osim \u0161to \u0107e doprinijeti boljoj kvaliteti proizvedenog i emitiranog programa, nova oprema omogu\u0107it \u0107e bolje uslove rada uposlenicima RTVTK.<\/p>\n<p>\u201ePo onom sistemu kriza je \u0161ansa mi smo se tako pona\u0161ali i umjesto \u010dekanja da\u00a0 vidimo \u0161ta \u0107e biti, kuda \u0107e nas odvesti, mi smo se digli i uhvatili u ko\u0161tac i sa nadolaze\u0107im problemima zdravstvene prirode, ali i za svoje mjesto na medijskom tr\u017ei\u0161tu u BiH. Uslov svih uslova jesu adekvatne predispozicije za rad, prije svega tehni\u010dka opremljenost, u vrijeme kada je cijeli svijet bio, na odre\u0111eni na\u010din, na koljenima mi smo smogli snage u\u0161li u investiciju vrijednu 150.000 KM, proveli svu proceduru onako kako to nala\u017eu propisi. Mi smo i ranije na\u0161u HD opremu stavili\u00a0 u funkciju, me\u0111utim kako smo posve\u0107eni prije svega borbi protiv pandemije koronavirusa ovaj fini doga\u0111aj na ovaj na\u010din smo ga realizirali tek danas\u201c, rekao je direktor Softi\u0107.<\/p>\n<p>Osim vlastitih sredstava koja su izdvojena za ovaj projekat, predstavnici Televizije su zahvalnost na podr\u0161ci izrazili i Vladi i Skup\u0161tini TK, Federalnom ministarstvu za povratak, poslovnim partnerima, gra\u0111anima TK, odnosno gledateljima i slu\u0161ateljima programa, zbog \u010dega \u0107e se i dalje truditi da budu najbolji i ostanemo \u201enajbli\u017ei vama\u201c.<\/p>\n","protected":false},"excerpt":{"rendered":"<p>Danas je sve\u010dano u rad pu\u0161tena oprema visoke rezolucije (HD), \u010dime je omogu\u0107eno emitovanje savremenog&hellip;<\/p>\n","protected":false},"author":2,"featured_media":135171,"comment_status":"open","ping_status":"closed","sticky":false,"template":"","format":"standard","meta":{"_acf_changed":false,"footnotes":""},"categories":[12],"tags":[414],"acf":[],"yoast_head":"<!-- This site is optimized with the Yoast SEO plugin v23.5 - https:\/\/yoast.com\/wordpress\/plugins\/seo\/ -->\n<title>Investicija vrijedna 150.000 KM: Na RTV TK sve\u010dano pu\u0161tena u rad HD oprema - TuzlaInfo.ba<\/title>\n<meta name=\"robots\" content=\"index, follow, max-snippet:-1, max-image-preview:large, max-video-preview:-1\" \/>\n<link rel=\"canonical\" href=\"https:\/\/tuzlainfo.ba\/index.php\/novosti\/item\/135170-investicija-vrijedna-150-000-km-na-rtv-tk-svecano-pustena-u-rad-hd-oprema\/\" \/>\n<meta property=\"og:locale\" content=\"bs_BA\" \/>\n<meta property=\"og:type\" content=\"article\" \/>\n<meta property=\"og:title\" content=\"Investicija vrijedna 150.000 KM: Na RTV TK sve\u010dano pu\u0161tena u rad HD oprema - TuzlaInfo.ba\" \/>\n<meta property=\"og:description\" content=\"Danas je sve\u010dano u rad pu\u0161tena oprema visoke rezolucije (HD), \u010dime je omogu\u0107eno emitovanje savremenog&hellip;\" \/>\n<meta property=\"og:url\" content=\"https:\/\/tuzlainfo.ba\/index.php\/novosti\/item\/135170-investicija-vrijedna-150-000-km-na-rtv-tk-svecano-pustena-u-rad-hd-oprema\/\" \/>\n<meta property=\"og:site_name\" content=\"TuzlaInfo.ba\" \/>\n<meta property=\"article:publisher\" content=\"https:\/\/www.facebook.com\/tuzlainfo.ba\/\" \/>\n<meta property=\"article:published_time\" content=\"2021-04-09T15:45:29+00:00\" \/>\n<meta property=\"article:modified_time\" content=\"2021-04-09T13:02:57+00:00\" \/>\n<meta property=\"og:image\" content=\"https:\/\/tuzlainfo.ba\/wp-content\/uploads\/2021\/04\/0904_RTVTK_HD.jpg\" \/>\n\t<meta property=\"og:image:width\" content=\"1100\" \/>\n\t<meta property=\"og:image:height\" content=\"825\" \/>\n\t<meta property=\"og:image:type\" content=\"image\/jpeg\" \/>\n<meta name=\"author\" content=\"nedim\" \/>\n<meta name=\"twitter:card\" content=\"summary_large_image\" \/>\n<meta name=\"twitter:label1\" content=\"Written by\" \/>\n\t<meta name=\"twitter:data1\" content=\"nedim\" \/>\n\t<meta name=\"twitter:label2\" content=\"Est. reading time\" \/>\n\t<meta name=\"twitter:data2\" content=\"2 minute\" \/>\n<script type=\"application\/ld+json\" class=\"yoast-schema-graph\">{\"@context\":\"https:\/\/schema.org\",\"@graph\":[{\"@type\":\"Article\",\"@id\":\"https:\/\/tuzlainfo.ba\/index.php\/novosti\/item\/135170-investicija-vrijedna-150-000-km-na-rtv-tk-svecano-pustena-u-rad-hd-oprema\/#article\",\"isPartOf\":{\"@id\":\"https:\/\/tuzlainfo.ba\/index.php\/novosti\/item\/135170-investicija-vrijedna-150-000-km-na-rtv-tk-svecano-pustena-u-rad-hd-oprema\/\"},\"author\":{\"name\":\"nedim\",\"@id\":\"https:\/\/tuzlainfo.ba\/#\/schema\/person\/f434e20dc27ea133923aab08451b7f7f\"},\"headline\":\"Investicija vrijedna 150.000 KM: Na RTV TK sve\u010dano pu\u0161tena u rad HD oprema\",\"datePublished\":\"2021-04-09T15:45:29+00:00\",\"dateModified\":\"2021-04-09T13:02:57+00:00\",\"mainEntityOfPage\":{\"@id\":\"https:\/\/tuzlainfo.ba\/index.php\/novosti\/item\/135170-investicija-vrijedna-150-000-km-na-rtv-tk-svecano-pustena-u-rad-hd-oprema\/\"},\"wordCount\":480,\"commentCount\":0,\"publisher\":{\"@id\":\"https:\/\/tuzlainfo.ba\/#organization\"},\"image\":{\"@id\":\"https:\/\/tuzlainfo.ba\/index.php\/novosti\/item\/135170-investicija-vrijedna-150-000-km-na-rtv-tk-svecano-pustena-u-rad-hd-oprema\/#primaryimage\"},\"thumbnailUrl\":\"https:\/\/tuzlainfo.ba\/wp-content\/uploads\/2021\/04\/0904_RTVTK_HD.jpg\",\"keywords\":[\"RTVTK\"],\"articleSection\":[\"Novosti\"],\"inLanguage\":\"bs-BA\"},{\"@type\":\"WebPage\",\"@id\":\"https:\/\/tuzlainfo.ba\/index.php\/novosti\/item\/135170-investicija-vrijedna-150-000-km-na-rtv-tk-svecano-pustena-u-rad-hd-oprema\/\",\"url\":\"https:\/\/tuzlainfo.ba\/index.php\/novosti\/item\/135170-investicija-vrijedna-150-000-km-na-rtv-tk-svecano-pustena-u-rad-hd-oprema\/\",\"name\":\"Investicija vrijedna 150.000 KM: Na RTV TK sve\u010dano pu\u0161tena u rad HD oprema - TuzlaInfo.ba\",\"isPartOf\":{\"@id\":\"https:\/\/tuzlainfo.ba\/#website\"},\"primaryImageOfPage\":{\"@id\":\"https:\/\/tuzlainfo.ba\/index.php\/novosti\/item\/135170-investicija-vrijedna-150-000-km-na-rtv-tk-svecano-pustena-u-rad-hd-oprema\/#primaryimage\"},\"image\":{\"@id\":\"https:\/\/tuzlainfo.ba\/index.php\/novosti\/item\/135170-investicija-vrijedna-150-000-km-na-rtv-tk-svecano-pustena-u-rad-hd-oprema\/#primaryimage\"},\"thumbnailUrl\":\"https:\/\/tuzlainfo.ba\/wp-content\/uploads\/2021\/04\/0904_RTVTK_HD.jpg\",\"datePublished\":\"2021-04-09T15:45:29+00:00\",\"dateModified\":\"2021-04-09T13:02:57+00:00\",\"breadcrumb\":{\"@id\":\"https:\/\/tuzlainfo.ba\/index.php\/novosti\/item\/135170-investicija-vrijedna-150-000-km-na-rtv-tk-svecano-pustena-u-rad-hd-oprema\/#breadcrumb\"},\"inLanguage\":\"bs-BA\",\"potentialAction\":[{\"@type\":\"ReadAction\",\"target\":[\"https:\/\/tuzlainfo.ba\/index.php\/novosti\/item\/135170-investicija-vrijedna-150-000-km-na-rtv-tk-svecano-pustena-u-rad-hd-oprema\/\"]}]},{\"@type\":\"ImageObject\",\"inLanguage\":\"bs-BA\",\"@id\":\"https:\/\/tuzlainfo.ba\/index.php\/novosti\/item\/135170-investicija-vrijedna-150-000-km-na-rtv-tk-svecano-pustena-u-rad-hd-oprema\/#primaryimage\",\"url\":\"https:\/\/tuzlainfo.ba\/wp-content\/uploads\/2021\/04\/0904_RTVTK_HD.jpg\",\"contentUrl\":\"https:\/\/tuzlainfo.ba\/wp-content\/uploads\/2021\/04\/0904_RTVTK_HD.jpg\",\"width\":1100,\"height\":825},{\"@type\":\"BreadcrumbList\",\"@id\":\"https:\/\/tuzlainfo.ba\/index.php\/novosti\/item\/135170-investicija-vrijedna-150-000-km-na-rtv-tk-svecano-pustena-u-rad-hd-oprema\/#breadcrumb\",\"itemListElement\":[{\"@type\":\"ListItem\",\"position\":1,\"name\":\"Home\",\"item\":\"https:\/\/tuzlainfo.ba\/\"},{\"@type\":\"ListItem\",\"position\":2,\"name\":\"Investicija vrijedna 150.000 KM: Na RTV TK sve\u010dano pu\u0161tena u rad HD oprema\"}]},{\"@type\":\"WebSite\",\"@id\":\"https:\/\/tuzlainfo.ba\/#website\",\"url\":\"https:\/\/tuzlainfo.ba\/\",\"name\":\"TuzlaInfo.ba\",\"description\":\"Tuzla info, gradski informator - Tuzla na dlanu\",\"publisher\":{\"@id\":\"https:\/\/tuzlainfo.ba\/#organization\"},\"potentialAction\":[{\"@type\":\"SearchAction\",\"target\":{\"@type\":\"EntryPoint\",\"urlTemplate\":\"https:\/\/tuzlainfo.ba\/?s={search_term_string}\"},\"query-input\":{\"@type\":\"PropertyValueSpecification\",\"valueRequired\":true,\"valueName\":\"search_term_string\"}}],\"inLanguage\":\"bs-BA\"},{\"@type\":\"Organization\",\"@id\":\"https:\/\/tuzlainfo.ba\/#organization\",\"name\":\"TuzlaInfo.ba\",\"url\":\"https:\/\/tuzlainfo.ba\/\",\"logo\":{\"@type\":\"ImageObject\",\"inLanguage\":\"bs-BA\",\"@id\":\"https:\/\/tuzlainfo.ba\/#\/schema\/logo\/image\/\",\"url\":\"https:\/\/tuzlainfo.ba\/wp-content\/uploads\/2021\/03\/logo-ver-3-1.png\",\"contentUrl\":\"https:\/\/tuzlainfo.ba\/wp-content\/uploads\/2021\/03\/logo-ver-3-1.png\",\"width\":350,\"height\":95,\"caption\":\"TuzlaInfo.ba\"},\"image\":{\"@id\":\"https:\/\/tuzlainfo.ba\/#\/schema\/logo\/image\/\"},\"sameAs\":[\"https:\/\/www.facebook.com\/tuzlainfo.ba\/\"]},{\"@type\":\"Person\",\"@id\":\"https:\/\/tuzlainfo.ba\/#\/schema\/person\/f434e20dc27ea133923aab08451b7f7f\",\"name\":\"nedim\",\"image\":{\"@type\":\"ImageObject\",\"inLanguage\":\"bs-BA\",\"@id\":\"https:\/\/tuzlainfo.ba\/#\/schema\/person\/image\/\",\"url\":\"https:\/\/tuzlainfo.ba\/wp-content\/litespeed\/avatar\/aabad687af24844af817603ac1cbdc4f.jpg?ver=1776702173\",\"contentUrl\":\"https:\/\/tuzlainfo.ba\/wp-content\/litespeed\/avatar\/aabad687af24844af817603ac1cbdc4f.jpg?ver=1776702173\",\"caption\":\"nedim\"},\"description\":\"Tuzlainfo.ba pratite na dru\u0161tvenim mre\u017eama: Facebook, Instagram i Youtube. Svoje pri\u010de, upite i fotografije \u0161aljite na na\u0161u e-mail adresu.\"}]}<\/script>\n<!-- \/ Yoast SEO plugin. -->","yoast_head_json":{"title":"Investicija vrijedna 150.000 KM: Na RTV TK sve\u010dano pu\u0161tena u rad HD oprema - TuzlaInfo.ba","robots":{"index":"index","follow":"follow","max-snippet":"max-snippet:-1","max-image-preview":"max-image-preview:large","max-video-preview":"max-video-preview:-1"},"canonical":"https:\/\/tuzlainfo.ba\/index.php\/novosti\/item\/135170-investicija-vrijedna-150-000-km-na-rtv-tk-svecano-pustena-u-rad-hd-oprema\/","og_locale":"bs_BA","og_type":"article","og_title":"Investicija vrijedna 150.000 KM: Na RTV TK sve\u010dano pu\u0161tena u rad HD oprema - TuzlaInfo.ba","og_description":"Danas je sve\u010dano u rad pu\u0161tena oprema visoke rezolucije (HD), \u010dime je omogu\u0107eno emitovanje savremenog&hellip;","og_url":"https:\/\/tuzlainfo.ba\/index.php\/novosti\/item\/135170-investicija-vrijedna-150-000-km-na-rtv-tk-svecano-pustena-u-rad-hd-oprema\/","og_site_name":"TuzlaInfo.ba","article_publisher":"https:\/\/www.facebook.com\/tuzlainfo.ba\/","article_published_time":"2021-04-09T15:45:29+00:00","article_modified_time":"2021-04-09T13:02:57+00:00","og_image":[{"width":1100,"height":825,"url":"https:\/\/tuzlainfo.ba\/wp-content\/uploads\/2021\/04\/0904_RTVTK_HD.jpg","type":"image\/jpeg"}],"author":"nedim","twitter_card":"summary_large_image","twitter_misc":{"Written by":"nedim","Est. reading time":"2 minute"},"schema":{"@context":"https:\/\/schema.org","@graph":[{"@type":"Article","@id":"https:\/\/tuzlainfo.ba\/index.php\/novosti\/item\/135170-investicija-vrijedna-150-000-km-na-rtv-tk-svecano-pustena-u-rad-hd-oprema\/#article","isPartOf":{"@id":"https:\/\/tuzlainfo.ba\/index.php\/novosti\/item\/135170-investicija-vrijedna-150-000-km-na-rtv-tk-svecano-pustena-u-rad-hd-oprema\/"},"author":{"name":"nedim","@id":"https:\/\/tuzlainfo.ba\/#\/schema\/person\/f434e20dc27ea133923aab08451b7f7f"},"headline":"Investicija vrijedna 150.000 KM: Na RTV TK sve\u010dano pu\u0161tena u rad HD oprema","datePublished":"2021-04-09T15:45:29+00:00","dateModified":"2021-04-09T13:02:57+00:00","mainEntityOfPage":{"@id":"https:\/\/tuzlainfo.ba\/index.php\/novosti\/item\/135170-investicija-vrijedna-150-000-km-na-rtv-tk-svecano-pustena-u-rad-hd-oprema\/"},"wordCount":480,"commentCount":0,"publisher":{"@id":"https:\/\/tuzlainfo.ba\/#organization"},"image":{"@id":"https:\/\/tuzlainfo.ba\/index.php\/novosti\/item\/135170-investicija-vrijedna-150-000-km-na-rtv-tk-svecano-pustena-u-rad-hd-oprema\/#primaryimage"},"thumbnailUrl":"https:\/\/tuzlainfo.ba\/wp-content\/uploads\/2021\/04\/0904_RTVTK_HD.jpg","keywords":["RTVTK"],"articleSection":["Novosti"],"inLanguage":"bs-BA"},{"@type":"WebPage","@id":"https:\/\/tuzlainfo.ba\/index.php\/novosti\/item\/135170-investicija-vrijedna-150-000-km-na-rtv-tk-svecano-pustena-u-rad-hd-oprema\/","url":"https:\/\/tuzlainfo.ba\/index.php\/novosti\/item\/135170-investicija-vrijedna-150-000-km-na-rtv-tk-svecano-pustena-u-rad-hd-oprema\/","name":"Investicija vrijedna 150.000 KM: Na RTV TK sve\u010dano pu\u0161tena u rad HD oprema - TuzlaInfo.ba","isPartOf":{"@id":"https:\/\/tuzlainfo.ba\/#website"},"primaryImageOfPage":{"@id":"https:\/\/tuzlainfo.ba\/index.php\/novosti\/item\/135170-investicija-vrijedna-150-000-km-na-rtv-tk-svecano-pustena-u-rad-hd-oprema\/#primaryimage"},"image":{"@id":"https:\/\/tuzlainfo.ba\/index.php\/novosti\/item\/135170-investicija-vrijedna-150-000-km-na-rtv-tk-svecano-pustena-u-rad-hd-oprema\/#primaryimage"},"thumbnailUrl":"https:\/\/tuzlainfo.ba\/wp-content\/uploads\/2021\/04\/0904_RTVTK_HD.jpg","datePublished":"2021-04-09T15:45:29+00:00","dateModified":"2021-04-09T13:02:57+00:00","breadcrumb":{"@id":"https:\/\/tuzlainfo.ba\/index.php\/novosti\/item\/135170-investicija-vrijedna-150-000-km-na-rtv-tk-svecano-pustena-u-rad-hd-oprema\/#breadcrumb"},"inLanguage":"bs-BA","potentialAction":[{"@type":"ReadAction","target":["https:\/\/tuzlainfo.ba\/index.php\/novosti\/item\/135170-investicija-vrijedna-150-000-km-na-rtv-tk-svecano-pustena-u-rad-hd-oprema\/"]}]},{"@type":"ImageObject","inLanguage":"bs-BA","@id":"https:\/\/tuzlainfo.ba\/index.php\/novosti\/item\/135170-investicija-vrijedna-150-000-km-na-rtv-tk-svecano-pustena-u-rad-hd-oprema\/#primaryimage","url":"https:\/\/tuzlainfo.ba\/wp-content\/uploads\/2021\/04\/0904_RTVTK_HD.jpg","contentUrl":"https:\/\/tuzlainfo.ba\/wp-content\/uploads\/2021\/04\/0904_RTVTK_HD.jpg","width":1100,"height":825},{"@type":"BreadcrumbList","@id":"https:\/\/tuzlainfo.ba\/index.php\/novosti\/item\/135170-investicija-vrijedna-150-000-km-na-rtv-tk-svecano-pustena-u-rad-hd-oprema\/#breadcrumb","itemListElement":[{"@type":"ListItem","position":1,"name":"Home","item":"https:\/\/tuzlainfo.ba\/"},{"@type":"ListItem","position":2,"name":"Investicija vrijedna 150.000 KM: Na RTV TK sve\u010dano pu\u0161tena u rad HD oprema"}]},{"@type":"WebSite","@id":"https:\/\/tuzlainfo.ba\/#website","url":"https:\/\/tuzlainfo.ba\/","name":"TuzlaInfo.ba","description":"Tuzla info, gradski informator - Tuzla na dlanu","publisher":{"@id":"https:\/\/tuzlainfo.ba\/#organization"},"potentialAction":[{"@type":"SearchAction","target":{"@type":"EntryPoint","urlTemplate":"https:\/\/tuzlainfo.ba\/?s={search_term_string}"},"query-input":{"@type":"PropertyValueSpecification","valueRequired":true,"valueName":"search_term_string"}}],"inLanguage":"bs-BA"},{"@type":"Organization","@id":"https:\/\/tuzlainfo.ba\/#organization","name":"TuzlaInfo.ba","url":"https:\/\/tuzlainfo.ba\/","logo":{"@type":"ImageObject","inLanguage":"bs-BA","@id":"https:\/\/tuzlainfo.ba\/#\/schema\/logo\/image\/","url":"https:\/\/tuzlainfo.ba\/wp-content\/uploads\/2021\/03\/logo-ver-3-1.png","contentUrl":"https:\/\/tuzlainfo.ba\/wp-content\/uploads\/2021\/03\/logo-ver-3-1.png","width":350,"height":95,"caption":"TuzlaInfo.ba"},"image":{"@id":"https:\/\/tuzlainfo.ba\/#\/schema\/logo\/image\/"},"sameAs":["https:\/\/www.facebook.com\/tuzlainfo.ba\/"]},{"@type":"Person","@id":"https:\/\/tuzlainfo.ba\/#\/schema\/person\/f434e20dc27ea133923aab08451b7f7f","name":"nedim","image":{"@type":"ImageObject","inLanguage":"bs-BA","@id":"https:\/\/tuzlainfo.ba\/#\/schema\/person\/image\/","url":"https:\/\/tuzlainfo.ba\/wp-content\/litespeed\/avatar\/aabad687af24844af817603ac1cbdc4f.jpg?ver=1776702173","contentUrl":"https:\/\/tuzlainfo.ba\/wp-content\/litespeed\/avatar\/aabad687af24844af817603ac1cbdc4f.jpg?ver=1776702173","caption":"nedim"},"description":"Tuzlainfo.ba pratite na dru\u0161tvenim mre\u017eama: Facebook, Instagram i Youtube. Svoje pri\u010de, upite i fotografije \u0161aljite na na\u0161u e-mail adresu."}]}},"_links":{"self":[{"href":"https:\/\/tuzlainfo.ba\/index.php\/wp-json\/wp\/v2\/posts\/135170"}],"collection":[{"href":"https:\/\/tuzlainfo.ba\/index.php\/wp-json\/wp\/v2\/posts"}],"about":[{"href":"https:\/\/tuzlainfo.ba\/index.php\/wp-json\/wp\/v2\/types\/post"}],"author":[{"embeddable":true,"href":"https:\/\/tuzlainfo.ba\/index.php\/wp-json\/wp\/v2\/users\/2"}],"replies":[{"embeddable":true,"href":"https:\/\/tuzlainfo.ba\/index.php\/wp-json\/wp\/v2\/comments?post=135170"}],"version-history":[{"count":0,"href":"https:\/\/tuzlainfo.ba\/index.php\/wp-json\/wp\/v2\/posts\/135170\/revisions"}],"wp:featuredmedia":[{"embeddable":true,"href":"https:\/\/tuzlainfo.ba\/index.php\/wp-json\/wp\/v2\/media\/135171"}],"wp:attachment":[{"href":"https:\/\/tuzlainfo.ba\/index.php\/wp-json\/wp\/v2\/media?parent=135170"}],"wp:term":[{"taxonomy":"category","embeddable":true,"href":"https:\/\/tuzlainfo.ba\/index.php\/wp-json\/wp\/v2\/categories?post=135170"},{"taxonomy":"post_tag","embeddable":true,"href":"https:\/\/tuzlainfo.ba\/index.php\/wp-json\/wp\/v2\/tags?post=135170"}],"curies":[{"name":"wp","href":"https:\/\/api.w.org\/{rel}","templated":true}]}}