{"id":135168,"date":"2021-04-09T14:40:00","date_gmt":"2021-04-09T12:40:00","guid":{"rendered":"https:\/\/tuzlainfo.ba\/?p=135168"},"modified":"2021-04-09T14:40:00","modified_gmt":"2021-04-09T12:40:00","slug":"tuzlanski-kanton-produzeno-vazenje-aktualnih-naredbi-donesene-nove-preporuke","status":"publish","type":"post","link":"https:\/\/tuzlainfo.ba\/index.php\/novosti\/item\/135168-tuzlanski-kanton-produzeno-vazenje-aktualnih-naredbi-donesene-nove-preporuke\/","title":{"rendered":"Tuzlanski kanton: Produ\u017eeno va\u017eenje aktualnih naredbi, donesene nove preporuke"},"content":{"rendered":"<p>Na danas odr\u017eanoj vanrednoj sjednici Vlada usvojila Naredbu Kriznog \u0161taba Ministarstva zdravstva Tuzlanskog kantona predlo\u017eena na dana\u0161njoj sjednici \u0161taba, a kojom se usvajaju se naredbe i preporuke Kriznog \u0161taba Federalnog ministarstva zdravstva.<\/p>\n<p>Naredbe i preporuke donesene od strane Kriznog \u0161taba Ministarstva zdravstva Tuzlanskog kantona donesene u ranijem periodu, koje se odnose na ugostiteljske objekte i javni prijevoz, ostaju na snazi do daljnjeg. Posjete domovima za stara i iznemogla lica na podru\u010dju Tuzlanskog kantona obustavljaju se do daljnjeg. Do daljnjeg se nastavlja i obustava izvo\u0111enja prakti\u010dne nastave za sve u\u010denike i studente koju istu obavljaju u javnim i privatnim zdravstvenim ustanovama na podru\u010dju Tuzlanskog kantona osim za studente XII semestra Medicinskog fakulteta (klini\u010dki sta\u017e). Obustavlja se i dalje izvo\u0111enje hladnog operativnog programa u svim javnim i privatnim zdravstvenim ustanovama bolni\u010dkog nivoa na podru\u010dju Tuzlanskog kantona.<\/p>\n<p>Od Kantonalne uprave za inspekcijske poslove Tuzlanskog kantona je zatra\u017eeno da izvr\u0161i poja\u010danu kontrolu po\u0161tivanja naredbe, koja se odnosi na zabranu izvo\u0111enja hladnog operativnog programa u svim javnim i privatnim zdravstvenim ustanovama bolni\u010dkog nivoa na podru\u010dju Tuzlanskog kantona, te da o obavljenoj kontroli izvijesti Ministarstvo zdravstva Tuzlanskog kantona u roku od 15 dana.<\/p>\n<p>Tako\u0111er je zatra\u017eeno da Kantonalna uprave za inspekcijske poslove predlo\u017ei izmjenu zakonskih rje\u0161enja u oblasti inspekcijske djelatnosti koja bi omogu\u0107ila ja\u010danje kapaciteta navedenih institucija u kontroli provedbe epidemiolo\u0161kih mjera, a od Uprave i nadle\u017enih gradskih\/op\u0107inskih inspekcija i Uprave policije Tuzlanskog kantona tra\u017ei se nastavak intenzivnih aktivnosti u smislu kontrole provedbe donesenih naredbi, sa akcentom na kladionice, ugostiteljske objekte.<\/p>\n<p>Pru\u017eanje specijalisti\u010dko \u2013 konsultativnih zdravstvenih usluga bolni\u010dkog i vanbolni\u010dkog nivoa treba obezbjediti u skladu sa potrebama gra\u0111ana, uz uva\u017eavanje ljudskih i tehni\u010dkih mogu\u0107nosti ustanova u trenutnim epidemiolo\u0161kim uvjetima.<\/p>\n<p>Od svih javnih i privatnih zdravstvenih ustanova je zatra\u017eeno da tokom radnog procesa striktno po\u0161tuju i nadziru preporu\u010dene epidemiolo\u0161ke mjere, uklju\u010duju\u0107i i prisustvo pacijenata na otvorenom prostoru van objekata.<\/p>\n<p>Ministarstvo obrazovanja i nauke da \u0107e osigurati da se na univerzitetima, visoko\u0161kolskim ustanovama, u srednjim \u0161kolama i osnovnim \u0161kolama (redovne i paralelne osnovne i srednje \u0161kole) za razrede od 6. do 9. primjenjuje online model organiziranja nastave. Nastava u osnovnim \u0161kolama od razreda 1. do 5. \u0107e se odvijati po ranije utvr\u0111enom principu rada. Pred\u0161kolske ustanove i ustanove za rad sa djecom sa posebnim potrebama nastavljaju sa radom.<\/p>\n<p>Zabranjuje se obavljanje svih vannastavnih aktivnosti (dodatna nastava, kursevi, \u0161kole stranih jezika, treninzi u zatvorenom prostoru i sl.). Preporu\u010duje se upotreba online alata za edukaciju, te organizovanje trena\u017enih procesa na otvorenom.<\/p>\n<p>Zabranjene do daljnjeg ostaju i sportsko rekreativne aktivnosti u zatvorenom prostoru izuzimaju\u0107i treninge i takmi\u010denja sportskih klubova koji u\u010destvuju u takmi\u010denjima na kantonalnom, federalnom i dr\u017eavnom nivou.<\/p>\n<p>Od svih javnih zdravstvenih ustanova na teritoriji Tuzlanskog kantona je zatra\u017eeno da osiguraju mogu\u0107nost uzimanja briseva na SARS-CoV-2 svih sedam dana u sedmici, u skladu sa potrebama gra\u0111ana, kapacitetima ustanova i procjenom higijensko-epidemiolo\u0161kih slu\u017ebi.<\/p>\n<p>Preporu\u010duje se nadle\u017enim kantonalnim organima, kao i gradovima i op\u0107inama na podru\u010dju Tuzlanskog kantona, kao osniva\u010dima zdravstvenih ustanova da, hitno izna\u0111u na\u010dine finansiranja i omogu\u0107e anga\u017eovanje raspolo\u017eivih, a potrebnih zdravstvenih radnika u zdravstvene ustanove na podru\u010dju Tuzlanskog kantona, u skladu sa sistematizacijom i potrebama ustanova, kroz raspolo\u017eive modalitete prijema u uvjetima pandemije, uz saglasnost osniva\u010da.<\/p>\n<p>Tra\u017ei se od gradova i op\u0107ina na podru\u010dju Tuzlanskog kantona da, u skladu sa naredbom o standardima i normativima zdravstvene za\u0161tite iz obaveznog zdravstvenog osiguranja,preuzmu dio finansiranja higijensko-epidemiolo\u0161ke djelatnosti u zdravstvenim ustanovama \u010diji su osniva\u010di (do 10 %).<\/p>\n<p>Tako\u0111er, od jedinica lokalne samouprave na podru\u010dju Tuzlanskog kantona je zatra\u017eeno da hitno pristupe zapo\u0161ljavanju potrebnog broja sanitarnih inspektora.<\/p>\n<p>Preporu\u010duje se nadle\u017enim kantonalnim organima da obezbijede finansijska sredstva za nabavku potro\u0161nog i drugog materijala i opreme neophodnog za okon\u010danje procesa vakcinacije stanovni\u0161tva na podru\u010dju Tuzlanskog kantona.<\/p>\n<p>Tra\u017ei se od Ministarstva trgovine, turizma i saobra\u0107aja da, u saradnji sa autoprijevoznicima, razmotri mogu\u0107nost uvo\u0111enja dodatnih linija javnog prijevoza radi smanjenja epidemiolo\u0161kog rizika.<\/p>\n<p>Nala\u017ee se privatnim zdravstvenim ustanovama na teritoriji Tuzlanskog kantona koje obavljaju bolni\u010dki tip lije\u010denja da u skladu sa odredbama Federalnog ministarstva zdravstva osiguraju 30% kapaciteta za smje\u0161taj COVID pacijenata.<\/p>\n<p>Od medija \u010diji su osniva\u010di Kanton, gradovi i op\u0107ine je zatra\u017eeno da, u skladu sa mogu\u0107nostima, u \u0161to kra\u0107em roku sa\u010dine proaktivnu medijsku kampanju koja se odnosi na popularizaciju preventivnih epidemiolo\u0161kih mjera i promociju vakcinacije, te istu u\u010dine dostupnom svim drugim medijima za prezentaciju.<\/p>\n<p>I dalje je zabranjeno izvo\u0111enje muzike u\u017eivo u ugostiteljskim objektima na teritoriji Tuzlanskog kantona, kao i konzumacija nargile u ugostiteljskim objektima.<\/p>\n<p>Ugostiteljskim objektima se preporu\u010duje dominantno kori\u0161tenje kapaciteta na otvorenom (ba\u0161te) uz po\u0161tivanje va\u017ee\u0107ih epidemiolo\u0161kih mjera.<\/p>\n<p>Nala\u017ee se inspekcijskim organima kontrola aktivnosti u oblasti usluga PCR testiranja u javnim i privatnim ustanovama, a u smislu prijave podataka o broju dnevno testiranih pacijenata prema Zavodu za javno zdravstvo Tuzlanskog kantona, kao i podataka o pozitivnim slu\u010dajeva nadle\u017enim HE slu\u017ebama.<\/p>\n<p>Od inspekcijskih organa je zatra\u017eeno i da poja\u010daju nadzor u provo\u0111enju va\u017ee\u0107ih epidemiolo\u0161kih mjera i u privrednim subjektima koji zapo\u0161ljavaju ve\u0107i broj ljudi. Navedeno se naro\u010dito odnosi na one dijelove organizacije rada gdje dolazi do izrazitih kr\u0161enja epidemiolo\u0161kih mjera (dolazak na posao, odlazak, radni proces).<\/p>\n<p>Od Uprave policije Tuzlanskog kantona je zatra\u017een poja\u010dani nadzor osoba kojima je izre\u010dena mjera izolacije\/zdravstvenog nadzora od nadle\u017enih organa u smislu po\u0161tivanje izre\u010dene mjere.<\/p>\n<p>Nare\u0111uje se svim javnim zdravstvenim ustanovama da vr\u0161e postupak vakcinacije svih gra\u0111ana sa teritorije grada\/op\u0107ine, bez obzira na status njihovog osiguranja.<\/p>\n<p>Tra\u017ei se od gradona\u010delnika\/na\u010delnika svih lokalnih samouprava da aktiviraju rad kriznih \u0161tabova na lokalnom nivou, \u0161to se naro\u010dito odnosi na potrebu materijalne, logisti\u010dke i druge podr\u0161ke za realizaciju procesa masovne vakcinacije.<\/p>\n<p>Tako\u0111er, Vlada Tuzlanskog kantona zahtijeva se od nadle\u017enih institucija dr\u017eave BiH promptno djelovanje u smislu uvo\u0111enja obaveze posjedovanja negativnog PCR testa starog maksimalno 48 sati, ili dokaza o prebolovanoj bolesti ili serolo\u0161kog nalaza koji to potvr\u0111uje datumom izdavanje ne starijim od 6 mjeseci, za ulazak na teritoriju BiH, za sve strane dr\u017eavljane i dr\u017eavljane BiH koji imaju prebivali\u0161te u drugim dr\u017eavama.<\/p>\n<p>Dana\u0161nje naredbe se primjenjuju od 10.04.2021. godine, a va\u017ee do petka, 16.04.2021. godine.<\/p>\n","protected":false},"excerpt":{"rendered":"<p>Na danas odr\u017eanoj vanrednoj sjednici Vlada usvojila Naredbu Kriznog \u0161taba Ministarstva zdravstva Tuzlanskog kantona predlo\u017eena&hellip;<\/p>\n","protected":false},"author":2,"featured_media":81478,"comment_status":"open","ping_status":"closed","sticky":false,"template":"","format":"standard","meta":{"_acf_changed":false,"footnotes":""},"categories":[304,12],"tags":[407,413,360,336],"acf":[],"yoast_head":"<!-- This site is optimized with the Yoast SEO plugin v23.5 - https:\/\/yoast.com\/wordpress\/plugins\/seo\/ -->\n<title>Tuzlanski kanton: Produ\u017eeno va\u017eenje aktualnih naredbi, donesene nove preporuke - TuzlaInfo.ba<\/title>\n<meta name=\"robots\" content=\"index, follow, max-snippet:-1, max-image-preview:large, max-video-preview:-1\" \/>\n<link rel=\"canonical\" href=\"https:\/\/tuzlainfo.ba\/index.php\/novosti\/item\/135168-tuzlanski-kanton-produzeno-vazenje-aktualnih-naredbi-donesene-nove-preporuke\/\" \/>\n<meta property=\"og:locale\" content=\"bs_BA\" \/>\n<meta property=\"og:type\" content=\"article\" \/>\n<meta property=\"og:title\" content=\"Tuzlanski kanton: Produ\u017eeno va\u017eenje aktualnih naredbi, donesene nove preporuke - TuzlaInfo.ba\" \/>\n<meta property=\"og:description\" content=\"Na danas odr\u017eanoj vanrednoj sjednici Vlada usvojila Naredbu Kriznog \u0161taba Ministarstva zdravstva Tuzlanskog kantona predlo\u017eena&hellip;\" \/>\n<meta property=\"og:url\" content=\"https:\/\/tuzlainfo.ba\/index.php\/novosti\/item\/135168-tuzlanski-kanton-produzeno-vazenje-aktualnih-naredbi-donesene-nove-preporuke\/\" \/>\n<meta property=\"og:site_name\" content=\"TuzlaInfo.ba\" \/>\n<meta property=\"article:publisher\" content=\"https:\/\/www.facebook.com\/tuzlainfo.ba\/\" \/>\n<meta property=\"article:published_time\" content=\"2021-04-09T12:40:00+00:00\" \/>\n<meta property=\"og:image\" content=\"https:\/\/tuzlainfo.ba\/wp-content\/uploads\/2020\/08\/sadrzaj_2018_2018_01_Tuzla_0308_mesa_ismet.jpg\" \/>\n\t<meta property=\"og:image:width\" content=\"770\" \/>\n\t<meta property=\"og:image:height\" content=\"433\" \/>\n\t<meta property=\"og:image:type\" content=\"image\/jpeg\" \/>\n<meta name=\"author\" content=\"nedim\" \/>\n<meta name=\"twitter:card\" content=\"summary_large_image\" \/>\n<meta name=\"twitter:label1\" content=\"Written by\" \/>\n\t<meta name=\"twitter:data1\" content=\"nedim\" \/>\n\t<meta name=\"twitter:label2\" content=\"Est. reading time\" \/>\n\t<meta name=\"twitter:data2\" content=\"6 minuta\" \/>\n<script type=\"application\/ld+json\" class=\"yoast-schema-graph\">{\"@context\":\"https:\/\/schema.org\",\"@graph\":[{\"@type\":\"Article\",\"@id\":\"https:\/\/tuzlainfo.ba\/index.php\/novosti\/item\/135168-tuzlanski-kanton-produzeno-vazenje-aktualnih-naredbi-donesene-nove-preporuke\/#article\",\"isPartOf\":{\"@id\":\"https:\/\/tuzlainfo.ba\/index.php\/novosti\/item\/135168-tuzlanski-kanton-produzeno-vazenje-aktualnih-naredbi-donesene-nove-preporuke\/\"},\"author\":{\"name\":\"nedim\",\"@id\":\"https:\/\/tuzlainfo.ba\/#\/schema\/person\/f434e20dc27ea133923aab08451b7f7f\"},\"headline\":\"Tuzlanski kanton: Produ\u017eeno va\u017eenje aktualnih naredbi, donesene nove preporuke\",\"datePublished\":\"2021-04-09T12:40:00+00:00\",\"dateModified\":\"2021-04-09T12:40:00+00:00\",\"mainEntityOfPage\":{\"@id\":\"https:\/\/tuzlainfo.ba\/index.php\/novosti\/item\/135168-tuzlanski-kanton-produzeno-vazenje-aktualnih-naredbi-donesene-nove-preporuke\/\"},\"wordCount\":1131,\"commentCount\":0,\"publisher\":{\"@id\":\"https:\/\/tuzlainfo.ba\/#organization\"},\"image\":{\"@id\":\"https:\/\/tuzlainfo.ba\/index.php\/novosti\/item\/135168-tuzlanski-kanton-produzeno-vazenje-aktualnih-naredbi-donesene-nove-preporuke\/#primaryimage\"},\"thumbnailUrl\":\"https:\/\/tuzlainfo.ba\/wp-content\/uploads\/2020\/08\/sadrzaj_2018_2018_01_Tuzla_0308_mesa_ismet.jpg\",\"keywords\":[\"covid\",\"naredbe\",\"tuzlanski kanton\",\"vlada tk\"],\"articleSection\":[\"Istaknuto\",\"Novosti\"],\"inLanguage\":\"bs-BA\"},{\"@type\":\"WebPage\",\"@id\":\"https:\/\/tuzlainfo.ba\/index.php\/novosti\/item\/135168-tuzlanski-kanton-produzeno-vazenje-aktualnih-naredbi-donesene-nove-preporuke\/\",\"url\":\"https:\/\/tuzlainfo.ba\/index.php\/novosti\/item\/135168-tuzlanski-kanton-produzeno-vazenje-aktualnih-naredbi-donesene-nove-preporuke\/\",\"name\":\"Tuzlanski kanton: Produ\u017eeno va\u017eenje aktualnih naredbi, donesene nove preporuke - TuzlaInfo.ba\",\"isPartOf\":{\"@id\":\"https:\/\/tuzlainfo.ba\/#website\"},\"primaryImageOfPage\":{\"@id\":\"https:\/\/tuzlainfo.ba\/index.php\/novosti\/item\/135168-tuzlanski-kanton-produzeno-vazenje-aktualnih-naredbi-donesene-nove-preporuke\/#primaryimage\"},\"image\":{\"@id\":\"https:\/\/tuzlainfo.ba\/index.php\/novosti\/item\/135168-tuzlanski-kanton-produzeno-vazenje-aktualnih-naredbi-donesene-nove-preporuke\/#primaryimage\"},\"thumbnailUrl\":\"https:\/\/tuzlainfo.ba\/wp-content\/uploads\/2020\/08\/sadrzaj_2018_2018_01_Tuzla_0308_mesa_ismet.jpg\",\"datePublished\":\"2021-04-09T12:40:00+00:00\",\"dateModified\":\"2021-04-09T12:40:00+00:00\",\"breadcrumb\":{\"@id\":\"https:\/\/tuzlainfo.ba\/index.php\/novosti\/item\/135168-tuzlanski-kanton-produzeno-vazenje-aktualnih-naredbi-donesene-nove-preporuke\/#breadcrumb\"},\"inLanguage\":\"bs-BA\",\"potentialAction\":[{\"@type\":\"ReadAction\",\"target\":[\"https:\/\/tuzlainfo.ba\/index.php\/novosti\/item\/135168-tuzlanski-kanton-produzeno-vazenje-aktualnih-naredbi-donesene-nove-preporuke\/\"]}]},{\"@type\":\"ImageObject\",\"inLanguage\":\"bs-BA\",\"@id\":\"https:\/\/tuzlainfo.ba\/index.php\/novosti\/item\/135168-tuzlanski-kanton-produzeno-vazenje-aktualnih-naredbi-donesene-nove-preporuke\/#primaryimage\",\"url\":\"https:\/\/tuzlainfo.ba\/wp-content\/uploads\/2020\/08\/sadrzaj_2018_2018_01_Tuzla_0308_mesa_ismet.jpg\",\"contentUrl\":\"https:\/\/tuzlainfo.ba\/wp-content\/uploads\/2020\/08\/sadrzaj_2018_2018_01_Tuzla_0308_mesa_ismet.jpg\",\"width\":770,\"height\":433,\"caption\":\"0308 mesa ismet\"},{\"@type\":\"BreadcrumbList\",\"@id\":\"https:\/\/tuzlainfo.ba\/index.php\/novosti\/item\/135168-tuzlanski-kanton-produzeno-vazenje-aktualnih-naredbi-donesene-nove-preporuke\/#breadcrumb\",\"itemListElement\":[{\"@type\":\"ListItem\",\"position\":1,\"name\":\"Home\",\"item\":\"https:\/\/tuzlainfo.ba\/\"},{\"@type\":\"ListItem\",\"position\":2,\"name\":\"Tuzlanski kanton: Produ\u017eeno va\u017eenje aktualnih naredbi, donesene nove preporuke\"}]},{\"@type\":\"WebSite\",\"@id\":\"https:\/\/tuzlainfo.ba\/#website\",\"url\":\"https:\/\/tuzlainfo.ba\/\",\"name\":\"TuzlaInfo.ba\",\"description\":\"Tuzla info, gradski informator - Tuzla na dlanu\",\"publisher\":{\"@id\":\"https:\/\/tuzlainfo.ba\/#organization\"},\"potentialAction\":[{\"@type\":\"SearchAction\",\"target\":{\"@type\":\"EntryPoint\",\"urlTemplate\":\"https:\/\/tuzlainfo.ba\/?s={search_term_string}\"},\"query-input\":{\"@type\":\"PropertyValueSpecification\",\"valueRequired\":true,\"valueName\":\"search_term_string\"}}],\"inLanguage\":\"bs-BA\"},{\"@type\":\"Organization\",\"@id\":\"https:\/\/tuzlainfo.ba\/#organization\",\"name\":\"TuzlaInfo.ba\",\"url\":\"https:\/\/tuzlainfo.ba\/\",\"logo\":{\"@type\":\"ImageObject\",\"inLanguage\":\"bs-BA\",\"@id\":\"https:\/\/tuzlainfo.ba\/#\/schema\/logo\/image\/\",\"url\":\"https:\/\/tuzlainfo.ba\/wp-content\/uploads\/2021\/03\/logo-ver-3-1.png\",\"contentUrl\":\"https:\/\/tuzlainfo.ba\/wp-content\/uploads\/2021\/03\/logo-ver-3-1.png\",\"width\":350,\"height\":95,\"caption\":\"TuzlaInfo.ba\"},\"image\":{\"@id\":\"https:\/\/tuzlainfo.ba\/#\/schema\/logo\/image\/\"},\"sameAs\":[\"https:\/\/www.facebook.com\/tuzlainfo.ba\/\"]},{\"@type\":\"Person\",\"@id\":\"https:\/\/tuzlainfo.ba\/#\/schema\/person\/f434e20dc27ea133923aab08451b7f7f\",\"name\":\"nedim\",\"image\":{\"@type\":\"ImageObject\",\"inLanguage\":\"bs-BA\",\"@id\":\"https:\/\/tuzlainfo.ba\/#\/schema\/person\/image\/\",\"url\":\"https:\/\/tuzlainfo.ba\/wp-content\/litespeed\/avatar\/aabad687af24844af817603ac1cbdc4f.jpg?ver=1776702173\",\"contentUrl\":\"https:\/\/tuzlainfo.ba\/wp-content\/litespeed\/avatar\/aabad687af24844af817603ac1cbdc4f.jpg?ver=1776702173\",\"caption\":\"nedim\"},\"description\":\"Tuzlainfo.ba pratite na dru\u0161tvenim mre\u017eama: Facebook, Instagram i Youtube. Svoje pri\u010de, upite i fotografije \u0161aljite na na\u0161u e-mail adresu.\"}]}<\/script>\n<!-- \/ Yoast SEO plugin. -->","yoast_head_json":{"title":"Tuzlanski kanton: Produ\u017eeno va\u017eenje aktualnih naredbi, donesene nove preporuke - TuzlaInfo.ba","robots":{"index":"index","follow":"follow","max-snippet":"max-snippet:-1","max-image-preview":"max-image-preview:large","max-video-preview":"max-video-preview:-1"},"canonical":"https:\/\/tuzlainfo.ba\/index.php\/novosti\/item\/135168-tuzlanski-kanton-produzeno-vazenje-aktualnih-naredbi-donesene-nove-preporuke\/","og_locale":"bs_BA","og_type":"article","og_title":"Tuzlanski kanton: Produ\u017eeno va\u017eenje aktualnih naredbi, donesene nove preporuke - TuzlaInfo.ba","og_description":"Na danas odr\u017eanoj vanrednoj sjednici Vlada usvojila Naredbu Kriznog \u0161taba Ministarstva zdravstva Tuzlanskog kantona predlo\u017eena&hellip;","og_url":"https:\/\/tuzlainfo.ba\/index.php\/novosti\/item\/135168-tuzlanski-kanton-produzeno-vazenje-aktualnih-naredbi-donesene-nove-preporuke\/","og_site_name":"TuzlaInfo.ba","article_publisher":"https:\/\/www.facebook.com\/tuzlainfo.ba\/","article_published_time":"2021-04-09T12:40:00+00:00","og_image":[{"width":770,"height":433,"url":"https:\/\/tuzlainfo.ba\/wp-content\/uploads\/2020\/08\/sadrzaj_2018_2018_01_Tuzla_0308_mesa_ismet.jpg","type":"image\/jpeg"}],"author":"nedim","twitter_card":"summary_large_image","twitter_misc":{"Written by":"nedim","Est. reading time":"6 minuta"},"schema":{"@context":"https:\/\/schema.org","@graph":[{"@type":"Article","@id":"https:\/\/tuzlainfo.ba\/index.php\/novosti\/item\/135168-tuzlanski-kanton-produzeno-vazenje-aktualnih-naredbi-donesene-nove-preporuke\/#article","isPartOf":{"@id":"https:\/\/tuzlainfo.ba\/index.php\/novosti\/item\/135168-tuzlanski-kanton-produzeno-vazenje-aktualnih-naredbi-donesene-nove-preporuke\/"},"author":{"name":"nedim","@id":"https:\/\/tuzlainfo.ba\/#\/schema\/person\/f434e20dc27ea133923aab08451b7f7f"},"headline":"Tuzlanski kanton: Produ\u017eeno va\u017eenje aktualnih naredbi, donesene nove preporuke","datePublished":"2021-04-09T12:40:00+00:00","dateModified":"2021-04-09T12:40:00+00:00","mainEntityOfPage":{"@id":"https:\/\/tuzlainfo.ba\/index.php\/novosti\/item\/135168-tuzlanski-kanton-produzeno-vazenje-aktualnih-naredbi-donesene-nove-preporuke\/"},"wordCount":1131,"commentCount":0,"publisher":{"@id":"https:\/\/tuzlainfo.ba\/#organization"},"image":{"@id":"https:\/\/tuzlainfo.ba\/index.php\/novosti\/item\/135168-tuzlanski-kanton-produzeno-vazenje-aktualnih-naredbi-donesene-nove-preporuke\/#primaryimage"},"thumbnailUrl":"https:\/\/tuzlainfo.ba\/wp-content\/uploads\/2020\/08\/sadrzaj_2018_2018_01_Tuzla_0308_mesa_ismet.jpg","keywords":["covid","naredbe","tuzlanski kanton","vlada tk"],"articleSection":["Istaknuto","Novosti"],"inLanguage":"bs-BA"},{"@type":"WebPage","@id":"https:\/\/tuzlainfo.ba\/index.php\/novosti\/item\/135168-tuzlanski-kanton-produzeno-vazenje-aktualnih-naredbi-donesene-nove-preporuke\/","url":"https:\/\/tuzlainfo.ba\/index.php\/novosti\/item\/135168-tuzlanski-kanton-produzeno-vazenje-aktualnih-naredbi-donesene-nove-preporuke\/","name":"Tuzlanski kanton: Produ\u017eeno va\u017eenje aktualnih naredbi, donesene nove preporuke - TuzlaInfo.ba","isPartOf":{"@id":"https:\/\/tuzlainfo.ba\/#website"},"primaryImageOfPage":{"@id":"https:\/\/tuzlainfo.ba\/index.php\/novosti\/item\/135168-tuzlanski-kanton-produzeno-vazenje-aktualnih-naredbi-donesene-nove-preporuke\/#primaryimage"},"image":{"@id":"https:\/\/tuzlainfo.ba\/index.php\/novosti\/item\/135168-tuzlanski-kanton-produzeno-vazenje-aktualnih-naredbi-donesene-nove-preporuke\/#primaryimage"},"thumbnailUrl":"https:\/\/tuzlainfo.ba\/wp-content\/uploads\/2020\/08\/sadrzaj_2018_2018_01_Tuzla_0308_mesa_ismet.jpg","datePublished":"2021-04-09T12:40:00+00:00","dateModified":"2021-04-09T12:40:00+00:00","breadcrumb":{"@id":"https:\/\/tuzlainfo.ba\/index.php\/novosti\/item\/135168-tuzlanski-kanton-produzeno-vazenje-aktualnih-naredbi-donesene-nove-preporuke\/#breadcrumb"},"inLanguage":"bs-BA","potentialAction":[{"@type":"ReadAction","target":["https:\/\/tuzlainfo.ba\/index.php\/novosti\/item\/135168-tuzlanski-kanton-produzeno-vazenje-aktualnih-naredbi-donesene-nove-preporuke\/"]}]},{"@type":"ImageObject","inLanguage":"bs-BA","@id":"https:\/\/tuzlainfo.ba\/index.php\/novosti\/item\/135168-tuzlanski-kanton-produzeno-vazenje-aktualnih-naredbi-donesene-nove-preporuke\/#primaryimage","url":"https:\/\/tuzlainfo.ba\/wp-content\/uploads\/2020\/08\/sadrzaj_2018_2018_01_Tuzla_0308_mesa_ismet.jpg","contentUrl":"https:\/\/tuzlainfo.ba\/wp-content\/uploads\/2020\/08\/sadrzaj_2018_2018_01_Tuzla_0308_mesa_ismet.jpg","width":770,"height":433,"caption":"0308 mesa ismet"},{"@type":"BreadcrumbList","@id":"https:\/\/tuzlainfo.ba\/index.php\/novosti\/item\/135168-tuzlanski-kanton-produzeno-vazenje-aktualnih-naredbi-donesene-nove-preporuke\/#breadcrumb","itemListElement":[{"@type":"ListItem","position":1,"name":"Home","item":"https:\/\/tuzlainfo.ba\/"},{"@type":"ListItem","position":2,"name":"Tuzlanski kanton: Produ\u017eeno va\u017eenje aktualnih naredbi, donesene nove preporuke"}]},{"@type":"WebSite","@id":"https:\/\/tuzlainfo.ba\/#website","url":"https:\/\/tuzlainfo.ba\/","name":"TuzlaInfo.ba","description":"Tuzla info, gradski informator - Tuzla na dlanu","publisher":{"@id":"https:\/\/tuzlainfo.ba\/#organization"},"potentialAction":[{"@type":"SearchAction","target":{"@type":"EntryPoint","urlTemplate":"https:\/\/tuzlainfo.ba\/?s={search_term_string}"},"query-input":{"@type":"PropertyValueSpecification","valueRequired":true,"valueName":"search_term_string"}}],"inLanguage":"bs-BA"},{"@type":"Organization","@id":"https:\/\/tuzlainfo.ba\/#organization","name":"TuzlaInfo.ba","url":"https:\/\/tuzlainfo.ba\/","logo":{"@type":"ImageObject","inLanguage":"bs-BA","@id":"https:\/\/tuzlainfo.ba\/#\/schema\/logo\/image\/","url":"https:\/\/tuzlainfo.ba\/wp-content\/uploads\/2021\/03\/logo-ver-3-1.png","contentUrl":"https:\/\/tuzlainfo.ba\/wp-content\/uploads\/2021\/03\/logo-ver-3-1.png","width":350,"height":95,"caption":"TuzlaInfo.ba"},"image":{"@id":"https:\/\/tuzlainfo.ba\/#\/schema\/logo\/image\/"},"sameAs":["https:\/\/www.facebook.com\/tuzlainfo.ba\/"]},{"@type":"Person","@id":"https:\/\/tuzlainfo.ba\/#\/schema\/person\/f434e20dc27ea133923aab08451b7f7f","name":"nedim","image":{"@type":"ImageObject","inLanguage":"bs-BA","@id":"https:\/\/tuzlainfo.ba\/#\/schema\/person\/image\/","url":"https:\/\/tuzlainfo.ba\/wp-content\/litespeed\/avatar\/aabad687af24844af817603ac1cbdc4f.jpg?ver=1776702173","contentUrl":"https:\/\/tuzlainfo.ba\/wp-content\/litespeed\/avatar\/aabad687af24844af817603ac1cbdc4f.jpg?ver=1776702173","caption":"nedim"},"description":"Tuzlainfo.ba pratite na dru\u0161tvenim mre\u017eama: Facebook, Instagram i Youtube. Svoje pri\u010de, upite i fotografije \u0161aljite na na\u0161u e-mail adresu."}]}},"_links":{"self":[{"href":"https:\/\/tuzlainfo.ba\/index.php\/wp-json\/wp\/v2\/posts\/135168"}],"collection":[{"href":"https:\/\/tuzlainfo.ba\/index.php\/wp-json\/wp\/v2\/posts"}],"about":[{"href":"https:\/\/tuzlainfo.ba\/index.php\/wp-json\/wp\/v2\/types\/post"}],"author":[{"embeddable":true,"href":"https:\/\/tuzlainfo.ba\/index.php\/wp-json\/wp\/v2\/users\/2"}],"replies":[{"embeddable":true,"href":"https:\/\/tuzlainfo.ba\/index.php\/wp-json\/wp\/v2\/comments?post=135168"}],"version-history":[{"count":0,"href":"https:\/\/tuzlainfo.ba\/index.php\/wp-json\/wp\/v2\/posts\/135168\/revisions"}],"wp:featuredmedia":[{"embeddable":true,"href":"https:\/\/tuzlainfo.ba\/index.php\/wp-json\/wp\/v2\/media\/81478"}],"wp:attachment":[{"href":"https:\/\/tuzlainfo.ba\/index.php\/wp-json\/wp\/v2\/media?parent=135168"}],"wp:term":[{"taxonomy":"category","embeddable":true,"href":"https:\/\/tuzlainfo.ba\/index.php\/wp-json\/wp\/v2\/categories?post=135168"},{"taxonomy":"post_tag","embeddable":true,"href":"https:\/\/tuzlainfo.ba\/index.php\/wp-json\/wp\/v2\/tags?post=135168"}],"curies":[{"name":"wp","href":"https:\/\/api.w.org\/{rel}","templated":true}]}}