{"id":135060,"date":"2021-04-08T12:42:39","date_gmt":"2021-04-08T10:42:39","guid":{"rendered":"https:\/\/tuzlainfo.ba\/?p=135060"},"modified":"2021-04-08T12:42:39","modified_gmt":"2021-04-08T10:42:39","slug":"klub-zastupnika-sda-u-skupstini-tk-ekspertna-vlada-tk-ima-konkretno-rjesenje-za-zaustavljanje-treceg-vala-pandemije-u-tk-i-sire","status":"publish","type":"post","link":"https:\/\/tuzlainfo.ba\/index.php\/novosti\/item\/135060-klub-zastupnika-sda-u-skupstini-tk-ekspertna-vlada-tk-ima-konkretno-rjesenje-za-zaustavljanje-treceg-vala-pandemije-u-tk-i-sire\/","title":{"rendered":"Klub zastupnika SDA u Skup\u0161tini TK: Ekspertna Vlada TK ima konkretno rje\u0161enje za zaustavljanje tre\u0107eg vala pandemije u TK i \u0161ire!"},"content":{"rendered":"<p>Klub zastupnika Stranke demokratske akcije u Skup\u0161tini Tuzlanskog kantona reagovao je na imenovanje Koordinacionog tijela Vlade za pra\u0107enje stanja pandemije. Smatraju da ovakva komisija ne\u0107e pomo\u0107i gra\u0111anima u borbi protiv pandemije.<\/p>\n<p>Saop\u0161tenje prenosimo u nastavku teksta:<\/p>\n<p>\u201cNa 11. redovnoj sjednici Vlada TK je: \u201cImenovala Koordinaciono tijelo Vlade za pra\u0107enje stanja pandemije COVID-19 na podru\u010dju Tuzlanskog kantonu. Ovo tijelo \u0107e svakog ponedjeljka odr\u017eavati koordinacijski sastanak s ciljem razmjene najnovijih informacija o stanju pandemije COVID-19 na podru\u010dju Tuzlanskog kantona i \u0161ire\u2026\u201d Nagla\u0161avamo sastav Koordinacionog tijela-komisije koje \u0107e se sastajati svakog ponedjeljka: \u201cKoordinaciono tijelo, osim premijera Tuzlanskog kantona \u010dine: ministar unutra\u0161njih poslova, ministar zdravstva, ministar finansija, savjetnik premijera, te predstavnici Kantonalne uprave civilne za\u0161tite, Uprave policije MUP-a, Zavoda za javno zdravstvo, Kantonalne uprave civilne za\u0161tite, JZU UKC Tuzla, UO JZU UKC Tuzla, Slu\u017ebe inspekcija Grada Tuzla, te Crvenog kri\u017ea\/krsta TK.\u201d Zanimljivo da u ovom Koordinacionom tijelu su uvr\u0161tene i Slu\u017ebe inspekcija Grada Tuzla \u0161to jasno implicira da po mi\u0161ljenju eksperata iz Vlade TK Covid19 na drugim op\u0107inama TK ne postoji. Da paradoks bude ve\u0107i pored predstavnika UKC imamo sad i predstavnike Upravnog odbora UKC \u2013 kojeg imenuje Vlada na prijedlog politi\u010dkih stranaka ve\u0107ine. Premijer nije zaboravio svog savjetnika samo nije kazanog kojeg, ima ih vi\u0161e.<\/p>\n<p>Postavljamo su\u0161tinsko pitanje koja je uloga i smisao Kriznog \u0161taba TK jer ve\u0107ina \u010dlanova Koordinacionog tijela-komisije su i \u010dlanovi kriznog \u0161taba. Istina je u kriznom \u0161tabu nema savjetnika premijera i Upravnog odbora UKC.<\/p>\n<p><strong>Po\u0161tovani premijeru molimo Vas da se uozbiljite<\/strong>. Formiranje jo\u0161 jednog tijela Vlade tj komisije sa nejasnim ciljevima, ne\u0107e pomo\u0107i stanovni\u0161tvu na\u0161ega kantona u borbi protiv Covid 19. Ne\u0107e pomo\u0107i ni slabom zdravstvenom sistemu TK koji \u0107e uskoro biti na koljenima ukoliko ne interveni\u0161ete. Pored Kriznog \u0161taba Ministarstva zdravstva TK i brojnih sli\u010dnih do sada odre\u0111enih \u0161tabova\/sto\u017eera, Vi formirate jo\u0161 jedno tijelo-komisiju, koje \u0107e se sastajati svakog ponedjeljka (valjda je tada virus najja\u010di, pa se o\u010dekuje da tada i Vlada preko tijela poka\u017ee svoje ekspertska umije\u0107a.<\/p>\n<p><strong>Odgovor na pandemiju Covid19 na TK izgleda ovako: prvo sastanak odre\u0111enog tijela raznih Ustanova, potom sastanak raznih Koordinacionih timova, \u0161tabova\/sto\u017eera, pa sastanak Kriznog \u0161taba Ministarstva zdravstva TK, pa \u010dekati ponedjeljak da se Koordinaciono tijelo-komisija Vlade TK sastane, pa onda sjednica Vlade TK koja to na kraju treba sve da potvrdi. Na kraju ide vanredna press konferencija.<\/strong><\/p>\n<p>Premijeru Vlade TK, profesore Kadrija Hod\u017ei\u0107u, dosta je prodavanja magle gra\u0111anima TK, ne smijete podcijeniti gra\u0111ane TK. Gra\u0111ani TK od Vas tra\u017ee pomo\u0107 i suvisle poteze u ovoj te\u0161koj situaciji. Premijeru Vi i Va\u0161a ekspertna Vlada ste preuzeli odgovornost, da li ste toga svjesni? Gra\u0111anima TK je dosta Komisija i koordinacionim tijela, sto\u017eera i \u0161tabova. Sramota je premijeru da pored toliko Va\u0161ih eksperata jo\u0161 nemate plan vakcinacije niti programa mjera za sanaciju posljedica krize izazvane Covid 19. \u017dalosno je da ste pored na\u0161ih firmi sa TK, Elektrotehni\u010dkog fakulteta, vi pozivate tvrtku iz Sarajeva da vam prezentira web platformu za prijavu gra\u0111ana koji se \u017eele vakcinisati. Va\u0161 ministar zdravstva se zahvaljuje na anga\u017emanu i iskazanom interesu kompaniji iz Sarajeva \u0161to je iskazala interes da pomognu u realizaciji ovog projekta. Premijeru i ministre pratiti \u0107emo koliko \u0107e ova zahvala inim tvrtkama, komisijama, koordinacioinim tijelima da ko\u0161ta gra\u0111ane Tuzlanskog kantona.\u201d \u2013 navodi se u saop\u0161tenju <strong><em>Kluba zastupnika SDA u Skup\u0161tini Tuzlanskog kantona. <\/em><\/strong><\/p>\n<p>&nbsp;<\/p>\n","protected":false},"excerpt":{"rendered":"<p>Klub zastupnika Stranke demokratske akcije u Skup\u0161tini Tuzlanskog kantona reagovao je na imenovanje Koordinacionog tijela&hellip;<\/p>\n","protected":false},"author":3,"featured_media":135058,"comment_status":"open","ping_status":"closed","sticky":false,"template":"","format":"standard","meta":{"_acf_changed":false,"footnotes":""},"categories":[304,12],"tags":[382],"acf":[],"yoast_head":"<!-- This site is optimized with the Yoast SEO plugin v23.5 - https:\/\/yoast.com\/wordpress\/plugins\/seo\/ -->\n<title>Klub zastupnika SDA u Skup\u0161tini TK: Ekspertna Vlada TK ima konkretno rje\u0161enje za zaustavljanje tre\u0107eg vala pandemije u TK i \u0161ire! - TuzlaInfo.ba<\/title>\n<meta name=\"robots\" content=\"index, follow, max-snippet:-1, max-image-preview:large, max-video-preview:-1\" \/>\n<link rel=\"canonical\" href=\"https:\/\/tuzlainfo.ba\/index.php\/novosti\/item\/135060-klub-zastupnika-sda-u-skupstini-tk-ekspertna-vlada-tk-ima-konkretno-rjesenje-za-zaustavljanje-treceg-vala-pandemije-u-tk-i-sire\/\" \/>\n<meta property=\"og:locale\" content=\"bs_BA\" \/>\n<meta property=\"og:type\" content=\"article\" \/>\n<meta property=\"og:title\" content=\"Klub zastupnika SDA u Skup\u0161tini TK: Ekspertna Vlada TK ima konkretno rje\u0161enje za zaustavljanje tre\u0107eg vala pandemije u TK i \u0161ire! - TuzlaInfo.ba\" \/>\n<meta property=\"og:description\" content=\"Klub zastupnika Stranke demokratske akcije u Skup\u0161tini Tuzlanskog kantona reagovao je na imenovanje Koordinacionog tijela&hellip;\" \/>\n<meta property=\"og:url\" content=\"https:\/\/tuzlainfo.ba\/index.php\/novosti\/item\/135060-klub-zastupnika-sda-u-skupstini-tk-ekspertna-vlada-tk-ima-konkretno-rjesenje-za-zaustavljanje-treceg-vala-pandemije-u-tk-i-sire\/\" \/>\n<meta property=\"og:site_name\" content=\"TuzlaInfo.ba\" \/>\n<meta property=\"article:publisher\" content=\"https:\/\/www.facebook.com\/tuzlainfo.ba\/\" \/>\n<meta property=\"article:published_time\" content=\"2021-04-08T10:42:39+00:00\" \/>\n<meta property=\"og:image\" content=\"https:\/\/tuzlainfo.ba\/wp-content\/uploads\/2021\/04\/0804_sdatk.jpg\" \/>\n\t<meta property=\"og:image:width\" content=\"800\" \/>\n\t<meta property=\"og:image:height\" content=\"475\" \/>\n\t<meta property=\"og:image:type\" content=\"image\/jpeg\" \/>\n<meta name=\"author\" content=\"admin2\" \/>\n<meta name=\"twitter:card\" content=\"summary_large_image\" \/>\n<meta name=\"twitter:label1\" content=\"Written by\" \/>\n\t<meta name=\"twitter:data1\" content=\"admin2\" \/>\n\t<meta name=\"twitter:label2\" content=\"Est. reading time\" \/>\n\t<meta name=\"twitter:data2\" content=\"3 minute\" \/>\n<script type=\"application\/ld+json\" class=\"yoast-schema-graph\">{\"@context\":\"https:\/\/schema.org\",\"@graph\":[{\"@type\":\"Article\",\"@id\":\"https:\/\/tuzlainfo.ba\/index.php\/novosti\/item\/135060-klub-zastupnika-sda-u-skupstini-tk-ekspertna-vlada-tk-ima-konkretno-rjesenje-za-zaustavljanje-treceg-vala-pandemije-u-tk-i-sire\/#article\",\"isPartOf\":{\"@id\":\"https:\/\/tuzlainfo.ba\/index.php\/novosti\/item\/135060-klub-zastupnika-sda-u-skupstini-tk-ekspertna-vlada-tk-ima-konkretno-rjesenje-za-zaustavljanje-treceg-vala-pandemije-u-tk-i-sire\/\"},\"author\":{\"name\":\"admin2\",\"@id\":\"https:\/\/tuzlainfo.ba\/#\/schema\/person\/f4ebe4fff27e68efb65fa7e18f8af372\"},\"headline\":\"Klub zastupnika SDA u Skup\u0161tini TK: Ekspertna Vlada TK ima konkretno rje\u0161enje za zaustavljanje tre\u0107eg vala pandemije u TK i \u0161ire!\",\"datePublished\":\"2021-04-08T10:42:39+00:00\",\"dateModified\":\"2021-04-08T10:42:39+00:00\",\"mainEntityOfPage\":{\"@id\":\"https:\/\/tuzlainfo.ba\/index.php\/novosti\/item\/135060-klub-zastupnika-sda-u-skupstini-tk-ekspertna-vlada-tk-ima-konkretno-rjesenje-za-zaustavljanje-treceg-vala-pandemije-u-tk-i-sire\/\"},\"wordCount\":620,\"commentCount\":0,\"publisher\":{\"@id\":\"https:\/\/tuzlainfo.ba\/#organization\"},\"image\":{\"@id\":\"https:\/\/tuzlainfo.ba\/index.php\/novosti\/item\/135060-klub-zastupnika-sda-u-skupstini-tk-ekspertna-vlada-tk-ima-konkretno-rjesenje-za-zaustavljanje-treceg-vala-pandemije-u-tk-i-sire\/#primaryimage\"},\"thumbnailUrl\":\"https:\/\/tuzlainfo.ba\/wp-content\/uploads\/2021\/04\/0804_sdatk.jpg\",\"keywords\":[\"sda tk\"],\"articleSection\":[\"Istaknuto\",\"Novosti\"],\"inLanguage\":\"bs-BA\"},{\"@type\":\"WebPage\",\"@id\":\"https:\/\/tuzlainfo.ba\/index.php\/novosti\/item\/135060-klub-zastupnika-sda-u-skupstini-tk-ekspertna-vlada-tk-ima-konkretno-rjesenje-za-zaustavljanje-treceg-vala-pandemije-u-tk-i-sire\/\",\"url\":\"https:\/\/tuzlainfo.ba\/index.php\/novosti\/item\/135060-klub-zastupnika-sda-u-skupstini-tk-ekspertna-vlada-tk-ima-konkretno-rjesenje-za-zaustavljanje-treceg-vala-pandemije-u-tk-i-sire\/\",\"name\":\"Klub zastupnika SDA u Skup\u0161tini TK: Ekspertna Vlada TK ima konkretno rje\u0161enje za zaustavljanje tre\u0107eg vala pandemije u TK i \u0161ire! - TuzlaInfo.ba\",\"isPartOf\":{\"@id\":\"https:\/\/tuzlainfo.ba\/#website\"},\"primaryImageOfPage\":{\"@id\":\"https:\/\/tuzlainfo.ba\/index.php\/novosti\/item\/135060-klub-zastupnika-sda-u-skupstini-tk-ekspertna-vlada-tk-ima-konkretno-rjesenje-za-zaustavljanje-treceg-vala-pandemije-u-tk-i-sire\/#primaryimage\"},\"image\":{\"@id\":\"https:\/\/tuzlainfo.ba\/index.php\/novosti\/item\/135060-klub-zastupnika-sda-u-skupstini-tk-ekspertna-vlada-tk-ima-konkretno-rjesenje-za-zaustavljanje-treceg-vala-pandemije-u-tk-i-sire\/#primaryimage\"},\"thumbnailUrl\":\"https:\/\/tuzlainfo.ba\/wp-content\/uploads\/2021\/04\/0804_sdatk.jpg\",\"datePublished\":\"2021-04-08T10:42:39+00:00\",\"dateModified\":\"2021-04-08T10:42:39+00:00\",\"breadcrumb\":{\"@id\":\"https:\/\/tuzlainfo.ba\/index.php\/novosti\/item\/135060-klub-zastupnika-sda-u-skupstini-tk-ekspertna-vlada-tk-ima-konkretno-rjesenje-za-zaustavljanje-treceg-vala-pandemije-u-tk-i-sire\/#breadcrumb\"},\"inLanguage\":\"bs-BA\",\"potentialAction\":[{\"@type\":\"ReadAction\",\"target\":[\"https:\/\/tuzlainfo.ba\/index.php\/novosti\/item\/135060-klub-zastupnika-sda-u-skupstini-tk-ekspertna-vlada-tk-ima-konkretno-rjesenje-za-zaustavljanje-treceg-vala-pandemije-u-tk-i-sire\/\"]}]},{\"@type\":\"ImageObject\",\"inLanguage\":\"bs-BA\",\"@id\":\"https:\/\/tuzlainfo.ba\/index.php\/novosti\/item\/135060-klub-zastupnika-sda-u-skupstini-tk-ekspertna-vlada-tk-ima-konkretno-rjesenje-za-zaustavljanje-treceg-vala-pandemije-u-tk-i-sire\/#primaryimage\",\"url\":\"https:\/\/tuzlainfo.ba\/wp-content\/uploads\/2021\/04\/0804_sdatk.jpg\",\"contentUrl\":\"https:\/\/tuzlainfo.ba\/wp-content\/uploads\/2021\/04\/0804_sdatk.jpg\",\"width\":800,\"height\":475},{\"@type\":\"BreadcrumbList\",\"@id\":\"https:\/\/tuzlainfo.ba\/index.php\/novosti\/item\/135060-klub-zastupnika-sda-u-skupstini-tk-ekspertna-vlada-tk-ima-konkretno-rjesenje-za-zaustavljanje-treceg-vala-pandemije-u-tk-i-sire\/#breadcrumb\",\"itemListElement\":[{\"@type\":\"ListItem\",\"position\":1,\"name\":\"Home\",\"item\":\"https:\/\/tuzlainfo.ba\/\"},{\"@type\":\"ListItem\",\"position\":2,\"name\":\"Klub zastupnika SDA u Skup\u0161tini TK: Ekspertna Vlada TK ima konkretno rje\u0161enje za zaustavljanje tre\u0107eg vala pandemije u TK i \u0161ire!\"}]},{\"@type\":\"WebSite\",\"@id\":\"https:\/\/tuzlainfo.ba\/#website\",\"url\":\"https:\/\/tuzlainfo.ba\/\",\"name\":\"TuzlaInfo.ba\",\"description\":\"Tuzla info, gradski informator - Tuzla na dlanu\",\"publisher\":{\"@id\":\"https:\/\/tuzlainfo.ba\/#organization\"},\"potentialAction\":[{\"@type\":\"SearchAction\",\"target\":{\"@type\":\"EntryPoint\",\"urlTemplate\":\"https:\/\/tuzlainfo.ba\/?s={search_term_string}\"},\"query-input\":{\"@type\":\"PropertyValueSpecification\",\"valueRequired\":true,\"valueName\":\"search_term_string\"}}],\"inLanguage\":\"bs-BA\"},{\"@type\":\"Organization\",\"@id\":\"https:\/\/tuzlainfo.ba\/#organization\",\"name\":\"TuzlaInfo.ba\",\"url\":\"https:\/\/tuzlainfo.ba\/\",\"logo\":{\"@type\":\"ImageObject\",\"inLanguage\":\"bs-BA\",\"@id\":\"https:\/\/tuzlainfo.ba\/#\/schema\/logo\/image\/\",\"url\":\"https:\/\/tuzlainfo.ba\/wp-content\/uploads\/2021\/03\/logo-ver-3-1.png\",\"contentUrl\":\"https:\/\/tuzlainfo.ba\/wp-content\/uploads\/2021\/03\/logo-ver-3-1.png\",\"width\":350,\"height\":95,\"caption\":\"TuzlaInfo.ba\"},\"image\":{\"@id\":\"https:\/\/tuzlainfo.ba\/#\/schema\/logo\/image\/\"},\"sameAs\":[\"https:\/\/www.facebook.com\/tuzlainfo.ba\/\"]},{\"@type\":\"Person\",\"@id\":\"https:\/\/tuzlainfo.ba\/#\/schema\/person\/f4ebe4fff27e68efb65fa7e18f8af372\",\"name\":\"admin2\",\"image\":{\"@type\":\"ImageObject\",\"inLanguage\":\"bs-BA\",\"@id\":\"https:\/\/tuzlainfo.ba\/#\/schema\/person\/image\/\",\"url\":\"https:\/\/tuzlainfo.ba\/wp-content\/litespeed\/avatar\/8219eeb9a43cff2d096e773737736f62.jpg?ver=1777309398\",\"contentUrl\":\"https:\/\/tuzlainfo.ba\/wp-content\/litespeed\/avatar\/8219eeb9a43cff2d096e773737736f62.jpg?ver=1777309398\",\"caption\":\"admin2\"},\"description\":\"Tuzlainfo.ba pratite na dru\u0161tvenim mre\u017eama: Facebook, Instagram i Youtube. Svoje pri\u010de, upite i fotografije \u0161aljite na na\u0161u e-mail adresu.\",\"sameAs\":[\"admin\"]}]}<\/script>\n<!-- \/ Yoast SEO plugin. -->","yoast_head_json":{"title":"Klub zastupnika SDA u Skup\u0161tini TK: Ekspertna Vlada TK ima konkretno rje\u0161enje za zaustavljanje tre\u0107eg vala pandemije u TK i \u0161ire! - TuzlaInfo.ba","robots":{"index":"index","follow":"follow","max-snippet":"max-snippet:-1","max-image-preview":"max-image-preview:large","max-video-preview":"max-video-preview:-1"},"canonical":"https:\/\/tuzlainfo.ba\/index.php\/novosti\/item\/135060-klub-zastupnika-sda-u-skupstini-tk-ekspertna-vlada-tk-ima-konkretno-rjesenje-za-zaustavljanje-treceg-vala-pandemije-u-tk-i-sire\/","og_locale":"bs_BA","og_type":"article","og_title":"Klub zastupnika SDA u Skup\u0161tini TK: Ekspertna Vlada TK ima konkretno rje\u0161enje za zaustavljanje tre\u0107eg vala pandemije u TK i \u0161ire! - TuzlaInfo.ba","og_description":"Klub zastupnika Stranke demokratske akcije u Skup\u0161tini Tuzlanskog kantona reagovao je na imenovanje Koordinacionog tijela&hellip;","og_url":"https:\/\/tuzlainfo.ba\/index.php\/novosti\/item\/135060-klub-zastupnika-sda-u-skupstini-tk-ekspertna-vlada-tk-ima-konkretno-rjesenje-za-zaustavljanje-treceg-vala-pandemije-u-tk-i-sire\/","og_site_name":"TuzlaInfo.ba","article_publisher":"https:\/\/www.facebook.com\/tuzlainfo.ba\/","article_published_time":"2021-04-08T10:42:39+00:00","og_image":[{"width":800,"height":475,"url":"https:\/\/tuzlainfo.ba\/wp-content\/uploads\/2021\/04\/0804_sdatk.jpg","type":"image\/jpeg"}],"author":"admin2","twitter_card":"summary_large_image","twitter_misc":{"Written by":"admin2","Est. reading time":"3 minute"},"schema":{"@context":"https:\/\/schema.org","@graph":[{"@type":"Article","@id":"https:\/\/tuzlainfo.ba\/index.php\/novosti\/item\/135060-klub-zastupnika-sda-u-skupstini-tk-ekspertna-vlada-tk-ima-konkretno-rjesenje-za-zaustavljanje-treceg-vala-pandemije-u-tk-i-sire\/#article","isPartOf":{"@id":"https:\/\/tuzlainfo.ba\/index.php\/novosti\/item\/135060-klub-zastupnika-sda-u-skupstini-tk-ekspertna-vlada-tk-ima-konkretno-rjesenje-za-zaustavljanje-treceg-vala-pandemije-u-tk-i-sire\/"},"author":{"name":"admin2","@id":"https:\/\/tuzlainfo.ba\/#\/schema\/person\/f4ebe4fff27e68efb65fa7e18f8af372"},"headline":"Klub zastupnika SDA u Skup\u0161tini TK: Ekspertna Vlada TK ima konkretno rje\u0161enje za zaustavljanje tre\u0107eg vala pandemije u TK i \u0161ire!","datePublished":"2021-04-08T10:42:39+00:00","dateModified":"2021-04-08T10:42:39+00:00","mainEntityOfPage":{"@id":"https:\/\/tuzlainfo.ba\/index.php\/novosti\/item\/135060-klub-zastupnika-sda-u-skupstini-tk-ekspertna-vlada-tk-ima-konkretno-rjesenje-za-zaustavljanje-treceg-vala-pandemije-u-tk-i-sire\/"},"wordCount":620,"commentCount":0,"publisher":{"@id":"https:\/\/tuzlainfo.ba\/#organization"},"image":{"@id":"https:\/\/tuzlainfo.ba\/index.php\/novosti\/item\/135060-klub-zastupnika-sda-u-skupstini-tk-ekspertna-vlada-tk-ima-konkretno-rjesenje-za-zaustavljanje-treceg-vala-pandemije-u-tk-i-sire\/#primaryimage"},"thumbnailUrl":"https:\/\/tuzlainfo.ba\/wp-content\/uploads\/2021\/04\/0804_sdatk.jpg","keywords":["sda tk"],"articleSection":["Istaknuto","Novosti"],"inLanguage":"bs-BA"},{"@type":"WebPage","@id":"https:\/\/tuzlainfo.ba\/index.php\/novosti\/item\/135060-klub-zastupnika-sda-u-skupstini-tk-ekspertna-vlada-tk-ima-konkretno-rjesenje-za-zaustavljanje-treceg-vala-pandemije-u-tk-i-sire\/","url":"https:\/\/tuzlainfo.ba\/index.php\/novosti\/item\/135060-klub-zastupnika-sda-u-skupstini-tk-ekspertna-vlada-tk-ima-konkretno-rjesenje-za-zaustavljanje-treceg-vala-pandemije-u-tk-i-sire\/","name":"Klub zastupnika SDA u Skup\u0161tini TK: Ekspertna Vlada TK ima konkretno rje\u0161enje za zaustavljanje tre\u0107eg vala pandemije u TK i \u0161ire! - TuzlaInfo.ba","isPartOf":{"@id":"https:\/\/tuzlainfo.ba\/#website"},"primaryImageOfPage":{"@id":"https:\/\/tuzlainfo.ba\/index.php\/novosti\/item\/135060-klub-zastupnika-sda-u-skupstini-tk-ekspertna-vlada-tk-ima-konkretno-rjesenje-za-zaustavljanje-treceg-vala-pandemije-u-tk-i-sire\/#primaryimage"},"image":{"@id":"https:\/\/tuzlainfo.ba\/index.php\/novosti\/item\/135060-klub-zastupnika-sda-u-skupstini-tk-ekspertna-vlada-tk-ima-konkretno-rjesenje-za-zaustavljanje-treceg-vala-pandemije-u-tk-i-sire\/#primaryimage"},"thumbnailUrl":"https:\/\/tuzlainfo.ba\/wp-content\/uploads\/2021\/04\/0804_sdatk.jpg","datePublished":"2021-04-08T10:42:39+00:00","dateModified":"2021-04-08T10:42:39+00:00","breadcrumb":{"@id":"https:\/\/tuzlainfo.ba\/index.php\/novosti\/item\/135060-klub-zastupnika-sda-u-skupstini-tk-ekspertna-vlada-tk-ima-konkretno-rjesenje-za-zaustavljanje-treceg-vala-pandemije-u-tk-i-sire\/#breadcrumb"},"inLanguage":"bs-BA","potentialAction":[{"@type":"ReadAction","target":["https:\/\/tuzlainfo.ba\/index.php\/novosti\/item\/135060-klub-zastupnika-sda-u-skupstini-tk-ekspertna-vlada-tk-ima-konkretno-rjesenje-za-zaustavljanje-treceg-vala-pandemije-u-tk-i-sire\/"]}]},{"@type":"ImageObject","inLanguage":"bs-BA","@id":"https:\/\/tuzlainfo.ba\/index.php\/novosti\/item\/135060-klub-zastupnika-sda-u-skupstini-tk-ekspertna-vlada-tk-ima-konkretno-rjesenje-za-zaustavljanje-treceg-vala-pandemije-u-tk-i-sire\/#primaryimage","url":"https:\/\/tuzlainfo.ba\/wp-content\/uploads\/2021\/04\/0804_sdatk.jpg","contentUrl":"https:\/\/tuzlainfo.ba\/wp-content\/uploads\/2021\/04\/0804_sdatk.jpg","width":800,"height":475},{"@type":"BreadcrumbList","@id":"https:\/\/tuzlainfo.ba\/index.php\/novosti\/item\/135060-klub-zastupnika-sda-u-skupstini-tk-ekspertna-vlada-tk-ima-konkretno-rjesenje-za-zaustavljanje-treceg-vala-pandemije-u-tk-i-sire\/#breadcrumb","itemListElement":[{"@type":"ListItem","position":1,"name":"Home","item":"https:\/\/tuzlainfo.ba\/"},{"@type":"ListItem","position":2,"name":"Klub zastupnika SDA u Skup\u0161tini TK: Ekspertna Vlada TK ima konkretno rje\u0161enje za zaustavljanje tre\u0107eg vala pandemije u TK i \u0161ire!"}]},{"@type":"WebSite","@id":"https:\/\/tuzlainfo.ba\/#website","url":"https:\/\/tuzlainfo.ba\/","name":"TuzlaInfo.ba","description":"Tuzla info, gradski informator - Tuzla na dlanu","publisher":{"@id":"https:\/\/tuzlainfo.ba\/#organization"},"potentialAction":[{"@type":"SearchAction","target":{"@type":"EntryPoint","urlTemplate":"https:\/\/tuzlainfo.ba\/?s={search_term_string}"},"query-input":{"@type":"PropertyValueSpecification","valueRequired":true,"valueName":"search_term_string"}}],"inLanguage":"bs-BA"},{"@type":"Organization","@id":"https:\/\/tuzlainfo.ba\/#organization","name":"TuzlaInfo.ba","url":"https:\/\/tuzlainfo.ba\/","logo":{"@type":"ImageObject","inLanguage":"bs-BA","@id":"https:\/\/tuzlainfo.ba\/#\/schema\/logo\/image\/","url":"https:\/\/tuzlainfo.ba\/wp-content\/uploads\/2021\/03\/logo-ver-3-1.png","contentUrl":"https:\/\/tuzlainfo.ba\/wp-content\/uploads\/2021\/03\/logo-ver-3-1.png","width":350,"height":95,"caption":"TuzlaInfo.ba"},"image":{"@id":"https:\/\/tuzlainfo.ba\/#\/schema\/logo\/image\/"},"sameAs":["https:\/\/www.facebook.com\/tuzlainfo.ba\/"]},{"@type":"Person","@id":"https:\/\/tuzlainfo.ba\/#\/schema\/person\/f4ebe4fff27e68efb65fa7e18f8af372","name":"admin2","image":{"@type":"ImageObject","inLanguage":"bs-BA","@id":"https:\/\/tuzlainfo.ba\/#\/schema\/person\/image\/","url":"https:\/\/tuzlainfo.ba\/wp-content\/litespeed\/avatar\/8219eeb9a43cff2d096e773737736f62.jpg?ver=1777309398","contentUrl":"https:\/\/tuzlainfo.ba\/wp-content\/litespeed\/avatar\/8219eeb9a43cff2d096e773737736f62.jpg?ver=1777309398","caption":"admin2"},"description":"Tuzlainfo.ba pratite na dru\u0161tvenim mre\u017eama: Facebook, Instagram i Youtube. Svoje pri\u010de, upite i fotografije \u0161aljite na na\u0161u e-mail adresu.","sameAs":["admin"]}]}},"_links":{"self":[{"href":"https:\/\/tuzlainfo.ba\/index.php\/wp-json\/wp\/v2\/posts\/135060"}],"collection":[{"href":"https:\/\/tuzlainfo.ba\/index.php\/wp-json\/wp\/v2\/posts"}],"about":[{"href":"https:\/\/tuzlainfo.ba\/index.php\/wp-json\/wp\/v2\/types\/post"}],"author":[{"embeddable":true,"href":"https:\/\/tuzlainfo.ba\/index.php\/wp-json\/wp\/v2\/users\/3"}],"replies":[{"embeddable":true,"href":"https:\/\/tuzlainfo.ba\/index.php\/wp-json\/wp\/v2\/comments?post=135060"}],"version-history":[{"count":0,"href":"https:\/\/tuzlainfo.ba\/index.php\/wp-json\/wp\/v2\/posts\/135060\/revisions"}],"wp:featuredmedia":[{"embeddable":true,"href":"https:\/\/tuzlainfo.ba\/index.php\/wp-json\/wp\/v2\/media\/135058"}],"wp:attachment":[{"href":"https:\/\/tuzlainfo.ba\/index.php\/wp-json\/wp\/v2\/media?parent=135060"}],"wp:term":[{"taxonomy":"category","embeddable":true,"href":"https:\/\/tuzlainfo.ba\/index.php\/wp-json\/wp\/v2\/categories?post=135060"},{"taxonomy":"post_tag","embeddable":true,"href":"https:\/\/tuzlainfo.ba\/index.php\/wp-json\/wp\/v2\/tags?post=135060"}],"curies":[{"name":"wp","href":"https:\/\/api.w.org\/{rel}","templated":true}]}}