{"id":134852,"date":"2021-04-06T20:00:34","date_gmt":"2021-04-06T18:00:34","guid":{"rendered":"https:\/\/tuzlainfo.ba\/?p=134852"},"modified":"2021-04-06T15:04:21","modified_gmt":"2021-04-06T13:04:21","slug":"posadi-svoj-hlad-u-tuzli-preuzmite-svoju-besplatnu-sadnicu-bijelog-jasena","status":"publish","type":"post","link":"https:\/\/tuzlainfo.ba\/index.php\/novosti\/item\/134852-posadi-svoj-hlad-u-tuzli-preuzmite-svoju-besplatnu-sadnicu-bijelog-jasena\/","title":{"rendered":"Posadi svoj hlad u Tuzli: Preuzmite svoju besplatnu sadnicu bijelog jasena!"},"content":{"rendered":"<p>\u201cPosadi svoj hlad\u201d naziv je akcije koju je pokrenula nevladina organizacija \u201cZeleni razvojni centar\u201d, u okviru koje jedna osoba mo\u017ee da u potpunosti besplatno dobije jednu sadnicu bijelog jasena. Distribuciji i sadnji pomenutih sadnica prethodila je kampanja koja se provodila putem interneta, a u okviru koje su gra\u0111ani\/ke imali priliku ostaviti glas podr\u0161ke i na taj na\u010din osigurati svom gradu besplatne sadnice. Generalni cilj jeste sadnja ukupno 300.000 sadnica bijelog jasena u toku 2021. godine.<\/p>\n<p>Gra\u0111ani\/ke Tuzle su tako\u0111er u\u010destvovali u ovoj plemenitoj kampanji i na taj na\u010din osigurali ukupno 100 sadnica bijelog jasena, koje \u0107e potpuno besplatno biti podijeljene stanovnicima ovog grada.<\/p>\n<p>Uz tehni\u010dku pomo\u0107 i podr\u0161ku kompanije \u201cEko \u017eivot\u201d, projekta \u201cLet\u2019s Do It Tuzla\u201d i kompanije \u201cBingo\u201d, sve sadnice koje su namijenjene za Grad Tuzlu \u0107e biti dijeljene isklju\u010divo u <strong>petak,<\/strong> <strong>9. aprila 2021. godine<\/strong>, i to prema sljede\u0107em rasporedu:<\/p>\n<ul>\n<li>Od 10h ispred Bingo Supermarketa \u201cIrac\u201d (biv\u0161i TU\u0160) \u2013 Kre\u010danska bb (50 sadnica)<\/li>\n<li>Od 11h ispred Bingo Hipermarketa \u201cSjenjak\u201d \u2013 Ismeta Mujezinovi\u0107a bb (50 sadnica)<\/li>\n<\/ul>\n<p>Svi gra\u0111ani\/ke imaju priliku da preuzmu svoju besplatnu sadnicu tako \u0161to \u0107e posjetiti jednu od gore pomenutih lokacija u ta\u010dno nazna\u010denom terminu. Organizatori navode da je broj sadnica ograni\u010den (ukupno 100 sadnica), te da \u0107e biti dijeljene po principu \u201cjedan gra\u0111anin- jedna sadnica\u201d. Besplatne sadnice se preuzimaju isklju\u010divo na gore pomenutim lokacijama, bez potrebe ikakvog najavljivanja dolaska ili rezervacije sadnice. Zavisno od interesovanja lokalnog stanovni\u0161tva, akcija na gore pomenutim lokacijama \u0107e trajati do podjele previ\u0111enog broja sadnica.<\/p>\n<p>Va\u017eno je napomenuti da su sve sadnice u okviru kampanje \u201cPosadi svoj hlad\u201d nabavljene uz pomo\u0107 dru\u0161tveno odgovornih kompanija, institucija i pojedinaca koji prepoznaju va\u017enost zajedni\u010dke borbe za \u010dist zrak. Svaka sadnica \u0107e biti ozna\u010dena vezicom na kojoj \u0107e nalaziti ime donatora, dok sa druge strane vezice svoje ime mo\u017ee upisati gra\u0111anin koji sadnicu preuzme i zasadi, kao i datum sadnje.<\/p>\n<p>Vi\u0161e o samoj akciji mo\u017eete saznati putem web stranice <a href=\"http:\/\/www.posadisvojhlad.ba\">www.posadisvojhlad.ba<\/a>, dok su detaljnije informacije o distribuciji sadnica na podru\u010dju Grada Tuzla dostupne putem Facebook stranica \u201cEko \u017eivot\u201d i \u201cLet\u2019s Do It Tuzla\u201d.<\/p>\n<p>&nbsp;<\/p>\n","protected":false},"excerpt":{"rendered":"<p>\u201cPosadi svoj hlad\u201d naziv je akcije koju je pokrenula nevladina organizacija \u201cZeleni razvojni centar\u201d, u&hellip;<\/p>\n","protected":false},"author":3,"featured_media":134853,"comment_status":"open","ping_status":"closed","sticky":false,"template":"","format":"standard","meta":{"_acf_changed":false,"footnotes":""},"categories":[12],"tags":[318],"acf":[],"yoast_head":"<!-- This site is optimized with the Yoast SEO plugin v23.5 - https:\/\/yoast.com\/wordpress\/plugins\/seo\/ -->\n<title>Posadi svoj hlad u Tuzli: Preuzmite svoju besplatnu sadnicu bijelog jasena! - TuzlaInfo.ba<\/title>\n<meta name=\"robots\" content=\"index, follow, max-snippet:-1, max-image-preview:large, max-video-preview:-1\" \/>\n<link rel=\"canonical\" href=\"https:\/\/tuzlainfo.ba\/index.php\/novosti\/item\/134852-posadi-svoj-hlad-u-tuzli-preuzmite-svoju-besplatnu-sadnicu-bijelog-jasena\/\" \/>\n<meta property=\"og:locale\" content=\"bs_BA\" \/>\n<meta property=\"og:type\" content=\"article\" \/>\n<meta property=\"og:title\" content=\"Posadi svoj hlad u Tuzli: Preuzmite svoju besplatnu sadnicu bijelog jasena! - TuzlaInfo.ba\" \/>\n<meta property=\"og:description\" content=\"\u201cPosadi svoj hlad\u201d naziv je akcije koju je pokrenula nevladina organizacija \u201cZeleni razvojni centar\u201d, u&hellip;\" \/>\n<meta property=\"og:url\" content=\"https:\/\/tuzlainfo.ba\/index.php\/novosti\/item\/134852-posadi-svoj-hlad-u-tuzli-preuzmite-svoju-besplatnu-sadnicu-bijelog-jasena\/\" \/>\n<meta property=\"og:site_name\" content=\"TuzlaInfo.ba\" \/>\n<meta property=\"article:publisher\" content=\"https:\/\/www.facebook.com\/tuzlainfo.ba\/\" \/>\n<meta property=\"article:published_time\" content=\"2021-04-06T18:00:34+00:00\" \/>\n<meta property=\"article:modified_time\" content=\"2021-04-06T13:04:21+00:00\" \/>\n<meta property=\"og:image\" content=\"https:\/\/tuzlainfo.ba\/wp-content\/uploads\/2021\/04\/Najavni-plakat-Posadi-svoj-hlad-Tuzla.png\" \/>\n\t<meta property=\"og:image:width\" content=\"800\" \/>\n\t<meta property=\"og:image:height\" content=\"565\" \/>\n\t<meta property=\"og:image:type\" content=\"image\/png\" \/>\n<meta name=\"author\" content=\"admin2\" \/>\n<meta name=\"twitter:card\" content=\"summary_large_image\" \/>\n<meta name=\"twitter:label1\" content=\"Written by\" \/>\n\t<meta name=\"twitter:data1\" content=\"admin2\" \/>\n\t<meta name=\"twitter:label2\" content=\"Est. reading time\" \/>\n\t<meta name=\"twitter:data2\" content=\"2 minute\" \/>\n<script type=\"application\/ld+json\" class=\"yoast-schema-graph\">{\"@context\":\"https:\/\/schema.org\",\"@graph\":[{\"@type\":\"Article\",\"@id\":\"https:\/\/tuzlainfo.ba\/index.php\/novosti\/item\/134852-posadi-svoj-hlad-u-tuzli-preuzmite-svoju-besplatnu-sadnicu-bijelog-jasena\/#article\",\"isPartOf\":{\"@id\":\"https:\/\/tuzlainfo.ba\/index.php\/novosti\/item\/134852-posadi-svoj-hlad-u-tuzli-preuzmite-svoju-besplatnu-sadnicu-bijelog-jasena\/\"},\"author\":{\"name\":\"admin2\",\"@id\":\"https:\/\/tuzlainfo.ba\/#\/schema\/person\/f4ebe4fff27e68efb65fa7e18f8af372\"},\"headline\":\"Posadi svoj hlad u Tuzli: Preuzmite svoju besplatnu sadnicu bijelog jasena!\",\"datePublished\":\"2021-04-06T18:00:34+00:00\",\"dateModified\":\"2021-04-06T13:04:21+00:00\",\"mainEntityOfPage\":{\"@id\":\"https:\/\/tuzlainfo.ba\/index.php\/novosti\/item\/134852-posadi-svoj-hlad-u-tuzli-preuzmite-svoju-besplatnu-sadnicu-bijelog-jasena\/\"},\"wordCount\":379,\"commentCount\":0,\"publisher\":{\"@id\":\"https:\/\/tuzlainfo.ba\/#organization\"},\"image\":{\"@id\":\"https:\/\/tuzlainfo.ba\/index.php\/novosti\/item\/134852-posadi-svoj-hlad-u-tuzli-preuzmite-svoju-besplatnu-sadnicu-bijelog-jasena\/#primaryimage\"},\"thumbnailUrl\":\"https:\/\/tuzlainfo.ba\/wp-content\/uploads\/2021\/04\/Najavni-plakat-Posadi-svoj-hlad-Tuzla.png\",\"keywords\":[\"lets do it\"],\"articleSection\":[\"Novosti\"],\"inLanguage\":\"bs-BA\"},{\"@type\":\"WebPage\",\"@id\":\"https:\/\/tuzlainfo.ba\/index.php\/novosti\/item\/134852-posadi-svoj-hlad-u-tuzli-preuzmite-svoju-besplatnu-sadnicu-bijelog-jasena\/\",\"url\":\"https:\/\/tuzlainfo.ba\/index.php\/novosti\/item\/134852-posadi-svoj-hlad-u-tuzli-preuzmite-svoju-besplatnu-sadnicu-bijelog-jasena\/\",\"name\":\"Posadi svoj hlad u Tuzli: Preuzmite svoju besplatnu sadnicu bijelog jasena! - TuzlaInfo.ba\",\"isPartOf\":{\"@id\":\"https:\/\/tuzlainfo.ba\/#website\"},\"primaryImageOfPage\":{\"@id\":\"https:\/\/tuzlainfo.ba\/index.php\/novosti\/item\/134852-posadi-svoj-hlad-u-tuzli-preuzmite-svoju-besplatnu-sadnicu-bijelog-jasena\/#primaryimage\"},\"image\":{\"@id\":\"https:\/\/tuzlainfo.ba\/index.php\/novosti\/item\/134852-posadi-svoj-hlad-u-tuzli-preuzmite-svoju-besplatnu-sadnicu-bijelog-jasena\/#primaryimage\"},\"thumbnailUrl\":\"https:\/\/tuzlainfo.ba\/wp-content\/uploads\/2021\/04\/Najavni-plakat-Posadi-svoj-hlad-Tuzla.png\",\"datePublished\":\"2021-04-06T18:00:34+00:00\",\"dateModified\":\"2021-04-06T13:04:21+00:00\",\"breadcrumb\":{\"@id\":\"https:\/\/tuzlainfo.ba\/index.php\/novosti\/item\/134852-posadi-svoj-hlad-u-tuzli-preuzmite-svoju-besplatnu-sadnicu-bijelog-jasena\/#breadcrumb\"},\"inLanguage\":\"bs-BA\",\"potentialAction\":[{\"@type\":\"ReadAction\",\"target\":[\"https:\/\/tuzlainfo.ba\/index.php\/novosti\/item\/134852-posadi-svoj-hlad-u-tuzli-preuzmite-svoju-besplatnu-sadnicu-bijelog-jasena\/\"]}]},{\"@type\":\"ImageObject\",\"inLanguage\":\"bs-BA\",\"@id\":\"https:\/\/tuzlainfo.ba\/index.php\/novosti\/item\/134852-posadi-svoj-hlad-u-tuzli-preuzmite-svoju-besplatnu-sadnicu-bijelog-jasena\/#primaryimage\",\"url\":\"https:\/\/tuzlainfo.ba\/wp-content\/uploads\/2021\/04\/Najavni-plakat-Posadi-svoj-hlad-Tuzla.png\",\"contentUrl\":\"https:\/\/tuzlainfo.ba\/wp-content\/uploads\/2021\/04\/Najavni-plakat-Posadi-svoj-hlad-Tuzla.png\",\"width\":800,\"height\":565},{\"@type\":\"BreadcrumbList\",\"@id\":\"https:\/\/tuzlainfo.ba\/index.php\/novosti\/item\/134852-posadi-svoj-hlad-u-tuzli-preuzmite-svoju-besplatnu-sadnicu-bijelog-jasena\/#breadcrumb\",\"itemListElement\":[{\"@type\":\"ListItem\",\"position\":1,\"name\":\"Home\",\"item\":\"https:\/\/tuzlainfo.ba\/\"},{\"@type\":\"ListItem\",\"position\":2,\"name\":\"Posadi svoj hlad u Tuzli: Preuzmite svoju besplatnu sadnicu bijelog jasena!\"}]},{\"@type\":\"WebSite\",\"@id\":\"https:\/\/tuzlainfo.ba\/#website\",\"url\":\"https:\/\/tuzlainfo.ba\/\",\"name\":\"TuzlaInfo.ba\",\"description\":\"Tuzla info, gradski informator - Tuzla na dlanu\",\"publisher\":{\"@id\":\"https:\/\/tuzlainfo.ba\/#organization\"},\"potentialAction\":[{\"@type\":\"SearchAction\",\"target\":{\"@type\":\"EntryPoint\",\"urlTemplate\":\"https:\/\/tuzlainfo.ba\/?s={search_term_string}\"},\"query-input\":{\"@type\":\"PropertyValueSpecification\",\"valueRequired\":true,\"valueName\":\"search_term_string\"}}],\"inLanguage\":\"bs-BA\"},{\"@type\":\"Organization\",\"@id\":\"https:\/\/tuzlainfo.ba\/#organization\",\"name\":\"TuzlaInfo.ba\",\"url\":\"https:\/\/tuzlainfo.ba\/\",\"logo\":{\"@type\":\"ImageObject\",\"inLanguage\":\"bs-BA\",\"@id\":\"https:\/\/tuzlainfo.ba\/#\/schema\/logo\/image\/\",\"url\":\"https:\/\/tuzlainfo.ba\/wp-content\/uploads\/2021\/03\/logo-ver-3-1.png\",\"contentUrl\":\"https:\/\/tuzlainfo.ba\/wp-content\/uploads\/2021\/03\/logo-ver-3-1.png\",\"width\":350,\"height\":95,\"caption\":\"TuzlaInfo.ba\"},\"image\":{\"@id\":\"https:\/\/tuzlainfo.ba\/#\/schema\/logo\/image\/\"},\"sameAs\":[\"https:\/\/www.facebook.com\/tuzlainfo.ba\/\"]},{\"@type\":\"Person\",\"@id\":\"https:\/\/tuzlainfo.ba\/#\/schema\/person\/f4ebe4fff27e68efb65fa7e18f8af372\",\"name\":\"admin2\",\"image\":{\"@type\":\"ImageObject\",\"inLanguage\":\"bs-BA\",\"@id\":\"https:\/\/tuzlainfo.ba\/#\/schema\/person\/image\/\",\"url\":\"https:\/\/tuzlainfo.ba\/wp-content\/litespeed\/avatar\/8219eeb9a43cff2d096e773737736f62.jpg?ver=1776704580\",\"contentUrl\":\"https:\/\/tuzlainfo.ba\/wp-content\/litespeed\/avatar\/8219eeb9a43cff2d096e773737736f62.jpg?ver=1776704580\",\"caption\":\"admin2\"},\"description\":\"Tuzlainfo.ba pratite na dru\u0161tvenim mre\u017eama: Facebook, Instagram i Youtube. Svoje pri\u010de, upite i fotografije \u0161aljite na na\u0161u e-mail adresu.\",\"sameAs\":[\"admin\"]}]}<\/script>\n<!-- \/ Yoast SEO plugin. -->","yoast_head_json":{"title":"Posadi svoj hlad u Tuzli: Preuzmite svoju besplatnu sadnicu bijelog jasena! - TuzlaInfo.ba","robots":{"index":"index","follow":"follow","max-snippet":"max-snippet:-1","max-image-preview":"max-image-preview:large","max-video-preview":"max-video-preview:-1"},"canonical":"https:\/\/tuzlainfo.ba\/index.php\/novosti\/item\/134852-posadi-svoj-hlad-u-tuzli-preuzmite-svoju-besplatnu-sadnicu-bijelog-jasena\/","og_locale":"bs_BA","og_type":"article","og_title":"Posadi svoj hlad u Tuzli: Preuzmite svoju besplatnu sadnicu bijelog jasena! - TuzlaInfo.ba","og_description":"\u201cPosadi svoj hlad\u201d naziv je akcije koju je pokrenula nevladina organizacija \u201cZeleni razvojni centar\u201d, u&hellip;","og_url":"https:\/\/tuzlainfo.ba\/index.php\/novosti\/item\/134852-posadi-svoj-hlad-u-tuzli-preuzmite-svoju-besplatnu-sadnicu-bijelog-jasena\/","og_site_name":"TuzlaInfo.ba","article_publisher":"https:\/\/www.facebook.com\/tuzlainfo.ba\/","article_published_time":"2021-04-06T18:00:34+00:00","article_modified_time":"2021-04-06T13:04:21+00:00","og_image":[{"width":800,"height":565,"url":"https:\/\/tuzlainfo.ba\/wp-content\/uploads\/2021\/04\/Najavni-plakat-Posadi-svoj-hlad-Tuzla.png","type":"image\/png"}],"author":"admin2","twitter_card":"summary_large_image","twitter_misc":{"Written by":"admin2","Est. reading time":"2 minute"},"schema":{"@context":"https:\/\/schema.org","@graph":[{"@type":"Article","@id":"https:\/\/tuzlainfo.ba\/index.php\/novosti\/item\/134852-posadi-svoj-hlad-u-tuzli-preuzmite-svoju-besplatnu-sadnicu-bijelog-jasena\/#article","isPartOf":{"@id":"https:\/\/tuzlainfo.ba\/index.php\/novosti\/item\/134852-posadi-svoj-hlad-u-tuzli-preuzmite-svoju-besplatnu-sadnicu-bijelog-jasena\/"},"author":{"name":"admin2","@id":"https:\/\/tuzlainfo.ba\/#\/schema\/person\/f4ebe4fff27e68efb65fa7e18f8af372"},"headline":"Posadi svoj hlad u Tuzli: Preuzmite svoju besplatnu sadnicu bijelog jasena!","datePublished":"2021-04-06T18:00:34+00:00","dateModified":"2021-04-06T13:04:21+00:00","mainEntityOfPage":{"@id":"https:\/\/tuzlainfo.ba\/index.php\/novosti\/item\/134852-posadi-svoj-hlad-u-tuzli-preuzmite-svoju-besplatnu-sadnicu-bijelog-jasena\/"},"wordCount":379,"commentCount":0,"publisher":{"@id":"https:\/\/tuzlainfo.ba\/#organization"},"image":{"@id":"https:\/\/tuzlainfo.ba\/index.php\/novosti\/item\/134852-posadi-svoj-hlad-u-tuzli-preuzmite-svoju-besplatnu-sadnicu-bijelog-jasena\/#primaryimage"},"thumbnailUrl":"https:\/\/tuzlainfo.ba\/wp-content\/uploads\/2021\/04\/Najavni-plakat-Posadi-svoj-hlad-Tuzla.png","keywords":["lets do it"],"articleSection":["Novosti"],"inLanguage":"bs-BA"},{"@type":"WebPage","@id":"https:\/\/tuzlainfo.ba\/index.php\/novosti\/item\/134852-posadi-svoj-hlad-u-tuzli-preuzmite-svoju-besplatnu-sadnicu-bijelog-jasena\/","url":"https:\/\/tuzlainfo.ba\/index.php\/novosti\/item\/134852-posadi-svoj-hlad-u-tuzli-preuzmite-svoju-besplatnu-sadnicu-bijelog-jasena\/","name":"Posadi svoj hlad u Tuzli: Preuzmite svoju besplatnu sadnicu bijelog jasena! - TuzlaInfo.ba","isPartOf":{"@id":"https:\/\/tuzlainfo.ba\/#website"},"primaryImageOfPage":{"@id":"https:\/\/tuzlainfo.ba\/index.php\/novosti\/item\/134852-posadi-svoj-hlad-u-tuzli-preuzmite-svoju-besplatnu-sadnicu-bijelog-jasena\/#primaryimage"},"image":{"@id":"https:\/\/tuzlainfo.ba\/index.php\/novosti\/item\/134852-posadi-svoj-hlad-u-tuzli-preuzmite-svoju-besplatnu-sadnicu-bijelog-jasena\/#primaryimage"},"thumbnailUrl":"https:\/\/tuzlainfo.ba\/wp-content\/uploads\/2021\/04\/Najavni-plakat-Posadi-svoj-hlad-Tuzla.png","datePublished":"2021-04-06T18:00:34+00:00","dateModified":"2021-04-06T13:04:21+00:00","breadcrumb":{"@id":"https:\/\/tuzlainfo.ba\/index.php\/novosti\/item\/134852-posadi-svoj-hlad-u-tuzli-preuzmite-svoju-besplatnu-sadnicu-bijelog-jasena\/#breadcrumb"},"inLanguage":"bs-BA","potentialAction":[{"@type":"ReadAction","target":["https:\/\/tuzlainfo.ba\/index.php\/novosti\/item\/134852-posadi-svoj-hlad-u-tuzli-preuzmite-svoju-besplatnu-sadnicu-bijelog-jasena\/"]}]},{"@type":"ImageObject","inLanguage":"bs-BA","@id":"https:\/\/tuzlainfo.ba\/index.php\/novosti\/item\/134852-posadi-svoj-hlad-u-tuzli-preuzmite-svoju-besplatnu-sadnicu-bijelog-jasena\/#primaryimage","url":"https:\/\/tuzlainfo.ba\/wp-content\/uploads\/2021\/04\/Najavni-plakat-Posadi-svoj-hlad-Tuzla.png","contentUrl":"https:\/\/tuzlainfo.ba\/wp-content\/uploads\/2021\/04\/Najavni-plakat-Posadi-svoj-hlad-Tuzla.png","width":800,"height":565},{"@type":"BreadcrumbList","@id":"https:\/\/tuzlainfo.ba\/index.php\/novosti\/item\/134852-posadi-svoj-hlad-u-tuzli-preuzmite-svoju-besplatnu-sadnicu-bijelog-jasena\/#breadcrumb","itemListElement":[{"@type":"ListItem","position":1,"name":"Home","item":"https:\/\/tuzlainfo.ba\/"},{"@type":"ListItem","position":2,"name":"Posadi svoj hlad u Tuzli: Preuzmite svoju besplatnu sadnicu bijelog jasena!"}]},{"@type":"WebSite","@id":"https:\/\/tuzlainfo.ba\/#website","url":"https:\/\/tuzlainfo.ba\/","name":"TuzlaInfo.ba","description":"Tuzla info, gradski informator - Tuzla na dlanu","publisher":{"@id":"https:\/\/tuzlainfo.ba\/#organization"},"potentialAction":[{"@type":"SearchAction","target":{"@type":"EntryPoint","urlTemplate":"https:\/\/tuzlainfo.ba\/?s={search_term_string}"},"query-input":{"@type":"PropertyValueSpecification","valueRequired":true,"valueName":"search_term_string"}}],"inLanguage":"bs-BA"},{"@type":"Organization","@id":"https:\/\/tuzlainfo.ba\/#organization","name":"TuzlaInfo.ba","url":"https:\/\/tuzlainfo.ba\/","logo":{"@type":"ImageObject","inLanguage":"bs-BA","@id":"https:\/\/tuzlainfo.ba\/#\/schema\/logo\/image\/","url":"https:\/\/tuzlainfo.ba\/wp-content\/uploads\/2021\/03\/logo-ver-3-1.png","contentUrl":"https:\/\/tuzlainfo.ba\/wp-content\/uploads\/2021\/03\/logo-ver-3-1.png","width":350,"height":95,"caption":"TuzlaInfo.ba"},"image":{"@id":"https:\/\/tuzlainfo.ba\/#\/schema\/logo\/image\/"},"sameAs":["https:\/\/www.facebook.com\/tuzlainfo.ba\/"]},{"@type":"Person","@id":"https:\/\/tuzlainfo.ba\/#\/schema\/person\/f4ebe4fff27e68efb65fa7e18f8af372","name":"admin2","image":{"@type":"ImageObject","inLanguage":"bs-BA","@id":"https:\/\/tuzlainfo.ba\/#\/schema\/person\/image\/","url":"https:\/\/tuzlainfo.ba\/wp-content\/litespeed\/avatar\/8219eeb9a43cff2d096e773737736f62.jpg?ver=1776704580","contentUrl":"https:\/\/tuzlainfo.ba\/wp-content\/litespeed\/avatar\/8219eeb9a43cff2d096e773737736f62.jpg?ver=1776704580","caption":"admin2"},"description":"Tuzlainfo.ba pratite na dru\u0161tvenim mre\u017eama: Facebook, Instagram i Youtube. Svoje pri\u010de, upite i fotografije \u0161aljite na na\u0161u e-mail adresu.","sameAs":["admin"]}]}},"_links":{"self":[{"href":"https:\/\/tuzlainfo.ba\/index.php\/wp-json\/wp\/v2\/posts\/134852"}],"collection":[{"href":"https:\/\/tuzlainfo.ba\/index.php\/wp-json\/wp\/v2\/posts"}],"about":[{"href":"https:\/\/tuzlainfo.ba\/index.php\/wp-json\/wp\/v2\/types\/post"}],"author":[{"embeddable":true,"href":"https:\/\/tuzlainfo.ba\/index.php\/wp-json\/wp\/v2\/users\/3"}],"replies":[{"embeddable":true,"href":"https:\/\/tuzlainfo.ba\/index.php\/wp-json\/wp\/v2\/comments?post=134852"}],"version-history":[{"count":0,"href":"https:\/\/tuzlainfo.ba\/index.php\/wp-json\/wp\/v2\/posts\/134852\/revisions"}],"wp:featuredmedia":[{"embeddable":true,"href":"https:\/\/tuzlainfo.ba\/index.php\/wp-json\/wp\/v2\/media\/134853"}],"wp:attachment":[{"href":"https:\/\/tuzlainfo.ba\/index.php\/wp-json\/wp\/v2\/media?parent=134852"}],"wp:term":[{"taxonomy":"category","embeddable":true,"href":"https:\/\/tuzlainfo.ba\/index.php\/wp-json\/wp\/v2\/categories?post=134852"},{"taxonomy":"post_tag","embeddable":true,"href":"https:\/\/tuzlainfo.ba\/index.php\/wp-json\/wp\/v2\/tags?post=134852"}],"curies":[{"name":"wp","href":"https:\/\/api.w.org\/{rel}","templated":true}]}}