{"id":134845,"date":"2021-04-06T18:00:55","date_gmt":"2021-04-06T16:00:55","guid":{"rendered":"https:\/\/tuzlainfo.ba\/?p=134845"},"modified":"2021-04-06T14:49:11","modified_gmt":"2021-04-06T12:49:11","slug":"jkp-komunalac-tuzla-proljetna-akcija-odvoza-kabastog-otpada","status":"publish","type":"post","link":"https:\/\/tuzlainfo.ba\/index.php\/novosti\/item\/134845-jkp-komunalac-tuzla-proljetna-akcija-odvoza-kabastog-otpada\/","title":{"rendered":"JKP \u201eKomunalac\u201c Tuzla: Po\u010dinje proljetna akcija odvoza kabastog otpada"},"content":{"rendered":"<p>Iz godine u godinu, Javno komunalno preduze\u0107e \u201dKomunalac\u201d Tuzla organizuje proljetnu akciju odvoza krupnog i kabastog otpada. Pod krupnim i kabastim otpadom podrazumijevaju se predmeti koji po svojoj veli\u010dini, koli\u010dini i sastavu ne ulaze u kategoriju ku\u0107nog komunalnog otpada i to su uglavnom stari namje\u0161taj, dijelovi sanitarne opreme i sli\u010dno.<\/p>\n<p>Otpad \u0107e se odlagati za korisnike usluga u kolektivnom smje\u0161taju pored postavljenih kontejnera za komunalni otpad, a za individualni smje\u0161taj na mjesta gdje korisnici usluga uobi\u010dajeno ostavljaju svoje kante sa komunalnim otpadom, u dane redovnog odvoza istog.<\/p>\n<p><strong>Ovogodi\u0161nja akcija odvoza krupnog i kabastog otpada vr\u0161it \u0107e se od ponedjeljka 12. aprila do nedjelje 18. aprila, potvrdili su u JKP \u201cKomunalac\u201d Tuzla.<\/strong><\/p>\n<p>Iskopni materijal, gra\u0111evinski otpad, \u0161ut, \u0161ljaka, pepeo, ostaci vozila, te zeleni otpad ne svrstavaju se u krupni i kabasti otpad i kao takvi ne\u0107e biti prikupljani tokom ove akcije. Odvoz krupnog i kabastog otpada tokom trajanja akcije predvi\u0111en je do kraja sedmice odnosno 27. oktobra u vremenu od 8 do 14 sati.<\/p>\n","protected":false},"excerpt":{"rendered":"<p>Iz godine u godinu, Javno komunalno preduze\u0107e \u201dKomunalac\u201d Tuzla organizuje proljetnu akciju odvoza krupnog i&hellip;<\/p>\n","protected":false},"author":3,"featured_media":59134,"comment_status":"open","ping_status":"closed","sticky":false,"template":"","format":"standard","meta":{"_acf_changed":false,"footnotes":""},"categories":[304,12],"tags":[316],"acf":[],"yoast_head":"<!-- This site is optimized with the Yoast SEO plugin v23.5 - https:\/\/yoast.com\/wordpress\/plugins\/seo\/ -->\n<title>JKP \u201eKomunalac\u201c Tuzla: Po\u010dinje proljetna akcija odvoza kabastog otpada - TuzlaInfo.ba<\/title>\n<meta name=\"robots\" content=\"index, follow, max-snippet:-1, max-image-preview:large, max-video-preview:-1\" \/>\n<link rel=\"canonical\" href=\"https:\/\/tuzlainfo.ba\/index.php\/novosti\/item\/134845-jkp-komunalac-tuzla-proljetna-akcija-odvoza-kabastog-otpada\/\" \/>\n<meta property=\"og:locale\" content=\"bs_BA\" \/>\n<meta property=\"og:type\" content=\"article\" \/>\n<meta property=\"og:title\" content=\"JKP \u201eKomunalac\u201c Tuzla: Po\u010dinje proljetna akcija odvoza kabastog otpada - TuzlaInfo.ba\" \/>\n<meta property=\"og:description\" content=\"Iz godine u godinu, Javno komunalno preduze\u0107e \u201dKomunalac\u201d Tuzla organizuje proljetnu akciju odvoza krupnog i&hellip;\" \/>\n<meta property=\"og:url\" content=\"https:\/\/tuzlainfo.ba\/index.php\/novosti\/item\/134845-jkp-komunalac-tuzla-proljetna-akcija-odvoza-kabastog-otpada\/\" \/>\n<meta property=\"og:site_name\" content=\"TuzlaInfo.ba\" \/>\n<meta property=\"article:publisher\" content=\"https:\/\/www.facebook.com\/tuzlainfo.ba\/\" \/>\n<meta property=\"article:published_time\" content=\"2021-04-06T16:00:55+00:00\" \/>\n<meta property=\"article:modified_time\" content=\"2021-04-06T12:49:11+00:00\" \/>\n<meta property=\"og:image\" content=\"https:\/\/tuzlainfo.ba\/wp-content\/uploads\/2017\/11\/sadrzaj_2017_20171101_0211_otpad.jpg\" \/>\n\t<meta property=\"og:image:width\" content=\"770\" \/>\n\t<meta property=\"og:image:height\" content=\"577\" \/>\n\t<meta property=\"og:image:type\" content=\"image\/jpeg\" \/>\n<meta name=\"author\" content=\"admin2\" \/>\n<meta name=\"twitter:card\" content=\"summary_large_image\" \/>\n<meta name=\"twitter:label1\" content=\"Written by\" \/>\n\t<meta name=\"twitter:data1\" content=\"admin2\" \/>\n\t<meta name=\"twitter:label2\" content=\"Est. reading time\" \/>\n\t<meta name=\"twitter:data2\" content=\"1 minuta\" \/>\n<script type=\"application\/ld+json\" class=\"yoast-schema-graph\">{\"@context\":\"https:\/\/schema.org\",\"@graph\":[{\"@type\":\"Article\",\"@id\":\"https:\/\/tuzlainfo.ba\/index.php\/novosti\/item\/134845-jkp-komunalac-tuzla-proljetna-akcija-odvoza-kabastog-otpada\/#article\",\"isPartOf\":{\"@id\":\"https:\/\/tuzlainfo.ba\/index.php\/novosti\/item\/134845-jkp-komunalac-tuzla-proljetna-akcija-odvoza-kabastog-otpada\/\"},\"author\":{\"name\":\"admin2\",\"@id\":\"https:\/\/tuzlainfo.ba\/#\/schema\/person\/f4ebe4fff27e68efb65fa7e18f8af372\"},\"headline\":\"JKP \u201eKomunalac\u201c Tuzla: Po\u010dinje proljetna akcija odvoza kabastog otpada\",\"datePublished\":\"2021-04-06T16:00:55+00:00\",\"dateModified\":\"2021-04-06T12:49:11+00:00\",\"mainEntityOfPage\":{\"@id\":\"https:\/\/tuzlainfo.ba\/index.php\/novosti\/item\/134845-jkp-komunalac-tuzla-proljetna-akcija-odvoza-kabastog-otpada\/\"},\"wordCount\":182,\"commentCount\":0,\"publisher\":{\"@id\":\"https:\/\/tuzlainfo.ba\/#organization\"},\"image\":{\"@id\":\"https:\/\/tuzlainfo.ba\/index.php\/novosti\/item\/134845-jkp-komunalac-tuzla-proljetna-akcija-odvoza-kabastog-otpada\/#primaryimage\"},\"thumbnailUrl\":\"https:\/\/tuzlainfo.ba\/wp-content\/uploads\/2017\/11\/sadrzaj_2017_20171101_0211_otpad.jpg\",\"keywords\":[\"otpad\"],\"articleSection\":[\"Istaknuto\",\"Novosti\"],\"inLanguage\":\"bs-BA\"},{\"@type\":\"WebPage\",\"@id\":\"https:\/\/tuzlainfo.ba\/index.php\/novosti\/item\/134845-jkp-komunalac-tuzla-proljetna-akcija-odvoza-kabastog-otpada\/\",\"url\":\"https:\/\/tuzlainfo.ba\/index.php\/novosti\/item\/134845-jkp-komunalac-tuzla-proljetna-akcija-odvoza-kabastog-otpada\/\",\"name\":\"JKP \u201eKomunalac\u201c Tuzla: Po\u010dinje proljetna akcija odvoza kabastog otpada - TuzlaInfo.ba\",\"isPartOf\":{\"@id\":\"https:\/\/tuzlainfo.ba\/#website\"},\"primaryImageOfPage\":{\"@id\":\"https:\/\/tuzlainfo.ba\/index.php\/novosti\/item\/134845-jkp-komunalac-tuzla-proljetna-akcija-odvoza-kabastog-otpada\/#primaryimage\"},\"image\":{\"@id\":\"https:\/\/tuzlainfo.ba\/index.php\/novosti\/item\/134845-jkp-komunalac-tuzla-proljetna-akcija-odvoza-kabastog-otpada\/#primaryimage\"},\"thumbnailUrl\":\"https:\/\/tuzlainfo.ba\/wp-content\/uploads\/2017\/11\/sadrzaj_2017_20171101_0211_otpad.jpg\",\"datePublished\":\"2021-04-06T16:00:55+00:00\",\"dateModified\":\"2021-04-06T12:49:11+00:00\",\"breadcrumb\":{\"@id\":\"https:\/\/tuzlainfo.ba\/index.php\/novosti\/item\/134845-jkp-komunalac-tuzla-proljetna-akcija-odvoza-kabastog-otpada\/#breadcrumb\"},\"inLanguage\":\"bs-BA\",\"potentialAction\":[{\"@type\":\"ReadAction\",\"target\":[\"https:\/\/tuzlainfo.ba\/index.php\/novosti\/item\/134845-jkp-komunalac-tuzla-proljetna-akcija-odvoza-kabastog-otpada\/\"]}]},{\"@type\":\"ImageObject\",\"inLanguage\":\"bs-BA\",\"@id\":\"https:\/\/tuzlainfo.ba\/index.php\/novosti\/item\/134845-jkp-komunalac-tuzla-proljetna-akcija-odvoza-kabastog-otpada\/#primaryimage\",\"url\":\"https:\/\/tuzlainfo.ba\/wp-content\/uploads\/2017\/11\/sadrzaj_2017_20171101_0211_otpad.jpg\",\"contentUrl\":\"https:\/\/tuzlainfo.ba\/wp-content\/uploads\/2017\/11\/sadrzaj_2017_20171101_0211_otpad.jpg\",\"width\":770,\"height\":577,\"caption\":\"0211 otpad\"},{\"@type\":\"BreadcrumbList\",\"@id\":\"https:\/\/tuzlainfo.ba\/index.php\/novosti\/item\/134845-jkp-komunalac-tuzla-proljetna-akcija-odvoza-kabastog-otpada\/#breadcrumb\",\"itemListElement\":[{\"@type\":\"ListItem\",\"position\":1,\"name\":\"Home\",\"item\":\"https:\/\/tuzlainfo.ba\/\"},{\"@type\":\"ListItem\",\"position\":2,\"name\":\"JKP \u201eKomunalac\u201c Tuzla: Po\u010dinje proljetna akcija odvoza kabastog otpada\"}]},{\"@type\":\"WebSite\",\"@id\":\"https:\/\/tuzlainfo.ba\/#website\",\"url\":\"https:\/\/tuzlainfo.ba\/\",\"name\":\"TuzlaInfo.ba\",\"description\":\"Tuzla info, gradski informator - Tuzla na dlanu\",\"publisher\":{\"@id\":\"https:\/\/tuzlainfo.ba\/#organization\"},\"potentialAction\":[{\"@type\":\"SearchAction\",\"target\":{\"@type\":\"EntryPoint\",\"urlTemplate\":\"https:\/\/tuzlainfo.ba\/?s={search_term_string}\"},\"query-input\":{\"@type\":\"PropertyValueSpecification\",\"valueRequired\":true,\"valueName\":\"search_term_string\"}}],\"inLanguage\":\"bs-BA\"},{\"@type\":\"Organization\",\"@id\":\"https:\/\/tuzlainfo.ba\/#organization\",\"name\":\"TuzlaInfo.ba\",\"url\":\"https:\/\/tuzlainfo.ba\/\",\"logo\":{\"@type\":\"ImageObject\",\"inLanguage\":\"bs-BA\",\"@id\":\"https:\/\/tuzlainfo.ba\/#\/schema\/logo\/image\/\",\"url\":\"https:\/\/tuzlainfo.ba\/wp-content\/uploads\/2021\/03\/logo-ver-3-1.png\",\"contentUrl\":\"https:\/\/tuzlainfo.ba\/wp-content\/uploads\/2021\/03\/logo-ver-3-1.png\",\"width\":350,\"height\":95,\"caption\":\"TuzlaInfo.ba\"},\"image\":{\"@id\":\"https:\/\/tuzlainfo.ba\/#\/schema\/logo\/image\/\"},\"sameAs\":[\"https:\/\/www.facebook.com\/tuzlainfo.ba\/\"]},{\"@type\":\"Person\",\"@id\":\"https:\/\/tuzlainfo.ba\/#\/schema\/person\/f4ebe4fff27e68efb65fa7e18f8af372\",\"name\":\"admin2\",\"image\":{\"@type\":\"ImageObject\",\"inLanguage\":\"bs-BA\",\"@id\":\"https:\/\/tuzlainfo.ba\/#\/schema\/person\/image\/\",\"url\":\"https:\/\/tuzlainfo.ba\/wp-content\/litespeed\/avatar\/8219eeb9a43cff2d096e773737736f62.jpg?ver=1777309398\",\"contentUrl\":\"https:\/\/tuzlainfo.ba\/wp-content\/litespeed\/avatar\/8219eeb9a43cff2d096e773737736f62.jpg?ver=1777309398\",\"caption\":\"admin2\"},\"description\":\"Tuzlainfo.ba pratite na dru\u0161tvenim mre\u017eama: Facebook, Instagram i Youtube. Svoje pri\u010de, upite i fotografije \u0161aljite na na\u0161u e-mail adresu.\",\"sameAs\":[\"admin\"]}]}<\/script>\n<!-- \/ Yoast SEO plugin. -->","yoast_head_json":{"title":"JKP \u201eKomunalac\u201c Tuzla: Po\u010dinje proljetna akcija odvoza kabastog otpada - TuzlaInfo.ba","robots":{"index":"index","follow":"follow","max-snippet":"max-snippet:-1","max-image-preview":"max-image-preview:large","max-video-preview":"max-video-preview:-1"},"canonical":"https:\/\/tuzlainfo.ba\/index.php\/novosti\/item\/134845-jkp-komunalac-tuzla-proljetna-akcija-odvoza-kabastog-otpada\/","og_locale":"bs_BA","og_type":"article","og_title":"JKP \u201eKomunalac\u201c Tuzla: Po\u010dinje proljetna akcija odvoza kabastog otpada - TuzlaInfo.ba","og_description":"Iz godine u godinu, Javno komunalno preduze\u0107e \u201dKomunalac\u201d Tuzla organizuje proljetnu akciju odvoza krupnog i&hellip;","og_url":"https:\/\/tuzlainfo.ba\/index.php\/novosti\/item\/134845-jkp-komunalac-tuzla-proljetna-akcija-odvoza-kabastog-otpada\/","og_site_name":"TuzlaInfo.ba","article_publisher":"https:\/\/www.facebook.com\/tuzlainfo.ba\/","article_published_time":"2021-04-06T16:00:55+00:00","article_modified_time":"2021-04-06T12:49:11+00:00","og_image":[{"width":770,"height":577,"url":"https:\/\/tuzlainfo.ba\/wp-content\/uploads\/2017\/11\/sadrzaj_2017_20171101_0211_otpad.jpg","type":"image\/jpeg"}],"author":"admin2","twitter_card":"summary_large_image","twitter_misc":{"Written by":"admin2","Est. reading time":"1 minuta"},"schema":{"@context":"https:\/\/schema.org","@graph":[{"@type":"Article","@id":"https:\/\/tuzlainfo.ba\/index.php\/novosti\/item\/134845-jkp-komunalac-tuzla-proljetna-akcija-odvoza-kabastog-otpada\/#article","isPartOf":{"@id":"https:\/\/tuzlainfo.ba\/index.php\/novosti\/item\/134845-jkp-komunalac-tuzla-proljetna-akcija-odvoza-kabastog-otpada\/"},"author":{"name":"admin2","@id":"https:\/\/tuzlainfo.ba\/#\/schema\/person\/f4ebe4fff27e68efb65fa7e18f8af372"},"headline":"JKP \u201eKomunalac\u201c Tuzla: Po\u010dinje proljetna akcija odvoza kabastog otpada","datePublished":"2021-04-06T16:00:55+00:00","dateModified":"2021-04-06T12:49:11+00:00","mainEntityOfPage":{"@id":"https:\/\/tuzlainfo.ba\/index.php\/novosti\/item\/134845-jkp-komunalac-tuzla-proljetna-akcija-odvoza-kabastog-otpada\/"},"wordCount":182,"commentCount":0,"publisher":{"@id":"https:\/\/tuzlainfo.ba\/#organization"},"image":{"@id":"https:\/\/tuzlainfo.ba\/index.php\/novosti\/item\/134845-jkp-komunalac-tuzla-proljetna-akcija-odvoza-kabastog-otpada\/#primaryimage"},"thumbnailUrl":"https:\/\/tuzlainfo.ba\/wp-content\/uploads\/2017\/11\/sadrzaj_2017_20171101_0211_otpad.jpg","keywords":["otpad"],"articleSection":["Istaknuto","Novosti"],"inLanguage":"bs-BA"},{"@type":"WebPage","@id":"https:\/\/tuzlainfo.ba\/index.php\/novosti\/item\/134845-jkp-komunalac-tuzla-proljetna-akcija-odvoza-kabastog-otpada\/","url":"https:\/\/tuzlainfo.ba\/index.php\/novosti\/item\/134845-jkp-komunalac-tuzla-proljetna-akcija-odvoza-kabastog-otpada\/","name":"JKP \u201eKomunalac\u201c Tuzla: Po\u010dinje proljetna akcija odvoza kabastog otpada - TuzlaInfo.ba","isPartOf":{"@id":"https:\/\/tuzlainfo.ba\/#website"},"primaryImageOfPage":{"@id":"https:\/\/tuzlainfo.ba\/index.php\/novosti\/item\/134845-jkp-komunalac-tuzla-proljetna-akcija-odvoza-kabastog-otpada\/#primaryimage"},"image":{"@id":"https:\/\/tuzlainfo.ba\/index.php\/novosti\/item\/134845-jkp-komunalac-tuzla-proljetna-akcija-odvoza-kabastog-otpada\/#primaryimage"},"thumbnailUrl":"https:\/\/tuzlainfo.ba\/wp-content\/uploads\/2017\/11\/sadrzaj_2017_20171101_0211_otpad.jpg","datePublished":"2021-04-06T16:00:55+00:00","dateModified":"2021-04-06T12:49:11+00:00","breadcrumb":{"@id":"https:\/\/tuzlainfo.ba\/index.php\/novosti\/item\/134845-jkp-komunalac-tuzla-proljetna-akcija-odvoza-kabastog-otpada\/#breadcrumb"},"inLanguage":"bs-BA","potentialAction":[{"@type":"ReadAction","target":["https:\/\/tuzlainfo.ba\/index.php\/novosti\/item\/134845-jkp-komunalac-tuzla-proljetna-akcija-odvoza-kabastog-otpada\/"]}]},{"@type":"ImageObject","inLanguage":"bs-BA","@id":"https:\/\/tuzlainfo.ba\/index.php\/novosti\/item\/134845-jkp-komunalac-tuzla-proljetna-akcija-odvoza-kabastog-otpada\/#primaryimage","url":"https:\/\/tuzlainfo.ba\/wp-content\/uploads\/2017\/11\/sadrzaj_2017_20171101_0211_otpad.jpg","contentUrl":"https:\/\/tuzlainfo.ba\/wp-content\/uploads\/2017\/11\/sadrzaj_2017_20171101_0211_otpad.jpg","width":770,"height":577,"caption":"0211 otpad"},{"@type":"BreadcrumbList","@id":"https:\/\/tuzlainfo.ba\/index.php\/novosti\/item\/134845-jkp-komunalac-tuzla-proljetna-akcija-odvoza-kabastog-otpada\/#breadcrumb","itemListElement":[{"@type":"ListItem","position":1,"name":"Home","item":"https:\/\/tuzlainfo.ba\/"},{"@type":"ListItem","position":2,"name":"JKP \u201eKomunalac\u201c Tuzla: Po\u010dinje proljetna akcija odvoza kabastog otpada"}]},{"@type":"WebSite","@id":"https:\/\/tuzlainfo.ba\/#website","url":"https:\/\/tuzlainfo.ba\/","name":"TuzlaInfo.ba","description":"Tuzla info, gradski informator - Tuzla na dlanu","publisher":{"@id":"https:\/\/tuzlainfo.ba\/#organization"},"potentialAction":[{"@type":"SearchAction","target":{"@type":"EntryPoint","urlTemplate":"https:\/\/tuzlainfo.ba\/?s={search_term_string}"},"query-input":{"@type":"PropertyValueSpecification","valueRequired":true,"valueName":"search_term_string"}}],"inLanguage":"bs-BA"},{"@type":"Organization","@id":"https:\/\/tuzlainfo.ba\/#organization","name":"TuzlaInfo.ba","url":"https:\/\/tuzlainfo.ba\/","logo":{"@type":"ImageObject","inLanguage":"bs-BA","@id":"https:\/\/tuzlainfo.ba\/#\/schema\/logo\/image\/","url":"https:\/\/tuzlainfo.ba\/wp-content\/uploads\/2021\/03\/logo-ver-3-1.png","contentUrl":"https:\/\/tuzlainfo.ba\/wp-content\/uploads\/2021\/03\/logo-ver-3-1.png","width":350,"height":95,"caption":"TuzlaInfo.ba"},"image":{"@id":"https:\/\/tuzlainfo.ba\/#\/schema\/logo\/image\/"},"sameAs":["https:\/\/www.facebook.com\/tuzlainfo.ba\/"]},{"@type":"Person","@id":"https:\/\/tuzlainfo.ba\/#\/schema\/person\/f4ebe4fff27e68efb65fa7e18f8af372","name":"admin2","image":{"@type":"ImageObject","inLanguage":"bs-BA","@id":"https:\/\/tuzlainfo.ba\/#\/schema\/person\/image\/","url":"https:\/\/tuzlainfo.ba\/wp-content\/litespeed\/avatar\/8219eeb9a43cff2d096e773737736f62.jpg?ver=1777309398","contentUrl":"https:\/\/tuzlainfo.ba\/wp-content\/litespeed\/avatar\/8219eeb9a43cff2d096e773737736f62.jpg?ver=1777309398","caption":"admin2"},"description":"Tuzlainfo.ba pratite na dru\u0161tvenim mre\u017eama: Facebook, Instagram i Youtube. Svoje pri\u010de, upite i fotografije \u0161aljite na na\u0161u e-mail adresu.","sameAs":["admin"]}]}},"_links":{"self":[{"href":"https:\/\/tuzlainfo.ba\/index.php\/wp-json\/wp\/v2\/posts\/134845"}],"collection":[{"href":"https:\/\/tuzlainfo.ba\/index.php\/wp-json\/wp\/v2\/posts"}],"about":[{"href":"https:\/\/tuzlainfo.ba\/index.php\/wp-json\/wp\/v2\/types\/post"}],"author":[{"embeddable":true,"href":"https:\/\/tuzlainfo.ba\/index.php\/wp-json\/wp\/v2\/users\/3"}],"replies":[{"embeddable":true,"href":"https:\/\/tuzlainfo.ba\/index.php\/wp-json\/wp\/v2\/comments?post=134845"}],"version-history":[{"count":0,"href":"https:\/\/tuzlainfo.ba\/index.php\/wp-json\/wp\/v2\/posts\/134845\/revisions"}],"wp:featuredmedia":[{"embeddable":true,"href":"https:\/\/tuzlainfo.ba\/index.php\/wp-json\/wp\/v2\/media\/59134"}],"wp:attachment":[{"href":"https:\/\/tuzlainfo.ba\/index.php\/wp-json\/wp\/v2\/media?parent=134845"}],"wp:term":[{"taxonomy":"category","embeddable":true,"href":"https:\/\/tuzlainfo.ba\/index.php\/wp-json\/wp\/v2\/categories?post=134845"},{"taxonomy":"post_tag","embeddable":true,"href":"https:\/\/tuzlainfo.ba\/index.php\/wp-json\/wp\/v2\/tags?post=134845"}],"curies":[{"name":"wp","href":"https:\/\/api.w.org\/{rel}","templated":true}]}}